{"id":67299,"date":"2023-09-01T15:43:08","date_gmt":"2023-09-01T12:43:08","guid":{"rendered":"https:\/\/www.imobiliare.ro\/imoexpert\/?p=67299"},"modified":"2023-09-01T15:43:08","modified_gmt":"2023-09-01T12:43:08","slug":"daca-vrei-o-locuinta-aici-ar-fi-bine-sa-te-grabesti-gradul-de-contractare-a-ajuns-la-98-in-prima-jumatate-a-anului","status":"publish","type":"post","link":"https:\/\/www.imobiliare.ro\/imoexpert\/daca-vrei-o-locuinta-aici-ar-fi-bine-sa-te-grabesti-gradul-de-contractare-a-ajuns-la-98-in-prima-jumatate-a-anului_db\/","title":{"rendered":"Dac\u0103 vrei o locuin\u021b\u0103 aici, ar fi bine s\u0103 te gr\u0103be\u0219ti. Gradul de contractare a ajuns la 98% \u00een prima jum\u0103tate a anului"},"content":{"rendered":"\n<figure class=\"wp-block-image size-full\"><img loading=\"lazy\" decoding=\"async\" width=\"1024\" height=\"597\" src=\"https:\/\/www.imobiliare.ro\/imoexpert\/wp-content\/uploads\/2023\/09\/greenfield-baneasa.jpg\" alt=\"\" class=\"wp-image-67300\" srcset=\"https:\/\/www.imobiliare.ro\/imoexpert\/wp-content\/uploads\/2023\/09\/greenfield-baneasa.jpg 1024w, https:\/\/www.imobiliare.ro\/imoexpert\/wp-content\/uploads\/2023\/09\/greenfield-baneasa-300x175.jpg 300w, https:\/\/www.imobiliare.ro\/imoexpert\/wp-content\/uploads\/2023\/09\/greenfield-baneasa-768x448.jpg 768w\" sizes=\"auto, (max-width: 1024px) 100vw, 1024px\" \/><\/figure>\n\n\n\n<p><strong>\u00cen ansamblul <a class=\"article-body-links\"href=\"https:\/\/www.imobiliare.ro\/ansambluri-rezidentiale\/bucuresti\/greenfield-baneasa-residence-bucuresti-125\" target=\"_blank\" rel=\"noreferrer noopener\">Greenfield B\u0103neasa<\/a>, aflat \u00een continu\u0103 dezvoltate \u00een zona de nord a Capitalei \u00eenc\u0103 din anul 2007, gradul de contractare a ajuns \u00een prima jum\u0103tate a acestui an la 98%.<\/strong><\/p>\n\n\n\n<p>Tot \u00een aceast\u0103 perioad\u0103, \u00een cadrul proiectului a fost demarat\u0103 o nou\u0103 faz\u0103 cu 250 de locuin\u021be, fapt care ridic\u0103 num\u0103rul unit\u0103\u021bilor din portofoliul dezvoltatorului Impact Developer &amp; Contractor la un total de 982 acestea afl\u00e2ndu-se \u00een diverse stadii de contruc\u021bie. <\/p>\n\n\n\n<figure class=\"wp-block-image size-full\"><img loading=\"lazy\" decoding=\"async\" width=\"800\" height=\"600\" src=\"https:\/\/www.imobiliare.ro\/imoexpert\/wp-content\/uploads\/2020\/11\/Impact-avans-de-35-al-veniturilor-din-vanzari-in-primele-noua-luni-din-2020-Greenfield-Baneasa.jpg\" alt=\"\" class=\"wp-image-61121\" srcset=\"https:\/\/www.imobiliare.ro\/imoexpert\/wp-content\/uploads\/2020\/11\/Impact-avans-de-35-al-veniturilor-din-vanzari-in-primele-noua-luni-din-2020-Greenfield-Baneasa.jpg 800w, https:\/\/www.imobiliare.ro\/imoexpert\/wp-content\/uploads\/2020\/11\/Impact-avans-de-35-al-veniturilor-din-vanzari-in-primele-noua-luni-din-2020-Greenfield-Baneasa-300x225.jpg 300w, https:\/\/www.imobiliare.ro\/imoexpert\/wp-content\/uploads\/2020\/11\/Impact-avans-de-35-al-veniturilor-din-vanzari-in-primele-noua-luni-din-2020-Greenfield-Baneasa-768x576.jpg 768w\" sizes=\"auto, (max-width: 800px) 100vw, 800px\" \/><figcaption class=\"wp-element-caption\">Proiectul Greenfield B\u0103neasa din nordul Capitalei<\/figcaption><\/figure>\n\n\n\n<p>Un alt ansamblu reziden\u021bial dezvoltat de companie de aceast\u0103 dat\u0103 \u00eentre Bulevardul Expozi\u021biei \u0219i Strada Aviator Popi\u0219teanu din sectorul 1, <a class=\"article-body-links\"href=\"https:\/\/www.imobiliare.ro\/ansambluri-rezidentiale\/bucuresti\/luxuria-residence-bucuresti-1646\" target=\"_blank\" rel=\"noreferrer noopener\">Luxuria Residence<\/a>, avea la sf\u00e2r\u0219itul lunii iunie 80% dintre apartamente contractate.<\/p>\n\n\n\n<figure class=\"wp-block-image size-full\"><img loading=\"lazy\" decoding=\"async\" width=\"800\" height=\"526\" src=\"https:\/\/www.imobiliare.ro\/imoexpert\/wp-content\/uploads\/2020\/11\/Luxuria-residence-spatii-verzi-3.jpg\" alt=\"\" class=\"wp-image-61037\" srcset=\"https:\/\/www.imobiliare.ro\/imoexpert\/wp-content\/uploads\/2020\/11\/Luxuria-residence-spatii-verzi-3.jpg 800w, https:\/\/www.imobiliare.ro\/imoexpert\/wp-content\/uploads\/2020\/11\/Luxuria-residence-spatii-verzi-3-300x197.jpg 300w, https:\/\/www.imobiliare.ro\/imoexpert\/wp-content\/uploads\/2020\/11\/Luxuria-residence-spatii-verzi-3-768x505.jpg 768w\" sizes=\"auto, (max-width: 800px) 100vw, 800px\" \/><figcaption class=\"wp-element-caption\">Ansamblul reziden\u021bial Luxuria Residence din Bucure\u0219ti<\/figcaption><\/figure>\n\n\n\n<p>\u00cen total, \u00een \u0219ase luni, 403 unit\u0103\u021bi au fost pre-v\u00e2ndute \u0219i rezervate \u00een cadrul proiectelor dezvoltatorului din Bucure\u0219ti \u0219i din \u021bar\u0103. Vorbim aici inclusiv de ansamblul <a class=\"article-body-links\"href=\"https:\/\/www.imobiliare.ro\/ansambluri-rezidentiale\/constanta?q=Boreal+Plus\" target=\"_blank\" rel=\"noreferrer noopener\">Boreal Plus <\/a>din Constan\u021ba \u0219i de Greenfield Copou din Ia\u0219i, care \u00ee\u0219i propune s\u0103 devin\u0103 unul dintre cele mai mari ansambluri reziden\u021biale sustenabile din zona Moldovei.<\/p>\n\n\n\n<figure class=\"wp-block-image size-large\"><img loading=\"lazy\" decoding=\"async\" width=\"1024\" height=\"576\" src=\"https:\/\/www.imobiliare.ro\/imoexpert\/wp-content\/uploads\/2023\/09\/Greenfield-Copou-Iasi-02-1024x576.jpg\" alt=\"\" class=\"wp-image-67301\" srcset=\"https:\/\/www.imobiliare.ro\/imoexpert\/wp-content\/uploads\/2023\/09\/Greenfield-Copou-Iasi-02-1024x576.jpg 1024w, https:\/\/www.imobiliare.ro\/imoexpert\/wp-content\/uploads\/2023\/09\/Greenfield-Copou-Iasi-02-300x169.jpg 300w, https:\/\/www.imobiliare.ro\/imoexpert\/wp-content\/uploads\/2023\/09\/Greenfield-Copou-Iasi-02-768x432.jpg 768w, https:\/\/www.imobiliare.ro\/imoexpert\/wp-content\/uploads\/2023\/09\/Greenfield-Copou-Iasi-02.jpg 1440w\" sizes=\"auto, (max-width: 1024px) 100vw, 1024px\" \/><figcaption class=\"wp-element-caption\">Proiectul Greenfield Copou din Ia\u0219i<\/figcaption><\/figure>\n\n\n\n<p>Valoarea lor total\u0103 este de circa 46,2 milioane de euro. Aceste contracte se vor transforma \u00een urm\u0103toarea perioad\u0103 \u00een v\u00e2nz\u0103ri pe m\u0103sur\u0103 ce apartamentele vor fi livrate.<\/p>\n\n\n\n<p>De men\u021bionat este \u0219i faptul c\u0103 cei de la Impact Developer &amp; Contractor inten\u021bioneaz\u0103 s\u0103 \u00eenceap\u0103 construc\u021bia la 649 de locuin\u021be \u00een 2024. Recent, ace\u0219tia au ob\u021binut \u0219i certificatul de urbanism pentru Aria Verdi, un proiect care ar urma s\u0103 includ\u0103 peste 850 de locuin\u021be ce va fi construit \u00een zona Bulevardului Barbu V\u0103c\u0103rescu din Bucure\u0219ti.<\/p>\n","protected":false},"excerpt":{"rendered":"<p>\u00cen ansamblul Greenfield B\u0103neasa, aflat \u00een continu\u0103 dezvoltate \u00een zona de nord a Capitalei \u00eenc\u0103 din anul 2007, gradul de contractare a ajuns \u00een prima jum\u0103tate a acestui an la 98%. Tot \u00een aceast\u0103 perioad\u0103, \u00een cadrul proiectului a fost demarat\u0103 o nou\u0103 faz\u0103 cu 250 de locuin\u021be, fapt care ridic\u0103 num\u0103rul unit\u0103\u021bilor din portofoliul [&hellip;]<\/p>\n","protected":false},"author":5891,"featured_media":67300,"comment_status":"open","ping_status":"open","sticky":true,"template":"","format":"standard","meta":{"footnotes":""},"categories":[259],"tags":[333,866,2048,1849,2000],"content_author":[],"class_list":["post-67299","post","type-post","status-publish","format-standard","has-post-thumbnail","hentry","category-stiri","tag-ansambluri-rezidentiale","tag-greenfield","tag-greenfield-copou","tag-impact-developer-contractor","tag-luxuria-residence"],"yoast_head":"<!-- This site is optimized with the Yoast SEO Premium plugin v27.0 (Yoast SEO v27.0) - https:\/\/yoast.com\/product\/yoast-seo-premium-wordpress\/ -->\n<title>Dac\u0103 vrei o locuin\u021b\u0103 aici, ar fi bine s\u0103 te gr\u0103be\u0219ti. Gradul de contractare a ajuns la 98% \u00een prima jum\u0103tate a anului - \u0218tiri - ImoExpert<\/title>\n<meta name=\"description\" content=\"\u00cen ansamblul Greenfield B\u0103neasa, aflat \u00een continu\u0103 dezvoltate \u00een zona de nord a Capitalei \u00eenc\u0103 din anul 2007, gradul de contractare a ajuns \u00een prima\" \/>\n<meta name=\"robots\" content=\"index, follow\" \/>\n<link rel=\"canonical\" href=\"https:\/\/www.imobiliare.ro\/imoexpert\/daca-vrei-o-locuinta-aici-ar-fi-bine-sa-te-grabesti-gradul-de-contractare-a-ajuns-la-98-in-prima-jumatate-a-anului_db\/\" \/>\n<meta property=\"og:locale\" content=\"ro_RO\" \/>\n<meta property=\"og:type\" content=\"article\" \/>\n<meta property=\"og:title\" content=\"Dac\u0103 vrei o locuin\u021b\u0103 aici, ar fi bine s\u0103 te gr\u0103be\u0219ti. Gradul de contractare a ajuns la 98% \u00een prima jum\u0103tate a anului\" \/>\n<meta property=\"og:description\" content=\"\u00cen ansamblul Greenfield B\u0103neasa, aflat \u00een continu\u0103 dezvoltate \u00een zona de nord a Capitalei \u00eenc\u0103 din anul 2007, gradul de contractare a ajuns \u00een prima\" \/>\n<meta property=\"og:url\" content=\"https:\/\/www.imobiliare.ro\/imoexpert\/daca-vrei-o-locuinta-aici-ar-fi-bine-sa-te-grabesti-gradul-de-contractare-a-ajuns-la-98-in-prima-jumatate-a-anului_db\/\" \/>\n<meta property=\"og:site_name\" content=\"ImoExpert\" \/>\n<meta property=\"article:published_time\" content=\"2023-09-01T12:43:08+00:00\" \/>\n<meta property=\"og:image\" content=\"https:\/\/www.imobiliare.ro\/imoexpert\/wp-content\/uploads\/2023\/09\/greenfield-baneasa.jpg\" \/>\n\t<meta property=\"og:image:width\" content=\"1024\" \/>\n\t<meta property=\"og:image:height\" content=\"597\" \/>\n\t<meta property=\"og:image:type\" content=\"image\/jpeg\" \/>\n<meta name=\"author\" content=\"Corina V\u00e2rlan\" \/>\n<meta name=\"twitter:card\" content=\"summary_large_image\" \/>\n<meta name=\"twitter:label1\" content=\"Written by\" \/>\n\t<meta name=\"twitter:data1\" content=\"Corina V\u00e2rlan\" \/>\n\t<meta name=\"twitter:label2\" content=\"Est. reading time\" \/>\n\t<meta name=\"twitter:data2\" content=\"2 minute\" \/>\n<script type=\"application\/ld+json\" class=\"yoast-schema-graph\">{\"@context\":\"https:\/\/schema.org\",\"@graph\":[{\"@type\":\"Article\",\"@id\":\"https:\/\/www.imobiliare.ro\/imoexpert\/daca-vrei-o-locuinta-aici-ar-fi-bine-sa-te-grabesti-gradul-de-contractare-a-ajuns-la-98-in-prima-jumatate-a-anului_db\/#article\",\"isPartOf\":{\"@id\":\"https:\/\/www.imobiliare.ro\/imoexpert\/daca-vrei-o-locuinta-aici-ar-fi-bine-sa-te-grabesti-gradul-de-contractare-a-ajuns-la-98-in-prima-jumatate-a-anului_db\/\"},\"author\":{\"name\":\"Corina V\u00e2rlan\",\"@id\":\"https:\/\/www.imobiliare.ro\/imoexpert\/#\/schema\/person\/9ffdfbf24b82f39fc75a2fc6c19e4e99\"},\"headline\":\"Dac\u0103 vrei o locuin\u021b\u0103 aici, ar fi bine s\u0103 te gr\u0103be\u0219ti. Gradul de contractare a ajuns la 98% \u00een prima jum\u0103tate a anului\",\"datePublished\":\"2023-09-01T12:43:08+00:00\",\"mainEntityOfPage\":{\"@id\":\"https:\/\/www.imobiliare.ro\/imoexpert\/daca-vrei-o-locuinta-aici-ar-fi-bine-sa-te-grabesti-gradul-de-contractare-a-ajuns-la-98-in-prima-jumatate-a-anului_db\/\"},\"wordCount\":305,\"commentCount\":0,\"publisher\":{\"@id\":\"https:\/\/www.imobiliare.ro\/imoexpert\/#organization\"},\"image\":{\"@id\":\"https:\/\/www.imobiliare.ro\/imoexpert\/daca-vrei-o-locuinta-aici-ar-fi-bine-sa-te-grabesti-gradul-de-contractare-a-ajuns-la-98-in-prima-jumatate-a-anului_db\/#primaryimage\"},\"thumbnailUrl\":\"https:\/\/www.imobiliare.ro\/imoexpert\/wp-content\/uploads\/2023\/09\/greenfield-baneasa.jpg\",\"keywords\":[\"Ansambluri rezidentiale\",\"Greenfield\",\"Greenfield Copou\",\"Impact Developer &amp; Contractor\",\"Luxuria Residence\"],\"articleSection\":[\"\u0218tiri\"],\"inLanguage\":\"en\",\"potentialAction\":[{\"@type\":\"CommentAction\",\"name\":\"Comment\",\"target\":[\"https:\/\/www.imobiliare.ro\/imoexpert\/daca-vrei-o-locuinta-aici-ar-fi-bine-sa-te-grabesti-gradul-de-contractare-a-ajuns-la-98-in-prima-jumatate-a-anului_db\/#respond\"]}],\"copyrightYear\":\"2023\",\"copyrightHolder\":{\"@id\":\"https:\/\/www.imobiliare.ro\/imoexpert\/#organization\"}},{\"@type\":\"WebPage\",\"@id\":\"https:\/\/www.imobiliare.ro\/imoexpert\/daca-vrei-o-locuinta-aici-ar-fi-bine-sa-te-grabesti-gradul-de-contractare-a-ajuns-la-98-in-prima-jumatate-a-anului_db\/\",\"url\":\"https:\/\/www.imobiliare.ro\/imoexpert\/daca-vrei-o-locuinta-aici-ar-fi-bine-sa-te-grabesti-gradul-de-contractare-a-ajuns-la-98-in-prima-jumatate-a-anului_db\/\",\"name\":\"Dac\u0103 vrei o locuin\u021b\u0103 aici, ar fi bine s\u0103 te gr\u0103be\u0219ti. Gradul de contractare a ajuns la 98% \u00een prima jum\u0103tate a anului - \u0218tiri - ImoExpert\",\"isPartOf\":{\"@id\":\"https:\/\/www.imobiliare.ro\/imoexpert\/#website\"},\"primaryImageOfPage\":{\"@id\":\"https:\/\/www.imobiliare.ro\/imoexpert\/daca-vrei-o-locuinta-aici-ar-fi-bine-sa-te-grabesti-gradul-de-contractare-a-ajuns-la-98-in-prima-jumatate-a-anului_db\/#primaryimage\"},\"image\":{\"@id\":\"https:\/\/www.imobiliare.ro\/imoexpert\/daca-vrei-o-locuinta-aici-ar-fi-bine-sa-te-grabesti-gradul-de-contractare-a-ajuns-la-98-in-prima-jumatate-a-anului_db\/#primaryimage\"},\"thumbnailUrl\":\"https:\/\/www.imobiliare.ro\/imoexpert\/wp-content\/uploads\/2023\/09\/greenfield-baneasa.jpg\",\"datePublished\":\"2023-09-01T12:43:08+00:00\",\"description\":\"\u00cen ansamblul Greenfield B\u0103neasa, aflat \u00een continu\u0103 dezvoltate \u00een zona de nord a Capitalei \u00eenc\u0103 din anul 2007, gradul de contractare a ajuns \u00een prima\",\"breadcrumb\":{\"@id\":\"https:\/\/www.imobiliare.ro\/imoexpert\/daca-vrei-o-locuinta-aici-ar-fi-bine-sa-te-grabesti-gradul-de-contractare-a-ajuns-la-98-in-prima-jumatate-a-anului_db\/#breadcrumb\"},\"inLanguage\":\"en\",\"potentialAction\":[{\"@type\":\"ReadAction\",\"target\":[\"https:\/\/www.imobiliare.ro\/imoexpert\/daca-vrei-o-locuinta-aici-ar-fi-bine-sa-te-grabesti-gradul-de-contractare-a-ajuns-la-98-in-prima-jumatate-a-anului_db\/\"]}]},{\"@type\":\"ImageObject\",\"inLanguage\":\"en\",\"@id\":\"https:\/\/www.imobiliare.ro\/imoexpert\/daca-vrei-o-locuinta-aici-ar-fi-bine-sa-te-grabesti-gradul-de-contractare-a-ajuns-la-98-in-prima-jumatate-a-anului_db\/#primaryimage\",\"url\":\"https:\/\/www.imobiliare.ro\/imoexpert\/wp-content\/uploads\/2023\/09\/greenfield-baneasa.jpg\",\"contentUrl\":\"https:\/\/www.imobiliare.ro\/imoexpert\/wp-content\/uploads\/2023\/09\/greenfield-baneasa.jpg\",\"width\":1024,\"height\":597},{\"@type\":\"BreadcrumbList\",\"@id\":\"https:\/\/www.imobiliare.ro\/imoexpert\/daca-vrei-o-locuinta-aici-ar-fi-bine-sa-te-grabesti-gradul-de-contractare-a-ajuns-la-98-in-prima-jumatate-a-anului_db\/#breadcrumb\",\"itemListElement\":[{\"@type\":\"ListItem\",\"position\":1,\"name\":\"Imoradar24\",\"item\":\"https:\/\/www.imoradar24.ro\"},{\"@type\":\"ListItem\",\"position\":2,\"name\":\"ImoExpert\",\"item\":\"https:\/\/www.imobiliare.ro\/imoexpert\/\"},{\"@type\":\"ListItem\",\"position\":3,\"name\":\"\u0218tiri\",\"item\":\"https:\/\/www.imobiliare.ro\/imoexpert\/stiri\/\"},{\"@type\":\"ListItem\",\"position\":4,\"name\":\"Dac\u0103 vrei o locuin\u021b\u0103 aici, ar fi bine s\u0103 te gr\u0103be\u0219ti. Gradul de contractare a ajuns la 98% \u00een prima jum\u0103tate a anului\"}]},{\"@type\":\"WebSite\",\"@id\":\"https:\/\/www.imobiliare.ro\/imoexpert\/#website\",\"url\":\"https:\/\/www.imobiliare.ro\/imoexpert\/\",\"name\":\"ImoExpert\",\"description\":\"cele mai importante \u015ftiri din domeniul imobiliar\",\"publisher\":{\"@id\":\"https:\/\/www.imobiliare.ro\/imoexpert\/#organization\"},\"inLanguage\":\"en\"},{\"@type\":\"Organization\",\"@id\":\"https:\/\/www.imobiliare.ro\/imoexpert\/#organization\",\"name\":\"Imobiliare.ro\",\"alternateName\":\"Realmedia Network SA\",\"url\":\"https:\/\/www.imobiliare.ro\/imoexpert\/\",\"logo\":{\"@type\":\"ImageObject\",\"inLanguage\":\"en\",\"@id\":\"https:\/\/www.imobiliare.ro\/imoexpert\/#\/schema\/logo\/image\/\",\"url\":\"https:\/\/www.imobiliare.ro\/imoexpert\/wp-content\/uploads\/2025\/05\/imobiliare_logo.png\",\"contentUrl\":\"https:\/\/www.imobiliare.ro\/imoexpert\/wp-content\/uploads\/2025\/05\/imobiliare_logo.png\",\"width\":237,\"height\":29,\"caption\":\"Imobiliare.ro\"},\"image\":{\"@id\":\"https:\/\/www.imobiliare.ro\/imoexpert\/#\/schema\/logo\/image\/\"}},{\"@type\":\"Person\",\"@id\":\"https:\/\/www.imobiliare.ro\/imoexpert\/#\/schema\/person\/9ffdfbf24b82f39fc75a2fc6c19e4e99\",\"name\":\"Corina V\u00e2rlan\",\"image\":{\"@type\":\"ImageObject\",\"inLanguage\":\"en\",\"@id\":\"https:\/\/www.imobiliare.ro\/imoexpert\/#\/schema\/person\/image\/\",\"url\":\"https:\/\/www.imobiliare.ro\/imoexpert\/wp-content\/uploads\/2026\/02\/12-02-2025-5-rezumat-brasov-thumb-reels-1-1-96x96.png\",\"contentUrl\":\"https:\/\/www.imobiliare.ro\/imoexpert\/wp-content\/uploads\/2026\/02\/12-02-2025-5-rezumat-brasov-thumb-reels-1-1-96x96.png\",\"caption\":\"Corina V\u00e2rlan\"},\"description\":\"Cu o experien\u021b\u0103 de 14 ani \u00een presa online, comunicare \u0219i content marketing, Corina V\u00e2rlan s-a al\u0103turat echipei Imobiliare.ro \u00een urm\u0103 cu 8 ani \u0219i ocup\u0103, \u00een prezent, func\u021bia de Content Manager. Ea este gazda emisiunii \\\"\u00centreab\u0103 expertul\\\" \u0219i a seriei 5 \u0218tiri Imobiliare.ro, realizate \u00een parteneriat cu Libertatea. Corina \u00ee\u0219i concentreaz\u0103 activitatea pe analiza datelor de pia\u021b\u0103 \u0219i pe subiecte de interes at\u00e2t pentru cei afla\u021bi \u00een c\u0103utarea unei locuin\u021be, c\u00e2t \u0219i pentru proprietari sau chiria\u0219i.\",\"alternateName\":\"Corina\",\"jobTitle\":\"Content Manager\",\"url\":\"https:\/\/www.imobiliare.ro\/imoexpert\/author\/corina-varlan\/\"}]}<\/script>\n<!-- \/ Yoast SEO Premium plugin. -->","yoast_head_json":{"title":"Dac\u0103 vrei o locuin\u021b\u0103 aici, ar fi bine s\u0103 te gr\u0103be\u0219ti. Gradul de contractare a ajuns la 98% \u00een prima jum\u0103tate a anului - \u0218tiri - ImoExpert","description":"\u00cen ansamblul Greenfield B\u0103neasa, aflat \u00een continu\u0103 dezvoltate \u00een zona de nord a Capitalei \u00eenc\u0103 din anul 2007, gradul de contractare a ajuns \u00een prima","robots":{"index":"index","follow":"follow"},"canonical":"https:\/\/www.imobiliare.ro\/imoexpert\/daca-vrei-o-locuinta-aici-ar-fi-bine-sa-te-grabesti-gradul-de-contractare-a-ajuns-la-98-in-prima-jumatate-a-anului_db\/","og_locale":"ro_RO","og_type":"article","og_title":"Dac\u0103 vrei o locuin\u021b\u0103 aici, ar fi bine s\u0103 te gr\u0103be\u0219ti. Gradul de contractare a ajuns la 98% \u00een prima jum\u0103tate a anului","og_description":"\u00cen ansamblul Greenfield B\u0103neasa, aflat \u00een continu\u0103 dezvoltate \u00een zona de nord a Capitalei \u00eenc\u0103 din anul 2007, gradul de contractare a ajuns \u00een prima","og_url":"https:\/\/www.imobiliare.ro\/imoexpert\/daca-vrei-o-locuinta-aici-ar-fi-bine-sa-te-grabesti-gradul-de-contractare-a-ajuns-la-98-in-prima-jumatate-a-anului_db\/","og_site_name":"ImoExpert","article_published_time":"2023-09-01T12:43:08+00:00","og_image":[{"width":1024,"height":597,"url":"https:\/\/www.imobiliare.ro\/imoexpert\/wp-content\/uploads\/2023\/09\/greenfield-baneasa.jpg","type":"image\/jpeg"}],"author":"Corina V\u00e2rlan","twitter_card":"summary_large_image","twitter_misc":{"Written by":"Corina V\u00e2rlan","Est. reading time":"2 minute"},"schema":{"@context":"https:\/\/schema.org","@graph":[{"@type":"Article","@id":"https:\/\/www.imobiliare.ro\/imoexpert\/daca-vrei-o-locuinta-aici-ar-fi-bine-sa-te-grabesti-gradul-de-contractare-a-ajuns-la-98-in-prima-jumatate-a-anului_db\/#article","isPartOf":{"@id":"https:\/\/www.imobiliare.ro\/imoexpert\/daca-vrei-o-locuinta-aici-ar-fi-bine-sa-te-grabesti-gradul-de-contractare-a-ajuns-la-98-in-prima-jumatate-a-anului_db\/"},"author":{"name":"Corina V\u00e2rlan","@id":"https:\/\/www.imobiliare.ro\/imoexpert\/#\/schema\/person\/9ffdfbf24b82f39fc75a2fc6c19e4e99"},"headline":"Dac\u0103 vrei o locuin\u021b\u0103 aici, ar fi bine s\u0103 te gr\u0103be\u0219ti. Gradul de contractare a ajuns la 98% \u00een prima jum\u0103tate a anului","datePublished":"2023-09-01T12:43:08+00:00","mainEntityOfPage":{"@id":"https:\/\/www.imobiliare.ro\/imoexpert\/daca-vrei-o-locuinta-aici-ar-fi-bine-sa-te-grabesti-gradul-de-contractare-a-ajuns-la-98-in-prima-jumatate-a-anului_db\/"},"wordCount":305,"commentCount":0,"publisher":{"@id":"https:\/\/www.imobiliare.ro\/imoexpert\/#organization"},"image":{"@id":"https:\/\/www.imobiliare.ro\/imoexpert\/daca-vrei-o-locuinta-aici-ar-fi-bine-sa-te-grabesti-gradul-de-contractare-a-ajuns-la-98-in-prima-jumatate-a-anului_db\/#primaryimage"},"thumbnailUrl":"https:\/\/www.imobiliare.ro\/imoexpert\/wp-content\/uploads\/2023\/09\/greenfield-baneasa.jpg","keywords":["Ansambluri rezidentiale","Greenfield","Greenfield Copou","Impact Developer &amp; Contractor","Luxuria Residence"],"articleSection":["\u0218tiri"],"inLanguage":"en","potentialAction":[{"@type":"CommentAction","name":"Comment","target":["https:\/\/www.imobiliare.ro\/imoexpert\/daca-vrei-o-locuinta-aici-ar-fi-bine-sa-te-grabesti-gradul-de-contractare-a-ajuns-la-98-in-prima-jumatate-a-anului_db\/#respond"]}],"copyrightYear":"2023","copyrightHolder":{"@id":"https:\/\/www.imobiliare.ro\/imoexpert\/#organization"}},{"@type":"WebPage","@id":"https:\/\/www.imobiliare.ro\/imoexpert\/daca-vrei-o-locuinta-aici-ar-fi-bine-sa-te-grabesti-gradul-de-contractare-a-ajuns-la-98-in-prima-jumatate-a-anului_db\/","url":"https:\/\/www.imobiliare.ro\/imoexpert\/daca-vrei-o-locuinta-aici-ar-fi-bine-sa-te-grabesti-gradul-de-contractare-a-ajuns-la-98-in-prima-jumatate-a-anului_db\/","name":"Dac\u0103 vrei o locuin\u021b\u0103 aici, ar fi bine s\u0103 te gr\u0103be\u0219ti. Gradul de contractare a ajuns la 98% \u00een prima jum\u0103tate a anului - \u0218tiri - ImoExpert","isPartOf":{"@id":"https:\/\/www.imobiliare.ro\/imoexpert\/#website"},"primaryImageOfPage":{"@id":"https:\/\/www.imobiliare.ro\/imoexpert\/daca-vrei-o-locuinta-aici-ar-fi-bine-sa-te-grabesti-gradul-de-contractare-a-ajuns-la-98-in-prima-jumatate-a-anului_db\/#primaryimage"},"image":{"@id":"https:\/\/www.imobiliare.ro\/imoexpert\/daca-vrei-o-locuinta-aici-ar-fi-bine-sa-te-grabesti-gradul-de-contractare-a-ajuns-la-98-in-prima-jumatate-a-anului_db\/#primaryimage"},"thumbnailUrl":"https:\/\/www.imobiliare.ro\/imoexpert\/wp-content\/uploads\/2023\/09\/greenfield-baneasa.jpg","datePublished":"2023-09-01T12:43:08+00:00","description":"\u00cen ansamblul Greenfield B\u0103neasa, aflat \u00een continu\u0103 dezvoltate \u00een zona de nord a Capitalei \u00eenc\u0103 din anul 2007, gradul de contractare a ajuns \u00een prima","breadcrumb":{"@id":"https:\/\/www.imobiliare.ro\/imoexpert\/daca-vrei-o-locuinta-aici-ar-fi-bine-sa-te-grabesti-gradul-de-contractare-a-ajuns-la-98-in-prima-jumatate-a-anului_db\/#breadcrumb"},"inLanguage":"en","potentialAction":[{"@type":"ReadAction","target":["https:\/\/www.imobiliare.ro\/imoexpert\/daca-vrei-o-locuinta-aici-ar-fi-bine-sa-te-grabesti-gradul-de-contractare-a-ajuns-la-98-in-prima-jumatate-a-anului_db\/"]}]},{"@type":"ImageObject","inLanguage":"en","@id":"https:\/\/www.imobiliare.ro\/imoexpert\/daca-vrei-o-locuinta-aici-ar-fi-bine-sa-te-grabesti-gradul-de-contractare-a-ajuns-la-98-in-prima-jumatate-a-anului_db\/#primaryimage","url":"https:\/\/www.imobiliare.ro\/imoexpert\/wp-content\/uploads\/2023\/09\/greenfield-baneasa.jpg","contentUrl":"https:\/\/www.imobiliare.ro\/imoexpert\/wp-content\/uploads\/2023\/09\/greenfield-baneasa.jpg","width":1024,"height":597},{"@type":"BreadcrumbList","@id":"https:\/\/www.imobiliare.ro\/imoexpert\/daca-vrei-o-locuinta-aici-ar-fi-bine-sa-te-grabesti-gradul-de-contractare-a-ajuns-la-98-in-prima-jumatate-a-anului_db\/#breadcrumb","itemListElement":[{"@type":"ListItem","position":1,"name":"Imoradar24","item":"https:\/\/www.imoradar24.ro"},{"@type":"ListItem","position":2,"name":"ImoExpert","item":"https:\/\/www.imobiliare.ro\/imoexpert\/"},{"@type":"ListItem","position":3,"name":"\u0218tiri","item":"https:\/\/www.imobiliare.ro\/imoexpert\/stiri\/"},{"@type":"ListItem","position":4,"name":"Dac\u0103 vrei o locuin\u021b\u0103 aici, ar fi bine s\u0103 te gr\u0103be\u0219ti. Gradul de contractare a ajuns la 98% \u00een prima jum\u0103tate a anului"}]},{"@type":"WebSite","@id":"https:\/\/www.imobiliare.ro\/imoexpert\/#website","url":"https:\/\/www.imobiliare.ro\/imoexpert\/","name":"ImoExpert","description":"cele mai importante \u015ftiri din domeniul imobiliar","publisher":{"@id":"https:\/\/www.imobiliare.ro\/imoexpert\/#organization"},"inLanguage":"en"},{"@type":"Organization","@id":"https:\/\/www.imobiliare.ro\/imoexpert\/#organization","name":"Imobiliare.ro","alternateName":"Realmedia Network SA","url":"https:\/\/www.imobiliare.ro\/imoexpert\/","logo":{"@type":"ImageObject","inLanguage":"en","@id":"https:\/\/www.imobiliare.ro\/imoexpert\/#\/schema\/logo\/image\/","url":"https:\/\/www.imobiliare.ro\/imoexpert\/wp-content\/uploads\/2025\/05\/imobiliare_logo.png","contentUrl":"https:\/\/www.imobiliare.ro\/imoexpert\/wp-content\/uploads\/2025\/05\/imobiliare_logo.png","width":237,"height":29,"caption":"Imobiliare.ro"},"image":{"@id":"https:\/\/www.imobiliare.ro\/imoexpert\/#\/schema\/logo\/image\/"}},{"@type":"Person","@id":"https:\/\/www.imobiliare.ro\/imoexpert\/#\/schema\/person\/9ffdfbf24b82f39fc75a2fc6c19e4e99","name":"Corina V\u00e2rlan","image":{"@type":"ImageObject","inLanguage":"en","@id":"https:\/\/www.imobiliare.ro\/imoexpert\/#\/schema\/person\/image\/","url":"https:\/\/www.imobiliare.ro\/imoexpert\/wp-content\/uploads\/2026\/02\/12-02-2025-5-rezumat-brasov-thumb-reels-1-1-96x96.png","contentUrl":"https:\/\/www.imobiliare.ro\/imoexpert\/wp-content\/uploads\/2026\/02\/12-02-2025-5-rezumat-brasov-thumb-reels-1-1-96x96.png","caption":"Corina V\u00e2rlan"},"description":"Cu o experien\u021b\u0103 de 14 ani \u00een presa online, comunicare \u0219i content marketing, Corina V\u00e2rlan s-a al\u0103turat echipei Imobiliare.ro \u00een urm\u0103 cu 8 ani \u0219i ocup\u0103, \u00een prezent, func\u021bia de Content Manager. Ea este gazda emisiunii \"\u00centreab\u0103 expertul\" \u0219i a seriei 5 \u0218tiri Imobiliare.ro, realizate \u00een parteneriat cu Libertatea. Corina \u00ee\u0219i concentreaz\u0103 activitatea pe analiza datelor de pia\u021b\u0103 \u0219i pe subiecte de interes at\u00e2t pentru cei afla\u021bi \u00een c\u0103utarea unei locuin\u021be, c\u00e2t \u0219i pentru proprietari sau chiria\u0219i.","alternateName":"Corina","jobTitle":"Content Manager","url":"https:\/\/www.imobiliare.ro\/imoexpert\/author\/corina-varlan\/"}]}},"_links":{"self":[{"href":"https:\/\/www.imobiliare.ro\/imoexpert\/wp-json\/wp\/v2\/posts\/67299","targetHints":{"allow":["GET"]}}],"collection":[{"href":"https:\/\/www.imobiliare.ro\/imoexpert\/wp-json\/wp\/v2\/posts"}],"about":[{"href":"https:\/\/www.imobiliare.ro\/imoexpert\/wp-json\/wp\/v2\/types\/post"}],"author":[{"embeddable":true,"href":"https:\/\/www.imobiliare.ro\/imoexpert\/wp-json\/wp\/v2\/users\/5891"}],"replies":[{"embeddable":true,"href":"https:\/\/www.imobiliare.ro\/imoexpert\/wp-json\/wp\/v2\/comments?post=67299"}],"version-history":[{"count":0,"href":"https:\/\/www.imobiliare.ro\/imoexpert\/wp-json\/wp\/v2\/posts\/67299\/revisions"}],"wp:featuredmedia":[{"embeddable":true,"href":"https:\/\/www.imobiliare.ro\/imoexpert\/wp-json\/wp\/v2\/media\/67300"}],"wp:attachment":[{"href":"https:\/\/www.imobiliare.ro\/imoexpert\/wp-json\/wp\/v2\/media?parent=67299"}],"wp:term":[{"taxonomy":"category","embeddable":true,"href":"https:\/\/www.imobiliare.ro\/imoexpert\/wp-json\/wp\/v2\/categories?post=67299"},{"taxonomy":"post_tag","embeddable":true,"href":"https:\/\/www.imobiliare.ro\/imoexpert\/wp-json\/wp\/v2\/tags?post=67299"},{"taxonomy":"content_author","embeddable":true,"href":"https:\/\/www.imobiliare.ro\/imoexpert\/wp-json\/wp\/v2\/content_author?post=67299"}],"curies":[{"name":"wp","href":"https:\/\/api.w.org\/{rel}","templated":true}]}}