{"id":67443,"date":"2023-09-12T09:26:20","date_gmt":"2023-09-12T06:26:20","guid":{"rendered":"https:\/\/www.imobiliare.ro\/imoexpert\/?p=67443"},"modified":"2023-09-12T09:26:20","modified_gmt":"2023-09-12T06:26:20","slug":"indicele-imobiliare-ro-apartamentele-din-marile-orase-continua-sa-se-scumpeasca-cel-mai-lent-ritm-de-crestere-in-bucuresti","status":"publish","type":"post","link":"https:\/\/www.imobiliare.ro\/imoexpert\/indicele-imobiliare-ro-apartamentele-din-marile-orase-continua-sa-se-scumpeasca-cel-mai-lent-ritm-de-crestere-in-bucuresti_db\/","title":{"rendered":"Indicele Imobiliare.ro: Apartamentele din marile ora\u0219e continu\u0103 s\u0103 se scumpeasc\u0103. Cel mai lent ritm de cre\u0219tere, \u00een Bucure\u0219ti"},"content":{"rendered":"\n<figure class=\"wp-block-image size-full\"><img loading=\"lazy\" decoding=\"async\" width=\"800\" height=\"600\" src=\"https:\/\/www.imobiliare.ro\/imoexpert\/wp-content\/uploads\/2023\/09\/indicele-imobiliare-ro-august-2023.png\" alt=\"\" class=\"wp-image-67444\" srcset=\"https:\/\/www.imobiliare.ro\/imoexpert\/wp-content\/uploads\/2023\/09\/indicele-imobiliare-ro-august-2023.png 800w, https:\/\/www.imobiliare.ro\/imoexpert\/wp-content\/uploads\/2023\/09\/indicele-imobiliare-ro-august-2023-300x225.png 300w, https:\/\/www.imobiliare.ro\/imoexpert\/wp-content\/uploads\/2023\/09\/indicele-imobiliare-ro-august-2023-768x576.png 768w\" sizes=\"auto, (max-width: 800px) 100vw, 800px\" \/><\/figure>\n\n\n\n<p><strong>Apartamentele scoase la v\u00e2nzare \u00een cele mai mari ora\u0219e din \u021bar\u0103 au continuat s\u0103 se scumpeasc\u0103 pe parcursul lunii august, arat\u0103 datele centralizate \u0219i analizate de Imobiliare.ro.<\/strong><\/p>\n\n\n\n<p><strong><a class=\"article-body-links\"href=\"https:\/\/www.imobiliare.ro\/indicele-imobiliare-ro\" target=\"_blank\" rel=\"noreferrer noopener\">Indicele Imobiliare.ro<\/a><\/strong> indic\u0103 faptul c\u0103 la nivel na\u021bional pre\u021bul mediu solicitat s-a situat \u00een jurul valorii de 1.437 de euro\/mp util.<\/p>\n\n\n\n<p>Ora\u0219ul Bra\u0219ov s-a aflat \u00een fruntea major\u0103rilor de pre\u021b, fiind urmat de Cluj-Napoca \u0219i Constan\u021ba. Capitala se pozi\u021bioneaz\u0103, \u00een schimb, la coada clasamentului. De altfel, pre\u021bul mediu solicitat \u00een Bucure\u0219ti pentru apartamentele scoase la v\u00e2nzare este abia al patrulea cel mai ridicat din \u021bar\u0103.&nbsp;<\/p>\n\n\n\n<p>De men\u021bionat este \u0219i faptul c\u0103 \u00eentr-un singur ora\u0219 s-a dep\u0103\u0219it de mult pragul de 2.000 de euro\/mp util la v\u00e2nzarea apartamentelor. Este vorba despre Cluj-Napoca.<\/p>\n\n\n\n<p>&#8222;Chiar dac\u0103 \u00een continuare num\u0103rul tranzac\u021biilor este sub cel \u00eenregistrat \u00een aceea\u0219i perioad\u0103 a anului trecut, am \u00eenregistrat \u00een iulie \u0219i august la cele mai bune luni din ultimul an \u00een ceea ce prive\u0219te cererea. Acest lucru se reflect\u0103 \u0219i \u00een evolu\u021bia pre\u021bului. Pe de alt\u0103 parte, pre\u021burile apartamentelor au crescut mult sub nivelul infla\u021biei \u0219i sub evolu\u021bia veniturilor, ceea ce \u00een fapt, arat\u0103 o mai mare putere de cump\u0103rare pe pia\u021ba reziden\u021bial\u0103 ast\u0103zi, fa\u021b\u0103 de acum un an de zile&#8221;, a declarat Daniel Crainic, director de marketing Imobiliare.ro.<\/p>\n\n\n\n<p><strong>August, luna scumpirilor \u00een Bra\u0219ov<\/strong><\/p>\n\n\n\n<p>Apartamentele din Bra\u0219ov s-au scumpit pe parcursul lunii trecute cu 2,2%, pre\u021bul mediu solicitat de c\u0103tre proprietari pentru locuin\u021bele listate pe pia\u021b\u0103 ajung\u00e2nd la 1.625 de euro\/mp util. Acesta este cel mai semnificativ avans \u00eenregistrat pe parcursul lunii august \u00een r\u00e2ndul celor mai mari ora\u0219e din \u021bar\u0103 analizate de Imobiliare.ro. Comparativ cu sf\u00e2r\u0219itul verii trecute, apartamentele din acest ora\u0219 sunt, totodat\u0103, cu 4% mai scumpe.<\/p>\n\n\n\n<p>Tendin\u021be ascendente ale pre\u021burilor au ap\u0103rut pe plan local at\u00e2t pe pia\u021ba veche, c\u00e2t \u0219i \u00een cazul locuin\u021belor noi. O garsonier\u0103 \u00eentr-un bloc construit \u00eenainte de anul 2000, poate fi cump\u0103rat\u0103, la ora actual\u0103, cu un pre\u021b mediu de 1.625 de euro\/mp util. Pe acest segment de locuin\u021be avansul a dep\u0103\u0219it u\u0219or 3% \u00een doar 30 de zile.<\/p>\n\n\n\n<p><strong>Cluj-Napoca, cel mai scump ora\u0219 din \u021bar\u0103<\/strong><\/p>\n\n\n\n<p>Pre\u021burile solicitate pentru apartamentele scoase la v\u00e2nzare \u00een Cluj-Napoca, cel mai scump ora\u0219 pentru cump\u0103r\u0103tori, au crescut \u0219i ele \u00een luna august. S-a putut observa, astfel, o apreciere cu 1,4% comparativ cu situa\u021bia din iulie.&nbsp;<\/p>\n\n\n\n<p>Locuin\u021bele sunt scoase la v\u00e2nzare cu un pre\u021b mediu de 2.452 de euro\/mp util, mult peste cel practicat \u00een Capital\u0103 sau \u00een alte ora\u0219e mari precum Constan\u021ba, Ia\u0219i sau Timi\u0219oara.<\/p>\n\n\n\n<p>Un avans mai important s-a putut observa pe plan local \u00een cazul apartamentelor noi. Pre\u021bul mediu solicitat pentru acestea s-a majorat cu 2,3% pe parcursul lunii august \u0219i cu 2,6% comparativ cu intervalul similar al anului trecut. Un apartament cu dou\u0103 camere \u00eentr-un bloc nou se vinde, \u00een medie, cu 2.605 euro\/mp util.<\/p>\n\n\n\n<p><strong>Tendin\u021ba ascendent\u0103 a pre\u021burilor se men\u021bine pe litoral<\/strong><\/p>\n\n\n\n<p>Dup\u0103 un avans cu 1,3% \u00eenregistrat \u00een iulie, pre\u021burile au continuat s\u0103 urmeze un trend ascendent \u00een Constan\u021ba \u0219i pe parcursul lunii august. Majorarea pe plan local a fost cu 1,1% \u00een doar 30 de zile, media ajung\u00e2nd s\u0103 se situeze, la ora actual\u0103, \u00een jurul valorii de 1.546 de euro\/mp util.<\/p>\n\n\n\n<figure class=\"wp-block-image size-large\"><img loading=\"lazy\" decoding=\"async\" width=\"667\" height=\"1024\" src=\"https:\/\/www.imobiliare.ro\/imoexpert\/wp-content\/uploads\/2023\/09\/Indice-Aug2023-2-667x1024.jpg\" alt=\"\" class=\"wp-image-67445\" srcset=\"https:\/\/www.imobiliare.ro\/imoexpert\/wp-content\/uploads\/2023\/09\/Indice-Aug2023-2-667x1024.jpg 667w, https:\/\/www.imobiliare.ro\/imoexpert\/wp-content\/uploads\/2023\/09\/Indice-Aug2023-2-195x300.jpg 195w, https:\/\/www.imobiliare.ro\/imoexpert\/wp-content\/uploads\/2023\/09\/Indice-Aug2023-2-768x1179.jpg 768w, https:\/\/www.imobiliare.ro\/imoexpert\/wp-content\/uploads\/2023\/09\/Indice-Aug2023-2-1000x1536.jpg 1000w, https:\/\/www.imobiliare.ro\/imoexpert\/wp-content\/uploads\/2023\/09\/Indice-Aug2023-2.jpg 1102w\" sizes=\"auto, (max-width: 667px) 100vw, 667px\" \/><\/figure>\n\n\n\n<p>Avansul a fost sus\u021binut, \u00een principal, de evolu\u021bia ap\u0103rut\u0103 pe segmentul locuin\u021belor vechi, deci aflate \u00een imobile construite \u00eenainte de anul 2000. \u00cen cazul apartamentelor cu 3 camere, spre exemplu, discut\u0103m despre un pre\u021b mediu solicitat la v\u00e2nzare de 1.575 de euro\/mp, dup\u0103 o cre\u0219tere cu aproape 2%. \u00cen schimb, pre\u021bul mediu solicitat pentru garsonierele vechi s-a redus u\u0219or pe parcursul lunii august, dar se men\u021bine cu 6% mai ridicat dec\u00e2t cel \u00eenregistrat la finalul verii trecute.<\/p>\n\n\n\n<p><strong>C\u00e2t cost\u0103 un apartament \u00een Ia\u0219i<\/strong><\/p>\n\n\n\n<p>\u00cen cazul apartamentelor scoase la v\u00e2nzare pe pia\u021ba reziden\u021bial\u0103 din Ia\u0219i avansul s-a apropiat, luna trecut\u0103, de 1%. Pre\u021bul mediu solicitat a ajuns, astfel, la valoarea de 1.390 de euro\/mp util.<\/p>\n\n\n\n<p>U\u0219oare major\u0103ri ale pre\u021burilor au putut fi observate at\u00e2t pe segmentul vechi, c\u00e2t \u0219i \u00een cazul locuin\u021belor noi. Po\u021bi cump\u0103ra, de exemplu, un apartament cu 2 camere aflat \u00eentr-un imobil construit \u00eenainte de anul 2000 cu o sum\u0103 medie de 1.387 de euro\/mp util.<\/p>\n\n\n\n<p><strong>Avans de aproape 1% \u00een Timi\u0219oara<\/strong><\/p>\n\n\n\n<p>\u00cen cazul apartamentelor scoase la v\u00e2nzare pe pia\u021ba din Timi\u0219oara avansul a fost apropiat de cel \u00eenregistrat luna trecut\u0103 \u00een Ia\u0219i \u0219i s-a men\u021binut sub pragul de 1%.<\/p>\n\n\n\n<p>Pentru un apartament nou cu 2 camere, pre\u021bul mediu solicitat este \u00een prezent cu 4,4% mai mare dec\u00e2t la sf\u00e2r\u0219itul verii trecute. Cump\u0103r\u0103torii pot achizi\u021biona o astfel de locuin\u021b\u0103 cu circa 1.575 de euro\/mp util. O locuin\u021b\u0103 similar\u0103 aflat\u0103, \u00een schimb, \u00eentr-un imobil vechi se vinde cu 1.472 de euro\/mp util.<\/p>\n\n\n\n<p><strong>Cel mai mic avans al pre\u021burilor, \u00een Capital\u0103<\/strong><\/p>\n\n\n\n<p>Pre\u021bul mediu solicitat de proprietari pentru apartamentele vechi \u0219i noi scoase la v\u00e2nzare \u00een Bucure\u0219ti a ajuns \u00een luna august la 1.508 euro\/mp util, dup\u0103 o u\u0219oar\u0103 cre\u0219tere. Acesta se men\u021bine, \u00eens\u0103, cu 1,6% sub nivelul \u00eenregistrat \u00een august 2022.<\/p>\n\n\n\n<p>Dac\u0103 \u00een cazul apartamentelor din blocuri vechi vedem un avans la nivelul pre\u021burilor, pe segmentul nou acestea par s\u0103 urmeze mai degrab\u0103 o tendin\u021b\u0103 descendent\u0103. Po\u021bi cump\u0103ra o garsonier\u0103 veche cu 1.593 de euro\/mp util, dup\u0103 o majorare cu 2,2% \u00een 30 de zile, \u00een timp ce pentru garsonierele noi pre\u021bul stagneaz\u0103 \u0219i r\u0103m\u00e2ne cu aproape 4% mai mic dec\u00e2t cel practicat la sf\u00e2r\u0219itul verii trecute. Trebuie s\u0103 pl\u0103te\u0219ti, \u00een medie, pentru o astfel de locuin\u021b\u0103 1.243 de euro\/mp util.<\/p>\n\n\n\n<p><strong>Cum au evoluat pre\u021burile \u00een r\u00e2ndul ora\u0219elor medii<\/strong><\/p>\n\n\n\n<p>Un avans similar cu cel din Bucure\u0219ti s-a \u00eenregistrat \u0219i \u00een cazul ora\u0219ului Craiova. \u00cen prezent, apartamentele se v\u00e2nd aici cu 1.454 de euro\/mp util. O evolu\u021bie mai spectaculoas\u0103 s-a putut observa \u00eens\u0103 \u00een cazul unui ora\u0219 aflat \u00een apropierea Capitalei. Pre\u021bul mediu cerut de proprietari pentru apartamentele vechi \u0219i noi scoase la v\u00e2nzare \u00een Ploie\u0219ti s-a majorat p\u00e2n\u0103 la 1.078 euro\/mp util.<\/p>\n\n\n\n<p>La munte, major\u0103rile nu au fost vizibile doar \u00een Bra\u0219ov, ci \u0219i \u00een Sibiu. Ritmul de cre\u0219tere a fost \u00eens\u0103 mult mai lent. Dup\u0103 un avans cu 0,3%, pre\u021bul mediu solicitat a ajuns la 1.440 de euro\/mp util, potrivit Indicelui <strong><a class=\"article-body-links\"href=\"http:\/\/www.imobiliare.ro\" target=\"_blank\" rel=\"noreferrer noopener\">Imobiliare.ro<\/a><\/strong>.<\/p>\n\n\n\n<p>Dac\u0103 \u00een Timi\u0219oara \u0219i \u00een Cluj-Napoca am putut vedea scumpiri luna trecut\u0103, \u00een cazul altui centru regional important din vestul \u021b\u0103rii aflat pe o traiectorie de dezvoltare accelerat\u0103 au fost \u00eenregistrate unele ieftiniri. Este vorba despre ora\u0219ul Oradea unde pre\u021bul mediu solicitat de c\u0103tre proprietari pentru apartamentele scoase la v\u00e2nzare a ajuns la 1.339 de euro\/mp util.<\/p>\n","protected":false},"excerpt":{"rendered":"<p>Apartamentele scoase la v\u00e2nzare \u00een cele mai mari ora\u0219e din \u021bar\u0103 au continuat s\u0103 se scumpeasc\u0103 pe parcursul lunii august, arat\u0103 datele centralizate \u0219i analizate de Imobiliare.ro. Indicele Imobiliare.ro indic\u0103 faptul c\u0103 la nivel na\u021bional pre\u021bul mediu solicitat s-a situat \u00een jurul valorii de 1.437 de euro\/mp util. Ora\u0219ul Bra\u0219ov s-a aflat \u00een fruntea major\u0103rilor [&hellip;]<\/p>\n","protected":false},"author":5891,"featured_media":67444,"comment_status":"open","ping_status":"open","sticky":true,"template":"","format":"standard","meta":{"footnotes":""},"categories":[259],"tags":[299,507,2172,2191],"content_author":[],"class_list":["post-67443","post","type-post","status-publish","format-standard","has-post-thumbnail","hentry","category-stiri","tag-indicele-imobiliare-ro","tag-preturi-apartamente","tag-preturi-apartamente-noi","tag-preturi-apartamente-vechi"],"yoast_head":"<!-- This site is optimized with the Yoast SEO Premium plugin v27.0 (Yoast SEO v27.0) - https:\/\/yoast.com\/product\/yoast-seo-premium-wordpress\/ -->\n<title>Indicele Imobiliare.ro: Apartamentele din marile ora\u0219e continu\u0103 s\u0103 se scumpeasc\u0103. Cel mai lent ritm de cre\u0219tere, \u00een Bucure\u0219ti - \u0218tiri - ImoExpert<\/title>\n<meta name=\"description\" content=\"Apartamentele scoase la v\u00e2nzare \u00een cele mai mari ora\u0219e din \u021bar\u0103 au continuat s\u0103 se scumpeasc\u0103 pe parcursul lunii august, arat\u0103 datele centralizate \u0219i\" \/>\n<meta name=\"robots\" content=\"index, follow\" \/>\n<link rel=\"canonical\" href=\"https:\/\/www.imobiliare.ro\/imoexpert\/indicele-imobiliare-ro-apartamentele-din-marile-orase-continua-sa-se-scumpeasca-cel-mai-lent-ritm-de-crestere-in-bucuresti_db\/\" \/>\n<meta property=\"og:locale\" content=\"ro_RO\" \/>\n<meta property=\"og:type\" content=\"article\" \/>\n<meta property=\"og:title\" content=\"Indicele Imobiliare.ro: Apartamentele din marile ora\u0219e continu\u0103 s\u0103 se scumpeasc\u0103. Cel mai lent ritm de cre\u0219tere, \u00een Bucure\u0219ti\" \/>\n<meta property=\"og:description\" content=\"Apartamentele scoase la v\u00e2nzare \u00een cele mai mari ora\u0219e din \u021bar\u0103 au continuat s\u0103 se scumpeasc\u0103 pe parcursul lunii august, arat\u0103 datele centralizate \u0219i\" \/>\n<meta property=\"og:url\" content=\"https:\/\/www.imobiliare.ro\/imoexpert\/indicele-imobiliare-ro-apartamentele-din-marile-orase-continua-sa-se-scumpeasca-cel-mai-lent-ritm-de-crestere-in-bucuresti_db\/\" \/>\n<meta property=\"og:site_name\" content=\"ImoExpert\" \/>\n<meta property=\"article:published_time\" content=\"2023-09-12T06:26:20+00:00\" \/>\n<meta property=\"og:image\" content=\"https:\/\/www.imobiliare.ro\/imoexpert\/wp-content\/uploads\/2023\/09\/indicele-imobiliare-ro-august-2023.png\" \/>\n\t<meta property=\"og:image:width\" content=\"800\" \/>\n\t<meta property=\"og:image:height\" content=\"600\" \/>\n\t<meta property=\"og:image:type\" content=\"image\/png\" \/>\n<meta name=\"author\" content=\"Corina V\u00e2rlan\" \/>\n<meta name=\"twitter:card\" content=\"summary_large_image\" \/>\n<meta name=\"twitter:label1\" content=\"Written by\" \/>\n\t<meta name=\"twitter:data1\" content=\"Corina V\u00e2rlan\" \/>\n\t<meta name=\"twitter:label2\" content=\"Est. reading time\" \/>\n\t<meta name=\"twitter:data2\" content=\"6 minute\" \/>\n<script type=\"application\/ld+json\" class=\"yoast-schema-graph\">{\"@context\":\"https:\/\/schema.org\",\"@graph\":[{\"@type\":\"Article\",\"@id\":\"https:\/\/www.imobiliare.ro\/imoexpert\/indicele-imobiliare-ro-apartamentele-din-marile-orase-continua-sa-se-scumpeasca-cel-mai-lent-ritm-de-crestere-in-bucuresti_db\/#article\",\"isPartOf\":{\"@id\":\"https:\/\/www.imobiliare.ro\/imoexpert\/indicele-imobiliare-ro-apartamentele-din-marile-orase-continua-sa-se-scumpeasca-cel-mai-lent-ritm-de-crestere-in-bucuresti_db\/\"},\"author\":{\"name\":\"Corina V\u00e2rlan\",\"@id\":\"https:\/\/www.imobiliare.ro\/imoexpert\/#\/schema\/person\/9ffdfbf24b82f39fc75a2fc6c19e4e99\"},\"headline\":\"Indicele Imobiliare.ro: Apartamentele din marile ora\u0219e continu\u0103 s\u0103 se scumpeasc\u0103. Cel mai lent ritm de cre\u0219tere, \u00een Bucure\u0219ti\",\"datePublished\":\"2023-09-12T06:26:20+00:00\",\"mainEntityOfPage\":{\"@id\":\"https:\/\/www.imobiliare.ro\/imoexpert\/indicele-imobiliare-ro-apartamentele-din-marile-orase-continua-sa-se-scumpeasca-cel-mai-lent-ritm-de-crestere-in-bucuresti_db\/\"},\"wordCount\":1205,\"commentCount\":0,\"publisher\":{\"@id\":\"https:\/\/www.imobiliare.ro\/imoexpert\/#organization\"},\"image\":{\"@id\":\"https:\/\/www.imobiliare.ro\/imoexpert\/indicele-imobiliare-ro-apartamentele-din-marile-orase-continua-sa-se-scumpeasca-cel-mai-lent-ritm-de-crestere-in-bucuresti_db\/#primaryimage\"},\"thumbnailUrl\":\"https:\/\/www.imobiliare.ro\/imoexpert\/wp-content\/uploads\/2023\/09\/indicele-imobiliare-ro-august-2023.png\",\"keywords\":[\"indicele imobiliare.ro\",\"preturi apartamente\",\"preturi apartamente noi\",\"preturi apartamente vechi\"],\"articleSection\":[\"\u0218tiri\"],\"inLanguage\":\"en\",\"potentialAction\":[{\"@type\":\"CommentAction\",\"name\":\"Comment\",\"target\":[\"https:\/\/www.imobiliare.ro\/imoexpert\/indicele-imobiliare-ro-apartamentele-din-marile-orase-continua-sa-se-scumpeasca-cel-mai-lent-ritm-de-crestere-in-bucuresti_db\/#respond\"]}],\"copyrightYear\":\"2023\",\"copyrightHolder\":{\"@id\":\"https:\/\/www.imobiliare.ro\/imoexpert\/#organization\"}},{\"@type\":\"WebPage\",\"@id\":\"https:\/\/www.imobiliare.ro\/imoexpert\/indicele-imobiliare-ro-apartamentele-din-marile-orase-continua-sa-se-scumpeasca-cel-mai-lent-ritm-de-crestere-in-bucuresti_db\/\",\"url\":\"https:\/\/www.imobiliare.ro\/imoexpert\/indicele-imobiliare-ro-apartamentele-din-marile-orase-continua-sa-se-scumpeasca-cel-mai-lent-ritm-de-crestere-in-bucuresti_db\/\",\"name\":\"Indicele Imobiliare.ro: Apartamentele din marile ora\u0219e continu\u0103 s\u0103 se scumpeasc\u0103. Cel mai lent ritm de cre\u0219tere, \u00een Bucure\u0219ti - \u0218tiri - ImoExpert\",\"isPartOf\":{\"@id\":\"https:\/\/www.imobiliare.ro\/imoexpert\/#website\"},\"primaryImageOfPage\":{\"@id\":\"https:\/\/www.imobiliare.ro\/imoexpert\/indicele-imobiliare-ro-apartamentele-din-marile-orase-continua-sa-se-scumpeasca-cel-mai-lent-ritm-de-crestere-in-bucuresti_db\/#primaryimage\"},\"image\":{\"@id\":\"https:\/\/www.imobiliare.ro\/imoexpert\/indicele-imobiliare-ro-apartamentele-din-marile-orase-continua-sa-se-scumpeasca-cel-mai-lent-ritm-de-crestere-in-bucuresti_db\/#primaryimage\"},\"thumbnailUrl\":\"https:\/\/www.imobiliare.ro\/imoexpert\/wp-content\/uploads\/2023\/09\/indicele-imobiliare-ro-august-2023.png\",\"datePublished\":\"2023-09-12T06:26:20+00:00\",\"description\":\"Apartamentele scoase la v\u00e2nzare \u00een cele mai mari ora\u0219e din \u021bar\u0103 au continuat s\u0103 se scumpeasc\u0103 pe parcursul lunii august, arat\u0103 datele centralizate \u0219i\",\"breadcrumb\":{\"@id\":\"https:\/\/www.imobiliare.ro\/imoexpert\/indicele-imobiliare-ro-apartamentele-din-marile-orase-continua-sa-se-scumpeasca-cel-mai-lent-ritm-de-crestere-in-bucuresti_db\/#breadcrumb\"},\"inLanguage\":\"en\",\"potentialAction\":[{\"@type\":\"ReadAction\",\"target\":[\"https:\/\/www.imobiliare.ro\/imoexpert\/indicele-imobiliare-ro-apartamentele-din-marile-orase-continua-sa-se-scumpeasca-cel-mai-lent-ritm-de-crestere-in-bucuresti_db\/\"]}]},{\"@type\":\"ImageObject\",\"inLanguage\":\"en\",\"@id\":\"https:\/\/www.imobiliare.ro\/imoexpert\/indicele-imobiliare-ro-apartamentele-din-marile-orase-continua-sa-se-scumpeasca-cel-mai-lent-ritm-de-crestere-in-bucuresti_db\/#primaryimage\",\"url\":\"https:\/\/www.imobiliare.ro\/imoexpert\/wp-content\/uploads\/2023\/09\/indicele-imobiliare-ro-august-2023.png\",\"contentUrl\":\"https:\/\/www.imobiliare.ro\/imoexpert\/wp-content\/uploads\/2023\/09\/indicele-imobiliare-ro-august-2023.png\",\"width\":800,\"height\":600},{\"@type\":\"BreadcrumbList\",\"@id\":\"https:\/\/www.imobiliare.ro\/imoexpert\/indicele-imobiliare-ro-apartamentele-din-marile-orase-continua-sa-se-scumpeasca-cel-mai-lent-ritm-de-crestere-in-bucuresti_db\/#breadcrumb\",\"itemListElement\":[{\"@type\":\"ListItem\",\"position\":1,\"name\":\"Imoradar24\",\"item\":\"https:\/\/www.imoradar24.ro\"},{\"@type\":\"ListItem\",\"position\":2,\"name\":\"ImoExpert\",\"item\":\"https:\/\/www.imobiliare.ro\/imoexpert\/\"},{\"@type\":\"ListItem\",\"position\":3,\"name\":\"\u0218tiri\",\"item\":\"https:\/\/www.imobiliare.ro\/imoexpert\/stiri\/\"},{\"@type\":\"ListItem\",\"position\":4,\"name\":\"Indicele Imobiliare.ro: Apartamentele din marile ora\u0219e continu\u0103 s\u0103 se scumpeasc\u0103. Cel mai lent ritm de cre\u0219tere, \u00een Bucure\u0219ti\"}]},{\"@type\":\"WebSite\",\"@id\":\"https:\/\/www.imobiliare.ro\/imoexpert\/#website\",\"url\":\"https:\/\/www.imobiliare.ro\/imoexpert\/\",\"name\":\"ImoExpert\",\"description\":\"cele mai importante \u015ftiri din domeniul imobiliar\",\"publisher\":{\"@id\":\"https:\/\/www.imobiliare.ro\/imoexpert\/#organization\"},\"inLanguage\":\"en\"},{\"@type\":\"Organization\",\"@id\":\"https:\/\/www.imobiliare.ro\/imoexpert\/#organization\",\"name\":\"Imobiliare.ro\",\"alternateName\":\"Realmedia Network SA\",\"url\":\"https:\/\/www.imobiliare.ro\/imoexpert\/\",\"logo\":{\"@type\":\"ImageObject\",\"inLanguage\":\"en\",\"@id\":\"https:\/\/www.imobiliare.ro\/imoexpert\/#\/schema\/logo\/image\/\",\"url\":\"https:\/\/www.imobiliare.ro\/imoexpert\/wp-content\/uploads\/2025\/05\/imobiliare_logo.png\",\"contentUrl\":\"https:\/\/www.imobiliare.ro\/imoexpert\/wp-content\/uploads\/2025\/05\/imobiliare_logo.png\",\"width\":237,\"height\":29,\"caption\":\"Imobiliare.ro\"},\"image\":{\"@id\":\"https:\/\/www.imobiliare.ro\/imoexpert\/#\/schema\/logo\/image\/\"}},{\"@type\":\"Person\",\"@id\":\"https:\/\/www.imobiliare.ro\/imoexpert\/#\/schema\/person\/9ffdfbf24b82f39fc75a2fc6c19e4e99\",\"name\":\"Corina V\u00e2rlan\",\"image\":{\"@type\":\"ImageObject\",\"inLanguage\":\"en\",\"@id\":\"https:\/\/www.imobiliare.ro\/imoexpert\/#\/schema\/person\/image\/\",\"url\":\"https:\/\/www.imobiliare.ro\/imoexpert\/wp-content\/uploads\/2026\/02\/12-02-2025-5-rezumat-brasov-thumb-reels-1-1-96x96.png\",\"contentUrl\":\"https:\/\/www.imobiliare.ro\/imoexpert\/wp-content\/uploads\/2026\/02\/12-02-2025-5-rezumat-brasov-thumb-reels-1-1-96x96.png\",\"caption\":\"Corina V\u00e2rlan\"},\"description\":\"Cu o experien\u021b\u0103 de 14 ani \u00een presa online, comunicare \u0219i content marketing, Corina V\u00e2rlan s-a al\u0103turat echipei Imobiliare.ro \u00een urm\u0103 cu 8 ani \u0219i ocup\u0103, \u00een prezent, func\u021bia de Content Manager. Ea este gazda emisiunii \\\"\u00centreab\u0103 expertul\\\" \u0219i a seriei 5 \u0218tiri Imobiliare.ro, realizate \u00een parteneriat cu Libertatea. Corina \u00ee\u0219i concentreaz\u0103 activitatea pe analiza datelor de pia\u021b\u0103 \u0219i pe subiecte de interes at\u00e2t pentru cei afla\u021bi \u00een c\u0103utarea unei locuin\u021be, c\u00e2t \u0219i pentru proprietari sau chiria\u0219i.\",\"alternateName\":\"Corina\",\"jobTitle\":\"Content Manager\",\"url\":\"https:\/\/www.imobiliare.ro\/imoexpert\/author\/corina-varlan\/\"}]}<\/script>\n<!-- \/ Yoast SEO Premium plugin. -->","yoast_head_json":{"title":"Indicele Imobiliare.ro: Apartamentele din marile ora\u0219e continu\u0103 s\u0103 se scumpeasc\u0103. Cel mai lent ritm de cre\u0219tere, \u00een Bucure\u0219ti - \u0218tiri - ImoExpert","description":"Apartamentele scoase la v\u00e2nzare \u00een cele mai mari ora\u0219e din \u021bar\u0103 au continuat s\u0103 se scumpeasc\u0103 pe parcursul lunii august, arat\u0103 datele centralizate \u0219i","robots":{"index":"index","follow":"follow"},"canonical":"https:\/\/www.imobiliare.ro\/imoexpert\/indicele-imobiliare-ro-apartamentele-din-marile-orase-continua-sa-se-scumpeasca-cel-mai-lent-ritm-de-crestere-in-bucuresti_db\/","og_locale":"ro_RO","og_type":"article","og_title":"Indicele Imobiliare.ro: Apartamentele din marile ora\u0219e continu\u0103 s\u0103 se scumpeasc\u0103. Cel mai lent ritm de cre\u0219tere, \u00een Bucure\u0219ti","og_description":"Apartamentele scoase la v\u00e2nzare \u00een cele mai mari ora\u0219e din \u021bar\u0103 au continuat s\u0103 se scumpeasc\u0103 pe parcursul lunii august, arat\u0103 datele centralizate \u0219i","og_url":"https:\/\/www.imobiliare.ro\/imoexpert\/indicele-imobiliare-ro-apartamentele-din-marile-orase-continua-sa-se-scumpeasca-cel-mai-lent-ritm-de-crestere-in-bucuresti_db\/","og_site_name":"ImoExpert","article_published_time":"2023-09-12T06:26:20+00:00","og_image":[{"width":800,"height":600,"url":"https:\/\/www.imobiliare.ro\/imoexpert\/wp-content\/uploads\/2023\/09\/indicele-imobiliare-ro-august-2023.png","type":"image\/png"}],"author":"Corina V\u00e2rlan","twitter_card":"summary_large_image","twitter_misc":{"Written by":"Corina V\u00e2rlan","Est. reading time":"6 minute"},"schema":{"@context":"https:\/\/schema.org","@graph":[{"@type":"Article","@id":"https:\/\/www.imobiliare.ro\/imoexpert\/indicele-imobiliare-ro-apartamentele-din-marile-orase-continua-sa-se-scumpeasca-cel-mai-lent-ritm-de-crestere-in-bucuresti_db\/#article","isPartOf":{"@id":"https:\/\/www.imobiliare.ro\/imoexpert\/indicele-imobiliare-ro-apartamentele-din-marile-orase-continua-sa-se-scumpeasca-cel-mai-lent-ritm-de-crestere-in-bucuresti_db\/"},"author":{"name":"Corina V\u00e2rlan","@id":"https:\/\/www.imobiliare.ro\/imoexpert\/#\/schema\/person\/9ffdfbf24b82f39fc75a2fc6c19e4e99"},"headline":"Indicele Imobiliare.ro: Apartamentele din marile ora\u0219e continu\u0103 s\u0103 se scumpeasc\u0103. Cel mai lent ritm de cre\u0219tere, \u00een Bucure\u0219ti","datePublished":"2023-09-12T06:26:20+00:00","mainEntityOfPage":{"@id":"https:\/\/www.imobiliare.ro\/imoexpert\/indicele-imobiliare-ro-apartamentele-din-marile-orase-continua-sa-se-scumpeasca-cel-mai-lent-ritm-de-crestere-in-bucuresti_db\/"},"wordCount":1205,"commentCount":0,"publisher":{"@id":"https:\/\/www.imobiliare.ro\/imoexpert\/#organization"},"image":{"@id":"https:\/\/www.imobiliare.ro\/imoexpert\/indicele-imobiliare-ro-apartamentele-din-marile-orase-continua-sa-se-scumpeasca-cel-mai-lent-ritm-de-crestere-in-bucuresti_db\/#primaryimage"},"thumbnailUrl":"https:\/\/www.imobiliare.ro\/imoexpert\/wp-content\/uploads\/2023\/09\/indicele-imobiliare-ro-august-2023.png","keywords":["indicele imobiliare.ro","preturi apartamente","preturi apartamente noi","preturi apartamente vechi"],"articleSection":["\u0218tiri"],"inLanguage":"en","potentialAction":[{"@type":"CommentAction","name":"Comment","target":["https:\/\/www.imobiliare.ro\/imoexpert\/indicele-imobiliare-ro-apartamentele-din-marile-orase-continua-sa-se-scumpeasca-cel-mai-lent-ritm-de-crestere-in-bucuresti_db\/#respond"]}],"copyrightYear":"2023","copyrightHolder":{"@id":"https:\/\/www.imobiliare.ro\/imoexpert\/#organization"}},{"@type":"WebPage","@id":"https:\/\/www.imobiliare.ro\/imoexpert\/indicele-imobiliare-ro-apartamentele-din-marile-orase-continua-sa-se-scumpeasca-cel-mai-lent-ritm-de-crestere-in-bucuresti_db\/","url":"https:\/\/www.imobiliare.ro\/imoexpert\/indicele-imobiliare-ro-apartamentele-din-marile-orase-continua-sa-se-scumpeasca-cel-mai-lent-ritm-de-crestere-in-bucuresti_db\/","name":"Indicele Imobiliare.ro: Apartamentele din marile ora\u0219e continu\u0103 s\u0103 se scumpeasc\u0103. Cel mai lent ritm de cre\u0219tere, \u00een Bucure\u0219ti - \u0218tiri - ImoExpert","isPartOf":{"@id":"https:\/\/www.imobiliare.ro\/imoexpert\/#website"},"primaryImageOfPage":{"@id":"https:\/\/www.imobiliare.ro\/imoexpert\/indicele-imobiliare-ro-apartamentele-din-marile-orase-continua-sa-se-scumpeasca-cel-mai-lent-ritm-de-crestere-in-bucuresti_db\/#primaryimage"},"image":{"@id":"https:\/\/www.imobiliare.ro\/imoexpert\/indicele-imobiliare-ro-apartamentele-din-marile-orase-continua-sa-se-scumpeasca-cel-mai-lent-ritm-de-crestere-in-bucuresti_db\/#primaryimage"},"thumbnailUrl":"https:\/\/www.imobiliare.ro\/imoexpert\/wp-content\/uploads\/2023\/09\/indicele-imobiliare-ro-august-2023.png","datePublished":"2023-09-12T06:26:20+00:00","description":"Apartamentele scoase la v\u00e2nzare \u00een cele mai mari ora\u0219e din \u021bar\u0103 au continuat s\u0103 se scumpeasc\u0103 pe parcursul lunii august, arat\u0103 datele centralizate \u0219i","breadcrumb":{"@id":"https:\/\/www.imobiliare.ro\/imoexpert\/indicele-imobiliare-ro-apartamentele-din-marile-orase-continua-sa-se-scumpeasca-cel-mai-lent-ritm-de-crestere-in-bucuresti_db\/#breadcrumb"},"inLanguage":"en","potentialAction":[{"@type":"ReadAction","target":["https:\/\/www.imobiliare.ro\/imoexpert\/indicele-imobiliare-ro-apartamentele-din-marile-orase-continua-sa-se-scumpeasca-cel-mai-lent-ritm-de-crestere-in-bucuresti_db\/"]}]},{"@type":"ImageObject","inLanguage":"en","@id":"https:\/\/www.imobiliare.ro\/imoexpert\/indicele-imobiliare-ro-apartamentele-din-marile-orase-continua-sa-se-scumpeasca-cel-mai-lent-ritm-de-crestere-in-bucuresti_db\/#primaryimage","url":"https:\/\/www.imobiliare.ro\/imoexpert\/wp-content\/uploads\/2023\/09\/indicele-imobiliare-ro-august-2023.png","contentUrl":"https:\/\/www.imobiliare.ro\/imoexpert\/wp-content\/uploads\/2023\/09\/indicele-imobiliare-ro-august-2023.png","width":800,"height":600},{"@type":"BreadcrumbList","@id":"https:\/\/www.imobiliare.ro\/imoexpert\/indicele-imobiliare-ro-apartamentele-din-marile-orase-continua-sa-se-scumpeasca-cel-mai-lent-ritm-de-crestere-in-bucuresti_db\/#breadcrumb","itemListElement":[{"@type":"ListItem","position":1,"name":"Imoradar24","item":"https:\/\/www.imoradar24.ro"},{"@type":"ListItem","position":2,"name":"ImoExpert","item":"https:\/\/www.imobiliare.ro\/imoexpert\/"},{"@type":"ListItem","position":3,"name":"\u0218tiri","item":"https:\/\/www.imobiliare.ro\/imoexpert\/stiri\/"},{"@type":"ListItem","position":4,"name":"Indicele Imobiliare.ro: Apartamentele din marile ora\u0219e continu\u0103 s\u0103 se scumpeasc\u0103. Cel mai lent ritm de cre\u0219tere, \u00een Bucure\u0219ti"}]},{"@type":"WebSite","@id":"https:\/\/www.imobiliare.ro\/imoexpert\/#website","url":"https:\/\/www.imobiliare.ro\/imoexpert\/","name":"ImoExpert","description":"cele mai importante \u015ftiri din domeniul imobiliar","publisher":{"@id":"https:\/\/www.imobiliare.ro\/imoexpert\/#organization"},"inLanguage":"en"},{"@type":"Organization","@id":"https:\/\/www.imobiliare.ro\/imoexpert\/#organization","name":"Imobiliare.ro","alternateName":"Realmedia Network SA","url":"https:\/\/www.imobiliare.ro\/imoexpert\/","logo":{"@type":"ImageObject","inLanguage":"en","@id":"https:\/\/www.imobiliare.ro\/imoexpert\/#\/schema\/logo\/image\/","url":"https:\/\/www.imobiliare.ro\/imoexpert\/wp-content\/uploads\/2025\/05\/imobiliare_logo.png","contentUrl":"https:\/\/www.imobiliare.ro\/imoexpert\/wp-content\/uploads\/2025\/05\/imobiliare_logo.png","width":237,"height":29,"caption":"Imobiliare.ro"},"image":{"@id":"https:\/\/www.imobiliare.ro\/imoexpert\/#\/schema\/logo\/image\/"}},{"@type":"Person","@id":"https:\/\/www.imobiliare.ro\/imoexpert\/#\/schema\/person\/9ffdfbf24b82f39fc75a2fc6c19e4e99","name":"Corina V\u00e2rlan","image":{"@type":"ImageObject","inLanguage":"en","@id":"https:\/\/www.imobiliare.ro\/imoexpert\/#\/schema\/person\/image\/","url":"https:\/\/www.imobiliare.ro\/imoexpert\/wp-content\/uploads\/2026\/02\/12-02-2025-5-rezumat-brasov-thumb-reels-1-1-96x96.png","contentUrl":"https:\/\/www.imobiliare.ro\/imoexpert\/wp-content\/uploads\/2026\/02\/12-02-2025-5-rezumat-brasov-thumb-reels-1-1-96x96.png","caption":"Corina V\u00e2rlan"},"description":"Cu o experien\u021b\u0103 de 14 ani \u00een presa online, comunicare \u0219i content marketing, Corina V\u00e2rlan s-a al\u0103turat echipei Imobiliare.ro \u00een urm\u0103 cu 8 ani \u0219i ocup\u0103, \u00een prezent, func\u021bia de Content Manager. Ea este gazda emisiunii \"\u00centreab\u0103 expertul\" \u0219i a seriei 5 \u0218tiri Imobiliare.ro, realizate \u00een parteneriat cu Libertatea. Corina \u00ee\u0219i concentreaz\u0103 activitatea pe analiza datelor de pia\u021b\u0103 \u0219i pe subiecte de interes at\u00e2t pentru cei afla\u021bi \u00een c\u0103utarea unei locuin\u021be, c\u00e2t \u0219i pentru proprietari sau chiria\u0219i.","alternateName":"Corina","jobTitle":"Content Manager","url":"https:\/\/www.imobiliare.ro\/imoexpert\/author\/corina-varlan\/"}]}},"_links":{"self":[{"href":"https:\/\/www.imobiliare.ro\/imoexpert\/wp-json\/wp\/v2\/posts\/67443","targetHints":{"allow":["GET"]}}],"collection":[{"href":"https:\/\/www.imobiliare.ro\/imoexpert\/wp-json\/wp\/v2\/posts"}],"about":[{"href":"https:\/\/www.imobiliare.ro\/imoexpert\/wp-json\/wp\/v2\/types\/post"}],"author":[{"embeddable":true,"href":"https:\/\/www.imobiliare.ro\/imoexpert\/wp-json\/wp\/v2\/users\/5891"}],"replies":[{"embeddable":true,"href":"https:\/\/www.imobiliare.ro\/imoexpert\/wp-json\/wp\/v2\/comments?post=67443"}],"version-history":[{"count":0,"href":"https:\/\/www.imobiliare.ro\/imoexpert\/wp-json\/wp\/v2\/posts\/67443\/revisions"}],"wp:featuredmedia":[{"embeddable":true,"href":"https:\/\/www.imobiliare.ro\/imoexpert\/wp-json\/wp\/v2\/media\/67444"}],"wp:attachment":[{"href":"https:\/\/www.imobiliare.ro\/imoexpert\/wp-json\/wp\/v2\/media?parent=67443"}],"wp:term":[{"taxonomy":"category","embeddable":true,"href":"https:\/\/www.imobiliare.ro\/imoexpert\/wp-json\/wp\/v2\/categories?post=67443"},{"taxonomy":"post_tag","embeddable":true,"href":"https:\/\/www.imobiliare.ro\/imoexpert\/wp-json\/wp\/v2\/tags?post=67443"},{"taxonomy":"content_author","embeddable":true,"href":"https:\/\/www.imobiliare.ro\/imoexpert\/wp-json\/wp\/v2\/content_author?post=67443"}],"curies":[{"name":"wp","href":"https:\/\/api.w.org\/{rel}","templated":true}]}}