{"id":67849,"date":"2023-10-17T16:40:37","date_gmt":"2023-10-17T13:40:37","guid":{"rendered":"https:\/\/www.imobiliare.ro\/imoexpert\/?p=67849"},"modified":"2023-10-17T16:40:37","modified_gmt":"2023-10-17T13:40:37","slug":"schimbari-surpriza-pe-segmentul-chiriilor-bucurestiul-vine-din-urma-si-egaleaza-clujul-cum-vor-evolua-preturile-in-aceasta-iarna","status":"publish","type":"post","link":"https:\/\/www.imobiliare.ro\/imoexpert\/schimbari-surpriza-pe-segmentul-chiriilor-bucurestiul-vine-din-urma-si-egaleaza-clujul-cum-vor-evolua-preturile-in-aceasta-iarna_db\/","title":{"rendered":"Schimb\u0103ri surpriz\u0103 pe segmentul chiriilor: Bucure\u0219tiul vine din urm\u0103 \u0219i egaleaz\u0103 Clujul. Cum vor evolua pre\u021burile \u00een aceast\u0103 iarn\u0103?"},"content":{"rendered":"\n<iframe loading=\"lazy\" style=\"height: 396px!important;\" src=\"https:\/\/www.youtube.com\/embed\/l0Jd0Goz2wQ?si=F2kLXfHuVerk2JMD\" title=\"YouTube video player\" frameborder=\"0\" allow=\"accelerometer; autoplay; clipboard-write; encrypted-media; gyroscope; picture-in-picture; web-share\" allowfullscreen=\"\" width=\"792\" height=\"396\" frameborder=\"0\"><\/iframe>\n\n\n\n<p><strong>Septembrie, denumit\u0103 \u0219i \u201cluna de foc\u201d pe pia\u021ba chiriilor a reorganizat topul ora\u0219elor pe segmentul chiriilor. \u00cen cel mai nou material <a class=\"article-body-links\"href=\"https:\/\/www.youtube.com\/watch?v=l0Jd0Goz2wQ\">Imobiliare.ro Insights<\/a>, Daniel Crainic, director de marketing Imobiliare.ro, dezv\u0103luie care sunt ora\u0219ele cu cele mai mari major\u0103ri \u0219i prognozele pentru perioada viitoare.<\/strong><\/p>\n\n\n\n<p>Cererea ridicat\u0103 din partea studen\u021bilor pentru locuin\u021bele de \u00eenchiriat \u0219i oferta limitat\u0103 pe acest segment a facut ca pre\u021bul s\u0103 creasc\u0103 semnificativ \u00een marile ora\u0219e.<\/p>\n\n\n\n<p>Din punct de vedere al pre\u021bului, locuin\u021bele din Capital\u0103, le-au ajuns pe cele din Cluj-Napoca, ora\u0219 considerat p\u00e2n\u0103 acum cel mai scump pentru chiria\u0219i, cele mai sc\u0103zute scumpiri s-au observant \u00een Timi\u0219oara, iar cele mai mari scumpiri, \u00een Constan\u021ba.<\/p>\n\n\n\n<p>\u201cSuntem \u00een continuare \u00een perioada de v\u00e2rf \u00een ceea ce prive\u0219te cererea pe segmentul chiriilor. Dac\u0103 este s\u0103 lu\u0103m segmentul de dou\u0103 camere, avem cre\u0219teri cuprinse \u00eentre 9,4% &#8211; 10%, \u00eentre Timi\u0219oara \u0219i Ia\u0219i, iar v\u00e2rfuri de 20% \u00een Constan\u021ba. La fel, \u00een ceea ce prive\u0219te evolu\u021bia pre\u021burilor, \u00een Cluj \u0219i \u00een Bucure\u0219ti, pre\u021bul mediu a ajuns la 500 de euro pentru \u00eenchirierea unui apartament cu dou\u0103 camere. Bucure\u0219tiul vine din urm\u0103 \u0219i egaleaz\u0103 Clujul. \u00cen Timi\u0219oara, pre\u021burile continu\u0103 s\u0103 fie mai abordabile \u00een Timi\u0219oara,\u201d <strong>declar\u0103 &nbsp;Daniel Crainic, director de marketing Imobiliare.ro.<\/strong><\/p>\n\n\n\n<p>\u00cen perioada urm\u0103toare, speciali\u0219tii se a\u0219teapt\u0103 ca pre\u021burile s\u0103 se stabilizeze \u0219i s\u0103 \u201eintram \u00eentr-o perioad\u0103 mai calm\u0103, de iarn\u0103.\u201d<\/p>\n","protected":false},"excerpt":{"rendered":"<p>Septembrie, denumit\u0103 \u0219i \u201cluna de foc\u201d pe pia\u021ba chiriilor a reorganizat topul ora\u0219elor pe segmentul chiriilor. \u00cen cel mai nou material Imobiliare.ro Insights, Daniel Crainic, director de marketing Imobiliare.ro, dezv\u0103luie care sunt ora\u0219ele cu cele mai mari major\u0103ri \u0219i prognozele pentru perioada viitoare. Cererea ridicat\u0103 din partea studen\u021bilor pentru locuin\u021bele de \u00eenchiriat \u0219i oferta limitat\u0103 [&hellip;]<\/p>\n","protected":false},"author":853852,"featured_media":67853,"comment_status":"open","ping_status":"open","sticky":true,"template":"","format":"standard","meta":{"footnotes":""},"categories":[259,2455],"tags":[339,323],"content_author":[],"class_list":["post-67849","post","type-post","status-publish","format-standard","has-post-thumbnail","hentry","category-stiri","category-video","tag-chirii","tag-preturi"],"yoast_head":"<!-- This site is optimized with the Yoast SEO Premium plugin v27.0 (Yoast SEO v27.0) - https:\/\/yoast.com\/product\/yoast-seo-premium-wordpress\/ -->\n<title>Schimb\u0103ri surpriz\u0103 pe segmentul chiriilor: Bucure\u0219tiul vine din urm\u0103 \u0219i egaleaz\u0103 Clujul. Cum vor evolua pre\u021burile \u00een aceast\u0103 iarn\u0103? - \u0218tiri, Video - ImoExpert %<\/title>\n<meta name=\"description\" content=\"Septembrie, denumit\u0103 \u0219i \u201cluna de foc\u201d pe pia\u021ba chiriilor a reorganizat topul ora\u0219elor pe segmentul chiriilor. \u00cen cel mai nou material Imobiliare.ro\" \/>\n<meta name=\"robots\" content=\"index, follow\" \/>\n<link rel=\"canonical\" href=\"https:\/\/www.imobiliare.ro\/imoexpert\/schimbari-surpriza-pe-segmentul-chiriilor-bucurestiul-vine-din-urma-si-egaleaza-clujul-cum-vor-evolua-preturile-in-aceasta-iarna_db\/\" \/>\n<meta property=\"og:locale\" content=\"ro_RO\" \/>\n<meta property=\"og:type\" content=\"article\" \/>\n<meta property=\"og:title\" content=\"Schimb\u0103ri surpriz\u0103 pe segmentul chiriilor: Bucure\u0219tiul vine din urm\u0103 \u0219i egaleaz\u0103 Clujul. Cum vor evolua pre\u021burile \u00een aceast\u0103 iarn\u0103?\" \/>\n<meta property=\"og:description\" content=\"Septembrie, denumit\u0103 \u0219i \u201cluna de foc\u201d pe pia\u021ba chiriilor a reorganizat topul ora\u0219elor pe segmentul chiriilor. \u00cen cel mai nou material Imobiliare.ro\" \/>\n<meta property=\"og:url\" content=\"https:\/\/www.imobiliare.ro\/imoexpert\/schimbari-surpriza-pe-segmentul-chiriilor-bucurestiul-vine-din-urma-si-egaleaza-clujul-cum-vor-evolua-preturile-in-aceasta-iarna_db\/\" \/>\n<meta property=\"og:site_name\" content=\"ImoExpert\" \/>\n<meta property=\"article:published_time\" content=\"2023-10-17T13:40:37+00:00\" \/>\n<meta property=\"og:image\" content=\"https:\/\/www.imobiliare.ro\/imoexpert\/wp-content\/uploads\/2023\/10\/splash-insights.jpg\" \/>\n\t<meta property=\"og:image:width\" content=\"1200\" \/>\n\t<meta property=\"og:image:height\" content=\"675\" \/>\n\t<meta property=\"og:image:type\" content=\"image\/jpeg\" \/>\n<meta name=\"author\" content=\"Corina Sfia\" \/>\n<meta name=\"twitter:card\" content=\"summary_large_image\" \/>\n<meta name=\"twitter:label1\" content=\"Written by\" \/>\n\t<meta name=\"twitter:data1\" content=\"Corina Sfia\" \/>\n\t<meta name=\"twitter:label2\" content=\"Est. reading time\" \/>\n\t<meta name=\"twitter:data2\" content=\"1 minut\" \/>\n<script type=\"application\/ld+json\" class=\"yoast-schema-graph\">{\"@context\":\"https:\/\/schema.org\",\"@graph\":[{\"@type\":\"Article\",\"@id\":\"https:\/\/www.imobiliare.ro\/imoexpert\/schimbari-surpriza-pe-segmentul-chiriilor-bucurestiul-vine-din-urma-si-egaleaza-clujul-cum-vor-evolua-preturile-in-aceasta-iarna_db\/#article\",\"isPartOf\":{\"@id\":\"https:\/\/www.imobiliare.ro\/imoexpert\/schimbari-surpriza-pe-segmentul-chiriilor-bucurestiul-vine-din-urma-si-egaleaza-clujul-cum-vor-evolua-preturile-in-aceasta-iarna_db\/\"},\"author\":{\"name\":\"Corina Sfia\",\"@id\":\"https:\/\/www.imobiliare.ro\/imoexpert\/#\/schema\/person\/05beb62efa22e8e5445349a3eb6c5247\"},\"headline\":\"Schimb\u0103ri surpriz\u0103 pe segmentul chiriilor: Bucure\u0219tiul vine din urm\u0103 \u0219i egaleaz\u0103 Clujul. Cum vor evolua pre\u021burile \u00een aceast\u0103 iarn\u0103?\",\"datePublished\":\"2023-10-17T13:40:37+00:00\",\"mainEntityOfPage\":{\"@id\":\"https:\/\/www.imobiliare.ro\/imoexpert\/schimbari-surpriza-pe-segmentul-chiriilor-bucurestiul-vine-din-urma-si-egaleaza-clujul-cum-vor-evolua-preturile-in-aceasta-iarna_db\/\"},\"wordCount\":278,\"commentCount\":0,\"publisher\":{\"@id\":\"https:\/\/www.imobiliare.ro\/imoexpert\/#organization\"},\"image\":{\"@id\":\"https:\/\/www.imobiliare.ro\/imoexpert\/schimbari-surpriza-pe-segmentul-chiriilor-bucurestiul-vine-din-urma-si-egaleaza-clujul-cum-vor-evolua-preturile-in-aceasta-iarna_db\/#primaryimage\"},\"thumbnailUrl\":\"https:\/\/www.imobiliare.ro\/imoexpert\/wp-content\/uploads\/2023\/10\/splash-insights.jpg\",\"keywords\":[\"chirii\",\"preturi\"],\"articleSection\":[\"\u0218tiri\",\"Video\"],\"inLanguage\":\"en\",\"potentialAction\":[{\"@type\":\"CommentAction\",\"name\":\"Comment\",\"target\":[\"https:\/\/www.imobiliare.ro\/imoexpert\/schimbari-surpriza-pe-segmentul-chiriilor-bucurestiul-vine-din-urma-si-egaleaza-clujul-cum-vor-evolua-preturile-in-aceasta-iarna_db\/#respond\"]}],\"copyrightYear\":\"2023\",\"copyrightHolder\":{\"@id\":\"https:\/\/www.imobiliare.ro\/imoexpert\/#organization\"}},{\"@type\":\"WebPage\",\"@id\":\"https:\/\/www.imobiliare.ro\/imoexpert\/schimbari-surpriza-pe-segmentul-chiriilor-bucurestiul-vine-din-urma-si-egaleaza-clujul-cum-vor-evolua-preturile-in-aceasta-iarna_db\/\",\"url\":\"https:\/\/www.imobiliare.ro\/imoexpert\/schimbari-surpriza-pe-segmentul-chiriilor-bucurestiul-vine-din-urma-si-egaleaza-clujul-cum-vor-evolua-preturile-in-aceasta-iarna_db\/\",\"name\":\"Schimb\u0103ri surpriz\u0103 pe segmentul chiriilor: Bucure\u0219tiul vine din urm\u0103 \u0219i egaleaz\u0103 Clujul. Cum vor evolua pre\u021burile \u00een aceast\u0103 iarn\u0103? - \u0218tiri, Video - ImoExpert %\",\"isPartOf\":{\"@id\":\"https:\/\/www.imobiliare.ro\/imoexpert\/#website\"},\"primaryImageOfPage\":{\"@id\":\"https:\/\/www.imobiliare.ro\/imoexpert\/schimbari-surpriza-pe-segmentul-chiriilor-bucurestiul-vine-din-urma-si-egaleaza-clujul-cum-vor-evolua-preturile-in-aceasta-iarna_db\/#primaryimage\"},\"image\":{\"@id\":\"https:\/\/www.imobiliare.ro\/imoexpert\/schimbari-surpriza-pe-segmentul-chiriilor-bucurestiul-vine-din-urma-si-egaleaza-clujul-cum-vor-evolua-preturile-in-aceasta-iarna_db\/#primaryimage\"},\"thumbnailUrl\":\"https:\/\/www.imobiliare.ro\/imoexpert\/wp-content\/uploads\/2023\/10\/splash-insights.jpg\",\"datePublished\":\"2023-10-17T13:40:37+00:00\",\"description\":\"Septembrie, denumit\u0103 \u0219i \u201cluna de foc\u201d pe pia\u021ba chiriilor a reorganizat topul ora\u0219elor pe segmentul chiriilor. \u00cen cel mai nou material Imobiliare.ro\",\"breadcrumb\":{\"@id\":\"https:\/\/www.imobiliare.ro\/imoexpert\/schimbari-surpriza-pe-segmentul-chiriilor-bucurestiul-vine-din-urma-si-egaleaza-clujul-cum-vor-evolua-preturile-in-aceasta-iarna_db\/#breadcrumb\"},\"inLanguage\":\"en\",\"potentialAction\":[{\"@type\":\"ReadAction\",\"target\":[\"https:\/\/www.imobiliare.ro\/imoexpert\/schimbari-surpriza-pe-segmentul-chiriilor-bucurestiul-vine-din-urma-si-egaleaza-clujul-cum-vor-evolua-preturile-in-aceasta-iarna_db\/\"]}]},{\"@type\":\"ImageObject\",\"inLanguage\":\"en\",\"@id\":\"https:\/\/www.imobiliare.ro\/imoexpert\/schimbari-surpriza-pe-segmentul-chiriilor-bucurestiul-vine-din-urma-si-egaleaza-clujul-cum-vor-evolua-preturile-in-aceasta-iarna_db\/#primaryimage\",\"url\":\"https:\/\/www.imobiliare.ro\/imoexpert\/wp-content\/uploads\/2023\/10\/splash-insights.jpg\",\"contentUrl\":\"https:\/\/www.imobiliare.ro\/imoexpert\/wp-content\/uploads\/2023\/10\/splash-insights.jpg\",\"width\":1200,\"height\":675},{\"@type\":\"BreadcrumbList\",\"@id\":\"https:\/\/www.imobiliare.ro\/imoexpert\/schimbari-surpriza-pe-segmentul-chiriilor-bucurestiul-vine-din-urma-si-egaleaza-clujul-cum-vor-evolua-preturile-in-aceasta-iarna_db\/#breadcrumb\",\"itemListElement\":[{\"@type\":\"ListItem\",\"position\":1,\"name\":\"Imoradar24\",\"item\":\"https:\/\/www.imoradar24.ro\"},{\"@type\":\"ListItem\",\"position\":2,\"name\":\"ImoExpert\",\"item\":\"https:\/\/www.imobiliare.ro\/imoexpert\/\"},{\"@type\":\"ListItem\",\"position\":3,\"name\":\"\u0218tiri\",\"item\":\"https:\/\/www.imobiliare.ro\/imoexpert\/stiri\/\"},{\"@type\":\"ListItem\",\"position\":4,\"name\":\"Schimb\u0103ri surpriz\u0103 pe segmentul chiriilor: Bucure\u0219tiul vine din urm\u0103 \u0219i egaleaz\u0103 Clujul. Cum vor evolua pre\u021burile \u00een aceast\u0103 iarn\u0103?\"}]},{\"@type\":\"WebSite\",\"@id\":\"https:\/\/www.imobiliare.ro\/imoexpert\/#website\",\"url\":\"https:\/\/www.imobiliare.ro\/imoexpert\/\",\"name\":\"ImoExpert\",\"description\":\"cele mai importante \u015ftiri din domeniul imobiliar\",\"publisher\":{\"@id\":\"https:\/\/www.imobiliare.ro\/imoexpert\/#organization\"},\"inLanguage\":\"en\"},{\"@type\":\"Organization\",\"@id\":\"https:\/\/www.imobiliare.ro\/imoexpert\/#organization\",\"name\":\"Imobiliare.ro\",\"alternateName\":\"Realmedia Network SA\",\"url\":\"https:\/\/www.imobiliare.ro\/imoexpert\/\",\"logo\":{\"@type\":\"ImageObject\",\"inLanguage\":\"en\",\"@id\":\"https:\/\/www.imobiliare.ro\/imoexpert\/#\/schema\/logo\/image\/\",\"url\":\"https:\/\/www.imobiliare.ro\/imoexpert\/wp-content\/uploads\/2025\/05\/imobiliare_logo.png\",\"contentUrl\":\"https:\/\/www.imobiliare.ro\/imoexpert\/wp-content\/uploads\/2025\/05\/imobiliare_logo.png\",\"width\":237,\"height\":29,\"caption\":\"Imobiliare.ro\"},\"image\":{\"@id\":\"https:\/\/www.imobiliare.ro\/imoexpert\/#\/schema\/logo\/image\/\"}},{\"@type\":\"Person\",\"@id\":\"https:\/\/www.imobiliare.ro\/imoexpert\/#\/schema\/person\/05beb62efa22e8e5445349a3eb6c5247\",\"name\":\"Corina Sfia\",\"image\":{\"@type\":\"ImageObject\",\"inLanguage\":\"en\",\"@id\":\"https:\/\/www.imobiliare.ro\/imoexpert\/#\/schema\/person\/image\/\",\"url\":\"https:\/\/www.imobiliare.ro\/imoexpert\/wp-content\/uploads\/2025\/10\/corina-sfia-96x96.jpeg\",\"contentUrl\":\"https:\/\/www.imobiliare.ro\/imoexpert\/wp-content\/uploads\/2025\/10\/corina-sfia-96x96.jpeg\",\"caption\":\"Corina Sfia\"},\"description\":\"Corina Sfia are peste 18 ani de experien\u021b\u0103 \u00een televiziune, presa scris\u0103, audio-vizual, comunicare \u0219i content marketing. A activat \u00een presa de televiziune, la Digi24, precum \u0219i \u00een presa scris\u0103, iar \u00een prezent ocup\u0103 func\u021bia de Video Content Manager la Imobiliare.ro. Este implicat\u0103 \u00een realizarea unor produc\u021bii video, printre care Talks by Imobiliare.ro, Insights sau\u00a0Fail Imobiliar, \u0219i contribuie la realizarea unor interviuri speciale \u00een parteneriat cu Libertatea. Totodat\u0103, modereaz\u0103 \u0219i g\u0103zduie\u0219te evenimente dedicate industriei imobiliare.\",\"sameAs\":[\"http:\/\/www.sfia.ro\",\"https:\/\/ro.linkedin.com\/in\/corina-sfia-63794a216\"],\"jobTitle\":\"Video Content Manager\",\"award\":\"Cinematic Excellence Award, Imobiliare.ro, 2024\",\"url\":\"https:\/\/www.imobiliare.ro\/imoexpert\/author\/corina-sfia\/\"}]}<\/script>\n<!-- \/ Yoast SEO Premium plugin. -->","yoast_head_json":{"title":"Schimb\u0103ri surpriz\u0103 pe segmentul chiriilor: Bucure\u0219tiul vine din urm\u0103 \u0219i egaleaz\u0103 Clujul. Cum vor evolua pre\u021burile \u00een aceast\u0103 iarn\u0103? - \u0218tiri, Video - ImoExpert %","description":"Septembrie, denumit\u0103 \u0219i \u201cluna de foc\u201d pe pia\u021ba chiriilor a reorganizat topul ora\u0219elor pe segmentul chiriilor. \u00cen cel mai nou material Imobiliare.ro","robots":{"index":"index","follow":"follow"},"canonical":"https:\/\/www.imobiliare.ro\/imoexpert\/schimbari-surpriza-pe-segmentul-chiriilor-bucurestiul-vine-din-urma-si-egaleaza-clujul-cum-vor-evolua-preturile-in-aceasta-iarna_db\/","og_locale":"ro_RO","og_type":"article","og_title":"Schimb\u0103ri surpriz\u0103 pe segmentul chiriilor: Bucure\u0219tiul vine din urm\u0103 \u0219i egaleaz\u0103 Clujul. Cum vor evolua pre\u021burile \u00een aceast\u0103 iarn\u0103?","og_description":"Septembrie, denumit\u0103 \u0219i \u201cluna de foc\u201d pe pia\u021ba chiriilor a reorganizat topul ora\u0219elor pe segmentul chiriilor. \u00cen cel mai nou material Imobiliare.ro","og_url":"https:\/\/www.imobiliare.ro\/imoexpert\/schimbari-surpriza-pe-segmentul-chiriilor-bucurestiul-vine-din-urma-si-egaleaza-clujul-cum-vor-evolua-preturile-in-aceasta-iarna_db\/","og_site_name":"ImoExpert","article_published_time":"2023-10-17T13:40:37+00:00","og_image":[{"width":1200,"height":675,"url":"https:\/\/www.imobiliare.ro\/imoexpert\/wp-content\/uploads\/2023\/10\/splash-insights.jpg","type":"image\/jpeg"}],"author":"Corina Sfia","twitter_card":"summary_large_image","twitter_misc":{"Written by":"Corina Sfia","Est. reading time":"1 minut"},"schema":{"@context":"https:\/\/schema.org","@graph":[{"@type":"Article","@id":"https:\/\/www.imobiliare.ro\/imoexpert\/schimbari-surpriza-pe-segmentul-chiriilor-bucurestiul-vine-din-urma-si-egaleaza-clujul-cum-vor-evolua-preturile-in-aceasta-iarna_db\/#article","isPartOf":{"@id":"https:\/\/www.imobiliare.ro\/imoexpert\/schimbari-surpriza-pe-segmentul-chiriilor-bucurestiul-vine-din-urma-si-egaleaza-clujul-cum-vor-evolua-preturile-in-aceasta-iarna_db\/"},"author":{"name":"Corina Sfia","@id":"https:\/\/www.imobiliare.ro\/imoexpert\/#\/schema\/person\/05beb62efa22e8e5445349a3eb6c5247"},"headline":"Schimb\u0103ri surpriz\u0103 pe segmentul chiriilor: Bucure\u0219tiul vine din urm\u0103 \u0219i egaleaz\u0103 Clujul. Cum vor evolua pre\u021burile \u00een aceast\u0103 iarn\u0103?","datePublished":"2023-10-17T13:40:37+00:00","mainEntityOfPage":{"@id":"https:\/\/www.imobiliare.ro\/imoexpert\/schimbari-surpriza-pe-segmentul-chiriilor-bucurestiul-vine-din-urma-si-egaleaza-clujul-cum-vor-evolua-preturile-in-aceasta-iarna_db\/"},"wordCount":278,"commentCount":0,"publisher":{"@id":"https:\/\/www.imobiliare.ro\/imoexpert\/#organization"},"image":{"@id":"https:\/\/www.imobiliare.ro\/imoexpert\/schimbari-surpriza-pe-segmentul-chiriilor-bucurestiul-vine-din-urma-si-egaleaza-clujul-cum-vor-evolua-preturile-in-aceasta-iarna_db\/#primaryimage"},"thumbnailUrl":"https:\/\/www.imobiliare.ro\/imoexpert\/wp-content\/uploads\/2023\/10\/splash-insights.jpg","keywords":["chirii","preturi"],"articleSection":["\u0218tiri","Video"],"inLanguage":"en","potentialAction":[{"@type":"CommentAction","name":"Comment","target":["https:\/\/www.imobiliare.ro\/imoexpert\/schimbari-surpriza-pe-segmentul-chiriilor-bucurestiul-vine-din-urma-si-egaleaza-clujul-cum-vor-evolua-preturile-in-aceasta-iarna_db\/#respond"]}],"copyrightYear":"2023","copyrightHolder":{"@id":"https:\/\/www.imobiliare.ro\/imoexpert\/#organization"}},{"@type":"WebPage","@id":"https:\/\/www.imobiliare.ro\/imoexpert\/schimbari-surpriza-pe-segmentul-chiriilor-bucurestiul-vine-din-urma-si-egaleaza-clujul-cum-vor-evolua-preturile-in-aceasta-iarna_db\/","url":"https:\/\/www.imobiliare.ro\/imoexpert\/schimbari-surpriza-pe-segmentul-chiriilor-bucurestiul-vine-din-urma-si-egaleaza-clujul-cum-vor-evolua-preturile-in-aceasta-iarna_db\/","name":"Schimb\u0103ri surpriz\u0103 pe segmentul chiriilor: Bucure\u0219tiul vine din urm\u0103 \u0219i egaleaz\u0103 Clujul. Cum vor evolua pre\u021burile \u00een aceast\u0103 iarn\u0103? - \u0218tiri, Video - ImoExpert %","isPartOf":{"@id":"https:\/\/www.imobiliare.ro\/imoexpert\/#website"},"primaryImageOfPage":{"@id":"https:\/\/www.imobiliare.ro\/imoexpert\/schimbari-surpriza-pe-segmentul-chiriilor-bucurestiul-vine-din-urma-si-egaleaza-clujul-cum-vor-evolua-preturile-in-aceasta-iarna_db\/#primaryimage"},"image":{"@id":"https:\/\/www.imobiliare.ro\/imoexpert\/schimbari-surpriza-pe-segmentul-chiriilor-bucurestiul-vine-din-urma-si-egaleaza-clujul-cum-vor-evolua-preturile-in-aceasta-iarna_db\/#primaryimage"},"thumbnailUrl":"https:\/\/www.imobiliare.ro\/imoexpert\/wp-content\/uploads\/2023\/10\/splash-insights.jpg","datePublished":"2023-10-17T13:40:37+00:00","description":"Septembrie, denumit\u0103 \u0219i \u201cluna de foc\u201d pe pia\u021ba chiriilor a reorganizat topul ora\u0219elor pe segmentul chiriilor. \u00cen cel mai nou material Imobiliare.ro","breadcrumb":{"@id":"https:\/\/www.imobiliare.ro\/imoexpert\/schimbari-surpriza-pe-segmentul-chiriilor-bucurestiul-vine-din-urma-si-egaleaza-clujul-cum-vor-evolua-preturile-in-aceasta-iarna_db\/#breadcrumb"},"inLanguage":"en","potentialAction":[{"@type":"ReadAction","target":["https:\/\/www.imobiliare.ro\/imoexpert\/schimbari-surpriza-pe-segmentul-chiriilor-bucurestiul-vine-din-urma-si-egaleaza-clujul-cum-vor-evolua-preturile-in-aceasta-iarna_db\/"]}]},{"@type":"ImageObject","inLanguage":"en","@id":"https:\/\/www.imobiliare.ro\/imoexpert\/schimbari-surpriza-pe-segmentul-chiriilor-bucurestiul-vine-din-urma-si-egaleaza-clujul-cum-vor-evolua-preturile-in-aceasta-iarna_db\/#primaryimage","url":"https:\/\/www.imobiliare.ro\/imoexpert\/wp-content\/uploads\/2023\/10\/splash-insights.jpg","contentUrl":"https:\/\/www.imobiliare.ro\/imoexpert\/wp-content\/uploads\/2023\/10\/splash-insights.jpg","width":1200,"height":675},{"@type":"BreadcrumbList","@id":"https:\/\/www.imobiliare.ro\/imoexpert\/schimbari-surpriza-pe-segmentul-chiriilor-bucurestiul-vine-din-urma-si-egaleaza-clujul-cum-vor-evolua-preturile-in-aceasta-iarna_db\/#breadcrumb","itemListElement":[{"@type":"ListItem","position":1,"name":"Imoradar24","item":"https:\/\/www.imoradar24.ro"},{"@type":"ListItem","position":2,"name":"ImoExpert","item":"https:\/\/www.imobiliare.ro\/imoexpert\/"},{"@type":"ListItem","position":3,"name":"\u0218tiri","item":"https:\/\/www.imobiliare.ro\/imoexpert\/stiri\/"},{"@type":"ListItem","position":4,"name":"Schimb\u0103ri surpriz\u0103 pe segmentul chiriilor: Bucure\u0219tiul vine din urm\u0103 \u0219i egaleaz\u0103 Clujul. Cum vor evolua pre\u021burile \u00een aceast\u0103 iarn\u0103?"}]},{"@type":"WebSite","@id":"https:\/\/www.imobiliare.ro\/imoexpert\/#website","url":"https:\/\/www.imobiliare.ro\/imoexpert\/","name":"ImoExpert","description":"cele mai importante \u015ftiri din domeniul imobiliar","publisher":{"@id":"https:\/\/www.imobiliare.ro\/imoexpert\/#organization"},"inLanguage":"en"},{"@type":"Organization","@id":"https:\/\/www.imobiliare.ro\/imoexpert\/#organization","name":"Imobiliare.ro","alternateName":"Realmedia Network SA","url":"https:\/\/www.imobiliare.ro\/imoexpert\/","logo":{"@type":"ImageObject","inLanguage":"en","@id":"https:\/\/www.imobiliare.ro\/imoexpert\/#\/schema\/logo\/image\/","url":"https:\/\/www.imobiliare.ro\/imoexpert\/wp-content\/uploads\/2025\/05\/imobiliare_logo.png","contentUrl":"https:\/\/www.imobiliare.ro\/imoexpert\/wp-content\/uploads\/2025\/05\/imobiliare_logo.png","width":237,"height":29,"caption":"Imobiliare.ro"},"image":{"@id":"https:\/\/www.imobiliare.ro\/imoexpert\/#\/schema\/logo\/image\/"}},{"@type":"Person","@id":"https:\/\/www.imobiliare.ro\/imoexpert\/#\/schema\/person\/05beb62efa22e8e5445349a3eb6c5247","name":"Corina Sfia","image":{"@type":"ImageObject","inLanguage":"en","@id":"https:\/\/www.imobiliare.ro\/imoexpert\/#\/schema\/person\/image\/","url":"https:\/\/www.imobiliare.ro\/imoexpert\/wp-content\/uploads\/2025\/10\/corina-sfia-96x96.jpeg","contentUrl":"https:\/\/www.imobiliare.ro\/imoexpert\/wp-content\/uploads\/2025\/10\/corina-sfia-96x96.jpeg","caption":"Corina Sfia"},"description":"Corina Sfia are peste 18 ani de experien\u021b\u0103 \u00een televiziune, presa scris\u0103, audio-vizual, comunicare \u0219i content marketing. A activat \u00een presa de televiziune, la Digi24, precum \u0219i \u00een presa scris\u0103, iar \u00een prezent ocup\u0103 func\u021bia de Video Content Manager la Imobiliare.ro. Este implicat\u0103 \u00een realizarea unor produc\u021bii video, printre care Talks by Imobiliare.ro, Insights sau\u00a0Fail Imobiliar, \u0219i contribuie la realizarea unor interviuri speciale \u00een parteneriat cu Libertatea. Totodat\u0103, modereaz\u0103 \u0219i g\u0103zduie\u0219te evenimente dedicate industriei imobiliare.","sameAs":["http:\/\/www.sfia.ro","https:\/\/ro.linkedin.com\/in\/corina-sfia-63794a216"],"jobTitle":"Video Content Manager","award":"Cinematic Excellence Award, Imobiliare.ro, 2024","url":"https:\/\/www.imobiliare.ro\/imoexpert\/author\/corina-sfia\/"}]}},"_links":{"self":[{"href":"https:\/\/www.imobiliare.ro\/imoexpert\/wp-json\/wp\/v2\/posts\/67849","targetHints":{"allow":["GET"]}}],"collection":[{"href":"https:\/\/www.imobiliare.ro\/imoexpert\/wp-json\/wp\/v2\/posts"}],"about":[{"href":"https:\/\/www.imobiliare.ro\/imoexpert\/wp-json\/wp\/v2\/types\/post"}],"author":[{"embeddable":true,"href":"https:\/\/www.imobiliare.ro\/imoexpert\/wp-json\/wp\/v2\/users\/853852"}],"replies":[{"embeddable":true,"href":"https:\/\/www.imobiliare.ro\/imoexpert\/wp-json\/wp\/v2\/comments?post=67849"}],"version-history":[{"count":0,"href":"https:\/\/www.imobiliare.ro\/imoexpert\/wp-json\/wp\/v2\/posts\/67849\/revisions"}],"wp:featuredmedia":[{"embeddable":true,"href":"https:\/\/www.imobiliare.ro\/imoexpert\/wp-json\/wp\/v2\/media\/67853"}],"wp:attachment":[{"href":"https:\/\/www.imobiliare.ro\/imoexpert\/wp-json\/wp\/v2\/media?parent=67849"}],"wp:term":[{"taxonomy":"category","embeddable":true,"href":"https:\/\/www.imobiliare.ro\/imoexpert\/wp-json\/wp\/v2\/categories?post=67849"},{"taxonomy":"post_tag","embeddable":true,"href":"https:\/\/www.imobiliare.ro\/imoexpert\/wp-json\/wp\/v2\/tags?post=67849"},{"taxonomy":"content_author","embeddable":true,"href":"https:\/\/www.imobiliare.ro\/imoexpert\/wp-json\/wp\/v2\/content_author?post=67849"}],"curies":[{"name":"wp","href":"https:\/\/api.w.org\/{rel}","templated":true}]}}