{"id":68077,"date":"2023-11-11T07:33:05","date_gmt":"2023-11-11T05:33:05","guid":{"rendered":"https:\/\/www.imobiliare.ro\/imoexpert\/?p=68077"},"modified":"2023-11-11T07:33:05","modified_gmt":"2023-11-11T05:33:05","slug":"apartamentele-din-cluj-napoca-tot-mai-vanate-investitii-majore-pe-plan-local","status":"publish","type":"post","link":"https:\/\/www.imobiliare.ro\/imoexpert\/apartamentele-din-cluj-napoca-tot-mai-vanate-investitii-majore-pe-plan-local_db\/","title":{"rendered":"Apartamentele din Cluj-Napoca, tot mai v\u00e2nate. Investi\u021bii majore pe plan local"},"content":{"rendered":"\n<figure class=\"wp-block-image size-full\"><img loading=\"lazy\" decoding=\"async\" width=\"800\" height=\"600\" src=\"https:\/\/www.imobiliare.ro\/imoexpert\/wp-content\/uploads\/2023\/11\/apartamente-in-cluj-napoca.png\" alt=\"\" class=\"wp-image-68082\" srcset=\"https:\/\/www.imobiliare.ro\/imoexpert\/wp-content\/uploads\/2023\/11\/apartamente-in-cluj-napoca.png 800w, https:\/\/www.imobiliare.ro\/imoexpert\/wp-content\/uploads\/2023\/11\/apartamente-in-cluj-napoca-300x225.png 300w, https:\/\/www.imobiliare.ro\/imoexpert\/wp-content\/uploads\/2023\/11\/apartamente-in-cluj-napoca-768x576.png 768w\" sizes=\"auto, (max-width: 800px) 100vw, 800px\" \/><\/figure>\n\n\n\n<p><strong>Interesul pentru apartamentele din Cluj-Napoca a crescut spectaculos \u00een 2023. Ora\u0219ul \u00ee\u0219i continu\u0103 dezvoltarea gra\u021bie investi\u021biilor majore f\u0103cute at\u00e2t din bani publici, c\u00e2t \u0219i din sfera privat\u0103.<\/strong><\/p>\n\n\n\n<p>\u00cen <strong>primele trei trimestre ale anului<\/strong> \u00een curs avansul \u00eenregistrat la nivelul cererii pentru apartamentele de v\u00e2nzare a ajuns la <strong>29%<\/strong>, dac\u0103 ne raport\u0103m la intervalul similar al anului trecut, potrivit datelor <strong><a class=\"article-body-links\"href=\"http:\/\/www.imobiliare.ro\" target=\"_blank\" rel=\"noreferrer noopener\">Imobiliare.ro <\/a><\/strong>prezentate \u00een cadrul evenimentului &#8222;<strong>Cluj-Napoca Real Estate Roundtable<\/strong>&#8222;, organizat de Romania Property Club. Dac\u0103 analiz\u0103m strict intervalul<strong> iulie-septembrie 2023<\/strong>, <strong>cre\u0219terea este de 21%<\/strong> fa\u021b\u0103 de aceea\u0219i perioad\u0103 din 2022.<\/p>\n\n\n\n<figure class=\"wp-block-image size-large\"><img loading=\"lazy\" decoding=\"async\" width=\"1024\" height=\"681\" src=\"https:\/\/www.imobiliare.ro\/imoexpert\/wp-content\/uploads\/2023\/11\/foto-eveniment-cluj-1024x681.jpg\" alt=\"\" class=\"wp-image-68080\" srcset=\"https:\/\/www.imobiliare.ro\/imoexpert\/wp-content\/uploads\/2023\/11\/foto-eveniment-cluj-1024x681.jpg 1024w, https:\/\/www.imobiliare.ro\/imoexpert\/wp-content\/uploads\/2023\/11\/foto-eveniment-cluj-300x200.jpg 300w, https:\/\/www.imobiliare.ro\/imoexpert\/wp-content\/uploads\/2023\/11\/foto-eveniment-cluj-768x511.jpg 768w, https:\/\/www.imobiliare.ro\/imoexpert\/wp-content\/uploads\/2023\/11\/foto-eveniment-cluj-1536x1022.jpg 1536w, https:\/\/www.imobiliare.ro\/imoexpert\/wp-content\/uploads\/2023\/11\/foto-eveniment-cluj.jpg 1623w\" sizes=\"auto, (max-width: 1024px) 100vw, 1024px\" \/><\/figure>\n\n\n\n<p><strong>Pre\u021bul mediu<\/strong> solicitat pentru apartamentele listate pe pia\u021b\u0103 a ajuns la<strong> 2.432 de euro\/mp <\/strong>\u0219i s-a majorat, la r\u00e2ndul s\u0103u, cu <strong>p\u00e2n\u0103 la 51% \u00een ultimii patru ani<\/strong>. Fa\u021b\u0103 de anul trecut scumpirile au fost mai temperate, cu doar 3%. \u00cen momentul de fa\u021b\u0103, Cluj-Napoca r\u0103m\u00e2ne cel mai scump ora\u0219 din \u021bar\u0103 pentru cei care vor s\u0103-\u0219i cumpere o locuin\u021b\u0103.<\/p>\n\n\n\n<figure class=\"wp-block-image size-full\"><img loading=\"lazy\" decoding=\"async\" width=\"968\" height=\"537\" src=\"https:\/\/www.imobiliare.ro\/imoexpert\/wp-content\/uploads\/2023\/11\/evolutie-preturi-cluj-napoca.jpg\" alt=\"\" class=\"wp-image-68079\" srcset=\"https:\/\/www.imobiliare.ro\/imoexpert\/wp-content\/uploads\/2023\/11\/evolutie-preturi-cluj-napoca.jpg 968w, https:\/\/www.imobiliare.ro\/imoexpert\/wp-content\/uploads\/2023\/11\/evolutie-preturi-cluj-napoca-300x166.jpg 300w, https:\/\/www.imobiliare.ro\/imoexpert\/wp-content\/uploads\/2023\/11\/evolutie-preturi-cluj-napoca-768x426.jpg 768w\" sizes=\"auto, (max-width: 968px) 100vw, 968px\" \/><\/figure>\n\n\n\n<p><strong>Investi\u021bii publice de 4 miliarde de euro<\/strong> sunt direc\u021binate c\u0103tre<strong> aeroport, \u0219oseaua de centur\u0103, spitalul regional, dar \u0219i c\u0103tre proiectul metroului<\/strong> care ar urma s\u0103 aib\u0103 un impact direct asupra pie\u021bei imobiliare locale.<\/p>\n\n\n\n<p>\u00cen prezent exist\u0103 un <strong>nivel limitat de noi oferte de terenuri <\/strong>pentru dezvoltare. Pre\u021burile pentru loturile autorizate se situeaz\u0103 \u00eentre <strong>80-120 euro\/mp<\/strong> pentru <strong>dezvolt\u0103rile logistice<\/strong>, <strong>225-400 euro\/mp<\/strong> pentru dezvolt\u0103ri de retail \u0219i \u00eentre <strong>1.000-2.000 de euro\/mp<\/strong> pentru <strong>dezvolt\u0103rile mixed-use <\/strong>(reziden\u021bial \u0219i retail), a\u0219a cum arat\u0103 datele companiei de consultan\u021b\u0103 imobiliar\u0103 \u0218imon, Iuga &amp; Partners.<\/p>\n\n\n\n<p>Dou\u0103 proiecte majore de reconversie urban\u0103 atrag <strong>investi\u021bii private ce dep\u0103\u0219esc 800 de milioane de euro<\/strong>.  Compania Iulius propune<strong> transformarea fostei platforme industriale Carbochim \u00eentr-un ansamblu mixed-use.<\/strong> Investi\u021bia ar urma s\u0103 dep\u0103\u0219easc\u0103 jum\u0103tate de miliard de euro.<\/p>\n\n\n\n<p> &#8222;Investi\u021bia este aliniat\u0103 strategiei generale de dezvoltare urban\u0103 a ora\u0219ului \u0219i va oferi Clujului 14 hectare care acum sunt de tip industrial \u0219i inactive&#8221;, a explicat Sorin Guttman, Proiect Manager, Proiectul regenerare urban\u0103 &#8211; Platforma Carbochim \u00een cadrul evenimentului.<\/p>\n\n\n\n<p>\u0218i pe sectorul hotelier se continu\u0103 expansiunea la nivel local. \u00cen urm\u0103torii trei ani sunt <strong>\u00een curs de dezvoltare patru proiecte hoteliere<\/strong> de 3 \u0219i 4 stele cu un num\u0103r total de 600 de camere noi. \u00cen perioada 2024-2026, Cluj-Napoca va avea<strong> cel mai mare volum de dezvoltare hotelier\u0103 din Rom\u00e2nia<\/strong>, potrivit datelor Est Hospitality prezentate \u00een cadrul evenimentului &#8222;Cluj-Napoca Real Estate Roundtable&#8221;.<\/p>\n\n\n\n<p>Dezvoltarea economic\u0103 este sus\u021binut\u0103, totodat\u0103, de o infrastructur\u0103 modern\u0103 de lucru. Stocul total de cl\u0103diri de birouri clasa A din Cluj este de 340.000 mp, cu proiecte \u00een lucru estimate la 75.000 mp. Stocul de retail include aproximativ 150.000 mp. Clujul \u00eenregistreaz\u0103, de asemenea, un stoc modern de spa\u021bii industriale \u0219i logistice ce totalizeaz\u0103 420.000 de mp.<\/p>\n","protected":false},"excerpt":{"rendered":"<p>Interesul pentru apartamentele din Cluj-Napoca a crescut spectaculos \u00een 2023. Ora\u0219ul \u00ee\u0219i continu\u0103 dezvoltarea gra\u021bie investi\u021biilor majore f\u0103cute at\u00e2t din bani publici, c\u00e2t \u0219i din sfera privat\u0103. \u00cen primele trei trimestre ale anului \u00een curs avansul \u00eenregistrat la nivelul cererii pentru apartamentele de v\u00e2nzare a ajuns la 29%, dac\u0103 ne raport\u0103m la intervalul similar al [&hellip;]<\/p>\n","protected":false},"author":5891,"featured_media":68082,"comment_status":"open","ping_status":"open","sticky":true,"template":"","format":"standard","meta":{"footnotes":""},"categories":[259],"tags":[1863,2209,507],"content_author":[],"class_list":["post-68077","post","type-post","status-publish","format-standard","has-post-thumbnail","hentry","category-stiri","tag-apartamente-cluj-napoca","tag-cerere","tag-preturi-apartamente"],"yoast_head":"<!-- This site is optimized with the Yoast SEO Premium plugin v27.0 (Yoast SEO v27.0) - https:\/\/yoast.com\/product\/yoast-seo-premium-wordpress\/ -->\n<title>Apartamentele din Cluj-Napoca, tot mai v\u00e2nate. Investi\u021bii majore pe plan local - \u0218tiri - ImoExpert<\/title>\n<meta name=\"description\" content=\"Interesul pentru apartamentele din Cluj-Napoca a crescut spectaculos \u00een 2023. Ora\u0219ul \u00ee\u0219i continu\u0103 dezvoltarea gra\u021bie investi\u021biilor majore f\u0103cute at\u00e2t din\" \/>\n<meta name=\"robots\" content=\"index, follow\" \/>\n<link rel=\"canonical\" href=\"https:\/\/www.imobiliare.ro\/imoexpert\/apartamentele-din-cluj-napoca-tot-mai-vanate-investitii-majore-pe-plan-local_db\/\" \/>\n<meta property=\"og:locale\" content=\"ro_RO\" \/>\n<meta property=\"og:type\" content=\"article\" \/>\n<meta property=\"og:title\" content=\"Apartamentele din Cluj-Napoca, tot mai v\u00e2nate. Investi\u021bii majore pe plan local\" \/>\n<meta property=\"og:description\" content=\"Interesul pentru apartamentele din Cluj-Napoca a crescut spectaculos \u00een 2023. Ora\u0219ul \u00ee\u0219i continu\u0103 dezvoltarea gra\u021bie investi\u021biilor majore f\u0103cute at\u00e2t din\" \/>\n<meta property=\"og:url\" content=\"https:\/\/www.imobiliare.ro\/imoexpert\/apartamentele-din-cluj-napoca-tot-mai-vanate-investitii-majore-pe-plan-local_db\/\" \/>\n<meta property=\"og:site_name\" content=\"ImoExpert\" \/>\n<meta property=\"article:published_time\" content=\"2023-11-11T05:33:05+00:00\" \/>\n<meta property=\"og:image\" content=\"https:\/\/www.imobiliare.ro\/imoexpert\/wp-content\/uploads\/2023\/11\/apartamente-in-cluj-napoca.png\" \/>\n\t<meta property=\"og:image:width\" content=\"800\" \/>\n\t<meta property=\"og:image:height\" content=\"600\" \/>\n\t<meta property=\"og:image:type\" content=\"image\/png\" \/>\n<meta name=\"author\" content=\"Corina V\u00e2rlan\" \/>\n<meta name=\"twitter:card\" content=\"summary_large_image\" \/>\n<meta name=\"twitter:label1\" content=\"Written by\" \/>\n\t<meta name=\"twitter:data1\" content=\"Corina V\u00e2rlan\" \/>\n\t<meta name=\"twitter:label2\" content=\"Est. reading time\" \/>\n\t<meta name=\"twitter:data2\" content=\"3 minute\" \/>\n<script type=\"application\/ld+json\" class=\"yoast-schema-graph\">{\"@context\":\"https:\/\/schema.org\",\"@graph\":[{\"@type\":\"Article\",\"@id\":\"https:\/\/www.imobiliare.ro\/imoexpert\/apartamentele-din-cluj-napoca-tot-mai-vanate-investitii-majore-pe-plan-local_db\/#article\",\"isPartOf\":{\"@id\":\"https:\/\/www.imobiliare.ro\/imoexpert\/apartamentele-din-cluj-napoca-tot-mai-vanate-investitii-majore-pe-plan-local_db\/\"},\"author\":{\"name\":\"Corina V\u00e2rlan\",\"@id\":\"https:\/\/www.imobiliare.ro\/imoexpert\/#\/schema\/person\/9ffdfbf24b82f39fc75a2fc6c19e4e99\"},\"headline\":\"Apartamentele din Cluj-Napoca, tot mai v\u00e2nate. Investi\u021bii majore pe plan local\",\"datePublished\":\"2023-11-11T05:33:05+00:00\",\"mainEntityOfPage\":{\"@id\":\"https:\/\/www.imobiliare.ro\/imoexpert\/apartamentele-din-cluj-napoca-tot-mai-vanate-investitii-majore-pe-plan-local_db\/\"},\"wordCount\":475,\"commentCount\":0,\"publisher\":{\"@id\":\"https:\/\/www.imobiliare.ro\/imoexpert\/#organization\"},\"image\":{\"@id\":\"https:\/\/www.imobiliare.ro\/imoexpert\/apartamentele-din-cluj-napoca-tot-mai-vanate-investitii-majore-pe-plan-local_db\/#primaryimage\"},\"thumbnailUrl\":\"https:\/\/www.imobiliare.ro\/imoexpert\/wp-content\/uploads\/2023\/11\/apartamente-in-cluj-napoca.png\",\"keywords\":[\"Apartamente Cluj-Napoca\",\"cerere\",\"preturi apartamente\"],\"articleSection\":[\"\u0218tiri\"],\"inLanguage\":\"en\",\"potentialAction\":[{\"@type\":\"CommentAction\",\"name\":\"Comment\",\"target\":[\"https:\/\/www.imobiliare.ro\/imoexpert\/apartamentele-din-cluj-napoca-tot-mai-vanate-investitii-majore-pe-plan-local_db\/#respond\"]}],\"copyrightYear\":\"2023\",\"copyrightHolder\":{\"@id\":\"https:\/\/www.imobiliare.ro\/imoexpert\/#organization\"}},{\"@type\":\"WebPage\",\"@id\":\"https:\/\/www.imobiliare.ro\/imoexpert\/apartamentele-din-cluj-napoca-tot-mai-vanate-investitii-majore-pe-plan-local_db\/\",\"url\":\"https:\/\/www.imobiliare.ro\/imoexpert\/apartamentele-din-cluj-napoca-tot-mai-vanate-investitii-majore-pe-plan-local_db\/\",\"name\":\"Apartamentele din Cluj-Napoca, tot mai v\u00e2nate. Investi\u021bii majore pe plan local - \u0218tiri - ImoExpert\",\"isPartOf\":{\"@id\":\"https:\/\/www.imobiliare.ro\/imoexpert\/#website\"},\"primaryImageOfPage\":{\"@id\":\"https:\/\/www.imobiliare.ro\/imoexpert\/apartamentele-din-cluj-napoca-tot-mai-vanate-investitii-majore-pe-plan-local_db\/#primaryimage\"},\"image\":{\"@id\":\"https:\/\/www.imobiliare.ro\/imoexpert\/apartamentele-din-cluj-napoca-tot-mai-vanate-investitii-majore-pe-plan-local_db\/#primaryimage\"},\"thumbnailUrl\":\"https:\/\/www.imobiliare.ro\/imoexpert\/wp-content\/uploads\/2023\/11\/apartamente-in-cluj-napoca.png\",\"datePublished\":\"2023-11-11T05:33:05+00:00\",\"description\":\"Interesul pentru apartamentele din Cluj-Napoca a crescut spectaculos \u00een 2023. Ora\u0219ul \u00ee\u0219i continu\u0103 dezvoltarea gra\u021bie investi\u021biilor majore f\u0103cute at\u00e2t din\",\"breadcrumb\":{\"@id\":\"https:\/\/www.imobiliare.ro\/imoexpert\/apartamentele-din-cluj-napoca-tot-mai-vanate-investitii-majore-pe-plan-local_db\/#breadcrumb\"},\"inLanguage\":\"en\",\"potentialAction\":[{\"@type\":\"ReadAction\",\"target\":[\"https:\/\/www.imobiliare.ro\/imoexpert\/apartamentele-din-cluj-napoca-tot-mai-vanate-investitii-majore-pe-plan-local_db\/\"]}]},{\"@type\":\"ImageObject\",\"inLanguage\":\"en\",\"@id\":\"https:\/\/www.imobiliare.ro\/imoexpert\/apartamentele-din-cluj-napoca-tot-mai-vanate-investitii-majore-pe-plan-local_db\/#primaryimage\",\"url\":\"https:\/\/www.imobiliare.ro\/imoexpert\/wp-content\/uploads\/2023\/11\/apartamente-in-cluj-napoca.png\",\"contentUrl\":\"https:\/\/www.imobiliare.ro\/imoexpert\/wp-content\/uploads\/2023\/11\/apartamente-in-cluj-napoca.png\",\"width\":800,\"height\":600},{\"@type\":\"BreadcrumbList\",\"@id\":\"https:\/\/www.imobiliare.ro\/imoexpert\/apartamentele-din-cluj-napoca-tot-mai-vanate-investitii-majore-pe-plan-local_db\/#breadcrumb\",\"itemListElement\":[{\"@type\":\"ListItem\",\"position\":1,\"name\":\"Imoradar24\",\"item\":\"https:\/\/www.imoradar24.ro\"},{\"@type\":\"ListItem\",\"position\":2,\"name\":\"ImoExpert\",\"item\":\"https:\/\/www.imobiliare.ro\/imoexpert\/\"},{\"@type\":\"ListItem\",\"position\":3,\"name\":\"\u0218tiri\",\"item\":\"https:\/\/www.imobiliare.ro\/imoexpert\/stiri\/\"},{\"@type\":\"ListItem\",\"position\":4,\"name\":\"Apartamentele din Cluj-Napoca, tot mai v\u00e2nate. Investi\u021bii majore pe plan local\"}]},{\"@type\":\"WebSite\",\"@id\":\"https:\/\/www.imobiliare.ro\/imoexpert\/#website\",\"url\":\"https:\/\/www.imobiliare.ro\/imoexpert\/\",\"name\":\"ImoExpert\",\"description\":\"cele mai importante \u015ftiri din domeniul imobiliar\",\"publisher\":{\"@id\":\"https:\/\/www.imobiliare.ro\/imoexpert\/#organization\"},\"inLanguage\":\"en\"},{\"@type\":\"Organization\",\"@id\":\"https:\/\/www.imobiliare.ro\/imoexpert\/#organization\",\"name\":\"Imobiliare.ro\",\"alternateName\":\"Realmedia Network SA\",\"url\":\"https:\/\/www.imobiliare.ro\/imoexpert\/\",\"logo\":{\"@type\":\"ImageObject\",\"inLanguage\":\"en\",\"@id\":\"https:\/\/www.imobiliare.ro\/imoexpert\/#\/schema\/logo\/image\/\",\"url\":\"https:\/\/www.imobiliare.ro\/imoexpert\/wp-content\/uploads\/2025\/05\/imobiliare_logo.png\",\"contentUrl\":\"https:\/\/www.imobiliare.ro\/imoexpert\/wp-content\/uploads\/2025\/05\/imobiliare_logo.png\",\"width\":237,\"height\":29,\"caption\":\"Imobiliare.ro\"},\"image\":{\"@id\":\"https:\/\/www.imobiliare.ro\/imoexpert\/#\/schema\/logo\/image\/\"}},{\"@type\":\"Person\",\"@id\":\"https:\/\/www.imobiliare.ro\/imoexpert\/#\/schema\/person\/9ffdfbf24b82f39fc75a2fc6c19e4e99\",\"name\":\"Corina V\u00e2rlan\",\"image\":{\"@type\":\"ImageObject\",\"inLanguage\":\"en\",\"@id\":\"https:\/\/www.imobiliare.ro\/imoexpert\/#\/schema\/person\/image\/\",\"url\":\"https:\/\/www.imobiliare.ro\/imoexpert\/wp-content\/uploads\/2026\/02\/12-02-2025-5-rezumat-brasov-thumb-reels-1-1-96x96.png\",\"contentUrl\":\"https:\/\/www.imobiliare.ro\/imoexpert\/wp-content\/uploads\/2026\/02\/12-02-2025-5-rezumat-brasov-thumb-reels-1-1-96x96.png\",\"caption\":\"Corina V\u00e2rlan\"},\"description\":\"Cu o experien\u021b\u0103 de 14 ani \u00een presa online, comunicare \u0219i content marketing, Corina V\u00e2rlan s-a al\u0103turat echipei Imobiliare.ro \u00een urm\u0103 cu 8 ani \u0219i ocup\u0103, \u00een prezent, func\u021bia de Content Manager. Ea este gazda emisiunii \\\"\u00centreab\u0103 expertul\\\" \u0219i a seriei 5 \u0218tiri Imobiliare.ro, realizate \u00een parteneriat cu Libertatea. Corina \u00ee\u0219i concentreaz\u0103 activitatea pe analiza datelor de pia\u021b\u0103 \u0219i pe subiecte de interes at\u00e2t pentru cei afla\u021bi \u00een c\u0103utarea unei locuin\u021be, c\u00e2t \u0219i pentru proprietari sau chiria\u0219i.\",\"alternateName\":\"Corina\",\"jobTitle\":\"Content Manager\",\"url\":\"https:\/\/www.imobiliare.ro\/imoexpert\/author\/corina-varlan\/\"}]}<\/script>\n<!-- \/ Yoast SEO Premium plugin. -->","yoast_head_json":{"title":"Apartamentele din Cluj-Napoca, tot mai v\u00e2nate. Investi\u021bii majore pe plan local - \u0218tiri - ImoExpert","description":"Interesul pentru apartamentele din Cluj-Napoca a crescut spectaculos \u00een 2023. Ora\u0219ul \u00ee\u0219i continu\u0103 dezvoltarea gra\u021bie investi\u021biilor majore f\u0103cute at\u00e2t din","robots":{"index":"index","follow":"follow"},"canonical":"https:\/\/www.imobiliare.ro\/imoexpert\/apartamentele-din-cluj-napoca-tot-mai-vanate-investitii-majore-pe-plan-local_db\/","og_locale":"ro_RO","og_type":"article","og_title":"Apartamentele din Cluj-Napoca, tot mai v\u00e2nate. Investi\u021bii majore pe plan local","og_description":"Interesul pentru apartamentele din Cluj-Napoca a crescut spectaculos \u00een 2023. Ora\u0219ul \u00ee\u0219i continu\u0103 dezvoltarea gra\u021bie investi\u021biilor majore f\u0103cute at\u00e2t din","og_url":"https:\/\/www.imobiliare.ro\/imoexpert\/apartamentele-din-cluj-napoca-tot-mai-vanate-investitii-majore-pe-plan-local_db\/","og_site_name":"ImoExpert","article_published_time":"2023-11-11T05:33:05+00:00","og_image":[{"width":800,"height":600,"url":"https:\/\/www.imobiliare.ro\/imoexpert\/wp-content\/uploads\/2023\/11\/apartamente-in-cluj-napoca.png","type":"image\/png"}],"author":"Corina V\u00e2rlan","twitter_card":"summary_large_image","twitter_misc":{"Written by":"Corina V\u00e2rlan","Est. reading time":"3 minute"},"schema":{"@context":"https:\/\/schema.org","@graph":[{"@type":"Article","@id":"https:\/\/www.imobiliare.ro\/imoexpert\/apartamentele-din-cluj-napoca-tot-mai-vanate-investitii-majore-pe-plan-local_db\/#article","isPartOf":{"@id":"https:\/\/www.imobiliare.ro\/imoexpert\/apartamentele-din-cluj-napoca-tot-mai-vanate-investitii-majore-pe-plan-local_db\/"},"author":{"name":"Corina V\u00e2rlan","@id":"https:\/\/www.imobiliare.ro\/imoexpert\/#\/schema\/person\/9ffdfbf24b82f39fc75a2fc6c19e4e99"},"headline":"Apartamentele din Cluj-Napoca, tot mai v\u00e2nate. Investi\u021bii majore pe plan local","datePublished":"2023-11-11T05:33:05+00:00","mainEntityOfPage":{"@id":"https:\/\/www.imobiliare.ro\/imoexpert\/apartamentele-din-cluj-napoca-tot-mai-vanate-investitii-majore-pe-plan-local_db\/"},"wordCount":475,"commentCount":0,"publisher":{"@id":"https:\/\/www.imobiliare.ro\/imoexpert\/#organization"},"image":{"@id":"https:\/\/www.imobiliare.ro\/imoexpert\/apartamentele-din-cluj-napoca-tot-mai-vanate-investitii-majore-pe-plan-local_db\/#primaryimage"},"thumbnailUrl":"https:\/\/www.imobiliare.ro\/imoexpert\/wp-content\/uploads\/2023\/11\/apartamente-in-cluj-napoca.png","keywords":["Apartamente Cluj-Napoca","cerere","preturi apartamente"],"articleSection":["\u0218tiri"],"inLanguage":"en","potentialAction":[{"@type":"CommentAction","name":"Comment","target":["https:\/\/www.imobiliare.ro\/imoexpert\/apartamentele-din-cluj-napoca-tot-mai-vanate-investitii-majore-pe-plan-local_db\/#respond"]}],"copyrightYear":"2023","copyrightHolder":{"@id":"https:\/\/www.imobiliare.ro\/imoexpert\/#organization"}},{"@type":"WebPage","@id":"https:\/\/www.imobiliare.ro\/imoexpert\/apartamentele-din-cluj-napoca-tot-mai-vanate-investitii-majore-pe-plan-local_db\/","url":"https:\/\/www.imobiliare.ro\/imoexpert\/apartamentele-din-cluj-napoca-tot-mai-vanate-investitii-majore-pe-plan-local_db\/","name":"Apartamentele din Cluj-Napoca, tot mai v\u00e2nate. Investi\u021bii majore pe plan local - \u0218tiri - ImoExpert","isPartOf":{"@id":"https:\/\/www.imobiliare.ro\/imoexpert\/#website"},"primaryImageOfPage":{"@id":"https:\/\/www.imobiliare.ro\/imoexpert\/apartamentele-din-cluj-napoca-tot-mai-vanate-investitii-majore-pe-plan-local_db\/#primaryimage"},"image":{"@id":"https:\/\/www.imobiliare.ro\/imoexpert\/apartamentele-din-cluj-napoca-tot-mai-vanate-investitii-majore-pe-plan-local_db\/#primaryimage"},"thumbnailUrl":"https:\/\/www.imobiliare.ro\/imoexpert\/wp-content\/uploads\/2023\/11\/apartamente-in-cluj-napoca.png","datePublished":"2023-11-11T05:33:05+00:00","description":"Interesul pentru apartamentele din Cluj-Napoca a crescut spectaculos \u00een 2023. Ora\u0219ul \u00ee\u0219i continu\u0103 dezvoltarea gra\u021bie investi\u021biilor majore f\u0103cute at\u00e2t din","breadcrumb":{"@id":"https:\/\/www.imobiliare.ro\/imoexpert\/apartamentele-din-cluj-napoca-tot-mai-vanate-investitii-majore-pe-plan-local_db\/#breadcrumb"},"inLanguage":"en","potentialAction":[{"@type":"ReadAction","target":["https:\/\/www.imobiliare.ro\/imoexpert\/apartamentele-din-cluj-napoca-tot-mai-vanate-investitii-majore-pe-plan-local_db\/"]}]},{"@type":"ImageObject","inLanguage":"en","@id":"https:\/\/www.imobiliare.ro\/imoexpert\/apartamentele-din-cluj-napoca-tot-mai-vanate-investitii-majore-pe-plan-local_db\/#primaryimage","url":"https:\/\/www.imobiliare.ro\/imoexpert\/wp-content\/uploads\/2023\/11\/apartamente-in-cluj-napoca.png","contentUrl":"https:\/\/www.imobiliare.ro\/imoexpert\/wp-content\/uploads\/2023\/11\/apartamente-in-cluj-napoca.png","width":800,"height":600},{"@type":"BreadcrumbList","@id":"https:\/\/www.imobiliare.ro\/imoexpert\/apartamentele-din-cluj-napoca-tot-mai-vanate-investitii-majore-pe-plan-local_db\/#breadcrumb","itemListElement":[{"@type":"ListItem","position":1,"name":"Imoradar24","item":"https:\/\/www.imoradar24.ro"},{"@type":"ListItem","position":2,"name":"ImoExpert","item":"https:\/\/www.imobiliare.ro\/imoexpert\/"},{"@type":"ListItem","position":3,"name":"\u0218tiri","item":"https:\/\/www.imobiliare.ro\/imoexpert\/stiri\/"},{"@type":"ListItem","position":4,"name":"Apartamentele din Cluj-Napoca, tot mai v\u00e2nate. Investi\u021bii majore pe plan local"}]},{"@type":"WebSite","@id":"https:\/\/www.imobiliare.ro\/imoexpert\/#website","url":"https:\/\/www.imobiliare.ro\/imoexpert\/","name":"ImoExpert","description":"cele mai importante \u015ftiri din domeniul imobiliar","publisher":{"@id":"https:\/\/www.imobiliare.ro\/imoexpert\/#organization"},"inLanguage":"en"},{"@type":"Organization","@id":"https:\/\/www.imobiliare.ro\/imoexpert\/#organization","name":"Imobiliare.ro","alternateName":"Realmedia Network SA","url":"https:\/\/www.imobiliare.ro\/imoexpert\/","logo":{"@type":"ImageObject","inLanguage":"en","@id":"https:\/\/www.imobiliare.ro\/imoexpert\/#\/schema\/logo\/image\/","url":"https:\/\/www.imobiliare.ro\/imoexpert\/wp-content\/uploads\/2025\/05\/imobiliare_logo.png","contentUrl":"https:\/\/www.imobiliare.ro\/imoexpert\/wp-content\/uploads\/2025\/05\/imobiliare_logo.png","width":237,"height":29,"caption":"Imobiliare.ro"},"image":{"@id":"https:\/\/www.imobiliare.ro\/imoexpert\/#\/schema\/logo\/image\/"}},{"@type":"Person","@id":"https:\/\/www.imobiliare.ro\/imoexpert\/#\/schema\/person\/9ffdfbf24b82f39fc75a2fc6c19e4e99","name":"Corina V\u00e2rlan","image":{"@type":"ImageObject","inLanguage":"en","@id":"https:\/\/www.imobiliare.ro\/imoexpert\/#\/schema\/person\/image\/","url":"https:\/\/www.imobiliare.ro\/imoexpert\/wp-content\/uploads\/2026\/02\/12-02-2025-5-rezumat-brasov-thumb-reels-1-1-96x96.png","contentUrl":"https:\/\/www.imobiliare.ro\/imoexpert\/wp-content\/uploads\/2026\/02\/12-02-2025-5-rezumat-brasov-thumb-reels-1-1-96x96.png","caption":"Corina V\u00e2rlan"},"description":"Cu o experien\u021b\u0103 de 14 ani \u00een presa online, comunicare \u0219i content marketing, Corina V\u00e2rlan s-a al\u0103turat echipei Imobiliare.ro \u00een urm\u0103 cu 8 ani \u0219i ocup\u0103, \u00een prezent, func\u021bia de Content Manager. Ea este gazda emisiunii \"\u00centreab\u0103 expertul\" \u0219i a seriei 5 \u0218tiri Imobiliare.ro, realizate \u00een parteneriat cu Libertatea. Corina \u00ee\u0219i concentreaz\u0103 activitatea pe analiza datelor de pia\u021b\u0103 \u0219i pe subiecte de interes at\u00e2t pentru cei afla\u021bi \u00een c\u0103utarea unei locuin\u021be, c\u00e2t \u0219i pentru proprietari sau chiria\u0219i.","alternateName":"Corina","jobTitle":"Content Manager","url":"https:\/\/www.imobiliare.ro\/imoexpert\/author\/corina-varlan\/"}]}},"_links":{"self":[{"href":"https:\/\/www.imobiliare.ro\/imoexpert\/wp-json\/wp\/v2\/posts\/68077","targetHints":{"allow":["GET"]}}],"collection":[{"href":"https:\/\/www.imobiliare.ro\/imoexpert\/wp-json\/wp\/v2\/posts"}],"about":[{"href":"https:\/\/www.imobiliare.ro\/imoexpert\/wp-json\/wp\/v2\/types\/post"}],"author":[{"embeddable":true,"href":"https:\/\/www.imobiliare.ro\/imoexpert\/wp-json\/wp\/v2\/users\/5891"}],"replies":[{"embeddable":true,"href":"https:\/\/www.imobiliare.ro\/imoexpert\/wp-json\/wp\/v2\/comments?post=68077"}],"version-history":[{"count":0,"href":"https:\/\/www.imobiliare.ro\/imoexpert\/wp-json\/wp\/v2\/posts\/68077\/revisions"}],"wp:featuredmedia":[{"embeddable":true,"href":"https:\/\/www.imobiliare.ro\/imoexpert\/wp-json\/wp\/v2\/media\/68082"}],"wp:attachment":[{"href":"https:\/\/www.imobiliare.ro\/imoexpert\/wp-json\/wp\/v2\/media?parent=68077"}],"wp:term":[{"taxonomy":"category","embeddable":true,"href":"https:\/\/www.imobiliare.ro\/imoexpert\/wp-json\/wp\/v2\/categories?post=68077"},{"taxonomy":"post_tag","embeddable":true,"href":"https:\/\/www.imobiliare.ro\/imoexpert\/wp-json\/wp\/v2\/tags?post=68077"},{"taxonomy":"content_author","embeddable":true,"href":"https:\/\/www.imobiliare.ro\/imoexpert\/wp-json\/wp\/v2\/content_author?post=68077"}],"curies":[{"name":"wp","href":"https:\/\/api.w.org\/{rel}","templated":true}]}}