{"id":68621,"date":"2024-01-23T10:00:14","date_gmt":"2024-01-23T08:00:14","guid":{"rendered":"https:\/\/www.imobiliare.ro\/imoexpert\/?p=68621"},"modified":"2024-01-23T10:00:14","modified_gmt":"2024-01-23T08:00:14","slug":"solutii-eficiente-de-mobilare-pentru-orice-apartament-interviu-cu-corneliu-sau-fondator-tandem-grup","status":"publish","type":"post","link":"https:\/\/www.imobiliare.ro\/imoexpert\/solutii-eficiente-de-mobilare-pentru-orice-apartament-interviu-cu-corneliu-sau-fondator-tandem-grup_db\/","title":{"rendered":"Solu\u021bii eficiente de mobilare pentru orice apartament. Interviu cu Corneliu S\u0103u, fondator Tandem Grup"},"content":{"rendered":"\n<iframe loading=\"lazy\" style=\"height: 396px!important;\" src=\"https:\/\/www.youtube.com\/embed\/EqQx2xNE2v8?si=nXq4Op4TtRDeCbc7\" title=\"YouTube video player\" frameborder=\"0\" allow=\"accelerometer; autoplay; clipboard-write; encrypted-media; gyroscope; picture-in-picture; web-share\" allowfullscreen=\"\" width=\"792\" height=\"396\" frameborder=\"0\"><\/iframe>\n\n\n\n<p><strong>Cum arat\u0103 mobilierul inteligent g\u00e2ndit \u0219i adaptat special pentru apartamentele din cadrul ansamblurilor reziden\u021biale nou construite? Care este secretul unui business \u00een cre\u0219tere, \u00eentr-o pia\u021b\u0103 imobiliar\u0103 plin\u0103 de provoc\u0103ri, \u0219i cum a luat na\u0219tere o afacere pornit\u0103 dintr-o pasiune? Fondatorul fabricii de mobil\u0103 Tandem Grup, Corneliu S\u0103u, vine cu r\u0103spunsurile \u00een cea mai nou\u0103 edi\u021bie <a class=\"article-body-links\"href=\"https:\/\/youtu.be\/EqQx2xNE2v8?feature=shared\">Imobiliare.ro Talks<\/a>.<\/strong><\/p>\n\n\n\n<p>Corneliu S\u0103u, fondatorul <a class=\"article-body-links\"href=\"https:\/\/etandem.ro\/\">Tandem Grup<\/a> \u2013 lider pe pia\u021ba din Moldova, poveste\u0219te cum a ajuns s\u0103 fac\u0103 un business din saltele pornit din Republica Moldova s\u0103 se extind\u0103 \u00een Rom\u00e2nia<strong>.<\/strong> \u201cCompania noastr\u0103 s-a n\u0103scut \u00een Republica Moldova. Pia\u021ba din Republica Moldova este una destul de mic\u0103. Datorit\u0103 faptului c\u0103 am crescut foarte repede \u00een domeniul saltelelor, \u00eentr-un an-doi, devenind lideri de pia\u021b\u0103, ne-am extins at\u00e2t prin gama de produse de mobilier, dup\u0103 care ne-am extins \u0219i geografic. Am avut noroc. Eram mici, iar companiile mici se mi\u0219c\u0103 mult mai u\u0219or \u0219i mai simplu dec\u00e2t companiile mari.\u201d <\/p>\n\n\n\n<figure class=\"wp-block-image\"><a class=\"article-body-links\"href=\"https:\/\/www.youtube.com\/watch?v=_vZpuW9olPA\"><img decoding=\"async\" src=\"https:\/\/hub.imobiliare.ro\/wp-content\/uploads\/2024\/01\/3-scaled.jpg\" alt=\"\" class=\"wp-image-32879\"\/><\/a><\/figure>\n\n\n\n<p>\u00cen ceea ce prive\u0219te strategia de dezvoltare a pie\u021bei din Rom\u00e2nia, fondatorul grupului vine cu o serie de facilit\u0103\u021bi pentru dezvoltatorii imobiliari. \u201eDin momentul \u00een care noi am semnat contractul cu dezvoltatorul, avem 30 de zile s\u0103 le mont\u0103m acest mobilier \u0219i ca acest apartament deja s\u0103 fie predat noului client al dezvoltatorului.\u201d<\/p>\n\n\n\n<figure class=\"wp-block-image\"><a class=\"article-body-links\"href=\"https:\/\/www.youtube.com\/watch?v=_vZpuW9olPA\"><img decoding=\"async\" src=\"https:\/\/hub.imobiliare.ro\/wp-content\/uploads\/2024\/01\/2-scaled.jpg\" alt=\"\" class=\"wp-image-32880\"\/><\/a><\/figure>\n\n\n\n<p>Cu o echip\u0103 de speciali\u0219ti, una dintre strategiile companiei a fost de a \u00eent\u00e2mpina nevoile pie\u021bei \u0219i de a satisface necesit\u0103\u021bile clien\u021bilor \u00een amenajarea proiectelor reziden\u021biale. Cum locuin\u021bele din ansamblurile nou construite sunt de dimensiuni mici, <a class=\"article-body-links\"href=\"https:\/\/etandem.ro\/\">Tandem<\/a> \u0219i-a f\u0103cut loc cu o gam\u0103 de mobilier adaptat\u0103 perfect acestei ni\u0219e. Mai mult dec\u00e2t at\u00e2t, a preg\u0103tit o echip\u0103 de profesioni\u0219ti care colaboreaz\u0103 \u00eendeaproape cu dezvoltatorii imobiliari pentru preg\u0103tirea apartamentelor puse la v\u00e2nzare. \u00cen felul acesta, spune fondatorul grupului, v\u00e2nz\u0103rile au loc mult mai repede, \u00eentruc\u00e2t clien\u021bii finali au \u201ctotul de-a gata.\u201d \u201cNoi suntem produc\u0103tori, avem dou\u0103 fabrici \u00een Republica Moldova. Acolo noi test\u0103m \u0219i g\u00e2ndim produse noi, pe care le realiz\u0103m conform a\u0219tept\u0103rilor \u0219i cerin\u021belor pie\u021bei. Nu facem mobilier doar \u00een ora\u0219ele \u00een care avem showroom, ci \u0219i \u00een alte ora\u0219e. Tehnologii no\u0219tri \u00eempreun\u0103 cu designeri vor pleca \u00een ora\u0219ul \u00een care se afl\u0103 proiectul. Nu conteaz\u0103, Craiova, Constan\u021ba, Timi\u0219oara, Oradea. Din momentul \u00een care noi am semnat contractul cu dezvoltatorul, avem 30 de zile s\u0103 le mont\u0103m acest mobilier \u0219i ca acest apartament deja s\u0103 fie predat clientului final,\u201d <strong>subliniaz\u0103 fondatorul Tandem Grup.<\/strong><\/p>\n\n\n\n<p><strong>Vezi <a class=\"article-body-links\"href=\"https:\/\/youtu.be\/EqQx2xNE2v8?feature=shared\">aici<\/a> interviul complet.<\/strong><\/p>\n","protected":false},"excerpt":{"rendered":"<p>Cum arat\u0103 mobilierul inteligent g\u00e2ndit \u0219i adaptat special pentru apartamentele din cadrul ansamblurilor reziden\u021biale nou construite? Care este secretul unui business \u00een cre\u0219tere, \u00eentr-o pia\u021b\u0103 imobiliar\u0103 plin\u0103 de provoc\u0103ri, \u0219i cum a luat na\u0219tere o afacere pornit\u0103 dintr-o pasiune? Fondatorul fabricii de mobil\u0103 Tandem Grup, Corneliu S\u0103u, vine cu r\u0103spunsurile \u00een cea mai nou\u0103 edi\u021bie [&hellip;]<\/p>\n","protected":false},"author":853852,"featured_media":68627,"comment_status":"open","ping_status":"open","sticky":true,"template":"","format":"standard","meta":{"footnotes":""},"categories":[259,2455],"tags":[],"content_author":[],"class_list":["post-68621","post","type-post","status-publish","format-standard","has-post-thumbnail","hentry","category-stiri","category-video"],"yoast_head":"<!-- This site is optimized with the Yoast SEO Premium plugin v27.0 (Yoast SEO v27.0) - https:\/\/yoast.com\/product\/yoast-seo-premium-wordpress\/ -->\n<title>Solu\u021bii eficiente de mobilare pentru orice apartament. Interviu cu Corneliu S\u0103u, fondator Tandem Grup - \u0218tiri, Video - ImoExpert<\/title>\n<meta name=\"description\" content=\"Cum arat\u0103 mobilierul inteligent g\u00e2ndit \u0219i adaptat special pentru apartamentele din cadrul ansamblurilor reziden\u021biale nou construite? Care este secretul\" \/>\n<meta name=\"robots\" content=\"index, follow\" \/>\n<link rel=\"canonical\" href=\"https:\/\/www.imobiliare.ro\/imoexpert\/solutii-eficiente-de-mobilare-pentru-orice-apartament-interviu-cu-corneliu-sau-fondator-tandem-grup_db\/\" \/>\n<meta property=\"og:locale\" content=\"ro_RO\" \/>\n<meta property=\"og:type\" content=\"article\" \/>\n<meta property=\"og:title\" content=\"Solu\u021bii eficiente de mobilare pentru orice apartament. Interviu cu Corneliu S\u0103u, fondator Tandem Grup\" \/>\n<meta property=\"og:description\" content=\"Cum arat\u0103 mobilierul inteligent g\u00e2ndit \u0219i adaptat special pentru apartamentele din cadrul ansamblurilor reziden\u021biale nou construite? Care este secretul\" \/>\n<meta property=\"og:url\" content=\"https:\/\/www.imobiliare.ro\/imoexpert\/solutii-eficiente-de-mobilare-pentru-orice-apartament-interviu-cu-corneliu-sau-fondator-tandem-grup_db\/\" \/>\n<meta property=\"og:site_name\" content=\"ImoExpert\" \/>\n<meta property=\"article:published_time\" content=\"2024-01-23T08:00:14+00:00\" \/>\n<meta property=\"og:image\" content=\"https:\/\/www.imobiliare.ro\/imoexpert\/wp-content\/uploads\/2024\/01\/3.jpg\" \/>\n\t<meta property=\"og:image:width\" content=\"1809\" \/>\n\t<meta property=\"og:image:height\" content=\"982\" \/>\n\t<meta property=\"og:image:type\" content=\"image\/jpeg\" \/>\n<meta name=\"author\" content=\"Corina Sfia\" \/>\n<meta name=\"twitter:card\" content=\"summary_large_image\" \/>\n<meta name=\"twitter:label1\" content=\"Written by\" \/>\n\t<meta name=\"twitter:data1\" content=\"Corina Sfia\" \/>\n\t<meta name=\"twitter:label2\" content=\"Est. reading time\" \/>\n\t<meta name=\"twitter:data2\" content=\"3 minute\" \/>\n<script type=\"application\/ld+json\" class=\"yoast-schema-graph\">{\"@context\":\"https:\/\/schema.org\",\"@graph\":[{\"@type\":\"Article\",\"@id\":\"https:\/\/www.imobiliare.ro\/imoexpert\/solutii-eficiente-de-mobilare-pentru-orice-apartament-interviu-cu-corneliu-sau-fondator-tandem-grup_db\/#article\",\"isPartOf\":{\"@id\":\"https:\/\/www.imobiliare.ro\/imoexpert\/solutii-eficiente-de-mobilare-pentru-orice-apartament-interviu-cu-corneliu-sau-fondator-tandem-grup_db\/\"},\"author\":{\"name\":\"Corina Sfia\",\"@id\":\"https:\/\/www.imobiliare.ro\/imoexpert\/#\/schema\/person\/05beb62efa22e8e5445349a3eb6c5247\"},\"headline\":\"Solu\u021bii eficiente de mobilare pentru orice apartament. Interviu cu Corneliu S\u0103u, fondator Tandem Grup\",\"datePublished\":\"2024-01-23T08:00:14+00:00\",\"mainEntityOfPage\":{\"@id\":\"https:\/\/www.imobiliare.ro\/imoexpert\/solutii-eficiente-de-mobilare-pentru-orice-apartament-interviu-cu-corneliu-sau-fondator-tandem-grup_db\/\"},\"wordCount\":464,\"commentCount\":0,\"publisher\":{\"@id\":\"https:\/\/www.imobiliare.ro\/imoexpert\/#organization\"},\"image\":{\"@id\":\"https:\/\/www.imobiliare.ro\/imoexpert\/solutii-eficiente-de-mobilare-pentru-orice-apartament-interviu-cu-corneliu-sau-fondator-tandem-grup_db\/#primaryimage\"},\"thumbnailUrl\":\"https:\/\/www.imobiliare.ro\/imoexpert\/wp-content\/uploads\/2024\/01\/3.jpg\",\"articleSection\":[\"\u0218tiri\",\"Video\"],\"inLanguage\":\"en\",\"potentialAction\":[{\"@type\":\"CommentAction\",\"name\":\"Comment\",\"target\":[\"https:\/\/www.imobiliare.ro\/imoexpert\/solutii-eficiente-de-mobilare-pentru-orice-apartament-interviu-cu-corneliu-sau-fondator-tandem-grup_db\/#respond\"]}],\"copyrightYear\":\"2024\",\"copyrightHolder\":{\"@id\":\"https:\/\/www.imobiliare.ro\/imoexpert\/#organization\"}},{\"@type\":\"WebPage\",\"@id\":\"https:\/\/www.imobiliare.ro\/imoexpert\/solutii-eficiente-de-mobilare-pentru-orice-apartament-interviu-cu-corneliu-sau-fondator-tandem-grup_db\/\",\"url\":\"https:\/\/www.imobiliare.ro\/imoexpert\/solutii-eficiente-de-mobilare-pentru-orice-apartament-interviu-cu-corneliu-sau-fondator-tandem-grup_db\/\",\"name\":\"Solu\u021bii eficiente de mobilare pentru orice apartament. Interviu cu Corneliu S\u0103u, fondator Tandem Grup - \u0218tiri, Video - ImoExpert\",\"isPartOf\":{\"@id\":\"https:\/\/www.imobiliare.ro\/imoexpert\/#website\"},\"primaryImageOfPage\":{\"@id\":\"https:\/\/www.imobiliare.ro\/imoexpert\/solutii-eficiente-de-mobilare-pentru-orice-apartament-interviu-cu-corneliu-sau-fondator-tandem-grup_db\/#primaryimage\"},\"image\":{\"@id\":\"https:\/\/www.imobiliare.ro\/imoexpert\/solutii-eficiente-de-mobilare-pentru-orice-apartament-interviu-cu-corneliu-sau-fondator-tandem-grup_db\/#primaryimage\"},\"thumbnailUrl\":\"https:\/\/www.imobiliare.ro\/imoexpert\/wp-content\/uploads\/2024\/01\/3.jpg\",\"datePublished\":\"2024-01-23T08:00:14+00:00\",\"description\":\"Cum arat\u0103 mobilierul inteligent g\u00e2ndit \u0219i adaptat special pentru apartamentele din cadrul ansamblurilor reziden\u021biale nou construite? Care este secretul\",\"breadcrumb\":{\"@id\":\"https:\/\/www.imobiliare.ro\/imoexpert\/solutii-eficiente-de-mobilare-pentru-orice-apartament-interviu-cu-corneliu-sau-fondator-tandem-grup_db\/#breadcrumb\"},\"inLanguage\":\"en\",\"potentialAction\":[{\"@type\":\"ReadAction\",\"target\":[\"https:\/\/www.imobiliare.ro\/imoexpert\/solutii-eficiente-de-mobilare-pentru-orice-apartament-interviu-cu-corneliu-sau-fondator-tandem-grup_db\/\"]}]},{\"@type\":\"ImageObject\",\"inLanguage\":\"en\",\"@id\":\"https:\/\/www.imobiliare.ro\/imoexpert\/solutii-eficiente-de-mobilare-pentru-orice-apartament-interviu-cu-corneliu-sau-fondator-tandem-grup_db\/#primaryimage\",\"url\":\"https:\/\/www.imobiliare.ro\/imoexpert\/wp-content\/uploads\/2024\/01\/3.jpg\",\"contentUrl\":\"https:\/\/www.imobiliare.ro\/imoexpert\/wp-content\/uploads\/2024\/01\/3.jpg\",\"width\":1809,\"height\":982},{\"@type\":\"BreadcrumbList\",\"@id\":\"https:\/\/www.imobiliare.ro\/imoexpert\/solutii-eficiente-de-mobilare-pentru-orice-apartament-interviu-cu-corneliu-sau-fondator-tandem-grup_db\/#breadcrumb\",\"itemListElement\":[{\"@type\":\"ListItem\",\"position\":1,\"name\":\"Imoradar24\",\"item\":\"https:\/\/www.imoradar24.ro\"},{\"@type\":\"ListItem\",\"position\":2,\"name\":\"ImoExpert\",\"item\":\"https:\/\/www.imobiliare.ro\/imoexpert\/\"},{\"@type\":\"ListItem\",\"position\":3,\"name\":\"\u0218tiri\",\"item\":\"https:\/\/www.imobiliare.ro\/imoexpert\/stiri\/\"},{\"@type\":\"ListItem\",\"position\":4,\"name\":\"Solu\u021bii eficiente de mobilare pentru orice apartament. Interviu cu Corneliu S\u0103u, fondator Tandem Grup\"}]},{\"@type\":\"WebSite\",\"@id\":\"https:\/\/www.imobiliare.ro\/imoexpert\/#website\",\"url\":\"https:\/\/www.imobiliare.ro\/imoexpert\/\",\"name\":\"ImoExpert\",\"description\":\"cele mai importante \u015ftiri din domeniul imobiliar\",\"publisher\":{\"@id\":\"https:\/\/www.imobiliare.ro\/imoexpert\/#organization\"},\"inLanguage\":\"en\"},{\"@type\":\"Organization\",\"@id\":\"https:\/\/www.imobiliare.ro\/imoexpert\/#organization\",\"name\":\"Imobiliare.ro\",\"alternateName\":\"Realmedia Network SA\",\"url\":\"https:\/\/www.imobiliare.ro\/imoexpert\/\",\"logo\":{\"@type\":\"ImageObject\",\"inLanguage\":\"en\",\"@id\":\"https:\/\/www.imobiliare.ro\/imoexpert\/#\/schema\/logo\/image\/\",\"url\":\"https:\/\/www.imobiliare.ro\/imoexpert\/wp-content\/uploads\/2025\/05\/imobiliare_logo.png\",\"contentUrl\":\"https:\/\/www.imobiliare.ro\/imoexpert\/wp-content\/uploads\/2025\/05\/imobiliare_logo.png\",\"width\":237,\"height\":29,\"caption\":\"Imobiliare.ro\"},\"image\":{\"@id\":\"https:\/\/www.imobiliare.ro\/imoexpert\/#\/schema\/logo\/image\/\"}},{\"@type\":\"Person\",\"@id\":\"https:\/\/www.imobiliare.ro\/imoexpert\/#\/schema\/person\/05beb62efa22e8e5445349a3eb6c5247\",\"name\":\"Corina Sfia\",\"image\":{\"@type\":\"ImageObject\",\"inLanguage\":\"en\",\"@id\":\"https:\/\/www.imobiliare.ro\/imoexpert\/#\/schema\/person\/image\/\",\"url\":\"https:\/\/www.imobiliare.ro\/imoexpert\/wp-content\/uploads\/2025\/10\/corina-sfia-96x96.jpeg\",\"contentUrl\":\"https:\/\/www.imobiliare.ro\/imoexpert\/wp-content\/uploads\/2025\/10\/corina-sfia-96x96.jpeg\",\"caption\":\"Corina Sfia\"},\"description\":\"Corina Sfia are peste 18 ani de experien\u021b\u0103 \u00een televiziune, presa scris\u0103, audio-vizual, comunicare \u0219i content marketing. A activat \u00een presa de televiziune, la Digi24, precum \u0219i \u00een presa scris\u0103, iar \u00een prezent ocup\u0103 func\u021bia de Video Content Manager la Imobiliare.ro. Este implicat\u0103 \u00een realizarea unor produc\u021bii video, printre care Talks by Imobiliare.ro, Insights sau\u00a0Fail Imobiliar, \u0219i contribuie la realizarea unor interviuri speciale \u00een parteneriat cu Libertatea. Totodat\u0103, modereaz\u0103 \u0219i g\u0103zduie\u0219te evenimente dedicate industriei imobiliare.\",\"sameAs\":[\"http:\/\/www.sfia.ro\",\"https:\/\/ro.linkedin.com\/in\/corina-sfia-63794a216\"],\"jobTitle\":\"Video Content Manager\",\"award\":\"Cinematic Excellence Award, Imobiliare.ro, 2024\",\"url\":\"https:\/\/www.imobiliare.ro\/imoexpert\/author\/corina-sfia\/\"}]}<\/script>\n<!-- \/ Yoast SEO Premium plugin. -->","yoast_head_json":{"title":"Solu\u021bii eficiente de mobilare pentru orice apartament. Interviu cu Corneliu S\u0103u, fondator Tandem Grup - \u0218tiri, Video - ImoExpert","description":"Cum arat\u0103 mobilierul inteligent g\u00e2ndit \u0219i adaptat special pentru apartamentele din cadrul ansamblurilor reziden\u021biale nou construite? Care este secretul","robots":{"index":"index","follow":"follow"},"canonical":"https:\/\/www.imobiliare.ro\/imoexpert\/solutii-eficiente-de-mobilare-pentru-orice-apartament-interviu-cu-corneliu-sau-fondator-tandem-grup_db\/","og_locale":"ro_RO","og_type":"article","og_title":"Solu\u021bii eficiente de mobilare pentru orice apartament. Interviu cu Corneliu S\u0103u, fondator Tandem Grup","og_description":"Cum arat\u0103 mobilierul inteligent g\u00e2ndit \u0219i adaptat special pentru apartamentele din cadrul ansamblurilor reziden\u021biale nou construite? Care este secretul","og_url":"https:\/\/www.imobiliare.ro\/imoexpert\/solutii-eficiente-de-mobilare-pentru-orice-apartament-interviu-cu-corneliu-sau-fondator-tandem-grup_db\/","og_site_name":"ImoExpert","article_published_time":"2024-01-23T08:00:14+00:00","og_image":[{"width":1809,"height":982,"url":"https:\/\/www.imobiliare.ro\/imoexpert\/wp-content\/uploads\/2024\/01\/3.jpg","type":"image\/jpeg"}],"author":"Corina Sfia","twitter_card":"summary_large_image","twitter_misc":{"Written by":"Corina Sfia","Est. reading time":"3 minute"},"schema":{"@context":"https:\/\/schema.org","@graph":[{"@type":"Article","@id":"https:\/\/www.imobiliare.ro\/imoexpert\/solutii-eficiente-de-mobilare-pentru-orice-apartament-interviu-cu-corneliu-sau-fondator-tandem-grup_db\/#article","isPartOf":{"@id":"https:\/\/www.imobiliare.ro\/imoexpert\/solutii-eficiente-de-mobilare-pentru-orice-apartament-interviu-cu-corneliu-sau-fondator-tandem-grup_db\/"},"author":{"name":"Corina Sfia","@id":"https:\/\/www.imobiliare.ro\/imoexpert\/#\/schema\/person\/05beb62efa22e8e5445349a3eb6c5247"},"headline":"Solu\u021bii eficiente de mobilare pentru orice apartament. Interviu cu Corneliu S\u0103u, fondator Tandem Grup","datePublished":"2024-01-23T08:00:14+00:00","mainEntityOfPage":{"@id":"https:\/\/www.imobiliare.ro\/imoexpert\/solutii-eficiente-de-mobilare-pentru-orice-apartament-interviu-cu-corneliu-sau-fondator-tandem-grup_db\/"},"wordCount":464,"commentCount":0,"publisher":{"@id":"https:\/\/www.imobiliare.ro\/imoexpert\/#organization"},"image":{"@id":"https:\/\/www.imobiliare.ro\/imoexpert\/solutii-eficiente-de-mobilare-pentru-orice-apartament-interviu-cu-corneliu-sau-fondator-tandem-grup_db\/#primaryimage"},"thumbnailUrl":"https:\/\/www.imobiliare.ro\/imoexpert\/wp-content\/uploads\/2024\/01\/3.jpg","articleSection":["\u0218tiri","Video"],"inLanguage":"en","potentialAction":[{"@type":"CommentAction","name":"Comment","target":["https:\/\/www.imobiliare.ro\/imoexpert\/solutii-eficiente-de-mobilare-pentru-orice-apartament-interviu-cu-corneliu-sau-fondator-tandem-grup_db\/#respond"]}],"copyrightYear":"2024","copyrightHolder":{"@id":"https:\/\/www.imobiliare.ro\/imoexpert\/#organization"}},{"@type":"WebPage","@id":"https:\/\/www.imobiliare.ro\/imoexpert\/solutii-eficiente-de-mobilare-pentru-orice-apartament-interviu-cu-corneliu-sau-fondator-tandem-grup_db\/","url":"https:\/\/www.imobiliare.ro\/imoexpert\/solutii-eficiente-de-mobilare-pentru-orice-apartament-interviu-cu-corneliu-sau-fondator-tandem-grup_db\/","name":"Solu\u021bii eficiente de mobilare pentru orice apartament. Interviu cu Corneliu S\u0103u, fondator Tandem Grup - \u0218tiri, Video - ImoExpert","isPartOf":{"@id":"https:\/\/www.imobiliare.ro\/imoexpert\/#website"},"primaryImageOfPage":{"@id":"https:\/\/www.imobiliare.ro\/imoexpert\/solutii-eficiente-de-mobilare-pentru-orice-apartament-interviu-cu-corneliu-sau-fondator-tandem-grup_db\/#primaryimage"},"image":{"@id":"https:\/\/www.imobiliare.ro\/imoexpert\/solutii-eficiente-de-mobilare-pentru-orice-apartament-interviu-cu-corneliu-sau-fondator-tandem-grup_db\/#primaryimage"},"thumbnailUrl":"https:\/\/www.imobiliare.ro\/imoexpert\/wp-content\/uploads\/2024\/01\/3.jpg","datePublished":"2024-01-23T08:00:14+00:00","description":"Cum arat\u0103 mobilierul inteligent g\u00e2ndit \u0219i adaptat special pentru apartamentele din cadrul ansamblurilor reziden\u021biale nou construite? Care este secretul","breadcrumb":{"@id":"https:\/\/www.imobiliare.ro\/imoexpert\/solutii-eficiente-de-mobilare-pentru-orice-apartament-interviu-cu-corneliu-sau-fondator-tandem-grup_db\/#breadcrumb"},"inLanguage":"en","potentialAction":[{"@type":"ReadAction","target":["https:\/\/www.imobiliare.ro\/imoexpert\/solutii-eficiente-de-mobilare-pentru-orice-apartament-interviu-cu-corneliu-sau-fondator-tandem-grup_db\/"]}]},{"@type":"ImageObject","inLanguage":"en","@id":"https:\/\/www.imobiliare.ro\/imoexpert\/solutii-eficiente-de-mobilare-pentru-orice-apartament-interviu-cu-corneliu-sau-fondator-tandem-grup_db\/#primaryimage","url":"https:\/\/www.imobiliare.ro\/imoexpert\/wp-content\/uploads\/2024\/01\/3.jpg","contentUrl":"https:\/\/www.imobiliare.ro\/imoexpert\/wp-content\/uploads\/2024\/01\/3.jpg","width":1809,"height":982},{"@type":"BreadcrumbList","@id":"https:\/\/www.imobiliare.ro\/imoexpert\/solutii-eficiente-de-mobilare-pentru-orice-apartament-interviu-cu-corneliu-sau-fondator-tandem-grup_db\/#breadcrumb","itemListElement":[{"@type":"ListItem","position":1,"name":"Imoradar24","item":"https:\/\/www.imoradar24.ro"},{"@type":"ListItem","position":2,"name":"ImoExpert","item":"https:\/\/www.imobiliare.ro\/imoexpert\/"},{"@type":"ListItem","position":3,"name":"\u0218tiri","item":"https:\/\/www.imobiliare.ro\/imoexpert\/stiri\/"},{"@type":"ListItem","position":4,"name":"Solu\u021bii eficiente de mobilare pentru orice apartament. Interviu cu Corneliu S\u0103u, fondator Tandem Grup"}]},{"@type":"WebSite","@id":"https:\/\/www.imobiliare.ro\/imoexpert\/#website","url":"https:\/\/www.imobiliare.ro\/imoexpert\/","name":"ImoExpert","description":"cele mai importante \u015ftiri din domeniul imobiliar","publisher":{"@id":"https:\/\/www.imobiliare.ro\/imoexpert\/#organization"},"inLanguage":"en"},{"@type":"Organization","@id":"https:\/\/www.imobiliare.ro\/imoexpert\/#organization","name":"Imobiliare.ro","alternateName":"Realmedia Network SA","url":"https:\/\/www.imobiliare.ro\/imoexpert\/","logo":{"@type":"ImageObject","inLanguage":"en","@id":"https:\/\/www.imobiliare.ro\/imoexpert\/#\/schema\/logo\/image\/","url":"https:\/\/www.imobiliare.ro\/imoexpert\/wp-content\/uploads\/2025\/05\/imobiliare_logo.png","contentUrl":"https:\/\/www.imobiliare.ro\/imoexpert\/wp-content\/uploads\/2025\/05\/imobiliare_logo.png","width":237,"height":29,"caption":"Imobiliare.ro"},"image":{"@id":"https:\/\/www.imobiliare.ro\/imoexpert\/#\/schema\/logo\/image\/"}},{"@type":"Person","@id":"https:\/\/www.imobiliare.ro\/imoexpert\/#\/schema\/person\/05beb62efa22e8e5445349a3eb6c5247","name":"Corina Sfia","image":{"@type":"ImageObject","inLanguage":"en","@id":"https:\/\/www.imobiliare.ro\/imoexpert\/#\/schema\/person\/image\/","url":"https:\/\/www.imobiliare.ro\/imoexpert\/wp-content\/uploads\/2025\/10\/corina-sfia-96x96.jpeg","contentUrl":"https:\/\/www.imobiliare.ro\/imoexpert\/wp-content\/uploads\/2025\/10\/corina-sfia-96x96.jpeg","caption":"Corina Sfia"},"description":"Corina Sfia are peste 18 ani de experien\u021b\u0103 \u00een televiziune, presa scris\u0103, audio-vizual, comunicare \u0219i content marketing. A activat \u00een presa de televiziune, la Digi24, precum \u0219i \u00een presa scris\u0103, iar \u00een prezent ocup\u0103 func\u021bia de Video Content Manager la Imobiliare.ro. Este implicat\u0103 \u00een realizarea unor produc\u021bii video, printre care Talks by Imobiliare.ro, Insights sau\u00a0Fail Imobiliar, \u0219i contribuie la realizarea unor interviuri speciale \u00een parteneriat cu Libertatea. Totodat\u0103, modereaz\u0103 \u0219i g\u0103zduie\u0219te evenimente dedicate industriei imobiliare.","sameAs":["http:\/\/www.sfia.ro","https:\/\/ro.linkedin.com\/in\/corina-sfia-63794a216"],"jobTitle":"Video Content Manager","award":"Cinematic Excellence Award, Imobiliare.ro, 2024","url":"https:\/\/www.imobiliare.ro\/imoexpert\/author\/corina-sfia\/"}]}},"_links":{"self":[{"href":"https:\/\/www.imobiliare.ro\/imoexpert\/wp-json\/wp\/v2\/posts\/68621","targetHints":{"allow":["GET"]}}],"collection":[{"href":"https:\/\/www.imobiliare.ro\/imoexpert\/wp-json\/wp\/v2\/posts"}],"about":[{"href":"https:\/\/www.imobiliare.ro\/imoexpert\/wp-json\/wp\/v2\/types\/post"}],"author":[{"embeddable":true,"href":"https:\/\/www.imobiliare.ro\/imoexpert\/wp-json\/wp\/v2\/users\/853852"}],"replies":[{"embeddable":true,"href":"https:\/\/www.imobiliare.ro\/imoexpert\/wp-json\/wp\/v2\/comments?post=68621"}],"version-history":[{"count":0,"href":"https:\/\/www.imobiliare.ro\/imoexpert\/wp-json\/wp\/v2\/posts\/68621\/revisions"}],"wp:featuredmedia":[{"embeddable":true,"href":"https:\/\/www.imobiliare.ro\/imoexpert\/wp-json\/wp\/v2\/media\/68627"}],"wp:attachment":[{"href":"https:\/\/www.imobiliare.ro\/imoexpert\/wp-json\/wp\/v2\/media?parent=68621"}],"wp:term":[{"taxonomy":"category","embeddable":true,"href":"https:\/\/www.imobiliare.ro\/imoexpert\/wp-json\/wp\/v2\/categories?post=68621"},{"taxonomy":"post_tag","embeddable":true,"href":"https:\/\/www.imobiliare.ro\/imoexpert\/wp-json\/wp\/v2\/tags?post=68621"},{"taxonomy":"content_author","embeddable":true,"href":"https:\/\/www.imobiliare.ro\/imoexpert\/wp-json\/wp\/v2\/content_author?post=68621"}],"curies":[{"name":"wp","href":"https:\/\/api.w.org\/{rel}","templated":true}]}}