{"id":69523,"date":"2024-05-21T15:24:08","date_gmt":"2024-05-21T12:24:08","guid":{"rendered":"https:\/\/www.imobiliare.ro\/imoexpert\/?p=69523"},"modified":"2024-05-21T15:24:08","modified_gmt":"2024-05-21T12:24:08","slug":"cum-vinzi-repede-si-cu-pret-bun-participa-la-webinarul-intreaba-expertul-si-afla-cum-iti-pregatesti-locuinta-de-vanzare","status":"publish","type":"post","link":"https:\/\/www.imobiliare.ro\/imoexpert\/cum-vinzi-repede-si-cu-pret-bun-participa-la-webinarul-intreaba-expertul-si-afla-cum-iti-pregatesti-locuinta-de-vanzare_db\/","title":{"rendered":"Cum vinzi repede \u0219i cu pre\u021b bun? Particip\u0103 la webinarul &#8222;\u00centreab\u0103 expertul&#8221; \u0219i afl\u0103 cum \u00ee\u021bi preg\u0103te\u0219ti locuin\u021ba de v\u00e2nzare"},"content":{"rendered":"\n<figure class=\"wp-block-image size-large\"><img loading=\"lazy\" decoding=\"async\" width=\"1024\" height=\"652\" src=\"https:\/\/www.imobiliare.ro\/imoexpert\/wp-content\/uploads\/2024\/05\/IMG-20240521-WA0005-1024x652.jpg\" alt=\"\" class=\"wp-image-69526\" srcset=\"https:\/\/www.imobiliare.ro\/imoexpert\/wp-content\/uploads\/2024\/05\/IMG-20240521-WA0005-1024x652.jpg 1024w, https:\/\/www.imobiliare.ro\/imoexpert\/wp-content\/uploads\/2024\/05\/IMG-20240521-WA0005-300x191.jpg 300w, https:\/\/www.imobiliare.ro\/imoexpert\/wp-content\/uploads\/2024\/05\/IMG-20240521-WA0005-768x489.jpg 768w, https:\/\/www.imobiliare.ro\/imoexpert\/wp-content\/uploads\/2024\/05\/IMG-20240521-WA0005.jpg 1131w\" sizes=\"auto, (max-width: 1024px) 100vw, 1024px\" \/><\/figure>\n\n\n\n<p><strong>Preg\u0103tirea unei propriet\u0103\u021bi pentru v\u00e2nzare, indiferent dac\u0103 discut\u0103m despre o cas\u0103 sau despre un apartament, este un proces \u00een care trebuie s\u0103 te implici c\u00e2t se poate de serios pentru a te asigura c\u0103 vei putea s\u0103 g\u0103se\u0219ti \u00een cel mai scurt timp un cump\u0103r\u0103tor.<\/strong><\/p>\n\n\n\n<p>Pentru c\u0103 vrem s\u0103 te ajut\u0103m \u00een drumul t\u0103u spre finalizarea tranzac\u021biei vom organiza pe 28 mai, \u00eencep\u00e2nd cu ora 18:00, un webinar din seria <strong>&#8222;\u00centreab\u0103 expertul&#8221;<\/strong> \u00een care vei ob\u021bine sfaturi practice pentru preg\u0103tirea locuin\u021bei de la un agent imobiliar activ \u00een domeniu din 2009 \u0219i specializat pe reprezentarea v\u00e2nz\u0103torului. Este vorba despre Victor Ion, Pre\u0219edintele Anterior al Asocia\u021biei Profesionale a Agen\u021bilor Imobiliari din Rom\u00e2nia. <\/p>\n\n\n\n<p>Particip\u0103 gratuit la webinar \u0219i vei putea s\u0103-i ceri, \u00een direct, recomand\u0103ri invitatului nostru. <strong><a class=\"article-body-links\"href=\"https:\/\/event.webinarjam.com\/register\/25\/kzy7oi22?utm_source=refferal&amp;utm_medium=cpc&amp;utm_campaign=imobiliare.ro_articole\" target=\"_blank\" rel=\"noreferrer noopener\">\u00censcrierile se fac AICI.<\/a><\/strong><\/p>\n\n\n\n<p>Vei afla \u00een viitoarea edi\u021bie &#8222;\u00centreab\u0103 expertul&#8221;:<\/p>\n\n\n\n<ul class=\"wp-block-list\">\n<li>Ce trebuie s\u0103 faci pentru a-\u021bi prezenta locuin\u021ba \u00een cea mai bun\u0103 lumin\u0103?<\/li>\n\n\n\n<li>Cum organizezi vizion\u0103rile pentru a te asigura c\u0103 tu \u0219i poten\u021bialul cump\u0103r\u0103tor ave\u021bi parte de o experien\u021b\u0103 c\u00e2t mai bun\u0103?<\/li>\n\n\n\n<li>Ce \u00eembun\u0103t\u0103\u021biri merit\u0103 s\u0103 faci \u00eenainte s\u0103 sco\u021bi la v\u00e2nzare o locuin\u021b\u0103?<\/li>\n\n\n\n<li>Cum stabile\u0219ti pre\u021bul corect pentru proprietatea scoas\u0103 la v\u00e2nzare?<\/li>\n<\/ul>\n\n\n\n<p>Te a\u0219tept\u0103m la webinar. <a class=\"article-body-links\"href=\"https:\/\/bit.ly\/4azHlCh\" target=\"_blank\" rel=\"noreferrer noopener\"><strong>Particip\u0103 \u0219i tu!<\/strong><\/a><\/p>\n","protected":false},"excerpt":{"rendered":"<p>Preg\u0103tirea unei propriet\u0103\u021bi pentru v\u00e2nzare, indiferent dac\u0103 discut\u0103m despre o cas\u0103 sau despre un apartament, este un proces \u00een care trebuie s\u0103 te implici c\u00e2t se poate de serios pentru a te asigura c\u0103 vei putea s\u0103 g\u0103se\u0219ti \u00een cel mai scurt timp un cump\u0103r\u0103tor. Pentru c\u0103 vrem s\u0103 te ajut\u0103m \u00een drumul t\u0103u spre [&hellip;]<\/p>\n","protected":false},"author":5891,"featured_media":69527,"comment_status":"open","ping_status":"open","sticky":true,"template":"","format":"standard","meta":{"footnotes":""},"categories":[2456,259],"tags":[2238,1039],"content_author":[],"class_list":["post-69523","post","type-post","status-publish","format-standard","has-post-thumbnail","hentry","category-intreaba-expertul","category-stiri","tag-intreaba-expertul","tag-vanzare-locuinta"],"yoast_head":"<!-- This site is optimized with the Yoast SEO Premium plugin v27.0 (Yoast SEO v27.0) - https:\/\/yoast.com\/product\/yoast-seo-premium-wordpress\/ -->\n<title>Cum vinzi repede \u0219i cu pre\u021b bun? Particip\u0103 la webinarul &quot;\u00centreab\u0103 expertul&quot; \u0219i afl\u0103 cum \u00ee\u021bi preg\u0103te\u0219ti locuin\u021ba de v\u00e2nzare - \u00centreab\u0103 expertul, \u0218tiri - ImoExpert<\/title>\n<meta name=\"description\" content=\"Preg\u0103tirea unei propriet\u0103\u021bi pentru v\u00e2nzare, indiferent dac\u0103 discut\u0103m despre o cas\u0103 sau despre un apartament, este un proces \u00een care trebuie s\u0103 te implici\" \/>\n<meta name=\"robots\" content=\"index, follow\" \/>\n<link rel=\"canonical\" href=\"https:\/\/www.imobiliare.ro\/imoexpert\/cum-vinzi-repede-si-cu-pret-bun-participa-la-webinarul-intreaba-expertul-si-afla-cum-iti-pregatesti-locuinta-de-vanzare_db\/\" \/>\n<meta property=\"og:locale\" content=\"ro_RO\" \/>\n<meta property=\"og:type\" content=\"article\" \/>\n<meta property=\"og:title\" content=\"Cum vinzi repede \u0219i cu pre\u021b bun? Particip\u0103 la webinarul &quot;\u00centreab\u0103 expertul&quot; \u0219i afl\u0103 cum \u00ee\u021bi preg\u0103te\u0219ti locuin\u021ba de v\u00e2nzare\" \/>\n<meta property=\"og:description\" content=\"Preg\u0103tirea unei propriet\u0103\u021bi pentru v\u00e2nzare, indiferent dac\u0103 discut\u0103m despre o cas\u0103 sau despre un apartament, este un proces \u00een care trebuie s\u0103 te implici\" \/>\n<meta property=\"og:url\" content=\"https:\/\/www.imobiliare.ro\/imoexpert\/cum-vinzi-repede-si-cu-pret-bun-participa-la-webinarul-intreaba-expertul-si-afla-cum-iti-pregatesti-locuinta-de-vanzare_db\/\" \/>\n<meta property=\"og:site_name\" content=\"ImoExpert\" \/>\n<meta property=\"article:published_time\" content=\"2024-05-21T12:24:08+00:00\" \/>\n<meta property=\"og:image\" content=\"https:\/\/www.imobiliare.ro\/imoexpert\/wp-content\/uploads\/2024\/05\/IMG-20240521-WA0006.jpg\" \/>\n\t<meta property=\"og:image:width\" content=\"1080\" \/>\n\t<meta property=\"og:image:height\" content=\"1080\" \/>\n\t<meta property=\"og:image:type\" content=\"image\/jpeg\" \/>\n<meta name=\"author\" content=\"Corina V\u00e2rlan\" \/>\n<meta name=\"twitter:card\" content=\"summary_large_image\" \/>\n<meta name=\"twitter:label1\" content=\"Written by\" \/>\n\t<meta name=\"twitter:data1\" content=\"Corina V\u00e2rlan\" \/>\n\t<meta name=\"twitter:label2\" content=\"Est. reading time\" \/>\n\t<meta name=\"twitter:data2\" content=\"2 minute\" \/>\n<script type=\"application\/ld+json\" class=\"yoast-schema-graph\">{\"@context\":\"https:\/\/schema.org\",\"@graph\":[{\"@type\":\"Article\",\"@id\":\"https:\/\/www.imobiliare.ro\/imoexpert\/cum-vinzi-repede-si-cu-pret-bun-participa-la-webinarul-intreaba-expertul-si-afla-cum-iti-pregatesti-locuinta-de-vanzare_db\/#article\",\"isPartOf\":{\"@id\":\"https:\/\/www.imobiliare.ro\/imoexpert\/cum-vinzi-repede-si-cu-pret-bun-participa-la-webinarul-intreaba-expertul-si-afla-cum-iti-pregatesti-locuinta-de-vanzare_db\/\"},\"author\":{\"name\":\"Corina V\u00e2rlan\",\"@id\":\"https:\/\/www.imobiliare.ro\/imoexpert\/#\/schema\/person\/9ffdfbf24b82f39fc75a2fc6c19e4e99\"},\"headline\":\"Cum vinzi repede \u0219i cu pre\u021b bun? Particip\u0103 la webinarul &#8222;\u00centreab\u0103 expertul&#8221; \u0219i afl\u0103 cum \u00ee\u021bi preg\u0103te\u0219ti locuin\u021ba de v\u00e2nzare\",\"datePublished\":\"2024-05-21T12:24:08+00:00\",\"mainEntityOfPage\":{\"@id\":\"https:\/\/www.imobiliare.ro\/imoexpert\/cum-vinzi-repede-si-cu-pret-bun-participa-la-webinarul-intreaba-expertul-si-afla-cum-iti-pregatesti-locuinta-de-vanzare_db\/\"},\"wordCount\":260,\"commentCount\":0,\"publisher\":{\"@id\":\"https:\/\/www.imobiliare.ro\/imoexpert\/#organization\"},\"image\":{\"@id\":\"https:\/\/www.imobiliare.ro\/imoexpert\/cum-vinzi-repede-si-cu-pret-bun-participa-la-webinarul-intreaba-expertul-si-afla-cum-iti-pregatesti-locuinta-de-vanzare_db\/#primaryimage\"},\"thumbnailUrl\":\"https:\/\/www.imobiliare.ro\/imoexpert\/wp-content\/uploads\/2024\/05\/IMG-20240521-WA0006.jpg\",\"keywords\":[\"intreaba expertul\",\"vanzare locuinta\"],\"articleSection\":[\"\u00centreab\u0103 expertul\",\"\u0218tiri\"],\"inLanguage\":\"en\",\"potentialAction\":[{\"@type\":\"CommentAction\",\"name\":\"Comment\",\"target\":[\"https:\/\/www.imobiliare.ro\/imoexpert\/cum-vinzi-repede-si-cu-pret-bun-participa-la-webinarul-intreaba-expertul-si-afla-cum-iti-pregatesti-locuinta-de-vanzare_db\/#respond\"]}],\"copyrightYear\":\"2024\",\"copyrightHolder\":{\"@id\":\"https:\/\/www.imobiliare.ro\/imoexpert\/#organization\"}},{\"@type\":\"WebPage\",\"@id\":\"https:\/\/www.imobiliare.ro\/imoexpert\/cum-vinzi-repede-si-cu-pret-bun-participa-la-webinarul-intreaba-expertul-si-afla-cum-iti-pregatesti-locuinta-de-vanzare_db\/\",\"url\":\"https:\/\/www.imobiliare.ro\/imoexpert\/cum-vinzi-repede-si-cu-pret-bun-participa-la-webinarul-intreaba-expertul-si-afla-cum-iti-pregatesti-locuinta-de-vanzare_db\/\",\"name\":\"Cum vinzi repede \u0219i cu pre\u021b bun? Particip\u0103 la webinarul \\\"\u00centreab\u0103 expertul\\\" \u0219i afl\u0103 cum \u00ee\u021bi preg\u0103te\u0219ti locuin\u021ba de v\u00e2nzare - \u00centreab\u0103 expertul, \u0218tiri - ImoExpert\",\"isPartOf\":{\"@id\":\"https:\/\/www.imobiliare.ro\/imoexpert\/#website\"},\"primaryImageOfPage\":{\"@id\":\"https:\/\/www.imobiliare.ro\/imoexpert\/cum-vinzi-repede-si-cu-pret-bun-participa-la-webinarul-intreaba-expertul-si-afla-cum-iti-pregatesti-locuinta-de-vanzare_db\/#primaryimage\"},\"image\":{\"@id\":\"https:\/\/www.imobiliare.ro\/imoexpert\/cum-vinzi-repede-si-cu-pret-bun-participa-la-webinarul-intreaba-expertul-si-afla-cum-iti-pregatesti-locuinta-de-vanzare_db\/#primaryimage\"},\"thumbnailUrl\":\"https:\/\/www.imobiliare.ro\/imoexpert\/wp-content\/uploads\/2024\/05\/IMG-20240521-WA0006.jpg\",\"datePublished\":\"2024-05-21T12:24:08+00:00\",\"description\":\"Preg\u0103tirea unei propriet\u0103\u021bi pentru v\u00e2nzare, indiferent dac\u0103 discut\u0103m despre o cas\u0103 sau despre un apartament, este un proces \u00een care trebuie s\u0103 te implici\",\"breadcrumb\":{\"@id\":\"https:\/\/www.imobiliare.ro\/imoexpert\/cum-vinzi-repede-si-cu-pret-bun-participa-la-webinarul-intreaba-expertul-si-afla-cum-iti-pregatesti-locuinta-de-vanzare_db\/#breadcrumb\"},\"inLanguage\":\"en\",\"potentialAction\":[{\"@type\":\"ReadAction\",\"target\":[\"https:\/\/www.imobiliare.ro\/imoexpert\/cum-vinzi-repede-si-cu-pret-bun-participa-la-webinarul-intreaba-expertul-si-afla-cum-iti-pregatesti-locuinta-de-vanzare_db\/\"]}]},{\"@type\":\"ImageObject\",\"inLanguage\":\"en\",\"@id\":\"https:\/\/www.imobiliare.ro\/imoexpert\/cum-vinzi-repede-si-cu-pret-bun-participa-la-webinarul-intreaba-expertul-si-afla-cum-iti-pregatesti-locuinta-de-vanzare_db\/#primaryimage\",\"url\":\"https:\/\/www.imobiliare.ro\/imoexpert\/wp-content\/uploads\/2024\/05\/IMG-20240521-WA0006.jpg\",\"contentUrl\":\"https:\/\/www.imobiliare.ro\/imoexpert\/wp-content\/uploads\/2024\/05\/IMG-20240521-WA0006.jpg\",\"width\":1080,\"height\":1080},{\"@type\":\"BreadcrumbList\",\"@id\":\"https:\/\/www.imobiliare.ro\/imoexpert\/cum-vinzi-repede-si-cu-pret-bun-participa-la-webinarul-intreaba-expertul-si-afla-cum-iti-pregatesti-locuinta-de-vanzare_db\/#breadcrumb\",\"itemListElement\":[{\"@type\":\"ListItem\",\"position\":1,\"name\":\"Imoradar24\",\"item\":\"https:\/\/www.imoradar24.ro\"},{\"@type\":\"ListItem\",\"position\":2,\"name\":\"ImoExpert\",\"item\":\"https:\/\/www.imobiliare.ro\/imoexpert\/\"},{\"@type\":\"ListItem\",\"position\":3,\"name\":\"\u0218tiri\",\"item\":\"https:\/\/www.imobiliare.ro\/imoexpert\/stiri\/\"},{\"@type\":\"ListItem\",\"position\":4,\"name\":\"Cum vinzi repede \u0219i cu pre\u021b bun? Particip\u0103 la webinarul &#8222;\u00centreab\u0103 expertul&#8221; \u0219i afl\u0103 cum \u00ee\u021bi preg\u0103te\u0219ti locuin\u021ba de v\u00e2nzare\"}]},{\"@type\":\"WebSite\",\"@id\":\"https:\/\/www.imobiliare.ro\/imoexpert\/#website\",\"url\":\"https:\/\/www.imobiliare.ro\/imoexpert\/\",\"name\":\"ImoExpert\",\"description\":\"cele mai importante \u015ftiri din domeniul imobiliar\",\"publisher\":{\"@id\":\"https:\/\/www.imobiliare.ro\/imoexpert\/#organization\"},\"inLanguage\":\"en\"},{\"@type\":\"Organization\",\"@id\":\"https:\/\/www.imobiliare.ro\/imoexpert\/#organization\",\"name\":\"Imobiliare.ro\",\"alternateName\":\"Realmedia Network SA\",\"url\":\"https:\/\/www.imobiliare.ro\/imoexpert\/\",\"logo\":{\"@type\":\"ImageObject\",\"inLanguage\":\"en\",\"@id\":\"https:\/\/www.imobiliare.ro\/imoexpert\/#\/schema\/logo\/image\/\",\"url\":\"https:\/\/www.imobiliare.ro\/imoexpert\/wp-content\/uploads\/2025\/05\/imobiliare_logo.png\",\"contentUrl\":\"https:\/\/www.imobiliare.ro\/imoexpert\/wp-content\/uploads\/2025\/05\/imobiliare_logo.png\",\"width\":237,\"height\":29,\"caption\":\"Imobiliare.ro\"},\"image\":{\"@id\":\"https:\/\/www.imobiliare.ro\/imoexpert\/#\/schema\/logo\/image\/\"}},{\"@type\":\"Person\",\"@id\":\"https:\/\/www.imobiliare.ro\/imoexpert\/#\/schema\/person\/9ffdfbf24b82f39fc75a2fc6c19e4e99\",\"name\":\"Corina V\u00e2rlan\",\"image\":{\"@type\":\"ImageObject\",\"inLanguage\":\"en\",\"@id\":\"https:\/\/www.imobiliare.ro\/imoexpert\/#\/schema\/person\/image\/\",\"url\":\"https:\/\/www.imobiliare.ro\/imoexpert\/wp-content\/uploads\/2026\/02\/12-02-2025-5-rezumat-brasov-thumb-reels-1-1-96x96.png\",\"contentUrl\":\"https:\/\/www.imobiliare.ro\/imoexpert\/wp-content\/uploads\/2026\/02\/12-02-2025-5-rezumat-brasov-thumb-reels-1-1-96x96.png\",\"caption\":\"Corina V\u00e2rlan\"},\"description\":\"Cu o experien\u021b\u0103 de 14 ani \u00een presa online, comunicare \u0219i content marketing, Corina V\u00e2rlan s-a al\u0103turat echipei Imobiliare.ro \u00een urm\u0103 cu 8 ani \u0219i ocup\u0103, \u00een prezent, func\u021bia de Content Manager. Ea este gazda emisiunii \\\"\u00centreab\u0103 expertul\\\" \u0219i a seriei 5 \u0218tiri Imobiliare.ro, realizate \u00een parteneriat cu Libertatea. Corina \u00ee\u0219i concentreaz\u0103 activitatea pe analiza datelor de pia\u021b\u0103 \u0219i pe subiecte de interes at\u00e2t pentru cei afla\u021bi \u00een c\u0103utarea unei locuin\u021be, c\u00e2t \u0219i pentru proprietari sau chiria\u0219i.\",\"alternateName\":\"Corina\",\"jobTitle\":\"Content Manager\",\"url\":\"https:\/\/www.imobiliare.ro\/imoexpert\/author\/corina-varlan\/\"}]}<\/script>\n<!-- \/ Yoast SEO Premium plugin. -->","yoast_head_json":{"title":"Cum vinzi repede \u0219i cu pre\u021b bun? Particip\u0103 la webinarul \"\u00centreab\u0103 expertul\" \u0219i afl\u0103 cum \u00ee\u021bi preg\u0103te\u0219ti locuin\u021ba de v\u00e2nzare - \u00centreab\u0103 expertul, \u0218tiri - ImoExpert","description":"Preg\u0103tirea unei propriet\u0103\u021bi pentru v\u00e2nzare, indiferent dac\u0103 discut\u0103m despre o cas\u0103 sau despre un apartament, este un proces \u00een care trebuie s\u0103 te implici","robots":{"index":"index","follow":"follow"},"canonical":"https:\/\/www.imobiliare.ro\/imoexpert\/cum-vinzi-repede-si-cu-pret-bun-participa-la-webinarul-intreaba-expertul-si-afla-cum-iti-pregatesti-locuinta-de-vanzare_db\/","og_locale":"ro_RO","og_type":"article","og_title":"Cum vinzi repede \u0219i cu pre\u021b bun? Particip\u0103 la webinarul \"\u00centreab\u0103 expertul\" \u0219i afl\u0103 cum \u00ee\u021bi preg\u0103te\u0219ti locuin\u021ba de v\u00e2nzare","og_description":"Preg\u0103tirea unei propriet\u0103\u021bi pentru v\u00e2nzare, indiferent dac\u0103 discut\u0103m despre o cas\u0103 sau despre un apartament, este un proces \u00een care trebuie s\u0103 te implici","og_url":"https:\/\/www.imobiliare.ro\/imoexpert\/cum-vinzi-repede-si-cu-pret-bun-participa-la-webinarul-intreaba-expertul-si-afla-cum-iti-pregatesti-locuinta-de-vanzare_db\/","og_site_name":"ImoExpert","article_published_time":"2024-05-21T12:24:08+00:00","og_image":[{"width":1080,"height":1080,"url":"https:\/\/www.imobiliare.ro\/imoexpert\/wp-content\/uploads\/2024\/05\/IMG-20240521-WA0006.jpg","type":"image\/jpeg"}],"author":"Corina V\u00e2rlan","twitter_card":"summary_large_image","twitter_misc":{"Written by":"Corina V\u00e2rlan","Est. reading time":"2 minute"},"schema":{"@context":"https:\/\/schema.org","@graph":[{"@type":"Article","@id":"https:\/\/www.imobiliare.ro\/imoexpert\/cum-vinzi-repede-si-cu-pret-bun-participa-la-webinarul-intreaba-expertul-si-afla-cum-iti-pregatesti-locuinta-de-vanzare_db\/#article","isPartOf":{"@id":"https:\/\/www.imobiliare.ro\/imoexpert\/cum-vinzi-repede-si-cu-pret-bun-participa-la-webinarul-intreaba-expertul-si-afla-cum-iti-pregatesti-locuinta-de-vanzare_db\/"},"author":{"name":"Corina V\u00e2rlan","@id":"https:\/\/www.imobiliare.ro\/imoexpert\/#\/schema\/person\/9ffdfbf24b82f39fc75a2fc6c19e4e99"},"headline":"Cum vinzi repede \u0219i cu pre\u021b bun? Particip\u0103 la webinarul &#8222;\u00centreab\u0103 expertul&#8221; \u0219i afl\u0103 cum \u00ee\u021bi preg\u0103te\u0219ti locuin\u021ba de v\u00e2nzare","datePublished":"2024-05-21T12:24:08+00:00","mainEntityOfPage":{"@id":"https:\/\/www.imobiliare.ro\/imoexpert\/cum-vinzi-repede-si-cu-pret-bun-participa-la-webinarul-intreaba-expertul-si-afla-cum-iti-pregatesti-locuinta-de-vanzare_db\/"},"wordCount":260,"commentCount":0,"publisher":{"@id":"https:\/\/www.imobiliare.ro\/imoexpert\/#organization"},"image":{"@id":"https:\/\/www.imobiliare.ro\/imoexpert\/cum-vinzi-repede-si-cu-pret-bun-participa-la-webinarul-intreaba-expertul-si-afla-cum-iti-pregatesti-locuinta-de-vanzare_db\/#primaryimage"},"thumbnailUrl":"https:\/\/www.imobiliare.ro\/imoexpert\/wp-content\/uploads\/2024\/05\/IMG-20240521-WA0006.jpg","keywords":["intreaba expertul","vanzare locuinta"],"articleSection":["\u00centreab\u0103 expertul","\u0218tiri"],"inLanguage":"en","potentialAction":[{"@type":"CommentAction","name":"Comment","target":["https:\/\/www.imobiliare.ro\/imoexpert\/cum-vinzi-repede-si-cu-pret-bun-participa-la-webinarul-intreaba-expertul-si-afla-cum-iti-pregatesti-locuinta-de-vanzare_db\/#respond"]}],"copyrightYear":"2024","copyrightHolder":{"@id":"https:\/\/www.imobiliare.ro\/imoexpert\/#organization"}},{"@type":"WebPage","@id":"https:\/\/www.imobiliare.ro\/imoexpert\/cum-vinzi-repede-si-cu-pret-bun-participa-la-webinarul-intreaba-expertul-si-afla-cum-iti-pregatesti-locuinta-de-vanzare_db\/","url":"https:\/\/www.imobiliare.ro\/imoexpert\/cum-vinzi-repede-si-cu-pret-bun-participa-la-webinarul-intreaba-expertul-si-afla-cum-iti-pregatesti-locuinta-de-vanzare_db\/","name":"Cum vinzi repede \u0219i cu pre\u021b bun? Particip\u0103 la webinarul \"\u00centreab\u0103 expertul\" \u0219i afl\u0103 cum \u00ee\u021bi preg\u0103te\u0219ti locuin\u021ba de v\u00e2nzare - \u00centreab\u0103 expertul, \u0218tiri - ImoExpert","isPartOf":{"@id":"https:\/\/www.imobiliare.ro\/imoexpert\/#website"},"primaryImageOfPage":{"@id":"https:\/\/www.imobiliare.ro\/imoexpert\/cum-vinzi-repede-si-cu-pret-bun-participa-la-webinarul-intreaba-expertul-si-afla-cum-iti-pregatesti-locuinta-de-vanzare_db\/#primaryimage"},"image":{"@id":"https:\/\/www.imobiliare.ro\/imoexpert\/cum-vinzi-repede-si-cu-pret-bun-participa-la-webinarul-intreaba-expertul-si-afla-cum-iti-pregatesti-locuinta-de-vanzare_db\/#primaryimage"},"thumbnailUrl":"https:\/\/www.imobiliare.ro\/imoexpert\/wp-content\/uploads\/2024\/05\/IMG-20240521-WA0006.jpg","datePublished":"2024-05-21T12:24:08+00:00","description":"Preg\u0103tirea unei propriet\u0103\u021bi pentru v\u00e2nzare, indiferent dac\u0103 discut\u0103m despre o cas\u0103 sau despre un apartament, este un proces \u00een care trebuie s\u0103 te implici","breadcrumb":{"@id":"https:\/\/www.imobiliare.ro\/imoexpert\/cum-vinzi-repede-si-cu-pret-bun-participa-la-webinarul-intreaba-expertul-si-afla-cum-iti-pregatesti-locuinta-de-vanzare_db\/#breadcrumb"},"inLanguage":"en","potentialAction":[{"@type":"ReadAction","target":["https:\/\/www.imobiliare.ro\/imoexpert\/cum-vinzi-repede-si-cu-pret-bun-participa-la-webinarul-intreaba-expertul-si-afla-cum-iti-pregatesti-locuinta-de-vanzare_db\/"]}]},{"@type":"ImageObject","inLanguage":"en","@id":"https:\/\/www.imobiliare.ro\/imoexpert\/cum-vinzi-repede-si-cu-pret-bun-participa-la-webinarul-intreaba-expertul-si-afla-cum-iti-pregatesti-locuinta-de-vanzare_db\/#primaryimage","url":"https:\/\/www.imobiliare.ro\/imoexpert\/wp-content\/uploads\/2024\/05\/IMG-20240521-WA0006.jpg","contentUrl":"https:\/\/www.imobiliare.ro\/imoexpert\/wp-content\/uploads\/2024\/05\/IMG-20240521-WA0006.jpg","width":1080,"height":1080},{"@type":"BreadcrumbList","@id":"https:\/\/www.imobiliare.ro\/imoexpert\/cum-vinzi-repede-si-cu-pret-bun-participa-la-webinarul-intreaba-expertul-si-afla-cum-iti-pregatesti-locuinta-de-vanzare_db\/#breadcrumb","itemListElement":[{"@type":"ListItem","position":1,"name":"Imoradar24","item":"https:\/\/www.imoradar24.ro"},{"@type":"ListItem","position":2,"name":"ImoExpert","item":"https:\/\/www.imobiliare.ro\/imoexpert\/"},{"@type":"ListItem","position":3,"name":"\u0218tiri","item":"https:\/\/www.imobiliare.ro\/imoexpert\/stiri\/"},{"@type":"ListItem","position":4,"name":"Cum vinzi repede \u0219i cu pre\u021b bun? Particip\u0103 la webinarul &#8222;\u00centreab\u0103 expertul&#8221; \u0219i afl\u0103 cum \u00ee\u021bi preg\u0103te\u0219ti locuin\u021ba de v\u00e2nzare"}]},{"@type":"WebSite","@id":"https:\/\/www.imobiliare.ro\/imoexpert\/#website","url":"https:\/\/www.imobiliare.ro\/imoexpert\/","name":"ImoExpert","description":"cele mai importante \u015ftiri din domeniul imobiliar","publisher":{"@id":"https:\/\/www.imobiliare.ro\/imoexpert\/#organization"},"inLanguage":"en"},{"@type":"Organization","@id":"https:\/\/www.imobiliare.ro\/imoexpert\/#organization","name":"Imobiliare.ro","alternateName":"Realmedia Network SA","url":"https:\/\/www.imobiliare.ro\/imoexpert\/","logo":{"@type":"ImageObject","inLanguage":"en","@id":"https:\/\/www.imobiliare.ro\/imoexpert\/#\/schema\/logo\/image\/","url":"https:\/\/www.imobiliare.ro\/imoexpert\/wp-content\/uploads\/2025\/05\/imobiliare_logo.png","contentUrl":"https:\/\/www.imobiliare.ro\/imoexpert\/wp-content\/uploads\/2025\/05\/imobiliare_logo.png","width":237,"height":29,"caption":"Imobiliare.ro"},"image":{"@id":"https:\/\/www.imobiliare.ro\/imoexpert\/#\/schema\/logo\/image\/"}},{"@type":"Person","@id":"https:\/\/www.imobiliare.ro\/imoexpert\/#\/schema\/person\/9ffdfbf24b82f39fc75a2fc6c19e4e99","name":"Corina V\u00e2rlan","image":{"@type":"ImageObject","inLanguage":"en","@id":"https:\/\/www.imobiliare.ro\/imoexpert\/#\/schema\/person\/image\/","url":"https:\/\/www.imobiliare.ro\/imoexpert\/wp-content\/uploads\/2026\/02\/12-02-2025-5-rezumat-brasov-thumb-reels-1-1-96x96.png","contentUrl":"https:\/\/www.imobiliare.ro\/imoexpert\/wp-content\/uploads\/2026\/02\/12-02-2025-5-rezumat-brasov-thumb-reels-1-1-96x96.png","caption":"Corina V\u00e2rlan"},"description":"Cu o experien\u021b\u0103 de 14 ani \u00een presa online, comunicare \u0219i content marketing, Corina V\u00e2rlan s-a al\u0103turat echipei Imobiliare.ro \u00een urm\u0103 cu 8 ani \u0219i ocup\u0103, \u00een prezent, func\u021bia de Content Manager. Ea este gazda emisiunii \"\u00centreab\u0103 expertul\" \u0219i a seriei 5 \u0218tiri Imobiliare.ro, realizate \u00een parteneriat cu Libertatea. Corina \u00ee\u0219i concentreaz\u0103 activitatea pe analiza datelor de pia\u021b\u0103 \u0219i pe subiecte de interes at\u00e2t pentru cei afla\u021bi \u00een c\u0103utarea unei locuin\u021be, c\u00e2t \u0219i pentru proprietari sau chiria\u0219i.","alternateName":"Corina","jobTitle":"Content Manager","url":"https:\/\/www.imobiliare.ro\/imoexpert\/author\/corina-varlan\/"}]}},"_links":{"self":[{"href":"https:\/\/www.imobiliare.ro\/imoexpert\/wp-json\/wp\/v2\/posts\/69523","targetHints":{"allow":["GET"]}}],"collection":[{"href":"https:\/\/www.imobiliare.ro\/imoexpert\/wp-json\/wp\/v2\/posts"}],"about":[{"href":"https:\/\/www.imobiliare.ro\/imoexpert\/wp-json\/wp\/v2\/types\/post"}],"author":[{"embeddable":true,"href":"https:\/\/www.imobiliare.ro\/imoexpert\/wp-json\/wp\/v2\/users\/5891"}],"replies":[{"embeddable":true,"href":"https:\/\/www.imobiliare.ro\/imoexpert\/wp-json\/wp\/v2\/comments?post=69523"}],"version-history":[{"count":0,"href":"https:\/\/www.imobiliare.ro\/imoexpert\/wp-json\/wp\/v2\/posts\/69523\/revisions"}],"wp:featuredmedia":[{"embeddable":true,"href":"https:\/\/www.imobiliare.ro\/imoexpert\/wp-json\/wp\/v2\/media\/69527"}],"wp:attachment":[{"href":"https:\/\/www.imobiliare.ro\/imoexpert\/wp-json\/wp\/v2\/media?parent=69523"}],"wp:term":[{"taxonomy":"category","embeddable":true,"href":"https:\/\/www.imobiliare.ro\/imoexpert\/wp-json\/wp\/v2\/categories?post=69523"},{"taxonomy":"post_tag","embeddable":true,"href":"https:\/\/www.imobiliare.ro\/imoexpert\/wp-json\/wp\/v2\/tags?post=69523"},{"taxonomy":"content_author","embeddable":true,"href":"https:\/\/www.imobiliare.ro\/imoexpert\/wp-json\/wp\/v2\/content_author?post=69523"}],"curies":[{"name":"wp","href":"https:\/\/api.w.org\/{rel}","templated":true}]}}