{"id":70894,"date":"2024-11-07T08:38:26","date_gmt":"2024-11-07T06:38:26","guid":{"rendered":"https:\/\/www.imobiliare.ro\/imoexpert\/?p=70894"},"modified":"2024-11-07T08:38:26","modified_gmt":"2024-11-07T06:38:26","slug":"reduceri-de-peste-79-de-black-friday-pe-imobiliare-ro-profita-de-ocazie-si-gaseste-un-cumparator-in-timp-record","status":"publish","type":"post","link":"https:\/\/www.imobiliare.ro\/imoexpert\/reduceri-de-peste-79-de-black-friday-pe-imobiliare-ro-profita-de-ocazie-si-gaseste-un-cumparator-in-timp-record_db\/","title":{"rendered":"Reduceri de peste 79% de Black Friday pe Imobiliare.ro. Profit\u0103 de ocazie \u0219i g\u0103se\u0219te un cump\u0103r\u0103tor \u00een timp record!"},"content":{"rendered":"\n<figure class=\"wp-block-image size-large\"><img loading=\"lazy\" decoding=\"async\" width=\"1024\" height=\"668\" src=\"https:\/\/www.imobiliare.ro\/imoexpert\/wp-content\/uploads\/2024\/11\/IMG-20241105-WA0003-1024x668.jpg\" alt=\"\" class=\"wp-image-70895\" srcset=\"https:\/\/www.imobiliare.ro\/imoexpert\/wp-content\/uploads\/2024\/11\/IMG-20241105-WA0003-1024x668.jpg 1024w, https:\/\/www.imobiliare.ro\/imoexpert\/wp-content\/uploads\/2024\/11\/IMG-20241105-WA0003-300x196.jpg 300w, https:\/\/www.imobiliare.ro\/imoexpert\/wp-content\/uploads\/2024\/11\/IMG-20241105-WA0003-768x501.jpg 768w, https:\/\/www.imobiliare.ro\/imoexpert\/wp-content\/uploads\/2024\/11\/IMG-20241105-WA0003.jpg 1080w\" sizes=\"auto, (max-width: 1024px) 100vw, 1024px\" \/><\/figure>\n\n\n\n<p><strong>S\u0103pt\u0103m\u00e2na aceasta vine cu oferte de Black Friday pe Imobiliare.ro. Profit\u0103 \u0219i tu de aceste reduceri substan\u021biale \u0219i adaug\u0103 un anun\u021b! <\/strong><\/p>\n\n\n\n<p>Doar \u00een perioada 7-8 noiembrie ai ocazia de a beneficia de discount-uri \u00eencep\u00e2nd de la 79% la pachete speciale de promovare pentru proprietari pe Imobiliare.ro. <strong><a class=\"article-body-links\"href=\"https:\/\/www.imobiliare.ro\/cont\/anunt\/adauga\" target=\"_blank\" rel=\"noreferrer noopener\">Anun\u021bul t\u0103u va fi publicat rapid<\/a><\/strong> \u0219i va baneficia de un mix de promovare care te va ajuta s\u0103-\u021bi vinzi proprietatea \u00een cel mai scurt timp.<\/p>\n\n\n\n<p>Alege pachetul care \u021bi se potrive\u0219te:<\/p>\n\n\n\n<p><strong>Black Friday WOW (GOLD 60 zile + SILVER 120 zile)<\/strong><\/p>\n\n\n\n<p><strong>Black Friday SUPER (GOLD 15 zile + SILVER 30 zile)<\/strong><\/p>\n\n\n\n<p>\u00cen perioada de promovare GOLD anun\u021bul t\u0103u se va afi\u0219a \u00een fa\u021ba tuturor anun\u021burilor Silver \u0219i Standard. \u00cen perioada \u00een care mergi pe varianta SILVER, anun\u021bul t\u0103u se va afi\u0219a \u00een fa\u021ba tuturor anun\u021burilor Standard. <strong><a class=\"article-body-links\"href=\"https:\/\/www.imobiliare.ro\/cont\/anunt\/adauga\" target=\"_blank\" rel=\"noreferrer noopener\">Adaug\u0103 acum un anun\u021b<\/a>!<\/strong><\/p>\n","protected":false},"excerpt":{"rendered":"<p>S\u0103pt\u0103m\u00e2na aceasta vine cu oferte de Black Friday pe Imobiliare.ro. Profit\u0103 \u0219i tu de aceste reduceri substan\u021biale \u0219i adaug\u0103 un anun\u021b! Doar \u00een perioada 7-8 noiembrie ai ocazia de a beneficia de discount-uri \u00eencep\u00e2nd de la 79% la pachete speciale de promovare pentru proprietari pe Imobiliare.ro. Anun\u021bul t\u0103u va fi publicat rapid \u0219i va baneficia [&hellip;]<\/p>\n","protected":false},"author":5891,"featured_media":70907,"comment_status":"open","ping_status":"open","sticky":true,"template":"","format":"standard","meta":{"footnotes":""},"categories":[259],"tags":[1554],"content_author":[],"class_list":["post-70894","post","type-post","status-publish","format-standard","has-post-thumbnail","hentry","category-stiri","tag-black-friday"],"yoast_head":"<!-- This site is optimized with the Yoast SEO Premium plugin v27.0 (Yoast SEO v27.0) - https:\/\/yoast.com\/product\/yoast-seo-premium-wordpress\/ -->\n<title>Reduceri de peste 79% de Black Friday pe Imobiliare.ro. Profit\u0103 de ocazie \u0219i g\u0103se\u0219te un cump\u0103r\u0103tor \u00een timp record! - \u0218tiri - ImoExpert<\/title>\n<meta name=\"description\" content=\"S\u0103pt\u0103m\u00e2na aceasta vine cu oferte de Black Friday pe Imobiliare.ro. Profit\u0103 \u0219i tu de aceste reduceri substan\u021biale \u0219i adaug\u0103 un anun\u021b! Doar \u00een perioada 7-8\" \/>\n<meta name=\"robots\" content=\"index, follow\" \/>\n<link rel=\"canonical\" href=\"https:\/\/www.imobiliare.ro\/imoexpert\/reduceri-de-peste-79-de-black-friday-pe-imobiliare-ro-profita-de-ocazie-si-gaseste-un-cumparator-in-timp-record_db\/\" \/>\n<meta property=\"og:locale\" content=\"ro_RO\" \/>\n<meta property=\"og:type\" content=\"article\" \/>\n<meta property=\"og:title\" content=\"Reduceri de peste 79% de Black Friday pe Imobiliare.ro. Profit\u0103 de ocazie \u0219i g\u0103se\u0219te un cump\u0103r\u0103tor \u00een timp record!\" \/>\n<meta property=\"og:description\" content=\"S\u0103pt\u0103m\u00e2na aceasta vine cu oferte de Black Friday pe Imobiliare.ro. Profit\u0103 \u0219i tu de aceste reduceri substan\u021biale \u0219i adaug\u0103 un anun\u021b! Doar \u00een perioada 7-8\" \/>\n<meta property=\"og:url\" content=\"https:\/\/www.imobiliare.ro\/imoexpert\/reduceri-de-peste-79-de-black-friday-pe-imobiliare-ro-profita-de-ocazie-si-gaseste-un-cumparator-in-timp-record_db\/\" \/>\n<meta property=\"og:site_name\" content=\"ImoExpert\" \/>\n<meta property=\"article:published_time\" content=\"2024-11-07T06:38:26+00:00\" \/>\n<meta property=\"og:image\" content=\"https:\/\/www.imobiliare.ro\/imoexpert\/wp-content\/uploads\/2024\/11\/Untitled-design-2024-11-07T092212.716.png\" \/>\n\t<meta property=\"og:image:width\" content=\"1080\" \/>\n\t<meta property=\"og:image:height\" content=\"1080\" \/>\n\t<meta property=\"og:image:type\" content=\"image\/png\" \/>\n<meta name=\"author\" content=\"Corina V\u00e2rlan\" \/>\n<meta name=\"twitter:card\" content=\"summary_large_image\" \/>\n<meta name=\"twitter:label1\" content=\"Written by\" \/>\n\t<meta name=\"twitter:data1\" content=\"Corina V\u00e2rlan\" \/>\n\t<meta name=\"twitter:label2\" content=\"Est. reading time\" \/>\n\t<meta name=\"twitter:data2\" content=\"1 minut\" \/>\n<script type=\"application\/ld+json\" class=\"yoast-schema-graph\">{\"@context\":\"https:\/\/schema.org\",\"@graph\":[{\"@type\":\"Article\",\"@id\":\"https:\/\/www.imobiliare.ro\/imoexpert\/reduceri-de-peste-79-de-black-friday-pe-imobiliare-ro-profita-de-ocazie-si-gaseste-un-cumparator-in-timp-record_db\/#article\",\"isPartOf\":{\"@id\":\"https:\/\/www.imobiliare.ro\/imoexpert\/reduceri-de-peste-79-de-black-friday-pe-imobiliare-ro-profita-de-ocazie-si-gaseste-un-cumparator-in-timp-record_db\/\"},\"author\":{\"name\":\"Corina V\u00e2rlan\",\"@id\":\"https:\/\/www.imobiliare.ro\/imoexpert\/#\/schema\/person\/9ffdfbf24b82f39fc75a2fc6c19e4e99\"},\"headline\":\"Reduceri de peste 79% de Black Friday pe Imobiliare.ro. Profit\u0103 de ocazie \u0219i g\u0103se\u0219te un cump\u0103r\u0103tor \u00een timp record!\",\"datePublished\":\"2024-11-07T06:38:26+00:00\",\"mainEntityOfPage\":{\"@id\":\"https:\/\/www.imobiliare.ro\/imoexpert\/reduceri-de-peste-79-de-black-friday-pe-imobiliare-ro-profita-de-ocazie-si-gaseste-un-cumparator-in-timp-record_db\/\"},\"wordCount\":175,\"commentCount\":0,\"publisher\":{\"@id\":\"https:\/\/www.imobiliare.ro\/imoexpert\/#organization\"},\"image\":{\"@id\":\"https:\/\/www.imobiliare.ro\/imoexpert\/reduceri-de-peste-79-de-black-friday-pe-imobiliare-ro-profita-de-ocazie-si-gaseste-un-cumparator-in-timp-record_db\/#primaryimage\"},\"thumbnailUrl\":\"https:\/\/www.imobiliare.ro\/imoexpert\/wp-content\/uploads\/2024\/11\/Untitled-design-2024-11-07T092212.716.png\",\"keywords\":[\"Black Friday\"],\"articleSection\":[\"\u0218tiri\"],\"inLanguage\":\"en\",\"potentialAction\":[{\"@type\":\"CommentAction\",\"name\":\"Comment\",\"target\":[\"https:\/\/www.imobiliare.ro\/imoexpert\/reduceri-de-peste-79-de-black-friday-pe-imobiliare-ro-profita-de-ocazie-si-gaseste-un-cumparator-in-timp-record_db\/#respond\"]}],\"copyrightYear\":\"2024\",\"copyrightHolder\":{\"@id\":\"https:\/\/www.imobiliare.ro\/imoexpert\/#organization\"}},{\"@type\":\"WebPage\",\"@id\":\"https:\/\/www.imobiliare.ro\/imoexpert\/reduceri-de-peste-79-de-black-friday-pe-imobiliare-ro-profita-de-ocazie-si-gaseste-un-cumparator-in-timp-record_db\/\",\"url\":\"https:\/\/www.imobiliare.ro\/imoexpert\/reduceri-de-peste-79-de-black-friday-pe-imobiliare-ro-profita-de-ocazie-si-gaseste-un-cumparator-in-timp-record_db\/\",\"name\":\"Reduceri de peste 79% de Black Friday pe Imobiliare.ro. Profit\u0103 de ocazie \u0219i g\u0103se\u0219te un cump\u0103r\u0103tor \u00een timp record! - \u0218tiri - ImoExpert\",\"isPartOf\":{\"@id\":\"https:\/\/www.imobiliare.ro\/imoexpert\/#website\"},\"primaryImageOfPage\":{\"@id\":\"https:\/\/www.imobiliare.ro\/imoexpert\/reduceri-de-peste-79-de-black-friday-pe-imobiliare-ro-profita-de-ocazie-si-gaseste-un-cumparator-in-timp-record_db\/#primaryimage\"},\"image\":{\"@id\":\"https:\/\/www.imobiliare.ro\/imoexpert\/reduceri-de-peste-79-de-black-friday-pe-imobiliare-ro-profita-de-ocazie-si-gaseste-un-cumparator-in-timp-record_db\/#primaryimage\"},\"thumbnailUrl\":\"https:\/\/www.imobiliare.ro\/imoexpert\/wp-content\/uploads\/2024\/11\/Untitled-design-2024-11-07T092212.716.png\",\"datePublished\":\"2024-11-07T06:38:26+00:00\",\"description\":\"S\u0103pt\u0103m\u00e2na aceasta vine cu oferte de Black Friday pe Imobiliare.ro. Profit\u0103 \u0219i tu de aceste reduceri substan\u021biale \u0219i adaug\u0103 un anun\u021b! Doar \u00een perioada 7-8\",\"breadcrumb\":{\"@id\":\"https:\/\/www.imobiliare.ro\/imoexpert\/reduceri-de-peste-79-de-black-friday-pe-imobiliare-ro-profita-de-ocazie-si-gaseste-un-cumparator-in-timp-record_db\/#breadcrumb\"},\"inLanguage\":\"en\",\"potentialAction\":[{\"@type\":\"ReadAction\",\"target\":[\"https:\/\/www.imobiliare.ro\/imoexpert\/reduceri-de-peste-79-de-black-friday-pe-imobiliare-ro-profita-de-ocazie-si-gaseste-un-cumparator-in-timp-record_db\/\"]}]},{\"@type\":\"ImageObject\",\"inLanguage\":\"en\",\"@id\":\"https:\/\/www.imobiliare.ro\/imoexpert\/reduceri-de-peste-79-de-black-friday-pe-imobiliare-ro-profita-de-ocazie-si-gaseste-un-cumparator-in-timp-record_db\/#primaryimage\",\"url\":\"https:\/\/www.imobiliare.ro\/imoexpert\/wp-content\/uploads\/2024\/11\/Untitled-design-2024-11-07T092212.716.png\",\"contentUrl\":\"https:\/\/www.imobiliare.ro\/imoexpert\/wp-content\/uploads\/2024\/11\/Untitled-design-2024-11-07T092212.716.png\",\"width\":1080,\"height\":1080},{\"@type\":\"BreadcrumbList\",\"@id\":\"https:\/\/www.imobiliare.ro\/imoexpert\/reduceri-de-peste-79-de-black-friday-pe-imobiliare-ro-profita-de-ocazie-si-gaseste-un-cumparator-in-timp-record_db\/#breadcrumb\",\"itemListElement\":[{\"@type\":\"ListItem\",\"position\":1,\"name\":\"Imoradar24\",\"item\":\"https:\/\/www.imoradar24.ro\"},{\"@type\":\"ListItem\",\"position\":2,\"name\":\"ImoExpert\",\"item\":\"https:\/\/www.imobiliare.ro\/imoexpert\/\"},{\"@type\":\"ListItem\",\"position\":3,\"name\":\"\u0218tiri\",\"item\":\"https:\/\/www.imobiliare.ro\/imoexpert\/stiri\/\"},{\"@type\":\"ListItem\",\"position\":4,\"name\":\"Reduceri de peste 79% de Black Friday pe Imobiliare.ro. Profit\u0103 de ocazie \u0219i g\u0103se\u0219te un cump\u0103r\u0103tor \u00een timp record!\"}]},{\"@type\":\"WebSite\",\"@id\":\"https:\/\/www.imobiliare.ro\/imoexpert\/#website\",\"url\":\"https:\/\/www.imobiliare.ro\/imoexpert\/\",\"name\":\"ImoExpert\",\"description\":\"cele mai importante \u015ftiri din domeniul imobiliar\",\"publisher\":{\"@id\":\"https:\/\/www.imobiliare.ro\/imoexpert\/#organization\"},\"inLanguage\":\"en\"},{\"@type\":\"Organization\",\"@id\":\"https:\/\/www.imobiliare.ro\/imoexpert\/#organization\",\"name\":\"Imobiliare.ro\",\"alternateName\":\"Realmedia Network SA\",\"url\":\"https:\/\/www.imobiliare.ro\/imoexpert\/\",\"logo\":{\"@type\":\"ImageObject\",\"inLanguage\":\"en\",\"@id\":\"https:\/\/www.imobiliare.ro\/imoexpert\/#\/schema\/logo\/image\/\",\"url\":\"https:\/\/www.imobiliare.ro\/imoexpert\/wp-content\/uploads\/2025\/05\/imobiliare_logo.png\",\"contentUrl\":\"https:\/\/www.imobiliare.ro\/imoexpert\/wp-content\/uploads\/2025\/05\/imobiliare_logo.png\",\"width\":237,\"height\":29,\"caption\":\"Imobiliare.ro\"},\"image\":{\"@id\":\"https:\/\/www.imobiliare.ro\/imoexpert\/#\/schema\/logo\/image\/\"}},{\"@type\":\"Person\",\"@id\":\"https:\/\/www.imobiliare.ro\/imoexpert\/#\/schema\/person\/9ffdfbf24b82f39fc75a2fc6c19e4e99\",\"name\":\"Corina V\u00e2rlan\",\"image\":{\"@type\":\"ImageObject\",\"inLanguage\":\"en\",\"@id\":\"https:\/\/www.imobiliare.ro\/imoexpert\/#\/schema\/person\/image\/\",\"url\":\"https:\/\/www.imobiliare.ro\/imoexpert\/wp-content\/uploads\/2026\/02\/12-02-2025-5-rezumat-brasov-thumb-reels-1-1-96x96.png\",\"contentUrl\":\"https:\/\/www.imobiliare.ro\/imoexpert\/wp-content\/uploads\/2026\/02\/12-02-2025-5-rezumat-brasov-thumb-reels-1-1-96x96.png\",\"caption\":\"Corina V\u00e2rlan\"},\"description\":\"Cu o experien\u021b\u0103 de 14 ani \u00een presa online, comunicare \u0219i content marketing, Corina V\u00e2rlan s-a al\u0103turat echipei Imobiliare.ro \u00een urm\u0103 cu 8 ani \u0219i ocup\u0103, \u00een prezent, func\u021bia de Content Manager. Ea este gazda emisiunii \\\"\u00centreab\u0103 expertul\\\" \u0219i a seriei 5 \u0218tiri Imobiliare.ro, realizate \u00een parteneriat cu Libertatea. Corina \u00ee\u0219i concentreaz\u0103 activitatea pe analiza datelor de pia\u021b\u0103 \u0219i pe subiecte de interes at\u00e2t pentru cei afla\u021bi \u00een c\u0103utarea unei locuin\u021be, c\u00e2t \u0219i pentru proprietari sau chiria\u0219i.\",\"alternateName\":\"Corina\",\"jobTitle\":\"Content Manager\",\"url\":\"https:\/\/www.imobiliare.ro\/imoexpert\/author\/corina-varlan\/\"}]}<\/script>\n<!-- \/ Yoast SEO Premium plugin. -->","yoast_head_json":{"title":"Reduceri de peste 79% de Black Friday pe Imobiliare.ro. Profit\u0103 de ocazie \u0219i g\u0103se\u0219te un cump\u0103r\u0103tor \u00een timp record! - \u0218tiri - ImoExpert","description":"S\u0103pt\u0103m\u00e2na aceasta vine cu oferte de Black Friday pe Imobiliare.ro. Profit\u0103 \u0219i tu de aceste reduceri substan\u021biale \u0219i adaug\u0103 un anun\u021b! Doar \u00een perioada 7-8","robots":{"index":"index","follow":"follow"},"canonical":"https:\/\/www.imobiliare.ro\/imoexpert\/reduceri-de-peste-79-de-black-friday-pe-imobiliare-ro-profita-de-ocazie-si-gaseste-un-cumparator-in-timp-record_db\/","og_locale":"ro_RO","og_type":"article","og_title":"Reduceri de peste 79% de Black Friday pe Imobiliare.ro. Profit\u0103 de ocazie \u0219i g\u0103se\u0219te un cump\u0103r\u0103tor \u00een timp record!","og_description":"S\u0103pt\u0103m\u00e2na aceasta vine cu oferte de Black Friday pe Imobiliare.ro. Profit\u0103 \u0219i tu de aceste reduceri substan\u021biale \u0219i adaug\u0103 un anun\u021b! Doar \u00een perioada 7-8","og_url":"https:\/\/www.imobiliare.ro\/imoexpert\/reduceri-de-peste-79-de-black-friday-pe-imobiliare-ro-profita-de-ocazie-si-gaseste-un-cumparator-in-timp-record_db\/","og_site_name":"ImoExpert","article_published_time":"2024-11-07T06:38:26+00:00","og_image":[{"width":1080,"height":1080,"url":"https:\/\/www.imobiliare.ro\/imoexpert\/wp-content\/uploads\/2024\/11\/Untitled-design-2024-11-07T092212.716.png","type":"image\/png"}],"author":"Corina V\u00e2rlan","twitter_card":"summary_large_image","twitter_misc":{"Written by":"Corina V\u00e2rlan","Est. reading time":"1 minut"},"schema":{"@context":"https:\/\/schema.org","@graph":[{"@type":"Article","@id":"https:\/\/www.imobiliare.ro\/imoexpert\/reduceri-de-peste-79-de-black-friday-pe-imobiliare-ro-profita-de-ocazie-si-gaseste-un-cumparator-in-timp-record_db\/#article","isPartOf":{"@id":"https:\/\/www.imobiliare.ro\/imoexpert\/reduceri-de-peste-79-de-black-friday-pe-imobiliare-ro-profita-de-ocazie-si-gaseste-un-cumparator-in-timp-record_db\/"},"author":{"name":"Corina V\u00e2rlan","@id":"https:\/\/www.imobiliare.ro\/imoexpert\/#\/schema\/person\/9ffdfbf24b82f39fc75a2fc6c19e4e99"},"headline":"Reduceri de peste 79% de Black Friday pe Imobiliare.ro. Profit\u0103 de ocazie \u0219i g\u0103se\u0219te un cump\u0103r\u0103tor \u00een timp record!","datePublished":"2024-11-07T06:38:26+00:00","mainEntityOfPage":{"@id":"https:\/\/www.imobiliare.ro\/imoexpert\/reduceri-de-peste-79-de-black-friday-pe-imobiliare-ro-profita-de-ocazie-si-gaseste-un-cumparator-in-timp-record_db\/"},"wordCount":175,"commentCount":0,"publisher":{"@id":"https:\/\/www.imobiliare.ro\/imoexpert\/#organization"},"image":{"@id":"https:\/\/www.imobiliare.ro\/imoexpert\/reduceri-de-peste-79-de-black-friday-pe-imobiliare-ro-profita-de-ocazie-si-gaseste-un-cumparator-in-timp-record_db\/#primaryimage"},"thumbnailUrl":"https:\/\/www.imobiliare.ro\/imoexpert\/wp-content\/uploads\/2024\/11\/Untitled-design-2024-11-07T092212.716.png","keywords":["Black Friday"],"articleSection":["\u0218tiri"],"inLanguage":"en","potentialAction":[{"@type":"CommentAction","name":"Comment","target":["https:\/\/www.imobiliare.ro\/imoexpert\/reduceri-de-peste-79-de-black-friday-pe-imobiliare-ro-profita-de-ocazie-si-gaseste-un-cumparator-in-timp-record_db\/#respond"]}],"copyrightYear":"2024","copyrightHolder":{"@id":"https:\/\/www.imobiliare.ro\/imoexpert\/#organization"}},{"@type":"WebPage","@id":"https:\/\/www.imobiliare.ro\/imoexpert\/reduceri-de-peste-79-de-black-friday-pe-imobiliare-ro-profita-de-ocazie-si-gaseste-un-cumparator-in-timp-record_db\/","url":"https:\/\/www.imobiliare.ro\/imoexpert\/reduceri-de-peste-79-de-black-friday-pe-imobiliare-ro-profita-de-ocazie-si-gaseste-un-cumparator-in-timp-record_db\/","name":"Reduceri de peste 79% de Black Friday pe Imobiliare.ro. Profit\u0103 de ocazie \u0219i g\u0103se\u0219te un cump\u0103r\u0103tor \u00een timp record! - \u0218tiri - ImoExpert","isPartOf":{"@id":"https:\/\/www.imobiliare.ro\/imoexpert\/#website"},"primaryImageOfPage":{"@id":"https:\/\/www.imobiliare.ro\/imoexpert\/reduceri-de-peste-79-de-black-friday-pe-imobiliare-ro-profita-de-ocazie-si-gaseste-un-cumparator-in-timp-record_db\/#primaryimage"},"image":{"@id":"https:\/\/www.imobiliare.ro\/imoexpert\/reduceri-de-peste-79-de-black-friday-pe-imobiliare-ro-profita-de-ocazie-si-gaseste-un-cumparator-in-timp-record_db\/#primaryimage"},"thumbnailUrl":"https:\/\/www.imobiliare.ro\/imoexpert\/wp-content\/uploads\/2024\/11\/Untitled-design-2024-11-07T092212.716.png","datePublished":"2024-11-07T06:38:26+00:00","description":"S\u0103pt\u0103m\u00e2na aceasta vine cu oferte de Black Friday pe Imobiliare.ro. Profit\u0103 \u0219i tu de aceste reduceri substan\u021biale \u0219i adaug\u0103 un anun\u021b! Doar \u00een perioada 7-8","breadcrumb":{"@id":"https:\/\/www.imobiliare.ro\/imoexpert\/reduceri-de-peste-79-de-black-friday-pe-imobiliare-ro-profita-de-ocazie-si-gaseste-un-cumparator-in-timp-record_db\/#breadcrumb"},"inLanguage":"en","potentialAction":[{"@type":"ReadAction","target":["https:\/\/www.imobiliare.ro\/imoexpert\/reduceri-de-peste-79-de-black-friday-pe-imobiliare-ro-profita-de-ocazie-si-gaseste-un-cumparator-in-timp-record_db\/"]}]},{"@type":"ImageObject","inLanguage":"en","@id":"https:\/\/www.imobiliare.ro\/imoexpert\/reduceri-de-peste-79-de-black-friday-pe-imobiliare-ro-profita-de-ocazie-si-gaseste-un-cumparator-in-timp-record_db\/#primaryimage","url":"https:\/\/www.imobiliare.ro\/imoexpert\/wp-content\/uploads\/2024\/11\/Untitled-design-2024-11-07T092212.716.png","contentUrl":"https:\/\/www.imobiliare.ro\/imoexpert\/wp-content\/uploads\/2024\/11\/Untitled-design-2024-11-07T092212.716.png","width":1080,"height":1080},{"@type":"BreadcrumbList","@id":"https:\/\/www.imobiliare.ro\/imoexpert\/reduceri-de-peste-79-de-black-friday-pe-imobiliare-ro-profita-de-ocazie-si-gaseste-un-cumparator-in-timp-record_db\/#breadcrumb","itemListElement":[{"@type":"ListItem","position":1,"name":"Imoradar24","item":"https:\/\/www.imoradar24.ro"},{"@type":"ListItem","position":2,"name":"ImoExpert","item":"https:\/\/www.imobiliare.ro\/imoexpert\/"},{"@type":"ListItem","position":3,"name":"\u0218tiri","item":"https:\/\/www.imobiliare.ro\/imoexpert\/stiri\/"},{"@type":"ListItem","position":4,"name":"Reduceri de peste 79% de Black Friday pe Imobiliare.ro. Profit\u0103 de ocazie \u0219i g\u0103se\u0219te un cump\u0103r\u0103tor \u00een timp record!"}]},{"@type":"WebSite","@id":"https:\/\/www.imobiliare.ro\/imoexpert\/#website","url":"https:\/\/www.imobiliare.ro\/imoexpert\/","name":"ImoExpert","description":"cele mai importante \u015ftiri din domeniul imobiliar","publisher":{"@id":"https:\/\/www.imobiliare.ro\/imoexpert\/#organization"},"inLanguage":"en"},{"@type":"Organization","@id":"https:\/\/www.imobiliare.ro\/imoexpert\/#organization","name":"Imobiliare.ro","alternateName":"Realmedia Network SA","url":"https:\/\/www.imobiliare.ro\/imoexpert\/","logo":{"@type":"ImageObject","inLanguage":"en","@id":"https:\/\/www.imobiliare.ro\/imoexpert\/#\/schema\/logo\/image\/","url":"https:\/\/www.imobiliare.ro\/imoexpert\/wp-content\/uploads\/2025\/05\/imobiliare_logo.png","contentUrl":"https:\/\/www.imobiliare.ro\/imoexpert\/wp-content\/uploads\/2025\/05\/imobiliare_logo.png","width":237,"height":29,"caption":"Imobiliare.ro"},"image":{"@id":"https:\/\/www.imobiliare.ro\/imoexpert\/#\/schema\/logo\/image\/"}},{"@type":"Person","@id":"https:\/\/www.imobiliare.ro\/imoexpert\/#\/schema\/person\/9ffdfbf24b82f39fc75a2fc6c19e4e99","name":"Corina V\u00e2rlan","image":{"@type":"ImageObject","inLanguage":"en","@id":"https:\/\/www.imobiliare.ro\/imoexpert\/#\/schema\/person\/image\/","url":"https:\/\/www.imobiliare.ro\/imoexpert\/wp-content\/uploads\/2026\/02\/12-02-2025-5-rezumat-brasov-thumb-reels-1-1-96x96.png","contentUrl":"https:\/\/www.imobiliare.ro\/imoexpert\/wp-content\/uploads\/2026\/02\/12-02-2025-5-rezumat-brasov-thumb-reels-1-1-96x96.png","caption":"Corina V\u00e2rlan"},"description":"Cu o experien\u021b\u0103 de 14 ani \u00een presa online, comunicare \u0219i content marketing, Corina V\u00e2rlan s-a al\u0103turat echipei Imobiliare.ro \u00een urm\u0103 cu 8 ani \u0219i ocup\u0103, \u00een prezent, func\u021bia de Content Manager. Ea este gazda emisiunii \"\u00centreab\u0103 expertul\" \u0219i a seriei 5 \u0218tiri Imobiliare.ro, realizate \u00een parteneriat cu Libertatea. Corina \u00ee\u0219i concentreaz\u0103 activitatea pe analiza datelor de pia\u021b\u0103 \u0219i pe subiecte de interes at\u00e2t pentru cei afla\u021bi \u00een c\u0103utarea unei locuin\u021be, c\u00e2t \u0219i pentru proprietari sau chiria\u0219i.","alternateName":"Corina","jobTitle":"Content Manager","url":"https:\/\/www.imobiliare.ro\/imoexpert\/author\/corina-varlan\/"}]}},"_links":{"self":[{"href":"https:\/\/www.imobiliare.ro\/imoexpert\/wp-json\/wp\/v2\/posts\/70894","targetHints":{"allow":["GET"]}}],"collection":[{"href":"https:\/\/www.imobiliare.ro\/imoexpert\/wp-json\/wp\/v2\/posts"}],"about":[{"href":"https:\/\/www.imobiliare.ro\/imoexpert\/wp-json\/wp\/v2\/types\/post"}],"author":[{"embeddable":true,"href":"https:\/\/www.imobiliare.ro\/imoexpert\/wp-json\/wp\/v2\/users\/5891"}],"replies":[{"embeddable":true,"href":"https:\/\/www.imobiliare.ro\/imoexpert\/wp-json\/wp\/v2\/comments?post=70894"}],"version-history":[{"count":0,"href":"https:\/\/www.imobiliare.ro\/imoexpert\/wp-json\/wp\/v2\/posts\/70894\/revisions"}],"wp:featuredmedia":[{"embeddable":true,"href":"https:\/\/www.imobiliare.ro\/imoexpert\/wp-json\/wp\/v2\/media\/70907"}],"wp:attachment":[{"href":"https:\/\/www.imobiliare.ro\/imoexpert\/wp-json\/wp\/v2\/media?parent=70894"}],"wp:term":[{"taxonomy":"category","embeddable":true,"href":"https:\/\/www.imobiliare.ro\/imoexpert\/wp-json\/wp\/v2\/categories?post=70894"},{"taxonomy":"post_tag","embeddable":true,"href":"https:\/\/www.imobiliare.ro\/imoexpert\/wp-json\/wp\/v2\/tags?post=70894"},{"taxonomy":"content_author","embeddable":true,"href":"https:\/\/www.imobiliare.ro\/imoexpert\/wp-json\/wp\/v2\/content_author?post=70894"}],"curies":[{"name":"wp","href":"https:\/\/api.w.org\/{rel}","templated":true}]}}