{"id":71156,"date":"2024-12-03T10:28:44","date_gmt":"2024-12-03T08:28:44","guid":{"rendered":"https:\/\/www.imobiliare.ro\/imoexpert\/?p=71156"},"modified":"2024-12-03T10:28:44","modified_gmt":"2024-12-03T08:28:44","slug":"cat-costa-apartamentele-noi-din-marile-orase-la-final-de-an-lesenii-au-acces-la-cele-mai-ieftine-locuinte-harta","status":"publish","type":"post","link":"https:\/\/www.imobiliare.ro\/imoexpert\/cat-costa-apartamentele-noi-din-marile-orase-la-final-de-an-lesenii-au-acces-la-cele-mai-ieftine-locuinte-harta_db\/","title":{"rendered":"C\u00e2t cost\u0103 apartamentele noi din marile ora\u0219e la final de an? le\u0219enii au acces la cele mai ieftine locuin\u021be &#8211; HART\u0102"},"content":{"rendered":"\n<figure class=\"wp-block-image size-large\"><img loading=\"lazy\" decoding=\"async\" width=\"1024\" height=\"682\" src=\"https:\/\/www.imobiliare.ro\/imoexpert\/wp-content\/uploads\/2024\/12\/preturi-apartamente-noi-inainte-de-craciun-si-anul-nou-1024x682.jpg\" alt=\"\" class=\"wp-image-71165\" srcset=\"https:\/\/www.imobiliare.ro\/imoexpert\/wp-content\/uploads\/2024\/12\/preturi-apartamente-noi-inainte-de-craciun-si-anul-nou-1024x682.jpg 1024w, https:\/\/www.imobiliare.ro\/imoexpert\/wp-content\/uploads\/2024\/12\/preturi-apartamente-noi-inainte-de-craciun-si-anul-nou-300x200.jpg 300w, https:\/\/www.imobiliare.ro\/imoexpert\/wp-content\/uploads\/2024\/12\/preturi-apartamente-noi-inainte-de-craciun-si-anul-nou-768x512.jpg 768w, https:\/\/www.imobiliare.ro\/imoexpert\/wp-content\/uploads\/2024\/12\/preturi-apartamente-noi-inainte-de-craciun-si-anul-nou-1536x1024.jpg 1536w, https:\/\/www.imobiliare.ro\/imoexpert\/wp-content\/uploads\/2024\/12\/preturi-apartamente-noi-inainte-de-craciun-si-anul-nou.jpg 2000w\" sizes=\"auto, (max-width: 1024px) 100vw, 1024px\" \/><\/figure>\n\n\n\n<p><strong>Cump\u0103r\u0103torii care vor s\u0103 se mute \u00een cas\u0103 nou\u0103 \u00een decembrie trebuie s\u0103 se a\u0219tepte s\u0103 achite, \u00een medie, 3.114 de euro\/mp util pe apartamentele din Cluj-Napoca finalizate \u00eencep\u00e2nd cu anul 2020. Acestea sunt cele mai scumpe locuin\u021be din \u021bar\u0103.\u00a0<\/strong><\/p>\n\n\n\n<p>Apartamentele noi aflate \u00een acest ora\u0219 s-au scumpit cu <strong>11% <\/strong>\u00een ultimul an. Poate s\u0103 par\u0103 mult, dar raport\u00e2ndu-ne la evolu\u021biile \u00eenregistrate \u00een alte centre urbane importante putem observa cre\u0219teri chiar mai accentuate ale pre\u021burilor pe parcursul lui 2024.<\/p>\n\n\n\n<p>Cel mai mult s-au scumpit, pe segmentul nou al pie\u021bei imobiliare, apartamentele din <strong>Bucure\u0219ti<\/strong>. Discut\u0103m despre un avans cu<strong> 28% <\/strong>\u00eentr-un an, p\u00e2n\u0103 la o medie de <strong>2.142 euro\/mp util<\/strong>. Chiar \u0219i \u00een aceste condi\u021bii, ele sunt devansate \u00een topul locuin\u021belor pe care cump\u0103r\u0103torii pl\u0103tesc \u00een momentul de fa\u021b\u0103 cele mai mari sume de bani de apartamentele noi din <strong>Bra\u0219ov<\/strong>.<\/p>\n\n\n\n<figure class=\"wp-block-image size-large\"><img loading=\"lazy\" decoding=\"async\" width=\"1024\" height=\"576\" src=\"https:\/\/www.imobiliare.ro\/imoexpert\/wp-content\/uploads\/2024\/12\/preturi-apartamente-noi-2-1024x576.jpg\" alt=\"\" class=\"wp-image-71161\" srcset=\"https:\/\/www.imobiliare.ro\/imoexpert\/wp-content\/uploads\/2024\/12\/preturi-apartamente-noi-2-1024x576.jpg 1024w, https:\/\/www.imobiliare.ro\/imoexpert\/wp-content\/uploads\/2024\/12\/preturi-apartamente-noi-2-300x169.jpg 300w, https:\/\/www.imobiliare.ro\/imoexpert\/wp-content\/uploads\/2024\/12\/preturi-apartamente-noi-2-768x432.jpg 768w, https:\/\/www.imobiliare.ro\/imoexpert\/wp-content\/uploads\/2024\/12\/preturi-apartamente-noi-2-1536x864.jpg 1536w, https:\/\/www.imobiliare.ro\/imoexpert\/wp-content\/uploads\/2024\/12\/preturi-apartamente-noi-2.jpg 1920w\" sizes=\"auto, (max-width: 1024px) 100vw, 1024px\" \/><\/figure>\n\n\n\n<p>Pe pia\u021ba bra\u0219ovean\u0103 apartamentele aflate \u00een cl\u0103diri finalizate \u00eencep\u00e2nd cu anul 2020 sunt scoase la v\u00e2nzare de c\u0103tre proprietari \u0219i dezvoltatori cu un pre\u021b mediu de<strong> 2.406 euro\/mp util<\/strong>, cu <strong>18%<\/strong> peste cel \u00eenregistrat acum un an. \u00cenainte de Cr\u0103ciunul trecut, cump\u0103r\u0103torii achitau, \u00een medie, 2.033 euro\/mp util pentru o astfel de proprietate, conform Indicelui Imobiliare.ro.<\/p>\n\n\n\n<p>Ie\u0219enii au, \u00een schimb, acces la <strong>cele mai ieftine apartamente noi<\/strong> disponibile \u00een marile ora\u0219e ale \u021b\u0103rii. Pre\u021bul mediu pe care \u00eel achit\u0103 ace\u0219tia este de <strong>1.733 euro\/mp util<\/strong>, dup\u0103 un avans cu <strong>14% <\/strong>\u00een 12 luni.<\/p>\n\n\n\n<p class=\"has-vivid-red-color has-text-color\"><strong>CITE\u0218TE \u0218I:<\/strong><\/p>\n\n\n\n<p><strong><a class=\"article-body-links\"href=\"https:\/\/www.imobiliare.ro\/imoexpert\/preturi-tot-mai-mari-pentru-romanii-care-vor-sa-si-inceapa-anul-in-casa-noua-e-recomandat-sa-iei-un-credit-ipotecar_db\/\" target=\"_blank\" rel=\"noreferrer noopener\"><strong>E un moment bun pentru un credit ipotecar?<\/strong><\/a><\/strong> <strong><a class=\"article-body-links\"href=\"https:\/\/www.imobiliare.ro\/imoexpert\/preturi-tot-mai-mari-pentru-romanii-care-vor-sa-si-inceapa-anul-in-casa-noua-e-recomandat-sa-iei-un-credit-ipotecar_db\/\" target=\"_blank\" rel=\"noreferrer noopener\">AFL\u0102 AICI DETALII DESPRE MERSUL PIE\u021aEI DE CREDITARE. <\/a><\/strong><\/p>\n\n\n\n<p><a class=\"article-body-links\"href=\"https:\/\/www.imobiliare.ro\/imoexpert\/cat-costa-apartamentele-vechi-din-marile-orase-inainte-de-craciun-scumpiri-accelerate-in-brasov-harta_db\/\" target=\"_blank\" rel=\"noreferrer noopener\"><strong>C\u00e2t cost\u0103 locuin\u021bele vechi din marile ora\u0219e \u00eenainte de Cr\u0103ciun? Scumpiri accelerate \u00een Bra\u0219ov<\/strong> <strong>&#8211; HART\u0102<\/strong><\/a><\/p>\n\n\n\n<p><strong><a class=\"article-body-links\"href=\"https:\/\/www.imobiliare.ro\/imoexpert\/craiova-sibiu-si-oradea-preturi-in-crestere-in-2024-cat-platesc-cumparatorii-pentru-un-apartament_db\/\" target=\"_blank\" rel=\"noreferrer noopener\">C\u00e2t pl\u0103tesc cump\u0103r\u0103torii pe pie\u021be secundare precum Craiova, Sibiu \u0219i Oradea?<\/a><\/strong><\/p>\n","protected":false},"excerpt":{"rendered":"<p>Cump\u0103r\u0103torii care vor s\u0103 se mute \u00een cas\u0103 nou\u0103 \u00een decembrie trebuie s\u0103 se a\u0219tepte s\u0103 achite, \u00een medie, 3.114 de euro\/mp util pe apartamentele din Cluj-Napoca finalizate \u00eencep\u00e2nd cu anul 2020. Acestea sunt cele mai scumpe locuin\u021be din \u021bar\u0103.\u00a0 Apartamentele noi aflate \u00een acest ora\u0219 s-au scumpit cu 11% \u00een ultimul an. Poate s\u0103 [&hellip;]<\/p>\n","protected":false},"author":5891,"featured_media":71165,"comment_status":"open","ping_status":"open","sticky":true,"template":"","format":"standard","meta":{"footnotes":""},"categories":[259],"tags":[1864,348,906,299],"content_author":[],"class_list":["post-71156","post","type-post","status-publish","format-standard","has-post-thumbnail","hentry","category-stiri","tag-apartamente-brasov","tag-apartamente-noi","tag-cluj-napoca","tag-indicele-imobiliare-ro"],"yoast_head":"<!-- This site is optimized with the Yoast SEO Premium plugin v27.0 (Yoast SEO v27.0) - https:\/\/yoast.com\/product\/yoast-seo-premium-wordpress\/ -->\n<title>C\u00e2t cost\u0103 apartamentele noi din marile ora\u0219e la final de an? le\u0219enii au acces la cele mai ieftine locuin\u021be - HART\u0102 - \u0218tiri - ImoExpert<\/title>\n<meta name=\"description\" content=\"Cump\u0103r\u0103torii care vor s\u0103 se mute \u00een cas\u0103 nou\u0103 \u00een decembrie trebuie s\u0103 se a\u0219tepte s\u0103 achite, \u00een medie, 3.114 de euro\/mp util pe apartamentele din\" \/>\n<meta name=\"robots\" content=\"index, follow\" \/>\n<link rel=\"canonical\" href=\"https:\/\/www.imobiliare.ro\/imoexpert\/cat-costa-apartamentele-noi-din-marile-orase-la-final-de-an-lesenii-au-acces-la-cele-mai-ieftine-locuinte-harta_db\/\" \/>\n<meta property=\"og:locale\" content=\"ro_RO\" \/>\n<meta property=\"og:type\" content=\"article\" \/>\n<meta property=\"og:title\" content=\"C\u00e2t cost\u0103 apartamentele noi din marile ora\u0219e la final de an? le\u0219enii au acces la cele mai ieftine locuin\u021be - HART\u0102\" \/>\n<meta property=\"og:description\" content=\"Cump\u0103r\u0103torii care vor s\u0103 se mute \u00een cas\u0103 nou\u0103 \u00een decembrie trebuie s\u0103 se a\u0219tepte s\u0103 achite, \u00een medie, 3.114 de euro\/mp util pe apartamentele din\" \/>\n<meta property=\"og:url\" content=\"https:\/\/www.imobiliare.ro\/imoexpert\/cat-costa-apartamentele-noi-din-marile-orase-la-final-de-an-lesenii-au-acces-la-cele-mai-ieftine-locuinte-harta_db\/\" \/>\n<meta property=\"og:site_name\" content=\"ImoExpert\" \/>\n<meta property=\"article:published_time\" content=\"2024-12-03T08:28:44+00:00\" \/>\n<meta property=\"og:image\" content=\"https:\/\/www.imobiliare.ro\/imoexpert\/wp-content\/uploads\/2024\/12\/preturi-apartamente-noi-inainte-de-craciun-si-anul-nou.jpg\" \/>\n\t<meta property=\"og:image:width\" content=\"2000\" \/>\n\t<meta property=\"og:image:height\" content=\"1333\" \/>\n\t<meta property=\"og:image:type\" content=\"image\/jpeg\" \/>\n<meta name=\"author\" content=\"Corina V\u00e2rlan\" \/>\n<meta name=\"twitter:card\" content=\"summary_large_image\" \/>\n<meta name=\"twitter:label1\" content=\"Written by\" \/>\n\t<meta name=\"twitter:data1\" content=\"Corina V\u00e2rlan\" \/>\n\t<meta name=\"twitter:label2\" content=\"Est. reading time\" \/>\n\t<meta name=\"twitter:data2\" content=\"2 minute\" \/>\n<script type=\"application\/ld+json\" class=\"yoast-schema-graph\">{\"@context\":\"https:\/\/schema.org\",\"@graph\":[{\"@type\":\"Article\",\"@id\":\"https:\/\/www.imobiliare.ro\/imoexpert\/cat-costa-apartamentele-noi-din-marile-orase-la-final-de-an-lesenii-au-acces-la-cele-mai-ieftine-locuinte-harta_db\/#article\",\"isPartOf\":{\"@id\":\"https:\/\/www.imobiliare.ro\/imoexpert\/cat-costa-apartamentele-noi-din-marile-orase-la-final-de-an-lesenii-au-acces-la-cele-mai-ieftine-locuinte-harta_db\/\"},\"author\":{\"name\":\"Corina V\u00e2rlan\",\"@id\":\"https:\/\/www.imobiliare.ro\/imoexpert\/#\/schema\/person\/9ffdfbf24b82f39fc75a2fc6c19e4e99\"},\"headline\":\"C\u00e2t cost\u0103 apartamentele noi din marile ora\u0219e la final de an? le\u0219enii au acces la cele mai ieftine locuin\u021be &#8211; HART\u0102\",\"datePublished\":\"2024-12-03T08:28:44+00:00\",\"mainEntityOfPage\":{\"@id\":\"https:\/\/www.imobiliare.ro\/imoexpert\/cat-costa-apartamentele-noi-din-marile-orase-la-final-de-an-lesenii-au-acces-la-cele-mai-ieftine-locuinte-harta_db\/\"},\"wordCount\":339,\"commentCount\":0,\"publisher\":{\"@id\":\"https:\/\/www.imobiliare.ro\/imoexpert\/#organization\"},\"image\":{\"@id\":\"https:\/\/www.imobiliare.ro\/imoexpert\/cat-costa-apartamentele-noi-din-marile-orase-la-final-de-an-lesenii-au-acces-la-cele-mai-ieftine-locuinte-harta_db\/#primaryimage\"},\"thumbnailUrl\":\"https:\/\/www.imobiliare.ro\/imoexpert\/wp-content\/uploads\/2024\/12\/preturi-apartamente-noi-inainte-de-craciun-si-anul-nou.jpg\",\"keywords\":[\"apartamente Brasov\",\"Apartamente noi\",\"Cluj-Napoca\",\"indicele imobiliare.ro\"],\"articleSection\":[\"\u0218tiri\"],\"inLanguage\":\"en\",\"potentialAction\":[{\"@type\":\"CommentAction\",\"name\":\"Comment\",\"target\":[\"https:\/\/www.imobiliare.ro\/imoexpert\/cat-costa-apartamentele-noi-din-marile-orase-la-final-de-an-lesenii-au-acces-la-cele-mai-ieftine-locuinte-harta_db\/#respond\"]}],\"copyrightYear\":\"2024\",\"copyrightHolder\":{\"@id\":\"https:\/\/www.imobiliare.ro\/imoexpert\/#organization\"}},{\"@type\":\"WebPage\",\"@id\":\"https:\/\/www.imobiliare.ro\/imoexpert\/cat-costa-apartamentele-noi-din-marile-orase-la-final-de-an-lesenii-au-acces-la-cele-mai-ieftine-locuinte-harta_db\/\",\"url\":\"https:\/\/www.imobiliare.ro\/imoexpert\/cat-costa-apartamentele-noi-din-marile-orase-la-final-de-an-lesenii-au-acces-la-cele-mai-ieftine-locuinte-harta_db\/\",\"name\":\"C\u00e2t cost\u0103 apartamentele noi din marile ora\u0219e la final de an? le\u0219enii au acces la cele mai ieftine locuin\u021be - HART\u0102 - \u0218tiri - ImoExpert\",\"isPartOf\":{\"@id\":\"https:\/\/www.imobiliare.ro\/imoexpert\/#website\"},\"primaryImageOfPage\":{\"@id\":\"https:\/\/www.imobiliare.ro\/imoexpert\/cat-costa-apartamentele-noi-din-marile-orase-la-final-de-an-lesenii-au-acces-la-cele-mai-ieftine-locuinte-harta_db\/#primaryimage\"},\"image\":{\"@id\":\"https:\/\/www.imobiliare.ro\/imoexpert\/cat-costa-apartamentele-noi-din-marile-orase-la-final-de-an-lesenii-au-acces-la-cele-mai-ieftine-locuinte-harta_db\/#primaryimage\"},\"thumbnailUrl\":\"https:\/\/www.imobiliare.ro\/imoexpert\/wp-content\/uploads\/2024\/12\/preturi-apartamente-noi-inainte-de-craciun-si-anul-nou.jpg\",\"datePublished\":\"2024-12-03T08:28:44+00:00\",\"description\":\"Cump\u0103r\u0103torii care vor s\u0103 se mute \u00een cas\u0103 nou\u0103 \u00een decembrie trebuie s\u0103 se a\u0219tepte s\u0103 achite, \u00een medie, 3.114 de euro\/mp util pe apartamentele din\",\"breadcrumb\":{\"@id\":\"https:\/\/www.imobiliare.ro\/imoexpert\/cat-costa-apartamentele-noi-din-marile-orase-la-final-de-an-lesenii-au-acces-la-cele-mai-ieftine-locuinte-harta_db\/#breadcrumb\"},\"inLanguage\":\"en\",\"potentialAction\":[{\"@type\":\"ReadAction\",\"target\":[\"https:\/\/www.imobiliare.ro\/imoexpert\/cat-costa-apartamentele-noi-din-marile-orase-la-final-de-an-lesenii-au-acces-la-cele-mai-ieftine-locuinte-harta_db\/\"]}]},{\"@type\":\"ImageObject\",\"inLanguage\":\"en\",\"@id\":\"https:\/\/www.imobiliare.ro\/imoexpert\/cat-costa-apartamentele-noi-din-marile-orase-la-final-de-an-lesenii-au-acces-la-cele-mai-ieftine-locuinte-harta_db\/#primaryimage\",\"url\":\"https:\/\/www.imobiliare.ro\/imoexpert\/wp-content\/uploads\/2024\/12\/preturi-apartamente-noi-inainte-de-craciun-si-anul-nou.jpg\",\"contentUrl\":\"https:\/\/www.imobiliare.ro\/imoexpert\/wp-content\/uploads\/2024\/12\/preturi-apartamente-noi-inainte-de-craciun-si-anul-nou.jpg\",\"width\":2000,\"height\":1333},{\"@type\":\"BreadcrumbList\",\"@id\":\"https:\/\/www.imobiliare.ro\/imoexpert\/cat-costa-apartamentele-noi-din-marile-orase-la-final-de-an-lesenii-au-acces-la-cele-mai-ieftine-locuinte-harta_db\/#breadcrumb\",\"itemListElement\":[{\"@type\":\"ListItem\",\"position\":1,\"name\":\"Imoradar24\",\"item\":\"https:\/\/www.imoradar24.ro\"},{\"@type\":\"ListItem\",\"position\":2,\"name\":\"ImoExpert\",\"item\":\"https:\/\/www.imobiliare.ro\/imoexpert\/\"},{\"@type\":\"ListItem\",\"position\":3,\"name\":\"\u0218tiri\",\"item\":\"https:\/\/www.imobiliare.ro\/imoexpert\/stiri\/\"},{\"@type\":\"ListItem\",\"position\":4,\"name\":\"C\u00e2t cost\u0103 apartamentele noi din marile ora\u0219e la final de an? le\u0219enii au acces la cele mai ieftine locuin\u021be &#8211; HART\u0102\"}]},{\"@type\":\"WebSite\",\"@id\":\"https:\/\/www.imobiliare.ro\/imoexpert\/#website\",\"url\":\"https:\/\/www.imobiliare.ro\/imoexpert\/\",\"name\":\"ImoExpert\",\"description\":\"cele mai importante \u015ftiri din domeniul imobiliar\",\"publisher\":{\"@id\":\"https:\/\/www.imobiliare.ro\/imoexpert\/#organization\"},\"inLanguage\":\"en\"},{\"@type\":\"Organization\",\"@id\":\"https:\/\/www.imobiliare.ro\/imoexpert\/#organization\",\"name\":\"Imobiliare.ro\",\"alternateName\":\"Realmedia Network SA\",\"url\":\"https:\/\/www.imobiliare.ro\/imoexpert\/\",\"logo\":{\"@type\":\"ImageObject\",\"inLanguage\":\"en\",\"@id\":\"https:\/\/www.imobiliare.ro\/imoexpert\/#\/schema\/logo\/image\/\",\"url\":\"https:\/\/www.imobiliare.ro\/imoexpert\/wp-content\/uploads\/2025\/05\/imobiliare_logo.png\",\"contentUrl\":\"https:\/\/www.imobiliare.ro\/imoexpert\/wp-content\/uploads\/2025\/05\/imobiliare_logo.png\",\"width\":237,\"height\":29,\"caption\":\"Imobiliare.ro\"},\"image\":{\"@id\":\"https:\/\/www.imobiliare.ro\/imoexpert\/#\/schema\/logo\/image\/\"}},{\"@type\":\"Person\",\"@id\":\"https:\/\/www.imobiliare.ro\/imoexpert\/#\/schema\/person\/9ffdfbf24b82f39fc75a2fc6c19e4e99\",\"name\":\"Corina V\u00e2rlan\",\"image\":{\"@type\":\"ImageObject\",\"inLanguage\":\"en\",\"@id\":\"https:\/\/www.imobiliare.ro\/imoexpert\/#\/schema\/person\/image\/\",\"url\":\"https:\/\/www.imobiliare.ro\/imoexpert\/wp-content\/uploads\/2026\/02\/12-02-2025-5-rezumat-brasov-thumb-reels-1-1-96x96.png\",\"contentUrl\":\"https:\/\/www.imobiliare.ro\/imoexpert\/wp-content\/uploads\/2026\/02\/12-02-2025-5-rezumat-brasov-thumb-reels-1-1-96x96.png\",\"caption\":\"Corina V\u00e2rlan\"},\"description\":\"Cu o experien\u021b\u0103 de 14 ani \u00een presa online, comunicare \u0219i content marketing, Corina V\u00e2rlan s-a al\u0103turat echipei Imobiliare.ro \u00een urm\u0103 cu 8 ani \u0219i ocup\u0103, \u00een prezent, func\u021bia de Content Manager. Ea este gazda emisiunii \\\"\u00centreab\u0103 expertul\\\" \u0219i a seriei 5 \u0218tiri Imobiliare.ro, realizate \u00een parteneriat cu Libertatea. Corina \u00ee\u0219i concentreaz\u0103 activitatea pe analiza datelor de pia\u021b\u0103 \u0219i pe subiecte de interes at\u00e2t pentru cei afla\u021bi \u00een c\u0103utarea unei locuin\u021be, c\u00e2t \u0219i pentru proprietari sau chiria\u0219i.\",\"alternateName\":\"Corina\",\"jobTitle\":\"Content Manager\",\"url\":\"https:\/\/www.imobiliare.ro\/imoexpert\/author\/corina-varlan\/\"}]}<\/script>\n<!-- \/ Yoast SEO Premium plugin. -->","yoast_head_json":{"title":"C\u00e2t cost\u0103 apartamentele noi din marile ora\u0219e la final de an? le\u0219enii au acces la cele mai ieftine locuin\u021be - HART\u0102 - \u0218tiri - ImoExpert","description":"Cump\u0103r\u0103torii care vor s\u0103 se mute \u00een cas\u0103 nou\u0103 \u00een decembrie trebuie s\u0103 se a\u0219tepte s\u0103 achite, \u00een medie, 3.114 de euro\/mp util pe apartamentele din","robots":{"index":"index","follow":"follow"},"canonical":"https:\/\/www.imobiliare.ro\/imoexpert\/cat-costa-apartamentele-noi-din-marile-orase-la-final-de-an-lesenii-au-acces-la-cele-mai-ieftine-locuinte-harta_db\/","og_locale":"ro_RO","og_type":"article","og_title":"C\u00e2t cost\u0103 apartamentele noi din marile ora\u0219e la final de an? le\u0219enii au acces la cele mai ieftine locuin\u021be - HART\u0102","og_description":"Cump\u0103r\u0103torii care vor s\u0103 se mute \u00een cas\u0103 nou\u0103 \u00een decembrie trebuie s\u0103 se a\u0219tepte s\u0103 achite, \u00een medie, 3.114 de euro\/mp util pe apartamentele din","og_url":"https:\/\/www.imobiliare.ro\/imoexpert\/cat-costa-apartamentele-noi-din-marile-orase-la-final-de-an-lesenii-au-acces-la-cele-mai-ieftine-locuinte-harta_db\/","og_site_name":"ImoExpert","article_published_time":"2024-12-03T08:28:44+00:00","og_image":[{"width":2000,"height":1333,"url":"https:\/\/www.imobiliare.ro\/imoexpert\/wp-content\/uploads\/2024\/12\/preturi-apartamente-noi-inainte-de-craciun-si-anul-nou.jpg","type":"image\/jpeg"}],"author":"Corina V\u00e2rlan","twitter_card":"summary_large_image","twitter_misc":{"Written by":"Corina V\u00e2rlan","Est. reading time":"2 minute"},"schema":{"@context":"https:\/\/schema.org","@graph":[{"@type":"Article","@id":"https:\/\/www.imobiliare.ro\/imoexpert\/cat-costa-apartamentele-noi-din-marile-orase-la-final-de-an-lesenii-au-acces-la-cele-mai-ieftine-locuinte-harta_db\/#article","isPartOf":{"@id":"https:\/\/www.imobiliare.ro\/imoexpert\/cat-costa-apartamentele-noi-din-marile-orase-la-final-de-an-lesenii-au-acces-la-cele-mai-ieftine-locuinte-harta_db\/"},"author":{"name":"Corina V\u00e2rlan","@id":"https:\/\/www.imobiliare.ro\/imoexpert\/#\/schema\/person\/9ffdfbf24b82f39fc75a2fc6c19e4e99"},"headline":"C\u00e2t cost\u0103 apartamentele noi din marile ora\u0219e la final de an? le\u0219enii au acces la cele mai ieftine locuin\u021be &#8211; HART\u0102","datePublished":"2024-12-03T08:28:44+00:00","mainEntityOfPage":{"@id":"https:\/\/www.imobiliare.ro\/imoexpert\/cat-costa-apartamentele-noi-din-marile-orase-la-final-de-an-lesenii-au-acces-la-cele-mai-ieftine-locuinte-harta_db\/"},"wordCount":339,"commentCount":0,"publisher":{"@id":"https:\/\/www.imobiliare.ro\/imoexpert\/#organization"},"image":{"@id":"https:\/\/www.imobiliare.ro\/imoexpert\/cat-costa-apartamentele-noi-din-marile-orase-la-final-de-an-lesenii-au-acces-la-cele-mai-ieftine-locuinte-harta_db\/#primaryimage"},"thumbnailUrl":"https:\/\/www.imobiliare.ro\/imoexpert\/wp-content\/uploads\/2024\/12\/preturi-apartamente-noi-inainte-de-craciun-si-anul-nou.jpg","keywords":["apartamente Brasov","Apartamente noi","Cluj-Napoca","indicele imobiliare.ro"],"articleSection":["\u0218tiri"],"inLanguage":"en","potentialAction":[{"@type":"CommentAction","name":"Comment","target":["https:\/\/www.imobiliare.ro\/imoexpert\/cat-costa-apartamentele-noi-din-marile-orase-la-final-de-an-lesenii-au-acces-la-cele-mai-ieftine-locuinte-harta_db\/#respond"]}],"copyrightYear":"2024","copyrightHolder":{"@id":"https:\/\/www.imobiliare.ro\/imoexpert\/#organization"}},{"@type":"WebPage","@id":"https:\/\/www.imobiliare.ro\/imoexpert\/cat-costa-apartamentele-noi-din-marile-orase-la-final-de-an-lesenii-au-acces-la-cele-mai-ieftine-locuinte-harta_db\/","url":"https:\/\/www.imobiliare.ro\/imoexpert\/cat-costa-apartamentele-noi-din-marile-orase-la-final-de-an-lesenii-au-acces-la-cele-mai-ieftine-locuinte-harta_db\/","name":"C\u00e2t cost\u0103 apartamentele noi din marile ora\u0219e la final de an? le\u0219enii au acces la cele mai ieftine locuin\u021be - HART\u0102 - \u0218tiri - ImoExpert","isPartOf":{"@id":"https:\/\/www.imobiliare.ro\/imoexpert\/#website"},"primaryImageOfPage":{"@id":"https:\/\/www.imobiliare.ro\/imoexpert\/cat-costa-apartamentele-noi-din-marile-orase-la-final-de-an-lesenii-au-acces-la-cele-mai-ieftine-locuinte-harta_db\/#primaryimage"},"image":{"@id":"https:\/\/www.imobiliare.ro\/imoexpert\/cat-costa-apartamentele-noi-din-marile-orase-la-final-de-an-lesenii-au-acces-la-cele-mai-ieftine-locuinte-harta_db\/#primaryimage"},"thumbnailUrl":"https:\/\/www.imobiliare.ro\/imoexpert\/wp-content\/uploads\/2024\/12\/preturi-apartamente-noi-inainte-de-craciun-si-anul-nou.jpg","datePublished":"2024-12-03T08:28:44+00:00","description":"Cump\u0103r\u0103torii care vor s\u0103 se mute \u00een cas\u0103 nou\u0103 \u00een decembrie trebuie s\u0103 se a\u0219tepte s\u0103 achite, \u00een medie, 3.114 de euro\/mp util pe apartamentele din","breadcrumb":{"@id":"https:\/\/www.imobiliare.ro\/imoexpert\/cat-costa-apartamentele-noi-din-marile-orase-la-final-de-an-lesenii-au-acces-la-cele-mai-ieftine-locuinte-harta_db\/#breadcrumb"},"inLanguage":"en","potentialAction":[{"@type":"ReadAction","target":["https:\/\/www.imobiliare.ro\/imoexpert\/cat-costa-apartamentele-noi-din-marile-orase-la-final-de-an-lesenii-au-acces-la-cele-mai-ieftine-locuinte-harta_db\/"]}]},{"@type":"ImageObject","inLanguage":"en","@id":"https:\/\/www.imobiliare.ro\/imoexpert\/cat-costa-apartamentele-noi-din-marile-orase-la-final-de-an-lesenii-au-acces-la-cele-mai-ieftine-locuinte-harta_db\/#primaryimage","url":"https:\/\/www.imobiliare.ro\/imoexpert\/wp-content\/uploads\/2024\/12\/preturi-apartamente-noi-inainte-de-craciun-si-anul-nou.jpg","contentUrl":"https:\/\/www.imobiliare.ro\/imoexpert\/wp-content\/uploads\/2024\/12\/preturi-apartamente-noi-inainte-de-craciun-si-anul-nou.jpg","width":2000,"height":1333},{"@type":"BreadcrumbList","@id":"https:\/\/www.imobiliare.ro\/imoexpert\/cat-costa-apartamentele-noi-din-marile-orase-la-final-de-an-lesenii-au-acces-la-cele-mai-ieftine-locuinte-harta_db\/#breadcrumb","itemListElement":[{"@type":"ListItem","position":1,"name":"Imoradar24","item":"https:\/\/www.imoradar24.ro"},{"@type":"ListItem","position":2,"name":"ImoExpert","item":"https:\/\/www.imobiliare.ro\/imoexpert\/"},{"@type":"ListItem","position":3,"name":"\u0218tiri","item":"https:\/\/www.imobiliare.ro\/imoexpert\/stiri\/"},{"@type":"ListItem","position":4,"name":"C\u00e2t cost\u0103 apartamentele noi din marile ora\u0219e la final de an? le\u0219enii au acces la cele mai ieftine locuin\u021be &#8211; HART\u0102"}]},{"@type":"WebSite","@id":"https:\/\/www.imobiliare.ro\/imoexpert\/#website","url":"https:\/\/www.imobiliare.ro\/imoexpert\/","name":"ImoExpert","description":"cele mai importante \u015ftiri din domeniul imobiliar","publisher":{"@id":"https:\/\/www.imobiliare.ro\/imoexpert\/#organization"},"inLanguage":"en"},{"@type":"Organization","@id":"https:\/\/www.imobiliare.ro\/imoexpert\/#organization","name":"Imobiliare.ro","alternateName":"Realmedia Network SA","url":"https:\/\/www.imobiliare.ro\/imoexpert\/","logo":{"@type":"ImageObject","inLanguage":"en","@id":"https:\/\/www.imobiliare.ro\/imoexpert\/#\/schema\/logo\/image\/","url":"https:\/\/www.imobiliare.ro\/imoexpert\/wp-content\/uploads\/2025\/05\/imobiliare_logo.png","contentUrl":"https:\/\/www.imobiliare.ro\/imoexpert\/wp-content\/uploads\/2025\/05\/imobiliare_logo.png","width":237,"height":29,"caption":"Imobiliare.ro"},"image":{"@id":"https:\/\/www.imobiliare.ro\/imoexpert\/#\/schema\/logo\/image\/"}},{"@type":"Person","@id":"https:\/\/www.imobiliare.ro\/imoexpert\/#\/schema\/person\/9ffdfbf24b82f39fc75a2fc6c19e4e99","name":"Corina V\u00e2rlan","image":{"@type":"ImageObject","inLanguage":"en","@id":"https:\/\/www.imobiliare.ro\/imoexpert\/#\/schema\/person\/image\/","url":"https:\/\/www.imobiliare.ro\/imoexpert\/wp-content\/uploads\/2026\/02\/12-02-2025-5-rezumat-brasov-thumb-reels-1-1-96x96.png","contentUrl":"https:\/\/www.imobiliare.ro\/imoexpert\/wp-content\/uploads\/2026\/02\/12-02-2025-5-rezumat-brasov-thumb-reels-1-1-96x96.png","caption":"Corina V\u00e2rlan"},"description":"Cu o experien\u021b\u0103 de 14 ani \u00een presa online, comunicare \u0219i content marketing, Corina V\u00e2rlan s-a al\u0103turat echipei Imobiliare.ro \u00een urm\u0103 cu 8 ani \u0219i ocup\u0103, \u00een prezent, func\u021bia de Content Manager. Ea este gazda emisiunii \"\u00centreab\u0103 expertul\" \u0219i a seriei 5 \u0218tiri Imobiliare.ro, realizate \u00een parteneriat cu Libertatea. Corina \u00ee\u0219i concentreaz\u0103 activitatea pe analiza datelor de pia\u021b\u0103 \u0219i pe subiecte de interes at\u00e2t pentru cei afla\u021bi \u00een c\u0103utarea unei locuin\u021be, c\u00e2t \u0219i pentru proprietari sau chiria\u0219i.","alternateName":"Corina","jobTitle":"Content Manager","url":"https:\/\/www.imobiliare.ro\/imoexpert\/author\/corina-varlan\/"}]}},"_links":{"self":[{"href":"https:\/\/www.imobiliare.ro\/imoexpert\/wp-json\/wp\/v2\/posts\/71156","targetHints":{"allow":["GET"]}}],"collection":[{"href":"https:\/\/www.imobiliare.ro\/imoexpert\/wp-json\/wp\/v2\/posts"}],"about":[{"href":"https:\/\/www.imobiliare.ro\/imoexpert\/wp-json\/wp\/v2\/types\/post"}],"author":[{"embeddable":true,"href":"https:\/\/www.imobiliare.ro\/imoexpert\/wp-json\/wp\/v2\/users\/5891"}],"replies":[{"embeddable":true,"href":"https:\/\/www.imobiliare.ro\/imoexpert\/wp-json\/wp\/v2\/comments?post=71156"}],"version-history":[{"count":0,"href":"https:\/\/www.imobiliare.ro\/imoexpert\/wp-json\/wp\/v2\/posts\/71156\/revisions"}],"wp:featuredmedia":[{"embeddable":true,"href":"https:\/\/www.imobiliare.ro\/imoexpert\/wp-json\/wp\/v2\/media\/71165"}],"wp:attachment":[{"href":"https:\/\/www.imobiliare.ro\/imoexpert\/wp-json\/wp\/v2\/media?parent=71156"}],"wp:term":[{"taxonomy":"category","embeddable":true,"href":"https:\/\/www.imobiliare.ro\/imoexpert\/wp-json\/wp\/v2\/categories?post=71156"},{"taxonomy":"post_tag","embeddable":true,"href":"https:\/\/www.imobiliare.ro\/imoexpert\/wp-json\/wp\/v2\/tags?post=71156"},{"taxonomy":"content_author","embeddable":true,"href":"https:\/\/www.imobiliare.ro\/imoexpert\/wp-json\/wp\/v2\/content_author?post=71156"}],"curies":[{"name":"wp","href":"https:\/\/api.w.org\/{rel}","templated":true}]}}