{"id":71207,"date":"2024-12-10T15:31:03","date_gmt":"2024-12-10T13:31:03","guid":{"rendered":"https:\/\/www.imobiliare.ro\/imoexpert\/?p=71207"},"modified":"2024-12-10T15:31:03","modified_gmt":"2024-12-10T13:31:03","slug":"2024-in-imobiliare-analiza-tendintelor-si-previziuni-pentru-viitor-interviu-cu-madalina-angheloiu","status":"publish","type":"post","link":"https:\/\/www.imobiliare.ro\/imoexpert\/2024-in-imobiliare-analiza-tendintelor-si-previziuni-pentru-viitor-interviu-cu-madalina-angheloiu_db\/","title":{"rendered":"2024 \u00een imobiliare: analiza tendin\u021belor \u0219i previziuni pentru viitor. Interviu cu M\u0103d\u0103lina Angheloiu"},"content":{"rendered":"\n<iframe loading=\"lazy\" style=\"height: 396px!important;\" src=\" https:\/\/www.youtube.com\/embed\/d0iGpO1d8m4?si=p5y6pTdBND7V245x\" title=\"YouTube video player\" frameborder=\"0\" allow=\"accelerometer; autoplay; clipboard-write; encrypted-media; gyroscope; picture-in-picture; web-share\" allowfullscreen=\"\" width=\"792\" height=\"396\" frameborder=\"0\"><\/iframe>\n\n\n\n<p><\/p>\n\n\n\n<p><strong>Invitat\u0103 \u00een cadrul unui interviu acordat <a class=\"article-body-links\"href=\"https:\/\/www.youtube.com\/watch?v=d0iGpO1d8m4&amp;t=1s\">Imobiliare.ro<\/a>, M\u0103d\u0103lina Angheloiu, broker \u0219i owner REM\/AX, cu peste 17 ani de experien\u021b\u0103, desemnat\u0103 <em>Personalitatea feminin\u0103 a anului 2023 \u00een Imobiliare<\/em>, a oferit o imagine detaliat\u0103 a dinamicii pie\u021bei imobiliare din 2024. Aceasta subliniaz\u0103 c\u0103 pia\u021ba este pe un trend cresc\u0103tor \u0219i stabil, sus\u021binut de cerere puternic\u0103 \u0219i o dinamic\u0103 s\u0103n\u0103toas\u0103. Educa\u021bia clien\u021bilor \u0219i profesionalizarea consultan\u021bilor sunt cheile pentru o evolu\u021bie sustenabil\u0103 a pie\u021bei.<\/strong> Vezi <a class=\"article-body-links\"href=\"https:\/\/www.youtube.com\/watch?v=d0iGpO1d8m4&amp;t=1s\">AICI<\/a> interviul.<\/p>\n\n\n\n<p><strong>Tranzac\u021biile imobiliare cresc, dar ofertele scad<\/strong><\/p>\n\n\n\n<p>&#8222;Toate statisticile indic\u0103 o cre\u0219tere a tranzac\u021biilor fa\u021b\u0103 de anul trecut&#8221;, explic\u0103 M\u0103d\u0103lina Angheloiu, men\u021bion\u00e2nd c\u0103 la nivelul biroului RE\/MAX Properties, num\u0103rul tranzac\u021biilor este cu peste 10% mai mare dec\u00e2t anul precedent. \u00cen schimb, num\u0103rul ofertelor a sc\u0103zut cu aproximativ 20%. &#8222;Aceast\u0103 tendin\u021b\u0103 reflect\u0103 un echilibru \u00eentre cerere \u0219i ofert\u0103, sus\u021bin\u00e2nd o pia\u021b\u0103 s\u0103n\u0103toas\u0103&#8221;, adaug\u0103 aceasta.<\/p>\n\n\n\n<p><strong>Mitul pr\u0103bu\u0219irii pre\u021burilor<\/strong><\/p>\n\n\n\n<p>De\u0219i specula\u021biile despre o posibil\u0103 pr\u0103bu\u0219ire a pie\u021bei sunt frecvente, M\u0103d\u0103lina Angheloiu consider\u0103 c\u0103 nu exist\u0103 motive reale pentru astfel de scenarii. &#8222;At\u00e2ta timp c\u00e2t exist\u0103 cerere \u0219i ofert\u0103, pia\u021ba r\u0103m\u00e2ne stabil\u0103&#8221;, precizeaz\u0103 ea. De altfel, tendin\u021ba este de cre\u0219tere moderat\u0103 a pre\u021burilor, cu un avans estimat la aproximativ 10% anual, similar ultimilor doi ani. &#8222;Exist\u0103 o presiune pe pre\u021buri din cauza costurilor mai mari ale construc\u021biilor \u0219i ale salariilor medii&#8221;, subliniaz\u0103 brokerul.<\/p>\n\n\n\n<p><strong>Bucure\u0219tiul \u2013 lider \u00een tranzac\u021bii \u0219i dezvoltare<\/strong><\/p>\n\n\n\n<p>Capitala se remarc\u0103 drept un pol al inova\u021biei \u0219i al competitivit\u0103\u021bii urbane, iar acest statut se reflect\u0103 \u0219i \u00een pia\u021ba imobiliar\u0103. &#8222;Dezvolt\u0103rile urbane din sectoare precum Sectorul 3, cu parcuri \u0219i infrastructur\u0103 modernizat\u0103, cresc atractivitatea \u0219i pre\u021burile medii de tranzac\u021bionare&#8221;, afirm\u0103 M. Angheloiu. Totu\u0219i, blocajele \u00een emiterea autoriza\u021biilor de construc\u021bie \u00eemping dezvoltatorii spre suburbii, eviden\u021biind necesitatea \u00eembun\u0103t\u0103\u021birii infrastructurii.<\/p>\n\n\n\n<p>Cererea se concentreaz\u0103 pe locuin\u021be \u00een apropierea transportului public, spa\u021bii verzi \u0219i facilit\u0103\u021bi moderne, cum ar fi s\u0103li de sport sau piscine. Totu\u0219i, pre\u021burile ridicate determin\u0103 o parte dintre cump\u0103r\u0103tori s\u0103 se orienteze spre locuin\u021be mai vechi. &#8222;O eroare frecvent\u0103 este s\u0103 achizi\u021bionezi pe fond emo\u021bional, f\u0103r\u0103 o analiz\u0103 obiectiv\u0103 a nevoilor \u0219i costurilor de \u00eentre\u021binere&#8221;, avertizeaz\u0103 M\u0103d\u0103lina.<\/p>\n\n\n\n<p><strong>Perspective pentru viitor<\/strong><\/p>\n\n\n\n<p>Pentru a sus\u021bine dezvoltarea, se impune o orientare spre suburbii, al\u0103turi de rezolvarea problemelor de infrastructur\u0103. &#8222;\u00cen Bucure\u0219ti, terenurile disponibile pentru construc\u021bii sunt limitate, iar solu\u021biile pe termen lung trebuie s\u0103 includ\u0103 suburbii bine conectate la ora\u0219&#8221;, puncteaz\u0103 Angheloiu.<\/p>\n\n\n\n<p>\u00cencheind pe o not\u0103 optimist\u0103, aceasta face o scurt\u0103 panorm\u0103 a pie\u021bei imobiliare, subliniind poten\u021bialul pie\u021bei din Rom\u00e2nia. &#8222;Putem tinde spre o pia\u021b\u0103 matur\u0103, cu consultan\u021bi imobiliari de top \u0219i clien\u021bi educa\u021bi&#8221;, concluzioneaz\u0103 M\u0103d\u0103lina Angheloiu. Vezi <a class=\"article-body-links\"href=\"https:\/\/www.youtube.com\/watch?v=d0iGpO1d8m4&amp;t=1s\">AICI<\/a> interviul.<\/p>\n","protected":false},"excerpt":{"rendered":"<p>Invitat\u0103 \u00een cadrul unui interviu acordat Imobiliare.ro, M\u0103d\u0103lina Angheloiu, broker \u0219i owner REM\/AX, cu peste 17 ani de experien\u021b\u0103, desemnat\u0103 Personalitatea feminin\u0103 a anului 2023 \u00een Imobiliare, a oferit o imagine detaliat\u0103 a dinamicii pie\u021bei imobiliare din 2024. Aceasta subliniaz\u0103 c\u0103 pia\u021ba este pe un trend cresc\u0103tor \u0219i stabil, sus\u021binut de cerere puternic\u0103 \u0219i o [&hellip;]<\/p>\n","protected":false},"author":853852,"featured_media":71208,"comment_status":"open","ping_status":"open","sticky":true,"template":"","format":"standard","meta":{"footnotes":""},"categories":[259,2455],"tags":[2308,487],"content_author":[],"class_list":["post-71207","post","type-post","status-publish","format-standard","has-post-thumbnail","hentry","category-stiri","category-video","tag-piata-imobiliara-2024","tag-tranzactii-imobiliare"],"yoast_head":"<!-- This site is optimized with the Yoast SEO Premium plugin v27.0 (Yoast SEO v27.0) - https:\/\/yoast.com\/product\/yoast-seo-premium-wordpress\/ -->\n<title>2024 \u00een imobiliare: analiza tendin\u021belor \u0219i previziuni pentru viitor. Interviu cu M\u0103d\u0103lina Angheloiu - \u0218tiri, Video - ImoExpert<\/title>\n<meta name=\"description\" content=\"Invitat\u0103 \u00een cadrul unui interviu acordat Imobiliare.ro, M\u0103d\u0103lina Angheloiu, broker \u0219i owner REM\/AX, cu peste 17 ani de experien\u021b\u0103, desemnat\u0103\" \/>\n<meta name=\"robots\" content=\"index, follow\" \/>\n<link rel=\"canonical\" href=\"https:\/\/www.imobiliare.ro\/imoexpert\/2024-in-imobiliare-analiza-tendintelor-si-previziuni-pentru-viitor-interviu-cu-madalina-angheloiu_db\/\" \/>\n<meta property=\"og:locale\" content=\"ro_RO\" \/>\n<meta property=\"og:type\" content=\"article\" \/>\n<meta property=\"og:title\" content=\"2024 \u00een imobiliare: analiza tendin\u021belor \u0219i previziuni pentru viitor. Interviu cu M\u0103d\u0103lina Angheloiu\" \/>\n<meta property=\"og:description\" content=\"Invitat\u0103 \u00een cadrul unui interviu acordat Imobiliare.ro, M\u0103d\u0103lina Angheloiu, broker \u0219i owner REM\/AX, cu peste 17 ani de experien\u021b\u0103, desemnat\u0103\" \/>\n<meta property=\"og:url\" content=\"https:\/\/www.imobiliare.ro\/imoexpert\/2024-in-imobiliare-analiza-tendintelor-si-previziuni-pentru-viitor-interviu-cu-madalina-angheloiu_db\/\" \/>\n<meta property=\"og:site_name\" content=\"ImoExpert\" \/>\n<meta property=\"article:published_time\" content=\"2024-12-10T13:31:03+00:00\" \/>\n<meta property=\"og:image\" content=\"https:\/\/www.imobiliare.ro\/imoexpert\/wp-content\/uploads\/2024\/12\/Madalina.jpg\" \/>\n\t<meta property=\"og:image:width\" content=\"1600\" \/>\n\t<meta property=\"og:image:height\" content=\"1066\" \/>\n\t<meta property=\"og:image:type\" content=\"image\/jpeg\" \/>\n<meta name=\"author\" content=\"Corina Sfia\" \/>\n<meta name=\"twitter:card\" content=\"summary_large_image\" \/>\n<meta name=\"twitter:label1\" content=\"Written by\" \/>\n\t<meta name=\"twitter:data1\" content=\"Corina Sfia\" \/>\n\t<meta name=\"twitter:label2\" content=\"Est. reading time\" \/>\n\t<meta name=\"twitter:data2\" content=\"2 minute\" \/>\n<script type=\"application\/ld+json\" class=\"yoast-schema-graph\">{\"@context\":\"https:\/\/schema.org\",\"@graph\":[{\"@type\":\"Article\",\"@id\":\"https:\/\/www.imobiliare.ro\/imoexpert\/2024-in-imobiliare-analiza-tendintelor-si-previziuni-pentru-viitor-interviu-cu-madalina-angheloiu_db\/#article\",\"isPartOf\":{\"@id\":\"https:\/\/www.imobiliare.ro\/imoexpert\/2024-in-imobiliare-analiza-tendintelor-si-previziuni-pentru-viitor-interviu-cu-madalina-angheloiu_db\/\"},\"author\":{\"name\":\"Corina Sfia\",\"@id\":\"https:\/\/www.imobiliare.ro\/imoexpert\/#\/schema\/person\/05beb62efa22e8e5445349a3eb6c5247\"},\"headline\":\"2024 \u00een imobiliare: analiza tendin\u021belor \u0219i previziuni pentru viitor. Interviu cu M\u0103d\u0103lina Angheloiu\",\"datePublished\":\"2024-12-10T13:31:03+00:00\",\"mainEntityOfPage\":{\"@id\":\"https:\/\/www.imobiliare.ro\/imoexpert\/2024-in-imobiliare-analiza-tendintelor-si-previziuni-pentru-viitor-interviu-cu-madalina-angheloiu_db\/\"},\"wordCount\":516,\"commentCount\":0,\"publisher\":{\"@id\":\"https:\/\/www.imobiliare.ro\/imoexpert\/#organization\"},\"image\":{\"@id\":\"https:\/\/www.imobiliare.ro\/imoexpert\/2024-in-imobiliare-analiza-tendintelor-si-previziuni-pentru-viitor-interviu-cu-madalina-angheloiu_db\/#primaryimage\"},\"thumbnailUrl\":\"https:\/\/www.imobiliare.ro\/imoexpert\/wp-content\/uploads\/2024\/12\/Madalina.jpg\",\"keywords\":[\"PIATA IMOBILIARA 2024\",\"tranzactii imobiliare\"],\"articleSection\":[\"\u0218tiri\",\"Video\"],\"inLanguage\":\"en\",\"potentialAction\":[{\"@type\":\"CommentAction\",\"name\":\"Comment\",\"target\":[\"https:\/\/www.imobiliare.ro\/imoexpert\/2024-in-imobiliare-analiza-tendintelor-si-previziuni-pentru-viitor-interviu-cu-madalina-angheloiu_db\/#respond\"]}],\"copyrightYear\":\"2024\",\"copyrightHolder\":{\"@id\":\"https:\/\/www.imobiliare.ro\/imoexpert\/#organization\"}},{\"@type\":\"WebPage\",\"@id\":\"https:\/\/www.imobiliare.ro\/imoexpert\/2024-in-imobiliare-analiza-tendintelor-si-previziuni-pentru-viitor-interviu-cu-madalina-angheloiu_db\/\",\"url\":\"https:\/\/www.imobiliare.ro\/imoexpert\/2024-in-imobiliare-analiza-tendintelor-si-previziuni-pentru-viitor-interviu-cu-madalina-angheloiu_db\/\",\"name\":\"2024 \u00een imobiliare: analiza tendin\u021belor \u0219i previziuni pentru viitor. Interviu cu M\u0103d\u0103lina Angheloiu - \u0218tiri, Video - ImoExpert\",\"isPartOf\":{\"@id\":\"https:\/\/www.imobiliare.ro\/imoexpert\/#website\"},\"primaryImageOfPage\":{\"@id\":\"https:\/\/www.imobiliare.ro\/imoexpert\/2024-in-imobiliare-analiza-tendintelor-si-previziuni-pentru-viitor-interviu-cu-madalina-angheloiu_db\/#primaryimage\"},\"image\":{\"@id\":\"https:\/\/www.imobiliare.ro\/imoexpert\/2024-in-imobiliare-analiza-tendintelor-si-previziuni-pentru-viitor-interviu-cu-madalina-angheloiu_db\/#primaryimage\"},\"thumbnailUrl\":\"https:\/\/www.imobiliare.ro\/imoexpert\/wp-content\/uploads\/2024\/12\/Madalina.jpg\",\"datePublished\":\"2024-12-10T13:31:03+00:00\",\"description\":\"Invitat\u0103 \u00een cadrul unui interviu acordat Imobiliare.ro, M\u0103d\u0103lina Angheloiu, broker \u0219i owner REM\/AX, cu peste 17 ani de experien\u021b\u0103, desemnat\u0103\",\"breadcrumb\":{\"@id\":\"https:\/\/www.imobiliare.ro\/imoexpert\/2024-in-imobiliare-analiza-tendintelor-si-previziuni-pentru-viitor-interviu-cu-madalina-angheloiu_db\/#breadcrumb\"},\"inLanguage\":\"en\",\"potentialAction\":[{\"@type\":\"ReadAction\",\"target\":[\"https:\/\/www.imobiliare.ro\/imoexpert\/2024-in-imobiliare-analiza-tendintelor-si-previziuni-pentru-viitor-interviu-cu-madalina-angheloiu_db\/\"]}]},{\"@type\":\"ImageObject\",\"inLanguage\":\"en\",\"@id\":\"https:\/\/www.imobiliare.ro\/imoexpert\/2024-in-imobiliare-analiza-tendintelor-si-previziuni-pentru-viitor-interviu-cu-madalina-angheloiu_db\/#primaryimage\",\"url\":\"https:\/\/www.imobiliare.ro\/imoexpert\/wp-content\/uploads\/2024\/12\/Madalina.jpg\",\"contentUrl\":\"https:\/\/www.imobiliare.ro\/imoexpert\/wp-content\/uploads\/2024\/12\/Madalina.jpg\",\"width\":1600,\"height\":1066},{\"@type\":\"BreadcrumbList\",\"@id\":\"https:\/\/www.imobiliare.ro\/imoexpert\/2024-in-imobiliare-analiza-tendintelor-si-previziuni-pentru-viitor-interviu-cu-madalina-angheloiu_db\/#breadcrumb\",\"itemListElement\":[{\"@type\":\"ListItem\",\"position\":1,\"name\":\"Imoradar24\",\"item\":\"https:\/\/www.imoradar24.ro\"},{\"@type\":\"ListItem\",\"position\":2,\"name\":\"ImoExpert\",\"item\":\"https:\/\/www.imobiliare.ro\/imoexpert\/\"},{\"@type\":\"ListItem\",\"position\":3,\"name\":\"\u0218tiri\",\"item\":\"https:\/\/www.imobiliare.ro\/imoexpert\/stiri\/\"},{\"@type\":\"ListItem\",\"position\":4,\"name\":\"2024 \u00een imobiliare: analiza tendin\u021belor \u0219i previziuni pentru viitor. Interviu cu M\u0103d\u0103lina Angheloiu\"}]},{\"@type\":\"WebSite\",\"@id\":\"https:\/\/www.imobiliare.ro\/imoexpert\/#website\",\"url\":\"https:\/\/www.imobiliare.ro\/imoexpert\/\",\"name\":\"ImoExpert\",\"description\":\"cele mai importante \u015ftiri din domeniul imobiliar\",\"publisher\":{\"@id\":\"https:\/\/www.imobiliare.ro\/imoexpert\/#organization\"},\"inLanguage\":\"en\"},{\"@type\":\"Organization\",\"@id\":\"https:\/\/www.imobiliare.ro\/imoexpert\/#organization\",\"name\":\"Imobiliare.ro\",\"alternateName\":\"Realmedia Network SA\",\"url\":\"https:\/\/www.imobiliare.ro\/imoexpert\/\",\"logo\":{\"@type\":\"ImageObject\",\"inLanguage\":\"en\",\"@id\":\"https:\/\/www.imobiliare.ro\/imoexpert\/#\/schema\/logo\/image\/\",\"url\":\"https:\/\/www.imobiliare.ro\/imoexpert\/wp-content\/uploads\/2025\/05\/imobiliare_logo.png\",\"contentUrl\":\"https:\/\/www.imobiliare.ro\/imoexpert\/wp-content\/uploads\/2025\/05\/imobiliare_logo.png\",\"width\":237,\"height\":29,\"caption\":\"Imobiliare.ro\"},\"image\":{\"@id\":\"https:\/\/www.imobiliare.ro\/imoexpert\/#\/schema\/logo\/image\/\"}},{\"@type\":\"Person\",\"@id\":\"https:\/\/www.imobiliare.ro\/imoexpert\/#\/schema\/person\/05beb62efa22e8e5445349a3eb6c5247\",\"name\":\"Corina Sfia\",\"image\":{\"@type\":\"ImageObject\",\"inLanguage\":\"en\",\"@id\":\"https:\/\/www.imobiliare.ro\/imoexpert\/#\/schema\/person\/image\/\",\"url\":\"https:\/\/www.imobiliare.ro\/imoexpert\/wp-content\/uploads\/2025\/10\/corina-sfia-96x96.jpeg\",\"contentUrl\":\"https:\/\/www.imobiliare.ro\/imoexpert\/wp-content\/uploads\/2025\/10\/corina-sfia-96x96.jpeg\",\"caption\":\"Corina Sfia\"},\"description\":\"Corina Sfia are peste 18 ani de experien\u021b\u0103 \u00een televiziune, presa scris\u0103, audio-vizual, comunicare \u0219i content marketing. A activat \u00een presa de televiziune, la Digi24, precum \u0219i \u00een presa scris\u0103, iar \u00een prezent ocup\u0103 func\u021bia de Video Content Manager la Imobiliare.ro. Este implicat\u0103 \u00een realizarea unor produc\u021bii video, printre care Talks by Imobiliare.ro, Insights sau\u00a0Fail Imobiliar, \u0219i contribuie la realizarea unor interviuri speciale \u00een parteneriat cu Libertatea. Totodat\u0103, modereaz\u0103 \u0219i g\u0103zduie\u0219te evenimente dedicate industriei imobiliare.\",\"sameAs\":[\"http:\/\/www.sfia.ro\",\"https:\/\/ro.linkedin.com\/in\/corina-sfia-63794a216\"],\"jobTitle\":\"Video Content Manager\",\"award\":\"Cinematic Excellence Award, Imobiliare.ro, 2024\",\"url\":\"https:\/\/www.imobiliare.ro\/imoexpert\/author\/corina-sfia\/\"}]}<\/script>\n<!-- \/ Yoast SEO Premium plugin. -->","yoast_head_json":{"title":"2024 \u00een imobiliare: analiza tendin\u021belor \u0219i previziuni pentru viitor. Interviu cu M\u0103d\u0103lina Angheloiu - \u0218tiri, Video - ImoExpert","description":"Invitat\u0103 \u00een cadrul unui interviu acordat Imobiliare.ro, M\u0103d\u0103lina Angheloiu, broker \u0219i owner REM\/AX, cu peste 17 ani de experien\u021b\u0103, desemnat\u0103","robots":{"index":"index","follow":"follow"},"canonical":"https:\/\/www.imobiliare.ro\/imoexpert\/2024-in-imobiliare-analiza-tendintelor-si-previziuni-pentru-viitor-interviu-cu-madalina-angheloiu_db\/","og_locale":"ro_RO","og_type":"article","og_title":"2024 \u00een imobiliare: analiza tendin\u021belor \u0219i previziuni pentru viitor. Interviu cu M\u0103d\u0103lina Angheloiu","og_description":"Invitat\u0103 \u00een cadrul unui interviu acordat Imobiliare.ro, M\u0103d\u0103lina Angheloiu, broker \u0219i owner REM\/AX, cu peste 17 ani de experien\u021b\u0103, desemnat\u0103","og_url":"https:\/\/www.imobiliare.ro\/imoexpert\/2024-in-imobiliare-analiza-tendintelor-si-previziuni-pentru-viitor-interviu-cu-madalina-angheloiu_db\/","og_site_name":"ImoExpert","article_published_time":"2024-12-10T13:31:03+00:00","og_image":[{"width":1600,"height":1066,"url":"https:\/\/www.imobiliare.ro\/imoexpert\/wp-content\/uploads\/2024\/12\/Madalina.jpg","type":"image\/jpeg"}],"author":"Corina Sfia","twitter_card":"summary_large_image","twitter_misc":{"Written by":"Corina Sfia","Est. reading time":"2 minute"},"schema":{"@context":"https:\/\/schema.org","@graph":[{"@type":"Article","@id":"https:\/\/www.imobiliare.ro\/imoexpert\/2024-in-imobiliare-analiza-tendintelor-si-previziuni-pentru-viitor-interviu-cu-madalina-angheloiu_db\/#article","isPartOf":{"@id":"https:\/\/www.imobiliare.ro\/imoexpert\/2024-in-imobiliare-analiza-tendintelor-si-previziuni-pentru-viitor-interviu-cu-madalina-angheloiu_db\/"},"author":{"name":"Corina Sfia","@id":"https:\/\/www.imobiliare.ro\/imoexpert\/#\/schema\/person\/05beb62efa22e8e5445349a3eb6c5247"},"headline":"2024 \u00een imobiliare: analiza tendin\u021belor \u0219i previziuni pentru viitor. Interviu cu M\u0103d\u0103lina Angheloiu","datePublished":"2024-12-10T13:31:03+00:00","mainEntityOfPage":{"@id":"https:\/\/www.imobiliare.ro\/imoexpert\/2024-in-imobiliare-analiza-tendintelor-si-previziuni-pentru-viitor-interviu-cu-madalina-angheloiu_db\/"},"wordCount":516,"commentCount":0,"publisher":{"@id":"https:\/\/www.imobiliare.ro\/imoexpert\/#organization"},"image":{"@id":"https:\/\/www.imobiliare.ro\/imoexpert\/2024-in-imobiliare-analiza-tendintelor-si-previziuni-pentru-viitor-interviu-cu-madalina-angheloiu_db\/#primaryimage"},"thumbnailUrl":"https:\/\/www.imobiliare.ro\/imoexpert\/wp-content\/uploads\/2024\/12\/Madalina.jpg","keywords":["PIATA IMOBILIARA 2024","tranzactii imobiliare"],"articleSection":["\u0218tiri","Video"],"inLanguage":"en","potentialAction":[{"@type":"CommentAction","name":"Comment","target":["https:\/\/www.imobiliare.ro\/imoexpert\/2024-in-imobiliare-analiza-tendintelor-si-previziuni-pentru-viitor-interviu-cu-madalina-angheloiu_db\/#respond"]}],"copyrightYear":"2024","copyrightHolder":{"@id":"https:\/\/www.imobiliare.ro\/imoexpert\/#organization"}},{"@type":"WebPage","@id":"https:\/\/www.imobiliare.ro\/imoexpert\/2024-in-imobiliare-analiza-tendintelor-si-previziuni-pentru-viitor-interviu-cu-madalina-angheloiu_db\/","url":"https:\/\/www.imobiliare.ro\/imoexpert\/2024-in-imobiliare-analiza-tendintelor-si-previziuni-pentru-viitor-interviu-cu-madalina-angheloiu_db\/","name":"2024 \u00een imobiliare: analiza tendin\u021belor \u0219i previziuni pentru viitor. Interviu cu M\u0103d\u0103lina Angheloiu - \u0218tiri, Video - ImoExpert","isPartOf":{"@id":"https:\/\/www.imobiliare.ro\/imoexpert\/#website"},"primaryImageOfPage":{"@id":"https:\/\/www.imobiliare.ro\/imoexpert\/2024-in-imobiliare-analiza-tendintelor-si-previziuni-pentru-viitor-interviu-cu-madalina-angheloiu_db\/#primaryimage"},"image":{"@id":"https:\/\/www.imobiliare.ro\/imoexpert\/2024-in-imobiliare-analiza-tendintelor-si-previziuni-pentru-viitor-interviu-cu-madalina-angheloiu_db\/#primaryimage"},"thumbnailUrl":"https:\/\/www.imobiliare.ro\/imoexpert\/wp-content\/uploads\/2024\/12\/Madalina.jpg","datePublished":"2024-12-10T13:31:03+00:00","description":"Invitat\u0103 \u00een cadrul unui interviu acordat Imobiliare.ro, M\u0103d\u0103lina Angheloiu, broker \u0219i owner REM\/AX, cu peste 17 ani de experien\u021b\u0103, desemnat\u0103","breadcrumb":{"@id":"https:\/\/www.imobiliare.ro\/imoexpert\/2024-in-imobiliare-analiza-tendintelor-si-previziuni-pentru-viitor-interviu-cu-madalina-angheloiu_db\/#breadcrumb"},"inLanguage":"en","potentialAction":[{"@type":"ReadAction","target":["https:\/\/www.imobiliare.ro\/imoexpert\/2024-in-imobiliare-analiza-tendintelor-si-previziuni-pentru-viitor-interviu-cu-madalina-angheloiu_db\/"]}]},{"@type":"ImageObject","inLanguage":"en","@id":"https:\/\/www.imobiliare.ro\/imoexpert\/2024-in-imobiliare-analiza-tendintelor-si-previziuni-pentru-viitor-interviu-cu-madalina-angheloiu_db\/#primaryimage","url":"https:\/\/www.imobiliare.ro\/imoexpert\/wp-content\/uploads\/2024\/12\/Madalina.jpg","contentUrl":"https:\/\/www.imobiliare.ro\/imoexpert\/wp-content\/uploads\/2024\/12\/Madalina.jpg","width":1600,"height":1066},{"@type":"BreadcrumbList","@id":"https:\/\/www.imobiliare.ro\/imoexpert\/2024-in-imobiliare-analiza-tendintelor-si-previziuni-pentru-viitor-interviu-cu-madalina-angheloiu_db\/#breadcrumb","itemListElement":[{"@type":"ListItem","position":1,"name":"Imoradar24","item":"https:\/\/www.imoradar24.ro"},{"@type":"ListItem","position":2,"name":"ImoExpert","item":"https:\/\/www.imobiliare.ro\/imoexpert\/"},{"@type":"ListItem","position":3,"name":"\u0218tiri","item":"https:\/\/www.imobiliare.ro\/imoexpert\/stiri\/"},{"@type":"ListItem","position":4,"name":"2024 \u00een imobiliare: analiza tendin\u021belor \u0219i previziuni pentru viitor. Interviu cu M\u0103d\u0103lina Angheloiu"}]},{"@type":"WebSite","@id":"https:\/\/www.imobiliare.ro\/imoexpert\/#website","url":"https:\/\/www.imobiliare.ro\/imoexpert\/","name":"ImoExpert","description":"cele mai importante \u015ftiri din domeniul imobiliar","publisher":{"@id":"https:\/\/www.imobiliare.ro\/imoexpert\/#organization"},"inLanguage":"en"},{"@type":"Organization","@id":"https:\/\/www.imobiliare.ro\/imoexpert\/#organization","name":"Imobiliare.ro","alternateName":"Realmedia Network SA","url":"https:\/\/www.imobiliare.ro\/imoexpert\/","logo":{"@type":"ImageObject","inLanguage":"en","@id":"https:\/\/www.imobiliare.ro\/imoexpert\/#\/schema\/logo\/image\/","url":"https:\/\/www.imobiliare.ro\/imoexpert\/wp-content\/uploads\/2025\/05\/imobiliare_logo.png","contentUrl":"https:\/\/www.imobiliare.ro\/imoexpert\/wp-content\/uploads\/2025\/05\/imobiliare_logo.png","width":237,"height":29,"caption":"Imobiliare.ro"},"image":{"@id":"https:\/\/www.imobiliare.ro\/imoexpert\/#\/schema\/logo\/image\/"}},{"@type":"Person","@id":"https:\/\/www.imobiliare.ro\/imoexpert\/#\/schema\/person\/05beb62efa22e8e5445349a3eb6c5247","name":"Corina Sfia","image":{"@type":"ImageObject","inLanguage":"en","@id":"https:\/\/www.imobiliare.ro\/imoexpert\/#\/schema\/person\/image\/","url":"https:\/\/www.imobiliare.ro\/imoexpert\/wp-content\/uploads\/2025\/10\/corina-sfia-96x96.jpeg","contentUrl":"https:\/\/www.imobiliare.ro\/imoexpert\/wp-content\/uploads\/2025\/10\/corina-sfia-96x96.jpeg","caption":"Corina Sfia"},"description":"Corina Sfia are peste 18 ani de experien\u021b\u0103 \u00een televiziune, presa scris\u0103, audio-vizual, comunicare \u0219i content marketing. A activat \u00een presa de televiziune, la Digi24, precum \u0219i \u00een presa scris\u0103, iar \u00een prezent ocup\u0103 func\u021bia de Video Content Manager la Imobiliare.ro. Este implicat\u0103 \u00een realizarea unor produc\u021bii video, printre care Talks by Imobiliare.ro, Insights sau\u00a0Fail Imobiliar, \u0219i contribuie la realizarea unor interviuri speciale \u00een parteneriat cu Libertatea. Totodat\u0103, modereaz\u0103 \u0219i g\u0103zduie\u0219te evenimente dedicate industriei imobiliare.","sameAs":["http:\/\/www.sfia.ro","https:\/\/ro.linkedin.com\/in\/corina-sfia-63794a216"],"jobTitle":"Video Content Manager","award":"Cinematic Excellence Award, Imobiliare.ro, 2024","url":"https:\/\/www.imobiliare.ro\/imoexpert\/author\/corina-sfia\/"}]}},"_links":{"self":[{"href":"https:\/\/www.imobiliare.ro\/imoexpert\/wp-json\/wp\/v2\/posts\/71207","targetHints":{"allow":["GET"]}}],"collection":[{"href":"https:\/\/www.imobiliare.ro\/imoexpert\/wp-json\/wp\/v2\/posts"}],"about":[{"href":"https:\/\/www.imobiliare.ro\/imoexpert\/wp-json\/wp\/v2\/types\/post"}],"author":[{"embeddable":true,"href":"https:\/\/www.imobiliare.ro\/imoexpert\/wp-json\/wp\/v2\/users\/853852"}],"replies":[{"embeddable":true,"href":"https:\/\/www.imobiliare.ro\/imoexpert\/wp-json\/wp\/v2\/comments?post=71207"}],"version-history":[{"count":0,"href":"https:\/\/www.imobiliare.ro\/imoexpert\/wp-json\/wp\/v2\/posts\/71207\/revisions"}],"wp:featuredmedia":[{"embeddable":true,"href":"https:\/\/www.imobiliare.ro\/imoexpert\/wp-json\/wp\/v2\/media\/71208"}],"wp:attachment":[{"href":"https:\/\/www.imobiliare.ro\/imoexpert\/wp-json\/wp\/v2\/media?parent=71207"}],"wp:term":[{"taxonomy":"category","embeddable":true,"href":"https:\/\/www.imobiliare.ro\/imoexpert\/wp-json\/wp\/v2\/categories?post=71207"},{"taxonomy":"post_tag","embeddable":true,"href":"https:\/\/www.imobiliare.ro\/imoexpert\/wp-json\/wp\/v2\/tags?post=71207"},{"taxonomy":"content_author","embeddable":true,"href":"https:\/\/www.imobiliare.ro\/imoexpert\/wp-json\/wp\/v2\/content_author?post=71207"}],"curies":[{"name":"wp","href":"https:\/\/api.w.org\/{rel}","templated":true}]}}