{"id":71478,"date":"2025-02-03T14:08:20","date_gmt":"2025-02-03T12:08:20","guid":{"rendered":"https:\/\/www.imobiliare.ro\/imoexpert\/?p=71478"},"modified":"2025-02-03T14:08:20","modified_gmt":"2025-02-03T12:08:20","slug":"de-ce-este-indicata-o-investitie-imobiliara-in-brasov-descopera-pretul-acestui-apartament-cu-o-priveliste-de-milioane-foto","status":"publish","type":"post","link":"https:\/\/www.imobiliare.ro\/imoexpert\/de-ce-este-indicata-o-investitie-imobiliara-in-brasov-descopera-pretul-acestui-apartament-cu-o-priveliste-de-milioane-foto_db\/","title":{"rendered":"De ce este indicat\u0103 o investi\u021bie imobiliar\u0103 \u00een Bra\u0219ov? Descoper\u0103 pre\u021bul acestui apartament cu o priveli\u0219te de milioane &#8211; FOTO"},"content":{"rendered":"\n<figure class=\"wp-block-image size-full\"><img loading=\"lazy\" decoding=\"async\" width=\"900\" height=\"506\" src=\"https:\/\/www.imobiliare.ro\/imoexpert\/wp-content\/uploads\/2025\/02\/apartamente-investitii-brasov.jpg\" alt=\"\" class=\"wp-image-71488\" srcset=\"https:\/\/www.imobiliare.ro\/imoexpert\/wp-content\/uploads\/2025\/02\/apartamente-investitii-brasov.jpg 900w, https:\/\/www.imobiliare.ro\/imoexpert\/wp-content\/uploads\/2025\/02\/apartamente-investitii-brasov-300x169.jpg 300w, https:\/\/www.imobiliare.ro\/imoexpert\/wp-content\/uploads\/2025\/02\/apartamente-investitii-brasov-768x432.jpg 768w\" sizes=\"auto, (max-width: 900px) 100vw, 900px\" \/><\/figure>\n\n\n\n<p><strong>Bra\u0219ovul este unul dintre cele mai frumoase ora\u0219e din Rom\u00e2nia, iar posibilitatea de a cump\u0103ra o proprietate \u00een inima sa istoric\u0103 apare rar. Recent au fost scoase \u00eens\u0103 la v\u00e2nzare pe Imobiliare.ro dou\u0103 apartamente unice.<\/strong><\/p>\n\n\n\n<p>Indiferent dac\u0103 sunte\u021bi \u00een c\u0103utarea unei case de vacan\u021b\u0103, a unui loc pe care s\u0103-l numi\u021bi acas\u0103 sau a unei oportunit\u0103\u021bi pentru o investi\u021bie imobiliar\u0103, aceste propriet\u0103\u021bi v\u0103 ofer\u0103 combina\u021bia perfect\u0103 \u00eentre loca\u021bie, confort \u0219i o priveli\u0219te memorabil\u0103.<\/p>\n\n\n\n<div id=\"ez-toc-container\" class=\"ez-toc-v2_0_81 counter-hierarchy ez-toc-counter ez-toc-grey ez-toc-container-direction\">\n<p class=\"ez-toc-title\" style=\"cursor:inherit\">Table of Contents<\/p>\n<label for=\"ez-toc-cssicon-toggle-item-69edcb9d76644\" class=\"ez-toc-cssicon-toggle-label\"><span class=\"ez-toc-cssicon\"><span class=\"eztoc-hide\" style=\"display:none;\">Toggle<\/span><span class=\"ez-toc-icon-toggle-span\"><svg style=\"fill: #999;color:#999\" xmlns=\"http:\/\/www.w3.org\/2000\/svg\" class=\"list-377408\" width=\"20px\" height=\"20px\" viewBox=\"0 0 24 24\" fill=\"none\"><path d=\"M6 6H4v2h2V6zm14 0H8v2h12V6zM4 11h2v2H4v-2zm16 0H8v2h12v-2zM4 16h2v2H4v-2zm16 0H8v2h12v-2z\" fill=\"currentColor\"><\/path><\/svg><svg style=\"fill: #999;color:#999\" class=\"arrow-unsorted-368013\" xmlns=\"http:\/\/www.w3.org\/2000\/svg\" width=\"10px\" height=\"10px\" viewBox=\"0 0 24 24\" version=\"1.2\" baseProfile=\"tiny\"><path d=\"M18.2 9.3l-6.2-6.3-6.2 6.3c-.2.2-.3.4-.3.7s.1.5.3.7c.2.2.4.3.7.3h11c.3 0 .5-.1.7-.3.2-.2.3-.5.3-.7s-.1-.5-.3-.7zM5.8 14.7l6.2 6.3 6.2-6.3c.2-.2.3-.5.3-.7s-.1-.5-.3-.7c-.2-.2-.4-.3-.7-.3h-11c-.3 0-.5.1-.7.3-.2.2-.3.5-.3.7s.1.5.3.7z\"\/><\/svg><\/span><\/span><\/label><input type=\"checkbox\"  id=\"ez-toc-cssicon-toggle-item-69edcb9d76644\"  aria-label=\"Toggle\" \/><nav><ul class='ez-toc-list ez-toc-list-level-1 ' ><li class='ez-toc-page-1 ez-toc-heading-level-3'><a class=\"ez-toc-link ez-toc-heading-1\" href=\"https:\/\/www.imobiliare.ro\/imoexpert\/de-ce-este-indicata-o-investitie-imobiliara-in-brasov-descopera-pretul-acestui-apartament-cu-o-priveliste-de-milioane-foto_db\/#Un_apartament_de_poveste_pe_Strada_Muresenilor\" >Un apartament de poveste pe Strada Mure\u0219enilor<\/a><\/li><li class='ez-toc-page-1 ez-toc-heading-level-3'><a class=\"ez-toc-link ez-toc-heading-2\" href=\"https:\/\/www.imobiliare.ro\/imoexpert\/de-ce-este-indicata-o-investitie-imobiliara-in-brasov-descopera-pretul-acestui-apartament-cu-o-priveliste-de-milioane-foto_db\/#Modern_si_elegant_Apartament_pe_Strada_Republicii\" >Modern \u0219i elegant: Apartament pe Strada Republicii<\/a><\/li><\/ul><\/nav><\/div>\n<h3 class=\"wp-block-heading has-medium-font-size\"><span class=\"ez-toc-section\" id=\"Un_apartament_de_poveste_pe_Strada_Muresenilor\"><\/span><strong>Un apartament de poveste pe Strada Mure\u0219enilor<\/strong><span class=\"ez-toc-section-end\"><\/span><\/h3>\n\n\n\n<p>Dac\u0103 sunte\u021bi \u00een c\u0103utarea unui loc care s\u0103 combine farmecul istoriei cu confortul modern, g\u0103si\u021bi o proprietate interesant\u0103 pe strada Mure\u0219enilor.<\/p>\n\n\n\n<figure class=\"wp-block-image size-full\"><img loading=\"lazy\" decoding=\"async\" width=\"872\" height=\"490\" src=\"https:\/\/www.imobiliare.ro\/imoexpert\/wp-content\/uploads\/2025\/02\/apartament-central-in-brasov-cu-priveliste-la-biserica-neagra.jpg\" alt=\"\" class=\"wp-image-71487\" srcset=\"https:\/\/www.imobiliare.ro\/imoexpert\/wp-content\/uploads\/2025\/02\/apartament-central-in-brasov-cu-priveliste-la-biserica-neagra.jpg 872w, https:\/\/www.imobiliare.ro\/imoexpert\/wp-content\/uploads\/2025\/02\/apartament-central-in-brasov-cu-priveliste-la-biserica-neagra-300x169.jpg 300w, https:\/\/www.imobiliare.ro\/imoexpert\/wp-content\/uploads\/2025\/02\/apartament-central-in-brasov-cu-priveliste-la-biserica-neagra-768x432.jpg 768w\" sizes=\"auto, (max-width: 872px) 100vw, 872px\" \/><\/figure>\n\n\n\n<p>Apartamentul cu trei camere poate fi achizi\u021bionat pentru suma de 250.000 de euro \u0219i ofer\u0103 o priveli\u0219te ce se \u00eentinde p\u00e2n\u0103 la Biserica Neagr\u0103.&nbsp;<\/p>\n\n\n\n<p>\u201cDatorit\u0103 pozi\u021bion\u0103rii sale excelente, apartamentul reprezint\u0103 o oportunitate deosebit\u0103 pentru \u00eenchiriere \u00een regim hotelier, turi\u0219tii care vin s\u0103 viziteze Bra\u0219ovul apreciind, cu siguran\u021b\u0103, confortul, intimitatea \u0219i apropierea fa\u021b\u0103 de principalele atrac\u021bii ale ora\u0219ului\u201d, se precizeaz\u0103 \u00een <a class=\"article-body-links\"href=\"https:\/\/www.imobiliare.ro\/oferta\/apartament-de-vanzare-brasov-ultracentral-mobilat-3-camere-238821623\">anun\u021bul de v\u00e2nzare <\/a>de pe Imobiliare.ro.<\/p>\n\n\n\n<figure class=\"wp-block-image size-large\"><img loading=\"lazy\" decoding=\"async\" width=\"1024\" height=\"577\" src=\"https:\/\/www.imobiliare.ro\/imoexpert\/wp-content\/uploads\/2025\/02\/foto-2-Brasov-1024x577.png\" alt=\"\" class=\"wp-image-71481\" srcset=\"https:\/\/www.imobiliare.ro\/imoexpert\/wp-content\/uploads\/2025\/02\/foto-2-Brasov-1024x577.png 1024w, https:\/\/www.imobiliare.ro\/imoexpert\/wp-content\/uploads\/2025\/02\/foto-2-Brasov-300x169.png 300w, https:\/\/www.imobiliare.ro\/imoexpert\/wp-content\/uploads\/2025\/02\/foto-2-Brasov-768x433.png 768w, https:\/\/www.imobiliare.ro\/imoexpert\/wp-content\/uploads\/2025\/02\/foto-2-Brasov.png 1058w\" sizes=\"auto, (max-width: 1024px) 100vw, 1024px\" \/><\/figure>\n\n\n\n<p>Acest apartament cu o suprafa\u021b\u0103 util\u0103 de 102 metri p\u0103tra\u021bi este amplasat la etajul al doilea al unei vile.<em> <\/em>Dispune de pivni\u021b\u0103, garaj, central\u0103 termic\u0103 proprie \u0219i de sobe de teracot\u0103 func\u021bionale. <\/p>\n\n\n\n<h3 class=\"wp-block-heading\"><span class=\"ez-toc-section\" id=\"Modern_si_elegant_Apartament_pe_Strada_Republicii\"><\/span><strong>Modern \u0219i elegant: Apartament pe Strada Republicii<\/strong><span class=\"ez-toc-section-end\"><\/span><\/h3>\n\n\n\n<p>La doar c\u00e2\u021biva pa\u0219i de Pia\u021ba Sfatului, pe celebra Strad\u0103 Republicii, un alt apartament cochet \u0219i complet mobilat este disponibil cump\u0103r\u0103torilor. <\/p>\n\n\n\n<figure class=\"wp-block-image size-large\"><img loading=\"lazy\" decoding=\"async\" width=\"1024\" height=\"560\" src=\"https:\/\/www.imobiliare.ro\/imoexpert\/wp-content\/uploads\/2025\/02\/apartament-central-brasov-1024x560.jpg\" alt=\"\" class=\"wp-image-71480\" srcset=\"https:\/\/www.imobiliare.ro\/imoexpert\/wp-content\/uploads\/2025\/02\/apartament-central-brasov-1024x560.jpg 1024w, https:\/\/www.imobiliare.ro\/imoexpert\/wp-content\/uploads\/2025\/02\/apartament-central-brasov-300x164.jpg 300w, https:\/\/www.imobiliare.ro\/imoexpert\/wp-content\/uploads\/2025\/02\/apartament-central-brasov-768x420.jpg 768w, https:\/\/www.imobiliare.ro\/imoexpert\/wp-content\/uploads\/2025\/02\/apartament-central-brasov.jpg 1200w\" sizes=\"auto, (max-width: 1024px) 100vw, 1024px\" \/><\/figure>\n\n\n\n<p>Cu o suprafa\u021b\u0103 de aproape 50 mp, aceast\u0103 locuin\u021b\u0103 care se vinde cu 163.000 de euro, potrivit <a class=\"article-body-links\"href=\"https:\/\/www.imobiliare.ro\/oferta\/apartament-de-vanzare-brasov-ultracentral-mobilat-2-camere-251504965\">anun\u021bului<\/a> de pe Imobiliare.ro.<\/p>\n\n\n\n<figure class=\"wp-block-image size-large\"><img loading=\"lazy\" decoding=\"async\" width=\"1024\" height=\"572\" src=\"https:\/\/www.imobiliare.ro\/imoexpert\/wp-content\/uploads\/2025\/02\/foto-3-Brasov-1024x572.png\" alt=\"\" class=\"wp-image-71479\" srcset=\"https:\/\/www.imobiliare.ro\/imoexpert\/wp-content\/uploads\/2025\/02\/foto-3-Brasov-1024x572.png 1024w, https:\/\/www.imobiliare.ro\/imoexpert\/wp-content\/uploads\/2025\/02\/foto-3-Brasov-300x168.png 300w, https:\/\/www.imobiliare.ro\/imoexpert\/wp-content\/uploads\/2025\/02\/foto-3-Brasov-768x429.png 768w, https:\/\/www.imobiliare.ro\/imoexpert\/wp-content\/uploads\/2025\/02\/foto-3-Brasov.png 1065w\" sizes=\"auto, (max-width: 1024px) 100vw, 1024px\" \/><\/figure>\n\n\n\n<p>Datorit\u0103 pozi\u021bion\u0103rii sale centrale ce ofer\u0103 acces rapid c\u0103tre principalele atrac\u021bii turistice ale ora\u0219ului &#8211; Biserica Neagr\u0103, Strada Sforii \u0219i telecabina T\u00e2mpa &#8211; proprietatea este ideal\u0103 inclusiv pentru cei care \u00ee\u0219i doresc s\u0103 cumpere o locuin\u021b\u0103 pe care s\u0103 o \u00eenchirieze ulterior \u00een regim hotelier.\u00a0<\/p>\n\n\n\n<figure class=\"wp-block-image size-large\"><img loading=\"lazy\" decoding=\"async\" width=\"1024\" height=\"580\" src=\"https:\/\/www.imobiliare.ro\/imoexpert\/wp-content\/uploads\/2025\/02\/fotomain-apartamente-Brasov-1024x580.png\" alt=\"\" class=\"wp-image-71489\" srcset=\"https:\/\/www.imobiliare.ro\/imoexpert\/wp-content\/uploads\/2025\/02\/fotomain-apartamente-Brasov-1024x580.png 1024w, https:\/\/www.imobiliare.ro\/imoexpert\/wp-content\/uploads\/2025\/02\/fotomain-apartamente-Brasov-300x170.png 300w, https:\/\/www.imobiliare.ro\/imoexpert\/wp-content\/uploads\/2025\/02\/fotomain-apartamente-Brasov-768x435.png 768w, https:\/\/www.imobiliare.ro\/imoexpert\/wp-content\/uploads\/2025\/02\/fotomain-apartamente-Brasov.png 1061w\" sizes=\"auto, (max-width: 1024px) 100vw, 1024px\" \/><\/figure>\n\n\n\n<p class=\"has-medium-font-size\"><strong>Oportunit\u0103\u021bi de investi\u021bii \u00een Bra\u0219ov<\/strong><\/p>\n\n\n\n<p>Bra\u0219ovul reprezint\u0103 o destina\u021bie de top pentru cei care vor s\u0103 fac\u0103 investi\u021bii imobiliare, datorit\u0103 popularit\u0103\u021bii cresc\u00e2nde pe care o are ora\u0219ul at\u00e2t \u00een r\u00e2ndul turi\u0219tilor rom\u00e2ni, c\u00e2t \u0219i str\u0103ini.<\/p>\n\n\n\n<p>Conform lui Alexandru Muntean, managing partner \u00een cadrul agen\u021biei imobiliare iAdvise, \u00eenchirierea \u00een regim hotelier este una dintre cele mai profitabile op\u021biuni pentru micii investitori.<\/p>\n\n\n\n<iframe loading=\"lazy\" style=\"height: 396px!important;\" src=\"https:\/\/www.youtube.com\/embed\/aYuXjYyqu-c?si=iSyDQjoshArg7Q3_?si=uYT3dra4BG_UB4Xb&amp;start=325\" title=\"YouTube video player\" frameborder=\"0\" allow=\"accelerometer; autoplay; clipboard-write; encrypted-media; gyroscope; picture-in-picture; web-share\" allowfullscreen=\"\" width=\"792\" height=\"396\" frameborder=\"0\"><\/iframe>\n\n\n\n<p>De\u0219i pe pia\u021b\u0103 au ap\u0103rut mari lan\u021buri hoteliere precum Radisson \u0219i Hilton, apartamentele \u00eenchiriate \u00een regim hotelier continu\u0103 s\u0103 fie o alegere preferat\u0103, mai ales pentru familiile cu copii.&nbsp;<\/p>\n\n\n\n<p>Bra\u0219ovul se num\u0103r\u0103 printre cele mai scumpe ora\u0219e din Rom\u00e2nia \u00een ceea ce prive\u0219te pre\u021burile locuin\u021belor, situ\u00e2ndu-se imediat dup\u0103 Cluj-Napoca \u0219i Bucure\u0219ti. At\u00e2t cump\u0103r\u0103torii, c\u00e2t \u0219i chiria\u0219ii resimt aceste costuri ridicate.\u00a0<\/p>\n\n\n\n<figure class=\"wp-block-image size-large\"><img loading=\"lazy\" decoding=\"async\" width=\"1024\" height=\"642\" src=\"https:\/\/www.imobiliare.ro\/imoexpert\/wp-content\/uploads\/2025\/02\/evolutie-preturi-apartamente-in-brasov-1024x642.png\" alt=\"\" class=\"wp-image-71486\" srcset=\"https:\/\/www.imobiliare.ro\/imoexpert\/wp-content\/uploads\/2025\/02\/evolutie-preturi-apartamente-in-brasov-1024x642.png 1024w, https:\/\/www.imobiliare.ro\/imoexpert\/wp-content\/uploads\/2025\/02\/evolutie-preturi-apartamente-in-brasov-300x188.png 300w, https:\/\/www.imobiliare.ro\/imoexpert\/wp-content\/uploads\/2025\/02\/evolutie-preturi-apartamente-in-brasov-384x242.png 384w, https:\/\/www.imobiliare.ro\/imoexpert\/wp-content\/uploads\/2025\/02\/evolutie-preturi-apartamente-in-brasov-768x481.png 768w, https:\/\/www.imobiliare.ro\/imoexpert\/wp-content\/uploads\/2025\/02\/evolutie-preturi-apartamente-in-brasov.png 1122w\" sizes=\"auto, (max-width: 1024px) 100vw, 1024px\" \/><\/figure>\n\n\n\n<p>Conform<a class=\"article-body-links\"href=\"https:\/\/www.imobiliare.ro\/indicele-imobiliare-ro\/brasov\"> Indicelui <\/a>Imobiliare.ro, \u00een decembrie 2024, pre\u021bul mediu solicitat pentru apartamentele din Bra\u0219ov a atins 2.083 \u20ac\/mp, marc\u00e2nd o cre\u0219tere de 1,5% fa\u021b\u0103 de luna precedent\u0103 \u0219i o majorare semnificativ\u0103 de 19,2% comparativ cu aceea\u0219i perioad\u0103 a anului anterior. Aceast\u0103 tendin\u021b\u0103 ascendent\u0103 se observ\u0103 at\u00e2t la apartamentele noi, care au ajuns la 2.458 \u20ac\/mp, c\u00e2t \u0219i la cele vechi.<\/p>\n\n\n\n<figure class=\"wp-block-image size-full\"><img loading=\"lazy\" decoding=\"async\" width=\"906\" height=\"738\" src=\"https:\/\/www.imobiliare.ro\/imoexpert\/wp-content\/uploads\/2025\/02\/evolutie-preturi-apartamente-noi-si-vechi-in-brasov.png\" alt=\"\" class=\"wp-image-71484\" srcset=\"https:\/\/www.imobiliare.ro\/imoexpert\/wp-content\/uploads\/2025\/02\/evolutie-preturi-apartamente-noi-si-vechi-in-brasov.png 906w, https:\/\/www.imobiliare.ro\/imoexpert\/wp-content\/uploads\/2025\/02\/evolutie-preturi-apartamente-noi-si-vechi-in-brasov-300x244.png 300w, https:\/\/www.imobiliare.ro\/imoexpert\/wp-content\/uploads\/2025\/02\/evolutie-preturi-apartamente-noi-si-vechi-in-brasov-768x626.png 768w\" sizes=\"auto, (max-width: 906px) 100vw, 906px\" \/><\/figure>\n\n\n\n<p>C\u00e2t prive\u0219te chiria, un apartament cu 2 camere \u00een Bra\u0219ov proprietarii pot solicita, \u00een medie, 500 euro\/lun\u0103. Spre compara\u021bie, \u00een Bucure\u0219ti \u0219i Cluj-Napoca, chiria pentru o locuin\u021b\u0103 similar\u0103 este de 550 euro\/lun\u0103.&nbsp;<\/p>\n","protected":false},"excerpt":{"rendered":"<p>Bra\u0219ovul este unul dintre cele mai frumoase ora\u0219e din Rom\u00e2nia, iar posibilitatea de a cump\u0103ra o proprietate \u00een inima sa istoric\u0103 apare rar. Recent au fost scoase \u00eens\u0103 la v\u00e2nzare pe Imobiliare.ro dou\u0103 apartamente unice. Indiferent dac\u0103 sunte\u021bi \u00een c\u0103utarea unei case de vacan\u021b\u0103, a unui loc pe care s\u0103-l numi\u021bi acas\u0103 sau a unei [&hellip;]<\/p>\n","protected":false},"author":5891,"featured_media":71488,"comment_status":"open","ping_status":"open","sticky":true,"template":"","format":"standard","meta":{"footnotes":""},"categories":[259,2455],"tags":[1864,299,1441],"content_author":[],"class_list":["post-71478","post","type-post","status-publish","format-standard","has-post-thumbnail","hentry","category-stiri","category-video","tag-apartamente-brasov","tag-indicele-imobiliare-ro","tag-investitii-imobiliare"],"yoast_head":"<!-- This site is optimized with the Yoast SEO Premium plugin v27.0 (Yoast SEO v27.0) - https:\/\/yoast.com\/product\/yoast-seo-premium-wordpress\/ -->\n<title>De ce este indicat\u0103 o investi\u021bie imobiliar\u0103 \u00een Bra\u0219ov? Descoper\u0103 pre\u021bul acestui apartament cu o priveli\u0219te de milioane - FOTO - \u0218tiri, Video - ImoExpert<\/title>\n<meta name=\"description\" content=\"Bra\u0219ovul este unul dintre cele mai frumoase ora\u0219e din Rom\u00e2nia, iar posibilitatea de a cump\u0103ra o proprietate \u00een inima sa istoric\u0103 apare rar. Recent au fost\" \/>\n<meta name=\"robots\" content=\"index, follow\" \/>\n<link rel=\"canonical\" href=\"https:\/\/www.imobiliare.ro\/imoexpert\/de-ce-este-indicata-o-investitie-imobiliara-in-brasov-descopera-pretul-acestui-apartament-cu-o-priveliste-de-milioane-foto_db\/\" \/>\n<meta property=\"og:locale\" content=\"ro_RO\" \/>\n<meta property=\"og:type\" content=\"article\" \/>\n<meta property=\"og:title\" content=\"De ce este indicat\u0103 o investi\u021bie imobiliar\u0103 \u00een Bra\u0219ov? Descoper\u0103 pre\u021bul acestui apartament cu o priveli\u0219te de milioane - FOTO\" \/>\n<meta property=\"og:description\" content=\"Bra\u0219ovul este unul dintre cele mai frumoase ora\u0219e din Rom\u00e2nia, iar posibilitatea de a cump\u0103ra o proprietate \u00een inima sa istoric\u0103 apare rar. Recent au fost\" \/>\n<meta property=\"og:url\" content=\"https:\/\/www.imobiliare.ro\/imoexpert\/de-ce-este-indicata-o-investitie-imobiliara-in-brasov-descopera-pretul-acestui-apartament-cu-o-priveliste-de-milioane-foto_db\/\" \/>\n<meta property=\"og:site_name\" content=\"ImoExpert\" \/>\n<meta property=\"article:published_time\" content=\"2025-02-03T12:08:20+00:00\" \/>\n<meta property=\"og:image\" content=\"https:\/\/www.imobiliare.ro\/imoexpert\/wp-content\/uploads\/2025\/02\/apartamente-investitii-brasov.jpg\" \/>\n\t<meta property=\"og:image:width\" content=\"900\" \/>\n\t<meta property=\"og:image:height\" content=\"506\" \/>\n\t<meta property=\"og:image:type\" content=\"image\/jpeg\" \/>\n<meta name=\"author\" content=\"Corina V\u00e2rlan\" \/>\n<meta name=\"twitter:card\" content=\"summary_large_image\" \/>\n<meta name=\"twitter:label1\" content=\"Written by\" \/>\n\t<meta name=\"twitter:data1\" content=\"Corina V\u00e2rlan\" \/>\n\t<meta name=\"twitter:label2\" content=\"Est. reading time\" \/>\n\t<meta name=\"twitter:data2\" content=\"4 minute\" \/>\n<script type=\"application\/ld+json\" class=\"yoast-schema-graph\">{\"@context\":\"https:\/\/schema.org\",\"@graph\":[{\"@type\":\"Article\",\"@id\":\"https:\/\/www.imobiliare.ro\/imoexpert\/de-ce-este-indicata-o-investitie-imobiliara-in-brasov-descopera-pretul-acestui-apartament-cu-o-priveliste-de-milioane-foto_db\/#article\",\"isPartOf\":{\"@id\":\"https:\/\/www.imobiliare.ro\/imoexpert\/de-ce-este-indicata-o-investitie-imobiliara-in-brasov-descopera-pretul-acestui-apartament-cu-o-priveliste-de-milioane-foto_db\/\"},\"author\":{\"name\":\"Corina V\u00e2rlan\",\"@id\":\"https:\/\/www.imobiliare.ro\/imoexpert\/#\/schema\/person\/9ffdfbf24b82f39fc75a2fc6c19e4e99\"},\"headline\":\"De ce este indicat\u0103 o investi\u021bie imobiliar\u0103 \u00een Bra\u0219ov? Descoper\u0103 pre\u021bul acestui apartament cu o priveli\u0219te de milioane &#8211; FOTO\",\"datePublished\":\"2025-02-03T12:08:20+00:00\",\"mainEntityOfPage\":{\"@id\":\"https:\/\/www.imobiliare.ro\/imoexpert\/de-ce-este-indicata-o-investitie-imobiliara-in-brasov-descopera-pretul-acestui-apartament-cu-o-priveliste-de-milioane-foto_db\/\"},\"wordCount\":618,\"commentCount\":0,\"publisher\":{\"@id\":\"https:\/\/www.imobiliare.ro\/imoexpert\/#organization\"},\"image\":{\"@id\":\"https:\/\/www.imobiliare.ro\/imoexpert\/de-ce-este-indicata-o-investitie-imobiliara-in-brasov-descopera-pretul-acestui-apartament-cu-o-priveliste-de-milioane-foto_db\/#primaryimage\"},\"thumbnailUrl\":\"https:\/\/www.imobiliare.ro\/imoexpert\/wp-content\/uploads\/2025\/02\/apartamente-investitii-brasov.jpg\",\"keywords\":[\"apartamente Brasov\",\"indicele imobiliare.ro\",\"Investitii imobiliare\"],\"articleSection\":[\"\u0218tiri\",\"Video\"],\"inLanguage\":\"en\",\"potentialAction\":[{\"@type\":\"CommentAction\",\"name\":\"Comment\",\"target\":[\"https:\/\/www.imobiliare.ro\/imoexpert\/de-ce-este-indicata-o-investitie-imobiliara-in-brasov-descopera-pretul-acestui-apartament-cu-o-priveliste-de-milioane-foto_db\/#respond\"]}],\"copyrightYear\":\"2025\",\"copyrightHolder\":{\"@id\":\"https:\/\/www.imobiliare.ro\/imoexpert\/#organization\"}},{\"@type\":\"WebPage\",\"@id\":\"https:\/\/www.imobiliare.ro\/imoexpert\/de-ce-este-indicata-o-investitie-imobiliara-in-brasov-descopera-pretul-acestui-apartament-cu-o-priveliste-de-milioane-foto_db\/\",\"url\":\"https:\/\/www.imobiliare.ro\/imoexpert\/de-ce-este-indicata-o-investitie-imobiliara-in-brasov-descopera-pretul-acestui-apartament-cu-o-priveliste-de-milioane-foto_db\/\",\"name\":\"De ce este indicat\u0103 o investi\u021bie imobiliar\u0103 \u00een Bra\u0219ov? Descoper\u0103 pre\u021bul acestui apartament cu o priveli\u0219te de milioane - FOTO - \u0218tiri, Video - ImoExpert\",\"isPartOf\":{\"@id\":\"https:\/\/www.imobiliare.ro\/imoexpert\/#website\"},\"primaryImageOfPage\":{\"@id\":\"https:\/\/www.imobiliare.ro\/imoexpert\/de-ce-este-indicata-o-investitie-imobiliara-in-brasov-descopera-pretul-acestui-apartament-cu-o-priveliste-de-milioane-foto_db\/#primaryimage\"},\"image\":{\"@id\":\"https:\/\/www.imobiliare.ro\/imoexpert\/de-ce-este-indicata-o-investitie-imobiliara-in-brasov-descopera-pretul-acestui-apartament-cu-o-priveliste-de-milioane-foto_db\/#primaryimage\"},\"thumbnailUrl\":\"https:\/\/www.imobiliare.ro\/imoexpert\/wp-content\/uploads\/2025\/02\/apartamente-investitii-brasov.jpg\",\"datePublished\":\"2025-02-03T12:08:20+00:00\",\"description\":\"Bra\u0219ovul este unul dintre cele mai frumoase ora\u0219e din Rom\u00e2nia, iar posibilitatea de a cump\u0103ra o proprietate \u00een inima sa istoric\u0103 apare rar. Recent au fost\",\"breadcrumb\":{\"@id\":\"https:\/\/www.imobiliare.ro\/imoexpert\/de-ce-este-indicata-o-investitie-imobiliara-in-brasov-descopera-pretul-acestui-apartament-cu-o-priveliste-de-milioane-foto_db\/#breadcrumb\"},\"inLanguage\":\"en\",\"potentialAction\":[{\"@type\":\"ReadAction\",\"target\":[\"https:\/\/www.imobiliare.ro\/imoexpert\/de-ce-este-indicata-o-investitie-imobiliara-in-brasov-descopera-pretul-acestui-apartament-cu-o-priveliste-de-milioane-foto_db\/\"]}]},{\"@type\":\"ImageObject\",\"inLanguage\":\"en\",\"@id\":\"https:\/\/www.imobiliare.ro\/imoexpert\/de-ce-este-indicata-o-investitie-imobiliara-in-brasov-descopera-pretul-acestui-apartament-cu-o-priveliste-de-milioane-foto_db\/#primaryimage\",\"url\":\"https:\/\/www.imobiliare.ro\/imoexpert\/wp-content\/uploads\/2025\/02\/apartamente-investitii-brasov.jpg\",\"contentUrl\":\"https:\/\/www.imobiliare.ro\/imoexpert\/wp-content\/uploads\/2025\/02\/apartamente-investitii-brasov.jpg\",\"width\":900,\"height\":506},{\"@type\":\"BreadcrumbList\",\"@id\":\"https:\/\/www.imobiliare.ro\/imoexpert\/de-ce-este-indicata-o-investitie-imobiliara-in-brasov-descopera-pretul-acestui-apartament-cu-o-priveliste-de-milioane-foto_db\/#breadcrumb\",\"itemListElement\":[{\"@type\":\"ListItem\",\"position\":1,\"name\":\"Imoradar24\",\"item\":\"https:\/\/www.imoradar24.ro\"},{\"@type\":\"ListItem\",\"position\":2,\"name\":\"ImoExpert\",\"item\":\"https:\/\/www.imobiliare.ro\/imoexpert\/\"},{\"@type\":\"ListItem\",\"position\":3,\"name\":\"\u0218tiri\",\"item\":\"https:\/\/www.imobiliare.ro\/imoexpert\/stiri\/\"},{\"@type\":\"ListItem\",\"position\":4,\"name\":\"De ce este indicat\u0103 o investi\u021bie imobiliar\u0103 \u00een Bra\u0219ov? Descoper\u0103 pre\u021bul acestui apartament cu o priveli\u0219te de milioane &#8211; FOTO\"}]},{\"@type\":\"WebSite\",\"@id\":\"https:\/\/www.imobiliare.ro\/imoexpert\/#website\",\"url\":\"https:\/\/www.imobiliare.ro\/imoexpert\/\",\"name\":\"ImoExpert\",\"description\":\"cele mai importante \u015ftiri din domeniul imobiliar\",\"publisher\":{\"@id\":\"https:\/\/www.imobiliare.ro\/imoexpert\/#organization\"},\"inLanguage\":\"en\"},{\"@type\":\"Organization\",\"@id\":\"https:\/\/www.imobiliare.ro\/imoexpert\/#organization\",\"name\":\"Imobiliare.ro\",\"alternateName\":\"Realmedia Network SA\",\"url\":\"https:\/\/www.imobiliare.ro\/imoexpert\/\",\"logo\":{\"@type\":\"ImageObject\",\"inLanguage\":\"en\",\"@id\":\"https:\/\/www.imobiliare.ro\/imoexpert\/#\/schema\/logo\/image\/\",\"url\":\"https:\/\/www.imobiliare.ro\/imoexpert\/wp-content\/uploads\/2025\/05\/imobiliare_logo.png\",\"contentUrl\":\"https:\/\/www.imobiliare.ro\/imoexpert\/wp-content\/uploads\/2025\/05\/imobiliare_logo.png\",\"width\":237,\"height\":29,\"caption\":\"Imobiliare.ro\"},\"image\":{\"@id\":\"https:\/\/www.imobiliare.ro\/imoexpert\/#\/schema\/logo\/image\/\"}},{\"@type\":\"Person\",\"@id\":\"https:\/\/www.imobiliare.ro\/imoexpert\/#\/schema\/person\/9ffdfbf24b82f39fc75a2fc6c19e4e99\",\"name\":\"Corina V\u00e2rlan\",\"image\":{\"@type\":\"ImageObject\",\"inLanguage\":\"en\",\"@id\":\"https:\/\/www.imobiliare.ro\/imoexpert\/#\/schema\/person\/image\/\",\"url\":\"https:\/\/www.imobiliare.ro\/imoexpert\/wp-content\/uploads\/2026\/02\/12-02-2025-5-rezumat-brasov-thumb-reels-1-1-96x96.png\",\"contentUrl\":\"https:\/\/www.imobiliare.ro\/imoexpert\/wp-content\/uploads\/2026\/02\/12-02-2025-5-rezumat-brasov-thumb-reels-1-1-96x96.png\",\"caption\":\"Corina V\u00e2rlan\"},\"description\":\"Cu o experien\u021b\u0103 de 14 ani \u00een presa online, comunicare \u0219i content marketing, Corina V\u00e2rlan s-a al\u0103turat echipei Imobiliare.ro \u00een urm\u0103 cu 8 ani \u0219i ocup\u0103, \u00een prezent, func\u021bia de Content Manager. Ea este gazda emisiunii \\\"\u00centreab\u0103 expertul\\\" \u0219i a seriei 5 \u0218tiri Imobiliare.ro, realizate \u00een parteneriat cu Libertatea. Corina \u00ee\u0219i concentreaz\u0103 activitatea pe analiza datelor de pia\u021b\u0103 \u0219i pe subiecte de interes at\u00e2t pentru cei afla\u021bi \u00een c\u0103utarea unei locuin\u021be, c\u00e2t \u0219i pentru proprietari sau chiria\u0219i.\",\"alternateName\":\"Corina\",\"jobTitle\":\"Content Manager\",\"url\":\"https:\/\/www.imobiliare.ro\/imoexpert\/author\/corina-varlan\/\"}]}<\/script>\n<!-- \/ Yoast SEO Premium plugin. -->","yoast_head_json":{"title":"De ce este indicat\u0103 o investi\u021bie imobiliar\u0103 \u00een Bra\u0219ov? Descoper\u0103 pre\u021bul acestui apartament cu o priveli\u0219te de milioane - FOTO - \u0218tiri, Video - ImoExpert","description":"Bra\u0219ovul este unul dintre cele mai frumoase ora\u0219e din Rom\u00e2nia, iar posibilitatea de a cump\u0103ra o proprietate \u00een inima sa istoric\u0103 apare rar. Recent au fost","robots":{"index":"index","follow":"follow"},"canonical":"https:\/\/www.imobiliare.ro\/imoexpert\/de-ce-este-indicata-o-investitie-imobiliara-in-brasov-descopera-pretul-acestui-apartament-cu-o-priveliste-de-milioane-foto_db\/","og_locale":"ro_RO","og_type":"article","og_title":"De ce este indicat\u0103 o investi\u021bie imobiliar\u0103 \u00een Bra\u0219ov? Descoper\u0103 pre\u021bul acestui apartament cu o priveli\u0219te de milioane - FOTO","og_description":"Bra\u0219ovul este unul dintre cele mai frumoase ora\u0219e din Rom\u00e2nia, iar posibilitatea de a cump\u0103ra o proprietate \u00een inima sa istoric\u0103 apare rar. Recent au fost","og_url":"https:\/\/www.imobiliare.ro\/imoexpert\/de-ce-este-indicata-o-investitie-imobiliara-in-brasov-descopera-pretul-acestui-apartament-cu-o-priveliste-de-milioane-foto_db\/","og_site_name":"ImoExpert","article_published_time":"2025-02-03T12:08:20+00:00","og_image":[{"width":900,"height":506,"url":"https:\/\/www.imobiliare.ro\/imoexpert\/wp-content\/uploads\/2025\/02\/apartamente-investitii-brasov.jpg","type":"image\/jpeg"}],"author":"Corina V\u00e2rlan","twitter_card":"summary_large_image","twitter_misc":{"Written by":"Corina V\u00e2rlan","Est. reading time":"4 minute"},"schema":{"@context":"https:\/\/schema.org","@graph":[{"@type":"Article","@id":"https:\/\/www.imobiliare.ro\/imoexpert\/de-ce-este-indicata-o-investitie-imobiliara-in-brasov-descopera-pretul-acestui-apartament-cu-o-priveliste-de-milioane-foto_db\/#article","isPartOf":{"@id":"https:\/\/www.imobiliare.ro\/imoexpert\/de-ce-este-indicata-o-investitie-imobiliara-in-brasov-descopera-pretul-acestui-apartament-cu-o-priveliste-de-milioane-foto_db\/"},"author":{"name":"Corina V\u00e2rlan","@id":"https:\/\/www.imobiliare.ro\/imoexpert\/#\/schema\/person\/9ffdfbf24b82f39fc75a2fc6c19e4e99"},"headline":"De ce este indicat\u0103 o investi\u021bie imobiliar\u0103 \u00een Bra\u0219ov? Descoper\u0103 pre\u021bul acestui apartament cu o priveli\u0219te de milioane &#8211; FOTO","datePublished":"2025-02-03T12:08:20+00:00","mainEntityOfPage":{"@id":"https:\/\/www.imobiliare.ro\/imoexpert\/de-ce-este-indicata-o-investitie-imobiliara-in-brasov-descopera-pretul-acestui-apartament-cu-o-priveliste-de-milioane-foto_db\/"},"wordCount":618,"commentCount":0,"publisher":{"@id":"https:\/\/www.imobiliare.ro\/imoexpert\/#organization"},"image":{"@id":"https:\/\/www.imobiliare.ro\/imoexpert\/de-ce-este-indicata-o-investitie-imobiliara-in-brasov-descopera-pretul-acestui-apartament-cu-o-priveliste-de-milioane-foto_db\/#primaryimage"},"thumbnailUrl":"https:\/\/www.imobiliare.ro\/imoexpert\/wp-content\/uploads\/2025\/02\/apartamente-investitii-brasov.jpg","keywords":["apartamente Brasov","indicele imobiliare.ro","Investitii imobiliare"],"articleSection":["\u0218tiri","Video"],"inLanguage":"en","potentialAction":[{"@type":"CommentAction","name":"Comment","target":["https:\/\/www.imobiliare.ro\/imoexpert\/de-ce-este-indicata-o-investitie-imobiliara-in-brasov-descopera-pretul-acestui-apartament-cu-o-priveliste-de-milioane-foto_db\/#respond"]}],"copyrightYear":"2025","copyrightHolder":{"@id":"https:\/\/www.imobiliare.ro\/imoexpert\/#organization"}},{"@type":"WebPage","@id":"https:\/\/www.imobiliare.ro\/imoexpert\/de-ce-este-indicata-o-investitie-imobiliara-in-brasov-descopera-pretul-acestui-apartament-cu-o-priveliste-de-milioane-foto_db\/","url":"https:\/\/www.imobiliare.ro\/imoexpert\/de-ce-este-indicata-o-investitie-imobiliara-in-brasov-descopera-pretul-acestui-apartament-cu-o-priveliste-de-milioane-foto_db\/","name":"De ce este indicat\u0103 o investi\u021bie imobiliar\u0103 \u00een Bra\u0219ov? Descoper\u0103 pre\u021bul acestui apartament cu o priveli\u0219te de milioane - FOTO - \u0218tiri, Video - ImoExpert","isPartOf":{"@id":"https:\/\/www.imobiliare.ro\/imoexpert\/#website"},"primaryImageOfPage":{"@id":"https:\/\/www.imobiliare.ro\/imoexpert\/de-ce-este-indicata-o-investitie-imobiliara-in-brasov-descopera-pretul-acestui-apartament-cu-o-priveliste-de-milioane-foto_db\/#primaryimage"},"image":{"@id":"https:\/\/www.imobiliare.ro\/imoexpert\/de-ce-este-indicata-o-investitie-imobiliara-in-brasov-descopera-pretul-acestui-apartament-cu-o-priveliste-de-milioane-foto_db\/#primaryimage"},"thumbnailUrl":"https:\/\/www.imobiliare.ro\/imoexpert\/wp-content\/uploads\/2025\/02\/apartamente-investitii-brasov.jpg","datePublished":"2025-02-03T12:08:20+00:00","description":"Bra\u0219ovul este unul dintre cele mai frumoase ora\u0219e din Rom\u00e2nia, iar posibilitatea de a cump\u0103ra o proprietate \u00een inima sa istoric\u0103 apare rar. Recent au fost","breadcrumb":{"@id":"https:\/\/www.imobiliare.ro\/imoexpert\/de-ce-este-indicata-o-investitie-imobiliara-in-brasov-descopera-pretul-acestui-apartament-cu-o-priveliste-de-milioane-foto_db\/#breadcrumb"},"inLanguage":"en","potentialAction":[{"@type":"ReadAction","target":["https:\/\/www.imobiliare.ro\/imoexpert\/de-ce-este-indicata-o-investitie-imobiliara-in-brasov-descopera-pretul-acestui-apartament-cu-o-priveliste-de-milioane-foto_db\/"]}]},{"@type":"ImageObject","inLanguage":"en","@id":"https:\/\/www.imobiliare.ro\/imoexpert\/de-ce-este-indicata-o-investitie-imobiliara-in-brasov-descopera-pretul-acestui-apartament-cu-o-priveliste-de-milioane-foto_db\/#primaryimage","url":"https:\/\/www.imobiliare.ro\/imoexpert\/wp-content\/uploads\/2025\/02\/apartamente-investitii-brasov.jpg","contentUrl":"https:\/\/www.imobiliare.ro\/imoexpert\/wp-content\/uploads\/2025\/02\/apartamente-investitii-brasov.jpg","width":900,"height":506},{"@type":"BreadcrumbList","@id":"https:\/\/www.imobiliare.ro\/imoexpert\/de-ce-este-indicata-o-investitie-imobiliara-in-brasov-descopera-pretul-acestui-apartament-cu-o-priveliste-de-milioane-foto_db\/#breadcrumb","itemListElement":[{"@type":"ListItem","position":1,"name":"Imoradar24","item":"https:\/\/www.imoradar24.ro"},{"@type":"ListItem","position":2,"name":"ImoExpert","item":"https:\/\/www.imobiliare.ro\/imoexpert\/"},{"@type":"ListItem","position":3,"name":"\u0218tiri","item":"https:\/\/www.imobiliare.ro\/imoexpert\/stiri\/"},{"@type":"ListItem","position":4,"name":"De ce este indicat\u0103 o investi\u021bie imobiliar\u0103 \u00een Bra\u0219ov? Descoper\u0103 pre\u021bul acestui apartament cu o priveli\u0219te de milioane &#8211; FOTO"}]},{"@type":"WebSite","@id":"https:\/\/www.imobiliare.ro\/imoexpert\/#website","url":"https:\/\/www.imobiliare.ro\/imoexpert\/","name":"ImoExpert","description":"cele mai importante \u015ftiri din domeniul imobiliar","publisher":{"@id":"https:\/\/www.imobiliare.ro\/imoexpert\/#organization"},"inLanguage":"en"},{"@type":"Organization","@id":"https:\/\/www.imobiliare.ro\/imoexpert\/#organization","name":"Imobiliare.ro","alternateName":"Realmedia Network SA","url":"https:\/\/www.imobiliare.ro\/imoexpert\/","logo":{"@type":"ImageObject","inLanguage":"en","@id":"https:\/\/www.imobiliare.ro\/imoexpert\/#\/schema\/logo\/image\/","url":"https:\/\/www.imobiliare.ro\/imoexpert\/wp-content\/uploads\/2025\/05\/imobiliare_logo.png","contentUrl":"https:\/\/www.imobiliare.ro\/imoexpert\/wp-content\/uploads\/2025\/05\/imobiliare_logo.png","width":237,"height":29,"caption":"Imobiliare.ro"},"image":{"@id":"https:\/\/www.imobiliare.ro\/imoexpert\/#\/schema\/logo\/image\/"}},{"@type":"Person","@id":"https:\/\/www.imobiliare.ro\/imoexpert\/#\/schema\/person\/9ffdfbf24b82f39fc75a2fc6c19e4e99","name":"Corina V\u00e2rlan","image":{"@type":"ImageObject","inLanguage":"en","@id":"https:\/\/www.imobiliare.ro\/imoexpert\/#\/schema\/person\/image\/","url":"https:\/\/www.imobiliare.ro\/imoexpert\/wp-content\/uploads\/2026\/02\/12-02-2025-5-rezumat-brasov-thumb-reels-1-1-96x96.png","contentUrl":"https:\/\/www.imobiliare.ro\/imoexpert\/wp-content\/uploads\/2026\/02\/12-02-2025-5-rezumat-brasov-thumb-reels-1-1-96x96.png","caption":"Corina V\u00e2rlan"},"description":"Cu o experien\u021b\u0103 de 14 ani \u00een presa online, comunicare \u0219i content marketing, Corina V\u00e2rlan s-a al\u0103turat echipei Imobiliare.ro \u00een urm\u0103 cu 8 ani \u0219i ocup\u0103, \u00een prezent, func\u021bia de Content Manager. Ea este gazda emisiunii \"\u00centreab\u0103 expertul\" \u0219i a seriei 5 \u0218tiri Imobiliare.ro, realizate \u00een parteneriat cu Libertatea. Corina \u00ee\u0219i concentreaz\u0103 activitatea pe analiza datelor de pia\u021b\u0103 \u0219i pe subiecte de interes at\u00e2t pentru cei afla\u021bi \u00een c\u0103utarea unei locuin\u021be, c\u00e2t \u0219i pentru proprietari sau chiria\u0219i.","alternateName":"Corina","jobTitle":"Content Manager","url":"https:\/\/www.imobiliare.ro\/imoexpert\/author\/corina-varlan\/"}]}},"_links":{"self":[{"href":"https:\/\/www.imobiliare.ro\/imoexpert\/wp-json\/wp\/v2\/posts\/71478","targetHints":{"allow":["GET"]}}],"collection":[{"href":"https:\/\/www.imobiliare.ro\/imoexpert\/wp-json\/wp\/v2\/posts"}],"about":[{"href":"https:\/\/www.imobiliare.ro\/imoexpert\/wp-json\/wp\/v2\/types\/post"}],"author":[{"embeddable":true,"href":"https:\/\/www.imobiliare.ro\/imoexpert\/wp-json\/wp\/v2\/users\/5891"}],"replies":[{"embeddable":true,"href":"https:\/\/www.imobiliare.ro\/imoexpert\/wp-json\/wp\/v2\/comments?post=71478"}],"version-history":[{"count":0,"href":"https:\/\/www.imobiliare.ro\/imoexpert\/wp-json\/wp\/v2\/posts\/71478\/revisions"}],"wp:featuredmedia":[{"embeddable":true,"href":"https:\/\/www.imobiliare.ro\/imoexpert\/wp-json\/wp\/v2\/media\/71488"}],"wp:attachment":[{"href":"https:\/\/www.imobiliare.ro\/imoexpert\/wp-json\/wp\/v2\/media?parent=71478"}],"wp:term":[{"taxonomy":"category","embeddable":true,"href":"https:\/\/www.imobiliare.ro\/imoexpert\/wp-json\/wp\/v2\/categories?post=71478"},{"taxonomy":"post_tag","embeddable":true,"href":"https:\/\/www.imobiliare.ro\/imoexpert\/wp-json\/wp\/v2\/tags?post=71478"},{"taxonomy":"content_author","embeddable":true,"href":"https:\/\/www.imobiliare.ro\/imoexpert\/wp-json\/wp\/v2\/content_author?post=71478"}],"curies":[{"name":"wp","href":"https:\/\/api.w.org\/{rel}","templated":true}]}}