{"id":72651,"date":"2025-05-09T13:33:05","date_gmt":"2025-05-09T10:33:05","guid":{"rendered":"https:\/\/www.imobiliare.ro\/imoexpert\/?p=72651"},"modified":"2025-05-09T13:33:05","modified_gmt":"2025-05-09T10:33:05","slug":"aproape-de-metrou-dar-inca-dependenti-de-masina-e-parte-din-identitatea-lor-de-oras-video","status":"publish","type":"post","link":"https:\/\/www.imobiliare.ro\/imoexpert\/aproape-de-metrou-dar-inca-dependenti-de-masina-e-parte-din-identitatea-lor-de-oras-video_db\/","title":{"rendered":"Aproape de metrou, dar \u00eenc\u0103 dependen\u021bi de ma\u0219in\u0103. &#8222;E parte din identitatea lor de ora\u0219\u201d &#8211; VIDEO"},"content":{"rendered":"\n<figure class=\"wp-block-image size-full\"><img loading=\"lazy\" decoding=\"async\" width=\"960\" height=\"588\" src=\"https:\/\/www.imobiliare.ro\/imoexpert\/wp-content\/uploads\/2025\/05\/SECTOR-4.jpg\" alt=\"\" class=\"wp-image-72653\" srcset=\"https:\/\/www.imobiliare.ro\/imoexpert\/wp-content\/uploads\/2025\/05\/SECTOR-4.jpg 960w, https:\/\/www.imobiliare.ro\/imoexpert\/wp-content\/uploads\/2025\/05\/SECTOR-4-300x184.jpg 300w, https:\/\/www.imobiliare.ro\/imoexpert\/wp-content\/uploads\/2025\/05\/SECTOR-4-768x470.jpg 768w\" sizes=\"auto, (max-width: 960px) 100vw, 960px\" \/><figcaption class=\"wp-element-caption\"><em>Surs\u0103 foto: Prim\u0103ria Sectorului 4<\/em><\/figcaption><\/figure>\n\n\n\n<p><strong>Sectorul 4 din Capital\u0103 devine o zon\u0103 tot mai atractiv\u0103 pentru dezvoltatorii imobiliari, iar accesul la metrou \u2013 prin sta\u021biile Dimitrie Leonida, Ap\u0103r\u0103torii Patriei \u0219i Berceni \u2013 joac\u0103 un rol esen\u021bial \u00een decizia de investi\u021bie. Totu\u0219i, \u00een ciuda mijloacelor de transport \u00een comun numeroase care traverseaz\u0103 aceast\u0103 zon\u0103, mul\u021bi cump\u0103r\u0103tori care ajung s\u0103 se mute aici nu renun\u021b\u0103 la ma\u0219ina personal\u0103.<\/strong><\/p>\n\n\n\n<figure class=\"wp-block-image size-large\"><img loading=\"lazy\" decoding=\"async\" width=\"1024\" height=\"682\" src=\"https:\/\/www.imobiliare.ro\/imoexpert\/wp-content\/uploads\/2025\/05\/ti-128-1024x682.jpg\" alt=\"\" class=\"wp-image-72657\" srcset=\"https:\/\/www.imobiliare.ro\/imoexpert\/wp-content\/uploads\/2025\/05\/ti-128-1024x682.jpg 1024w, https:\/\/www.imobiliare.ro\/imoexpert\/wp-content\/uploads\/2025\/05\/ti-128-300x200.jpg 300w, https:\/\/www.imobiliare.ro\/imoexpert\/wp-content\/uploads\/2025\/05\/ti-128-768x512.jpg 768w, https:\/\/www.imobiliare.ro\/imoexpert\/wp-content\/uploads\/2025\/05\/ti-128-1536x1024.jpg 1536w, https:\/\/www.imobiliare.ro\/imoexpert\/wp-content\/uploads\/2025\/05\/ti-128.jpg 2000w\" sizes=\"auto, (max-width: 1024px) 100vw, 1024px\" \/><\/figure>\n\n\n\n<p>\u201eInfrastructura din sudul ora\u0219ului este, \u00een opinia mea, una dintre cele mai dezvoltate din Bucure\u0219ti. Magistrala 2 este tot mai utilizat\u0103, iar proiectele noastre sunt amplasate strategic \u00een proximitatea metroului. Clien\u021bii apreciaz\u0103 enorm acest avantaj\u201d, a declarat Adrian Rus, Director of Sales &amp; Marketing la Amesa Residence, \u00een cadrul Forumului Imobiliare.ro, conferin\u021ba care a dat startul celui mai mare eveniment de real estate din Rom\u00e2nia, organizat al\u0103turi de Imobiliare.ro.<\/p>\n\n\n\n<iframe loading=\"lazy\" style=\"height: 396px!important;\" src=\"https:\/\/www.youtube.com\/embed\/bfzEnbwOHhQ?si=MM8T_ZnpY0sd0hM5\" title=\" title=\"YouTube video player\" frameborder=\"0\" allow=\"accelerometer; autoplay; clipboard-write; encrypted-media; gyroscope; picture-in-picture; web-share\" allowfullscreen=\"\" width=\"792\" height=\"396\" frameborder=\"0\"><\/iframe>\n\n\n\n<p><strong><a class=\"article-body-links\"href=\"https:\/\/www.imobiliare.ro\/imoexpert\/metroul-un-tichet-castigator-pentru-imobiliarele-bucurestene-cat-platesti-in-plus-pentru-o-locuinta-aflata-in-proximitatea-unei-statii-si-care-sunt-noii-poli-de-oportunitate-din-capitala-si-din-impr_db\/\" target=\"_blank\" rel=\"noreferrer noopener\">Cite\u0219te \u0219i: Metroul, un tichet c\u00e2\u0219tig\u0103tor pentru imobiliarele bucure\u0219tene. C\u00e2t pl\u0103te\u0219ti \u00een plus pentru o locuin\u021b\u0103 aflat\u0103 \u00een proximitatea unei sta\u021bii \u0219i care sunt noii poli de oportunitate din Capital\u0103 \u0219i din \u00eemprejurimi \u2013 GRAFICE<\/a><\/strong><\/p>\n\n\n\n<p>Chiar \u0219i a\u0219a, spune Rus, obiceiurile de mobilitate urban\u0103 nu s-au schimbat fundamental \u00een ultimii ani.<br>\u201eDegeaba ai tramvai, autobuz sau chiar metrou l\u00e2ng\u0103 complex. Pentru mul\u021bi, ma\u0219ina personal\u0103 r\u0103m\u00e2ne sf\u00e2nt\u0103. E parte din identitatea lor de ora\u0219\u201d, a explicat reprezentatul ansamblului situat \u00een apropierea sta\u021biei de metrou Dimitrie Leonida. <\/p>\n\n\n\n<p>Afl\u0103 mai multe despre poten\u021bialul de investi\u021bii \u00een zona Berceni din Sectorul 4 din video.<\/p>\n\n\n\n<iframe loading=\"lazy\" style=\"height: 396px!important;\" src=\"https:\/\/www.youtube.com\/embed\/-kTyMtx7OSg?si=ibcl2QEGYVMkkSJr\" title=\" title=\"YouTube video player\" frameborder=\"0\" allow=\"accelerometer; autoplay; clipboard-write; encrypted-media; gyroscope; picture-in-picture; web-share\" allowfullscreen=\"\" width=\"792\" height=\"396\" frameborder=\"0\"><\/iframe>\n","protected":false},"excerpt":{"rendered":"<p>Sectorul 4 din Capital\u0103 devine o zon\u0103 tot mai atractiv\u0103 pentru dezvoltatorii imobiliari, iar accesul la metrou \u2013 prin sta\u021biile Dimitrie Leonida, Ap\u0103r\u0103torii Patriei \u0219i Berceni \u2013 joac\u0103 un rol esen\u021bial \u00een decizia de investi\u021bie. Totu\u0219i, \u00een ciuda mijloacelor de transport \u00een comun numeroase care traverseaz\u0103 aceast\u0103 zon\u0103, mul\u021bi cump\u0103r\u0103tori care ajung s\u0103 se mute [&hellip;]<\/p>\n","protected":false},"author":821,"featured_media":72653,"comment_status":"open","ping_status":"open","sticky":true,"template":"","format":"standard","meta":{"footnotes":""},"categories":[259,2455],"tags":[2340,2273,1551,1991],"content_author":[],"class_list":["post-72651","post","type-post","status-publish","format-standard","has-post-thumbnail","hentry","category-stiri","category-video","tag-amesa-residence","tag-berceni","tag-cumparatori","tag-metrou"],"yoast_head":"<!-- This site is optimized with the Yoast SEO Premium plugin v27.0 (Yoast SEO v27.0) - https:\/\/yoast.com\/product\/yoast-seo-premium-wordpress\/ -->\n<title>Aproape de metrou, dar \u00eenc\u0103 dependen\u021bi de ma\u0219in\u0103. &quot;E parte din identitatea lor de ora\u0219\u201d - VIDEO - \u0218tiri, Video - ImoExpert<\/title>\n<meta name=\"description\" content=\"Surs\u0103 foto: Prim\u0103ria Sectorului 4 Sectorul 4 din Capital\u0103 devine o zon\u0103 tot mai atractiv\u0103 pentru dezvoltatorii imobiliari, iar accesul la metrou \u2013 prin\" \/>\n<meta name=\"robots\" content=\"index, follow\" \/>\n<link rel=\"canonical\" href=\"https:\/\/www.imobiliare.ro\/imoexpert\/aproape-de-metrou-dar-inca-dependenti-de-masina-e-parte-din-identitatea-lor-de-oras-video_db\/\" \/>\n<meta property=\"og:locale\" content=\"ro_RO\" \/>\n<meta property=\"og:type\" content=\"article\" \/>\n<meta property=\"og:title\" content=\"Aproape de metrou, dar \u00eenc\u0103 dependen\u021bi de ma\u0219in\u0103. &quot;E parte din identitatea lor de ora\u0219\u201d - VIDEO\" \/>\n<meta property=\"og:description\" content=\"Surs\u0103 foto: Prim\u0103ria Sectorului 4 Sectorul 4 din Capital\u0103 devine o zon\u0103 tot mai atractiv\u0103 pentru dezvoltatorii imobiliari, iar accesul la metrou \u2013 prin\" \/>\n<meta property=\"og:url\" content=\"https:\/\/www.imobiliare.ro\/imoexpert\/aproape-de-metrou-dar-inca-dependenti-de-masina-e-parte-din-identitatea-lor-de-oras-video_db\/\" \/>\n<meta property=\"og:site_name\" content=\"ImoExpert\" \/>\n<meta property=\"article:published_time\" content=\"2025-05-09T10:33:05+00:00\" \/>\n<meta property=\"og:image\" content=\"https:\/\/www.imobiliare.ro\/imoexpert\/wp-content\/uploads\/2025\/05\/SECTOR-4.jpg\" \/>\n\t<meta property=\"og:image:width\" content=\"960\" \/>\n\t<meta property=\"og:image:height\" content=\"588\" \/>\n\t<meta property=\"og:image:type\" content=\"image\/jpeg\" \/>\n<meta name=\"author\" content=\"Imo Expert\" \/>\n<meta name=\"twitter:card\" content=\"summary_large_image\" \/>\n<meta name=\"twitter:label1\" content=\"Written by\" \/>\n\t<meta name=\"twitter:data1\" content=\"Imo Expert\" \/>\n\t<meta name=\"twitter:label2\" content=\"Est. reading time\" \/>\n\t<meta name=\"twitter:data2\" content=\"2 minute\" \/>\n<script type=\"application\/ld+json\" class=\"yoast-schema-graph\">{\"@context\":\"https:\/\/schema.org\",\"@graph\":[{\"@type\":\"Article\",\"@id\":\"https:\/\/www.imobiliare.ro\/imoexpert\/aproape-de-metrou-dar-inca-dependenti-de-masina-e-parte-din-identitatea-lor-de-oras-video_db\/#article\",\"isPartOf\":{\"@id\":\"https:\/\/www.imobiliare.ro\/imoexpert\/aproape-de-metrou-dar-inca-dependenti-de-masina-e-parte-din-identitatea-lor-de-oras-video_db\/\"},\"author\":{\"name\":\"Imo Expert\",\"@id\":\"https:\/\/www.imobiliare.ro\/imoexpert\/#\/schema\/person\/24d0abafdca42af79d5ca29e19bc0062\"},\"headline\":\"Aproape de metrou, dar \u00eenc\u0103 dependen\u021bi de ma\u0219in\u0103. &#8222;E parte din identitatea lor de ora\u0219\u201d &#8211; VIDEO\",\"datePublished\":\"2025-05-09T10:33:05+00:00\",\"mainEntityOfPage\":{\"@id\":\"https:\/\/www.imobiliare.ro\/imoexpert\/aproape-de-metrou-dar-inca-dependenti-de-masina-e-parte-din-identitatea-lor-de-oras-video_db\/\"},\"wordCount\":168,\"commentCount\":0,\"publisher\":{\"@id\":\"https:\/\/www.imobiliare.ro\/imoexpert\/#organization\"},\"image\":{\"@id\":\"https:\/\/www.imobiliare.ro\/imoexpert\/aproape-de-metrou-dar-inca-dependenti-de-masina-e-parte-din-identitatea-lor-de-oras-video_db\/#primaryimage\"},\"thumbnailUrl\":\"https:\/\/www.imobiliare.ro\/imoexpert\/wp-content\/uploads\/2025\/05\/SECTOR-4.jpg\",\"keywords\":[\"amesa residence\",\"Berceni\",\"Cump\u0103r\u0103tori\",\"metrou\"],\"articleSection\":[\"\u0218tiri\",\"Video\"],\"inLanguage\":\"en\",\"potentialAction\":[{\"@type\":\"CommentAction\",\"name\":\"Comment\",\"target\":[\"https:\/\/www.imobiliare.ro\/imoexpert\/aproape-de-metrou-dar-inca-dependenti-de-masina-e-parte-din-identitatea-lor-de-oras-video_db\/#respond\"]}],\"copyrightYear\":\"2025\",\"copyrightHolder\":{\"@id\":\"https:\/\/www.imobiliare.ro\/imoexpert\/#organization\"}},{\"@type\":\"WebPage\",\"@id\":\"https:\/\/www.imobiliare.ro\/imoexpert\/aproape-de-metrou-dar-inca-dependenti-de-masina-e-parte-din-identitatea-lor-de-oras-video_db\/\",\"url\":\"https:\/\/www.imobiliare.ro\/imoexpert\/aproape-de-metrou-dar-inca-dependenti-de-masina-e-parte-din-identitatea-lor-de-oras-video_db\/\",\"name\":\"Aproape de metrou, dar \u00eenc\u0103 dependen\u021bi de ma\u0219in\u0103. \\\"E parte din identitatea lor de ora\u0219\u201d - VIDEO - \u0218tiri, Video - ImoExpert\",\"isPartOf\":{\"@id\":\"https:\/\/www.imobiliare.ro\/imoexpert\/#website\"},\"primaryImageOfPage\":{\"@id\":\"https:\/\/www.imobiliare.ro\/imoexpert\/aproape-de-metrou-dar-inca-dependenti-de-masina-e-parte-din-identitatea-lor-de-oras-video_db\/#primaryimage\"},\"image\":{\"@id\":\"https:\/\/www.imobiliare.ro\/imoexpert\/aproape-de-metrou-dar-inca-dependenti-de-masina-e-parte-din-identitatea-lor-de-oras-video_db\/#primaryimage\"},\"thumbnailUrl\":\"https:\/\/www.imobiliare.ro\/imoexpert\/wp-content\/uploads\/2025\/05\/SECTOR-4.jpg\",\"datePublished\":\"2025-05-09T10:33:05+00:00\",\"description\":\"Surs\u0103 foto: Prim\u0103ria Sectorului 4 Sectorul 4 din Capital\u0103 devine o zon\u0103 tot mai atractiv\u0103 pentru dezvoltatorii imobiliari, iar accesul la metrou \u2013 prin\",\"breadcrumb\":{\"@id\":\"https:\/\/www.imobiliare.ro\/imoexpert\/aproape-de-metrou-dar-inca-dependenti-de-masina-e-parte-din-identitatea-lor-de-oras-video_db\/#breadcrumb\"},\"inLanguage\":\"en\",\"potentialAction\":[{\"@type\":\"ReadAction\",\"target\":[\"https:\/\/www.imobiliare.ro\/imoexpert\/aproape-de-metrou-dar-inca-dependenti-de-masina-e-parte-din-identitatea-lor-de-oras-video_db\/\"]}]},{\"@type\":\"ImageObject\",\"inLanguage\":\"en\",\"@id\":\"https:\/\/www.imobiliare.ro\/imoexpert\/aproape-de-metrou-dar-inca-dependenti-de-masina-e-parte-din-identitatea-lor-de-oras-video_db\/#primaryimage\",\"url\":\"https:\/\/www.imobiliare.ro\/imoexpert\/wp-content\/uploads\/2025\/05\/SECTOR-4.jpg\",\"contentUrl\":\"https:\/\/www.imobiliare.ro\/imoexpert\/wp-content\/uploads\/2025\/05\/SECTOR-4.jpg\",\"width\":960,\"height\":588},{\"@type\":\"BreadcrumbList\",\"@id\":\"https:\/\/www.imobiliare.ro\/imoexpert\/aproape-de-metrou-dar-inca-dependenti-de-masina-e-parte-din-identitatea-lor-de-oras-video_db\/#breadcrumb\",\"itemListElement\":[{\"@type\":\"ListItem\",\"position\":1,\"name\":\"Imoradar24\",\"item\":\"https:\/\/www.imoradar24.ro\"},{\"@type\":\"ListItem\",\"position\":2,\"name\":\"ImoExpert\",\"item\":\"https:\/\/www.imobiliare.ro\/imoexpert\/\"},{\"@type\":\"ListItem\",\"position\":3,\"name\":\"\u0218tiri\",\"item\":\"https:\/\/www.imobiliare.ro\/imoexpert\/stiri\/\"},{\"@type\":\"ListItem\",\"position\":4,\"name\":\"Aproape de metrou, dar \u00eenc\u0103 dependen\u021bi de ma\u0219in\u0103. &#8222;E parte din identitatea lor de ora\u0219\u201d &#8211; VIDEO\"}]},{\"@type\":\"WebSite\",\"@id\":\"https:\/\/www.imobiliare.ro\/imoexpert\/#website\",\"url\":\"https:\/\/www.imobiliare.ro\/imoexpert\/\",\"name\":\"ImoExpert\",\"description\":\"cele mai importante \u015ftiri din domeniul imobiliar\",\"publisher\":{\"@id\":\"https:\/\/www.imobiliare.ro\/imoexpert\/#organization\"},\"inLanguage\":\"en\"},{\"@type\":\"Organization\",\"@id\":\"https:\/\/www.imobiliare.ro\/imoexpert\/#organization\",\"name\":\"Imobiliare.ro\",\"alternateName\":\"Realmedia Network SA\",\"url\":\"https:\/\/www.imobiliare.ro\/imoexpert\/\",\"logo\":{\"@type\":\"ImageObject\",\"inLanguage\":\"en\",\"@id\":\"https:\/\/www.imobiliare.ro\/imoexpert\/#\/schema\/logo\/image\/\",\"url\":\"https:\/\/www.imobiliare.ro\/imoexpert\/wp-content\/uploads\/2025\/05\/imobiliare_logo.png\",\"contentUrl\":\"https:\/\/www.imobiliare.ro\/imoexpert\/wp-content\/uploads\/2025\/05\/imobiliare_logo.png\",\"width\":237,\"height\":29,\"caption\":\"Imobiliare.ro\"},\"image\":{\"@id\":\"https:\/\/www.imobiliare.ro\/imoexpert\/#\/schema\/logo\/image\/\"}},{\"@type\":\"Person\",\"@id\":\"https:\/\/www.imobiliare.ro\/imoexpert\/#\/schema\/person\/24d0abafdca42af79d5ca29e19bc0062\",\"name\":\"Imo Expert\",\"image\":{\"@type\":\"ImageObject\",\"inLanguage\":\"en\",\"@id\":\"https:\/\/www.imobiliare.ro\/imoexpert\/#\/schema\/person\/image\/\",\"url\":\"https:\/\/www.imobiliare.ro\/imoexpert\/wp-content\/uploads\/2023\/11\/cropped-logo-96x96.jpg\",\"contentUrl\":\"https:\/\/www.imobiliare.ro\/imoexpert\/wp-content\/uploads\/2023\/11\/cropped-logo-96x96.jpg\",\"caption\":\"Imo Expert\"},\"description\":\"Imobiliare.ro\u00a0este site-ul de imobiliare din Rom\u00e2nia cu cea mai mare \u00eencredere \u00een r\u00e2ndul utilizatorilor. Imobiliare.ro promite celor care \u00ee\u0219i caut\u0103 o locuin\u021b\u0103, cump\u0103r\u0103tori \u0219i chiria\u0219i, cea mai bun\u0103 experien\u021b\u0103 de c\u0103utare \u0219i \u00eei ajut\u0103 s\u0103 ia cea mai bun\u0103 decizie pentru a g\u0103si casa ideal\u0103. Totodat\u0103, Imobiliare.ro este principalul furnizor de date \u0219i statistici imobiliare pentru presa din Rom\u00e2nia, comunic\u00e2nd cu regularitate analize, rapoarte \u0219i indici despre evolu\u021bia pie\u021bei imobiliare.\",\"sameAs\":[\"https:\/\/www.imobiliare.ro\"],\"alternateName\":\"ImoExpert\",\"jobTitle\":\"Echipa editorial\u0103\",\"url\":\"https:\/\/www.imobiliare.ro\/imoexpert\/author\/imo-expert\/\"}]}<\/script>\n<!-- \/ Yoast SEO Premium plugin. -->","yoast_head_json":{"title":"Aproape de metrou, dar \u00eenc\u0103 dependen\u021bi de ma\u0219in\u0103. \"E parte din identitatea lor de ora\u0219\u201d - VIDEO - \u0218tiri, Video - ImoExpert","description":"Surs\u0103 foto: Prim\u0103ria Sectorului 4 Sectorul 4 din Capital\u0103 devine o zon\u0103 tot mai atractiv\u0103 pentru dezvoltatorii imobiliari, iar accesul la metrou \u2013 prin","robots":{"index":"index","follow":"follow"},"canonical":"https:\/\/www.imobiliare.ro\/imoexpert\/aproape-de-metrou-dar-inca-dependenti-de-masina-e-parte-din-identitatea-lor-de-oras-video_db\/","og_locale":"ro_RO","og_type":"article","og_title":"Aproape de metrou, dar \u00eenc\u0103 dependen\u021bi de ma\u0219in\u0103. \"E parte din identitatea lor de ora\u0219\u201d - VIDEO","og_description":"Surs\u0103 foto: Prim\u0103ria Sectorului 4 Sectorul 4 din Capital\u0103 devine o zon\u0103 tot mai atractiv\u0103 pentru dezvoltatorii imobiliari, iar accesul la metrou \u2013 prin","og_url":"https:\/\/www.imobiliare.ro\/imoexpert\/aproape-de-metrou-dar-inca-dependenti-de-masina-e-parte-din-identitatea-lor-de-oras-video_db\/","og_site_name":"ImoExpert","article_published_time":"2025-05-09T10:33:05+00:00","og_image":[{"width":960,"height":588,"url":"https:\/\/www.imobiliare.ro\/imoexpert\/wp-content\/uploads\/2025\/05\/SECTOR-4.jpg","type":"image\/jpeg"}],"author":"Imo Expert","twitter_card":"summary_large_image","twitter_misc":{"Written by":"Imo Expert","Est. reading time":"2 minute"},"schema":{"@context":"https:\/\/schema.org","@graph":[{"@type":"Article","@id":"https:\/\/www.imobiliare.ro\/imoexpert\/aproape-de-metrou-dar-inca-dependenti-de-masina-e-parte-din-identitatea-lor-de-oras-video_db\/#article","isPartOf":{"@id":"https:\/\/www.imobiliare.ro\/imoexpert\/aproape-de-metrou-dar-inca-dependenti-de-masina-e-parte-din-identitatea-lor-de-oras-video_db\/"},"author":{"name":"Imo Expert","@id":"https:\/\/www.imobiliare.ro\/imoexpert\/#\/schema\/person\/24d0abafdca42af79d5ca29e19bc0062"},"headline":"Aproape de metrou, dar \u00eenc\u0103 dependen\u021bi de ma\u0219in\u0103. &#8222;E parte din identitatea lor de ora\u0219\u201d &#8211; VIDEO","datePublished":"2025-05-09T10:33:05+00:00","mainEntityOfPage":{"@id":"https:\/\/www.imobiliare.ro\/imoexpert\/aproape-de-metrou-dar-inca-dependenti-de-masina-e-parte-din-identitatea-lor-de-oras-video_db\/"},"wordCount":168,"commentCount":0,"publisher":{"@id":"https:\/\/www.imobiliare.ro\/imoexpert\/#organization"},"image":{"@id":"https:\/\/www.imobiliare.ro\/imoexpert\/aproape-de-metrou-dar-inca-dependenti-de-masina-e-parte-din-identitatea-lor-de-oras-video_db\/#primaryimage"},"thumbnailUrl":"https:\/\/www.imobiliare.ro\/imoexpert\/wp-content\/uploads\/2025\/05\/SECTOR-4.jpg","keywords":["amesa residence","Berceni","Cump\u0103r\u0103tori","metrou"],"articleSection":["\u0218tiri","Video"],"inLanguage":"en","potentialAction":[{"@type":"CommentAction","name":"Comment","target":["https:\/\/www.imobiliare.ro\/imoexpert\/aproape-de-metrou-dar-inca-dependenti-de-masina-e-parte-din-identitatea-lor-de-oras-video_db\/#respond"]}],"copyrightYear":"2025","copyrightHolder":{"@id":"https:\/\/www.imobiliare.ro\/imoexpert\/#organization"}},{"@type":"WebPage","@id":"https:\/\/www.imobiliare.ro\/imoexpert\/aproape-de-metrou-dar-inca-dependenti-de-masina-e-parte-din-identitatea-lor-de-oras-video_db\/","url":"https:\/\/www.imobiliare.ro\/imoexpert\/aproape-de-metrou-dar-inca-dependenti-de-masina-e-parte-din-identitatea-lor-de-oras-video_db\/","name":"Aproape de metrou, dar \u00eenc\u0103 dependen\u021bi de ma\u0219in\u0103. \"E parte din identitatea lor de ora\u0219\u201d - VIDEO - \u0218tiri, Video - ImoExpert","isPartOf":{"@id":"https:\/\/www.imobiliare.ro\/imoexpert\/#website"},"primaryImageOfPage":{"@id":"https:\/\/www.imobiliare.ro\/imoexpert\/aproape-de-metrou-dar-inca-dependenti-de-masina-e-parte-din-identitatea-lor-de-oras-video_db\/#primaryimage"},"image":{"@id":"https:\/\/www.imobiliare.ro\/imoexpert\/aproape-de-metrou-dar-inca-dependenti-de-masina-e-parte-din-identitatea-lor-de-oras-video_db\/#primaryimage"},"thumbnailUrl":"https:\/\/www.imobiliare.ro\/imoexpert\/wp-content\/uploads\/2025\/05\/SECTOR-4.jpg","datePublished":"2025-05-09T10:33:05+00:00","description":"Surs\u0103 foto: Prim\u0103ria Sectorului 4 Sectorul 4 din Capital\u0103 devine o zon\u0103 tot mai atractiv\u0103 pentru dezvoltatorii imobiliari, iar accesul la metrou \u2013 prin","breadcrumb":{"@id":"https:\/\/www.imobiliare.ro\/imoexpert\/aproape-de-metrou-dar-inca-dependenti-de-masina-e-parte-din-identitatea-lor-de-oras-video_db\/#breadcrumb"},"inLanguage":"en","potentialAction":[{"@type":"ReadAction","target":["https:\/\/www.imobiliare.ro\/imoexpert\/aproape-de-metrou-dar-inca-dependenti-de-masina-e-parte-din-identitatea-lor-de-oras-video_db\/"]}]},{"@type":"ImageObject","inLanguage":"en","@id":"https:\/\/www.imobiliare.ro\/imoexpert\/aproape-de-metrou-dar-inca-dependenti-de-masina-e-parte-din-identitatea-lor-de-oras-video_db\/#primaryimage","url":"https:\/\/www.imobiliare.ro\/imoexpert\/wp-content\/uploads\/2025\/05\/SECTOR-4.jpg","contentUrl":"https:\/\/www.imobiliare.ro\/imoexpert\/wp-content\/uploads\/2025\/05\/SECTOR-4.jpg","width":960,"height":588},{"@type":"BreadcrumbList","@id":"https:\/\/www.imobiliare.ro\/imoexpert\/aproape-de-metrou-dar-inca-dependenti-de-masina-e-parte-din-identitatea-lor-de-oras-video_db\/#breadcrumb","itemListElement":[{"@type":"ListItem","position":1,"name":"Imoradar24","item":"https:\/\/www.imoradar24.ro"},{"@type":"ListItem","position":2,"name":"ImoExpert","item":"https:\/\/www.imobiliare.ro\/imoexpert\/"},{"@type":"ListItem","position":3,"name":"\u0218tiri","item":"https:\/\/www.imobiliare.ro\/imoexpert\/stiri\/"},{"@type":"ListItem","position":4,"name":"Aproape de metrou, dar \u00eenc\u0103 dependen\u021bi de ma\u0219in\u0103. &#8222;E parte din identitatea lor de ora\u0219\u201d &#8211; VIDEO"}]},{"@type":"WebSite","@id":"https:\/\/www.imobiliare.ro\/imoexpert\/#website","url":"https:\/\/www.imobiliare.ro\/imoexpert\/","name":"ImoExpert","description":"cele mai importante \u015ftiri din domeniul imobiliar","publisher":{"@id":"https:\/\/www.imobiliare.ro\/imoexpert\/#organization"},"inLanguage":"en"},{"@type":"Organization","@id":"https:\/\/www.imobiliare.ro\/imoexpert\/#organization","name":"Imobiliare.ro","alternateName":"Realmedia Network SA","url":"https:\/\/www.imobiliare.ro\/imoexpert\/","logo":{"@type":"ImageObject","inLanguage":"en","@id":"https:\/\/www.imobiliare.ro\/imoexpert\/#\/schema\/logo\/image\/","url":"https:\/\/www.imobiliare.ro\/imoexpert\/wp-content\/uploads\/2025\/05\/imobiliare_logo.png","contentUrl":"https:\/\/www.imobiliare.ro\/imoexpert\/wp-content\/uploads\/2025\/05\/imobiliare_logo.png","width":237,"height":29,"caption":"Imobiliare.ro"},"image":{"@id":"https:\/\/www.imobiliare.ro\/imoexpert\/#\/schema\/logo\/image\/"}},{"@type":"Person","@id":"https:\/\/www.imobiliare.ro\/imoexpert\/#\/schema\/person\/24d0abafdca42af79d5ca29e19bc0062","name":"Imo Expert","image":{"@type":"ImageObject","inLanguage":"en","@id":"https:\/\/www.imobiliare.ro\/imoexpert\/#\/schema\/person\/image\/","url":"https:\/\/www.imobiliare.ro\/imoexpert\/wp-content\/uploads\/2023\/11\/cropped-logo-96x96.jpg","contentUrl":"https:\/\/www.imobiliare.ro\/imoexpert\/wp-content\/uploads\/2023\/11\/cropped-logo-96x96.jpg","caption":"Imo Expert"},"description":"Imobiliare.ro\u00a0este site-ul de imobiliare din Rom\u00e2nia cu cea mai mare \u00eencredere \u00een r\u00e2ndul utilizatorilor. Imobiliare.ro promite celor care \u00ee\u0219i caut\u0103 o locuin\u021b\u0103, cump\u0103r\u0103tori \u0219i chiria\u0219i, cea mai bun\u0103 experien\u021b\u0103 de c\u0103utare \u0219i \u00eei ajut\u0103 s\u0103 ia cea mai bun\u0103 decizie pentru a g\u0103si casa ideal\u0103. Totodat\u0103, Imobiliare.ro este principalul furnizor de date \u0219i statistici imobiliare pentru presa din Rom\u00e2nia, comunic\u00e2nd cu regularitate analize, rapoarte \u0219i indici despre evolu\u021bia pie\u021bei imobiliare.","sameAs":["https:\/\/www.imobiliare.ro"],"alternateName":"ImoExpert","jobTitle":"Echipa editorial\u0103","url":"https:\/\/www.imobiliare.ro\/imoexpert\/author\/imo-expert\/"}]}},"_links":{"self":[{"href":"https:\/\/www.imobiliare.ro\/imoexpert\/wp-json\/wp\/v2\/posts\/72651","targetHints":{"allow":["GET"]}}],"collection":[{"href":"https:\/\/www.imobiliare.ro\/imoexpert\/wp-json\/wp\/v2\/posts"}],"about":[{"href":"https:\/\/www.imobiliare.ro\/imoexpert\/wp-json\/wp\/v2\/types\/post"}],"author":[{"embeddable":true,"href":"https:\/\/www.imobiliare.ro\/imoexpert\/wp-json\/wp\/v2\/users\/821"}],"replies":[{"embeddable":true,"href":"https:\/\/www.imobiliare.ro\/imoexpert\/wp-json\/wp\/v2\/comments?post=72651"}],"version-history":[{"count":0,"href":"https:\/\/www.imobiliare.ro\/imoexpert\/wp-json\/wp\/v2\/posts\/72651\/revisions"}],"wp:featuredmedia":[{"embeddable":true,"href":"https:\/\/www.imobiliare.ro\/imoexpert\/wp-json\/wp\/v2\/media\/72653"}],"wp:attachment":[{"href":"https:\/\/www.imobiliare.ro\/imoexpert\/wp-json\/wp\/v2\/media?parent=72651"}],"wp:term":[{"taxonomy":"category","embeddable":true,"href":"https:\/\/www.imobiliare.ro\/imoexpert\/wp-json\/wp\/v2\/categories?post=72651"},{"taxonomy":"post_tag","embeddable":true,"href":"https:\/\/www.imobiliare.ro\/imoexpert\/wp-json\/wp\/v2\/tags?post=72651"},{"taxonomy":"content_author","embeddable":true,"href":"https:\/\/www.imobiliare.ro\/imoexpert\/wp-json\/wp\/v2\/content_author?post=72651"}],"curies":[{"name":"wp","href":"https:\/\/api.w.org\/{rel}","templated":true}]}}