{"id":72962,"date":"2025-06-19T11:57:37","date_gmt":"2025-06-19T08:57:37","guid":{"rendered":"https:\/\/www.imobiliare.ro\/imoexpert\/?p=72962"},"modified":"2025-06-19T11:57:37","modified_gmt":"2025-06-19T08:57:37","slug":"ieftin-si-totusi-scump-in-cluj-napoca-manastur-bate-record-dupa-record-dar-cele-mai-accesibile-preturi-pot-fi-gasite-in-estul-orasului","status":"publish","type":"post","link":"https:\/\/www.imobiliare.ro\/imoexpert\/ieftin-si-totusi-scump-in-cluj-napoca-manastur-bate-record-dupa-record-dar-cele-mai-accesibile-preturi-pot-fi-gasite-in-estul-orasului_db\/","title":{"rendered":"Ieftin \u0219i totu\u0219i scump \u00een Cluj-Napoca. M\u0103n\u0103\u0219tur bate record dup\u0103 record, dar cele mai accesibile pre\u021buri pot fi g\u0103site \u00een estul ora\u0219ului"},"content":{"rendered":"\n<figure class=\"wp-block-image size-large\"><img loading=\"lazy\" decoding=\"async\" width=\"1200\" height=\"675\" src=\"https:\/\/www.imobiliare.ro\/imoexpert\/wp-content\/uploads\/2025\/06\/manastur-cartier-cluj-napoca-1200x675.jpg\" alt=\"\" class=\"wp-image-72977\" srcset=\"https:\/\/www.imobiliare.ro\/imoexpert\/wp-content\/uploads\/2025\/06\/manastur-cartier-cluj-napoca-1200x675.jpg 1200w, https:\/\/www.imobiliare.ro\/imoexpert\/wp-content\/uploads\/2025\/06\/manastur-cartier-cluj-napoca-300x169.jpg 300w, https:\/\/www.imobiliare.ro\/imoexpert\/wp-content\/uploads\/2025\/06\/manastur-cartier-cluj-napoca-768x432.jpg 768w, https:\/\/www.imobiliare.ro\/imoexpert\/wp-content\/uploads\/2025\/06\/manastur-cartier-cluj-napoca-1536x864.jpg 1536w, https:\/\/www.imobiliare.ro\/imoexpert\/wp-content\/uploads\/2025\/06\/manastur-cartier-cluj-napoca.jpg 2000w\" sizes=\"auto, (max-width: 1200px) 100vw, 1200px\" \/><\/figure>\n\n\n\n<p><strong>Cel mai c\u0103utat cartier clujean a fost \u00een prima parte a acestui an M\u0103n\u0103\u0219tur, arat\u0103 datele Imobiliare.ro.<\/strong> <\/p>\n\n\n\n<p>Chiar dac\u0103 acesta se men\u021bine printre cele mai accesibile din ora\u0219, dep\u0103\u0219e\u0219te cu mult media de pre\u021b \u00eenregistrat\u0103 \u00een alte zone ieftine care atrag puternic cump\u0103r\u0103torii \u00een celelalte mari centre regionale.\u00a0<\/p>\n\n\n\n<p>Aproape 2.400 de apartamente noi \u0219i vechi au fost scoase la v\u00e2nzare \u00een M\u0103n\u0103\u0219tur, pre\u021bul mediu solicitat celor interesa\u021bi de realizarea unei achizi\u021bii imobiliare fiind de 2.672 euro\/mp util. Mai mult, apartamentele au ajuns s\u0103 fie cu 15% mai scumpe dec\u00e2t \u00een primele cinci luni ale anului trecut.<\/p>\n\n\n\n<p>Avantajul oferit de acest cartier este dat de num\u0103rul locuin\u021belor disponibile pe pia\u021b\u0103, cel mai mare din \u00eentreg ora\u0219ul.\u00a0<\/p>\n\n\n\n<figure class=\"wp-block-image size-large\"><img loading=\"lazy\" decoding=\"async\" width=\"1200\" height=\"801\" src=\"https:\/\/www.imobiliare.ro\/imoexpert\/wp-content\/uploads\/2025\/06\/priveliste-cluj-napoca-1200x801.jpg\" alt=\"\" class=\"wp-image-72978\" srcset=\"https:\/\/www.imobiliare.ro\/imoexpert\/wp-content\/uploads\/2025\/06\/priveliste-cluj-napoca-1200x801.jpg 1200w, https:\/\/www.imobiliare.ro\/imoexpert\/wp-content\/uploads\/2025\/06\/priveliste-cluj-napoca-300x200.jpg 300w, https:\/\/www.imobiliare.ro\/imoexpert\/wp-content\/uploads\/2025\/06\/priveliste-cluj-napoca-768x513.jpg 768w, https:\/\/www.imobiliare.ro\/imoexpert\/wp-content\/uploads\/2025\/06\/priveliste-cluj-napoca-1536x1025.jpg 1536w, https:\/\/www.imobiliare.ro\/imoexpert\/wp-content\/uploads\/2025\/06\/priveliste-cluj-napoca.jpg 2000w\" sizes=\"auto, (max-width: 1200px) 100vw, 1200px\" \/><\/figure>\n\n\n\n<p><strong>Apartamentele aflate \u00een blocuri din zona Some\u0219eni pot fi considerate cele mai ieftine din Cluj-Napoca. <\/strong>Pre\u021bul mediu solicitat cump\u0103r\u0103torilor a stagnat \u00een ultimul an \u0219i este de 2.142 euro\/mp util. <\/p>\n\n\n\n<p>\u0218i \u00een acest caz, Clujul dep\u0103\u0219e\u0219te cu mult celelalte mari ora\u0219e din \u021bar\u0103.<\/p>\n\n\n\n<p>Graficul de mai jos \u00ee\u021bi ofer\u0103 informa\u021bii suplimentare cu privire la pre\u021burile medii solicitate de c\u0103tre proprietari \u0219i dezvoltatori \u00een cel mai scump ora\u0219 din Rom\u00e2nia &#8211;  Cluj-Napoca.<\/p>\n\n\n\n<figure class=\"wp-block-image size-large\"><img loading=\"lazy\" decoding=\"async\" width=\"1024\" height=\"1024\" src=\"https:\/\/www.imobiliare.ro\/imoexpert\/wp-content\/uploads\/2025\/06\/Indice-mai-2025-09-1024x1024.jpg\" alt=\"\" class=\"wp-image-72832\" srcset=\"https:\/\/www.imobiliare.ro\/imoexpert\/wp-content\/uploads\/2025\/06\/Indice-mai-2025-09-1024x1024.jpg 1024w, https:\/\/www.imobiliare.ro\/imoexpert\/wp-content\/uploads\/2025\/06\/Indice-mai-2025-09-300x300.jpg 300w, https:\/\/www.imobiliare.ro\/imoexpert\/wp-content\/uploads\/2025\/06\/Indice-mai-2025-09-768x768.jpg 768w, https:\/\/www.imobiliare.ro\/imoexpert\/wp-content\/uploads\/2025\/06\/Indice-mai-2025-09-140x140.jpg 140w, https:\/\/www.imobiliare.ro\/imoexpert\/wp-content\/uploads\/2025\/06\/Indice-mai-2025-09.jpg 1200w\" sizes=\"auto, (max-width: 1024px) 100vw, 1024px\" \/><\/figure>\n\n\n\n<p><strong><a class=\"article-body-links\"href=\"https:\/\/www.imobiliare.ro\/imoexpert\/timisoara-mai-sus-decat-cluj-napoca-doar-capitala-mai-depaseste-orasul-de-pe-bega-la-vanzarile-de-locuinte_db\/\" target=\"_blank\" rel=\"noreferrer noopener\">Cite\u0219te \u0219i: Timi\u0219oara, mai sus dec\u00e2t Cluj-Napoca. Doar Capitala mai dep\u0103\u0219e\u0219te ora\u0219ul de pe Bega la v\u00e2nz\u0103rile de locuin\u021be<\/a><\/strong><\/p>\n","protected":false},"excerpt":{"rendered":"<p>Cel mai c\u0103utat cartier clujean a fost \u00een prima parte a acestui an M\u0103n\u0103\u0219tur, arat\u0103 datele Imobiliare.ro. Chiar dac\u0103 acesta se men\u021bine printre cele mai accesibile din ora\u0219, dep\u0103\u0219e\u0219te cu mult media de pre\u021b \u00eenregistrat\u0103 \u00een alte zone ieftine care atrag puternic cump\u0103r\u0103torii \u00een celelalte mari centre regionale.\u00a0 Aproape 2.400 de apartamente noi \u0219i vechi [&hellip;]<\/p>\n","protected":false},"author":5891,"featured_media":72977,"comment_status":"open","ping_status":"open","sticky":true,"template":"","format":"standard","meta":{"footnotes":""},"categories":[259],"tags":[1863,1493,507],"content_author":[],"class_list":["post-72962","post","type-post","status-publish","format-standard","has-post-thumbnail","hentry","category-stiri","tag-apartamente-cluj-napoca","tag-manastur","tag-preturi-apartamente"],"yoast_head":"<!-- This site is optimized with the Yoast SEO Premium plugin v27.0 (Yoast SEO v27.0) - https:\/\/yoast.com\/product\/yoast-seo-premium-wordpress\/ -->\n<title>Ieftin \u0219i totu\u0219i scump \u00een Cluj-Napoca. M\u0103n\u0103\u0219tur bate record dup\u0103 record, dar cele mai accesibile pre\u021buri pot fi g\u0103site \u00een estul ora\u0219ului - \u0218tiri - ImoExpert<\/title>\n<meta name=\"description\" content=\"Cel mai c\u0103utat cartier clujean a fost \u00een prima parte a acestui an M\u0103n\u0103\u0219tur, arat\u0103 datele Imobiliare.ro. Chiar dac\u0103 acesta se men\u021bine printre cele mai\" \/>\n<meta name=\"robots\" content=\"index, follow\" \/>\n<link rel=\"canonical\" href=\"https:\/\/www.imobiliare.ro\/imoexpert\/ieftin-si-totusi-scump-in-cluj-napoca-manastur-bate-record-dupa-record-dar-cele-mai-accesibile-preturi-pot-fi-gasite-in-estul-orasului_db\/\" \/>\n<meta property=\"og:locale\" content=\"ro_RO\" \/>\n<meta property=\"og:type\" content=\"article\" \/>\n<meta property=\"og:title\" content=\"Ieftin \u0219i totu\u0219i scump \u00een Cluj-Napoca. M\u0103n\u0103\u0219tur bate record dup\u0103 record, dar cele mai accesibile pre\u021buri pot fi g\u0103site \u00een estul ora\u0219ului\" \/>\n<meta property=\"og:description\" content=\"Cel mai c\u0103utat cartier clujean a fost \u00een prima parte a acestui an M\u0103n\u0103\u0219tur, arat\u0103 datele Imobiliare.ro. Chiar dac\u0103 acesta se men\u021bine printre cele mai\" \/>\n<meta property=\"og:url\" content=\"https:\/\/www.imobiliare.ro\/imoexpert\/ieftin-si-totusi-scump-in-cluj-napoca-manastur-bate-record-dupa-record-dar-cele-mai-accesibile-preturi-pot-fi-gasite-in-estul-orasului_db\/\" \/>\n<meta property=\"og:site_name\" content=\"ImoExpert\" \/>\n<meta property=\"article:published_time\" content=\"2025-06-19T08:57:37+00:00\" \/>\n<meta property=\"og:image\" content=\"https:\/\/www.imobiliare.ro\/imoexpert\/wp-content\/uploads\/2025\/06\/manastur-cartier-cluj-napoca.jpg\" \/>\n\t<meta property=\"og:image:width\" content=\"2000\" \/>\n\t<meta property=\"og:image:height\" content=\"1125\" \/>\n\t<meta property=\"og:image:type\" content=\"image\/jpeg\" \/>\n<meta name=\"author\" content=\"Corina V\u00e2rlan\" \/>\n<meta name=\"twitter:card\" content=\"summary_large_image\" \/>\n<meta name=\"twitter:label1\" content=\"Written by\" \/>\n\t<meta name=\"twitter:data1\" content=\"Corina V\u00e2rlan\" \/>\n\t<meta name=\"twitter:label2\" content=\"Est. reading time\" \/>\n\t<meta name=\"twitter:data2\" content=\"2 minute\" \/>\n<script type=\"application\/ld+json\" class=\"yoast-schema-graph\">{\"@context\":\"https:\/\/schema.org\",\"@graph\":[{\"@type\":\"Article\",\"@id\":\"https:\/\/www.imobiliare.ro\/imoexpert\/ieftin-si-totusi-scump-in-cluj-napoca-manastur-bate-record-dupa-record-dar-cele-mai-accesibile-preturi-pot-fi-gasite-in-estul-orasului_db\/#article\",\"isPartOf\":{\"@id\":\"https:\/\/www.imobiliare.ro\/imoexpert\/ieftin-si-totusi-scump-in-cluj-napoca-manastur-bate-record-dupa-record-dar-cele-mai-accesibile-preturi-pot-fi-gasite-in-estul-orasului_db\/\"},\"author\":{\"name\":\"Corina V\u00e2rlan\",\"@id\":\"https:\/\/www.imobiliare.ro\/imoexpert\/#\/schema\/person\/9ffdfbf24b82f39fc75a2fc6c19e4e99\"},\"headline\":\"Ieftin \u0219i totu\u0219i scump \u00een Cluj-Napoca. M\u0103n\u0103\u0219tur bate record dup\u0103 record, dar cele mai accesibile pre\u021buri pot fi g\u0103site \u00een estul ora\u0219ului\",\"datePublished\":\"2025-06-19T08:57:37+00:00\",\"mainEntityOfPage\":{\"@id\":\"https:\/\/www.imobiliare.ro\/imoexpert\/ieftin-si-totusi-scump-in-cluj-napoca-manastur-bate-record-dupa-record-dar-cele-mai-accesibile-preturi-pot-fi-gasite-in-estul-orasului_db\/\"},\"wordCount\":270,\"commentCount\":1,\"publisher\":{\"@id\":\"https:\/\/www.imobiliare.ro\/imoexpert\/#organization\"},\"image\":{\"@id\":\"https:\/\/www.imobiliare.ro\/imoexpert\/ieftin-si-totusi-scump-in-cluj-napoca-manastur-bate-record-dupa-record-dar-cele-mai-accesibile-preturi-pot-fi-gasite-in-estul-orasului_db\/#primaryimage\"},\"thumbnailUrl\":\"https:\/\/www.imobiliare.ro\/imoexpert\/wp-content\/uploads\/2025\/06\/manastur-cartier-cluj-napoca.jpg\",\"keywords\":[\"Apartamente Cluj-Napoca\",\"Manastur\",\"preturi apartamente\"],\"articleSection\":[\"\u0218tiri\"],\"inLanguage\":\"en\",\"potentialAction\":[{\"@type\":\"CommentAction\",\"name\":\"Comment\",\"target\":[\"https:\/\/www.imobiliare.ro\/imoexpert\/ieftin-si-totusi-scump-in-cluj-napoca-manastur-bate-record-dupa-record-dar-cele-mai-accesibile-preturi-pot-fi-gasite-in-estul-orasului_db\/#respond\"]}],\"copyrightYear\":\"2025\",\"copyrightHolder\":{\"@id\":\"https:\/\/www.imobiliare.ro\/imoexpert\/#organization\"}},{\"@type\":\"WebPage\",\"@id\":\"https:\/\/www.imobiliare.ro\/imoexpert\/ieftin-si-totusi-scump-in-cluj-napoca-manastur-bate-record-dupa-record-dar-cele-mai-accesibile-preturi-pot-fi-gasite-in-estul-orasului_db\/\",\"url\":\"https:\/\/www.imobiliare.ro\/imoexpert\/ieftin-si-totusi-scump-in-cluj-napoca-manastur-bate-record-dupa-record-dar-cele-mai-accesibile-preturi-pot-fi-gasite-in-estul-orasului_db\/\",\"name\":\"Ieftin \u0219i totu\u0219i scump \u00een Cluj-Napoca. M\u0103n\u0103\u0219tur bate record dup\u0103 record, dar cele mai accesibile pre\u021buri pot fi g\u0103site \u00een estul ora\u0219ului - \u0218tiri - ImoExpert\",\"isPartOf\":{\"@id\":\"https:\/\/www.imobiliare.ro\/imoexpert\/#website\"},\"primaryImageOfPage\":{\"@id\":\"https:\/\/www.imobiliare.ro\/imoexpert\/ieftin-si-totusi-scump-in-cluj-napoca-manastur-bate-record-dupa-record-dar-cele-mai-accesibile-preturi-pot-fi-gasite-in-estul-orasului_db\/#primaryimage\"},\"image\":{\"@id\":\"https:\/\/www.imobiliare.ro\/imoexpert\/ieftin-si-totusi-scump-in-cluj-napoca-manastur-bate-record-dupa-record-dar-cele-mai-accesibile-preturi-pot-fi-gasite-in-estul-orasului_db\/#primaryimage\"},\"thumbnailUrl\":\"https:\/\/www.imobiliare.ro\/imoexpert\/wp-content\/uploads\/2025\/06\/manastur-cartier-cluj-napoca.jpg\",\"datePublished\":\"2025-06-19T08:57:37+00:00\",\"description\":\"Cel mai c\u0103utat cartier clujean a fost \u00een prima parte a acestui an M\u0103n\u0103\u0219tur, arat\u0103 datele Imobiliare.ro. Chiar dac\u0103 acesta se men\u021bine printre cele mai\",\"breadcrumb\":{\"@id\":\"https:\/\/www.imobiliare.ro\/imoexpert\/ieftin-si-totusi-scump-in-cluj-napoca-manastur-bate-record-dupa-record-dar-cele-mai-accesibile-preturi-pot-fi-gasite-in-estul-orasului_db\/#breadcrumb\"},\"inLanguage\":\"en\",\"potentialAction\":[{\"@type\":\"ReadAction\",\"target\":[\"https:\/\/www.imobiliare.ro\/imoexpert\/ieftin-si-totusi-scump-in-cluj-napoca-manastur-bate-record-dupa-record-dar-cele-mai-accesibile-preturi-pot-fi-gasite-in-estul-orasului_db\/\"]}]},{\"@type\":\"ImageObject\",\"inLanguage\":\"en\",\"@id\":\"https:\/\/www.imobiliare.ro\/imoexpert\/ieftin-si-totusi-scump-in-cluj-napoca-manastur-bate-record-dupa-record-dar-cele-mai-accesibile-preturi-pot-fi-gasite-in-estul-orasului_db\/#primaryimage\",\"url\":\"https:\/\/www.imobiliare.ro\/imoexpert\/wp-content\/uploads\/2025\/06\/manastur-cartier-cluj-napoca.jpg\",\"contentUrl\":\"https:\/\/www.imobiliare.ro\/imoexpert\/wp-content\/uploads\/2025\/06\/manastur-cartier-cluj-napoca.jpg\",\"width\":2000,\"height\":1125},{\"@type\":\"BreadcrumbList\",\"@id\":\"https:\/\/www.imobiliare.ro\/imoexpert\/ieftin-si-totusi-scump-in-cluj-napoca-manastur-bate-record-dupa-record-dar-cele-mai-accesibile-preturi-pot-fi-gasite-in-estul-orasului_db\/#breadcrumb\",\"itemListElement\":[{\"@type\":\"ListItem\",\"position\":1,\"name\":\"Imoradar24\",\"item\":\"https:\/\/www.imoradar24.ro\"},{\"@type\":\"ListItem\",\"position\":2,\"name\":\"ImoExpert\",\"item\":\"https:\/\/www.imobiliare.ro\/imoexpert\/\"},{\"@type\":\"ListItem\",\"position\":3,\"name\":\"\u0218tiri\",\"item\":\"https:\/\/www.imobiliare.ro\/imoexpert\/stiri\/\"},{\"@type\":\"ListItem\",\"position\":4,\"name\":\"Ieftin \u0219i totu\u0219i scump \u00een Cluj-Napoca. M\u0103n\u0103\u0219tur bate record dup\u0103 record, dar cele mai accesibile pre\u021buri pot fi g\u0103site \u00een estul ora\u0219ului\"}]},{\"@type\":\"WebSite\",\"@id\":\"https:\/\/www.imobiliare.ro\/imoexpert\/#website\",\"url\":\"https:\/\/www.imobiliare.ro\/imoexpert\/\",\"name\":\"ImoExpert\",\"description\":\"cele mai importante \u015ftiri din domeniul imobiliar\",\"publisher\":{\"@id\":\"https:\/\/www.imobiliare.ro\/imoexpert\/#organization\"},\"inLanguage\":\"en\"},{\"@type\":\"Organization\",\"@id\":\"https:\/\/www.imobiliare.ro\/imoexpert\/#organization\",\"name\":\"Imobiliare.ro\",\"alternateName\":\"Realmedia Network SA\",\"url\":\"https:\/\/www.imobiliare.ro\/imoexpert\/\",\"logo\":{\"@type\":\"ImageObject\",\"inLanguage\":\"en\",\"@id\":\"https:\/\/www.imobiliare.ro\/imoexpert\/#\/schema\/logo\/image\/\",\"url\":\"https:\/\/www.imobiliare.ro\/imoexpert\/wp-content\/uploads\/2025\/05\/imobiliare_logo.png\",\"contentUrl\":\"https:\/\/www.imobiliare.ro\/imoexpert\/wp-content\/uploads\/2025\/05\/imobiliare_logo.png\",\"width\":237,\"height\":29,\"caption\":\"Imobiliare.ro\"},\"image\":{\"@id\":\"https:\/\/www.imobiliare.ro\/imoexpert\/#\/schema\/logo\/image\/\"}},{\"@type\":\"Person\",\"@id\":\"https:\/\/www.imobiliare.ro\/imoexpert\/#\/schema\/person\/9ffdfbf24b82f39fc75a2fc6c19e4e99\",\"name\":\"Corina V\u00e2rlan\",\"image\":{\"@type\":\"ImageObject\",\"inLanguage\":\"en\",\"@id\":\"https:\/\/www.imobiliare.ro\/imoexpert\/#\/schema\/person\/image\/\",\"url\":\"https:\/\/www.imobiliare.ro\/imoexpert\/wp-content\/uploads\/2026\/02\/12-02-2025-5-rezumat-brasov-thumb-reels-1-1-96x96.png\",\"contentUrl\":\"https:\/\/www.imobiliare.ro\/imoexpert\/wp-content\/uploads\/2026\/02\/12-02-2025-5-rezumat-brasov-thumb-reels-1-1-96x96.png\",\"caption\":\"Corina V\u00e2rlan\"},\"description\":\"Cu o experien\u021b\u0103 de 14 ani \u00een presa online, comunicare \u0219i content marketing, Corina V\u00e2rlan s-a al\u0103turat echipei Imobiliare.ro \u00een urm\u0103 cu 8 ani \u0219i ocup\u0103, \u00een prezent, func\u021bia de Content Manager. Ea este gazda emisiunii \\\"\u00centreab\u0103 expertul\\\" \u0219i a seriei 5 \u0218tiri Imobiliare.ro, realizate \u00een parteneriat cu Libertatea. Corina \u00ee\u0219i concentreaz\u0103 activitatea pe analiza datelor de pia\u021b\u0103 \u0219i pe subiecte de interes at\u00e2t pentru cei afla\u021bi \u00een c\u0103utarea unei locuin\u021be, c\u00e2t \u0219i pentru proprietari sau chiria\u0219i.\",\"alternateName\":\"Corina\",\"jobTitle\":\"Content Manager\",\"url\":\"https:\/\/www.imobiliare.ro\/imoexpert\/author\/corina-varlan\/\"}]}<\/script>\n<!-- \/ Yoast SEO Premium plugin. -->","yoast_head_json":{"title":"Ieftin \u0219i totu\u0219i scump \u00een Cluj-Napoca. M\u0103n\u0103\u0219tur bate record dup\u0103 record, dar cele mai accesibile pre\u021buri pot fi g\u0103site \u00een estul ora\u0219ului - \u0218tiri - ImoExpert","description":"Cel mai c\u0103utat cartier clujean a fost \u00een prima parte a acestui an M\u0103n\u0103\u0219tur, arat\u0103 datele Imobiliare.ro. Chiar dac\u0103 acesta se men\u021bine printre cele mai","robots":{"index":"index","follow":"follow"},"canonical":"https:\/\/www.imobiliare.ro\/imoexpert\/ieftin-si-totusi-scump-in-cluj-napoca-manastur-bate-record-dupa-record-dar-cele-mai-accesibile-preturi-pot-fi-gasite-in-estul-orasului_db\/","og_locale":"ro_RO","og_type":"article","og_title":"Ieftin \u0219i totu\u0219i scump \u00een Cluj-Napoca. M\u0103n\u0103\u0219tur bate record dup\u0103 record, dar cele mai accesibile pre\u021buri pot fi g\u0103site \u00een estul ora\u0219ului","og_description":"Cel mai c\u0103utat cartier clujean a fost \u00een prima parte a acestui an M\u0103n\u0103\u0219tur, arat\u0103 datele Imobiliare.ro. Chiar dac\u0103 acesta se men\u021bine printre cele mai","og_url":"https:\/\/www.imobiliare.ro\/imoexpert\/ieftin-si-totusi-scump-in-cluj-napoca-manastur-bate-record-dupa-record-dar-cele-mai-accesibile-preturi-pot-fi-gasite-in-estul-orasului_db\/","og_site_name":"ImoExpert","article_published_time":"2025-06-19T08:57:37+00:00","og_image":[{"width":2000,"height":1125,"url":"https:\/\/www.imobiliare.ro\/imoexpert\/wp-content\/uploads\/2025\/06\/manastur-cartier-cluj-napoca.jpg","type":"image\/jpeg"}],"author":"Corina V\u00e2rlan","twitter_card":"summary_large_image","twitter_misc":{"Written by":"Corina V\u00e2rlan","Est. reading time":"2 minute"},"schema":{"@context":"https:\/\/schema.org","@graph":[{"@type":"Article","@id":"https:\/\/www.imobiliare.ro\/imoexpert\/ieftin-si-totusi-scump-in-cluj-napoca-manastur-bate-record-dupa-record-dar-cele-mai-accesibile-preturi-pot-fi-gasite-in-estul-orasului_db\/#article","isPartOf":{"@id":"https:\/\/www.imobiliare.ro\/imoexpert\/ieftin-si-totusi-scump-in-cluj-napoca-manastur-bate-record-dupa-record-dar-cele-mai-accesibile-preturi-pot-fi-gasite-in-estul-orasului_db\/"},"author":{"name":"Corina V\u00e2rlan","@id":"https:\/\/www.imobiliare.ro\/imoexpert\/#\/schema\/person\/9ffdfbf24b82f39fc75a2fc6c19e4e99"},"headline":"Ieftin \u0219i totu\u0219i scump \u00een Cluj-Napoca. M\u0103n\u0103\u0219tur bate record dup\u0103 record, dar cele mai accesibile pre\u021buri pot fi g\u0103site \u00een estul ora\u0219ului","datePublished":"2025-06-19T08:57:37+00:00","mainEntityOfPage":{"@id":"https:\/\/www.imobiliare.ro\/imoexpert\/ieftin-si-totusi-scump-in-cluj-napoca-manastur-bate-record-dupa-record-dar-cele-mai-accesibile-preturi-pot-fi-gasite-in-estul-orasului_db\/"},"wordCount":270,"commentCount":1,"publisher":{"@id":"https:\/\/www.imobiliare.ro\/imoexpert\/#organization"},"image":{"@id":"https:\/\/www.imobiliare.ro\/imoexpert\/ieftin-si-totusi-scump-in-cluj-napoca-manastur-bate-record-dupa-record-dar-cele-mai-accesibile-preturi-pot-fi-gasite-in-estul-orasului_db\/#primaryimage"},"thumbnailUrl":"https:\/\/www.imobiliare.ro\/imoexpert\/wp-content\/uploads\/2025\/06\/manastur-cartier-cluj-napoca.jpg","keywords":["Apartamente Cluj-Napoca","Manastur","preturi apartamente"],"articleSection":["\u0218tiri"],"inLanguage":"en","potentialAction":[{"@type":"CommentAction","name":"Comment","target":["https:\/\/www.imobiliare.ro\/imoexpert\/ieftin-si-totusi-scump-in-cluj-napoca-manastur-bate-record-dupa-record-dar-cele-mai-accesibile-preturi-pot-fi-gasite-in-estul-orasului_db\/#respond"]}],"copyrightYear":"2025","copyrightHolder":{"@id":"https:\/\/www.imobiliare.ro\/imoexpert\/#organization"}},{"@type":"WebPage","@id":"https:\/\/www.imobiliare.ro\/imoexpert\/ieftin-si-totusi-scump-in-cluj-napoca-manastur-bate-record-dupa-record-dar-cele-mai-accesibile-preturi-pot-fi-gasite-in-estul-orasului_db\/","url":"https:\/\/www.imobiliare.ro\/imoexpert\/ieftin-si-totusi-scump-in-cluj-napoca-manastur-bate-record-dupa-record-dar-cele-mai-accesibile-preturi-pot-fi-gasite-in-estul-orasului_db\/","name":"Ieftin \u0219i totu\u0219i scump \u00een Cluj-Napoca. M\u0103n\u0103\u0219tur bate record dup\u0103 record, dar cele mai accesibile pre\u021buri pot fi g\u0103site \u00een estul ora\u0219ului - \u0218tiri - ImoExpert","isPartOf":{"@id":"https:\/\/www.imobiliare.ro\/imoexpert\/#website"},"primaryImageOfPage":{"@id":"https:\/\/www.imobiliare.ro\/imoexpert\/ieftin-si-totusi-scump-in-cluj-napoca-manastur-bate-record-dupa-record-dar-cele-mai-accesibile-preturi-pot-fi-gasite-in-estul-orasului_db\/#primaryimage"},"image":{"@id":"https:\/\/www.imobiliare.ro\/imoexpert\/ieftin-si-totusi-scump-in-cluj-napoca-manastur-bate-record-dupa-record-dar-cele-mai-accesibile-preturi-pot-fi-gasite-in-estul-orasului_db\/#primaryimage"},"thumbnailUrl":"https:\/\/www.imobiliare.ro\/imoexpert\/wp-content\/uploads\/2025\/06\/manastur-cartier-cluj-napoca.jpg","datePublished":"2025-06-19T08:57:37+00:00","description":"Cel mai c\u0103utat cartier clujean a fost \u00een prima parte a acestui an M\u0103n\u0103\u0219tur, arat\u0103 datele Imobiliare.ro. Chiar dac\u0103 acesta se men\u021bine printre cele mai","breadcrumb":{"@id":"https:\/\/www.imobiliare.ro\/imoexpert\/ieftin-si-totusi-scump-in-cluj-napoca-manastur-bate-record-dupa-record-dar-cele-mai-accesibile-preturi-pot-fi-gasite-in-estul-orasului_db\/#breadcrumb"},"inLanguage":"en","potentialAction":[{"@type":"ReadAction","target":["https:\/\/www.imobiliare.ro\/imoexpert\/ieftin-si-totusi-scump-in-cluj-napoca-manastur-bate-record-dupa-record-dar-cele-mai-accesibile-preturi-pot-fi-gasite-in-estul-orasului_db\/"]}]},{"@type":"ImageObject","inLanguage":"en","@id":"https:\/\/www.imobiliare.ro\/imoexpert\/ieftin-si-totusi-scump-in-cluj-napoca-manastur-bate-record-dupa-record-dar-cele-mai-accesibile-preturi-pot-fi-gasite-in-estul-orasului_db\/#primaryimage","url":"https:\/\/www.imobiliare.ro\/imoexpert\/wp-content\/uploads\/2025\/06\/manastur-cartier-cluj-napoca.jpg","contentUrl":"https:\/\/www.imobiliare.ro\/imoexpert\/wp-content\/uploads\/2025\/06\/manastur-cartier-cluj-napoca.jpg","width":2000,"height":1125},{"@type":"BreadcrumbList","@id":"https:\/\/www.imobiliare.ro\/imoexpert\/ieftin-si-totusi-scump-in-cluj-napoca-manastur-bate-record-dupa-record-dar-cele-mai-accesibile-preturi-pot-fi-gasite-in-estul-orasului_db\/#breadcrumb","itemListElement":[{"@type":"ListItem","position":1,"name":"Imoradar24","item":"https:\/\/www.imoradar24.ro"},{"@type":"ListItem","position":2,"name":"ImoExpert","item":"https:\/\/www.imobiliare.ro\/imoexpert\/"},{"@type":"ListItem","position":3,"name":"\u0218tiri","item":"https:\/\/www.imobiliare.ro\/imoexpert\/stiri\/"},{"@type":"ListItem","position":4,"name":"Ieftin \u0219i totu\u0219i scump \u00een Cluj-Napoca. M\u0103n\u0103\u0219tur bate record dup\u0103 record, dar cele mai accesibile pre\u021buri pot fi g\u0103site \u00een estul ora\u0219ului"}]},{"@type":"WebSite","@id":"https:\/\/www.imobiliare.ro\/imoexpert\/#website","url":"https:\/\/www.imobiliare.ro\/imoexpert\/","name":"ImoExpert","description":"cele mai importante \u015ftiri din domeniul imobiliar","publisher":{"@id":"https:\/\/www.imobiliare.ro\/imoexpert\/#organization"},"inLanguage":"en"},{"@type":"Organization","@id":"https:\/\/www.imobiliare.ro\/imoexpert\/#organization","name":"Imobiliare.ro","alternateName":"Realmedia Network SA","url":"https:\/\/www.imobiliare.ro\/imoexpert\/","logo":{"@type":"ImageObject","inLanguage":"en","@id":"https:\/\/www.imobiliare.ro\/imoexpert\/#\/schema\/logo\/image\/","url":"https:\/\/www.imobiliare.ro\/imoexpert\/wp-content\/uploads\/2025\/05\/imobiliare_logo.png","contentUrl":"https:\/\/www.imobiliare.ro\/imoexpert\/wp-content\/uploads\/2025\/05\/imobiliare_logo.png","width":237,"height":29,"caption":"Imobiliare.ro"},"image":{"@id":"https:\/\/www.imobiliare.ro\/imoexpert\/#\/schema\/logo\/image\/"}},{"@type":"Person","@id":"https:\/\/www.imobiliare.ro\/imoexpert\/#\/schema\/person\/9ffdfbf24b82f39fc75a2fc6c19e4e99","name":"Corina V\u00e2rlan","image":{"@type":"ImageObject","inLanguage":"en","@id":"https:\/\/www.imobiliare.ro\/imoexpert\/#\/schema\/person\/image\/","url":"https:\/\/www.imobiliare.ro\/imoexpert\/wp-content\/uploads\/2026\/02\/12-02-2025-5-rezumat-brasov-thumb-reels-1-1-96x96.png","contentUrl":"https:\/\/www.imobiliare.ro\/imoexpert\/wp-content\/uploads\/2026\/02\/12-02-2025-5-rezumat-brasov-thumb-reels-1-1-96x96.png","caption":"Corina V\u00e2rlan"},"description":"Cu o experien\u021b\u0103 de 14 ani \u00een presa online, comunicare \u0219i content marketing, Corina V\u00e2rlan s-a al\u0103turat echipei Imobiliare.ro \u00een urm\u0103 cu 8 ani \u0219i ocup\u0103, \u00een prezent, func\u021bia de Content Manager. Ea este gazda emisiunii \"\u00centreab\u0103 expertul\" \u0219i a seriei 5 \u0218tiri Imobiliare.ro, realizate \u00een parteneriat cu Libertatea. Corina \u00ee\u0219i concentreaz\u0103 activitatea pe analiza datelor de pia\u021b\u0103 \u0219i pe subiecte de interes at\u00e2t pentru cei afla\u021bi \u00een c\u0103utarea unei locuin\u021be, c\u00e2t \u0219i pentru proprietari sau chiria\u0219i.","alternateName":"Corina","jobTitle":"Content Manager","url":"https:\/\/www.imobiliare.ro\/imoexpert\/author\/corina-varlan\/"}]}},"_links":{"self":[{"href":"https:\/\/www.imobiliare.ro\/imoexpert\/wp-json\/wp\/v2\/posts\/72962","targetHints":{"allow":["GET"]}}],"collection":[{"href":"https:\/\/www.imobiliare.ro\/imoexpert\/wp-json\/wp\/v2\/posts"}],"about":[{"href":"https:\/\/www.imobiliare.ro\/imoexpert\/wp-json\/wp\/v2\/types\/post"}],"author":[{"embeddable":true,"href":"https:\/\/www.imobiliare.ro\/imoexpert\/wp-json\/wp\/v2\/users\/5891"}],"replies":[{"embeddable":true,"href":"https:\/\/www.imobiliare.ro\/imoexpert\/wp-json\/wp\/v2\/comments?post=72962"}],"version-history":[{"count":0,"href":"https:\/\/www.imobiliare.ro\/imoexpert\/wp-json\/wp\/v2\/posts\/72962\/revisions"}],"wp:featuredmedia":[{"embeddable":true,"href":"https:\/\/www.imobiliare.ro\/imoexpert\/wp-json\/wp\/v2\/media\/72977"}],"wp:attachment":[{"href":"https:\/\/www.imobiliare.ro\/imoexpert\/wp-json\/wp\/v2\/media?parent=72962"}],"wp:term":[{"taxonomy":"category","embeddable":true,"href":"https:\/\/www.imobiliare.ro\/imoexpert\/wp-json\/wp\/v2\/categories?post=72962"},{"taxonomy":"post_tag","embeddable":true,"href":"https:\/\/www.imobiliare.ro\/imoexpert\/wp-json\/wp\/v2\/tags?post=72962"},{"taxonomy":"content_author","embeddable":true,"href":"https:\/\/www.imobiliare.ro\/imoexpert\/wp-json\/wp\/v2\/content_author?post=72962"}],"curies":[{"name":"wp","href":"https:\/\/api.w.org\/{rel}","templated":true}]}}