{"id":73049,"date":"2025-07-01T13:33:22","date_gmt":"2025-07-01T10:33:22","guid":{"rendered":"https:\/\/www.imobiliare.ro\/imoexpert\/?p=73049"},"modified":"2025-07-01T13:33:22","modified_gmt":"2025-07-01T10:33:22","slug":"scumpiri-dar-si-mici-corectii-ale-preturilor-la-inceputul-verii-cat-costa-apartamentele-din-orasul-tau-grafice","status":"publish","type":"post","link":"https:\/\/www.imobiliare.ro\/imoexpert\/scumpiri-dar-si-mici-corectii-ale-preturilor-la-inceputul-verii-cat-costa-apartamentele-din-orasul-tau-grafice_db\/","title":{"rendered":"Scumpiri, dar \u0219i mici corec\u021bii ale pre\u021burilor la \u00eenceputul verii. C\u00e2t cost\u0103 apartamentele din ora\u0219ul t\u0103u? &#8211; GRAFICE"},"content":{"rendered":"\n<figure class=\"wp-block-image size-large\"><img loading=\"lazy\" decoding=\"async\" width=\"1200\" height=\"733\" src=\"https:\/\/www.imobiliare.ro\/imoexpert\/wp-content\/uploads\/2025\/07\/preturile-apartamentelor-din-marile-orase-indicele-imobiliare.ro_-1200x733.jpg\" alt=\"\" class=\"wp-image-73057\" srcset=\"https:\/\/www.imobiliare.ro\/imoexpert\/wp-content\/uploads\/2025\/07\/preturile-apartamentelor-din-marile-orase-indicele-imobiliare.ro_-1200x733.jpg 1200w, https:\/\/www.imobiliare.ro\/imoexpert\/wp-content\/uploads\/2025\/07\/preturile-apartamentelor-din-marile-orase-indicele-imobiliare.ro_-300x183.jpg 300w, https:\/\/www.imobiliare.ro\/imoexpert\/wp-content\/uploads\/2025\/07\/preturile-apartamentelor-din-marile-orase-indicele-imobiliare.ro_-768x469.jpg 768w, https:\/\/www.imobiliare.ro\/imoexpert\/wp-content\/uploads\/2025\/07\/preturile-apartamentelor-din-marile-orase-indicele-imobiliare.ro_-1536x938.jpg 1536w, https:\/\/www.imobiliare.ro\/imoexpert\/wp-content\/uploads\/2025\/07\/preturile-apartamentelor-din-marile-orase-indicele-imobiliare.ro_.jpg 2000w\" sizes=\"auto, (max-width: 1200px) 100vw, 1200px\" \/><\/figure>\n\n\n\n<p><strong>Apartamentele noi s-au scumpit cel mai mult \u00een ultima lun\u0103 \u00een Bucure\u0219ti \u0219i \u00een Ia\u0219i. Unele ora\u0219e mari au \u00eenregistrat, \u00een schimb, mici corec\u021bii la nivelul pre\u021burilor.<\/strong><\/p>\n\n\n\n<p><strong><a class=\"article-body-links\"href=\"https:\/\/www.imobiliare.ro\/indicele-imobiliare-ro\" target=\"_blank\" rel=\"noreferrer noopener\">Indicele Imobiliare.ro<\/a><\/strong> \u00ee\u021bi arat\u0103 c\u00e2t cost\u0103 locuin\u021bele din ora\u0219ul t\u0103u la \u00eenceputul verii.<\/p>\n\n\n\n<figure class=\"wp-block-image size-large\"><img loading=\"lazy\" decoding=\"async\" width=\"1024\" height=\"1024\" src=\"https:\/\/www.imobiliare.ro\/imoexpert\/wp-content\/uploads\/2025\/07\/Indice-iunie-2025-08-1-1024x1024.jpg\" alt=\"\" class=\"wp-image-73051\" srcset=\"https:\/\/www.imobiliare.ro\/imoexpert\/wp-content\/uploads\/2025\/07\/Indice-iunie-2025-08-1-1024x1024.jpg 1024w, https:\/\/www.imobiliare.ro\/imoexpert\/wp-content\/uploads\/2025\/07\/Indice-iunie-2025-08-1-300x300.jpg 300w, https:\/\/www.imobiliare.ro\/imoexpert\/wp-content\/uploads\/2025\/07\/Indice-iunie-2025-08-1-768x768.jpg 768w, https:\/\/www.imobiliare.ro\/imoexpert\/wp-content\/uploads\/2025\/07\/Indice-iunie-2025-08-1-1536x1536.jpg 1536w, https:\/\/www.imobiliare.ro\/imoexpert\/wp-content\/uploads\/2025\/07\/Indice-iunie-2025-08-1-2048x2048.jpg 2048w, https:\/\/www.imobiliare.ro\/imoexpert\/wp-content\/uploads\/2025\/07\/Indice-iunie-2025-08-1-140x140.jpg 140w\" sizes=\"auto, (max-width: 1024px) 100vw, 1024px\" \/><\/figure>\n\n\n\n<p>Apartamentele noi din Bucure\u0219ti s-au scumpit la \u00eenceputul verii, iar avansul \u00eenregistrat local a fost mai semnificativ dec\u00e2t cel ap\u0103rut \u00een alte mari ora\u0219e din \u021bar\u0103, mai exact cu 4,1%. <\/p>\n\n\n\n<p>\u00cen cazul locuin\u021belor vechi, pre\u021burile solicitate cump\u0103r\u0103torilor s-au men\u021binut relativ stabile \u00een acela\u0219i interval de timp. Interesant de men\u021bionat este \u0219i faptul c\u0103 acestea din urm\u0103 s-au scumpit, \u00een ultimul an, cu 18%.<\/p>\n\n\n\n<figure class=\"wp-block-image size-large\"><img loading=\"lazy\" decoding=\"async\" width=\"1024\" height=\"1024\" src=\"https:\/\/www.imobiliare.ro\/imoexpert\/wp-content\/uploads\/2025\/07\/Indice-iunie-2025-09-1024x1024.jpg\" alt=\"\" class=\"wp-image-73052\" srcset=\"https:\/\/www.imobiliare.ro\/imoexpert\/wp-content\/uploads\/2025\/07\/Indice-iunie-2025-09-1024x1024.jpg 1024w, https:\/\/www.imobiliare.ro\/imoexpert\/wp-content\/uploads\/2025\/07\/Indice-iunie-2025-09-300x300.jpg 300w, https:\/\/www.imobiliare.ro\/imoexpert\/wp-content\/uploads\/2025\/07\/Indice-iunie-2025-09-768x768.jpg 768w, https:\/\/www.imobiliare.ro\/imoexpert\/wp-content\/uploads\/2025\/07\/Indice-iunie-2025-09-1536x1536.jpg 1536w, https:\/\/www.imobiliare.ro\/imoexpert\/wp-content\/uploads\/2025\/07\/Indice-iunie-2025-09-2048x2048.jpg 2048w, https:\/\/www.imobiliare.ro\/imoexpert\/wp-content\/uploads\/2025\/07\/Indice-iunie-2025-09-140x140.jpg 140w\" sizes=\"auto, (max-width: 1024px) 100vw, 1024px\" \/><\/figure>\n\n\n\n<p>Pre\u021burile apartamentelor noi din Cluj-Napoca au sc\u0103zut u\u0219or pe parcursul lunii iunie. Discut\u0103m despre o depreciere cu aproape 3% p\u00e2n\u0103 la nivelul de 3.233 euro\/mp util.<\/p>\n\n\n\n<p>\u00cen schimb, \u00een cazul locuin\u021belor vechi pre\u021burile au stagnat de la o lun\u0103 la alta. Proprietarii le solicit\u0103 cump\u0103r\u0103torilor, \u00een medie, 3.125 euro\/mp util pentru apartamentele listate la v\u00e2nzare.<\/p>\n\n\n\n<figure class=\"wp-block-image size-large\"><img loading=\"lazy\" decoding=\"async\" width=\"1024\" height=\"1024\" src=\"https:\/\/www.imobiliare.ro\/imoexpert\/wp-content\/uploads\/2025\/07\/Indice-iunie-2025-10-1024x1024.jpg\" alt=\"\" class=\"wp-image-73053\" srcset=\"https:\/\/www.imobiliare.ro\/imoexpert\/wp-content\/uploads\/2025\/07\/Indice-iunie-2025-10-1024x1024.jpg 1024w, https:\/\/www.imobiliare.ro\/imoexpert\/wp-content\/uploads\/2025\/07\/Indice-iunie-2025-10-300x300.jpg 300w, https:\/\/www.imobiliare.ro\/imoexpert\/wp-content\/uploads\/2025\/07\/Indice-iunie-2025-10-768x768.jpg 768w, https:\/\/www.imobiliare.ro\/imoexpert\/wp-content\/uploads\/2025\/07\/Indice-iunie-2025-10-1536x1536.jpg 1536w, https:\/\/www.imobiliare.ro\/imoexpert\/wp-content\/uploads\/2025\/07\/Indice-iunie-2025-10-2048x2048.jpg 2048w, https:\/\/www.imobiliare.ro\/imoexpert\/wp-content\/uploads\/2025\/07\/Indice-iunie-2025-10-140x140.jpg 140w\" sizes=\"auto, (max-width: 1024px) 100vw, 1024px\" \/><\/figure>\n\n\n\n<p>Dac\u0103 vrei s\u0103 cumperi o locuin\u021b\u0103 \u00een Bra\u0219ov, atunci trebuie s\u0103 \u0219tii c\u0103 pre\u021burile apartamentelor vechi au stagnat \u00een ultima lun\u0103, \u00een timp ce \u00een cazul unit\u0103\u021bilor noi s-au putut observa mici sc\u0103deri. <\/p>\n\n\n\n<p>Apartamentele noi din Bra\u0219ov, aflate \u00een blocuri finalizate \u00een ultimii cinci ani, au intrat \u00een pia\u021b\u0103 la \u00eenceputul verii cu un pre\u021b mediu de 2.500 euro\/mp util, potrivit <a class=\"article-body-links\"href=\"https:\/\/www.imobiliare.ro\/indicele-imobiliare-ro\/brasov\" target=\"_blank\" rel=\"noreferrer noopener\">Indicelui Imobiliare.ro<\/a>.<\/p>\n\n\n\n<figure class=\"wp-block-image size-large\"><img loading=\"lazy\" decoding=\"async\" width=\"1024\" height=\"1024\" src=\"https:\/\/www.imobiliare.ro\/imoexpert\/wp-content\/uploads\/2025\/07\/Indice-iunie-2025-11-1024x1024.jpg\" alt=\"\" class=\"wp-image-73054\" srcset=\"https:\/\/www.imobiliare.ro\/imoexpert\/wp-content\/uploads\/2025\/07\/Indice-iunie-2025-11-1024x1024.jpg 1024w, https:\/\/www.imobiliare.ro\/imoexpert\/wp-content\/uploads\/2025\/07\/Indice-iunie-2025-11-300x300.jpg 300w, https:\/\/www.imobiliare.ro\/imoexpert\/wp-content\/uploads\/2025\/07\/Indice-iunie-2025-11-768x768.jpg 768w, https:\/\/www.imobiliare.ro\/imoexpert\/wp-content\/uploads\/2025\/07\/Indice-iunie-2025-11-1536x1536.jpg 1536w, https:\/\/www.imobiliare.ro\/imoexpert\/wp-content\/uploads\/2025\/07\/Indice-iunie-2025-11-2048x2048.jpg 2048w, https:\/\/www.imobiliare.ro\/imoexpert\/wp-content\/uploads\/2025\/07\/Indice-iunie-2025-11-140x140.jpg 140w\" sizes=\"auto, (max-width: 1024px) 100vw, 1024px\" \/><\/figure>\n\n\n\n<p>O u\u0219oar\u0103 sc\u0103dere a pre\u021burilor, cu 1,5%, a putut fi observat\u0103 \u0219i \u00een cazul apartamentelor noi din Constan\u021ba. Acestea au fost disponibile cump\u0103r\u0103torilor pentru un pre\u021b mediu de 1.984 euro\/mp util.<\/p>\n\n\n\n<p>\u00cen cazul locuin\u021belor de pe pia\u021ba veche, corec\u021bia de pre\u021b a fost \u00een ritm lunar de doar 0,5%. Cump\u0103r\u0103torii au scos din buzunar, \u00een medie, 1.842 euro\/mp util pentru a face o achizi\u021bie imobiliar\u0103, cu aproape 12% mai mult dec\u00e2t \u00een iunie 2024.<\/p>\n\n\n\n<figure class=\"wp-block-image size-large\"><img loading=\"lazy\" decoding=\"async\" width=\"1024\" height=\"1024\" src=\"https:\/\/www.imobiliare.ro\/imoexpert\/wp-content\/uploads\/2025\/07\/Indice-iunie-2025-12-1024x1024.jpg\" alt=\"\" class=\"wp-image-73055\" srcset=\"https:\/\/www.imobiliare.ro\/imoexpert\/wp-content\/uploads\/2025\/07\/Indice-iunie-2025-12-1024x1024.jpg 1024w, https:\/\/www.imobiliare.ro\/imoexpert\/wp-content\/uploads\/2025\/07\/Indice-iunie-2025-12-300x300.jpg 300w, https:\/\/www.imobiliare.ro\/imoexpert\/wp-content\/uploads\/2025\/07\/Indice-iunie-2025-12-768x768.jpg 768w, https:\/\/www.imobiliare.ro\/imoexpert\/wp-content\/uploads\/2025\/07\/Indice-iunie-2025-12-1536x1536.jpg 1536w, https:\/\/www.imobiliare.ro\/imoexpert\/wp-content\/uploads\/2025\/07\/Indice-iunie-2025-12-2048x2048.jpg 2048w, https:\/\/www.imobiliare.ro\/imoexpert\/wp-content\/uploads\/2025\/07\/Indice-iunie-2025-12-140x140.jpg 140w\" sizes=\"auto, (max-width: 1024px) 100vw, 1024px\" \/><\/figure>\n\n\n\n<p>Locuin\u021bele vechi din Timi\u0219oara se men\u021bin mai accesibile dec\u00e2t cele noi, \u00een ciuda faptului c\u0103 proprietarii au scumpit pre\u021burile cu aproape 12% \u00een ultimul an.<\/p>\n\n\n\n<p>Apartamentele aflate \u00een imobile finalizate \u00eencep\u00e2nd cu anul 2020 au fost scoase la v\u00e2nzare, \u00een ultima lun\u0103, cu un pre\u021b mediu de 2.101 euro\/mp util, cu 2,5% mai mare fa\u021b\u0103 de cel \u00eenregistrat \u00een mai.<\/p>\n\n\n\n<figure class=\"wp-block-image size-large\"><img loading=\"lazy\" decoding=\"async\" width=\"1024\" height=\"1024\" src=\"https:\/\/www.imobiliare.ro\/imoexpert\/wp-content\/uploads\/2025\/07\/Indice-iunie-2025-13-1024x1024.jpg\" alt=\"\" class=\"wp-image-73056\" srcset=\"https:\/\/www.imobiliare.ro\/imoexpert\/wp-content\/uploads\/2025\/07\/Indice-iunie-2025-13-1024x1024.jpg 1024w, https:\/\/www.imobiliare.ro\/imoexpert\/wp-content\/uploads\/2025\/07\/Indice-iunie-2025-13-300x300.jpg 300w, https:\/\/www.imobiliare.ro\/imoexpert\/wp-content\/uploads\/2025\/07\/Indice-iunie-2025-13-768x768.jpg 768w, https:\/\/www.imobiliare.ro\/imoexpert\/wp-content\/uploads\/2025\/07\/Indice-iunie-2025-13-1536x1536.jpg 1536w, https:\/\/www.imobiliare.ro\/imoexpert\/wp-content\/uploads\/2025\/07\/Indice-iunie-2025-13-2048x2048.jpg 2048w, https:\/\/www.imobiliare.ro\/imoexpert\/wp-content\/uploads\/2025\/07\/Indice-iunie-2025-13-140x140.jpg 140w\" sizes=\"auto, (max-width: 1024px) 100vw, 1024px\" \/><\/figure>\n\n\n\n<p>Apartamentele noi din Ia\u0219i s-au scumpit \u0219i ele cu aproape 4% \u00een ultima lun\u0103 \u0219i au ajuns s\u0103 fie scoase la v\u00e2nzare cu un pre\u021b mediu de 1.846 euro\/mp util. Cump\u0103r\u0103torii pl\u0103tesc acum cu aproape 17% mai mult pentru a face o achizi\u021bie imobiliar\u0103 fa\u021b\u0103 de costurile pe care le-ar fi avut dac\u0103 ar fi f\u0103cut acest pas la \u00eenceputul verii trecute.<\/p>\n\n\n\n<p>Pre\u021burile solicitate pentru apartamentele vechi se men\u021bin relativ stabile pe pia\u021ba local\u0103.<\/p>\n","protected":false},"excerpt":{"rendered":"<p>Apartamentele noi s-au scumpit cel mai mult \u00een ultima lun\u0103 \u00een Bucure\u0219ti \u0219i \u00een Ia\u0219i. Unele ora\u0219e mari au \u00eenregistrat, \u00een schimb, mici corec\u021bii la nivelul pre\u021burilor. Indicele Imobiliare.ro \u00ee\u021bi arat\u0103 c\u00e2t cost\u0103 locuin\u021bele din ora\u0219ul t\u0103u la \u00eenceputul verii. Apartamentele noi din Bucure\u0219ti s-au scumpit la \u00eenceputul verii, iar avansul \u00eenregistrat local a fost [&hellip;]<\/p>\n","protected":false},"author":5891,"featured_media":73057,"comment_status":"open","ping_status":"open","sticky":true,"template":"","format":"standard","meta":{"footnotes":""},"categories":[259],"tags":[348,353,299,2034,1889],"content_author":[],"class_list":["post-73049","post","type-post","status-publish","format-standard","has-post-thumbnail","hentry","category-stiri","tag-apartamente-noi","tag-apartamente-vechi","tag-indicele-imobiliare-ro","tag-preturi-apartamente-bucuresti","tag-preturi-apartamente-cluj-nappoca"],"yoast_head":"<!-- This site is optimized with the Yoast SEO Premium plugin v27.0 (Yoast SEO v27.0) - https:\/\/yoast.com\/product\/yoast-seo-premium-wordpress\/ -->\n<title>Scumpiri, dar \u0219i mici corec\u021bii ale pre\u021burilor la \u00eenceputul verii. C\u00e2t cost\u0103 apartamentele din ora\u0219ul t\u0103u? - GRAFICE - \u0218tiri - ImoExpert<\/title>\n<meta name=\"description\" content=\"Apartamentele noi s-au scumpit cel mai mult \u00een ultima lun\u0103 \u00een Bucure\u0219ti \u0219i \u00een Ia\u0219i. Unele ora\u0219e mari au \u00eenregistrat, \u00een schimb, mici corec\u021bii la nivelul\" \/>\n<meta name=\"robots\" content=\"index, follow\" \/>\n<link rel=\"canonical\" href=\"https:\/\/www.imobiliare.ro\/imoexpert\/scumpiri-dar-si-mici-corectii-ale-preturilor-la-inceputul-verii-cat-costa-apartamentele-din-orasul-tau-grafice_db\/\" \/>\n<meta property=\"og:locale\" content=\"ro_RO\" \/>\n<meta property=\"og:type\" content=\"article\" \/>\n<meta property=\"og:title\" content=\"Scumpiri, dar \u0219i mici corec\u021bii ale pre\u021burilor la \u00eenceputul verii. C\u00e2t cost\u0103 apartamentele din ora\u0219ul t\u0103u? - GRAFICE\" \/>\n<meta property=\"og:description\" content=\"Apartamentele noi s-au scumpit cel mai mult \u00een ultima lun\u0103 \u00een Bucure\u0219ti \u0219i \u00een Ia\u0219i. Unele ora\u0219e mari au \u00eenregistrat, \u00een schimb, mici corec\u021bii la nivelul\" \/>\n<meta property=\"og:url\" content=\"https:\/\/www.imobiliare.ro\/imoexpert\/scumpiri-dar-si-mici-corectii-ale-preturilor-la-inceputul-verii-cat-costa-apartamentele-din-orasul-tau-grafice_db\/\" \/>\n<meta property=\"og:site_name\" content=\"ImoExpert\" \/>\n<meta property=\"article:published_time\" content=\"2025-07-01T10:33:22+00:00\" \/>\n<meta property=\"og:image\" content=\"https:\/\/www.imobiliare.ro\/imoexpert\/wp-content\/uploads\/2025\/07\/preturile-apartamentelor-din-marile-orase-indicele-imobiliare.ro_.jpg\" \/>\n\t<meta property=\"og:image:width\" content=\"2000\" \/>\n\t<meta property=\"og:image:height\" content=\"1222\" \/>\n\t<meta property=\"og:image:type\" content=\"image\/jpeg\" \/>\n<meta name=\"author\" content=\"Corina V\u00e2rlan\" \/>\n<meta name=\"twitter:card\" content=\"summary_large_image\" \/>\n<meta name=\"twitter:label1\" content=\"Written by\" \/>\n\t<meta name=\"twitter:data1\" content=\"Corina V\u00e2rlan\" \/>\n\t<meta name=\"twitter:label2\" content=\"Est. reading time\" \/>\n\t<meta name=\"twitter:data2\" content=\"4 minute\" \/>\n<script type=\"application\/ld+json\" class=\"yoast-schema-graph\">{\"@context\":\"https:\/\/schema.org\",\"@graph\":[{\"@type\":\"Article\",\"@id\":\"https:\/\/www.imobiliare.ro\/imoexpert\/scumpiri-dar-si-mici-corectii-ale-preturilor-la-inceputul-verii-cat-costa-apartamentele-din-orasul-tau-grafice_db\/#article\",\"isPartOf\":{\"@id\":\"https:\/\/www.imobiliare.ro\/imoexpert\/scumpiri-dar-si-mici-corectii-ale-preturilor-la-inceputul-verii-cat-costa-apartamentele-din-orasul-tau-grafice_db\/\"},\"author\":{\"name\":\"Corina V\u00e2rlan\",\"@id\":\"https:\/\/www.imobiliare.ro\/imoexpert\/#\/schema\/person\/9ffdfbf24b82f39fc75a2fc6c19e4e99\"},\"headline\":\"Scumpiri, dar \u0219i mici corec\u021bii ale pre\u021burilor la \u00eenceputul verii. C\u00e2t cost\u0103 apartamentele din ora\u0219ul t\u0103u? &#8211; GRAFICE\",\"datePublished\":\"2025-07-01T10:33:22+00:00\",\"mainEntityOfPage\":{\"@id\":\"https:\/\/www.imobiliare.ro\/imoexpert\/scumpiri-dar-si-mici-corectii-ale-preturilor-la-inceputul-verii-cat-costa-apartamentele-din-orasul-tau-grafice_db\/\"},\"wordCount\":507,\"commentCount\":0,\"publisher\":{\"@id\":\"https:\/\/www.imobiliare.ro\/imoexpert\/#organization\"},\"image\":{\"@id\":\"https:\/\/www.imobiliare.ro\/imoexpert\/scumpiri-dar-si-mici-corectii-ale-preturilor-la-inceputul-verii-cat-costa-apartamentele-din-orasul-tau-grafice_db\/#primaryimage\"},\"thumbnailUrl\":\"https:\/\/www.imobiliare.ro\/imoexpert\/wp-content\/uploads\/2025\/07\/preturile-apartamentelor-din-marile-orase-indicele-imobiliare.ro_.jpg\",\"keywords\":[\"Apartamente noi\",\"apartamente vechi\",\"indicele imobiliare.ro\",\"preturi apartamente Bucuresti\",\"preturi apartamente Cluj-Nappoca\"],\"articleSection\":[\"\u0218tiri\"],\"inLanguage\":\"en\",\"potentialAction\":[{\"@type\":\"CommentAction\",\"name\":\"Comment\",\"target\":[\"https:\/\/www.imobiliare.ro\/imoexpert\/scumpiri-dar-si-mici-corectii-ale-preturilor-la-inceputul-verii-cat-costa-apartamentele-din-orasul-tau-grafice_db\/#respond\"]}],\"copyrightYear\":\"2025\",\"copyrightHolder\":{\"@id\":\"https:\/\/www.imobiliare.ro\/imoexpert\/#organization\"}},{\"@type\":\"WebPage\",\"@id\":\"https:\/\/www.imobiliare.ro\/imoexpert\/scumpiri-dar-si-mici-corectii-ale-preturilor-la-inceputul-verii-cat-costa-apartamentele-din-orasul-tau-grafice_db\/\",\"url\":\"https:\/\/www.imobiliare.ro\/imoexpert\/scumpiri-dar-si-mici-corectii-ale-preturilor-la-inceputul-verii-cat-costa-apartamentele-din-orasul-tau-grafice_db\/\",\"name\":\"Scumpiri, dar \u0219i mici corec\u021bii ale pre\u021burilor la \u00eenceputul verii. C\u00e2t cost\u0103 apartamentele din ora\u0219ul t\u0103u? - GRAFICE - \u0218tiri - ImoExpert\",\"isPartOf\":{\"@id\":\"https:\/\/www.imobiliare.ro\/imoexpert\/#website\"},\"primaryImageOfPage\":{\"@id\":\"https:\/\/www.imobiliare.ro\/imoexpert\/scumpiri-dar-si-mici-corectii-ale-preturilor-la-inceputul-verii-cat-costa-apartamentele-din-orasul-tau-grafice_db\/#primaryimage\"},\"image\":{\"@id\":\"https:\/\/www.imobiliare.ro\/imoexpert\/scumpiri-dar-si-mici-corectii-ale-preturilor-la-inceputul-verii-cat-costa-apartamentele-din-orasul-tau-grafice_db\/#primaryimage\"},\"thumbnailUrl\":\"https:\/\/www.imobiliare.ro\/imoexpert\/wp-content\/uploads\/2025\/07\/preturile-apartamentelor-din-marile-orase-indicele-imobiliare.ro_.jpg\",\"datePublished\":\"2025-07-01T10:33:22+00:00\",\"description\":\"Apartamentele noi s-au scumpit cel mai mult \u00een ultima lun\u0103 \u00een Bucure\u0219ti \u0219i \u00een Ia\u0219i. Unele ora\u0219e mari au \u00eenregistrat, \u00een schimb, mici corec\u021bii la nivelul\",\"breadcrumb\":{\"@id\":\"https:\/\/www.imobiliare.ro\/imoexpert\/scumpiri-dar-si-mici-corectii-ale-preturilor-la-inceputul-verii-cat-costa-apartamentele-din-orasul-tau-grafice_db\/#breadcrumb\"},\"inLanguage\":\"en\",\"potentialAction\":[{\"@type\":\"ReadAction\",\"target\":[\"https:\/\/www.imobiliare.ro\/imoexpert\/scumpiri-dar-si-mici-corectii-ale-preturilor-la-inceputul-verii-cat-costa-apartamentele-din-orasul-tau-grafice_db\/\"]}]},{\"@type\":\"ImageObject\",\"inLanguage\":\"en\",\"@id\":\"https:\/\/www.imobiliare.ro\/imoexpert\/scumpiri-dar-si-mici-corectii-ale-preturilor-la-inceputul-verii-cat-costa-apartamentele-din-orasul-tau-grafice_db\/#primaryimage\",\"url\":\"https:\/\/www.imobiliare.ro\/imoexpert\/wp-content\/uploads\/2025\/07\/preturile-apartamentelor-din-marile-orase-indicele-imobiliare.ro_.jpg\",\"contentUrl\":\"https:\/\/www.imobiliare.ro\/imoexpert\/wp-content\/uploads\/2025\/07\/preturile-apartamentelor-din-marile-orase-indicele-imobiliare.ro_.jpg\",\"width\":2000,\"height\":1222},{\"@type\":\"BreadcrumbList\",\"@id\":\"https:\/\/www.imobiliare.ro\/imoexpert\/scumpiri-dar-si-mici-corectii-ale-preturilor-la-inceputul-verii-cat-costa-apartamentele-din-orasul-tau-grafice_db\/#breadcrumb\",\"itemListElement\":[{\"@type\":\"ListItem\",\"position\":1,\"name\":\"Imoradar24\",\"item\":\"https:\/\/www.imoradar24.ro\"},{\"@type\":\"ListItem\",\"position\":2,\"name\":\"ImoExpert\",\"item\":\"https:\/\/www.imobiliare.ro\/imoexpert\/\"},{\"@type\":\"ListItem\",\"position\":3,\"name\":\"\u0218tiri\",\"item\":\"https:\/\/www.imobiliare.ro\/imoexpert\/stiri\/\"},{\"@type\":\"ListItem\",\"position\":4,\"name\":\"Scumpiri, dar \u0219i mici corec\u021bii ale pre\u021burilor la \u00eenceputul verii. C\u00e2t cost\u0103 apartamentele din ora\u0219ul t\u0103u? &#8211; GRAFICE\"}]},{\"@type\":\"WebSite\",\"@id\":\"https:\/\/www.imobiliare.ro\/imoexpert\/#website\",\"url\":\"https:\/\/www.imobiliare.ro\/imoexpert\/\",\"name\":\"ImoExpert\",\"description\":\"cele mai importante \u015ftiri din domeniul imobiliar\",\"publisher\":{\"@id\":\"https:\/\/www.imobiliare.ro\/imoexpert\/#organization\"},\"inLanguage\":\"en\"},{\"@type\":\"Organization\",\"@id\":\"https:\/\/www.imobiliare.ro\/imoexpert\/#organization\",\"name\":\"Imobiliare.ro\",\"alternateName\":\"Realmedia Network SA\",\"url\":\"https:\/\/www.imobiliare.ro\/imoexpert\/\",\"logo\":{\"@type\":\"ImageObject\",\"inLanguage\":\"en\",\"@id\":\"https:\/\/www.imobiliare.ro\/imoexpert\/#\/schema\/logo\/image\/\",\"url\":\"https:\/\/www.imobiliare.ro\/imoexpert\/wp-content\/uploads\/2025\/05\/imobiliare_logo.png\",\"contentUrl\":\"https:\/\/www.imobiliare.ro\/imoexpert\/wp-content\/uploads\/2025\/05\/imobiliare_logo.png\",\"width\":237,\"height\":29,\"caption\":\"Imobiliare.ro\"},\"image\":{\"@id\":\"https:\/\/www.imobiliare.ro\/imoexpert\/#\/schema\/logo\/image\/\"}},{\"@type\":\"Person\",\"@id\":\"https:\/\/www.imobiliare.ro\/imoexpert\/#\/schema\/person\/9ffdfbf24b82f39fc75a2fc6c19e4e99\",\"name\":\"Corina V\u00e2rlan\",\"image\":{\"@type\":\"ImageObject\",\"inLanguage\":\"en\",\"@id\":\"https:\/\/www.imobiliare.ro\/imoexpert\/#\/schema\/person\/image\/\",\"url\":\"https:\/\/www.imobiliare.ro\/imoexpert\/wp-content\/uploads\/2026\/02\/12-02-2025-5-rezumat-brasov-thumb-reels-1-1-96x96.png\",\"contentUrl\":\"https:\/\/www.imobiliare.ro\/imoexpert\/wp-content\/uploads\/2026\/02\/12-02-2025-5-rezumat-brasov-thumb-reels-1-1-96x96.png\",\"caption\":\"Corina V\u00e2rlan\"},\"description\":\"Cu o experien\u021b\u0103 de 14 ani \u00een presa online, comunicare \u0219i content marketing, Corina V\u00e2rlan s-a al\u0103turat echipei Imobiliare.ro \u00een urm\u0103 cu 8 ani \u0219i ocup\u0103, \u00een prezent, func\u021bia de Content Manager. Ea este gazda emisiunii \\\"\u00centreab\u0103 expertul\\\" \u0219i a seriei 5 \u0218tiri Imobiliare.ro, realizate \u00een parteneriat cu Libertatea. Corina \u00ee\u0219i concentreaz\u0103 activitatea pe analiza datelor de pia\u021b\u0103 \u0219i pe subiecte de interes at\u00e2t pentru cei afla\u021bi \u00een c\u0103utarea unei locuin\u021be, c\u00e2t \u0219i pentru proprietari sau chiria\u0219i.\",\"alternateName\":\"Corina\",\"jobTitle\":\"Content Manager\",\"url\":\"https:\/\/www.imobiliare.ro\/imoexpert\/author\/corina-varlan\/\"}]}<\/script>\n<!-- \/ Yoast SEO Premium plugin. -->","yoast_head_json":{"title":"Scumpiri, dar \u0219i mici corec\u021bii ale pre\u021burilor la \u00eenceputul verii. C\u00e2t cost\u0103 apartamentele din ora\u0219ul t\u0103u? - GRAFICE - \u0218tiri - ImoExpert","description":"Apartamentele noi s-au scumpit cel mai mult \u00een ultima lun\u0103 \u00een Bucure\u0219ti \u0219i \u00een Ia\u0219i. Unele ora\u0219e mari au \u00eenregistrat, \u00een schimb, mici corec\u021bii la nivelul","robots":{"index":"index","follow":"follow"},"canonical":"https:\/\/www.imobiliare.ro\/imoexpert\/scumpiri-dar-si-mici-corectii-ale-preturilor-la-inceputul-verii-cat-costa-apartamentele-din-orasul-tau-grafice_db\/","og_locale":"ro_RO","og_type":"article","og_title":"Scumpiri, dar \u0219i mici corec\u021bii ale pre\u021burilor la \u00eenceputul verii. C\u00e2t cost\u0103 apartamentele din ora\u0219ul t\u0103u? - GRAFICE","og_description":"Apartamentele noi s-au scumpit cel mai mult \u00een ultima lun\u0103 \u00een Bucure\u0219ti \u0219i \u00een Ia\u0219i. Unele ora\u0219e mari au \u00eenregistrat, \u00een schimb, mici corec\u021bii la nivelul","og_url":"https:\/\/www.imobiliare.ro\/imoexpert\/scumpiri-dar-si-mici-corectii-ale-preturilor-la-inceputul-verii-cat-costa-apartamentele-din-orasul-tau-grafice_db\/","og_site_name":"ImoExpert","article_published_time":"2025-07-01T10:33:22+00:00","og_image":[{"width":2000,"height":1222,"url":"https:\/\/www.imobiliare.ro\/imoexpert\/wp-content\/uploads\/2025\/07\/preturile-apartamentelor-din-marile-orase-indicele-imobiliare.ro_.jpg","type":"image\/jpeg"}],"author":"Corina V\u00e2rlan","twitter_card":"summary_large_image","twitter_misc":{"Written by":"Corina V\u00e2rlan","Est. reading time":"4 minute"},"schema":{"@context":"https:\/\/schema.org","@graph":[{"@type":"Article","@id":"https:\/\/www.imobiliare.ro\/imoexpert\/scumpiri-dar-si-mici-corectii-ale-preturilor-la-inceputul-verii-cat-costa-apartamentele-din-orasul-tau-grafice_db\/#article","isPartOf":{"@id":"https:\/\/www.imobiliare.ro\/imoexpert\/scumpiri-dar-si-mici-corectii-ale-preturilor-la-inceputul-verii-cat-costa-apartamentele-din-orasul-tau-grafice_db\/"},"author":{"name":"Corina V\u00e2rlan","@id":"https:\/\/www.imobiliare.ro\/imoexpert\/#\/schema\/person\/9ffdfbf24b82f39fc75a2fc6c19e4e99"},"headline":"Scumpiri, dar \u0219i mici corec\u021bii ale pre\u021burilor la \u00eenceputul verii. C\u00e2t cost\u0103 apartamentele din ora\u0219ul t\u0103u? &#8211; GRAFICE","datePublished":"2025-07-01T10:33:22+00:00","mainEntityOfPage":{"@id":"https:\/\/www.imobiliare.ro\/imoexpert\/scumpiri-dar-si-mici-corectii-ale-preturilor-la-inceputul-verii-cat-costa-apartamentele-din-orasul-tau-grafice_db\/"},"wordCount":507,"commentCount":0,"publisher":{"@id":"https:\/\/www.imobiliare.ro\/imoexpert\/#organization"},"image":{"@id":"https:\/\/www.imobiliare.ro\/imoexpert\/scumpiri-dar-si-mici-corectii-ale-preturilor-la-inceputul-verii-cat-costa-apartamentele-din-orasul-tau-grafice_db\/#primaryimage"},"thumbnailUrl":"https:\/\/www.imobiliare.ro\/imoexpert\/wp-content\/uploads\/2025\/07\/preturile-apartamentelor-din-marile-orase-indicele-imobiliare.ro_.jpg","keywords":["Apartamente noi","apartamente vechi","indicele imobiliare.ro","preturi apartamente Bucuresti","preturi apartamente Cluj-Nappoca"],"articleSection":["\u0218tiri"],"inLanguage":"en","potentialAction":[{"@type":"CommentAction","name":"Comment","target":["https:\/\/www.imobiliare.ro\/imoexpert\/scumpiri-dar-si-mici-corectii-ale-preturilor-la-inceputul-verii-cat-costa-apartamentele-din-orasul-tau-grafice_db\/#respond"]}],"copyrightYear":"2025","copyrightHolder":{"@id":"https:\/\/www.imobiliare.ro\/imoexpert\/#organization"}},{"@type":"WebPage","@id":"https:\/\/www.imobiliare.ro\/imoexpert\/scumpiri-dar-si-mici-corectii-ale-preturilor-la-inceputul-verii-cat-costa-apartamentele-din-orasul-tau-grafice_db\/","url":"https:\/\/www.imobiliare.ro\/imoexpert\/scumpiri-dar-si-mici-corectii-ale-preturilor-la-inceputul-verii-cat-costa-apartamentele-din-orasul-tau-grafice_db\/","name":"Scumpiri, dar \u0219i mici corec\u021bii ale pre\u021burilor la \u00eenceputul verii. C\u00e2t cost\u0103 apartamentele din ora\u0219ul t\u0103u? - GRAFICE - \u0218tiri - ImoExpert","isPartOf":{"@id":"https:\/\/www.imobiliare.ro\/imoexpert\/#website"},"primaryImageOfPage":{"@id":"https:\/\/www.imobiliare.ro\/imoexpert\/scumpiri-dar-si-mici-corectii-ale-preturilor-la-inceputul-verii-cat-costa-apartamentele-din-orasul-tau-grafice_db\/#primaryimage"},"image":{"@id":"https:\/\/www.imobiliare.ro\/imoexpert\/scumpiri-dar-si-mici-corectii-ale-preturilor-la-inceputul-verii-cat-costa-apartamentele-din-orasul-tau-grafice_db\/#primaryimage"},"thumbnailUrl":"https:\/\/www.imobiliare.ro\/imoexpert\/wp-content\/uploads\/2025\/07\/preturile-apartamentelor-din-marile-orase-indicele-imobiliare.ro_.jpg","datePublished":"2025-07-01T10:33:22+00:00","description":"Apartamentele noi s-au scumpit cel mai mult \u00een ultima lun\u0103 \u00een Bucure\u0219ti \u0219i \u00een Ia\u0219i. Unele ora\u0219e mari au \u00eenregistrat, \u00een schimb, mici corec\u021bii la nivelul","breadcrumb":{"@id":"https:\/\/www.imobiliare.ro\/imoexpert\/scumpiri-dar-si-mici-corectii-ale-preturilor-la-inceputul-verii-cat-costa-apartamentele-din-orasul-tau-grafice_db\/#breadcrumb"},"inLanguage":"en","potentialAction":[{"@type":"ReadAction","target":["https:\/\/www.imobiliare.ro\/imoexpert\/scumpiri-dar-si-mici-corectii-ale-preturilor-la-inceputul-verii-cat-costa-apartamentele-din-orasul-tau-grafice_db\/"]}]},{"@type":"ImageObject","inLanguage":"en","@id":"https:\/\/www.imobiliare.ro\/imoexpert\/scumpiri-dar-si-mici-corectii-ale-preturilor-la-inceputul-verii-cat-costa-apartamentele-din-orasul-tau-grafice_db\/#primaryimage","url":"https:\/\/www.imobiliare.ro\/imoexpert\/wp-content\/uploads\/2025\/07\/preturile-apartamentelor-din-marile-orase-indicele-imobiliare.ro_.jpg","contentUrl":"https:\/\/www.imobiliare.ro\/imoexpert\/wp-content\/uploads\/2025\/07\/preturile-apartamentelor-din-marile-orase-indicele-imobiliare.ro_.jpg","width":2000,"height":1222},{"@type":"BreadcrumbList","@id":"https:\/\/www.imobiliare.ro\/imoexpert\/scumpiri-dar-si-mici-corectii-ale-preturilor-la-inceputul-verii-cat-costa-apartamentele-din-orasul-tau-grafice_db\/#breadcrumb","itemListElement":[{"@type":"ListItem","position":1,"name":"Imoradar24","item":"https:\/\/www.imoradar24.ro"},{"@type":"ListItem","position":2,"name":"ImoExpert","item":"https:\/\/www.imobiliare.ro\/imoexpert\/"},{"@type":"ListItem","position":3,"name":"\u0218tiri","item":"https:\/\/www.imobiliare.ro\/imoexpert\/stiri\/"},{"@type":"ListItem","position":4,"name":"Scumpiri, dar \u0219i mici corec\u021bii ale pre\u021burilor la \u00eenceputul verii. C\u00e2t cost\u0103 apartamentele din ora\u0219ul t\u0103u? &#8211; GRAFICE"}]},{"@type":"WebSite","@id":"https:\/\/www.imobiliare.ro\/imoexpert\/#website","url":"https:\/\/www.imobiliare.ro\/imoexpert\/","name":"ImoExpert","description":"cele mai importante \u015ftiri din domeniul imobiliar","publisher":{"@id":"https:\/\/www.imobiliare.ro\/imoexpert\/#organization"},"inLanguage":"en"},{"@type":"Organization","@id":"https:\/\/www.imobiliare.ro\/imoexpert\/#organization","name":"Imobiliare.ro","alternateName":"Realmedia Network SA","url":"https:\/\/www.imobiliare.ro\/imoexpert\/","logo":{"@type":"ImageObject","inLanguage":"en","@id":"https:\/\/www.imobiliare.ro\/imoexpert\/#\/schema\/logo\/image\/","url":"https:\/\/www.imobiliare.ro\/imoexpert\/wp-content\/uploads\/2025\/05\/imobiliare_logo.png","contentUrl":"https:\/\/www.imobiliare.ro\/imoexpert\/wp-content\/uploads\/2025\/05\/imobiliare_logo.png","width":237,"height":29,"caption":"Imobiliare.ro"},"image":{"@id":"https:\/\/www.imobiliare.ro\/imoexpert\/#\/schema\/logo\/image\/"}},{"@type":"Person","@id":"https:\/\/www.imobiliare.ro\/imoexpert\/#\/schema\/person\/9ffdfbf24b82f39fc75a2fc6c19e4e99","name":"Corina V\u00e2rlan","image":{"@type":"ImageObject","inLanguage":"en","@id":"https:\/\/www.imobiliare.ro\/imoexpert\/#\/schema\/person\/image\/","url":"https:\/\/www.imobiliare.ro\/imoexpert\/wp-content\/uploads\/2026\/02\/12-02-2025-5-rezumat-brasov-thumb-reels-1-1-96x96.png","contentUrl":"https:\/\/www.imobiliare.ro\/imoexpert\/wp-content\/uploads\/2026\/02\/12-02-2025-5-rezumat-brasov-thumb-reels-1-1-96x96.png","caption":"Corina V\u00e2rlan"},"description":"Cu o experien\u021b\u0103 de 14 ani \u00een presa online, comunicare \u0219i content marketing, Corina V\u00e2rlan s-a al\u0103turat echipei Imobiliare.ro \u00een urm\u0103 cu 8 ani \u0219i ocup\u0103, \u00een prezent, func\u021bia de Content Manager. Ea este gazda emisiunii \"\u00centreab\u0103 expertul\" \u0219i a seriei 5 \u0218tiri Imobiliare.ro, realizate \u00een parteneriat cu Libertatea. Corina \u00ee\u0219i concentreaz\u0103 activitatea pe analiza datelor de pia\u021b\u0103 \u0219i pe subiecte de interes at\u00e2t pentru cei afla\u021bi \u00een c\u0103utarea unei locuin\u021be, c\u00e2t \u0219i pentru proprietari sau chiria\u0219i.","alternateName":"Corina","jobTitle":"Content Manager","url":"https:\/\/www.imobiliare.ro\/imoexpert\/author\/corina-varlan\/"}]}},"_links":{"self":[{"href":"https:\/\/www.imobiliare.ro\/imoexpert\/wp-json\/wp\/v2\/posts\/73049","targetHints":{"allow":["GET"]}}],"collection":[{"href":"https:\/\/www.imobiliare.ro\/imoexpert\/wp-json\/wp\/v2\/posts"}],"about":[{"href":"https:\/\/www.imobiliare.ro\/imoexpert\/wp-json\/wp\/v2\/types\/post"}],"author":[{"embeddable":true,"href":"https:\/\/www.imobiliare.ro\/imoexpert\/wp-json\/wp\/v2\/users\/5891"}],"replies":[{"embeddable":true,"href":"https:\/\/www.imobiliare.ro\/imoexpert\/wp-json\/wp\/v2\/comments?post=73049"}],"version-history":[{"count":0,"href":"https:\/\/www.imobiliare.ro\/imoexpert\/wp-json\/wp\/v2\/posts\/73049\/revisions"}],"wp:featuredmedia":[{"embeddable":true,"href":"https:\/\/www.imobiliare.ro\/imoexpert\/wp-json\/wp\/v2\/media\/73057"}],"wp:attachment":[{"href":"https:\/\/www.imobiliare.ro\/imoexpert\/wp-json\/wp\/v2\/media?parent=73049"}],"wp:term":[{"taxonomy":"category","embeddable":true,"href":"https:\/\/www.imobiliare.ro\/imoexpert\/wp-json\/wp\/v2\/categories?post=73049"},{"taxonomy":"post_tag","embeddable":true,"href":"https:\/\/www.imobiliare.ro\/imoexpert\/wp-json\/wp\/v2\/tags?post=73049"},{"taxonomy":"content_author","embeddable":true,"href":"https:\/\/www.imobiliare.ro\/imoexpert\/wp-json\/wp\/v2\/content_author?post=73049"}],"curies":[{"name":"wp","href":"https:\/\/api.w.org\/{rel}","templated":true}]}}