{"id":73123,"date":"2025-07-04T12:12:37","date_gmt":"2025-07-04T09:12:37","guid":{"rendered":"https:\/\/www.imobiliare.ro\/imoexpert\/?p=73123"},"modified":"2025-07-04T12:12:37","modified_gmt":"2025-07-04T09:12:37","slug":"se-lanseaza-un-nou-proiect-rezidential-in-estul-capitalei","status":"publish","type":"post","link":"https:\/\/www.imobiliare.ro\/imoexpert\/se-lanseaza-un-nou-proiect-rezidential-in-estul-capitalei_db\/","title":{"rendered":"Se lanseaz\u0103 un nou proiect reziden\u021bial \u00een estul Capitalei"},"content":{"rendered":"\n<figure class=\"wp-block-image size-full\"><img loading=\"lazy\" decoding=\"async\" width=\"1200\" height=\"675\" src=\"https:\/\/www.imobiliare.ro\/imoexpert\/wp-content\/uploads\/2025\/07\/Vivenda-Prime3.jpg\" alt=\"\" class=\"wp-image-73124\" srcset=\"https:\/\/www.imobiliare.ro\/imoexpert\/wp-content\/uploads\/2025\/07\/Vivenda-Prime3.jpg 1200w, https:\/\/www.imobiliare.ro\/imoexpert\/wp-content\/uploads\/2025\/07\/Vivenda-Prime3-300x169.jpg 300w, https:\/\/www.imobiliare.ro\/imoexpert\/wp-content\/uploads\/2025\/07\/Vivenda-Prime3-768x432.jpg 768w\" sizes=\"auto, (max-width: 1200px) 100vw, 1200px\" \/><\/figure>\n\n\n\n<p><strong>Dezvoltatorul Hercesa Rom\u00e2nia, activ pe pia\u021ba local\u0103 de 20 de ani, lanseaz\u0103 un nou proiect reziden\u021bial. Vivenda Prime va fi localizat \u00een estul Capitalei \u0219i cuprinde 105 apartamente cu 3 \u0219i 4 camere. <\/strong><\/p>\n\n\n\n<p>Proiectul include o piscin\u0103 exterioar\u0103, amplasat\u0103 \u00eentr-o zon\u0103 comun\u0103, destinat\u0103 exclusiv reziden\u021bilor \u0219i sisteme de eficien\u021b\u0103 energetic\u0103, printre care \u0219i pompe de c\u0103ldur\u0103. Accesul \u00een incint\u0103 urmeaz\u0103 s\u0103 fie securizat. <\/p>\n\n\n\n<p>Ansamblul va beneficia de un spa\u021biu comercial deschis publicului \u0219i de o zon\u0103 multifunc\u021bional\u0103, care poate fi accesat\u0103 doar de c\u0103tre locatari, pentru activit\u0103\u021bi comune precum \u0219edin\u021be, evenimente sau petreceri.<\/p>\n\n\n\n<figure class=\"wp-block-image size-full\"><img loading=\"lazy\" decoding=\"async\" width=\"1125\" height=\"750\" src=\"https:\/\/www.imobiliare.ro\/imoexpert\/wp-content\/uploads\/2025\/07\/Vivenda-Prime1.jpg\" alt=\"\" class=\"wp-image-73125\" srcset=\"https:\/\/www.imobiliare.ro\/imoexpert\/wp-content\/uploads\/2025\/07\/Vivenda-Prime1.jpg 1125w, https:\/\/www.imobiliare.ro\/imoexpert\/wp-content\/uploads\/2025\/07\/Vivenda-Prime1-300x200.jpg 300w, https:\/\/www.imobiliare.ro\/imoexpert\/wp-content\/uploads\/2025\/07\/Vivenda-Prime1-768x512.jpg 768w\" sizes=\"auto, (max-width: 1125px) 100vw, 1125px\" \/><\/figure>\n\n\n\n<p><a class=\"article-body-links\"href=\"https:\/\/www.imobiliare.ro\/ansamblu-rezidential\/vivenda-prime-titan\" target=\"_blank\" rel=\"noreferrer noopener\">Vivenda Prime<\/a> va fi construit \u00een proximitatea proiectului <a class=\"article-body-links\"href=\"https:\/\/www.imobiliare.ro\/ansamblu-rezidential\/vivenda-residencias-titan\" target=\"_blank\" rel=\"noreferrer noopener\">Vivenda Residencias<\/a>, \u00een cadrul c\u0103ruia dezvoltatorul a livrat peste 1.100 de apartamente.<\/p>\n\n\n\n<p>\u00cen portofoliul Hercesa Rom\u00e2nia se afl\u0103 \u0219i proiectul<a class=\"article-body-links\"href=\"https:\/\/www.imobiliare.ro\/ansamblu-rezidential\/stellaris-residencias-drumul-taberei\" target=\"_blank\" rel=\"noreferrer noopener\"> Stellaris Residencias<\/a>, aflat \u00een apropierea Parcului Drumul Taberei. Prima cl\u0103dire din acest proiect a fost finalizat\u0103 \u0219i v\u00e2ndut\u0103 \u00een propor\u021bie de 97%, cel de-al doilea bloc este finalizat \u00een propor\u021bie de 70% \u0219i v\u00e2ndut \u00een procent de 85%. Dezvoltatorul a anun\u021bat recent \u00eenceperea lucr\u0103rilor la a treia etap\u0103 a primei faze din Stellaris Residencias, care va cuprinde 112 apartamente.<\/p>\n","protected":false},"excerpt":{"rendered":"<p>Dezvoltatorul Hercesa Rom\u00e2nia, activ pe pia\u021ba local\u0103 de 20 de ani, lanseaz\u0103 un nou proiect reziden\u021bial. Vivenda Prime va fi localizat \u00een estul Capitalei \u0219i cuprinde 105 apartamente cu 3 \u0219i 4 camere. Proiectul include o piscin\u0103 exterioar\u0103, amplasat\u0103 \u00eentr-o zon\u0103 comun\u0103, destinat\u0103 exclusiv reziden\u021bilor \u0219i sisteme de eficien\u021b\u0103 energetic\u0103, printre care \u0219i pompe de [&hellip;]<\/p>\n","protected":false},"author":5891,"featured_media":73124,"comment_status":"open","ping_status":"open","sticky":true,"template":"","format":"standard","meta":{"footnotes":""},"categories":[259],"tags":[586,2210,425,2368],"content_author":[],"class_list":["post-73123","post","type-post","status-publish","format-standard","has-post-thumbnail","hentry","category-stiri","tag-apartamente-bucuresti","tag-hercesa","tag-proiecte-noi","tag-vivenda-prime"],"yoast_head":"<!-- This site is optimized with the Yoast SEO Premium plugin v27.0 (Yoast SEO v27.0) - https:\/\/yoast.com\/product\/yoast-seo-premium-wordpress\/ -->\n<title>Se lanseaz\u0103 un nou proiect reziden\u021bial \u00een estul Capitalei - \u0218tiri - ImoExpert<\/title>\n<meta name=\"description\" content=\"Dezvoltatorul Hercesa Rom\u00e2nia, activ pe pia\u021ba local\u0103 de 20 de ani, lanseaz\u0103 un nou proiect reziden\u021bial. Vivenda Prime va fi localizat \u00een estul Capitalei\" \/>\n<meta name=\"robots\" content=\"index, follow\" \/>\n<link rel=\"canonical\" href=\"https:\/\/www.imobiliare.ro\/imoexpert\/se-lanseaza-un-nou-proiect-rezidential-in-estul-capitalei_db\/\" \/>\n<meta property=\"og:locale\" content=\"ro_RO\" \/>\n<meta property=\"og:type\" content=\"article\" \/>\n<meta property=\"og:title\" content=\"Se lanseaz\u0103 un nou proiect reziden\u021bial \u00een estul Capitalei\" \/>\n<meta property=\"og:description\" content=\"Dezvoltatorul Hercesa Rom\u00e2nia, activ pe pia\u021ba local\u0103 de 20 de ani, lanseaz\u0103 un nou proiect reziden\u021bial. Vivenda Prime va fi localizat \u00een estul Capitalei\" \/>\n<meta property=\"og:url\" content=\"https:\/\/www.imobiliare.ro\/imoexpert\/se-lanseaza-un-nou-proiect-rezidential-in-estul-capitalei_db\/\" \/>\n<meta property=\"og:site_name\" content=\"ImoExpert\" \/>\n<meta property=\"article:published_time\" content=\"2025-07-04T09:12:37+00:00\" \/>\n<meta property=\"og:image\" content=\"https:\/\/www.imobiliare.ro\/imoexpert\/wp-content\/uploads\/2025\/07\/Vivenda-Prime3.jpg\" \/>\n\t<meta property=\"og:image:width\" content=\"1200\" \/>\n\t<meta property=\"og:image:height\" content=\"675\" \/>\n\t<meta property=\"og:image:type\" content=\"image\/jpeg\" \/>\n<meta name=\"author\" content=\"Corina V\u00e2rlan\" \/>\n<meta name=\"twitter:card\" content=\"summary_large_image\" \/>\n<meta name=\"twitter:label1\" content=\"Written by\" \/>\n\t<meta name=\"twitter:data1\" content=\"Corina V\u00e2rlan\" \/>\n\t<meta name=\"twitter:label2\" content=\"Est. reading time\" \/>\n\t<meta name=\"twitter:data2\" content=\"2 minute\" \/>\n<script type=\"application\/ld+json\" class=\"yoast-schema-graph\">{\"@context\":\"https:\/\/schema.org\",\"@graph\":[{\"@type\":\"Article\",\"@id\":\"https:\/\/www.imobiliare.ro\/imoexpert\/se-lanseaza-un-nou-proiect-rezidential-in-estul-capitalei_db\/#article\",\"isPartOf\":{\"@id\":\"https:\/\/www.imobiliare.ro\/imoexpert\/se-lanseaza-un-nou-proiect-rezidential-in-estul-capitalei_db\/\"},\"author\":{\"name\":\"Corina V\u00e2rlan\",\"@id\":\"https:\/\/www.imobiliare.ro\/imoexpert\/#\/schema\/person\/9ffdfbf24b82f39fc75a2fc6c19e4e99\"},\"headline\":\"Se lanseaz\u0103 un nou proiect reziden\u021bial \u00een estul Capitalei\",\"datePublished\":\"2025-07-04T09:12:37+00:00\",\"mainEntityOfPage\":{\"@id\":\"https:\/\/www.imobiliare.ro\/imoexpert\/se-lanseaza-un-nou-proiect-rezidential-in-estul-capitalei_db\/\"},\"wordCount\":200,\"commentCount\":0,\"publisher\":{\"@id\":\"https:\/\/www.imobiliare.ro\/imoexpert\/#organization\"},\"image\":{\"@id\":\"https:\/\/www.imobiliare.ro\/imoexpert\/se-lanseaza-un-nou-proiect-rezidential-in-estul-capitalei_db\/#primaryimage\"},\"thumbnailUrl\":\"https:\/\/www.imobiliare.ro\/imoexpert\/wp-content\/uploads\/2025\/07\/Vivenda-Prime3.jpg\",\"keywords\":[\"apartamente Bucuresti\",\"hercesa\",\"proiecte noi\",\"Vivenda Prime\"],\"articleSection\":[\"\u0218tiri\"],\"inLanguage\":\"en\",\"potentialAction\":[{\"@type\":\"CommentAction\",\"name\":\"Comment\",\"target\":[\"https:\/\/www.imobiliare.ro\/imoexpert\/se-lanseaza-un-nou-proiect-rezidential-in-estul-capitalei_db\/#respond\"]}],\"copyrightYear\":\"2025\",\"copyrightHolder\":{\"@id\":\"https:\/\/www.imobiliare.ro\/imoexpert\/#organization\"}},{\"@type\":\"WebPage\",\"@id\":\"https:\/\/www.imobiliare.ro\/imoexpert\/se-lanseaza-un-nou-proiect-rezidential-in-estul-capitalei_db\/\",\"url\":\"https:\/\/www.imobiliare.ro\/imoexpert\/se-lanseaza-un-nou-proiect-rezidential-in-estul-capitalei_db\/\",\"name\":\"Se lanseaz\u0103 un nou proiect reziden\u021bial \u00een estul Capitalei - \u0218tiri - ImoExpert\",\"isPartOf\":{\"@id\":\"https:\/\/www.imobiliare.ro\/imoexpert\/#website\"},\"primaryImageOfPage\":{\"@id\":\"https:\/\/www.imobiliare.ro\/imoexpert\/se-lanseaza-un-nou-proiect-rezidential-in-estul-capitalei_db\/#primaryimage\"},\"image\":{\"@id\":\"https:\/\/www.imobiliare.ro\/imoexpert\/se-lanseaza-un-nou-proiect-rezidential-in-estul-capitalei_db\/#primaryimage\"},\"thumbnailUrl\":\"https:\/\/www.imobiliare.ro\/imoexpert\/wp-content\/uploads\/2025\/07\/Vivenda-Prime3.jpg\",\"datePublished\":\"2025-07-04T09:12:37+00:00\",\"description\":\"Dezvoltatorul Hercesa Rom\u00e2nia, activ pe pia\u021ba local\u0103 de 20 de ani, lanseaz\u0103 un nou proiect reziden\u021bial. Vivenda Prime va fi localizat \u00een estul Capitalei\",\"breadcrumb\":{\"@id\":\"https:\/\/www.imobiliare.ro\/imoexpert\/se-lanseaza-un-nou-proiect-rezidential-in-estul-capitalei_db\/#breadcrumb\"},\"inLanguage\":\"en\",\"potentialAction\":[{\"@type\":\"ReadAction\",\"target\":[\"https:\/\/www.imobiliare.ro\/imoexpert\/se-lanseaza-un-nou-proiect-rezidential-in-estul-capitalei_db\/\"]}]},{\"@type\":\"ImageObject\",\"inLanguage\":\"en\",\"@id\":\"https:\/\/www.imobiliare.ro\/imoexpert\/se-lanseaza-un-nou-proiect-rezidential-in-estul-capitalei_db\/#primaryimage\",\"url\":\"https:\/\/www.imobiliare.ro\/imoexpert\/wp-content\/uploads\/2025\/07\/Vivenda-Prime3.jpg\",\"contentUrl\":\"https:\/\/www.imobiliare.ro\/imoexpert\/wp-content\/uploads\/2025\/07\/Vivenda-Prime3.jpg\",\"width\":1200,\"height\":675},{\"@type\":\"BreadcrumbList\",\"@id\":\"https:\/\/www.imobiliare.ro\/imoexpert\/se-lanseaza-un-nou-proiect-rezidential-in-estul-capitalei_db\/#breadcrumb\",\"itemListElement\":[{\"@type\":\"ListItem\",\"position\":1,\"name\":\"Imoradar24\",\"item\":\"https:\/\/www.imoradar24.ro\"},{\"@type\":\"ListItem\",\"position\":2,\"name\":\"ImoExpert\",\"item\":\"https:\/\/www.imobiliare.ro\/imoexpert\/\"},{\"@type\":\"ListItem\",\"position\":3,\"name\":\"\u0218tiri\",\"item\":\"https:\/\/www.imobiliare.ro\/imoexpert\/stiri\/\"},{\"@type\":\"ListItem\",\"position\":4,\"name\":\"Se lanseaz\u0103 un nou proiect reziden\u021bial \u00een estul Capitalei\"}]},{\"@type\":\"WebSite\",\"@id\":\"https:\/\/www.imobiliare.ro\/imoexpert\/#website\",\"url\":\"https:\/\/www.imobiliare.ro\/imoexpert\/\",\"name\":\"ImoExpert\",\"description\":\"cele mai importante \u015ftiri din domeniul imobiliar\",\"publisher\":{\"@id\":\"https:\/\/www.imobiliare.ro\/imoexpert\/#organization\"},\"inLanguage\":\"en\"},{\"@type\":\"Organization\",\"@id\":\"https:\/\/www.imobiliare.ro\/imoexpert\/#organization\",\"name\":\"Imobiliare.ro\",\"alternateName\":\"Realmedia Network SA\",\"url\":\"https:\/\/www.imobiliare.ro\/imoexpert\/\",\"logo\":{\"@type\":\"ImageObject\",\"inLanguage\":\"en\",\"@id\":\"https:\/\/www.imobiliare.ro\/imoexpert\/#\/schema\/logo\/image\/\",\"url\":\"https:\/\/www.imobiliare.ro\/imoexpert\/wp-content\/uploads\/2025\/05\/imobiliare_logo.png\",\"contentUrl\":\"https:\/\/www.imobiliare.ro\/imoexpert\/wp-content\/uploads\/2025\/05\/imobiliare_logo.png\",\"width\":237,\"height\":29,\"caption\":\"Imobiliare.ro\"},\"image\":{\"@id\":\"https:\/\/www.imobiliare.ro\/imoexpert\/#\/schema\/logo\/image\/\"}},{\"@type\":\"Person\",\"@id\":\"https:\/\/www.imobiliare.ro\/imoexpert\/#\/schema\/person\/9ffdfbf24b82f39fc75a2fc6c19e4e99\",\"name\":\"Corina V\u00e2rlan\",\"image\":{\"@type\":\"ImageObject\",\"inLanguage\":\"en\",\"@id\":\"https:\/\/www.imobiliare.ro\/imoexpert\/#\/schema\/person\/image\/\",\"url\":\"https:\/\/www.imobiliare.ro\/imoexpert\/wp-content\/uploads\/2026\/02\/12-02-2025-5-rezumat-brasov-thumb-reels-1-1-96x96.png\",\"contentUrl\":\"https:\/\/www.imobiliare.ro\/imoexpert\/wp-content\/uploads\/2026\/02\/12-02-2025-5-rezumat-brasov-thumb-reels-1-1-96x96.png\",\"caption\":\"Corina V\u00e2rlan\"},\"description\":\"Cu o experien\u021b\u0103 de 14 ani \u00een presa online, comunicare \u0219i content marketing, Corina V\u00e2rlan s-a al\u0103turat echipei Imobiliare.ro \u00een urm\u0103 cu 8 ani \u0219i ocup\u0103, \u00een prezent, func\u021bia de Content Manager. Ea este gazda emisiunii \\\"\u00centreab\u0103 expertul\\\" \u0219i a seriei 5 \u0218tiri Imobiliare.ro, realizate \u00een parteneriat cu Libertatea. Corina \u00ee\u0219i concentreaz\u0103 activitatea pe analiza datelor de pia\u021b\u0103 \u0219i pe subiecte de interes at\u00e2t pentru cei afla\u021bi \u00een c\u0103utarea unei locuin\u021be, c\u00e2t \u0219i pentru proprietari sau chiria\u0219i.\",\"alternateName\":\"Corina\",\"jobTitle\":\"Content Manager\",\"url\":\"https:\/\/www.imobiliare.ro\/imoexpert\/author\/corina-varlan\/\"}]}<\/script>\n<!-- \/ Yoast SEO Premium plugin. -->","yoast_head_json":{"title":"Se lanseaz\u0103 un nou proiect reziden\u021bial \u00een estul Capitalei - \u0218tiri - ImoExpert","description":"Dezvoltatorul Hercesa Rom\u00e2nia, activ pe pia\u021ba local\u0103 de 20 de ani, lanseaz\u0103 un nou proiect reziden\u021bial. Vivenda Prime va fi localizat \u00een estul Capitalei","robots":{"index":"index","follow":"follow"},"canonical":"https:\/\/www.imobiliare.ro\/imoexpert\/se-lanseaza-un-nou-proiect-rezidential-in-estul-capitalei_db\/","og_locale":"ro_RO","og_type":"article","og_title":"Se lanseaz\u0103 un nou proiect reziden\u021bial \u00een estul Capitalei","og_description":"Dezvoltatorul Hercesa Rom\u00e2nia, activ pe pia\u021ba local\u0103 de 20 de ani, lanseaz\u0103 un nou proiect reziden\u021bial. Vivenda Prime va fi localizat \u00een estul Capitalei","og_url":"https:\/\/www.imobiliare.ro\/imoexpert\/se-lanseaza-un-nou-proiect-rezidential-in-estul-capitalei_db\/","og_site_name":"ImoExpert","article_published_time":"2025-07-04T09:12:37+00:00","og_image":[{"width":1200,"height":675,"url":"https:\/\/www.imobiliare.ro\/imoexpert\/wp-content\/uploads\/2025\/07\/Vivenda-Prime3.jpg","type":"image\/jpeg"}],"author":"Corina V\u00e2rlan","twitter_card":"summary_large_image","twitter_misc":{"Written by":"Corina V\u00e2rlan","Est. reading time":"2 minute"},"schema":{"@context":"https:\/\/schema.org","@graph":[{"@type":"Article","@id":"https:\/\/www.imobiliare.ro\/imoexpert\/se-lanseaza-un-nou-proiect-rezidential-in-estul-capitalei_db\/#article","isPartOf":{"@id":"https:\/\/www.imobiliare.ro\/imoexpert\/se-lanseaza-un-nou-proiect-rezidential-in-estul-capitalei_db\/"},"author":{"name":"Corina V\u00e2rlan","@id":"https:\/\/www.imobiliare.ro\/imoexpert\/#\/schema\/person\/9ffdfbf24b82f39fc75a2fc6c19e4e99"},"headline":"Se lanseaz\u0103 un nou proiect reziden\u021bial \u00een estul Capitalei","datePublished":"2025-07-04T09:12:37+00:00","mainEntityOfPage":{"@id":"https:\/\/www.imobiliare.ro\/imoexpert\/se-lanseaza-un-nou-proiect-rezidential-in-estul-capitalei_db\/"},"wordCount":200,"commentCount":0,"publisher":{"@id":"https:\/\/www.imobiliare.ro\/imoexpert\/#organization"},"image":{"@id":"https:\/\/www.imobiliare.ro\/imoexpert\/se-lanseaza-un-nou-proiect-rezidential-in-estul-capitalei_db\/#primaryimage"},"thumbnailUrl":"https:\/\/www.imobiliare.ro\/imoexpert\/wp-content\/uploads\/2025\/07\/Vivenda-Prime3.jpg","keywords":["apartamente Bucuresti","hercesa","proiecte noi","Vivenda Prime"],"articleSection":["\u0218tiri"],"inLanguage":"en","potentialAction":[{"@type":"CommentAction","name":"Comment","target":["https:\/\/www.imobiliare.ro\/imoexpert\/se-lanseaza-un-nou-proiect-rezidential-in-estul-capitalei_db\/#respond"]}],"copyrightYear":"2025","copyrightHolder":{"@id":"https:\/\/www.imobiliare.ro\/imoexpert\/#organization"}},{"@type":"WebPage","@id":"https:\/\/www.imobiliare.ro\/imoexpert\/se-lanseaza-un-nou-proiect-rezidential-in-estul-capitalei_db\/","url":"https:\/\/www.imobiliare.ro\/imoexpert\/se-lanseaza-un-nou-proiect-rezidential-in-estul-capitalei_db\/","name":"Se lanseaz\u0103 un nou proiect reziden\u021bial \u00een estul Capitalei - \u0218tiri - ImoExpert","isPartOf":{"@id":"https:\/\/www.imobiliare.ro\/imoexpert\/#website"},"primaryImageOfPage":{"@id":"https:\/\/www.imobiliare.ro\/imoexpert\/se-lanseaza-un-nou-proiect-rezidential-in-estul-capitalei_db\/#primaryimage"},"image":{"@id":"https:\/\/www.imobiliare.ro\/imoexpert\/se-lanseaza-un-nou-proiect-rezidential-in-estul-capitalei_db\/#primaryimage"},"thumbnailUrl":"https:\/\/www.imobiliare.ro\/imoexpert\/wp-content\/uploads\/2025\/07\/Vivenda-Prime3.jpg","datePublished":"2025-07-04T09:12:37+00:00","description":"Dezvoltatorul Hercesa Rom\u00e2nia, activ pe pia\u021ba local\u0103 de 20 de ani, lanseaz\u0103 un nou proiect reziden\u021bial. Vivenda Prime va fi localizat \u00een estul Capitalei","breadcrumb":{"@id":"https:\/\/www.imobiliare.ro\/imoexpert\/se-lanseaza-un-nou-proiect-rezidential-in-estul-capitalei_db\/#breadcrumb"},"inLanguage":"en","potentialAction":[{"@type":"ReadAction","target":["https:\/\/www.imobiliare.ro\/imoexpert\/se-lanseaza-un-nou-proiect-rezidential-in-estul-capitalei_db\/"]}]},{"@type":"ImageObject","inLanguage":"en","@id":"https:\/\/www.imobiliare.ro\/imoexpert\/se-lanseaza-un-nou-proiect-rezidential-in-estul-capitalei_db\/#primaryimage","url":"https:\/\/www.imobiliare.ro\/imoexpert\/wp-content\/uploads\/2025\/07\/Vivenda-Prime3.jpg","contentUrl":"https:\/\/www.imobiliare.ro\/imoexpert\/wp-content\/uploads\/2025\/07\/Vivenda-Prime3.jpg","width":1200,"height":675},{"@type":"BreadcrumbList","@id":"https:\/\/www.imobiliare.ro\/imoexpert\/se-lanseaza-un-nou-proiect-rezidential-in-estul-capitalei_db\/#breadcrumb","itemListElement":[{"@type":"ListItem","position":1,"name":"Imoradar24","item":"https:\/\/www.imoradar24.ro"},{"@type":"ListItem","position":2,"name":"ImoExpert","item":"https:\/\/www.imobiliare.ro\/imoexpert\/"},{"@type":"ListItem","position":3,"name":"\u0218tiri","item":"https:\/\/www.imobiliare.ro\/imoexpert\/stiri\/"},{"@type":"ListItem","position":4,"name":"Se lanseaz\u0103 un nou proiect reziden\u021bial \u00een estul Capitalei"}]},{"@type":"WebSite","@id":"https:\/\/www.imobiliare.ro\/imoexpert\/#website","url":"https:\/\/www.imobiliare.ro\/imoexpert\/","name":"ImoExpert","description":"cele mai importante \u015ftiri din domeniul imobiliar","publisher":{"@id":"https:\/\/www.imobiliare.ro\/imoexpert\/#organization"},"inLanguage":"en"},{"@type":"Organization","@id":"https:\/\/www.imobiliare.ro\/imoexpert\/#organization","name":"Imobiliare.ro","alternateName":"Realmedia Network SA","url":"https:\/\/www.imobiliare.ro\/imoexpert\/","logo":{"@type":"ImageObject","inLanguage":"en","@id":"https:\/\/www.imobiliare.ro\/imoexpert\/#\/schema\/logo\/image\/","url":"https:\/\/www.imobiliare.ro\/imoexpert\/wp-content\/uploads\/2025\/05\/imobiliare_logo.png","contentUrl":"https:\/\/www.imobiliare.ro\/imoexpert\/wp-content\/uploads\/2025\/05\/imobiliare_logo.png","width":237,"height":29,"caption":"Imobiliare.ro"},"image":{"@id":"https:\/\/www.imobiliare.ro\/imoexpert\/#\/schema\/logo\/image\/"}},{"@type":"Person","@id":"https:\/\/www.imobiliare.ro\/imoexpert\/#\/schema\/person\/9ffdfbf24b82f39fc75a2fc6c19e4e99","name":"Corina V\u00e2rlan","image":{"@type":"ImageObject","inLanguage":"en","@id":"https:\/\/www.imobiliare.ro\/imoexpert\/#\/schema\/person\/image\/","url":"https:\/\/www.imobiliare.ro\/imoexpert\/wp-content\/uploads\/2026\/02\/12-02-2025-5-rezumat-brasov-thumb-reels-1-1-96x96.png","contentUrl":"https:\/\/www.imobiliare.ro\/imoexpert\/wp-content\/uploads\/2026\/02\/12-02-2025-5-rezumat-brasov-thumb-reels-1-1-96x96.png","caption":"Corina V\u00e2rlan"},"description":"Cu o experien\u021b\u0103 de 14 ani \u00een presa online, comunicare \u0219i content marketing, Corina V\u00e2rlan s-a al\u0103turat echipei Imobiliare.ro \u00een urm\u0103 cu 8 ani \u0219i ocup\u0103, \u00een prezent, func\u021bia de Content Manager. Ea este gazda emisiunii \"\u00centreab\u0103 expertul\" \u0219i a seriei 5 \u0218tiri Imobiliare.ro, realizate \u00een parteneriat cu Libertatea. Corina \u00ee\u0219i concentreaz\u0103 activitatea pe analiza datelor de pia\u021b\u0103 \u0219i pe subiecte de interes at\u00e2t pentru cei afla\u021bi \u00een c\u0103utarea unei locuin\u021be, c\u00e2t \u0219i pentru proprietari sau chiria\u0219i.","alternateName":"Corina","jobTitle":"Content Manager","url":"https:\/\/www.imobiliare.ro\/imoexpert\/author\/corina-varlan\/"}]}},"_links":{"self":[{"href":"https:\/\/www.imobiliare.ro\/imoexpert\/wp-json\/wp\/v2\/posts\/73123","targetHints":{"allow":["GET"]}}],"collection":[{"href":"https:\/\/www.imobiliare.ro\/imoexpert\/wp-json\/wp\/v2\/posts"}],"about":[{"href":"https:\/\/www.imobiliare.ro\/imoexpert\/wp-json\/wp\/v2\/types\/post"}],"author":[{"embeddable":true,"href":"https:\/\/www.imobiliare.ro\/imoexpert\/wp-json\/wp\/v2\/users\/5891"}],"replies":[{"embeddable":true,"href":"https:\/\/www.imobiliare.ro\/imoexpert\/wp-json\/wp\/v2\/comments?post=73123"}],"version-history":[{"count":0,"href":"https:\/\/www.imobiliare.ro\/imoexpert\/wp-json\/wp\/v2\/posts\/73123\/revisions"}],"wp:featuredmedia":[{"embeddable":true,"href":"https:\/\/www.imobiliare.ro\/imoexpert\/wp-json\/wp\/v2\/media\/73124"}],"wp:attachment":[{"href":"https:\/\/www.imobiliare.ro\/imoexpert\/wp-json\/wp\/v2\/media?parent=73123"}],"wp:term":[{"taxonomy":"category","embeddable":true,"href":"https:\/\/www.imobiliare.ro\/imoexpert\/wp-json\/wp\/v2\/categories?post=73123"},{"taxonomy":"post_tag","embeddable":true,"href":"https:\/\/www.imobiliare.ro\/imoexpert\/wp-json\/wp\/v2\/tags?post=73123"},{"taxonomy":"content_author","embeddable":true,"href":"https:\/\/www.imobiliare.ro\/imoexpert\/wp-json\/wp\/v2\/content_author?post=73123"}],"curies":[{"name":"wp","href":"https:\/\/api.w.org\/{rel}","templated":true}]}}