{"id":73221,"date":"2025-07-09T09:50:51","date_gmt":"2025-07-09T06:50:51","guid":{"rendered":"https:\/\/www.imobiliare.ro\/imoexpert\/?p=73221"},"modified":"2025-07-09T09:50:51","modified_gmt":"2025-07-09T06:50:51","slug":"950-de-apartamente-noi-pe-fosta-platforma-industriala-antrefrig-din-bucuresti-valoarea-dezvoltarii-se-ridica-la-140-milioane-euro","status":"publish","type":"post","link":"https:\/\/www.imobiliare.ro\/imoexpert\/950-de-apartamente-noi-pe-fosta-platforma-industriala-antrefrig-din-bucuresti-valoarea-dezvoltarii-se-ridica-la-140-milioane-euro_db\/","title":{"rendered":"950 de apartamente noi pe fosta platform\u0103 industrial\u0103 Antrefrig din Bucure\u0219ti. Valoarea dezvolt\u0103rii se ridic\u0103 la 140 milioane euro"},"content":{"rendered":"\n<figure class=\"wp-block-image size-large\"><img loading=\"lazy\" decoding=\"async\" width=\"1200\" height=\"868\" src=\"https:\/\/www.imobiliare.ro\/imoexpert\/wp-content\/uploads\/2025\/07\/Prima-Solis-12-1-1200x868.jpg\" alt=\"\" class=\"wp-image-73223\" srcset=\"https:\/\/www.imobiliare.ro\/imoexpert\/wp-content\/uploads\/2025\/07\/Prima-Solis-12-1-1200x868.jpg 1200w, https:\/\/www.imobiliare.ro\/imoexpert\/wp-content\/uploads\/2025\/07\/Prima-Solis-12-1-300x217.jpg 300w, https:\/\/www.imobiliare.ro\/imoexpert\/wp-content\/uploads\/2025\/07\/Prima-Solis-12-1-768x556.jpg 768w, https:\/\/www.imobiliare.ro\/imoexpert\/wp-content\/uploads\/2025\/07\/Prima-Solis-12-1.jpg 1400w\" sizes=\"auto, (max-width: 1200px) 100vw, 1200px\" \/><\/figure>\n\n\n\n<p><strong>\u00cencep lucr\u0103rile pentru un nou ansamblu reziden\u021bial localizat \u00een Bucure\u0219ti, \u00een zona Mega Mall-Delfinului. Valoarea total\u0103 a dezvolt\u0103rii se ridic\u0103 la 140 de milioane de euro.<\/strong><\/p>\n\n\n\n<p>Este vorba despre proiectul PRIMA Solis, dezvoltat de PRIMA Development Group. Acesta va include 950 de apartamente ridicate pe un teren cu o suprafa\u021b\u0103 de 37.000 mp, cu peste 1.000 de locuri de parcare, 60 de sta\u021bii de \u00eenc\u0103rcare pentru ma\u0219ini electrice \u0219i dou\u0103 spa\u021bii de joac\u0103.<\/p>\n\n\n\n<p>PRIMA Solis este un proiect de regenerare urban\u0103 care va fi construit pe fosta platform\u0103 industrial\u0103 Antrefrig, pe locul unde a func\u021bionat o fabric\u0103 de mobilier. Prima faz\u0103 va fi livrat\u0103 \u00een vara anului 2027.<\/p>\n\n\n\n<p><strong><a class=\"article-body-links\"href=\"https:\/\/www.imobiliare.ro\/imoexpert\/in-ce-conditii-mai-poti-beneficia-de-tva-9-pentru-locuinte-pana-la-1-august-2026-proiect-de-lege_db\/\" target=\"_blank\" rel=\"noreferrer noopener\">Cite\u0219te \u0219i: \u00cen ce condi\u021bii mai po\u021bi beneficia de TVA 9% pentru locuin\u021be p\u00e2n\u0103 la 1 august 2026? \u2013 proiect de lege<\/a><\/strong><\/p>\n\n\n\n<figure class=\"wp-block-image size-large\"><img loading=\"lazy\" decoding=\"async\" width=\"1200\" height=\"971\" src=\"https:\/\/www.imobiliare.ro\/imoexpert\/wp-content\/uploads\/2025\/07\/Prima-Solis-15-1200x971.jpg\" alt=\"\" class=\"wp-image-73224\" srcset=\"https:\/\/www.imobiliare.ro\/imoexpert\/wp-content\/uploads\/2025\/07\/Prima-Solis-15-1200x971.jpg 1200w, https:\/\/www.imobiliare.ro\/imoexpert\/wp-content\/uploads\/2025\/07\/Prima-Solis-15-300x243.jpg 300w, https:\/\/www.imobiliare.ro\/imoexpert\/wp-content\/uploads\/2025\/07\/Prima-Solis-15-768x621.jpg 768w, https:\/\/www.imobiliare.ro\/imoexpert\/wp-content\/uploads\/2025\/07\/Prima-Solis-15.jpg 1459w\" sizes=\"auto, (max-width: 1200px) 100vw, 1200px\" \/><\/figure>\n\n\n\n<p>Ansamblul va include studiouri, apartamente cu 2,3,4 camere \u0219i penthouse-uri pe dou\u0103 niveluri.<\/p>\n\n\n\n<p>&#8222;PRIMA Solis este primul proiect high-end din estul Bucure\u0219tiului care va fi construit la<a class=\"article-body-links\"href=\"https:\/\/www.imobiliare.ro\/imoexpert\/nzeb-intre-marketing-si-realitate-ce-trebuie-sa-stii-cand-cumperi-o-locuinta-noua-video_db\/\"> standard nZEB<\/a> \u0219i suntem convin\u0219i c\u0103 va atrage aten\u021bia segmentului upper medium, \u00een special interesul familiilor tinere \u0219i profesioni\u0219tilor afla\u021bi \u00een c\u0103utarea unui stil de via\u021b\u0103 modern \u0219i sustenabil&#8221;, a declarat Adrian Stoichin\u0103, co-CEO PRIMA Development Group, dezvoltatorul imobiliar din Oradea cu peste 20 de ani de experien\u021b\u0103 \u0219i mai bine de 5.000 de apartamente livrate \u00een proiecte cu o valoare cumulat\u0103 de aproape 400 de milioane de euro.<\/p>\n\n\n\n<p><strong><a class=\"article-body-links\"href=\"https:\/\/www.imobiliare.ro\/imoexpert\/se-lanseaza-un-nou-proiect-rezidential-in-estul-capitalei_db\/\" target=\"_blank\" rel=\"noreferrer noopener\">Cite\u0219te \u0219i: Se lanseaz\u0103 un nou proiect reziden\u021bial \u00een estul Capitalei cu piscin\u0103 exterioar\u0103 \u0219i 105 apartamente<\/a><\/strong><\/p>\n\n\n\n<p>Din portofoliul dezvoltatorului fac parte \u0219i proiectele Boemia Apartments, Core Timpuri Noi, PRIMA Vista \u0219i Prima Astera din Capital\u0103.<\/p>\n","protected":false},"excerpt":{"rendered":"<p>\u00cencep lucr\u0103rile pentru un nou ansamblu reziden\u021bial localizat \u00een Bucure\u0219ti, \u00een zona Mega Mall-Delfinului. Valoarea total\u0103 a dezvolt\u0103rii se ridic\u0103 la 140 de milioane de euro. Este vorba despre proiectul PRIMA Solis, dezvoltat de PRIMA Development Group. Acesta va include 950 de apartamente ridicate pe un teren cu o suprafa\u021b\u0103 de 37.000 mp, cu peste [&hellip;]<\/p>\n","protected":false},"author":5891,"featured_media":73222,"comment_status":"open","ping_status":"open","sticky":true,"template":"","format":"standard","meta":{"footnotes":""},"categories":[259,2455],"tags":[586,1276,2374,2375,2370],"content_author":[],"class_list":["post-73221","post","type-post","status-publish","format-standard","has-post-thumbnail","hentry","category-stiri","category-video","tag-apartamente-bucuresti","tag-dezvoltatori-imobiliari","tag-prima-development-group","tag-prima-solis","tag-regenerare-urbana"],"yoast_head":"<!-- This site is optimized with the Yoast SEO Premium plugin v27.0 (Yoast SEO v27.0) - https:\/\/yoast.com\/product\/yoast-seo-premium-wordpress\/ -->\n<title>950 de apartamente noi pe fosta platform\u0103 industrial\u0103 Antrefrig din Bucure\u0219ti. Valoarea dezvolt\u0103rii se ridic\u0103 la 140 milioane euro - \u0218tiri, Video - ImoExpert<\/title>\n<meta name=\"description\" content=\"\u00cencep lucr\u0103rile pentru un nou ansamblu reziden\u021bial localizat \u00een Bucure\u0219ti, \u00een zona Mega Mall-Delfinului. Valoarea total\u0103 a dezvolt\u0103rii se ridic\u0103 la 140 de\" \/>\n<meta name=\"robots\" content=\"index, follow\" \/>\n<link rel=\"canonical\" href=\"https:\/\/www.imobiliare.ro\/imoexpert\/950-de-apartamente-noi-pe-fosta-platforma-industriala-antrefrig-din-bucuresti-valoarea-dezvoltarii-se-ridica-la-140-milioane-euro_db\/\" \/>\n<meta property=\"og:locale\" content=\"ro_RO\" \/>\n<meta property=\"og:type\" content=\"article\" \/>\n<meta property=\"og:title\" content=\"950 de apartamente noi pe fosta platform\u0103 industrial\u0103 Antrefrig din Bucure\u0219ti. Valoarea dezvolt\u0103rii se ridic\u0103 la 140 milioane euro\" \/>\n<meta property=\"og:description\" content=\"\u00cencep lucr\u0103rile pentru un nou ansamblu reziden\u021bial localizat \u00een Bucure\u0219ti, \u00een zona Mega Mall-Delfinului. Valoarea total\u0103 a dezvolt\u0103rii se ridic\u0103 la 140 de\" \/>\n<meta property=\"og:url\" content=\"https:\/\/www.imobiliare.ro\/imoexpert\/950-de-apartamente-noi-pe-fosta-platforma-industriala-antrefrig-din-bucuresti-valoarea-dezvoltarii-se-ridica-la-140-milioane-euro_db\/\" \/>\n<meta property=\"og:site_name\" content=\"ImoExpert\" \/>\n<meta property=\"article:published_time\" content=\"2025-07-09T06:50:51+00:00\" \/>\n<meta property=\"og:image\" content=\"https:\/\/www.imobiliare.ro\/imoexpert\/wp-content\/uploads\/2025\/07\/Prima-Solis-12.jpg\" \/>\n\t<meta property=\"og:image:width\" content=\"1400\" \/>\n\t<meta property=\"og:image:height\" content=\"1013\" \/>\n\t<meta property=\"og:image:type\" content=\"image\/jpeg\" \/>\n<meta name=\"author\" content=\"Corina V\u00e2rlan\" \/>\n<meta name=\"twitter:card\" content=\"summary_large_image\" \/>\n<meta name=\"twitter:label1\" content=\"Written by\" \/>\n\t<meta name=\"twitter:data1\" content=\"Corina V\u00e2rlan\" \/>\n\t<meta name=\"twitter:label2\" content=\"Est. reading time\" \/>\n\t<meta name=\"twitter:data2\" content=\"2 minute\" \/>\n<script type=\"application\/ld+json\" class=\"yoast-schema-graph\">{\"@context\":\"https:\/\/schema.org\",\"@graph\":[{\"@type\":\"Article\",\"@id\":\"https:\/\/www.imobiliare.ro\/imoexpert\/950-de-apartamente-noi-pe-fosta-platforma-industriala-antrefrig-din-bucuresti-valoarea-dezvoltarii-se-ridica-la-140-milioane-euro_db\/#article\",\"isPartOf\":{\"@id\":\"https:\/\/www.imobiliare.ro\/imoexpert\/950-de-apartamente-noi-pe-fosta-platforma-industriala-antrefrig-din-bucuresti-valoarea-dezvoltarii-se-ridica-la-140-milioane-euro_db\/\"},\"author\":{\"name\":\"Corina V\u00e2rlan\",\"@id\":\"https:\/\/www.imobiliare.ro\/imoexpert\/#\/schema\/person\/9ffdfbf24b82f39fc75a2fc6c19e4e99\"},\"headline\":\"950 de apartamente noi pe fosta platform\u0103 industrial\u0103 Antrefrig din Bucure\u0219ti. Valoarea dezvolt\u0103rii se ridic\u0103 la 140 milioane euro\",\"datePublished\":\"2025-07-09T06:50:51+00:00\",\"mainEntityOfPage\":{\"@id\":\"https:\/\/www.imobiliare.ro\/imoexpert\/950-de-apartamente-noi-pe-fosta-platforma-industriala-antrefrig-din-bucuresti-valoarea-dezvoltarii-se-ridica-la-140-milioane-euro_db\/\"},\"wordCount\":288,\"commentCount\":0,\"publisher\":{\"@id\":\"https:\/\/www.imobiliare.ro\/imoexpert\/#organization\"},\"image\":{\"@id\":\"https:\/\/www.imobiliare.ro\/imoexpert\/950-de-apartamente-noi-pe-fosta-platforma-industriala-antrefrig-din-bucuresti-valoarea-dezvoltarii-se-ridica-la-140-milioane-euro_db\/#primaryimage\"},\"thumbnailUrl\":\"https:\/\/www.imobiliare.ro\/imoexpert\/wp-content\/uploads\/2025\/07\/Prima-Solis-12.jpg\",\"keywords\":[\"apartamente Bucuresti\",\"dezvoltatori imobiliari\",\"Prima Development Group\",\"Prima Solis\",\"regenerare urbana\"],\"articleSection\":[\"\u0218tiri\",\"Video\"],\"inLanguage\":\"en\",\"potentialAction\":[{\"@type\":\"CommentAction\",\"name\":\"Comment\",\"target\":[\"https:\/\/www.imobiliare.ro\/imoexpert\/950-de-apartamente-noi-pe-fosta-platforma-industriala-antrefrig-din-bucuresti-valoarea-dezvoltarii-se-ridica-la-140-milioane-euro_db\/#respond\"]}],\"copyrightYear\":\"2025\",\"copyrightHolder\":{\"@id\":\"https:\/\/www.imobiliare.ro\/imoexpert\/#organization\"}},{\"@type\":\"WebPage\",\"@id\":\"https:\/\/www.imobiliare.ro\/imoexpert\/950-de-apartamente-noi-pe-fosta-platforma-industriala-antrefrig-din-bucuresti-valoarea-dezvoltarii-se-ridica-la-140-milioane-euro_db\/\",\"url\":\"https:\/\/www.imobiliare.ro\/imoexpert\/950-de-apartamente-noi-pe-fosta-platforma-industriala-antrefrig-din-bucuresti-valoarea-dezvoltarii-se-ridica-la-140-milioane-euro_db\/\",\"name\":\"950 de apartamente noi pe fosta platform\u0103 industrial\u0103 Antrefrig din Bucure\u0219ti. Valoarea dezvolt\u0103rii se ridic\u0103 la 140 milioane euro - \u0218tiri, Video - ImoExpert\",\"isPartOf\":{\"@id\":\"https:\/\/www.imobiliare.ro\/imoexpert\/#website\"},\"primaryImageOfPage\":{\"@id\":\"https:\/\/www.imobiliare.ro\/imoexpert\/950-de-apartamente-noi-pe-fosta-platforma-industriala-antrefrig-din-bucuresti-valoarea-dezvoltarii-se-ridica-la-140-milioane-euro_db\/#primaryimage\"},\"image\":{\"@id\":\"https:\/\/www.imobiliare.ro\/imoexpert\/950-de-apartamente-noi-pe-fosta-platforma-industriala-antrefrig-din-bucuresti-valoarea-dezvoltarii-se-ridica-la-140-milioane-euro_db\/#primaryimage\"},\"thumbnailUrl\":\"https:\/\/www.imobiliare.ro\/imoexpert\/wp-content\/uploads\/2025\/07\/Prima-Solis-12.jpg\",\"datePublished\":\"2025-07-09T06:50:51+00:00\",\"description\":\"\u00cencep lucr\u0103rile pentru un nou ansamblu reziden\u021bial localizat \u00een Bucure\u0219ti, \u00een zona Mega Mall-Delfinului. Valoarea total\u0103 a dezvolt\u0103rii se ridic\u0103 la 140 de\",\"breadcrumb\":{\"@id\":\"https:\/\/www.imobiliare.ro\/imoexpert\/950-de-apartamente-noi-pe-fosta-platforma-industriala-antrefrig-din-bucuresti-valoarea-dezvoltarii-se-ridica-la-140-milioane-euro_db\/#breadcrumb\"},\"inLanguage\":\"en\",\"potentialAction\":[{\"@type\":\"ReadAction\",\"target\":[\"https:\/\/www.imobiliare.ro\/imoexpert\/950-de-apartamente-noi-pe-fosta-platforma-industriala-antrefrig-din-bucuresti-valoarea-dezvoltarii-se-ridica-la-140-milioane-euro_db\/\"]}]},{\"@type\":\"ImageObject\",\"inLanguage\":\"en\",\"@id\":\"https:\/\/www.imobiliare.ro\/imoexpert\/950-de-apartamente-noi-pe-fosta-platforma-industriala-antrefrig-din-bucuresti-valoarea-dezvoltarii-se-ridica-la-140-milioane-euro_db\/#primaryimage\",\"url\":\"https:\/\/www.imobiliare.ro\/imoexpert\/wp-content\/uploads\/2025\/07\/Prima-Solis-12.jpg\",\"contentUrl\":\"https:\/\/www.imobiliare.ro\/imoexpert\/wp-content\/uploads\/2025\/07\/Prima-Solis-12.jpg\",\"width\":1400,\"height\":1013},{\"@type\":\"BreadcrumbList\",\"@id\":\"https:\/\/www.imobiliare.ro\/imoexpert\/950-de-apartamente-noi-pe-fosta-platforma-industriala-antrefrig-din-bucuresti-valoarea-dezvoltarii-se-ridica-la-140-milioane-euro_db\/#breadcrumb\",\"itemListElement\":[{\"@type\":\"ListItem\",\"position\":1,\"name\":\"Imoradar24\",\"item\":\"https:\/\/www.imoradar24.ro\"},{\"@type\":\"ListItem\",\"position\":2,\"name\":\"ImoExpert\",\"item\":\"https:\/\/www.imobiliare.ro\/imoexpert\/\"},{\"@type\":\"ListItem\",\"position\":3,\"name\":\"\u0218tiri\",\"item\":\"https:\/\/www.imobiliare.ro\/imoexpert\/stiri\/\"},{\"@type\":\"ListItem\",\"position\":4,\"name\":\"950 de apartamente noi pe fosta platform\u0103 industrial\u0103 Antrefrig din Bucure\u0219ti. Valoarea dezvolt\u0103rii se ridic\u0103 la 140 milioane euro\"}]},{\"@type\":\"WebSite\",\"@id\":\"https:\/\/www.imobiliare.ro\/imoexpert\/#website\",\"url\":\"https:\/\/www.imobiliare.ro\/imoexpert\/\",\"name\":\"ImoExpert\",\"description\":\"cele mai importante \u015ftiri din domeniul imobiliar\",\"publisher\":{\"@id\":\"https:\/\/www.imobiliare.ro\/imoexpert\/#organization\"},\"inLanguage\":\"en\"},{\"@type\":\"Organization\",\"@id\":\"https:\/\/www.imobiliare.ro\/imoexpert\/#organization\",\"name\":\"Imobiliare.ro\",\"alternateName\":\"Realmedia Network SA\",\"url\":\"https:\/\/www.imobiliare.ro\/imoexpert\/\",\"logo\":{\"@type\":\"ImageObject\",\"inLanguage\":\"en\",\"@id\":\"https:\/\/www.imobiliare.ro\/imoexpert\/#\/schema\/logo\/image\/\",\"url\":\"https:\/\/www.imobiliare.ro\/imoexpert\/wp-content\/uploads\/2025\/05\/imobiliare_logo.png\",\"contentUrl\":\"https:\/\/www.imobiliare.ro\/imoexpert\/wp-content\/uploads\/2025\/05\/imobiliare_logo.png\",\"width\":237,\"height\":29,\"caption\":\"Imobiliare.ro\"},\"image\":{\"@id\":\"https:\/\/www.imobiliare.ro\/imoexpert\/#\/schema\/logo\/image\/\"}},{\"@type\":\"Person\",\"@id\":\"https:\/\/www.imobiliare.ro\/imoexpert\/#\/schema\/person\/9ffdfbf24b82f39fc75a2fc6c19e4e99\",\"name\":\"Corina V\u00e2rlan\",\"image\":{\"@type\":\"ImageObject\",\"inLanguage\":\"en\",\"@id\":\"https:\/\/www.imobiliare.ro\/imoexpert\/#\/schema\/person\/image\/\",\"url\":\"https:\/\/www.imobiliare.ro\/imoexpert\/wp-content\/uploads\/2026\/02\/12-02-2025-5-rezumat-brasov-thumb-reels-1-1-96x96.png\",\"contentUrl\":\"https:\/\/www.imobiliare.ro\/imoexpert\/wp-content\/uploads\/2026\/02\/12-02-2025-5-rezumat-brasov-thumb-reels-1-1-96x96.png\",\"caption\":\"Corina V\u00e2rlan\"},\"description\":\"Cu o experien\u021b\u0103 de 14 ani \u00een presa online, comunicare \u0219i content marketing, Corina V\u00e2rlan s-a al\u0103turat echipei Imobiliare.ro \u00een urm\u0103 cu 8 ani \u0219i ocup\u0103, \u00een prezent, func\u021bia de Content Manager. Ea este gazda emisiunii \\\"\u00centreab\u0103 expertul\\\" \u0219i a seriei 5 \u0218tiri Imobiliare.ro, realizate \u00een parteneriat cu Libertatea. Corina \u00ee\u0219i concentreaz\u0103 activitatea pe analiza datelor de pia\u021b\u0103 \u0219i pe subiecte de interes at\u00e2t pentru cei afla\u021bi \u00een c\u0103utarea unei locuin\u021be, c\u00e2t \u0219i pentru proprietari sau chiria\u0219i.\",\"alternateName\":\"Corina\",\"jobTitle\":\"Content Manager\",\"url\":\"https:\/\/www.imobiliare.ro\/imoexpert\/author\/corina-varlan\/\"}]}<\/script>\n<!-- \/ Yoast SEO Premium plugin. -->","yoast_head_json":{"title":"950 de apartamente noi pe fosta platform\u0103 industrial\u0103 Antrefrig din Bucure\u0219ti. Valoarea dezvolt\u0103rii se ridic\u0103 la 140 milioane euro - \u0218tiri, Video - ImoExpert","description":"\u00cencep lucr\u0103rile pentru un nou ansamblu reziden\u021bial localizat \u00een Bucure\u0219ti, \u00een zona Mega Mall-Delfinului. Valoarea total\u0103 a dezvolt\u0103rii se ridic\u0103 la 140 de","robots":{"index":"index","follow":"follow"},"canonical":"https:\/\/www.imobiliare.ro\/imoexpert\/950-de-apartamente-noi-pe-fosta-platforma-industriala-antrefrig-din-bucuresti-valoarea-dezvoltarii-se-ridica-la-140-milioane-euro_db\/","og_locale":"ro_RO","og_type":"article","og_title":"950 de apartamente noi pe fosta platform\u0103 industrial\u0103 Antrefrig din Bucure\u0219ti. Valoarea dezvolt\u0103rii se ridic\u0103 la 140 milioane euro","og_description":"\u00cencep lucr\u0103rile pentru un nou ansamblu reziden\u021bial localizat \u00een Bucure\u0219ti, \u00een zona Mega Mall-Delfinului. Valoarea total\u0103 a dezvolt\u0103rii se ridic\u0103 la 140 de","og_url":"https:\/\/www.imobiliare.ro\/imoexpert\/950-de-apartamente-noi-pe-fosta-platforma-industriala-antrefrig-din-bucuresti-valoarea-dezvoltarii-se-ridica-la-140-milioane-euro_db\/","og_site_name":"ImoExpert","article_published_time":"2025-07-09T06:50:51+00:00","og_image":[{"width":1400,"height":1013,"url":"https:\/\/www.imobiliare.ro\/imoexpert\/wp-content\/uploads\/2025\/07\/Prima-Solis-12.jpg","type":"image\/jpeg"}],"author":"Corina V\u00e2rlan","twitter_card":"summary_large_image","twitter_misc":{"Written by":"Corina V\u00e2rlan","Est. reading time":"2 minute"},"schema":{"@context":"https:\/\/schema.org","@graph":[{"@type":"Article","@id":"https:\/\/www.imobiliare.ro\/imoexpert\/950-de-apartamente-noi-pe-fosta-platforma-industriala-antrefrig-din-bucuresti-valoarea-dezvoltarii-se-ridica-la-140-milioane-euro_db\/#article","isPartOf":{"@id":"https:\/\/www.imobiliare.ro\/imoexpert\/950-de-apartamente-noi-pe-fosta-platforma-industriala-antrefrig-din-bucuresti-valoarea-dezvoltarii-se-ridica-la-140-milioane-euro_db\/"},"author":{"name":"Corina V\u00e2rlan","@id":"https:\/\/www.imobiliare.ro\/imoexpert\/#\/schema\/person\/9ffdfbf24b82f39fc75a2fc6c19e4e99"},"headline":"950 de apartamente noi pe fosta platform\u0103 industrial\u0103 Antrefrig din Bucure\u0219ti. Valoarea dezvolt\u0103rii se ridic\u0103 la 140 milioane euro","datePublished":"2025-07-09T06:50:51+00:00","mainEntityOfPage":{"@id":"https:\/\/www.imobiliare.ro\/imoexpert\/950-de-apartamente-noi-pe-fosta-platforma-industriala-antrefrig-din-bucuresti-valoarea-dezvoltarii-se-ridica-la-140-milioane-euro_db\/"},"wordCount":288,"commentCount":0,"publisher":{"@id":"https:\/\/www.imobiliare.ro\/imoexpert\/#organization"},"image":{"@id":"https:\/\/www.imobiliare.ro\/imoexpert\/950-de-apartamente-noi-pe-fosta-platforma-industriala-antrefrig-din-bucuresti-valoarea-dezvoltarii-se-ridica-la-140-milioane-euro_db\/#primaryimage"},"thumbnailUrl":"https:\/\/www.imobiliare.ro\/imoexpert\/wp-content\/uploads\/2025\/07\/Prima-Solis-12.jpg","keywords":["apartamente Bucuresti","dezvoltatori imobiliari","Prima Development Group","Prima Solis","regenerare urbana"],"articleSection":["\u0218tiri","Video"],"inLanguage":"en","potentialAction":[{"@type":"CommentAction","name":"Comment","target":["https:\/\/www.imobiliare.ro\/imoexpert\/950-de-apartamente-noi-pe-fosta-platforma-industriala-antrefrig-din-bucuresti-valoarea-dezvoltarii-se-ridica-la-140-milioane-euro_db\/#respond"]}],"copyrightYear":"2025","copyrightHolder":{"@id":"https:\/\/www.imobiliare.ro\/imoexpert\/#organization"}},{"@type":"WebPage","@id":"https:\/\/www.imobiliare.ro\/imoexpert\/950-de-apartamente-noi-pe-fosta-platforma-industriala-antrefrig-din-bucuresti-valoarea-dezvoltarii-se-ridica-la-140-milioane-euro_db\/","url":"https:\/\/www.imobiliare.ro\/imoexpert\/950-de-apartamente-noi-pe-fosta-platforma-industriala-antrefrig-din-bucuresti-valoarea-dezvoltarii-se-ridica-la-140-milioane-euro_db\/","name":"950 de apartamente noi pe fosta platform\u0103 industrial\u0103 Antrefrig din Bucure\u0219ti. Valoarea dezvolt\u0103rii se ridic\u0103 la 140 milioane euro - \u0218tiri, Video - ImoExpert","isPartOf":{"@id":"https:\/\/www.imobiliare.ro\/imoexpert\/#website"},"primaryImageOfPage":{"@id":"https:\/\/www.imobiliare.ro\/imoexpert\/950-de-apartamente-noi-pe-fosta-platforma-industriala-antrefrig-din-bucuresti-valoarea-dezvoltarii-se-ridica-la-140-milioane-euro_db\/#primaryimage"},"image":{"@id":"https:\/\/www.imobiliare.ro\/imoexpert\/950-de-apartamente-noi-pe-fosta-platforma-industriala-antrefrig-din-bucuresti-valoarea-dezvoltarii-se-ridica-la-140-milioane-euro_db\/#primaryimage"},"thumbnailUrl":"https:\/\/www.imobiliare.ro\/imoexpert\/wp-content\/uploads\/2025\/07\/Prima-Solis-12.jpg","datePublished":"2025-07-09T06:50:51+00:00","description":"\u00cencep lucr\u0103rile pentru un nou ansamblu reziden\u021bial localizat \u00een Bucure\u0219ti, \u00een zona Mega Mall-Delfinului. Valoarea total\u0103 a dezvolt\u0103rii se ridic\u0103 la 140 de","breadcrumb":{"@id":"https:\/\/www.imobiliare.ro\/imoexpert\/950-de-apartamente-noi-pe-fosta-platforma-industriala-antrefrig-din-bucuresti-valoarea-dezvoltarii-se-ridica-la-140-milioane-euro_db\/#breadcrumb"},"inLanguage":"en","potentialAction":[{"@type":"ReadAction","target":["https:\/\/www.imobiliare.ro\/imoexpert\/950-de-apartamente-noi-pe-fosta-platforma-industriala-antrefrig-din-bucuresti-valoarea-dezvoltarii-se-ridica-la-140-milioane-euro_db\/"]}]},{"@type":"ImageObject","inLanguage":"en","@id":"https:\/\/www.imobiliare.ro\/imoexpert\/950-de-apartamente-noi-pe-fosta-platforma-industriala-antrefrig-din-bucuresti-valoarea-dezvoltarii-se-ridica-la-140-milioane-euro_db\/#primaryimage","url":"https:\/\/www.imobiliare.ro\/imoexpert\/wp-content\/uploads\/2025\/07\/Prima-Solis-12.jpg","contentUrl":"https:\/\/www.imobiliare.ro\/imoexpert\/wp-content\/uploads\/2025\/07\/Prima-Solis-12.jpg","width":1400,"height":1013},{"@type":"BreadcrumbList","@id":"https:\/\/www.imobiliare.ro\/imoexpert\/950-de-apartamente-noi-pe-fosta-platforma-industriala-antrefrig-din-bucuresti-valoarea-dezvoltarii-se-ridica-la-140-milioane-euro_db\/#breadcrumb","itemListElement":[{"@type":"ListItem","position":1,"name":"Imoradar24","item":"https:\/\/www.imoradar24.ro"},{"@type":"ListItem","position":2,"name":"ImoExpert","item":"https:\/\/www.imobiliare.ro\/imoexpert\/"},{"@type":"ListItem","position":3,"name":"\u0218tiri","item":"https:\/\/www.imobiliare.ro\/imoexpert\/stiri\/"},{"@type":"ListItem","position":4,"name":"950 de apartamente noi pe fosta platform\u0103 industrial\u0103 Antrefrig din Bucure\u0219ti. Valoarea dezvolt\u0103rii se ridic\u0103 la 140 milioane euro"}]},{"@type":"WebSite","@id":"https:\/\/www.imobiliare.ro\/imoexpert\/#website","url":"https:\/\/www.imobiliare.ro\/imoexpert\/","name":"ImoExpert","description":"cele mai importante \u015ftiri din domeniul imobiliar","publisher":{"@id":"https:\/\/www.imobiliare.ro\/imoexpert\/#organization"},"inLanguage":"en"},{"@type":"Organization","@id":"https:\/\/www.imobiliare.ro\/imoexpert\/#organization","name":"Imobiliare.ro","alternateName":"Realmedia Network SA","url":"https:\/\/www.imobiliare.ro\/imoexpert\/","logo":{"@type":"ImageObject","inLanguage":"en","@id":"https:\/\/www.imobiliare.ro\/imoexpert\/#\/schema\/logo\/image\/","url":"https:\/\/www.imobiliare.ro\/imoexpert\/wp-content\/uploads\/2025\/05\/imobiliare_logo.png","contentUrl":"https:\/\/www.imobiliare.ro\/imoexpert\/wp-content\/uploads\/2025\/05\/imobiliare_logo.png","width":237,"height":29,"caption":"Imobiliare.ro"},"image":{"@id":"https:\/\/www.imobiliare.ro\/imoexpert\/#\/schema\/logo\/image\/"}},{"@type":"Person","@id":"https:\/\/www.imobiliare.ro\/imoexpert\/#\/schema\/person\/9ffdfbf24b82f39fc75a2fc6c19e4e99","name":"Corina V\u00e2rlan","image":{"@type":"ImageObject","inLanguage":"en","@id":"https:\/\/www.imobiliare.ro\/imoexpert\/#\/schema\/person\/image\/","url":"https:\/\/www.imobiliare.ro\/imoexpert\/wp-content\/uploads\/2026\/02\/12-02-2025-5-rezumat-brasov-thumb-reels-1-1-96x96.png","contentUrl":"https:\/\/www.imobiliare.ro\/imoexpert\/wp-content\/uploads\/2026\/02\/12-02-2025-5-rezumat-brasov-thumb-reels-1-1-96x96.png","caption":"Corina V\u00e2rlan"},"description":"Cu o experien\u021b\u0103 de 14 ani \u00een presa online, comunicare \u0219i content marketing, Corina V\u00e2rlan s-a al\u0103turat echipei Imobiliare.ro \u00een urm\u0103 cu 8 ani \u0219i ocup\u0103, \u00een prezent, func\u021bia de Content Manager. Ea este gazda emisiunii \"\u00centreab\u0103 expertul\" \u0219i a seriei 5 \u0218tiri Imobiliare.ro, realizate \u00een parteneriat cu Libertatea. Corina \u00ee\u0219i concentreaz\u0103 activitatea pe analiza datelor de pia\u021b\u0103 \u0219i pe subiecte de interes at\u00e2t pentru cei afla\u021bi \u00een c\u0103utarea unei locuin\u021be, c\u00e2t \u0219i pentru proprietari sau chiria\u0219i.","alternateName":"Corina","jobTitle":"Content Manager","url":"https:\/\/www.imobiliare.ro\/imoexpert\/author\/corina-varlan\/"}]}},"_links":{"self":[{"href":"https:\/\/www.imobiliare.ro\/imoexpert\/wp-json\/wp\/v2\/posts\/73221","targetHints":{"allow":["GET"]}}],"collection":[{"href":"https:\/\/www.imobiliare.ro\/imoexpert\/wp-json\/wp\/v2\/posts"}],"about":[{"href":"https:\/\/www.imobiliare.ro\/imoexpert\/wp-json\/wp\/v2\/types\/post"}],"author":[{"embeddable":true,"href":"https:\/\/www.imobiliare.ro\/imoexpert\/wp-json\/wp\/v2\/users\/5891"}],"replies":[{"embeddable":true,"href":"https:\/\/www.imobiliare.ro\/imoexpert\/wp-json\/wp\/v2\/comments?post=73221"}],"version-history":[{"count":0,"href":"https:\/\/www.imobiliare.ro\/imoexpert\/wp-json\/wp\/v2\/posts\/73221\/revisions"}],"wp:featuredmedia":[{"embeddable":true,"href":"https:\/\/www.imobiliare.ro\/imoexpert\/wp-json\/wp\/v2\/media\/73222"}],"wp:attachment":[{"href":"https:\/\/www.imobiliare.ro\/imoexpert\/wp-json\/wp\/v2\/media?parent=73221"}],"wp:term":[{"taxonomy":"category","embeddable":true,"href":"https:\/\/www.imobiliare.ro\/imoexpert\/wp-json\/wp\/v2\/categories?post=73221"},{"taxonomy":"post_tag","embeddable":true,"href":"https:\/\/www.imobiliare.ro\/imoexpert\/wp-json\/wp\/v2\/tags?post=73221"},{"taxonomy":"content_author","embeddable":true,"href":"https:\/\/www.imobiliare.ro\/imoexpert\/wp-json\/wp\/v2\/content_author?post=73221"}],"curies":[{"name":"wp","href":"https:\/\/api.w.org\/{rel}","templated":true}]}}