{"id":73243,"date":"2025-07-10T13:48:57","date_gmt":"2025-07-10T10:48:57","guid":{"rendered":"https:\/\/www.imobiliare.ro\/imoexpert\/?p=73243"},"modified":"2025-07-10T13:48:57","modified_gmt":"2025-07-10T10:48:57","slug":"tva-redus-la-apartamente-dar-nu-pentru-mult-timp-lista-proiectelor-rezidentiale-din-brasov-si-conditiile-pe-care-trebuie-sa-le-indeplinesti-pentru-9-tva","status":"publish","type":"post","link":"https:\/\/www.imobiliare.ro\/imoexpert\/tva-redus-la-apartamente-dar-nu-pentru-mult-timp-lista-proiectelor-rezidentiale-din-brasov-si-conditiile-pe-care-trebuie-sa-le-indeplinesti-pentru-9-tva_db\/","title":{"rendered":"TVA redus la apartamente, dar nu pentru mult timp. Lista proiectelor reziden\u021biale din Bra\u0219ov \u0219i condi\u021biile pe care trebuie s\u0103 le \u00eendepline\u0219ti pentru 9% TVA"},"content":{"rendered":"\n<figure class=\"wp-block-image size-large\"><img loading=\"lazy\" decoding=\"async\" width=\"1200\" height=\"900\" src=\"https:\/\/www.imobiliare.ro\/imoexpert\/wp-content\/uploads\/2025\/07\/proiecte-cu-apartamente-9-tva-brasov-1200x900.jpg\" alt=\"\" class=\"wp-image-73246\" srcset=\"https:\/\/www.imobiliare.ro\/imoexpert\/wp-content\/uploads\/2025\/07\/proiecte-cu-apartamente-9-tva-brasov-1200x900.jpg 1200w, https:\/\/www.imobiliare.ro\/imoexpert\/wp-content\/uploads\/2025\/07\/proiecte-cu-apartamente-9-tva-brasov-300x225.jpg 300w, https:\/\/www.imobiliare.ro\/imoexpert\/wp-content\/uploads\/2025\/07\/proiecte-cu-apartamente-9-tva-brasov-768x576.jpg 768w, https:\/\/www.imobiliare.ro\/imoexpert\/wp-content\/uploads\/2025\/07\/proiecte-cu-apartamente-9-tva-brasov-1536x1152.jpg 1536w, https:\/\/www.imobiliare.ro\/imoexpert\/wp-content\/uploads\/2025\/07\/proiecte-cu-apartamente-9-tva-brasov.jpg 2000w\" sizes=\"auto, (max-width: 1200px) 100vw, 1200px\" \/><\/figure>\n\n\n\n<p><strong>Pentru bra\u0219ovenii care pl\u0103nuiesc s\u0103 achizi\u021bioneze un apartament \u0219i vor s\u0103 beneficieze de cota redus\u0103 de TVA de 9%, ceasul tic\u0103ie. Pentru a profita pe ultima sut\u0103 de metri de aceast\u0103 facilitate fiscal\u0103, este necesar un avans de minimum 20% p\u00e2n\u0103 pe 1 august. \u00cen acest context, pia\u021ba imobiliar\u0103 din Bra\u0219ov intr\u0103 \u00eentr-o perioad\u0103 intens\u0103, iar cump\u0103r\u0103torii trebuie s\u0103 fie bine informa\u021bi \u0219i s\u0103 ac\u021bioneze rapid.<\/strong><\/p>\n\n\n\n<div id=\"ez-toc-container\" class=\"ez-toc-v2_0_81 counter-hierarchy ez-toc-counter ez-toc-grey ez-toc-container-direction\">\n<p class=\"ez-toc-title\" style=\"cursor:inherit\">Table of Contents<\/p>\n<label for=\"ez-toc-cssicon-toggle-item-69f309c3da078\" class=\"ez-toc-cssicon-toggle-label\"><span class=\"ez-toc-cssicon\"><span class=\"eztoc-hide\" style=\"display:none;\">Toggle<\/span><span class=\"ez-toc-icon-toggle-span\"><svg style=\"fill: #999;color:#999\" xmlns=\"http:\/\/www.w3.org\/2000\/svg\" class=\"list-377408\" width=\"20px\" height=\"20px\" viewBox=\"0 0 24 24\" fill=\"none\"><path d=\"M6 6H4v2h2V6zm14 0H8v2h12V6zM4 11h2v2H4v-2zm16 0H8v2h12v-2zM4 16h2v2H4v-2zm16 0H8v2h12v-2z\" fill=\"currentColor\"><\/path><\/svg><svg style=\"fill: #999;color:#999\" class=\"arrow-unsorted-368013\" xmlns=\"http:\/\/www.w3.org\/2000\/svg\" width=\"10px\" height=\"10px\" viewBox=\"0 0 24 24\" version=\"1.2\" baseProfile=\"tiny\"><path d=\"M18.2 9.3l-6.2-6.3-6.2 6.3c-.2.2-.3.4-.3.7s.1.5.3.7c.2.2.4.3.7.3h11c.3 0 .5-.1.7-.3.2-.2.3-.5.3-.7s-.1-.5-.3-.7zM5.8 14.7l6.2 6.3 6.2-6.3c.2-.2.3-.5.3-.7s-.1-.5-.3-.7c-.2-.2-.4-.3-.7-.3h-11c-.3 0-.5.1-.7.3-.2.2-.3.5-.3.7s.1.5.3.7z\"\/><\/svg><\/span><\/span><\/label><input type=\"checkbox\"  id=\"ez-toc-cssicon-toggle-item-69f309c3da078\"  aria-label=\"Toggle\" \/><nav><ul class='ez-toc-list ez-toc-list-level-1 ' ><li class='ez-toc-page-1 ez-toc-heading-level-3'><a class=\"ez-toc-link ez-toc-heading-1\" href=\"https:\/\/www.imobiliare.ro\/imoexpert\/tva-redus-la-apartamente-dar-nu-pentru-mult-timp-lista-proiectelor-rezidentiale-din-brasov-si-conditiile-pe-care-trebuie-sa-le-indeplinesti-pentru-9-tva_db\/#Ce_conditii_trebuie_respectate_pentru_achizitia_unei_locuinte_cu_TVA_redus\" >Ce condi\u021bii trebuie respectate pentru achizi\u021bia unei locuin\u021be cu TVA redus<\/a><\/li><li class='ez-toc-page-1 ez-toc-heading-level-3'><a class=\"ez-toc-link ez-toc-heading-2\" href=\"https:\/\/www.imobiliare.ro\/imoexpert\/tva-redus-la-apartamente-dar-nu-pentru-mult-timp-lista-proiectelor-rezidentiale-din-brasov-si-conditiile-pe-care-trebuie-sa-le-indeplinesti-pentru-9-tva_db\/#Unde_poti_gasi_apartamente_in_Brasov_care_respecta_criteriile_pentru_TVA_de_9\" >Unde po\u021bi g\u0103si apartamente \u00een Bra\u0219ov care respect\u0103 criteriile pentru TVA de 9%<\/a><\/li><\/ul><\/nav><\/div>\n<h3 class=\"wp-block-heading\"><span class=\"ez-toc-section\" id=\"Ce_conditii_trebuie_respectate_pentru_achizitia_unei_locuinte_cu_TVA_redus\"><\/span><strong>Ce condi\u021bii trebuie respectate pentru achizi\u021bia unei locuin\u021be cu TVA redus<\/strong><span class=\"ez-toc-section-end\"><\/span><\/h3>\n\n\n\n<p>Chiar dac\u0103 TVA-ul redus de 9% r\u0103m\u00e2ne valabil p\u00e2n\u0103 la 1 august 2026, nu toate tranzac\u021biile sunt eligibile pentru a beneficia de acest prag. Iat\u0103 ce trebuie s\u0103 \u0219tii:<\/p>\n\n\n\n<ul class=\"wp-block-list\">\n<li>Locuin\u021ba achizi\u021bionat\u0103 trebuie s\u0103 aib\u0103 o suprafa\u021b\u0103 util\u0103 de maximum 120 mp (f\u0103r\u0103 anexele gospod\u0103re\u0219ti);<\/li>\n\n\n\n<li>Pre\u021bul total al imobilului, teren inclus, nu trebuie s\u0103 dep\u0103\u0219easc\u0103 600.000 lei f\u0103r\u0103 TVA (aproximativ 118.000 euro);<\/li>\n\n\n\n<li>P\u00e2n\u0103 la data de 1 august 2025 trebuie semnat un antecontract de v\u00e2nzare-cump\u0103rare, \u00eenso\u021bit de plata unui avans de cel pu\u021bin 20% din valoarea locuin\u021bei;<\/li>\n\n\n\n<li>Imobilul trebuie predat proprietarului p\u00e2n\u0103 cel t\u00e2rziu la 1 august 2026.<br><\/li>\n<\/ul>\n\n\n\n<h3 class=\"wp-block-heading\"><span class=\"ez-toc-section\" id=\"Unde_poti_gasi_apartamente_in_Brasov_care_respecta_criteriile_pentru_TVA_de_9\"><\/span><strong>Unde po\u021bi g\u0103si apartamente \u00een Bra\u0219ov care respect\u0103 criteriile pentru TVA de 9%<\/strong><span class=\"ez-toc-section-end\"><\/span><\/h3>\n\n\n\n<p>Dac\u0103 e\u0219ti \u00een c\u0103utarea unei oportunit\u0103\u021bi imobiliare avantajoase, afl\u0103 c\u0103 \u00een Bra\u0219ov exist\u0103 deja mai multe ansambluri reziden\u021biale care ofer\u0103 apartamente ce se \u00eencadreaz\u0103 \u00een plafonul de pre\u021b \u0219i suprafa\u021b\u0103 impus de lege. <a class=\"article-body-links\"href=\"https:\/\/www.imobiliare.ro\/ansambluri-rezidentiale\/judetul-brasov\">Acestea<\/a> pot fi verificate pe platforma Imobiliare.ro.&nbsp;<\/p>\n\n\n\n<p>De\u0219i reducerea de TVA poate aduce economii semnificative, este important s\u0103 fii atent la termenele legale. Livrarea locuin\u021bei p\u00e2n\u0103 la 1 august 2026 este esen\u021bial\u0103, a\u0219a c\u0103 discut\u0103 din timp cu dezvoltatorul \u0219i asigur\u0103-te c\u0103 proiectul este fezabil \u0219i va fi finalizat \u00een termen.<\/p>\n\n\n\n<iframe loading=\"lazy\" style=\"height: 396px!important;\" src=\"https:\/\/www.facebook.com\/plugins\/video.php?height=314&#038;href=https%3A%2F%2Fwww.facebook.com%2Fwww.imobiliare.ro%2Fvideos%2F1274061140983167%2F&#038;show_text=false&#038;width=560&#038;t=0\" width=\"560\" height=\"429\" style=\"border:none;overflow:hidden\" scrolling=\"no\" frameborder=\"0\" allowfullscreen=\"true\" allow=\"autoplay; clipboard-write; encrypted-media; picture-in-picture; web-share\" allowFullScreen=\"true\"><\/iframe>\n\n\n\n<p>Mai multe proiecte reziden\u021biale din Bra\u0219ov ofer\u0103 locuin\u021be conforme cu aceste cerin\u021be. Printre acestea se num\u0103r\u0103 ansambluri situate \u00een zone precum Tractorul, Bartolomeu sau D\u00e2rste. Selec\u021bia proiectelor reziden\u021biale are rolul de a oferi o imagine de ansamblu, \u00eens\u0103 fiecare caz trebuie analizat de fiecare cump\u0103r\u0103tor \u00een parte.<\/p>\n\n\n\n<ul class=\"wp-block-list\">\n<li><a class=\"article-body-links\"href=\"https:\/\/www.imobiliare.ro\/ansamblu-rezidential\/victory-by-casa-nobel-tractorul\"><strong>Victory by Casa Nobel<\/strong><\/a>: unele apartamente de 2 \u0219i chiar de 3 camere din acest complex se v\u00e2nd cu sume sub plafonul de 118.000 de euro. Ansamblul dispune de un parc pozi\u021bionat central cu o suprafa\u021b\u0103 de 3.200 mp, iar proiectul este finalizat.&nbsp;<\/li>\n\n\n\n<li><a class=\"article-body-links\"href=\"https:\/\/www.imobiliare.ro\/ansamblu-rezidential\/maurer-villas-tractorul\"><strong>Maurer Villas<\/strong><\/a>: apartamentele de dou\u0103 camere au o suprafa\u021b\u0103 de aproape 50 mp, iar pre\u021bul este de 107.000 de euro. Acest ansamblu din cartierul Tractorul, la intersec\u021bia dintre Strada \u0218tefan Baciu \u0219i Strada Argintului, \u00eembin\u0103 perfect nevoia de lini\u0219te \u0219i deta\u0219are fa\u021b\u0103 de agita\u021bia specific\u0103 unui centru urban, dar, \u00een egal\u0103 m\u0103sur\u0103, locatarii se pot bucura de centre comerciale aflate \u00een imediat\u0103 proximitate.<\/li>\n\n\n\n<li><a class=\"article-body-links\"href=\"https:\/\/www.imobiliare.ro\/ansamblu-rezidential\/12-tiberiu-eremia-tractorul\"><strong>12 TIBERIU EREMIA<\/strong><\/a>: garsonierele din complex se v\u00e2nd cu sub 100.000 de euro. Cele 3 spa\u0163ii comerciale amplasate la parterul cl\u0103dirilor, terasele mari cu vedere spre sud, parcarea subteran\u0103 \u015fi zonele verzi ce subscriu unui design peisagistic modern sunt parte din criteriile complete \u015fi complexe ce recomand\u0103 12 Tiberiu Eremia ca oportunitate de investi\u0163ie pentru ast\u0103zi \u015fi pentru viitor, potrivit dezvoltatorului.<\/li>\n\n\n\n<li><a class=\"article-body-links\"href=\"https:\/\/www.imobiliare.ro\/ansamblu-rezidential\/soho-residence-brasov-ii-tractorul\"><strong>SOHO Residence<\/strong><\/a>: Proiectul va fi gata \u00een martie anul viitor. Pe l\u00e2ng\u0103 numeroasele facilit\u0103\u021bi oferite de complex, apartamentele vor beneficia de standarde premium precum \u00eenc\u0103lzirea \u00een pardoseal\u0103 \u015fi lift cu sticl\u0103.&nbsp;<\/li>\n\n\n\n<li><a class=\"article-body-links\"href=\"https:\/\/www.imobiliare.ro\/ansamblu-rezidential\/49-liviu-rebreanu-tractorul\"><strong>49 LIVIU REBREANU<\/strong><\/a>: c\u00e2teva dintre propriet\u0103\u021bile de dou\u0103 camere \u00eentrunesc condi\u021biile pentru ca noul proprietar s\u0103 beneficieze de TVA redus de 9%. Proiectul 49 Liviu Rebreanu promite 36 de re\u0219edin\u021be concepute ca s\u0103 te sim\u021bi &#8222;acas\u0103 &#8221; ori de cate ori intri \u00een apartamentul t\u0103u.&nbsp;<\/li>\n\n\n\n<li><a class=\"article-body-links\"href=\"https:\/\/www.imobiliare.ro\/ansamblu-rezidential\/alpha-distrikt-bartolomeu\"><strong>Alpha Distrikt<\/strong><\/a>: Apartamentele cu dou\u0103 camere din acest complex au dimensiuni \u00eentre 53.06 mp \u0219i 60.64 mp, iar unele se \u00eencadreaz\u0103 \u0219i \u00een limita de pre\u021b pentru TVA de 9%. Fiind la doar c\u00e2teva minute de Aeroportul Interna\u021bional Bra\u0219ov-Ghimbav, Alpha Distrikt garanteaz\u0103 conexiuni rapide \u0219i eficiente, facilit\u00e2nd c\u0103l\u0103toriile interna\u021bionale \u0219i de afaceri.&nbsp;<\/li>\n\n\n\n<li><a class=\"article-body-links\"href=\"https:\/\/www.imobiliare.ro\/ansamblu-rezidential\/noua-residence-2-darste\"><strong>Noua Residence 2<\/strong><\/a>: Este primul complex reziden\u021bial din zona D\u00e2rste &#8211; Noua. Sunt disponibile at\u00e2t propriet\u0103\u021bi cu 2, c\u00e2t \u0219i cu 4 camere, \u00eens\u0103 doar apartamentele cu 2 camere sunt eligibile pentru a fi cump\u0103rate \u00een condi\u021biile de TVA redus la 9%.&nbsp;<\/li>\n\n\n\n<li><a class=\"article-body-links\"href=\"https:\/\/www.imobiliare.ro\/ansamblu-rezidential\/mosaic-residence-tractorul\"><strong>Mosaic Residence: <\/strong><\/a>termenul de finalizare al proiectului este fix august 2026, c\u00e2nd ar trebui s\u0103 fie gata toate apartamentele care vor beneficia de TVA redus de 9%. Priveli\u0219tea este&nbsp; spectaculoas\u0103, apartamentele fiind \u00eensorite, cu vedere c\u0103tre Piatra Mare sau T\u00e2mpa.&nbsp;<\/li>\n\n\n\n<li><a class=\"article-body-links\"href=\"https:\/\/www.imobiliare.ro\/ansamblu-rezidential\/roka-village-periferie\"><strong>Roka Village<\/strong><\/a>: dou\u0103 camere se v\u00e2nd \u00een acest complex cu pu\u021bin peste 76.000 euro. Proiectul este finalizat \u0219i este localizat \u00een imediata apropiere a Rezerva\u0163iei Naturale Lempe\u015f, astfel locatarii au parte de intimitate \u0219i sunt proteja\u0163i de aglomera\u0163ia ora\u015fului.<\/li>\n\n\n\n<li><a class=\"article-body-links\"href=\"https:\/\/www.imobiliare.ro\/ansamblu-rezidential\/vivamus-park-residence-13-decembrie\"><strong>Vivamus Park Residence<\/strong><\/a>: Complexul cuprinde o suprafa\u021b\u0103 generoas\u0103 cu gazon \u0219i spa\u021bii de relaxare oferit\u0103 proprietarilor, \u00een prezent aici exist\u00e2nd teren multisport, loc de joac\u0103 pentru copii, \u0219emineu, canapea, leag\u0103n, baldachine, balansoar, jacuzzi. At\u00e2t apartamentele cu 2, c\u00e2t \u0219i cele cu 3 camere se \u00eencadreaz\u0103 \u00een limita de pre\u021b de 118.000 de euro.<\/li>\n\n\n\n<li><a class=\"article-body-links\"href=\"https:\/\/www.imobiliare.ro\/dezvoltator\/coder-residence-brasov\"><strong>Coder Residence<\/strong><\/a> &#8211; garsonierele din complex se v\u00e2nd cu sub 100.000 de euro. \u00cen plus, anumite tipuri de apartamente cu 2 camere se \u00eencadreaz\u0103 \u00een limita de pre\u021b de 118.000 de euro.<\/li>\n\n\n\n<li><a class=\"article-body-links\"href=\"https:\/\/www.valcomresidence.ro\/\"><strong>Valcom Bartolomeu<\/strong><\/a> &#8211; un complex reziden\u021bial exclusivist \u00een zona Bartolomeu, ce redefine\u0219te confortul urban prin apartamente moderne, luminoase \u0219i eficient compartimentate. <\/li>\n<\/ul>\n\n\n\n<p>Toate proiectele men\u021bionate au doar rol orientativ. Cump\u0103r\u0103torul este responsabil s\u0103 verifice \u00eempreun\u0103 cu dezvoltatorul dac\u0103 sunt respectate toate condi\u021biile legale, inclusiv livrarea imobilului p\u00e2n\u0103 \u00een august 2026, semnarea antecontractului p\u00e2n\u0103 la 1 august 2025 \u0219i plata unui avans de cel pu\u021bin 20%.<\/p>\n\n\n\n<p>Cota redus\u0103 de TVA de 9% este \u00eenc\u0103 disponibil\u0103, \u00eens\u0103 doar pentru cei care ac\u021bioneaz\u0103 rapid \u0219i verific\u0103 cu aten\u021bie toate detaliile.<\/p>\n\n\n\n<iframe loading=\"lazy\" style=\"height: 396px!important;\" src=\"https:\/\/www.youtube.com\/embed\/tOrG0PFLeeo?si=gxZ1oMFDmeE-9FrQ\" title=\"YouTube video player\" title=\" title=\"YouTube video player\" frameborder=\"0\" allow=\"accelerometer; autoplay; clipboard-write; encrypted-media; gyroscope; picture-in-picture; web-share\" allowfullscreen=\"\" width=\"792\" height=\"396\" frameborder=\"0\"><\/iframe>\n\n\n\n<p><strong><a class=\"article-body-links\"href=\"https:\/\/www.imobiliare.ro\/imoexpert\/unde-gasesti-apartamente-cu-tva-9-in-iasi-lista-ansamblurilor-si-conditiile-pe-care-trebuie-sa-le-indeplinesti-pentru-o-achizitie-cu-tva-redus_db\/\" target=\"_blank\" rel=\"noreferrer noopener\">Cite\u0219te \u0219i: Unde g\u0103se\u0219ti apartamente cu TVA 9% \u00een Ia\u0219i? Lista ansamblurilor \u0219i condi\u021biile pe care trebuie s\u0103 le \u00eendepline\u0219ti pentru o achizi\u021bie cu TVA redus<\/a><\/strong><\/p>\n\n\n\n<p><strong><a class=\"article-body-links\"href=\"https:\/\/www.imobiliare.ro\/imoexpert\/apartamente-cu-tva-9-in-timisoara-lista-ansamblurilor-unde-le-gasesti-si-conditiile-pe-care-trebuie-sa-le-indeplinesti_db\/\" target=\"_blank\" rel=\"noreferrer noopener\">Cite\u0219te \u0219i: Apartamente cu TVA 9% \u00een Timi\u0219oara. Lista ansamblurilor unde le g\u0103se\u0219ti \u0219i condi\u021biile pe care trebuie s\u0103 le \u00eendepline\u0219ti<\/a><\/strong><\/p>\n\n\n\n<p><strong><a class=\"article-body-links\"href=\"https:\/\/www.imobiliare.ro\/imoexpert\/unde-gasesti-apartamente-care-pot-fi-cumparate-cu-9-tva-verifica-lista-proiectelor-din-judetul-constanta_db\/\" target=\"_blank\" rel=\"noreferrer noopener\">Cite\u0219te \u0219i: Unde g\u0103se\u0219ti apartamente care pot fi cump\u0103rate cu 9% TVA? Verific\u0103 lista proiectelor din jude\u021bul Constan\u021ba<\/a><\/strong><\/p>\n","protected":false},"excerpt":{"rendered":"<p>Pentru bra\u0219ovenii care pl\u0103nuiesc s\u0103 achizi\u021bioneze un apartament \u0219i vor s\u0103 beneficieze de cota redus\u0103 de TVA de 9%, ceasul tic\u0103ie. Pentru a profita pe ultima sut\u0103 de metri de aceast\u0103 facilitate fiscal\u0103, este necesar un avans de minimum 20% p\u00e2n\u0103 pe 1 august. \u00cen acest context, pia\u021ba imobiliar\u0103 din Bra\u0219ov intr\u0103 \u00eentr-o perioad\u0103 intens\u0103, [&hellip;]<\/p>\n","protected":false},"author":821,"featured_media":73246,"comment_status":"open","ping_status":"open","sticky":true,"template":"","format":"standard","meta":{"footnotes":""},"categories":[259,2455],"tags":[1864,348,1276,2198,2197],"content_author":[],"class_list":["post-73243","post","type-post","status-publish","format-standard","has-post-thumbnail","hentry","category-stiri","category-video","tag-apartamente-brasov","tag-apartamente-noi","tag-dezvoltatori-imobiliari","tag-majorare-tva-locuinte","tag-tva-9-locuinte"],"yoast_head":"<!-- This site is optimized with the Yoast SEO Premium plugin v27.0 (Yoast SEO v27.0) - https:\/\/yoast.com\/product\/yoast-seo-premium-wordpress\/ -->\n<title>TVA redus la apartamente, dar nu pentru mult timp. Lista proiectelor reziden\u021biale din Bra\u0219ov \u0219i condi\u021biile pe care trebuie s\u0103 le \u00eendepline\u0219ti pentru 9% TVA - \u0218tiri, Video - ImoExpert<\/title>\n<meta name=\"description\" content=\"Pentru bra\u0219ovenii care pl\u0103nuiesc s\u0103 achizi\u021bioneze un apartament \u0219i vor s\u0103 beneficieze de cota redus\u0103 de TVA de 9%, ceasul tic\u0103ie. Pentru a profita pe\" \/>\n<meta name=\"robots\" content=\"index, follow\" \/>\n<link rel=\"canonical\" href=\"https:\/\/www.imobiliare.ro\/imoexpert\/tva-redus-la-apartamente-dar-nu-pentru-mult-timp-lista-proiectelor-rezidentiale-din-brasov-si-conditiile-pe-care-trebuie-sa-le-indeplinesti-pentru-9-tva_db\/\" \/>\n<meta property=\"og:locale\" content=\"ro_RO\" \/>\n<meta property=\"og:type\" content=\"article\" \/>\n<meta property=\"og:title\" content=\"TVA redus la apartamente, dar nu pentru mult timp. Lista proiectelor reziden\u021biale din Bra\u0219ov \u0219i condi\u021biile pe care trebuie s\u0103 le \u00eendepline\u0219ti pentru 9% TVA\" \/>\n<meta property=\"og:description\" content=\"Pentru bra\u0219ovenii care pl\u0103nuiesc s\u0103 achizi\u021bioneze un apartament \u0219i vor s\u0103 beneficieze de cota redus\u0103 de TVA de 9%, ceasul tic\u0103ie. Pentru a profita pe\" \/>\n<meta property=\"og:url\" content=\"https:\/\/www.imobiliare.ro\/imoexpert\/tva-redus-la-apartamente-dar-nu-pentru-mult-timp-lista-proiectelor-rezidentiale-din-brasov-si-conditiile-pe-care-trebuie-sa-le-indeplinesti-pentru-9-tva_db\/\" \/>\n<meta property=\"og:site_name\" content=\"ImoExpert\" \/>\n<meta property=\"article:published_time\" content=\"2025-07-10T10:48:57+00:00\" \/>\n<meta property=\"og:image\" content=\"https:\/\/www.imobiliare.ro\/imoexpert\/wp-content\/uploads\/2025\/07\/proiecte-cu-apartamente-9-tva-brasov.jpg\" \/>\n\t<meta property=\"og:image:width\" content=\"2000\" \/>\n\t<meta property=\"og:image:height\" content=\"1500\" \/>\n\t<meta property=\"og:image:type\" content=\"image\/jpeg\" \/>\n<meta name=\"author\" content=\"Imo Expert\" \/>\n<meta name=\"twitter:card\" content=\"summary_large_image\" \/>\n<meta name=\"twitter:label1\" content=\"Written by\" \/>\n\t<meta name=\"twitter:data1\" content=\"Imo Expert\" \/>\n\t<meta name=\"twitter:label2\" content=\"Est. reading time\" \/>\n\t<meta name=\"twitter:data2\" content=\"5 minute\" \/>\n<script type=\"application\/ld+json\" class=\"yoast-schema-graph\">{\"@context\":\"https:\/\/schema.org\",\"@graph\":[{\"@type\":\"Article\",\"@id\":\"https:\/\/www.imobiliare.ro\/imoexpert\/tva-redus-la-apartamente-dar-nu-pentru-mult-timp-lista-proiectelor-rezidentiale-din-brasov-si-conditiile-pe-care-trebuie-sa-le-indeplinesti-pentru-9-tva_db\/#article\",\"isPartOf\":{\"@id\":\"https:\/\/www.imobiliare.ro\/imoexpert\/tva-redus-la-apartamente-dar-nu-pentru-mult-timp-lista-proiectelor-rezidentiale-din-brasov-si-conditiile-pe-care-trebuie-sa-le-indeplinesti-pentru-9-tva_db\/\"},\"author\":{\"name\":\"Imo Expert\",\"@id\":\"https:\/\/www.imobiliare.ro\/imoexpert\/#\/schema\/person\/24d0abafdca42af79d5ca29e19bc0062\"},\"headline\":\"TVA redus la apartamente, dar nu pentru mult timp. Lista proiectelor reziden\u021biale din Bra\u0219ov \u0219i condi\u021biile pe care trebuie s\u0103 le \u00eendepline\u0219ti pentru 9% TVA\",\"datePublished\":\"2025-07-10T10:48:57+00:00\",\"mainEntityOfPage\":{\"@id\":\"https:\/\/www.imobiliare.ro\/imoexpert\/tva-redus-la-apartamente-dar-nu-pentru-mult-timp-lista-proiectelor-rezidentiale-din-brasov-si-conditiile-pe-care-trebuie-sa-le-indeplinesti-pentru-9-tva_db\/\"},\"wordCount\":1010,\"commentCount\":0,\"publisher\":{\"@id\":\"https:\/\/www.imobiliare.ro\/imoexpert\/#organization\"},\"image\":{\"@id\":\"https:\/\/www.imobiliare.ro\/imoexpert\/tva-redus-la-apartamente-dar-nu-pentru-mult-timp-lista-proiectelor-rezidentiale-din-brasov-si-conditiile-pe-care-trebuie-sa-le-indeplinesti-pentru-9-tva_db\/#primaryimage\"},\"thumbnailUrl\":\"https:\/\/www.imobiliare.ro\/imoexpert\/wp-content\/uploads\/2025\/07\/proiecte-cu-apartamente-9-tva-brasov.jpg\",\"keywords\":[\"apartamente Brasov\",\"Apartamente noi\",\"dezvoltatori imobiliari\",\"majorare tva locuinte\",\"tva 9% locuinte\"],\"articleSection\":[\"\u0218tiri\",\"Video\"],\"inLanguage\":\"en\",\"potentialAction\":[{\"@type\":\"CommentAction\",\"name\":\"Comment\",\"target\":[\"https:\/\/www.imobiliare.ro\/imoexpert\/tva-redus-la-apartamente-dar-nu-pentru-mult-timp-lista-proiectelor-rezidentiale-din-brasov-si-conditiile-pe-care-trebuie-sa-le-indeplinesti-pentru-9-tva_db\/#respond\"]}],\"copyrightYear\":\"2025\",\"copyrightHolder\":{\"@id\":\"https:\/\/www.imobiliare.ro\/imoexpert\/#organization\"}},{\"@type\":\"WebPage\",\"@id\":\"https:\/\/www.imobiliare.ro\/imoexpert\/tva-redus-la-apartamente-dar-nu-pentru-mult-timp-lista-proiectelor-rezidentiale-din-brasov-si-conditiile-pe-care-trebuie-sa-le-indeplinesti-pentru-9-tva_db\/\",\"url\":\"https:\/\/www.imobiliare.ro\/imoexpert\/tva-redus-la-apartamente-dar-nu-pentru-mult-timp-lista-proiectelor-rezidentiale-din-brasov-si-conditiile-pe-care-trebuie-sa-le-indeplinesti-pentru-9-tva_db\/\",\"name\":\"TVA redus la apartamente, dar nu pentru mult timp. Lista proiectelor reziden\u021biale din Bra\u0219ov \u0219i condi\u021biile pe care trebuie s\u0103 le \u00eendepline\u0219ti pentru 9% TVA - \u0218tiri, Video - ImoExpert\",\"isPartOf\":{\"@id\":\"https:\/\/www.imobiliare.ro\/imoexpert\/#website\"},\"primaryImageOfPage\":{\"@id\":\"https:\/\/www.imobiliare.ro\/imoexpert\/tva-redus-la-apartamente-dar-nu-pentru-mult-timp-lista-proiectelor-rezidentiale-din-brasov-si-conditiile-pe-care-trebuie-sa-le-indeplinesti-pentru-9-tva_db\/#primaryimage\"},\"image\":{\"@id\":\"https:\/\/www.imobiliare.ro\/imoexpert\/tva-redus-la-apartamente-dar-nu-pentru-mult-timp-lista-proiectelor-rezidentiale-din-brasov-si-conditiile-pe-care-trebuie-sa-le-indeplinesti-pentru-9-tva_db\/#primaryimage\"},\"thumbnailUrl\":\"https:\/\/www.imobiliare.ro\/imoexpert\/wp-content\/uploads\/2025\/07\/proiecte-cu-apartamente-9-tva-brasov.jpg\",\"datePublished\":\"2025-07-10T10:48:57+00:00\",\"description\":\"Pentru bra\u0219ovenii care pl\u0103nuiesc s\u0103 achizi\u021bioneze un apartament \u0219i vor s\u0103 beneficieze de cota redus\u0103 de TVA de 9%, ceasul tic\u0103ie. Pentru a profita pe\",\"breadcrumb\":{\"@id\":\"https:\/\/www.imobiliare.ro\/imoexpert\/tva-redus-la-apartamente-dar-nu-pentru-mult-timp-lista-proiectelor-rezidentiale-din-brasov-si-conditiile-pe-care-trebuie-sa-le-indeplinesti-pentru-9-tva_db\/#breadcrumb\"},\"inLanguage\":\"en\",\"potentialAction\":[{\"@type\":\"ReadAction\",\"target\":[\"https:\/\/www.imobiliare.ro\/imoexpert\/tva-redus-la-apartamente-dar-nu-pentru-mult-timp-lista-proiectelor-rezidentiale-din-brasov-si-conditiile-pe-care-trebuie-sa-le-indeplinesti-pentru-9-tva_db\/\"]}]},{\"@type\":\"ImageObject\",\"inLanguage\":\"en\",\"@id\":\"https:\/\/www.imobiliare.ro\/imoexpert\/tva-redus-la-apartamente-dar-nu-pentru-mult-timp-lista-proiectelor-rezidentiale-din-brasov-si-conditiile-pe-care-trebuie-sa-le-indeplinesti-pentru-9-tva_db\/#primaryimage\",\"url\":\"https:\/\/www.imobiliare.ro\/imoexpert\/wp-content\/uploads\/2025\/07\/proiecte-cu-apartamente-9-tva-brasov.jpg\",\"contentUrl\":\"https:\/\/www.imobiliare.ro\/imoexpert\/wp-content\/uploads\/2025\/07\/proiecte-cu-apartamente-9-tva-brasov.jpg\",\"width\":2000,\"height\":1500},{\"@type\":\"BreadcrumbList\",\"@id\":\"https:\/\/www.imobiliare.ro\/imoexpert\/tva-redus-la-apartamente-dar-nu-pentru-mult-timp-lista-proiectelor-rezidentiale-din-brasov-si-conditiile-pe-care-trebuie-sa-le-indeplinesti-pentru-9-tva_db\/#breadcrumb\",\"itemListElement\":[{\"@type\":\"ListItem\",\"position\":1,\"name\":\"Imoradar24\",\"item\":\"https:\/\/www.imoradar24.ro\"},{\"@type\":\"ListItem\",\"position\":2,\"name\":\"ImoExpert\",\"item\":\"https:\/\/www.imobiliare.ro\/imoexpert\/\"},{\"@type\":\"ListItem\",\"position\":3,\"name\":\"\u0218tiri\",\"item\":\"https:\/\/www.imobiliare.ro\/imoexpert\/stiri\/\"},{\"@type\":\"ListItem\",\"position\":4,\"name\":\"TVA redus la apartamente, dar nu pentru mult timp. Lista proiectelor reziden\u021biale din Bra\u0219ov \u0219i condi\u021biile pe care trebuie s\u0103 le \u00eendepline\u0219ti pentru 9% TVA\"}]},{\"@type\":\"WebSite\",\"@id\":\"https:\/\/www.imobiliare.ro\/imoexpert\/#website\",\"url\":\"https:\/\/www.imobiliare.ro\/imoexpert\/\",\"name\":\"ImoExpert\",\"description\":\"cele mai importante \u015ftiri din domeniul imobiliar\",\"publisher\":{\"@id\":\"https:\/\/www.imobiliare.ro\/imoexpert\/#organization\"},\"inLanguage\":\"en\"},{\"@type\":\"Organization\",\"@id\":\"https:\/\/www.imobiliare.ro\/imoexpert\/#organization\",\"name\":\"Imobiliare.ro\",\"alternateName\":\"Realmedia Network SA\",\"url\":\"https:\/\/www.imobiliare.ro\/imoexpert\/\",\"logo\":{\"@type\":\"ImageObject\",\"inLanguage\":\"en\",\"@id\":\"https:\/\/www.imobiliare.ro\/imoexpert\/#\/schema\/logo\/image\/\",\"url\":\"https:\/\/www.imobiliare.ro\/imoexpert\/wp-content\/uploads\/2025\/05\/imobiliare_logo.png\",\"contentUrl\":\"https:\/\/www.imobiliare.ro\/imoexpert\/wp-content\/uploads\/2025\/05\/imobiliare_logo.png\",\"width\":237,\"height\":29,\"caption\":\"Imobiliare.ro\"},\"image\":{\"@id\":\"https:\/\/www.imobiliare.ro\/imoexpert\/#\/schema\/logo\/image\/\"}},{\"@type\":\"Person\",\"@id\":\"https:\/\/www.imobiliare.ro\/imoexpert\/#\/schema\/person\/24d0abafdca42af79d5ca29e19bc0062\",\"name\":\"Imo Expert\",\"image\":{\"@type\":\"ImageObject\",\"inLanguage\":\"en\",\"@id\":\"https:\/\/www.imobiliare.ro\/imoexpert\/#\/schema\/person\/image\/\",\"url\":\"https:\/\/www.imobiliare.ro\/imoexpert\/wp-content\/uploads\/2023\/11\/cropped-logo-96x96.jpg\",\"contentUrl\":\"https:\/\/www.imobiliare.ro\/imoexpert\/wp-content\/uploads\/2023\/11\/cropped-logo-96x96.jpg\",\"caption\":\"Imo Expert\"},\"description\":\"Imobiliare.ro\u00a0este site-ul de imobiliare din Rom\u00e2nia cu cea mai mare \u00eencredere \u00een r\u00e2ndul utilizatorilor. Imobiliare.ro promite celor care \u00ee\u0219i caut\u0103 o locuin\u021b\u0103, cump\u0103r\u0103tori \u0219i chiria\u0219i, cea mai bun\u0103 experien\u021b\u0103 de c\u0103utare \u0219i \u00eei ajut\u0103 s\u0103 ia cea mai bun\u0103 decizie pentru a g\u0103si casa ideal\u0103. Totodat\u0103, Imobiliare.ro este principalul furnizor de date \u0219i statistici imobiliare pentru presa din Rom\u00e2nia, comunic\u00e2nd cu regularitate analize, rapoarte \u0219i indici despre evolu\u021bia pie\u021bei imobiliare.\",\"sameAs\":[\"https:\/\/www.imobiliare.ro\"],\"alternateName\":\"ImoExpert\",\"jobTitle\":\"Echipa editorial\u0103\",\"url\":\"https:\/\/www.imobiliare.ro\/imoexpert\/author\/imo-expert\/\"}]}<\/script>\n<!-- \/ Yoast SEO Premium plugin. -->","yoast_head_json":{"title":"TVA redus la apartamente, dar nu pentru mult timp. Lista proiectelor reziden\u021biale din Bra\u0219ov \u0219i condi\u021biile pe care trebuie s\u0103 le \u00eendepline\u0219ti pentru 9% TVA - \u0218tiri, Video - ImoExpert","description":"Pentru bra\u0219ovenii care pl\u0103nuiesc s\u0103 achizi\u021bioneze un apartament \u0219i vor s\u0103 beneficieze de cota redus\u0103 de TVA de 9%, ceasul tic\u0103ie. Pentru a profita pe","robots":{"index":"index","follow":"follow"},"canonical":"https:\/\/www.imobiliare.ro\/imoexpert\/tva-redus-la-apartamente-dar-nu-pentru-mult-timp-lista-proiectelor-rezidentiale-din-brasov-si-conditiile-pe-care-trebuie-sa-le-indeplinesti-pentru-9-tva_db\/","og_locale":"ro_RO","og_type":"article","og_title":"TVA redus la apartamente, dar nu pentru mult timp. Lista proiectelor reziden\u021biale din Bra\u0219ov \u0219i condi\u021biile pe care trebuie s\u0103 le \u00eendepline\u0219ti pentru 9% TVA","og_description":"Pentru bra\u0219ovenii care pl\u0103nuiesc s\u0103 achizi\u021bioneze un apartament \u0219i vor s\u0103 beneficieze de cota redus\u0103 de TVA de 9%, ceasul tic\u0103ie. Pentru a profita pe","og_url":"https:\/\/www.imobiliare.ro\/imoexpert\/tva-redus-la-apartamente-dar-nu-pentru-mult-timp-lista-proiectelor-rezidentiale-din-brasov-si-conditiile-pe-care-trebuie-sa-le-indeplinesti-pentru-9-tva_db\/","og_site_name":"ImoExpert","article_published_time":"2025-07-10T10:48:57+00:00","og_image":[{"width":2000,"height":1500,"url":"https:\/\/www.imobiliare.ro\/imoexpert\/wp-content\/uploads\/2025\/07\/proiecte-cu-apartamente-9-tva-brasov.jpg","type":"image\/jpeg"}],"author":"Imo Expert","twitter_card":"summary_large_image","twitter_misc":{"Written by":"Imo Expert","Est. reading time":"5 minute"},"schema":{"@context":"https:\/\/schema.org","@graph":[{"@type":"Article","@id":"https:\/\/www.imobiliare.ro\/imoexpert\/tva-redus-la-apartamente-dar-nu-pentru-mult-timp-lista-proiectelor-rezidentiale-din-brasov-si-conditiile-pe-care-trebuie-sa-le-indeplinesti-pentru-9-tva_db\/#article","isPartOf":{"@id":"https:\/\/www.imobiliare.ro\/imoexpert\/tva-redus-la-apartamente-dar-nu-pentru-mult-timp-lista-proiectelor-rezidentiale-din-brasov-si-conditiile-pe-care-trebuie-sa-le-indeplinesti-pentru-9-tva_db\/"},"author":{"name":"Imo Expert","@id":"https:\/\/www.imobiliare.ro\/imoexpert\/#\/schema\/person\/24d0abafdca42af79d5ca29e19bc0062"},"headline":"TVA redus la apartamente, dar nu pentru mult timp. Lista proiectelor reziden\u021biale din Bra\u0219ov \u0219i condi\u021biile pe care trebuie s\u0103 le \u00eendepline\u0219ti pentru 9% TVA","datePublished":"2025-07-10T10:48:57+00:00","mainEntityOfPage":{"@id":"https:\/\/www.imobiliare.ro\/imoexpert\/tva-redus-la-apartamente-dar-nu-pentru-mult-timp-lista-proiectelor-rezidentiale-din-brasov-si-conditiile-pe-care-trebuie-sa-le-indeplinesti-pentru-9-tva_db\/"},"wordCount":1010,"commentCount":0,"publisher":{"@id":"https:\/\/www.imobiliare.ro\/imoexpert\/#organization"},"image":{"@id":"https:\/\/www.imobiliare.ro\/imoexpert\/tva-redus-la-apartamente-dar-nu-pentru-mult-timp-lista-proiectelor-rezidentiale-din-brasov-si-conditiile-pe-care-trebuie-sa-le-indeplinesti-pentru-9-tva_db\/#primaryimage"},"thumbnailUrl":"https:\/\/www.imobiliare.ro\/imoexpert\/wp-content\/uploads\/2025\/07\/proiecte-cu-apartamente-9-tva-brasov.jpg","keywords":["apartamente Brasov","Apartamente noi","dezvoltatori imobiliari","majorare tva locuinte","tva 9% locuinte"],"articleSection":["\u0218tiri","Video"],"inLanguage":"en","potentialAction":[{"@type":"CommentAction","name":"Comment","target":["https:\/\/www.imobiliare.ro\/imoexpert\/tva-redus-la-apartamente-dar-nu-pentru-mult-timp-lista-proiectelor-rezidentiale-din-brasov-si-conditiile-pe-care-trebuie-sa-le-indeplinesti-pentru-9-tva_db\/#respond"]}],"copyrightYear":"2025","copyrightHolder":{"@id":"https:\/\/www.imobiliare.ro\/imoexpert\/#organization"}},{"@type":"WebPage","@id":"https:\/\/www.imobiliare.ro\/imoexpert\/tva-redus-la-apartamente-dar-nu-pentru-mult-timp-lista-proiectelor-rezidentiale-din-brasov-si-conditiile-pe-care-trebuie-sa-le-indeplinesti-pentru-9-tva_db\/","url":"https:\/\/www.imobiliare.ro\/imoexpert\/tva-redus-la-apartamente-dar-nu-pentru-mult-timp-lista-proiectelor-rezidentiale-din-brasov-si-conditiile-pe-care-trebuie-sa-le-indeplinesti-pentru-9-tva_db\/","name":"TVA redus la apartamente, dar nu pentru mult timp. Lista proiectelor reziden\u021biale din Bra\u0219ov \u0219i condi\u021biile pe care trebuie s\u0103 le \u00eendepline\u0219ti pentru 9% TVA - \u0218tiri, Video - ImoExpert","isPartOf":{"@id":"https:\/\/www.imobiliare.ro\/imoexpert\/#website"},"primaryImageOfPage":{"@id":"https:\/\/www.imobiliare.ro\/imoexpert\/tva-redus-la-apartamente-dar-nu-pentru-mult-timp-lista-proiectelor-rezidentiale-din-brasov-si-conditiile-pe-care-trebuie-sa-le-indeplinesti-pentru-9-tva_db\/#primaryimage"},"image":{"@id":"https:\/\/www.imobiliare.ro\/imoexpert\/tva-redus-la-apartamente-dar-nu-pentru-mult-timp-lista-proiectelor-rezidentiale-din-brasov-si-conditiile-pe-care-trebuie-sa-le-indeplinesti-pentru-9-tva_db\/#primaryimage"},"thumbnailUrl":"https:\/\/www.imobiliare.ro\/imoexpert\/wp-content\/uploads\/2025\/07\/proiecte-cu-apartamente-9-tva-brasov.jpg","datePublished":"2025-07-10T10:48:57+00:00","description":"Pentru bra\u0219ovenii care pl\u0103nuiesc s\u0103 achizi\u021bioneze un apartament \u0219i vor s\u0103 beneficieze de cota redus\u0103 de TVA de 9%, ceasul tic\u0103ie. Pentru a profita pe","breadcrumb":{"@id":"https:\/\/www.imobiliare.ro\/imoexpert\/tva-redus-la-apartamente-dar-nu-pentru-mult-timp-lista-proiectelor-rezidentiale-din-brasov-si-conditiile-pe-care-trebuie-sa-le-indeplinesti-pentru-9-tva_db\/#breadcrumb"},"inLanguage":"en","potentialAction":[{"@type":"ReadAction","target":["https:\/\/www.imobiliare.ro\/imoexpert\/tva-redus-la-apartamente-dar-nu-pentru-mult-timp-lista-proiectelor-rezidentiale-din-brasov-si-conditiile-pe-care-trebuie-sa-le-indeplinesti-pentru-9-tva_db\/"]}]},{"@type":"ImageObject","inLanguage":"en","@id":"https:\/\/www.imobiliare.ro\/imoexpert\/tva-redus-la-apartamente-dar-nu-pentru-mult-timp-lista-proiectelor-rezidentiale-din-brasov-si-conditiile-pe-care-trebuie-sa-le-indeplinesti-pentru-9-tva_db\/#primaryimage","url":"https:\/\/www.imobiliare.ro\/imoexpert\/wp-content\/uploads\/2025\/07\/proiecte-cu-apartamente-9-tva-brasov.jpg","contentUrl":"https:\/\/www.imobiliare.ro\/imoexpert\/wp-content\/uploads\/2025\/07\/proiecte-cu-apartamente-9-tva-brasov.jpg","width":2000,"height":1500},{"@type":"BreadcrumbList","@id":"https:\/\/www.imobiliare.ro\/imoexpert\/tva-redus-la-apartamente-dar-nu-pentru-mult-timp-lista-proiectelor-rezidentiale-din-brasov-si-conditiile-pe-care-trebuie-sa-le-indeplinesti-pentru-9-tva_db\/#breadcrumb","itemListElement":[{"@type":"ListItem","position":1,"name":"Imoradar24","item":"https:\/\/www.imoradar24.ro"},{"@type":"ListItem","position":2,"name":"ImoExpert","item":"https:\/\/www.imobiliare.ro\/imoexpert\/"},{"@type":"ListItem","position":3,"name":"\u0218tiri","item":"https:\/\/www.imobiliare.ro\/imoexpert\/stiri\/"},{"@type":"ListItem","position":4,"name":"TVA redus la apartamente, dar nu pentru mult timp. Lista proiectelor reziden\u021biale din Bra\u0219ov \u0219i condi\u021biile pe care trebuie s\u0103 le \u00eendepline\u0219ti pentru 9% TVA"}]},{"@type":"WebSite","@id":"https:\/\/www.imobiliare.ro\/imoexpert\/#website","url":"https:\/\/www.imobiliare.ro\/imoexpert\/","name":"ImoExpert","description":"cele mai importante \u015ftiri din domeniul imobiliar","publisher":{"@id":"https:\/\/www.imobiliare.ro\/imoexpert\/#organization"},"inLanguage":"en"},{"@type":"Organization","@id":"https:\/\/www.imobiliare.ro\/imoexpert\/#organization","name":"Imobiliare.ro","alternateName":"Realmedia Network SA","url":"https:\/\/www.imobiliare.ro\/imoexpert\/","logo":{"@type":"ImageObject","inLanguage":"en","@id":"https:\/\/www.imobiliare.ro\/imoexpert\/#\/schema\/logo\/image\/","url":"https:\/\/www.imobiliare.ro\/imoexpert\/wp-content\/uploads\/2025\/05\/imobiliare_logo.png","contentUrl":"https:\/\/www.imobiliare.ro\/imoexpert\/wp-content\/uploads\/2025\/05\/imobiliare_logo.png","width":237,"height":29,"caption":"Imobiliare.ro"},"image":{"@id":"https:\/\/www.imobiliare.ro\/imoexpert\/#\/schema\/logo\/image\/"}},{"@type":"Person","@id":"https:\/\/www.imobiliare.ro\/imoexpert\/#\/schema\/person\/24d0abafdca42af79d5ca29e19bc0062","name":"Imo Expert","image":{"@type":"ImageObject","inLanguage":"en","@id":"https:\/\/www.imobiliare.ro\/imoexpert\/#\/schema\/person\/image\/","url":"https:\/\/www.imobiliare.ro\/imoexpert\/wp-content\/uploads\/2023\/11\/cropped-logo-96x96.jpg","contentUrl":"https:\/\/www.imobiliare.ro\/imoexpert\/wp-content\/uploads\/2023\/11\/cropped-logo-96x96.jpg","caption":"Imo Expert"},"description":"Imobiliare.ro\u00a0este site-ul de imobiliare din Rom\u00e2nia cu cea mai mare \u00eencredere \u00een r\u00e2ndul utilizatorilor. Imobiliare.ro promite celor care \u00ee\u0219i caut\u0103 o locuin\u021b\u0103, cump\u0103r\u0103tori \u0219i chiria\u0219i, cea mai bun\u0103 experien\u021b\u0103 de c\u0103utare \u0219i \u00eei ajut\u0103 s\u0103 ia cea mai bun\u0103 decizie pentru a g\u0103si casa ideal\u0103. Totodat\u0103, Imobiliare.ro este principalul furnizor de date \u0219i statistici imobiliare pentru presa din Rom\u00e2nia, comunic\u00e2nd cu regularitate analize, rapoarte \u0219i indici despre evolu\u021bia pie\u021bei imobiliare.","sameAs":["https:\/\/www.imobiliare.ro"],"alternateName":"ImoExpert","jobTitle":"Echipa editorial\u0103","url":"https:\/\/www.imobiliare.ro\/imoexpert\/author\/imo-expert\/"}]}},"_links":{"self":[{"href":"https:\/\/www.imobiliare.ro\/imoexpert\/wp-json\/wp\/v2\/posts\/73243","targetHints":{"allow":["GET"]}}],"collection":[{"href":"https:\/\/www.imobiliare.ro\/imoexpert\/wp-json\/wp\/v2\/posts"}],"about":[{"href":"https:\/\/www.imobiliare.ro\/imoexpert\/wp-json\/wp\/v2\/types\/post"}],"author":[{"embeddable":true,"href":"https:\/\/www.imobiliare.ro\/imoexpert\/wp-json\/wp\/v2\/users\/821"}],"replies":[{"embeddable":true,"href":"https:\/\/www.imobiliare.ro\/imoexpert\/wp-json\/wp\/v2\/comments?post=73243"}],"version-history":[{"count":0,"href":"https:\/\/www.imobiliare.ro\/imoexpert\/wp-json\/wp\/v2\/posts\/73243\/revisions"}],"wp:featuredmedia":[{"embeddable":true,"href":"https:\/\/www.imobiliare.ro\/imoexpert\/wp-json\/wp\/v2\/media\/73246"}],"wp:attachment":[{"href":"https:\/\/www.imobiliare.ro\/imoexpert\/wp-json\/wp\/v2\/media?parent=73243"}],"wp:term":[{"taxonomy":"category","embeddable":true,"href":"https:\/\/www.imobiliare.ro\/imoexpert\/wp-json\/wp\/v2\/categories?post=73243"},{"taxonomy":"post_tag","embeddable":true,"href":"https:\/\/www.imobiliare.ro\/imoexpert\/wp-json\/wp\/v2\/tags?post=73243"},{"taxonomy":"content_author","embeddable":true,"href":"https:\/\/www.imobiliare.ro\/imoexpert\/wp-json\/wp\/v2\/content_author?post=73243"}],"curies":[{"name":"wp","href":"https:\/\/api.w.org\/{rel}","templated":true}]}}