{"id":73932,"date":"2025-09-10T11:32:47","date_gmt":"2025-09-10T08:32:47","guid":{"rendered":"https:\/\/www.imobiliare.ro\/imoexpert\/?p=73932"},"modified":"2025-09-10T11:32:47","modified_gmt":"2025-09-10T08:32:47","slug":"cat-costa-o-chirie-langa-ase-proprietarii-au-majorat-preturile-cu-25-in-ultimii-2-ani-foto","status":"publish","type":"post","link":"https:\/\/www.imobiliare.ro\/imoexpert\/cat-costa-o-chirie-langa-ase-proprietarii-au-majorat-preturile-cu-25-in-ultimii-2-ani-foto_db\/","title":{"rendered":"C\u00e2t cost\u0103 o chirie l\u00e2ng\u0103 ASE? Proprietarii au majorat pre\u021burile cu 25% \u00een ultimii 2 ani &#8211;  FOTO"},"content":{"rendered":"\n<figure class=\"wp-block-image size-large\"><img loading=\"lazy\" decoding=\"async\" width=\"1200\" height=\"779\" src=\"https:\/\/www.imobiliare.ro\/imoexpert\/wp-content\/uploads\/2025\/09\/cat-costa-chiria-pentru-un-apartament-langa-ase-1200x779.jpg\" alt=\"\" class=\"wp-image-73939\" srcset=\"https:\/\/www.imobiliare.ro\/imoexpert\/wp-content\/uploads\/2025\/09\/cat-costa-chiria-pentru-un-apartament-langa-ase-1200x779.jpg 1200w, https:\/\/www.imobiliare.ro\/imoexpert\/wp-content\/uploads\/2025\/09\/cat-costa-chiria-pentru-un-apartament-langa-ase-300x195.jpg 300w, https:\/\/www.imobiliare.ro\/imoexpert\/wp-content\/uploads\/2025\/09\/cat-costa-chiria-pentru-un-apartament-langa-ase-768x499.jpg 768w, https:\/\/www.imobiliare.ro\/imoexpert\/wp-content\/uploads\/2025\/09\/cat-costa-chiria-pentru-un-apartament-langa-ase-1536x998.jpg 1536w, https:\/\/www.imobiliare.ro\/imoexpert\/wp-content\/uploads\/2025\/09\/cat-costa-chiria-pentru-un-apartament-langa-ase.jpg 2000w\" sizes=\"auto, (max-width: 1200px) 100vw, 1200px\" \/><\/figure>\n\n\n\n<p><strong>E\u0219ti student la Academia de Studii Economice (ASE) din Bucure\u0219ti \u0219i \u00ee\u021bi cau\u021bi chirie \u00een zon\u0103? Atunci trebuie s\u0103 \u0219tii c\u0103 proprietarii au m\u0103rit pre\u021burile considerabil \u00een ultimii ani.<\/strong><\/p>\n\n\n\n<p>\u00cen medie, \u00eenchirierea unui apartament \u00een zona Pia\u021ba Roman\u0103 a ajuns s\u0103 coste 750 euro\/lun\u0103, potrivit celor mai noi date Imobiliare.ro. \u00cen urm\u0103 cu doi ani o locuin\u021b\u0103 similar\u0103 putea fi \u00eenchiriat\u0103 cu 600 euro\/lun\u0103. Desigur, pre\u021burile difer\u0103 \u00een func\u021bie de vechimea imobilului, de compartimentare \u0219i suprafa\u021ba locuin\u021bei, dar \u0219i de dot\u0103rile acesteia.<\/p>\n\n\n\n<p>S\u0103 lu\u0103m c\u00e2teva exemple concrete. Se caut\u0103, \u00een aceast\u0103 perioad\u0103, un chiria\u0219 pentru un apartament cu 2 camere de la fereastra c\u0103ruia po\u021bi s\u0103 vezi direct cl\u0103direa ASE. <\/p>\n\n\n\n<figure class=\"wp-block-image size-large\"><img loading=\"lazy\" decoding=\"async\" width=\"1200\" height=\"761\" src=\"https:\/\/www.imobiliare.ro\/imoexpert\/wp-content\/uploads\/2025\/09\/apartament-cu-2-camere-de-inchiriat-langa-ase-1200x761.jpg\" alt=\"\" class=\"wp-image-73933\" srcset=\"https:\/\/www.imobiliare.ro\/imoexpert\/wp-content\/uploads\/2025\/09\/apartament-cu-2-camere-de-inchiriat-langa-ase-1200x761.jpg 1200w, https:\/\/www.imobiliare.ro\/imoexpert\/wp-content\/uploads\/2025\/09\/apartament-cu-2-camere-de-inchiriat-langa-ase-300x190.jpg 300w, https:\/\/www.imobiliare.ro\/imoexpert\/wp-content\/uploads\/2025\/09\/apartament-cu-2-camere-de-inchiriat-langa-ase-768x487.jpg 768w, https:\/\/www.imobiliare.ro\/imoexpert\/wp-content\/uploads\/2025\/09\/apartament-cu-2-camere-de-inchiriat-langa-ase.jpg 1441w\" sizes=\"auto, (max-width: 1200px) 100vw, 1200px\" \/><\/figure>\n\n\n\n<p><a class=\"article-body-links\"href=\"https:\/\/www.imobiliare.ro\/oferta\/apartament-de-inchiriat-ultracentral-p-ta-romana-2-camere-252628150\" target=\"_blank\" rel=\"noreferrer noopener\">Proprietarul a renovat locuin\u021ba<\/a> \u0219i cere 850 euro\/lun\u0103 viitorului chiria\u0219. <\/p>\n\n\n\n<figure class=\"wp-block-image size-large\"><img loading=\"lazy\" decoding=\"async\" width=\"1200\" height=\"720\" src=\"https:\/\/www.imobiliare.ro\/imoexpert\/wp-content\/uploads\/2025\/09\/cat-costa-o-chirie-langa-ase-1200x720.jpg\" alt=\"\" class=\"wp-image-73934\" srcset=\"https:\/\/www.imobiliare.ro\/imoexpert\/wp-content\/uploads\/2025\/09\/cat-costa-o-chirie-langa-ase-1200x720.jpg 1200w, https:\/\/www.imobiliare.ro\/imoexpert\/wp-content\/uploads\/2025\/09\/cat-costa-o-chirie-langa-ase-300x180.jpg 300w, https:\/\/www.imobiliare.ro\/imoexpert\/wp-content\/uploads\/2025\/09\/cat-costa-o-chirie-langa-ase-768x461.jpg 768w, https:\/\/www.imobiliare.ro\/imoexpert\/wp-content\/uploads\/2025\/09\/cat-costa-o-chirie-langa-ase.jpg 1414w\" sizes=\"auto, (max-width: 1200px) 100vw, 1200px\" \/><\/figure>\n\n\n\n<p>Din start, \u00eens\u0103, trebuie s\u0103 te preg\u0103te\u0219ti pentru plata unei luni de chirie, dar \u0219i cu echivalentul altor dou\u0103 luni de chirie pentru garan\u021bie, deci cu un buget de 2.550 euro.<\/p>\n\n\n\n<figure class=\"wp-block-image size-large\"><img loading=\"lazy\" decoding=\"async\" width=\"1200\" height=\"707\" src=\"https:\/\/www.imobiliare.ro\/imoexpert\/wp-content\/uploads\/2025\/09\/garsoniera-de-inchiriat-pe-bulevardul-dacia-in-apropiere-de-ase-1200x707.jpg\" alt=\"\" class=\"wp-image-73935\" srcset=\"https:\/\/www.imobiliare.ro\/imoexpert\/wp-content\/uploads\/2025\/09\/garsoniera-de-inchiriat-pe-bulevardul-dacia-in-apropiere-de-ase-1200x707.jpg 1200w, https:\/\/www.imobiliare.ro\/imoexpert\/wp-content\/uploads\/2025\/09\/garsoniera-de-inchiriat-pe-bulevardul-dacia-in-apropiere-de-ase-300x177.jpg 300w, https:\/\/www.imobiliare.ro\/imoexpert\/wp-content\/uploads\/2025\/09\/garsoniera-de-inchiriat-pe-bulevardul-dacia-in-apropiere-de-ase-768x453.jpg 768w, https:\/\/www.imobiliare.ro\/imoexpert\/wp-content\/uploads\/2025\/09\/garsoniera-de-inchiriat-pe-bulevardul-dacia-in-apropiere-de-ase.jpg 1261w\" sizes=\"auto, (max-width: 1200px) 100vw, 1200px\" \/><\/figure>\n\n\n\n<p>Pe Bulevardul Dacia a fost scoas\u0103 la \u00eenchiriere \u0219i o garsonier\u0103. Locuin\u021ba se afl\u0103 \u00eentr-un bloc construit \u00een anii &#8217;40, \u00eencadrat la Urgen\u021b\u0103 2 \u00een caz de seism. <\/p>\n\n\n\n<figure class=\"wp-block-image size-full\"><img loading=\"lazy\" decoding=\"async\" width=\"1200\" height=\"675\" src=\"https:\/\/www.imobiliare.ro\/imoexpert\/wp-content\/uploads\/2025\/09\/224916453.jpg\" alt=\"\" class=\"wp-image-73936\" srcset=\"https:\/\/www.imobiliare.ro\/imoexpert\/wp-content\/uploads\/2025\/09\/224916453.jpg 1200w, https:\/\/www.imobiliare.ro\/imoexpert\/wp-content\/uploads\/2025\/09\/224916453-300x169.jpg 300w, https:\/\/www.imobiliare.ro\/imoexpert\/wp-content\/uploads\/2025\/09\/224916453-768x432.jpg 768w\" sizes=\"auto, (max-width: 1200px) 100vw, 1200px\" \/><\/figure>\n\n\n\n<p>De pe teras\u0103 vezi Hotelul Sheraton aflat peste drum de cl\u0103direa ASE, iar la final de lun\u0103 trebuie s\u0103-i achi\u021bi proprietarului 450 de euro, potrivit <a class=\"article-body-links\"href=\"https:\/\/www.imobiliare.ro\/oferta\/garsoniera-de-inchiriat-ultracentral-p-ta-romana-mobilata-3518mp-267102913\" target=\"_blank\" rel=\"noreferrer noopener\">anun\u021bului<\/a>.<\/p>\n\n\n\n<figure class=\"wp-block-image size-full\"><img loading=\"lazy\" decoding=\"async\" width=\"968\" height=\"657\" src=\"https:\/\/www.imobiliare.ro\/imoexpert\/wp-content\/uploads\/2025\/09\/apartament-cu-3-camere-de-inchiriat-pe-calea-dorobanti-langa-ase.jpg\" alt=\"\" class=\"wp-image-73938\" srcset=\"https:\/\/www.imobiliare.ro\/imoexpert\/wp-content\/uploads\/2025\/09\/apartament-cu-3-camere-de-inchiriat-pe-calea-dorobanti-langa-ase.jpg 968w, https:\/\/www.imobiliare.ro\/imoexpert\/wp-content\/uploads\/2025\/09\/apartament-cu-3-camere-de-inchiriat-pe-calea-dorobanti-langa-ase-300x204.jpg 300w, https:\/\/www.imobiliare.ro\/imoexpert\/wp-content\/uploads\/2025\/09\/apartament-cu-3-camere-de-inchiriat-pe-calea-dorobanti-langa-ase-768x521.jpg 768w\" sizes=\"auto, (max-width: 968px) 100vw, 968px\" \/><\/figure>\n\n\n\n<p>\u00cen cazul \u00een care te g\u00e2nde\u0219ti s\u0103 \u00eenchiriezi o locuin\u021b\u0103 l\u00e2ng\u0103 ASE al\u0103turi de un coleg, ai putea fi interesat de o proprietate mai spa\u021bioas\u0103. Un apartament cu 3 camere aflat pe Calea Doroban\u021bi, \u00eentr-o cl\u0103dire situat\u0103 \u00een fa\u021ba facult\u0103\u021bii de Cibernetic\u0103 de la ASE se \u00eenchiriaz\u0103 cu 750 euro\/lun\u0103.<\/p>\n\n\n\n<figure class=\"wp-block-image size-full\"><img loading=\"lazy\" decoding=\"async\" width=\"556\" height=\"648\" src=\"https:\/\/www.imobiliare.ro\/imoexpert\/wp-content\/uploads\/2025\/09\/apartament-de-inchiriat-langa-ase.jpg\" alt=\"\" class=\"wp-image-73937\" srcset=\"https:\/\/www.imobiliare.ro\/imoexpert\/wp-content\/uploads\/2025\/09\/apartament-de-inchiriat-langa-ase.jpg 556w, https:\/\/www.imobiliare.ro\/imoexpert\/wp-content\/uploads\/2025\/09\/apartament-de-inchiriat-langa-ase-257x300.jpg 257w\" sizes=\"auto, (max-width: 556px) 100vw, 556px\" \/><\/figure>\n\n\n\n<p>Locuin\u021ba este mobilat\u0103, are buc\u0103t\u0103ria utilat\u0103 \u0219i are \u0219i dou\u0103 b\u0103i. \u00cen plus, exist\u0103 un loc de parcare \u00een curtea imobilului. Anun\u021bul de \u00eenchiriere poate fi <a class=\"article-body-links\"href=\"https:\/\/www.imobiliare.ro\/oferta\/apartament-de-inchiriat-ultracentral-p-ta-romana-3-camere-268897390\" target=\"_blank\" rel=\"noreferrer noopener\">g\u0103sit aici<\/a>.<\/p>\n\n\n\n<p><strong><a class=\"article-body-links\"href=\"https:\/\/www.imobiliare.ro\/imoexpert\/chirie-in-bucuresti-care-sunt-cele-mai-cautate-cartiere-si-unde-gasesti-cele-mai-mici-preturi_db\/\" target=\"_blank\" rel=\"noreferrer noopener\">Cite\u0219te \u0219i: Chirie \u00een Bucure\u0219ti. Care sunt cele mai c\u0103utate cartiere \u0219i unde g\u0103se\u0219ti cele mai mici pre\u021buri?<\/a><\/strong><\/p>\n\n\n\n<p>Bucure\u0219tiul ofer\u0103, \u00eens\u0103, \u0219i variante mai ieftine pentru cei care vor s\u0103 se mute cu chirie. Pentru a identifica mai u\u0219or locuin\u021bele care pot fi \u00eenchiriate cu un buget c\u00e2t mai sc\u0103zut tot ce trebuie s\u0103 faci este s\u0103 selectezi filtrul \u201cIdeal pentru studen\u021bi\u201d de pe Imobiliare.ro. <\/p>\n\n\n\n<figure class=\"wp-block-image size-large\"><img loading=\"lazy\" decoding=\"async\" width=\"1200\" height=\"544\" src=\"https:\/\/www.imobiliare.ro\/imoexpert\/wp-content\/uploads\/2025\/09\/gasesti-chirii-ieftine-in-piata-romana-langa-ase-folosind-filtrul-ideal-pentru-studenti-pe-imobiliare.ro_-1200x544.jpg\" alt=\"\" class=\"wp-image-73940\" srcset=\"https:\/\/www.imobiliare.ro\/imoexpert\/wp-content\/uploads\/2025\/09\/gasesti-chirii-ieftine-in-piata-romana-langa-ase-folosind-filtrul-ideal-pentru-studenti-pe-imobiliare.ro_-1200x544.jpg 1200w, https:\/\/www.imobiliare.ro\/imoexpert\/wp-content\/uploads\/2025\/09\/gasesti-chirii-ieftine-in-piata-romana-langa-ase-folosind-filtrul-ideal-pentru-studenti-pe-imobiliare.ro_-300x136.jpg 300w, https:\/\/www.imobiliare.ro\/imoexpert\/wp-content\/uploads\/2025\/09\/gasesti-chirii-ieftine-in-piata-romana-langa-ase-folosind-filtrul-ideal-pentru-studenti-pe-imobiliare.ro_-768x348.jpg 768w, https:\/\/www.imobiliare.ro\/imoexpert\/wp-content\/uploads\/2025\/09\/gasesti-chirii-ieftine-in-piata-romana-langa-ase-folosind-filtrul-ideal-pentru-studenti-pe-imobiliare.ro_-1536x696.jpg 1536w, https:\/\/www.imobiliare.ro\/imoexpert\/wp-content\/uploads\/2025\/09\/gasesti-chirii-ieftine-in-piata-romana-langa-ase-folosind-filtrul-ideal-pentru-studenti-pe-imobiliare.ro_.jpg 1852w\" sizes=\"auto, (max-width: 1200px) 100vw, 1200px\" \/><\/figure>\n\n\n\n<p>Acesta este disponibil at\u00e2t pe homepage, c\u00e2t \u0219i \u00een meniul extins de filtre la care po\u021bi apela pentru identificarea propriet\u0103\u021bilor care se potrivesc c\u00e2t mai bine cerin\u021belor tale. Noul filtru \u201cIdeal pentru studen\u021bi\u201d este disponibil \u0219i pe harta care \u00ee\u021bi arat\u0103 pozi\u021bionarea locuin\u021belor de \u00eenchiriat din ora\u0219ul \u00een care e\u0219ti interesat s\u0103 te mu\u021bi cu chirie.<\/p>\n\n\n\n<p>Dac\u0103 ai nevoie de informa\u021bii suplimentare care te pot ajuta s\u0103 iei cele mai bune decizii atunci c\u00e2nd vine vorba despre \u00eenchirierea unei locuin\u021be, \u00ee\u021bi recomand\u0103m s\u0103 consul\u021bi ghidurile Imobiliare.ro dedicate exclusiv chiria\u0219ilor. Acestea sunt gratuite \u0219i \u00ee\u021bi pot oferi sfaturi valoroase pentru identificarea rapid\u0103 a unei locuin\u021be, negocierea contractului de \u00eenchiriere sau despre gestionarea rela\u021biei cu proprietarul.&nbsp;<strong><a class=\"article-body-links\"href=\"https:\/\/www.imobiliare.ro\/imoexpert\/categorii-ghiduri\/chirias\/\" target=\"_blank\" rel=\"noreferrer noopener\">GHIDURILE CHIRIA\u0218ULUI pot fi consultate aici.<\/a><\/strong><\/p>\n","protected":false},"excerpt":{"rendered":"<p>E\u0219ti student la Academia de Studii Economice (ASE) din Bucure\u0219ti \u0219i \u00ee\u021bi cau\u021bi chirie \u00een zon\u0103? Atunci trebuie s\u0103 \u0219tii c\u0103 proprietarii au m\u0103rit pre\u021burile considerabil \u00een ultimii ani. \u00cen medie, \u00eenchirierea unui apartament \u00een zona Pia\u021ba Roman\u0103 a ajuns s\u0103 coste 750 euro\/lun\u0103, potrivit celor mai noi date Imobiliare.ro. \u00cen urm\u0103 cu doi ani [&hellip;]<\/p>\n","protected":false},"author":5891,"featured_media":73939,"comment_status":"open","ping_status":"open","sticky":true,"template":"","format":"standard","meta":{"footnotes":""},"categories":[259],"tags":[275,2275,451],"content_author":[],"class_list":["post-73932","post","type-post","status-publish","format-standard","has-post-thumbnail","hentry","category-stiri","tag-chirie","tag-piata-romana","tag-proprietar"],"yoast_head":"<!-- This site is optimized with the Yoast SEO Premium plugin v27.0 (Yoast SEO v27.0) - https:\/\/yoast.com\/product\/yoast-seo-premium-wordpress\/ -->\n<title>C\u00e2t cost\u0103 o chirie l\u00e2ng\u0103 ASE? Proprietarii au majorat pre\u021burile cu 25% \u00een ultimii 2 ani - FOTO - \u0218tiri - ImoExpert<\/title>\n<meta name=\"description\" content=\"E\u0219ti student la Academia de Studii Economice (ASE) din Bucure\u0219ti \u0219i \u00ee\u021bi cau\u021bi chirie \u00een zon\u0103? Atunci trebuie s\u0103 \u0219tii c\u0103 proprietarii au m\u0103rit pre\u021burile\" \/>\n<meta name=\"robots\" content=\"index, follow\" \/>\n<link rel=\"canonical\" href=\"https:\/\/www.imobiliare.ro\/imoexpert\/cat-costa-o-chirie-langa-ase-proprietarii-au-majorat-preturile-cu-25-in-ultimii-2-ani-foto_db\/\" \/>\n<meta property=\"og:locale\" content=\"ro_RO\" \/>\n<meta property=\"og:type\" content=\"article\" \/>\n<meta property=\"og:title\" content=\"C\u00e2t cost\u0103 o chirie l\u00e2ng\u0103 ASE? Proprietarii au majorat pre\u021burile cu 25% \u00een ultimii 2 ani - FOTO\" \/>\n<meta property=\"og:description\" content=\"E\u0219ti student la Academia de Studii Economice (ASE) din Bucure\u0219ti \u0219i \u00ee\u021bi cau\u021bi chirie \u00een zon\u0103? Atunci trebuie s\u0103 \u0219tii c\u0103 proprietarii au m\u0103rit pre\u021burile\" \/>\n<meta property=\"og:url\" content=\"https:\/\/www.imobiliare.ro\/imoexpert\/cat-costa-o-chirie-langa-ase-proprietarii-au-majorat-preturile-cu-25-in-ultimii-2-ani-foto_db\/\" \/>\n<meta property=\"og:site_name\" content=\"ImoExpert\" \/>\n<meta property=\"article:published_time\" content=\"2025-09-10T08:32:47+00:00\" \/>\n<meta property=\"og:image\" content=\"https:\/\/www.imobiliare.ro\/imoexpert\/wp-content\/uploads\/2025\/09\/cat-costa-chiria-pentru-un-apartament-langa-ase.jpg\" \/>\n\t<meta property=\"og:image:width\" content=\"2000\" \/>\n\t<meta property=\"og:image:height\" content=\"1299\" \/>\n\t<meta property=\"og:image:type\" content=\"image\/jpeg\" \/>\n<meta name=\"author\" content=\"Corina V\u00e2rlan\" \/>\n<meta name=\"twitter:card\" content=\"summary_large_image\" \/>\n<meta name=\"twitter:label1\" content=\"Written by\" \/>\n\t<meta name=\"twitter:data1\" content=\"Corina V\u00e2rlan\" \/>\n\t<meta name=\"twitter:label2\" content=\"Est. reading time\" \/>\n\t<meta name=\"twitter:data2\" content=\"4 minute\" \/>\n<script type=\"application\/ld+json\" class=\"yoast-schema-graph\">{\"@context\":\"https:\/\/schema.org\",\"@graph\":[{\"@type\":\"Article\",\"@id\":\"https:\/\/www.imobiliare.ro\/imoexpert\/cat-costa-o-chirie-langa-ase-proprietarii-au-majorat-preturile-cu-25-in-ultimii-2-ani-foto_db\/#article\",\"isPartOf\":{\"@id\":\"https:\/\/www.imobiliare.ro\/imoexpert\/cat-costa-o-chirie-langa-ase-proprietarii-au-majorat-preturile-cu-25-in-ultimii-2-ani-foto_db\/\"},\"author\":{\"name\":\"Corina V\u00e2rlan\",\"@id\":\"https:\/\/www.imobiliare.ro\/imoexpert\/#\/schema\/person\/9ffdfbf24b82f39fc75a2fc6c19e4e99\"},\"headline\":\"C\u00e2t cost\u0103 o chirie l\u00e2ng\u0103 ASE? Proprietarii au majorat pre\u021burile cu 25% \u00een ultimii 2 ani &#8211; FOTO\",\"datePublished\":\"2025-09-10T08:32:47+00:00\",\"mainEntityOfPage\":{\"@id\":\"https:\/\/www.imobiliare.ro\/imoexpert\/cat-costa-o-chirie-langa-ase-proprietarii-au-majorat-preturile-cu-25-in-ultimii-2-ani-foto_db\/\"},\"wordCount\":558,\"commentCount\":0,\"publisher\":{\"@id\":\"https:\/\/www.imobiliare.ro\/imoexpert\/#organization\"},\"image\":{\"@id\":\"https:\/\/www.imobiliare.ro\/imoexpert\/cat-costa-o-chirie-langa-ase-proprietarii-au-majorat-preturile-cu-25-in-ultimii-2-ani-foto_db\/#primaryimage\"},\"thumbnailUrl\":\"https:\/\/www.imobiliare.ro\/imoexpert\/wp-content\/uploads\/2025\/09\/cat-costa-chiria-pentru-un-apartament-langa-ase.jpg\",\"keywords\":[\"chirie\",\"Piata Romana\",\"proprietar\"],\"articleSection\":[\"\u0218tiri\"],\"inLanguage\":\"en\",\"potentialAction\":[{\"@type\":\"CommentAction\",\"name\":\"Comment\",\"target\":[\"https:\/\/www.imobiliare.ro\/imoexpert\/cat-costa-o-chirie-langa-ase-proprietarii-au-majorat-preturile-cu-25-in-ultimii-2-ani-foto_db\/#respond\"]}],\"copyrightYear\":\"2025\",\"copyrightHolder\":{\"@id\":\"https:\/\/www.imobiliare.ro\/imoexpert\/#organization\"}},{\"@type\":\"WebPage\",\"@id\":\"https:\/\/www.imobiliare.ro\/imoexpert\/cat-costa-o-chirie-langa-ase-proprietarii-au-majorat-preturile-cu-25-in-ultimii-2-ani-foto_db\/\",\"url\":\"https:\/\/www.imobiliare.ro\/imoexpert\/cat-costa-o-chirie-langa-ase-proprietarii-au-majorat-preturile-cu-25-in-ultimii-2-ani-foto_db\/\",\"name\":\"C\u00e2t cost\u0103 o chirie l\u00e2ng\u0103 ASE? Proprietarii au majorat pre\u021burile cu 25% \u00een ultimii 2 ani - FOTO - \u0218tiri - ImoExpert\",\"isPartOf\":{\"@id\":\"https:\/\/www.imobiliare.ro\/imoexpert\/#website\"},\"primaryImageOfPage\":{\"@id\":\"https:\/\/www.imobiliare.ro\/imoexpert\/cat-costa-o-chirie-langa-ase-proprietarii-au-majorat-preturile-cu-25-in-ultimii-2-ani-foto_db\/#primaryimage\"},\"image\":{\"@id\":\"https:\/\/www.imobiliare.ro\/imoexpert\/cat-costa-o-chirie-langa-ase-proprietarii-au-majorat-preturile-cu-25-in-ultimii-2-ani-foto_db\/#primaryimage\"},\"thumbnailUrl\":\"https:\/\/www.imobiliare.ro\/imoexpert\/wp-content\/uploads\/2025\/09\/cat-costa-chiria-pentru-un-apartament-langa-ase.jpg\",\"datePublished\":\"2025-09-10T08:32:47+00:00\",\"description\":\"E\u0219ti student la Academia de Studii Economice (ASE) din Bucure\u0219ti \u0219i \u00ee\u021bi cau\u021bi chirie \u00een zon\u0103? Atunci trebuie s\u0103 \u0219tii c\u0103 proprietarii au m\u0103rit pre\u021burile\",\"breadcrumb\":{\"@id\":\"https:\/\/www.imobiliare.ro\/imoexpert\/cat-costa-o-chirie-langa-ase-proprietarii-au-majorat-preturile-cu-25-in-ultimii-2-ani-foto_db\/#breadcrumb\"},\"inLanguage\":\"en\",\"potentialAction\":[{\"@type\":\"ReadAction\",\"target\":[\"https:\/\/www.imobiliare.ro\/imoexpert\/cat-costa-o-chirie-langa-ase-proprietarii-au-majorat-preturile-cu-25-in-ultimii-2-ani-foto_db\/\"]}]},{\"@type\":\"ImageObject\",\"inLanguage\":\"en\",\"@id\":\"https:\/\/www.imobiliare.ro\/imoexpert\/cat-costa-o-chirie-langa-ase-proprietarii-au-majorat-preturile-cu-25-in-ultimii-2-ani-foto_db\/#primaryimage\",\"url\":\"https:\/\/www.imobiliare.ro\/imoexpert\/wp-content\/uploads\/2025\/09\/cat-costa-chiria-pentru-un-apartament-langa-ase.jpg\",\"contentUrl\":\"https:\/\/www.imobiliare.ro\/imoexpert\/wp-content\/uploads\/2025\/09\/cat-costa-chiria-pentru-un-apartament-langa-ase.jpg\",\"width\":2000,\"height\":1299},{\"@type\":\"BreadcrumbList\",\"@id\":\"https:\/\/www.imobiliare.ro\/imoexpert\/cat-costa-o-chirie-langa-ase-proprietarii-au-majorat-preturile-cu-25-in-ultimii-2-ani-foto_db\/#breadcrumb\",\"itemListElement\":[{\"@type\":\"ListItem\",\"position\":1,\"name\":\"Imoradar24\",\"item\":\"https:\/\/www.imoradar24.ro\"},{\"@type\":\"ListItem\",\"position\":2,\"name\":\"ImoExpert\",\"item\":\"https:\/\/www.imobiliare.ro\/imoexpert\/\"},{\"@type\":\"ListItem\",\"position\":3,\"name\":\"\u0218tiri\",\"item\":\"https:\/\/www.imobiliare.ro\/imoexpert\/stiri\/\"},{\"@type\":\"ListItem\",\"position\":4,\"name\":\"C\u00e2t cost\u0103 o chirie l\u00e2ng\u0103 ASE? Proprietarii au majorat pre\u021burile cu 25% \u00een ultimii 2 ani &#8211; FOTO\"}]},{\"@type\":\"WebSite\",\"@id\":\"https:\/\/www.imobiliare.ro\/imoexpert\/#website\",\"url\":\"https:\/\/www.imobiliare.ro\/imoexpert\/\",\"name\":\"ImoExpert\",\"description\":\"cele mai importante \u015ftiri din domeniul imobiliar\",\"publisher\":{\"@id\":\"https:\/\/www.imobiliare.ro\/imoexpert\/#organization\"},\"inLanguage\":\"en\"},{\"@type\":\"Organization\",\"@id\":\"https:\/\/www.imobiliare.ro\/imoexpert\/#organization\",\"name\":\"Imobiliare.ro\",\"alternateName\":\"Realmedia Network SA\",\"url\":\"https:\/\/www.imobiliare.ro\/imoexpert\/\",\"logo\":{\"@type\":\"ImageObject\",\"inLanguage\":\"en\",\"@id\":\"https:\/\/www.imobiliare.ro\/imoexpert\/#\/schema\/logo\/image\/\",\"url\":\"https:\/\/www.imobiliare.ro\/imoexpert\/wp-content\/uploads\/2025\/05\/imobiliare_logo.png\",\"contentUrl\":\"https:\/\/www.imobiliare.ro\/imoexpert\/wp-content\/uploads\/2025\/05\/imobiliare_logo.png\",\"width\":237,\"height\":29,\"caption\":\"Imobiliare.ro\"},\"image\":{\"@id\":\"https:\/\/www.imobiliare.ro\/imoexpert\/#\/schema\/logo\/image\/\"}},{\"@type\":\"Person\",\"@id\":\"https:\/\/www.imobiliare.ro\/imoexpert\/#\/schema\/person\/9ffdfbf24b82f39fc75a2fc6c19e4e99\",\"name\":\"Corina V\u00e2rlan\",\"image\":{\"@type\":\"ImageObject\",\"inLanguage\":\"en\",\"@id\":\"https:\/\/www.imobiliare.ro\/imoexpert\/#\/schema\/person\/image\/\",\"url\":\"https:\/\/www.imobiliare.ro\/imoexpert\/wp-content\/uploads\/2026\/02\/12-02-2025-5-rezumat-brasov-thumb-reels-1-1-96x96.png\",\"contentUrl\":\"https:\/\/www.imobiliare.ro\/imoexpert\/wp-content\/uploads\/2026\/02\/12-02-2025-5-rezumat-brasov-thumb-reels-1-1-96x96.png\",\"caption\":\"Corina V\u00e2rlan\"},\"description\":\"Cu o experien\u021b\u0103 de 14 ani \u00een presa online, comunicare \u0219i content marketing, Corina V\u00e2rlan s-a al\u0103turat echipei Imobiliare.ro \u00een urm\u0103 cu 8 ani \u0219i ocup\u0103, \u00een prezent, func\u021bia de Content Manager. Ea este gazda emisiunii \\\"\u00centreab\u0103 expertul\\\" \u0219i a seriei 5 \u0218tiri Imobiliare.ro, realizate \u00een parteneriat cu Libertatea. Corina \u00ee\u0219i concentreaz\u0103 activitatea pe analiza datelor de pia\u021b\u0103 \u0219i pe subiecte de interes at\u00e2t pentru cei afla\u021bi \u00een c\u0103utarea unei locuin\u021be, c\u00e2t \u0219i pentru proprietari sau chiria\u0219i.\",\"alternateName\":\"Corina\",\"jobTitle\":\"Content Manager\",\"url\":\"https:\/\/www.imobiliare.ro\/imoexpert\/author\/corina-varlan\/\"}]}<\/script>\n<!-- \/ Yoast SEO Premium plugin. -->","yoast_head_json":{"title":"C\u00e2t cost\u0103 o chirie l\u00e2ng\u0103 ASE? Proprietarii au majorat pre\u021burile cu 25% \u00een ultimii 2 ani - FOTO - \u0218tiri - ImoExpert","description":"E\u0219ti student la Academia de Studii Economice (ASE) din Bucure\u0219ti \u0219i \u00ee\u021bi cau\u021bi chirie \u00een zon\u0103? Atunci trebuie s\u0103 \u0219tii c\u0103 proprietarii au m\u0103rit pre\u021burile","robots":{"index":"index","follow":"follow"},"canonical":"https:\/\/www.imobiliare.ro\/imoexpert\/cat-costa-o-chirie-langa-ase-proprietarii-au-majorat-preturile-cu-25-in-ultimii-2-ani-foto_db\/","og_locale":"ro_RO","og_type":"article","og_title":"C\u00e2t cost\u0103 o chirie l\u00e2ng\u0103 ASE? Proprietarii au majorat pre\u021burile cu 25% \u00een ultimii 2 ani - FOTO","og_description":"E\u0219ti student la Academia de Studii Economice (ASE) din Bucure\u0219ti \u0219i \u00ee\u021bi cau\u021bi chirie \u00een zon\u0103? Atunci trebuie s\u0103 \u0219tii c\u0103 proprietarii au m\u0103rit pre\u021burile","og_url":"https:\/\/www.imobiliare.ro\/imoexpert\/cat-costa-o-chirie-langa-ase-proprietarii-au-majorat-preturile-cu-25-in-ultimii-2-ani-foto_db\/","og_site_name":"ImoExpert","article_published_time":"2025-09-10T08:32:47+00:00","og_image":[{"width":2000,"height":1299,"url":"https:\/\/www.imobiliare.ro\/imoexpert\/wp-content\/uploads\/2025\/09\/cat-costa-chiria-pentru-un-apartament-langa-ase.jpg","type":"image\/jpeg"}],"author":"Corina V\u00e2rlan","twitter_card":"summary_large_image","twitter_misc":{"Written by":"Corina V\u00e2rlan","Est. reading time":"4 minute"},"schema":{"@context":"https:\/\/schema.org","@graph":[{"@type":"Article","@id":"https:\/\/www.imobiliare.ro\/imoexpert\/cat-costa-o-chirie-langa-ase-proprietarii-au-majorat-preturile-cu-25-in-ultimii-2-ani-foto_db\/#article","isPartOf":{"@id":"https:\/\/www.imobiliare.ro\/imoexpert\/cat-costa-o-chirie-langa-ase-proprietarii-au-majorat-preturile-cu-25-in-ultimii-2-ani-foto_db\/"},"author":{"name":"Corina V\u00e2rlan","@id":"https:\/\/www.imobiliare.ro\/imoexpert\/#\/schema\/person\/9ffdfbf24b82f39fc75a2fc6c19e4e99"},"headline":"C\u00e2t cost\u0103 o chirie l\u00e2ng\u0103 ASE? Proprietarii au majorat pre\u021burile cu 25% \u00een ultimii 2 ani &#8211; FOTO","datePublished":"2025-09-10T08:32:47+00:00","mainEntityOfPage":{"@id":"https:\/\/www.imobiliare.ro\/imoexpert\/cat-costa-o-chirie-langa-ase-proprietarii-au-majorat-preturile-cu-25-in-ultimii-2-ani-foto_db\/"},"wordCount":558,"commentCount":0,"publisher":{"@id":"https:\/\/www.imobiliare.ro\/imoexpert\/#organization"},"image":{"@id":"https:\/\/www.imobiliare.ro\/imoexpert\/cat-costa-o-chirie-langa-ase-proprietarii-au-majorat-preturile-cu-25-in-ultimii-2-ani-foto_db\/#primaryimage"},"thumbnailUrl":"https:\/\/www.imobiliare.ro\/imoexpert\/wp-content\/uploads\/2025\/09\/cat-costa-chiria-pentru-un-apartament-langa-ase.jpg","keywords":["chirie","Piata Romana","proprietar"],"articleSection":["\u0218tiri"],"inLanguage":"en","potentialAction":[{"@type":"CommentAction","name":"Comment","target":["https:\/\/www.imobiliare.ro\/imoexpert\/cat-costa-o-chirie-langa-ase-proprietarii-au-majorat-preturile-cu-25-in-ultimii-2-ani-foto_db\/#respond"]}],"copyrightYear":"2025","copyrightHolder":{"@id":"https:\/\/www.imobiliare.ro\/imoexpert\/#organization"}},{"@type":"WebPage","@id":"https:\/\/www.imobiliare.ro\/imoexpert\/cat-costa-o-chirie-langa-ase-proprietarii-au-majorat-preturile-cu-25-in-ultimii-2-ani-foto_db\/","url":"https:\/\/www.imobiliare.ro\/imoexpert\/cat-costa-o-chirie-langa-ase-proprietarii-au-majorat-preturile-cu-25-in-ultimii-2-ani-foto_db\/","name":"C\u00e2t cost\u0103 o chirie l\u00e2ng\u0103 ASE? Proprietarii au majorat pre\u021burile cu 25% \u00een ultimii 2 ani - FOTO - \u0218tiri - ImoExpert","isPartOf":{"@id":"https:\/\/www.imobiliare.ro\/imoexpert\/#website"},"primaryImageOfPage":{"@id":"https:\/\/www.imobiliare.ro\/imoexpert\/cat-costa-o-chirie-langa-ase-proprietarii-au-majorat-preturile-cu-25-in-ultimii-2-ani-foto_db\/#primaryimage"},"image":{"@id":"https:\/\/www.imobiliare.ro\/imoexpert\/cat-costa-o-chirie-langa-ase-proprietarii-au-majorat-preturile-cu-25-in-ultimii-2-ani-foto_db\/#primaryimage"},"thumbnailUrl":"https:\/\/www.imobiliare.ro\/imoexpert\/wp-content\/uploads\/2025\/09\/cat-costa-chiria-pentru-un-apartament-langa-ase.jpg","datePublished":"2025-09-10T08:32:47+00:00","description":"E\u0219ti student la Academia de Studii Economice (ASE) din Bucure\u0219ti \u0219i \u00ee\u021bi cau\u021bi chirie \u00een zon\u0103? Atunci trebuie s\u0103 \u0219tii c\u0103 proprietarii au m\u0103rit pre\u021burile","breadcrumb":{"@id":"https:\/\/www.imobiliare.ro\/imoexpert\/cat-costa-o-chirie-langa-ase-proprietarii-au-majorat-preturile-cu-25-in-ultimii-2-ani-foto_db\/#breadcrumb"},"inLanguage":"en","potentialAction":[{"@type":"ReadAction","target":["https:\/\/www.imobiliare.ro\/imoexpert\/cat-costa-o-chirie-langa-ase-proprietarii-au-majorat-preturile-cu-25-in-ultimii-2-ani-foto_db\/"]}]},{"@type":"ImageObject","inLanguage":"en","@id":"https:\/\/www.imobiliare.ro\/imoexpert\/cat-costa-o-chirie-langa-ase-proprietarii-au-majorat-preturile-cu-25-in-ultimii-2-ani-foto_db\/#primaryimage","url":"https:\/\/www.imobiliare.ro\/imoexpert\/wp-content\/uploads\/2025\/09\/cat-costa-chiria-pentru-un-apartament-langa-ase.jpg","contentUrl":"https:\/\/www.imobiliare.ro\/imoexpert\/wp-content\/uploads\/2025\/09\/cat-costa-chiria-pentru-un-apartament-langa-ase.jpg","width":2000,"height":1299},{"@type":"BreadcrumbList","@id":"https:\/\/www.imobiliare.ro\/imoexpert\/cat-costa-o-chirie-langa-ase-proprietarii-au-majorat-preturile-cu-25-in-ultimii-2-ani-foto_db\/#breadcrumb","itemListElement":[{"@type":"ListItem","position":1,"name":"Imoradar24","item":"https:\/\/www.imoradar24.ro"},{"@type":"ListItem","position":2,"name":"ImoExpert","item":"https:\/\/www.imobiliare.ro\/imoexpert\/"},{"@type":"ListItem","position":3,"name":"\u0218tiri","item":"https:\/\/www.imobiliare.ro\/imoexpert\/stiri\/"},{"@type":"ListItem","position":4,"name":"C\u00e2t cost\u0103 o chirie l\u00e2ng\u0103 ASE? Proprietarii au majorat pre\u021burile cu 25% \u00een ultimii 2 ani &#8211; FOTO"}]},{"@type":"WebSite","@id":"https:\/\/www.imobiliare.ro\/imoexpert\/#website","url":"https:\/\/www.imobiliare.ro\/imoexpert\/","name":"ImoExpert","description":"cele mai importante \u015ftiri din domeniul imobiliar","publisher":{"@id":"https:\/\/www.imobiliare.ro\/imoexpert\/#organization"},"inLanguage":"en"},{"@type":"Organization","@id":"https:\/\/www.imobiliare.ro\/imoexpert\/#organization","name":"Imobiliare.ro","alternateName":"Realmedia Network SA","url":"https:\/\/www.imobiliare.ro\/imoexpert\/","logo":{"@type":"ImageObject","inLanguage":"en","@id":"https:\/\/www.imobiliare.ro\/imoexpert\/#\/schema\/logo\/image\/","url":"https:\/\/www.imobiliare.ro\/imoexpert\/wp-content\/uploads\/2025\/05\/imobiliare_logo.png","contentUrl":"https:\/\/www.imobiliare.ro\/imoexpert\/wp-content\/uploads\/2025\/05\/imobiliare_logo.png","width":237,"height":29,"caption":"Imobiliare.ro"},"image":{"@id":"https:\/\/www.imobiliare.ro\/imoexpert\/#\/schema\/logo\/image\/"}},{"@type":"Person","@id":"https:\/\/www.imobiliare.ro\/imoexpert\/#\/schema\/person\/9ffdfbf24b82f39fc75a2fc6c19e4e99","name":"Corina V\u00e2rlan","image":{"@type":"ImageObject","inLanguage":"en","@id":"https:\/\/www.imobiliare.ro\/imoexpert\/#\/schema\/person\/image\/","url":"https:\/\/www.imobiliare.ro\/imoexpert\/wp-content\/uploads\/2026\/02\/12-02-2025-5-rezumat-brasov-thumb-reels-1-1-96x96.png","contentUrl":"https:\/\/www.imobiliare.ro\/imoexpert\/wp-content\/uploads\/2026\/02\/12-02-2025-5-rezumat-brasov-thumb-reels-1-1-96x96.png","caption":"Corina V\u00e2rlan"},"description":"Cu o experien\u021b\u0103 de 14 ani \u00een presa online, comunicare \u0219i content marketing, Corina V\u00e2rlan s-a al\u0103turat echipei Imobiliare.ro \u00een urm\u0103 cu 8 ani \u0219i ocup\u0103, \u00een prezent, func\u021bia de Content Manager. Ea este gazda emisiunii \"\u00centreab\u0103 expertul\" \u0219i a seriei 5 \u0218tiri Imobiliare.ro, realizate \u00een parteneriat cu Libertatea. Corina \u00ee\u0219i concentreaz\u0103 activitatea pe analiza datelor de pia\u021b\u0103 \u0219i pe subiecte de interes at\u00e2t pentru cei afla\u021bi \u00een c\u0103utarea unei locuin\u021be, c\u00e2t \u0219i pentru proprietari sau chiria\u0219i.","alternateName":"Corina","jobTitle":"Content Manager","url":"https:\/\/www.imobiliare.ro\/imoexpert\/author\/corina-varlan\/"}]}},"_links":{"self":[{"href":"https:\/\/www.imobiliare.ro\/imoexpert\/wp-json\/wp\/v2\/posts\/73932","targetHints":{"allow":["GET"]}}],"collection":[{"href":"https:\/\/www.imobiliare.ro\/imoexpert\/wp-json\/wp\/v2\/posts"}],"about":[{"href":"https:\/\/www.imobiliare.ro\/imoexpert\/wp-json\/wp\/v2\/types\/post"}],"author":[{"embeddable":true,"href":"https:\/\/www.imobiliare.ro\/imoexpert\/wp-json\/wp\/v2\/users\/5891"}],"replies":[{"embeddable":true,"href":"https:\/\/www.imobiliare.ro\/imoexpert\/wp-json\/wp\/v2\/comments?post=73932"}],"version-history":[{"count":0,"href":"https:\/\/www.imobiliare.ro\/imoexpert\/wp-json\/wp\/v2\/posts\/73932\/revisions"}],"wp:featuredmedia":[{"embeddable":true,"href":"https:\/\/www.imobiliare.ro\/imoexpert\/wp-json\/wp\/v2\/media\/73939"}],"wp:attachment":[{"href":"https:\/\/www.imobiliare.ro\/imoexpert\/wp-json\/wp\/v2\/media?parent=73932"}],"wp:term":[{"taxonomy":"category","embeddable":true,"href":"https:\/\/www.imobiliare.ro\/imoexpert\/wp-json\/wp\/v2\/categories?post=73932"},{"taxonomy":"post_tag","embeddable":true,"href":"https:\/\/www.imobiliare.ro\/imoexpert\/wp-json\/wp\/v2\/tags?post=73932"},{"taxonomy":"content_author","embeddable":true,"href":"https:\/\/www.imobiliare.ro\/imoexpert\/wp-json\/wp\/v2\/content_author?post=73932"}],"curies":[{"name":"wp","href":"https:\/\/api.w.org\/{rel}","templated":true}]}}