{"id":74031,"date":"2025-09-17T12:46:10","date_gmt":"2025-09-17T09:46:10","guid":{"rendered":"https:\/\/www.imobiliare.ro\/imoexpert\/?p=74031"},"modified":"2025-09-17T12:46:10","modified_gmt":"2025-09-17T09:46:10","slug":"un-proiect-rezidential-de-aproape-1-700-de-apartamente-prinde-contur-pe-fosta-platforma-antrefrig-din-bucuresti","status":"publish","type":"post","link":"https:\/\/www.imobiliare.ro\/imoexpert\/un-proiect-rezidential-de-aproape-1-700-de-apartamente-prinde-contur-pe-fosta-platforma-antrefrig-din-bucuresti_db\/","title":{"rendered":"Un proiect reziden\u021bial de aproape 1.700 de apartamente prinde contur pe fosta platform\u0103 Antrefrig din Bucure\u0219ti"},"content":{"rendered":"\n<figure class=\"wp-block-image size-large\"><img loading=\"lazy\" decoding=\"async\" width=\"1200\" height=\"825\" src=\"https:\/\/www.imobiliare.ro\/imoexpert\/wp-content\/uploads\/2025\/09\/ansamblul-rezidential-prima-solis-din-bucuresti-se-extinde-1200x825.jpg\" alt=\"\" class=\"wp-image-74035\" srcset=\"https:\/\/www.imobiliare.ro\/imoexpert\/wp-content\/uploads\/2025\/09\/ansamblul-rezidential-prima-solis-din-bucuresti-se-extinde-1200x825.jpg 1200w, https:\/\/www.imobiliare.ro\/imoexpert\/wp-content\/uploads\/2025\/09\/ansamblul-rezidential-prima-solis-din-bucuresti-se-extinde-770x529.jpg 770w, https:\/\/www.imobiliare.ro\/imoexpert\/wp-content\/uploads\/2025\/09\/ansamblul-rezidential-prima-solis-din-bucuresti-se-extinde-390x268.jpg 390w, https:\/\/www.imobiliare.ro\/imoexpert\/wp-content\/uploads\/2025\/09\/ansamblul-rezidential-prima-solis-din-bucuresti-se-extinde.jpg 1459w\" sizes=\"auto, (max-width: 1200px) 100vw, 1200px\" \/><\/figure>\n\n\n\n<p class=\"wp-block-paragraph\"><strong>Un teren de dou\u0103 hectare, situat \u00een estul Capitalei, \u00een apropierea Mega Mall \u0219i a str\u0103zii Doamna Ghica, a intrat recent \u00een circuitul imobiliar \u0219i va fi folosit pentru extinderea unui proiect reziden\u021bial de mari dimensiuni. Tranzac\u021bia, evaluat\u0103 la aproape 4 milioane de euro, va permite ridicarea a \u00eenc\u0103 700 de apartamente, ceea ce va duce ansamblul la un total de aproximativ 1.700 de locuin\u021be.<\/strong><\/p>\n\n\n\n<p class=\"wp-block-paragraph\">Construc\u021bia se desf\u0103\u0219oar\u0103 pe fosta platform\u0103 industrial\u0103 Antrefrig, un teren cu o istorie de produc\u021bie \u0219i depozitare, care trece acum printr-un proces de regenerare urban\u0103. Suprafa\u021ba destinat\u0103 proiectului cre\u0219te de la 37.000 la 57.000 de metri p\u0103tra\u021bi, consolid\u00e2nd pozi\u021bia acestuia ca unul dintre cele mai extinse \u0219antiere reziden\u021biale active din Bucure\u0219ti.<\/p>\n\n\n\n<p class=\"wp-block-paragraph\">Planul general include patru faze de construc\u021bie, cu <strong>prima livrare estimat\u0103 pentru vara anului 2027<\/strong>. Pe l\u00e2ng\u0103 apartamente, proiectul PRIMA Solis prevede o infrastructur\u0103 de suport adaptat\u0103 densit\u0103\u021bii viitoarei comunit\u0103\u021bi: peste o mie de locuri de parcare, aproximativ 60 de sta\u021bii de \u00eenc\u0103rcare pentru ma\u0219ini electrice, dou\u0103 locuri de joac\u0103, 500 de boxe de depozitare \u0219i o zon\u0103 comercial\u0103 \u0219i de servicii de circa 2.500 de metri p\u0103tra\u021bi.<\/p>\n\n\n\n<p class=\"wp-block-paragraph\">\u201eNe dorim s\u0103 cre\u0103m nu doar locuin\u021be moderne, ci \u0219i un spa\u021biu \u00een care oamenii s\u0103 tr\u0103iasc\u0103 echilibrat, conecta\u021bi at\u00e2t la infrastructura ora\u0219ului, c\u00e2t \u0219i la natur\u0103\u201d, spune Adrian Stoichin\u0103, co-CEO PRIMA Development Group.<\/p>\n\n\n\n<p class=\"wp-block-paragraph\">Prima Development Group este cel mai mare dezvoltator imobiliar din Oradea, cu peste 20 de ani de experien\u021b\u0103 \u0219i mai bine de 5.000 de apartamente livrate \u00een proiecte cu o valoare cumulat\u0103 de aproape 400 de milioane de euro. Compania s-a extins pe pia\u021ba bucure\u0219tean\u0103 din 2017 \u0219i are \u00een portofoliu \u0219i proiectele Boemia Apartments, Core Timpuri Noi, <a class=\"article-body-links\"href=\"https:\/\/www.imobiliare.ro\/ansamblu-rezidential\/prima-vista-nord\" target=\"_blank\" rel=\"noreferrer noopener\">PRIMA Vista<\/a> \u0219i <a class=\"article-body-links\"href=\"https:\/\/www.imobiliare.ro\/ansamblu-rezidential\/prima-astera-ghencea\" target=\"_blank\" rel=\"noreferrer noopener\">Prima Astera<\/a>.<\/p>\n","protected":false},"excerpt":{"rendered":"<p>Un teren de dou\u0103 hectare, situat \u00een estul Capitalei, \u00een apropierea Mega Mall \u0219i a str\u0103zii Doamna Ghica, a intrat recent \u00een circuitul imobiliar \u0219i va fi folosit pentru extinderea unui proiect reziden\u021bial de mari dimensiuni. Tranzac\u021bia, evaluat\u0103 la aproape 4 milioane de euro, va permite ridicarea a \u00eenc\u0103 700 de apartamente, ceea ce va [&hellip;]<\/p>\n","protected":false},"author":821,"featured_media":74035,"comment_status":"open","ping_status":"open","sticky":true,"template":"","format":"standard","meta":{"footnotes":""},"categories":[259],"tags":[333,458,2374,2375],"content_author":[],"class_list":["post-74031","post","type-post","status-publish","format-standard","has-post-thumbnail","category-stiri","tag-ansambluri-rezidentiale","tag-dezvoltatori","tag-prima-development-group","tag-prima-solis"],"yoast_head":"<!-- This site is optimized with the Yoast SEO plugin v28.2 - https:\/\/yoast.com\/product\/yoast-seo-wordpress\/ -->\n<title>Un proiect reziden\u021bial de aproape 1.700 de apartamente prinde contur pe fosta platform\u0103 Antrefrig din Bucure\u0219ti - \u0218tiri - ImoExpert<\/title>\n<meta name=\"description\" content=\"Un teren de dou\u0103 hectare, situat \u00een estul Capitalei, \u00een apropierea Mega Mall \u0219i a str\u0103zii Doamna Ghica, a intrat recent \u00een circuitul imobiliar \u0219i va fi\" \/>\n<meta name=\"robots\" content=\"index, follow\" \/>\n<link rel=\"canonical\" href=\"https:\/\/www.imobiliare.ro\/imoexpert\/un-proiect-rezidential-de-aproape-1-700-de-apartamente-prinde-contur-pe-fosta-platforma-antrefrig-din-bucuresti_db\/\" \/>\n<meta property=\"og:locale\" content=\"ro_RO\" \/>\n<meta property=\"og:type\" content=\"article\" \/>\n<meta property=\"og:title\" content=\"Un proiect reziden\u021bial de aproape 1.700 de apartamente prinde contur pe fosta platform\u0103 Antrefrig din Bucure\u0219ti - \u0218tiri - ImoExpert\" \/>\n<meta property=\"og:description\" content=\"Un teren de dou\u0103 hectare, situat \u00een estul Capitalei, \u00een apropierea Mega Mall \u0219i a str\u0103zii Doamna Ghica, a intrat recent \u00een circuitul imobiliar \u0219i va fi\" \/>\n<meta property=\"og:url\" content=\"https:\/\/www.imobiliare.ro\/imoexpert\/un-proiect-rezidential-de-aproape-1-700-de-apartamente-prinde-contur-pe-fosta-platforma-antrefrig-din-bucuresti_db\/\" \/>\n<meta property=\"og:site_name\" content=\"Imobiliare.ro\" \/>\n<meta property=\"article:published_time\" content=\"2025-09-17T09:46:10+00:00\" \/>\n<meta property=\"og:image\" content=\"https:\/\/www.imobiliare.ro\/imoexpert\/wp-content\/uploads\/og-cache\/ansamblul-rezidential-prima-solis-din-bucuresti-se-extinde-1200x675-66031e25-branded.jpg?v=12\" \/>\n\t<meta property=\"og:image:width\" content=\"1459\" \/>\n\t<meta property=\"og:image:height\" content=\"1003\" \/>\n\t<meta property=\"og:image:type\" content=\"image\/jpeg\" \/>\n<meta name=\"author\" content=\"Imo Expert\" \/>\n<meta name=\"twitter:card\" content=\"summary_large_image\" \/>\n<meta name=\"twitter:site\" content=\"@wwwImobiliareRo\" \/>\n<meta name=\"twitter:label1\" content=\"Written by\" \/>\n\t<meta name=\"twitter:data1\" content=\"Imo Expert\" \/>\n\t<meta name=\"twitter:label2\" content=\"Est. reading time\" \/>\n\t<meta name=\"twitter:data2\" content=\"2 minute\" \/>\n<script type=\"application\/ld+json\" class=\"yoast-schema-graph\">{\"@context\":\"https:\\\/\\\/schema.org\",\"@graph\":[{\"@type\":\"Article\",\"@id\":\"https:\\\/\\\/www.imobiliare.ro\\\/imoexpert\\\/un-proiect-rezidential-de-aproape-1-700-de-apartamente-prinde-contur-pe-fosta-platforma-antrefrig-din-bucuresti_db\\\/#article\",\"isPartOf\":{\"@id\":\"https:\\\/\\\/www.imobiliare.ro\\\/imoexpert\\\/un-proiect-rezidential-de-aproape-1-700-de-apartamente-prinde-contur-pe-fosta-platforma-antrefrig-din-bucuresti_db\\\/\"},\"author\":{\"name\":\"Imo Expert\",\"@id\":\"https:\\\/\\\/www.imobiliare.ro\\\/imoexpert\\\/#\\\/schema\\\/person\\\/24d0abafdca42af79d5ca29e19bc0062\"},\"headline\":\"Un proiect reziden\u021bial de aproape 1.700 de apartamente prinde contur pe fosta platform\u0103 Antrefrig din Bucure\u0219ti\",\"datePublished\":\"2025-09-17T09:46:10+00:00\",\"mainEntityOfPage\":{\"@id\":\"https:\\\/\\\/www.imobiliare.ro\\\/imoexpert\\\/un-proiect-rezidential-de-aproape-1-700-de-apartamente-prinde-contur-pe-fosta-platforma-antrefrig-din-bucuresti_db\\\/\"},\"wordCount\":319,\"publisher\":{\"@id\":\"https:\\\/\\\/www.imobiliare.ro\\\/imoexpert\\\/#organization\"},\"image\":{\"@id\":\"https:\\\/\\\/www.imobiliare.ro\\\/imoexpert\\\/un-proiect-rezidential-de-aproape-1-700-de-apartamente-prinde-contur-pe-fosta-platforma-antrefrig-din-bucuresti_db\\\/#primaryimage\"},\"thumbnailUrl\":\"https:\\\/\\\/www.imobiliare.ro\\\/imoexpert\\\/wp-content\\\/uploads\\\/2025\\\/09\\\/ansamblul-rezidential-prima-solis-din-bucuresti-se-extinde.jpg\",\"articleSection\":[\"\u0218tiri\"],\"inLanguage\":\"en\",\"potentialAction\":[{\"@type\":\"CommentAction\",\"name\":\"Comment\",\"target\":[\"https:\\\/\\\/www.imobiliare.ro\\\/imoexpert\\\/un-proiect-rezidential-de-aproape-1-700-de-apartamente-prinde-contur-pe-fosta-platforma-antrefrig-din-bucuresti_db\\\/#respond\"]}]},{\"@type\":\"WebPage\",\"@id\":\"https:\\\/\\\/www.imobiliare.ro\\\/imoexpert\\\/un-proiect-rezidential-de-aproape-1-700-de-apartamente-prinde-contur-pe-fosta-platforma-antrefrig-din-bucuresti_db\\\/\",\"url\":\"https:\\\/\\\/www.imobiliare.ro\\\/imoexpert\\\/un-proiect-rezidential-de-aproape-1-700-de-apartamente-prinde-contur-pe-fosta-platforma-antrefrig-din-bucuresti_db\\\/\",\"name\":\"Un proiect reziden\u021bial de aproape 1.700 de apartamente prinde contur pe fosta platform\u0103 Antrefrig din Bucure\u0219ti - \u0218tiri - ImoExpert\",\"isPartOf\":{\"@id\":\"https:\\\/\\\/www.imobiliare.ro\\\/imoexpert\\\/#website\"},\"primaryImageOfPage\":{\"@id\":\"https:\\\/\\\/www.imobiliare.ro\\\/imoexpert\\\/un-proiect-rezidential-de-aproape-1-700-de-apartamente-prinde-contur-pe-fosta-platforma-antrefrig-din-bucuresti_db\\\/#primaryimage\"},\"image\":{\"@id\":\"https:\\\/\\\/www.imobiliare.ro\\\/imoexpert\\\/un-proiect-rezidential-de-aproape-1-700-de-apartamente-prinde-contur-pe-fosta-platforma-antrefrig-din-bucuresti_db\\\/#primaryimage\"},\"thumbnailUrl\":\"https:\\\/\\\/www.imobiliare.ro\\\/imoexpert\\\/wp-content\\\/uploads\\\/2025\\\/09\\\/ansamblul-rezidential-prima-solis-din-bucuresti-se-extinde.jpg\",\"datePublished\":\"2025-09-17T09:46:10+00:00\",\"description\":\"Un teren de dou\u0103 hectare, situat \u00een estul Capitalei, \u00een apropierea Mega Mall \u0219i a str\u0103zii Doamna Ghica, a intrat recent \u00een circuitul imobiliar \u0219i va fi\",\"breadcrumb\":{\"@id\":\"https:\\\/\\\/www.imobiliare.ro\\\/imoexpert\\\/un-proiect-rezidential-de-aproape-1-700-de-apartamente-prinde-contur-pe-fosta-platforma-antrefrig-din-bucuresti_db\\\/#breadcrumb\"},\"inLanguage\":\"en\",\"potentialAction\":[{\"@type\":\"ReadAction\",\"target\":[\"https:\\\/\\\/www.imobiliare.ro\\\/imoexpert\\\/un-proiect-rezidential-de-aproape-1-700-de-apartamente-prinde-contur-pe-fosta-platforma-antrefrig-din-bucuresti_db\\\/\"]}]},{\"@type\":\"ImageObject\",\"inLanguage\":\"en\",\"@id\":\"https:\\\/\\\/www.imobiliare.ro\\\/imoexpert\\\/un-proiect-rezidential-de-aproape-1-700-de-apartamente-prinde-contur-pe-fosta-platforma-antrefrig-din-bucuresti_db\\\/#primaryimage\",\"url\":\"https:\\\/\\\/www.imobiliare.ro\\\/imoexpert\\\/wp-content\\\/uploads\\\/2025\\\/09\\\/ansamblul-rezidential-prima-solis-din-bucuresti-se-extinde.jpg\",\"contentUrl\":\"https:\\\/\\\/www.imobiliare.ro\\\/imoexpert\\\/wp-content\\\/uploads\\\/2025\\\/09\\\/ansamblul-rezidential-prima-solis-din-bucuresti-se-extinde.jpg\",\"width\":1459,\"height\":1003},{\"@type\":\"BreadcrumbList\",\"@id\":\"https:\\\/\\\/www.imobiliare.ro\\\/imoexpert\\\/un-proiect-rezidential-de-aproape-1-700-de-apartamente-prinde-contur-pe-fosta-platforma-antrefrig-din-bucuresti_db\\\/#breadcrumb\",\"itemListElement\":[{\"@type\":\"ListItem\",\"position\":1,\"name\":\"Imoradar24\",\"item\":\"https:\\\/\\\/www.imoradar24.ro\"},{\"@type\":\"ListItem\",\"position\":2,\"name\":\"ImoExpert\",\"item\":\"https:\\\/\\\/www.imobiliare.ro\\\/imoexpert\\\/\"},{\"@type\":\"ListItem\",\"position\":3,\"name\":\"\u0218tiri\",\"item\":\"https:\\\/\\\/www.imobiliare.ro\\\/imoexpert\\\/stiri\\\/\"},{\"@type\":\"ListItem\",\"position\":4,\"name\":\"Un proiect reziden\u021bial de aproape 1.700 de apartamente prinde contur pe fosta platform\u0103 Antrefrig din Bucure\u0219ti\"}]},{\"@type\":\"WebSite\",\"@id\":\"https:\\\/\\\/www.imobiliare.ro\\\/imoexpert\\\/#website\",\"url\":\"https:\\\/\\\/www.imobiliare.ro\\\/imoexpert\\\/\",\"name\":\"ImoExpert\",\"description\":\"cele mai importante \u015ftiri din domeniul imobiliar\",\"publisher\":{\"@id\":\"https:\\\/\\\/www.imobiliare.ro\\\/imoexpert\\\/#organization\"},\"inLanguage\":\"en\"},{\"@type\":\"Organization\",\"@id\":\"https:\\\/\\\/www.imobiliare.ro\\\/imoexpert\\\/#organization\",\"name\":\"Imobiliare.ro\",\"alternateName\":\"Realmedia Network SA\",\"url\":\"https:\\\/\\\/www.imobiliare.ro\\\/imoexpert\\\/\",\"logo\":{\"@type\":\"ImageObject\",\"inLanguage\":\"en\",\"@id\":\"https:\\\/\\\/www.imobiliare.ro\\\/imoexpert\\\/#\\\/schema\\\/logo\\\/image\\\/\",\"url\":\"https:\\\/\\\/www.imobiliare.ro\\\/imoexpert\\\/wp-content\\\/uploads\\\/2025\\\/05\\\/imobiliare_logo.png\",\"contentUrl\":\"https:\\\/\\\/www.imobiliare.ro\\\/imoexpert\\\/wp-content\\\/uploads\\\/2025\\\/05\\\/imobiliare_logo.png\",\"width\":237,\"height\":29,\"caption\":\"Imobiliare.ro\"},\"image\":{\"@id\":\"https:\\\/\\\/www.imobiliare.ro\\\/imoexpert\\\/#\\\/schema\\\/logo\\\/image\\\/\"}},{\"@type\":\"Person\",\"@id\":\"https:\\\/\\\/www.imobiliare.ro\\\/imoexpert\\\/#\\\/schema\\\/person\\\/24d0abafdca42af79d5ca29e19bc0062\",\"name\":\"Imo Expert\",\"image\":{\"@type\":\"ImageObject\",\"inLanguage\":\"en\",\"@id\":\"https:\\\/\\\/www.imobiliare.ro\\\/imoexpert\\\/wp-content\\\/uploads\\\/2023\\\/11\\\/cropped-logo-96x96.jpg\",\"url\":\"https:\\\/\\\/www.imobiliare.ro\\\/imoexpert\\\/wp-content\\\/uploads\\\/2023\\\/11\\\/cropped-logo-96x96.jpg\",\"contentUrl\":\"https:\\\/\\\/www.imobiliare.ro\\\/imoexpert\\\/wp-content\\\/uploads\\\/2023\\\/11\\\/cropped-logo-96x96.jpg\",\"caption\":\"Imo Expert\"},\"description\":\"Imo Expert is an Echipa editorial\u0103 at Imobiliare.ro\",\"sameAs\":[\"https:\\\/\\\/www.imobiliare.ro\"],\"alternateName\":\"ImoExpert\",\"jobTitle\":\"Echipa editorial\u0103\",\"url\":\"https:\\\/\\\/www.imobiliare.ro\\\/imoexpert\\\/author\\\/imo-expert\\\/\"}]}<\/script>\n<!-- \/ Yoast SEO plugin. -->","yoast_head_json":{"title":"Un proiect reziden\u021bial de aproape 1.700 de apartamente prinde contur pe fosta platform\u0103 Antrefrig din Bucure\u0219ti - \u0218tiri - ImoExpert","description":"Un teren de dou\u0103 hectare, situat \u00een estul Capitalei, \u00een apropierea Mega Mall \u0219i a str\u0103zii Doamna Ghica, a intrat recent \u00een circuitul imobiliar \u0219i va fi","robots":{"index":"index","follow":"follow"},"canonical":"https:\/\/www.imobiliare.ro\/imoexpert\/un-proiect-rezidential-de-aproape-1-700-de-apartamente-prinde-contur-pe-fosta-platforma-antrefrig-din-bucuresti_db\/","og_locale":"ro_RO","og_type":"article","og_title":"Un proiect reziden\u021bial de aproape 1.700 de apartamente prinde contur pe fosta platform\u0103 Antrefrig din Bucure\u0219ti - \u0218tiri - ImoExpert","og_description":"Un teren de dou\u0103 hectare, situat \u00een estul Capitalei, \u00een apropierea Mega Mall \u0219i a str\u0103zii Doamna Ghica, a intrat recent \u00een circuitul imobiliar \u0219i va fi","og_url":"https:\/\/www.imobiliare.ro\/imoexpert\/un-proiect-rezidential-de-aproape-1-700-de-apartamente-prinde-contur-pe-fosta-platforma-antrefrig-din-bucuresti_db\/","og_site_name":"Imobiliare.ro","article_published_time":"2025-09-17T09:46:10+00:00","og_image":[{"width":1459,"height":1003,"url":"https:\/\/www.imobiliare.ro\/imoexpert\/wp-content\/uploads\/og-cache\/ansamblul-rezidential-prima-solis-din-bucuresti-se-extinde-1200x675-66031e25-branded.jpg?v=12","type":"image\/jpeg"}],"author":"Imo Expert","twitter_card":"summary_large_image","twitter_site":"@wwwImobiliareRo","twitter_misc":{"Written by":"Imo Expert","Est. reading time":"2 minute"},"schema":{"@context":"https:\/\/schema.org","@graph":[{"@type":"Article","@id":"https:\/\/www.imobiliare.ro\/imoexpert\/un-proiect-rezidential-de-aproape-1-700-de-apartamente-prinde-contur-pe-fosta-platforma-antrefrig-din-bucuresti_db\/#article","isPartOf":{"@id":"https:\/\/www.imobiliare.ro\/imoexpert\/un-proiect-rezidential-de-aproape-1-700-de-apartamente-prinde-contur-pe-fosta-platforma-antrefrig-din-bucuresti_db\/"},"author":{"name":"Imo Expert","@id":"https:\/\/www.imobiliare.ro\/imoexpert\/#\/schema\/person\/24d0abafdca42af79d5ca29e19bc0062"},"headline":"Un proiect reziden\u021bial de aproape 1.700 de apartamente prinde contur pe fosta platform\u0103 Antrefrig din Bucure\u0219ti","datePublished":"2025-09-17T09:46:10+00:00","mainEntityOfPage":{"@id":"https:\/\/www.imobiliare.ro\/imoexpert\/un-proiect-rezidential-de-aproape-1-700-de-apartamente-prinde-contur-pe-fosta-platforma-antrefrig-din-bucuresti_db\/"},"wordCount":319,"publisher":{"@id":"https:\/\/www.imobiliare.ro\/imoexpert\/#organization"},"image":{"@id":"https:\/\/www.imobiliare.ro\/imoexpert\/un-proiect-rezidential-de-aproape-1-700-de-apartamente-prinde-contur-pe-fosta-platforma-antrefrig-din-bucuresti_db\/#primaryimage"},"thumbnailUrl":"https:\/\/www.imobiliare.ro\/imoexpert\/wp-content\/uploads\/2025\/09\/ansamblul-rezidential-prima-solis-din-bucuresti-se-extinde.jpg","articleSection":["\u0218tiri"],"inLanguage":"en","potentialAction":[{"@type":"CommentAction","name":"Comment","target":["https:\/\/www.imobiliare.ro\/imoexpert\/un-proiect-rezidential-de-aproape-1-700-de-apartamente-prinde-contur-pe-fosta-platforma-antrefrig-din-bucuresti_db\/#respond"]}]},{"@type":"WebPage","@id":"https:\/\/www.imobiliare.ro\/imoexpert\/un-proiect-rezidential-de-aproape-1-700-de-apartamente-prinde-contur-pe-fosta-platforma-antrefrig-din-bucuresti_db\/","url":"https:\/\/www.imobiliare.ro\/imoexpert\/un-proiect-rezidential-de-aproape-1-700-de-apartamente-prinde-contur-pe-fosta-platforma-antrefrig-din-bucuresti_db\/","name":"Un proiect reziden\u021bial de aproape 1.700 de apartamente prinde contur pe fosta platform\u0103 Antrefrig din Bucure\u0219ti - \u0218tiri - ImoExpert","isPartOf":{"@id":"https:\/\/www.imobiliare.ro\/imoexpert\/#website"},"primaryImageOfPage":{"@id":"https:\/\/www.imobiliare.ro\/imoexpert\/un-proiect-rezidential-de-aproape-1-700-de-apartamente-prinde-contur-pe-fosta-platforma-antrefrig-din-bucuresti_db\/#primaryimage"},"image":{"@id":"https:\/\/www.imobiliare.ro\/imoexpert\/un-proiect-rezidential-de-aproape-1-700-de-apartamente-prinde-contur-pe-fosta-platforma-antrefrig-din-bucuresti_db\/#primaryimage"},"thumbnailUrl":"https:\/\/www.imobiliare.ro\/imoexpert\/wp-content\/uploads\/2025\/09\/ansamblul-rezidential-prima-solis-din-bucuresti-se-extinde.jpg","datePublished":"2025-09-17T09:46:10+00:00","description":"Un teren de dou\u0103 hectare, situat \u00een estul Capitalei, \u00een apropierea Mega Mall \u0219i a str\u0103zii Doamna Ghica, a intrat recent \u00een circuitul imobiliar \u0219i va fi","breadcrumb":{"@id":"https:\/\/www.imobiliare.ro\/imoexpert\/un-proiect-rezidential-de-aproape-1-700-de-apartamente-prinde-contur-pe-fosta-platforma-antrefrig-din-bucuresti_db\/#breadcrumb"},"inLanguage":"en","potentialAction":[{"@type":"ReadAction","target":["https:\/\/www.imobiliare.ro\/imoexpert\/un-proiect-rezidential-de-aproape-1-700-de-apartamente-prinde-contur-pe-fosta-platforma-antrefrig-din-bucuresti_db\/"]}]},{"@type":"ImageObject","inLanguage":"en","@id":"https:\/\/www.imobiliare.ro\/imoexpert\/un-proiect-rezidential-de-aproape-1-700-de-apartamente-prinde-contur-pe-fosta-platforma-antrefrig-din-bucuresti_db\/#primaryimage","url":"https:\/\/www.imobiliare.ro\/imoexpert\/wp-content\/uploads\/2025\/09\/ansamblul-rezidential-prima-solis-din-bucuresti-se-extinde.jpg","contentUrl":"https:\/\/www.imobiliare.ro\/imoexpert\/wp-content\/uploads\/2025\/09\/ansamblul-rezidential-prima-solis-din-bucuresti-se-extinde.jpg","width":1459,"height":1003},{"@type":"BreadcrumbList","@id":"https:\/\/www.imobiliare.ro\/imoexpert\/un-proiect-rezidential-de-aproape-1-700-de-apartamente-prinde-contur-pe-fosta-platforma-antrefrig-din-bucuresti_db\/#breadcrumb","itemListElement":[{"@type":"ListItem","position":1,"name":"Imoradar24","item":"https:\/\/www.imoradar24.ro"},{"@type":"ListItem","position":2,"name":"ImoExpert","item":"https:\/\/www.imobiliare.ro\/imoexpert\/"},{"@type":"ListItem","position":3,"name":"\u0218tiri","item":"https:\/\/www.imobiliare.ro\/imoexpert\/stiri\/"},{"@type":"ListItem","position":4,"name":"Un proiect reziden\u021bial de aproape 1.700 de apartamente prinde contur pe fosta platform\u0103 Antrefrig din Bucure\u0219ti"}]},{"@type":"WebSite","@id":"https:\/\/www.imobiliare.ro\/imoexpert\/#website","url":"https:\/\/www.imobiliare.ro\/imoexpert\/","name":"ImoExpert","description":"cele mai importante \u015ftiri din domeniul imobiliar","publisher":{"@id":"https:\/\/www.imobiliare.ro\/imoexpert\/#organization"},"inLanguage":"en"},{"@type":"Organization","@id":"https:\/\/www.imobiliare.ro\/imoexpert\/#organization","name":"Imobiliare.ro","alternateName":"Realmedia Network SA","url":"https:\/\/www.imobiliare.ro\/imoexpert\/","logo":{"@type":"ImageObject","inLanguage":"en","@id":"https:\/\/www.imobiliare.ro\/imoexpert\/#\/schema\/logo\/image\/","url":"https:\/\/www.imobiliare.ro\/imoexpert\/wp-content\/uploads\/2025\/05\/imobiliare_logo.png","contentUrl":"https:\/\/www.imobiliare.ro\/imoexpert\/wp-content\/uploads\/2025\/05\/imobiliare_logo.png","width":237,"height":29,"caption":"Imobiliare.ro"},"image":{"@id":"https:\/\/www.imobiliare.ro\/imoexpert\/#\/schema\/logo\/image\/"}},{"@type":"Person","@id":"https:\/\/www.imobiliare.ro\/imoexpert\/#\/schema\/person\/24d0abafdca42af79d5ca29e19bc0062","name":"Imo Expert","image":{"@type":"ImageObject","inLanguage":"en","@id":"https:\/\/www.imobiliare.ro\/imoexpert\/wp-content\/uploads\/2023\/11\/cropped-logo-96x96.jpg","url":"https:\/\/www.imobiliare.ro\/imoexpert\/wp-content\/uploads\/2023\/11\/cropped-logo-96x96.jpg","contentUrl":"https:\/\/www.imobiliare.ro\/imoexpert\/wp-content\/uploads\/2023\/11\/cropped-logo-96x96.jpg","caption":"Imo Expert"},"description":"Imo Expert is an Echipa editorial\u0103 at Imobiliare.ro","sameAs":["https:\/\/www.imobiliare.ro"],"alternateName":"ImoExpert","jobTitle":"Echipa editorial\u0103","url":"https:\/\/www.imobiliare.ro\/imoexpert\/author\/imo-expert\/"}]}},"_links":{"self":[{"href":"https:\/\/www.imobiliare.ro\/imoexpert\/wp-json\/wp\/v2\/posts\/74031","targetHints":{"allow":["GET"]}}],"collection":[{"href":"https:\/\/www.imobiliare.ro\/imoexpert\/wp-json\/wp\/v2\/posts"}],"about":[{"href":"https:\/\/www.imobiliare.ro\/imoexpert\/wp-json\/wp\/v2\/types\/post"}],"author":[{"embeddable":true,"href":"https:\/\/www.imobiliare.ro\/imoexpert\/wp-json\/wp\/v2\/users\/821"}],"replies":[{"embeddable":true,"href":"https:\/\/www.imobiliare.ro\/imoexpert\/wp-json\/wp\/v2\/comments?post=74031"}],"version-history":[{"count":0,"href":"https:\/\/www.imobiliare.ro\/imoexpert\/wp-json\/wp\/v2\/posts\/74031\/revisions"}],"wp:featuredmedia":[{"embeddable":true,"href":"https:\/\/www.imobiliare.ro\/imoexpert\/wp-json\/wp\/v2\/media\/74035"}],"wp:attachment":[{"href":"https:\/\/www.imobiliare.ro\/imoexpert\/wp-json\/wp\/v2\/media?parent=74031"}],"wp:term":[{"taxonomy":"category","embeddable":true,"href":"https:\/\/www.imobiliare.ro\/imoexpert\/wp-json\/wp\/v2\/categories?post=74031"},{"taxonomy":"post_tag","embeddable":true,"href":"https:\/\/www.imobiliare.ro\/imoexpert\/wp-json\/wp\/v2\/tags?post=74031"},{"taxonomy":"content_author","embeddable":true,"href":"https:\/\/www.imobiliare.ro\/imoexpert\/wp-json\/wp\/v2\/content_author?post=74031"}],"curies":[{"name":"wp","href":"https:\/\/api.w.org\/{rel}","templated":true}]}}