{"id":74148,"date":"2025-09-24T12:25:29","date_gmt":"2025-09-24T09:25:29","guid":{"rendered":"https:\/\/www.imobiliare.ro\/imoexpert\/?p=74148"},"modified":"2025-09-24T12:25:29","modified_gmt":"2025-09-24T09:25:29","slug":"brokerii-imobiliare-ro-finance-te-asteapta-saptamana-aceasta-la-targul-national-imobiliar","status":"publish","type":"post","link":"https:\/\/www.imobiliare.ro\/imoexpert\/brokerii-imobiliare-ro-finance-te-asteapta-saptamana-aceasta-la-targul-national-imobiliar_db\/","title":{"rendered":"Brokerii Imobiliare.ro Finance te a\u0219teapt\u0103 s\u0103pt\u0103m\u00e2na aceasta la T\u00e2rgul Na\u021bional Imobiliar"},"content":{"rendered":"\n<figure class=\"wp-block-image size-large\"><img loading=\"lazy\" decoding=\"async\" width=\"1200\" height=\"823\" src=\"https:\/\/www.imobiliare.ro\/imoexpert\/wp-content\/uploads\/2025\/09\/brokerii-imobiliare.ro-finance-la-tni-1-1200x823.jpg\" alt=\"\" class=\"wp-image-74165\" srcset=\"https:\/\/www.imobiliare.ro\/imoexpert\/wp-content\/uploads\/2025\/09\/brokerii-imobiliare.ro-finance-la-tni-1-1200x823.jpg 1200w, https:\/\/www.imobiliare.ro\/imoexpert\/wp-content\/uploads\/2025\/09\/brokerii-imobiliare.ro-finance-la-tni-1-300x206.jpg 300w, https:\/\/www.imobiliare.ro\/imoexpert\/wp-content\/uploads\/2025\/09\/brokerii-imobiliare.ro-finance-la-tni-1-768x527.jpg 768w, https:\/\/www.imobiliare.ro\/imoexpert\/wp-content\/uploads\/2025\/09\/brokerii-imobiliare.ro-finance-la-tni-1.jpg 1536w\" sizes=\"auto, (max-width: 1200px) 100vw, 1200px\" \/><\/figure>\n\n\n\n<p><strong>Brokerii re\u021belei Imobiliare.ro Finance particip\u0103 la finalul acestei s\u0103pt\u0103m\u00e2ni la edi\u021bia de toamn\u0103 a T\u00e2rgului Na\u021bional Imobiliar (TNI) &#8211; ZEB EXPO, eveniment organizat \u00een Bucure\u0219ti, la Palatul Parlamentului.<\/strong><\/p>\n\n\n\n<p>Vizit\u00e2nd standul lor ai oportunitatea de a beneficia de sprijinul de care ai nevoie pentru a identifica rapid \u0219i u\u0219or cele mai bune oferte de creditate disponibile, la ora actual\u0103, pe pia\u021b\u0103. Brokerii no\u0219tri profesioni\u0219ti \u00ee\u021bi vor oferi solu\u021bii personalizate \u00een func\u021bie de nevoile pe care le ai, de bugetul pe care vrei s\u0103-l aloci pentru o achizi\u021bie imobiliar\u0103, dar \u0219i de locuin\u021ba de care e\u0219ti interesat de la evenimentul care va reuni peste 100.000 de oferte.<\/p>\n\n\n\n<p>&#8222;Locuin\u021ba ideal\u0103 merit\u0103 un credit pe m\u0103sur\u0103. Pentru mul\u021bi, achizi\u021bia unei propriet\u0103\u021bi este o decizie pe via\u021b\u0103, iar creditul care o \u00eenso\u021be\u0219te este important s\u0103 aduc\u0103 stabilitate \u0219i bucuria mut\u0103rii \u00eentr-o cas\u0103 nou\u0103, nu presiune asupra confortului zilnic. Chiar dac\u0103 ne apropiem de o nou\u0103 majorare a IRCC-ului, venim la TNI cu oferte avantajose de creditare din partea b\u0103ncilor \u0219i \u00eei \u00eencuraj\u0103m pe to\u021bi vizitatorii s\u0103 ne treac\u0103 pragul, s\u0103 fac\u0103 o similare de credit \u0219i s\u0103 ia decizia final\u0103 av\u00e2nd la \u00eendem\u00e2n\u0103 toate informa\u021biile necesare&#8221;, a declarat Alis Stratan, Marketing Manager Imobiliare.ro Finance.<\/p>\n\n\n\n<figure class=\"wp-block-image size-large\"><img loading=\"lazy\" decoding=\"async\" width=\"1200\" height=\"812\" src=\"https:\/\/www.imobiliare.ro\/imoexpert\/wp-content\/uploads\/2025\/09\/stand-imobiliare.ro-finance-la-tni-1200x812.jpg\" alt=\"\" class=\"wp-image-74149\" srcset=\"https:\/\/www.imobiliare.ro\/imoexpert\/wp-content\/uploads\/2025\/09\/stand-imobiliare.ro-finance-la-tni-1200x812.jpg 1200w, https:\/\/www.imobiliare.ro\/imoexpert\/wp-content\/uploads\/2025\/09\/stand-imobiliare.ro-finance-la-tni-300x203.jpg 300w, https:\/\/www.imobiliare.ro\/imoexpert\/wp-content\/uploads\/2025\/09\/stand-imobiliare.ro-finance-la-tni-768x520.jpg 768w, https:\/\/www.imobiliare.ro\/imoexpert\/wp-content\/uploads\/2025\/09\/stand-imobiliare.ro-finance-la-tni.jpg 1536w\" sizes=\"auto, (max-width: 1200px) 100vw, 1200px\" \/><\/figure>\n\n\n\n<p>Dac\u0103 vei aplica direct \u00een cadrul t\u00e2rgului pentru ob\u021binerea unui \u00eemprumut dedicat realiz\u0103rii unei achizi\u021bii imobiliare ai \u0219ansa de a c\u00e2\u0219tiga unul dintre voucherele cadou IKEA, \u00een valoare de 500 de lei, oferite de <a class=\"article-body-links\"href=\"https:\/\/finance.imobiliare.ro\/\" target=\"_blank\" rel=\"noreferrer noopener\">Imobiliare.ro Finance<\/a>. <\/p>\n\n\n\n<p>T\u00e2rgul Na\u021bional Imobiliar se organizeaz\u0103 \u00een perioada<strong> 26-28 septembrie<\/strong>. Intrarea se realizeaz\u0103 pe baz\u0103 de bilet (20 lei) sau gratuit prin QR cod ce paote fi ob\u021binut prin \u00eenregistrarea pe site-ul evenimentului. <\/p>\n","protected":false},"excerpt":{"rendered":"<p>Brokerii re\u021belei Imobiliare.ro Finance particip\u0103 la finalul acestei s\u0103pt\u0103m\u00e2ni la edi\u021bia de toamn\u0103 a T\u00e2rgului Na\u021bional Imobiliar (TNI) &#8211; ZEB EXPO, eveniment organizat \u00een Bucure\u0219ti, la Palatul Parlamentului. Vizit\u00e2nd standul lor ai oportunitatea de a beneficia de sprijinul de care ai nevoie pentru a identifica rapid \u0219i u\u0219or cele mai bune oferte de creditate disponibile, [&hellip;]<\/p>\n","protected":false},"author":5891,"featured_media":74163,"comment_status":"open","ping_status":"open","sticky":true,"template":"","format":"standard","meta":{"footnotes":""},"categories":[259],"tags":[2187,1347,2190,2193],"content_author":[],"class_list":["post-74148","post","type-post","status-publish","format-standard","has-post-thumbnail","hentry","category-stiri","tag-brokeri-credite","tag-credite-ipotecare","tag-imobiliare-ro-finance","tag-targul-national-imobiliar-2"],"yoast_head":"<!-- This site is optimized with the Yoast SEO Premium plugin v27.0 (Yoast SEO v27.0) - https:\/\/yoast.com\/product\/yoast-seo-premium-wordpress\/ -->\n<title>Brokerii Imobiliare.ro Finance te a\u0219teapt\u0103 s\u0103pt\u0103m\u00e2na aceasta la T\u00e2rgul Na\u021bional Imobiliar - \u0218tiri - ImoExpert<\/title>\n<meta name=\"description\" content=\"Brokerii re\u021belei Imobiliare.ro Finance particip\u0103 la finalul acestei s\u0103pt\u0103m\u00e2ni la edi\u021bia de toamn\u0103 a T\u00e2rgului Na\u021bional Imobiliar (TNI) - ZEB EXPO,\" \/>\n<meta name=\"robots\" content=\"index, follow\" \/>\n<link rel=\"canonical\" href=\"https:\/\/www.imobiliare.ro\/imoexpert\/brokerii-imobiliare-ro-finance-te-asteapta-saptamana-aceasta-la-targul-national-imobiliar_db\/\" \/>\n<meta property=\"og:locale\" content=\"ro_RO\" \/>\n<meta property=\"og:type\" content=\"article\" \/>\n<meta property=\"og:title\" content=\"Brokerii Imobiliare.ro Finance te a\u0219teapt\u0103 s\u0103pt\u0103m\u00e2na aceasta la T\u00e2rgul Na\u021bional Imobiliar\" \/>\n<meta property=\"og:description\" content=\"Brokerii re\u021belei Imobiliare.ro Finance particip\u0103 la finalul acestei s\u0103pt\u0103m\u00e2ni la edi\u021bia de toamn\u0103 a T\u00e2rgului Na\u021bional Imobiliar (TNI) - ZEB EXPO,\" \/>\n<meta property=\"og:url\" content=\"https:\/\/www.imobiliare.ro\/imoexpert\/brokerii-imobiliare-ro-finance-te-asteapta-saptamana-aceasta-la-targul-national-imobiliar_db\/\" \/>\n<meta property=\"og:site_name\" content=\"ImoExpert\" \/>\n<meta property=\"article:published_time\" content=\"2025-09-24T09:25:29+00:00\" \/>\n<meta property=\"og:image\" content=\"https:\/\/www.imobiliare.ro\/imoexpert\/wp-content\/uploads\/2025\/09\/brokerii-imobiliare.ro-finance-la-tni.jpg\" \/>\n\t<meta property=\"og:image:width\" content=\"1536\" \/>\n\t<meta property=\"og:image:height\" content=\"1054\" \/>\n\t<meta property=\"og:image:type\" content=\"image\/jpeg\" \/>\n<meta name=\"author\" content=\"Corina V\u00e2rlan\" \/>\n<meta name=\"twitter:card\" content=\"summary_large_image\" \/>\n<meta name=\"twitter:label1\" content=\"Written by\" \/>\n\t<meta name=\"twitter:data1\" content=\"Corina V\u00e2rlan\" \/>\n\t<meta name=\"twitter:label2\" content=\"Est. reading time\" \/>\n\t<meta name=\"twitter:data2\" content=\"2 minute\" \/>\n<script type=\"application\/ld+json\" class=\"yoast-schema-graph\">{\"@context\":\"https:\/\/schema.org\",\"@graph\":[{\"@type\":\"Article\",\"@id\":\"https:\/\/www.imobiliare.ro\/imoexpert\/brokerii-imobiliare-ro-finance-te-asteapta-saptamana-aceasta-la-targul-national-imobiliar_db\/#article\",\"isPartOf\":{\"@id\":\"https:\/\/www.imobiliare.ro\/imoexpert\/brokerii-imobiliare-ro-finance-te-asteapta-saptamana-aceasta-la-targul-national-imobiliar_db\/\"},\"author\":{\"name\":\"Corina V\u00e2rlan\",\"@id\":\"https:\/\/www.imobiliare.ro\/imoexpert\/#\/schema\/person\/9ffdfbf24b82f39fc75a2fc6c19e4e99\"},\"headline\":\"Brokerii Imobiliare.ro Finance te a\u0219teapt\u0103 s\u0103pt\u0103m\u00e2na aceasta la T\u00e2rgul Na\u021bional Imobiliar\",\"datePublished\":\"2025-09-24T09:25:29+00:00\",\"mainEntityOfPage\":{\"@id\":\"https:\/\/www.imobiliare.ro\/imoexpert\/brokerii-imobiliare-ro-finance-te-asteapta-saptamana-aceasta-la-targul-national-imobiliar_db\/\"},\"wordCount\":325,\"commentCount\":0,\"publisher\":{\"@id\":\"https:\/\/www.imobiliare.ro\/imoexpert\/#organization\"},\"image\":{\"@id\":\"https:\/\/www.imobiliare.ro\/imoexpert\/brokerii-imobiliare-ro-finance-te-asteapta-saptamana-aceasta-la-targul-national-imobiliar_db\/#primaryimage\"},\"thumbnailUrl\":\"https:\/\/www.imobiliare.ro\/imoexpert\/wp-content\/uploads\/2025\/09\/brokerii-imobiliare.ro-finance-la-tni.jpg\",\"keywords\":[\"brokeri credite\",\"credite ipotecare\",\"imobiliare.ro finance\",\"Targul National Imobiliar\"],\"articleSection\":[\"\u0218tiri\"],\"inLanguage\":\"en\",\"potentialAction\":[{\"@type\":\"CommentAction\",\"name\":\"Comment\",\"target\":[\"https:\/\/www.imobiliare.ro\/imoexpert\/brokerii-imobiliare-ro-finance-te-asteapta-saptamana-aceasta-la-targul-national-imobiliar_db\/#respond\"]}],\"copyrightYear\":\"2025\",\"copyrightHolder\":{\"@id\":\"https:\/\/www.imobiliare.ro\/imoexpert\/#organization\"}},{\"@type\":\"WebPage\",\"@id\":\"https:\/\/www.imobiliare.ro\/imoexpert\/brokerii-imobiliare-ro-finance-te-asteapta-saptamana-aceasta-la-targul-national-imobiliar_db\/\",\"url\":\"https:\/\/www.imobiliare.ro\/imoexpert\/brokerii-imobiliare-ro-finance-te-asteapta-saptamana-aceasta-la-targul-national-imobiliar_db\/\",\"name\":\"Brokerii Imobiliare.ro Finance te a\u0219teapt\u0103 s\u0103pt\u0103m\u00e2na aceasta la T\u00e2rgul Na\u021bional Imobiliar - \u0218tiri - ImoExpert\",\"isPartOf\":{\"@id\":\"https:\/\/www.imobiliare.ro\/imoexpert\/#website\"},\"primaryImageOfPage\":{\"@id\":\"https:\/\/www.imobiliare.ro\/imoexpert\/brokerii-imobiliare-ro-finance-te-asteapta-saptamana-aceasta-la-targul-national-imobiliar_db\/#primaryimage\"},\"image\":{\"@id\":\"https:\/\/www.imobiliare.ro\/imoexpert\/brokerii-imobiliare-ro-finance-te-asteapta-saptamana-aceasta-la-targul-national-imobiliar_db\/#primaryimage\"},\"thumbnailUrl\":\"https:\/\/www.imobiliare.ro\/imoexpert\/wp-content\/uploads\/2025\/09\/brokerii-imobiliare.ro-finance-la-tni.jpg\",\"datePublished\":\"2025-09-24T09:25:29+00:00\",\"description\":\"Brokerii re\u021belei Imobiliare.ro Finance particip\u0103 la finalul acestei s\u0103pt\u0103m\u00e2ni la edi\u021bia de toamn\u0103 a T\u00e2rgului Na\u021bional Imobiliar (TNI) - ZEB EXPO,\",\"breadcrumb\":{\"@id\":\"https:\/\/www.imobiliare.ro\/imoexpert\/brokerii-imobiliare-ro-finance-te-asteapta-saptamana-aceasta-la-targul-national-imobiliar_db\/#breadcrumb\"},\"inLanguage\":\"en\",\"potentialAction\":[{\"@type\":\"ReadAction\",\"target\":[\"https:\/\/www.imobiliare.ro\/imoexpert\/brokerii-imobiliare-ro-finance-te-asteapta-saptamana-aceasta-la-targul-national-imobiliar_db\/\"]}]},{\"@type\":\"ImageObject\",\"inLanguage\":\"en\",\"@id\":\"https:\/\/www.imobiliare.ro\/imoexpert\/brokerii-imobiliare-ro-finance-te-asteapta-saptamana-aceasta-la-targul-national-imobiliar_db\/#primaryimage\",\"url\":\"https:\/\/www.imobiliare.ro\/imoexpert\/wp-content\/uploads\/2025\/09\/brokerii-imobiliare.ro-finance-la-tni.jpg\",\"contentUrl\":\"https:\/\/www.imobiliare.ro\/imoexpert\/wp-content\/uploads\/2025\/09\/brokerii-imobiliare.ro-finance-la-tni.jpg\",\"width\":1536,\"height\":1054},{\"@type\":\"BreadcrumbList\",\"@id\":\"https:\/\/www.imobiliare.ro\/imoexpert\/brokerii-imobiliare-ro-finance-te-asteapta-saptamana-aceasta-la-targul-national-imobiliar_db\/#breadcrumb\",\"itemListElement\":[{\"@type\":\"ListItem\",\"position\":1,\"name\":\"Imoradar24\",\"item\":\"https:\/\/www.imoradar24.ro\"},{\"@type\":\"ListItem\",\"position\":2,\"name\":\"ImoExpert\",\"item\":\"https:\/\/www.imobiliare.ro\/imoexpert\/\"},{\"@type\":\"ListItem\",\"position\":3,\"name\":\"\u0218tiri\",\"item\":\"https:\/\/www.imobiliare.ro\/imoexpert\/stiri\/\"},{\"@type\":\"ListItem\",\"position\":4,\"name\":\"Brokerii Imobiliare.ro Finance te a\u0219teapt\u0103 s\u0103pt\u0103m\u00e2na aceasta la T\u00e2rgul Na\u021bional Imobiliar\"}]},{\"@type\":\"WebSite\",\"@id\":\"https:\/\/www.imobiliare.ro\/imoexpert\/#website\",\"url\":\"https:\/\/www.imobiliare.ro\/imoexpert\/\",\"name\":\"ImoExpert\",\"description\":\"cele mai importante \u015ftiri din domeniul imobiliar\",\"publisher\":{\"@id\":\"https:\/\/www.imobiliare.ro\/imoexpert\/#organization\"},\"inLanguage\":\"en\"},{\"@type\":\"Organization\",\"@id\":\"https:\/\/www.imobiliare.ro\/imoexpert\/#organization\",\"name\":\"Imobiliare.ro\",\"alternateName\":\"Realmedia Network SA\",\"url\":\"https:\/\/www.imobiliare.ro\/imoexpert\/\",\"logo\":{\"@type\":\"ImageObject\",\"inLanguage\":\"en\",\"@id\":\"https:\/\/www.imobiliare.ro\/imoexpert\/#\/schema\/logo\/image\/\",\"url\":\"https:\/\/www.imobiliare.ro\/imoexpert\/wp-content\/uploads\/2025\/05\/imobiliare_logo.png\",\"contentUrl\":\"https:\/\/www.imobiliare.ro\/imoexpert\/wp-content\/uploads\/2025\/05\/imobiliare_logo.png\",\"width\":237,\"height\":29,\"caption\":\"Imobiliare.ro\"},\"image\":{\"@id\":\"https:\/\/www.imobiliare.ro\/imoexpert\/#\/schema\/logo\/image\/\"}},{\"@type\":\"Person\",\"@id\":\"https:\/\/www.imobiliare.ro\/imoexpert\/#\/schema\/person\/9ffdfbf24b82f39fc75a2fc6c19e4e99\",\"name\":\"Corina V\u00e2rlan\",\"image\":{\"@type\":\"ImageObject\",\"inLanguage\":\"en\",\"@id\":\"https:\/\/www.imobiliare.ro\/imoexpert\/#\/schema\/person\/image\/\",\"url\":\"https:\/\/www.imobiliare.ro\/imoexpert\/wp-content\/uploads\/2026\/02\/12-02-2025-5-rezumat-brasov-thumb-reels-1-1-96x96.png\",\"contentUrl\":\"https:\/\/www.imobiliare.ro\/imoexpert\/wp-content\/uploads\/2026\/02\/12-02-2025-5-rezumat-brasov-thumb-reels-1-1-96x96.png\",\"caption\":\"Corina V\u00e2rlan\"},\"description\":\"Cu o experien\u021b\u0103 de 14 ani \u00een presa online, comunicare \u0219i content marketing, Corina V\u00e2rlan s-a al\u0103turat echipei Imobiliare.ro \u00een urm\u0103 cu 8 ani \u0219i ocup\u0103, \u00een prezent, func\u021bia de Content Manager. Ea este gazda emisiunii \\\"\u00centreab\u0103 expertul\\\" \u0219i a seriei 5 \u0218tiri Imobiliare.ro, realizate \u00een parteneriat cu Libertatea. Corina \u00ee\u0219i concentreaz\u0103 activitatea pe analiza datelor de pia\u021b\u0103 \u0219i pe subiecte de interes at\u00e2t pentru cei afla\u021bi \u00een c\u0103utarea unei locuin\u021be, c\u00e2t \u0219i pentru proprietari sau chiria\u0219i.\",\"alternateName\":\"Corina\",\"jobTitle\":\"Content Manager\",\"url\":\"https:\/\/www.imobiliare.ro\/imoexpert\/author\/corina-varlan\/\"}]}<\/script>\n<!-- \/ Yoast SEO Premium plugin. -->","yoast_head_json":{"title":"Brokerii Imobiliare.ro Finance te a\u0219teapt\u0103 s\u0103pt\u0103m\u00e2na aceasta la T\u00e2rgul Na\u021bional Imobiliar - \u0218tiri - ImoExpert","description":"Brokerii re\u021belei Imobiliare.ro Finance particip\u0103 la finalul acestei s\u0103pt\u0103m\u00e2ni la edi\u021bia de toamn\u0103 a T\u00e2rgului Na\u021bional Imobiliar (TNI) - ZEB EXPO,","robots":{"index":"index","follow":"follow"},"canonical":"https:\/\/www.imobiliare.ro\/imoexpert\/brokerii-imobiliare-ro-finance-te-asteapta-saptamana-aceasta-la-targul-national-imobiliar_db\/","og_locale":"ro_RO","og_type":"article","og_title":"Brokerii Imobiliare.ro Finance te a\u0219teapt\u0103 s\u0103pt\u0103m\u00e2na aceasta la T\u00e2rgul Na\u021bional Imobiliar","og_description":"Brokerii re\u021belei Imobiliare.ro Finance particip\u0103 la finalul acestei s\u0103pt\u0103m\u00e2ni la edi\u021bia de toamn\u0103 a T\u00e2rgului Na\u021bional Imobiliar (TNI) - ZEB EXPO,","og_url":"https:\/\/www.imobiliare.ro\/imoexpert\/brokerii-imobiliare-ro-finance-te-asteapta-saptamana-aceasta-la-targul-national-imobiliar_db\/","og_site_name":"ImoExpert","article_published_time":"2025-09-24T09:25:29+00:00","og_image":[{"width":1536,"height":1054,"url":"https:\/\/www.imobiliare.ro\/imoexpert\/wp-content\/uploads\/2025\/09\/brokerii-imobiliare.ro-finance-la-tni.jpg","type":"image\/jpeg"}],"author":"Corina V\u00e2rlan","twitter_card":"summary_large_image","twitter_misc":{"Written by":"Corina V\u00e2rlan","Est. reading time":"2 minute"},"schema":{"@context":"https:\/\/schema.org","@graph":[{"@type":"Article","@id":"https:\/\/www.imobiliare.ro\/imoexpert\/brokerii-imobiliare-ro-finance-te-asteapta-saptamana-aceasta-la-targul-national-imobiliar_db\/#article","isPartOf":{"@id":"https:\/\/www.imobiliare.ro\/imoexpert\/brokerii-imobiliare-ro-finance-te-asteapta-saptamana-aceasta-la-targul-national-imobiliar_db\/"},"author":{"name":"Corina V\u00e2rlan","@id":"https:\/\/www.imobiliare.ro\/imoexpert\/#\/schema\/person\/9ffdfbf24b82f39fc75a2fc6c19e4e99"},"headline":"Brokerii Imobiliare.ro Finance te a\u0219teapt\u0103 s\u0103pt\u0103m\u00e2na aceasta la T\u00e2rgul Na\u021bional Imobiliar","datePublished":"2025-09-24T09:25:29+00:00","mainEntityOfPage":{"@id":"https:\/\/www.imobiliare.ro\/imoexpert\/brokerii-imobiliare-ro-finance-te-asteapta-saptamana-aceasta-la-targul-national-imobiliar_db\/"},"wordCount":325,"commentCount":0,"publisher":{"@id":"https:\/\/www.imobiliare.ro\/imoexpert\/#organization"},"image":{"@id":"https:\/\/www.imobiliare.ro\/imoexpert\/brokerii-imobiliare-ro-finance-te-asteapta-saptamana-aceasta-la-targul-national-imobiliar_db\/#primaryimage"},"thumbnailUrl":"https:\/\/www.imobiliare.ro\/imoexpert\/wp-content\/uploads\/2025\/09\/brokerii-imobiliare.ro-finance-la-tni.jpg","keywords":["brokeri credite","credite ipotecare","imobiliare.ro finance","Targul National Imobiliar"],"articleSection":["\u0218tiri"],"inLanguage":"en","potentialAction":[{"@type":"CommentAction","name":"Comment","target":["https:\/\/www.imobiliare.ro\/imoexpert\/brokerii-imobiliare-ro-finance-te-asteapta-saptamana-aceasta-la-targul-national-imobiliar_db\/#respond"]}],"copyrightYear":"2025","copyrightHolder":{"@id":"https:\/\/www.imobiliare.ro\/imoexpert\/#organization"}},{"@type":"WebPage","@id":"https:\/\/www.imobiliare.ro\/imoexpert\/brokerii-imobiliare-ro-finance-te-asteapta-saptamana-aceasta-la-targul-national-imobiliar_db\/","url":"https:\/\/www.imobiliare.ro\/imoexpert\/brokerii-imobiliare-ro-finance-te-asteapta-saptamana-aceasta-la-targul-national-imobiliar_db\/","name":"Brokerii Imobiliare.ro Finance te a\u0219teapt\u0103 s\u0103pt\u0103m\u00e2na aceasta la T\u00e2rgul Na\u021bional Imobiliar - \u0218tiri - ImoExpert","isPartOf":{"@id":"https:\/\/www.imobiliare.ro\/imoexpert\/#website"},"primaryImageOfPage":{"@id":"https:\/\/www.imobiliare.ro\/imoexpert\/brokerii-imobiliare-ro-finance-te-asteapta-saptamana-aceasta-la-targul-national-imobiliar_db\/#primaryimage"},"image":{"@id":"https:\/\/www.imobiliare.ro\/imoexpert\/brokerii-imobiliare-ro-finance-te-asteapta-saptamana-aceasta-la-targul-national-imobiliar_db\/#primaryimage"},"thumbnailUrl":"https:\/\/www.imobiliare.ro\/imoexpert\/wp-content\/uploads\/2025\/09\/brokerii-imobiliare.ro-finance-la-tni.jpg","datePublished":"2025-09-24T09:25:29+00:00","description":"Brokerii re\u021belei Imobiliare.ro Finance particip\u0103 la finalul acestei s\u0103pt\u0103m\u00e2ni la edi\u021bia de toamn\u0103 a T\u00e2rgului Na\u021bional Imobiliar (TNI) - ZEB EXPO,","breadcrumb":{"@id":"https:\/\/www.imobiliare.ro\/imoexpert\/brokerii-imobiliare-ro-finance-te-asteapta-saptamana-aceasta-la-targul-national-imobiliar_db\/#breadcrumb"},"inLanguage":"en","potentialAction":[{"@type":"ReadAction","target":["https:\/\/www.imobiliare.ro\/imoexpert\/brokerii-imobiliare-ro-finance-te-asteapta-saptamana-aceasta-la-targul-national-imobiliar_db\/"]}]},{"@type":"ImageObject","inLanguage":"en","@id":"https:\/\/www.imobiliare.ro\/imoexpert\/brokerii-imobiliare-ro-finance-te-asteapta-saptamana-aceasta-la-targul-national-imobiliar_db\/#primaryimage","url":"https:\/\/www.imobiliare.ro\/imoexpert\/wp-content\/uploads\/2025\/09\/brokerii-imobiliare.ro-finance-la-tni.jpg","contentUrl":"https:\/\/www.imobiliare.ro\/imoexpert\/wp-content\/uploads\/2025\/09\/brokerii-imobiliare.ro-finance-la-tni.jpg","width":1536,"height":1054},{"@type":"BreadcrumbList","@id":"https:\/\/www.imobiliare.ro\/imoexpert\/brokerii-imobiliare-ro-finance-te-asteapta-saptamana-aceasta-la-targul-national-imobiliar_db\/#breadcrumb","itemListElement":[{"@type":"ListItem","position":1,"name":"Imoradar24","item":"https:\/\/www.imoradar24.ro"},{"@type":"ListItem","position":2,"name":"ImoExpert","item":"https:\/\/www.imobiliare.ro\/imoexpert\/"},{"@type":"ListItem","position":3,"name":"\u0218tiri","item":"https:\/\/www.imobiliare.ro\/imoexpert\/stiri\/"},{"@type":"ListItem","position":4,"name":"Brokerii Imobiliare.ro Finance te a\u0219teapt\u0103 s\u0103pt\u0103m\u00e2na aceasta la T\u00e2rgul Na\u021bional Imobiliar"}]},{"@type":"WebSite","@id":"https:\/\/www.imobiliare.ro\/imoexpert\/#website","url":"https:\/\/www.imobiliare.ro\/imoexpert\/","name":"ImoExpert","description":"cele mai importante \u015ftiri din domeniul imobiliar","publisher":{"@id":"https:\/\/www.imobiliare.ro\/imoexpert\/#organization"},"inLanguage":"en"},{"@type":"Organization","@id":"https:\/\/www.imobiliare.ro\/imoexpert\/#organization","name":"Imobiliare.ro","alternateName":"Realmedia Network SA","url":"https:\/\/www.imobiliare.ro\/imoexpert\/","logo":{"@type":"ImageObject","inLanguage":"en","@id":"https:\/\/www.imobiliare.ro\/imoexpert\/#\/schema\/logo\/image\/","url":"https:\/\/www.imobiliare.ro\/imoexpert\/wp-content\/uploads\/2025\/05\/imobiliare_logo.png","contentUrl":"https:\/\/www.imobiliare.ro\/imoexpert\/wp-content\/uploads\/2025\/05\/imobiliare_logo.png","width":237,"height":29,"caption":"Imobiliare.ro"},"image":{"@id":"https:\/\/www.imobiliare.ro\/imoexpert\/#\/schema\/logo\/image\/"}},{"@type":"Person","@id":"https:\/\/www.imobiliare.ro\/imoexpert\/#\/schema\/person\/9ffdfbf24b82f39fc75a2fc6c19e4e99","name":"Corina V\u00e2rlan","image":{"@type":"ImageObject","inLanguage":"en","@id":"https:\/\/www.imobiliare.ro\/imoexpert\/#\/schema\/person\/image\/","url":"https:\/\/www.imobiliare.ro\/imoexpert\/wp-content\/uploads\/2026\/02\/12-02-2025-5-rezumat-brasov-thumb-reels-1-1-96x96.png","contentUrl":"https:\/\/www.imobiliare.ro\/imoexpert\/wp-content\/uploads\/2026\/02\/12-02-2025-5-rezumat-brasov-thumb-reels-1-1-96x96.png","caption":"Corina V\u00e2rlan"},"description":"Cu o experien\u021b\u0103 de 14 ani \u00een presa online, comunicare \u0219i content marketing, Corina V\u00e2rlan s-a al\u0103turat echipei Imobiliare.ro \u00een urm\u0103 cu 8 ani \u0219i ocup\u0103, \u00een prezent, func\u021bia de Content Manager. Ea este gazda emisiunii \"\u00centreab\u0103 expertul\" \u0219i a seriei 5 \u0218tiri Imobiliare.ro, realizate \u00een parteneriat cu Libertatea. Corina \u00ee\u0219i concentreaz\u0103 activitatea pe analiza datelor de pia\u021b\u0103 \u0219i pe subiecte de interes at\u00e2t pentru cei afla\u021bi \u00een c\u0103utarea unei locuin\u021be, c\u00e2t \u0219i pentru proprietari sau chiria\u0219i.","alternateName":"Corina","jobTitle":"Content Manager","url":"https:\/\/www.imobiliare.ro\/imoexpert\/author\/corina-varlan\/"}]}},"_links":{"self":[{"href":"https:\/\/www.imobiliare.ro\/imoexpert\/wp-json\/wp\/v2\/posts\/74148","targetHints":{"allow":["GET"]}}],"collection":[{"href":"https:\/\/www.imobiliare.ro\/imoexpert\/wp-json\/wp\/v2\/posts"}],"about":[{"href":"https:\/\/www.imobiliare.ro\/imoexpert\/wp-json\/wp\/v2\/types\/post"}],"author":[{"embeddable":true,"href":"https:\/\/www.imobiliare.ro\/imoexpert\/wp-json\/wp\/v2\/users\/5891"}],"replies":[{"embeddable":true,"href":"https:\/\/www.imobiliare.ro\/imoexpert\/wp-json\/wp\/v2\/comments?post=74148"}],"version-history":[{"count":0,"href":"https:\/\/www.imobiliare.ro\/imoexpert\/wp-json\/wp\/v2\/posts\/74148\/revisions"}],"wp:featuredmedia":[{"embeddable":true,"href":"https:\/\/www.imobiliare.ro\/imoexpert\/wp-json\/wp\/v2\/media\/74163"}],"wp:attachment":[{"href":"https:\/\/www.imobiliare.ro\/imoexpert\/wp-json\/wp\/v2\/media?parent=74148"}],"wp:term":[{"taxonomy":"category","embeddable":true,"href":"https:\/\/www.imobiliare.ro\/imoexpert\/wp-json\/wp\/v2\/categories?post=74148"},{"taxonomy":"post_tag","embeddable":true,"href":"https:\/\/www.imobiliare.ro\/imoexpert\/wp-json\/wp\/v2\/tags?post=74148"},{"taxonomy":"content_author","embeddable":true,"href":"https:\/\/www.imobiliare.ro\/imoexpert\/wp-json\/wp\/v2\/content_author?post=74148"}],"curies":[{"name":"wp","href":"https:\/\/api.w.org\/{rel}","templated":true}]}}