{"id":74271,"date":"2025-09-29T15:10:53","date_gmt":"2025-09-29T12:10:53","guid":{"rendered":"https:\/\/www.imobiliare.ro\/imoexpert\/?p=74271"},"modified":"2025-09-29T15:10:53","modified_gmt":"2025-09-29T12:10:53","slug":"dezvoltatorii-nu-vor-putea-sa-si-mai-vanda-locuintele-daca-nu-respecta-aceste-reguli-proiect-de-lege","status":"publish","type":"post","link":"https:\/\/www.imobiliare.ro\/imoexpert\/dezvoltatorii-nu-vor-putea-sa-si-mai-vanda-locuintele-daca-nu-respecta-aceste-reguli-proiect-de-lege_db\/","title":{"rendered":"Dezvoltatorii nu vor putea s\u0103-\u0219i mai v\u00e2nd\u0103 locuin\u021bele, dac\u0103 nu respect\u0103 aceste reguli -PROIECT DE LEGE"},"content":{"rendered":"\n<figure class=\"wp-block-image size-large\"><img loading=\"lazy\" decoding=\"async\" width=\"1200\" height=\"800\" src=\"https:\/\/www.imobiliare.ro\/imoexpert\/wp-content\/uploads\/2025\/09\/detectoare-incendiu-pentru-locuinte-noi-1200x800.jpg\" alt=\"\" class=\"wp-image-74273\" srcset=\"https:\/\/www.imobiliare.ro\/imoexpert\/wp-content\/uploads\/2025\/09\/detectoare-incendiu-pentru-locuinte-noi-1200x800.jpg 1200w, https:\/\/www.imobiliare.ro\/imoexpert\/wp-content\/uploads\/2025\/09\/detectoare-incendiu-pentru-locuinte-noi-300x200.jpg 300w, https:\/\/www.imobiliare.ro\/imoexpert\/wp-content\/uploads\/2025\/09\/detectoare-incendiu-pentru-locuinte-noi-768x512.jpg 768w, https:\/\/www.imobiliare.ro\/imoexpert\/wp-content\/uploads\/2025\/09\/detectoare-incendiu-pentru-locuinte-noi-1536x1024.jpg 1536w, https:\/\/www.imobiliare.ro\/imoexpert\/wp-content\/uploads\/2025\/09\/detectoare-incendiu-pentru-locuinte-noi.jpg 2000w\" sizes=\"auto, (max-width: 1200px) 100vw, 1200px\" \/><\/figure>\n\n\n\n<p><strong>Toate locuin\u021bele noi ar putea s\u0103 fie dotate, \u00een viitor, cu detectoare de incendiu, potrivit unui <a class=\"article-body-links\"href=\"https:\/\/www.mai.gov.ro\/informatii-publice\/transparenta-decizionala\/\" target=\"_blank\" rel=\"noreferrer noopener\">proiect de lege<\/a> \u00een dezbatere public\u0103 la Ministerul Afacerilor Interne. Mai mult, parc\u0103rile cu peste 10 locuri aferente blocurilor nou construite ar trebuie s\u0103 \u00eendeplineasc\u0103 \u0219i ele m\u0103surile de ap\u0103rare \u00eempotriva incendiilor. F\u0103r\u0103 dovezi \u00een acest sens, dezvoltatorii nu vor mai putea intabula \u0219i vinde locuin\u021bele. <\/strong><\/p>\n\n\n\n<p>Proiectul propune ca dezvoltatorii s\u0103 aib\u0103 obliga\u021bia de a asigura dotarea locuin\u021bele noi, indiferent dac\u0103 discut\u0103m despre apartamente sau case, cu detectoare autonome de incendiu, \u00eenainte ca acestea s\u0103 fie v\u00e2ndute.<\/p>\n\n\n\n<p>\u00cen plus, investitorii ar urma s\u0103 aib\u0103 obliga\u021bia de a solicita \u00een scris \u0219i de a include \u00een comisia de recep\u021bie, \u00een calitate de membru, &#8222;o persoan\u0103 desemnat\u0103 de c\u0103tre inspec\u021biile de prevenire din cadrul inspectoratelor pentru situa\u021bii de urgen\u021b\u0103 la recep\u021bia la terminarea lucr\u0103rilor pentru cl\u0103dirile de locuit colective prev\u0103zute cu parcaje de peste 10 locuri de parcare pentru autoturisme&#8221;.<\/p>\n\n\n\n<p>&#8222;La nivelul Inspectoratului General pentru Situa\u021bii de Urgen\u021b\u0103 au fost \u00eenregistrate numeroase peti\u021bii prin care cet\u0103\u021benii au sesizat faptul c\u0103 dezvoltatorii cl\u0103dirilor de locuit colective prev\u0103zute cu parcaje au \u00eenstr\u0103inat locuin\u021bele f\u0103r\u0103 a de\u021bine autoriza\u021bie de securitate la incendiu. Potrivit prevederilor Hot\u0103r\u00e2rii Guvernului nr 571\/2016 pentru aprobarea categoriilor de construc\u021bii \u0219i amenaj\u0103ri care se supun aviz\u0103rii \u0219i\/sau autoriz\u0103rii privind securitatea la incendiu, parcajele cu peste 10 locuri de parcare pentru autoturisme se supun aviz\u0103rii \u0219i autoriz\u0103rii privind securitatea la incendiu&#8221;, se men\u021bioneaz\u0103 \u00een expunerea de motive care \u00eenso\u021be\u0219te proiectul de lege.<\/p>\n\n\n\n<p>&#8222;\u00centruc\u00e2t, \u00een comisiile de recep\u021bie la terminarea lucr\u0103rilor, dezvoltatorul nu informeaz\u0103 \u0219i nu include \u0219i reprezentan\u021bi din cadrul inspectoratelor pentru situa\u021bii de urgen\u021b\u0103, recep\u021bia este admis\u0103 \u00een lipsa acestora. Cu recep\u021bia admis\u0103, dezvoltatorul ob\u021bine certificatul de atestare a edific\u0103rii construc\u021biei, intabuleaz\u0103 \u0219i \u00eenstr\u0103ineaz\u0103 locuin\u021bele \u0219i locurile de parcare, chiar dac\u0103 nu a solicitat \u0219i ob\u021binut autoriza\u021bie de securitate la incendiu pentru parcaj&#8221;, se mai detaliaz\u0103 \u00een acela\u0219i document.<\/p>\n\n\n\n<p>Pericolul este mare \u00een cazul \u00een care m\u0103surile de ap\u0103rare \u00eempotriva incendiilor nu sunt \u00eendeplinite pentru parc\u0103ri, spun ini\u021biatorii proiectului. Un incendiu puternic produs la una dintre ma\u0219inile din parcare se poate propaga rapid \u0219i la locuin\u021be, iar fumul poate inunda c\u0103ile de evacuare dedicate locatarilor.<\/p>\n","protected":false},"excerpt":{"rendered":"<p>Toate locuin\u021bele noi ar putea s\u0103 fie dotate, \u00een viitor, cu detectoare de incendiu, potrivit unui proiect de lege \u00een dezbatere public\u0103 la Ministerul Afacerilor Interne. Mai mult, parc\u0103rile cu peste 10 locuri aferente blocurilor nou construite ar trebuie s\u0103 \u00eendeplineasc\u0103 \u0219i ele m\u0103surile de ap\u0103rare \u00eempotriva incendiilor. F\u0103r\u0103 dovezi \u00een acest sens, dezvoltatorii nu [&hellip;]<\/p>\n","protected":false},"author":5891,"featured_media":74273,"comment_status":"open","ping_status":"open","sticky":true,"template":"","format":"standard","meta":{"footnotes":""},"categories":[259],"tags":[2420,1276,387],"content_author":[],"class_list":["post-74271","post","type-post","status-publish","format-standard","has-post-thumbnail","hentry","category-stiri","tag-detectoare-de-incendiu","tag-dezvoltatori-imobiliari","tag-locuinte-noi"],"yoast_head":"<!-- This site is optimized with the Yoast SEO Premium plugin v27.0 (Yoast SEO v27.0) - https:\/\/yoast.com\/product\/yoast-seo-premium-wordpress\/ -->\n<title>Dezvoltatorii nu vor putea s\u0103-\u0219i mai v\u00e2nd\u0103 locuin\u021bele, dac\u0103 nu respect\u0103 aceste reguli -PROIECT DE LEGE - \u0218tiri - ImoExpert<\/title>\n<meta name=\"description\" content=\"Toate locuin\u021bele noi ar putea s\u0103 fie dotate, \u00een viitor, cu detectoare de incendiu, potrivit unui proiect de lege \u00een dezbatere public\u0103 la Ministerul\" \/>\n<meta name=\"robots\" content=\"index, follow\" \/>\n<link rel=\"canonical\" href=\"https:\/\/www.imobiliare.ro\/imoexpert\/dezvoltatorii-nu-vor-putea-sa-si-mai-vanda-locuintele-daca-nu-respecta-aceste-reguli-proiect-de-lege_db\/\" \/>\n<meta property=\"og:locale\" content=\"ro_RO\" \/>\n<meta property=\"og:type\" content=\"article\" \/>\n<meta property=\"og:title\" content=\"Dezvoltatorii nu vor putea s\u0103-\u0219i mai v\u00e2nd\u0103 locuin\u021bele, dac\u0103 nu respect\u0103 aceste reguli -PROIECT DE LEGE\" \/>\n<meta property=\"og:description\" content=\"Toate locuin\u021bele noi ar putea s\u0103 fie dotate, \u00een viitor, cu detectoare de incendiu, potrivit unui proiect de lege \u00een dezbatere public\u0103 la Ministerul\" \/>\n<meta property=\"og:url\" content=\"https:\/\/www.imobiliare.ro\/imoexpert\/dezvoltatorii-nu-vor-putea-sa-si-mai-vanda-locuintele-daca-nu-respecta-aceste-reguli-proiect-de-lege_db\/\" \/>\n<meta property=\"og:site_name\" content=\"ImoExpert\" \/>\n<meta property=\"article:published_time\" content=\"2025-09-29T12:10:53+00:00\" \/>\n<meta property=\"og:image\" content=\"https:\/\/www.imobiliare.ro\/imoexpert\/wp-content\/uploads\/2025\/09\/detectoare-incendiu-pentru-locuinte-noi.jpg\" \/>\n\t<meta property=\"og:image:width\" content=\"2000\" \/>\n\t<meta property=\"og:image:height\" content=\"1333\" \/>\n\t<meta property=\"og:image:type\" content=\"image\/jpeg\" \/>\n<meta name=\"author\" content=\"Corina V\u00e2rlan\" \/>\n<meta name=\"twitter:card\" content=\"summary_large_image\" \/>\n<meta name=\"twitter:label1\" content=\"Written by\" \/>\n\t<meta name=\"twitter:data1\" content=\"Corina V\u00e2rlan\" \/>\n\t<meta name=\"twitter:label2\" content=\"Est. reading time\" \/>\n\t<meta name=\"twitter:data2\" content=\"2 minute\" \/>\n<script type=\"application\/ld+json\" class=\"yoast-schema-graph\">{\"@context\":\"https:\/\/schema.org\",\"@graph\":[{\"@type\":\"Article\",\"@id\":\"https:\/\/www.imobiliare.ro\/imoexpert\/dezvoltatorii-nu-vor-putea-sa-si-mai-vanda-locuintele-daca-nu-respecta-aceste-reguli-proiect-de-lege_db\/#article\",\"isPartOf\":{\"@id\":\"https:\/\/www.imobiliare.ro\/imoexpert\/dezvoltatorii-nu-vor-putea-sa-si-mai-vanda-locuintele-daca-nu-respecta-aceste-reguli-proiect-de-lege_db\/\"},\"author\":{\"name\":\"Corina V\u00e2rlan\",\"@id\":\"https:\/\/www.imobiliare.ro\/imoexpert\/#\/schema\/person\/9ffdfbf24b82f39fc75a2fc6c19e4e99\"},\"headline\":\"Dezvoltatorii nu vor putea s\u0103-\u0219i mai v\u00e2nd\u0103 locuin\u021bele, dac\u0103 nu respect\u0103 aceste reguli -PROIECT DE LEGE\",\"datePublished\":\"2025-09-29T12:10:53+00:00\",\"mainEntityOfPage\":{\"@id\":\"https:\/\/www.imobiliare.ro\/imoexpert\/dezvoltatorii-nu-vor-putea-sa-si-mai-vanda-locuintele-daca-nu-respecta-aceste-reguli-proiect-de-lege_db\/\"},\"wordCount\":438,\"commentCount\":0,\"publisher\":{\"@id\":\"https:\/\/www.imobiliare.ro\/imoexpert\/#organization\"},\"image\":{\"@id\":\"https:\/\/www.imobiliare.ro\/imoexpert\/dezvoltatorii-nu-vor-putea-sa-si-mai-vanda-locuintele-daca-nu-respecta-aceste-reguli-proiect-de-lege_db\/#primaryimage\"},\"thumbnailUrl\":\"https:\/\/www.imobiliare.ro\/imoexpert\/wp-content\/uploads\/2025\/09\/detectoare-incendiu-pentru-locuinte-noi.jpg\",\"keywords\":[\"detectoare de incendiu\",\"dezvoltatori imobiliari\",\"locuinte noi\"],\"articleSection\":[\"\u0218tiri\"],\"inLanguage\":\"en\",\"potentialAction\":[{\"@type\":\"CommentAction\",\"name\":\"Comment\",\"target\":[\"https:\/\/www.imobiliare.ro\/imoexpert\/dezvoltatorii-nu-vor-putea-sa-si-mai-vanda-locuintele-daca-nu-respecta-aceste-reguli-proiect-de-lege_db\/#respond\"]}],\"copyrightYear\":\"2025\",\"copyrightHolder\":{\"@id\":\"https:\/\/www.imobiliare.ro\/imoexpert\/#organization\"}},{\"@type\":\"WebPage\",\"@id\":\"https:\/\/www.imobiliare.ro\/imoexpert\/dezvoltatorii-nu-vor-putea-sa-si-mai-vanda-locuintele-daca-nu-respecta-aceste-reguli-proiect-de-lege_db\/\",\"url\":\"https:\/\/www.imobiliare.ro\/imoexpert\/dezvoltatorii-nu-vor-putea-sa-si-mai-vanda-locuintele-daca-nu-respecta-aceste-reguli-proiect-de-lege_db\/\",\"name\":\"Dezvoltatorii nu vor putea s\u0103-\u0219i mai v\u00e2nd\u0103 locuin\u021bele, dac\u0103 nu respect\u0103 aceste reguli -PROIECT DE LEGE - \u0218tiri - ImoExpert\",\"isPartOf\":{\"@id\":\"https:\/\/www.imobiliare.ro\/imoexpert\/#website\"},\"primaryImageOfPage\":{\"@id\":\"https:\/\/www.imobiliare.ro\/imoexpert\/dezvoltatorii-nu-vor-putea-sa-si-mai-vanda-locuintele-daca-nu-respecta-aceste-reguli-proiect-de-lege_db\/#primaryimage\"},\"image\":{\"@id\":\"https:\/\/www.imobiliare.ro\/imoexpert\/dezvoltatorii-nu-vor-putea-sa-si-mai-vanda-locuintele-daca-nu-respecta-aceste-reguli-proiect-de-lege_db\/#primaryimage\"},\"thumbnailUrl\":\"https:\/\/www.imobiliare.ro\/imoexpert\/wp-content\/uploads\/2025\/09\/detectoare-incendiu-pentru-locuinte-noi.jpg\",\"datePublished\":\"2025-09-29T12:10:53+00:00\",\"description\":\"Toate locuin\u021bele noi ar putea s\u0103 fie dotate, \u00een viitor, cu detectoare de incendiu, potrivit unui proiect de lege \u00een dezbatere public\u0103 la Ministerul\",\"breadcrumb\":{\"@id\":\"https:\/\/www.imobiliare.ro\/imoexpert\/dezvoltatorii-nu-vor-putea-sa-si-mai-vanda-locuintele-daca-nu-respecta-aceste-reguli-proiect-de-lege_db\/#breadcrumb\"},\"inLanguage\":\"en\",\"potentialAction\":[{\"@type\":\"ReadAction\",\"target\":[\"https:\/\/www.imobiliare.ro\/imoexpert\/dezvoltatorii-nu-vor-putea-sa-si-mai-vanda-locuintele-daca-nu-respecta-aceste-reguli-proiect-de-lege_db\/\"]}]},{\"@type\":\"ImageObject\",\"inLanguage\":\"en\",\"@id\":\"https:\/\/www.imobiliare.ro\/imoexpert\/dezvoltatorii-nu-vor-putea-sa-si-mai-vanda-locuintele-daca-nu-respecta-aceste-reguli-proiect-de-lege_db\/#primaryimage\",\"url\":\"https:\/\/www.imobiliare.ro\/imoexpert\/wp-content\/uploads\/2025\/09\/detectoare-incendiu-pentru-locuinte-noi.jpg\",\"contentUrl\":\"https:\/\/www.imobiliare.ro\/imoexpert\/wp-content\/uploads\/2025\/09\/detectoare-incendiu-pentru-locuinte-noi.jpg\",\"width\":2000,\"height\":1333},{\"@type\":\"BreadcrumbList\",\"@id\":\"https:\/\/www.imobiliare.ro\/imoexpert\/dezvoltatorii-nu-vor-putea-sa-si-mai-vanda-locuintele-daca-nu-respecta-aceste-reguli-proiect-de-lege_db\/#breadcrumb\",\"itemListElement\":[{\"@type\":\"ListItem\",\"position\":1,\"name\":\"Imoradar24\",\"item\":\"https:\/\/www.imoradar24.ro\"},{\"@type\":\"ListItem\",\"position\":2,\"name\":\"ImoExpert\",\"item\":\"https:\/\/www.imobiliare.ro\/imoexpert\/\"},{\"@type\":\"ListItem\",\"position\":3,\"name\":\"\u0218tiri\",\"item\":\"https:\/\/www.imobiliare.ro\/imoexpert\/stiri\/\"},{\"@type\":\"ListItem\",\"position\":4,\"name\":\"Dezvoltatorii nu vor putea s\u0103-\u0219i mai v\u00e2nd\u0103 locuin\u021bele, dac\u0103 nu respect\u0103 aceste reguli -PROIECT DE LEGE\"}]},{\"@type\":\"WebSite\",\"@id\":\"https:\/\/www.imobiliare.ro\/imoexpert\/#website\",\"url\":\"https:\/\/www.imobiliare.ro\/imoexpert\/\",\"name\":\"ImoExpert\",\"description\":\"cele mai importante \u015ftiri din domeniul imobiliar\",\"publisher\":{\"@id\":\"https:\/\/www.imobiliare.ro\/imoexpert\/#organization\"},\"inLanguage\":\"en\"},{\"@type\":\"Organization\",\"@id\":\"https:\/\/www.imobiliare.ro\/imoexpert\/#organization\",\"name\":\"Imobiliare.ro\",\"alternateName\":\"Realmedia Network SA\",\"url\":\"https:\/\/www.imobiliare.ro\/imoexpert\/\",\"logo\":{\"@type\":\"ImageObject\",\"inLanguage\":\"en\",\"@id\":\"https:\/\/www.imobiliare.ro\/imoexpert\/#\/schema\/logo\/image\/\",\"url\":\"https:\/\/www.imobiliare.ro\/imoexpert\/wp-content\/uploads\/2025\/05\/imobiliare_logo.png\",\"contentUrl\":\"https:\/\/www.imobiliare.ro\/imoexpert\/wp-content\/uploads\/2025\/05\/imobiliare_logo.png\",\"width\":237,\"height\":29,\"caption\":\"Imobiliare.ro\"},\"image\":{\"@id\":\"https:\/\/www.imobiliare.ro\/imoexpert\/#\/schema\/logo\/image\/\"}},{\"@type\":\"Person\",\"@id\":\"https:\/\/www.imobiliare.ro\/imoexpert\/#\/schema\/person\/9ffdfbf24b82f39fc75a2fc6c19e4e99\",\"name\":\"Corina V\u00e2rlan\",\"image\":{\"@type\":\"ImageObject\",\"inLanguage\":\"en\",\"@id\":\"https:\/\/www.imobiliare.ro\/imoexpert\/#\/schema\/person\/image\/\",\"url\":\"https:\/\/www.imobiliare.ro\/imoexpert\/wp-content\/uploads\/2026\/02\/12-02-2025-5-rezumat-brasov-thumb-reels-1-1-96x96.png\",\"contentUrl\":\"https:\/\/www.imobiliare.ro\/imoexpert\/wp-content\/uploads\/2026\/02\/12-02-2025-5-rezumat-brasov-thumb-reels-1-1-96x96.png\",\"caption\":\"Corina V\u00e2rlan\"},\"description\":\"Cu o experien\u021b\u0103 de 14 ani \u00een presa online, comunicare \u0219i content marketing, Corina V\u00e2rlan s-a al\u0103turat echipei Imobiliare.ro \u00een urm\u0103 cu 8 ani \u0219i ocup\u0103, \u00een prezent, func\u021bia de Content Manager. Ea este gazda emisiunii \\\"\u00centreab\u0103 expertul\\\" \u0219i a seriei 5 \u0218tiri Imobiliare.ro, realizate \u00een parteneriat cu Libertatea. Corina \u00ee\u0219i concentreaz\u0103 activitatea pe analiza datelor de pia\u021b\u0103 \u0219i pe subiecte de interes at\u00e2t pentru cei afla\u021bi \u00een c\u0103utarea unei locuin\u021be, c\u00e2t \u0219i pentru proprietari sau chiria\u0219i.\",\"alternateName\":\"Corina\",\"jobTitle\":\"Content Manager\",\"url\":\"https:\/\/www.imobiliare.ro\/imoexpert\/author\/corina-varlan\/\"}]}<\/script>\n<!-- \/ Yoast SEO Premium plugin. -->","yoast_head_json":{"title":"Dezvoltatorii nu vor putea s\u0103-\u0219i mai v\u00e2nd\u0103 locuin\u021bele, dac\u0103 nu respect\u0103 aceste reguli -PROIECT DE LEGE - \u0218tiri - ImoExpert","description":"Toate locuin\u021bele noi ar putea s\u0103 fie dotate, \u00een viitor, cu detectoare de incendiu, potrivit unui proiect de lege \u00een dezbatere public\u0103 la Ministerul","robots":{"index":"index","follow":"follow"},"canonical":"https:\/\/www.imobiliare.ro\/imoexpert\/dezvoltatorii-nu-vor-putea-sa-si-mai-vanda-locuintele-daca-nu-respecta-aceste-reguli-proiect-de-lege_db\/","og_locale":"ro_RO","og_type":"article","og_title":"Dezvoltatorii nu vor putea s\u0103-\u0219i mai v\u00e2nd\u0103 locuin\u021bele, dac\u0103 nu respect\u0103 aceste reguli -PROIECT DE LEGE","og_description":"Toate locuin\u021bele noi ar putea s\u0103 fie dotate, \u00een viitor, cu detectoare de incendiu, potrivit unui proiect de lege \u00een dezbatere public\u0103 la Ministerul","og_url":"https:\/\/www.imobiliare.ro\/imoexpert\/dezvoltatorii-nu-vor-putea-sa-si-mai-vanda-locuintele-daca-nu-respecta-aceste-reguli-proiect-de-lege_db\/","og_site_name":"ImoExpert","article_published_time":"2025-09-29T12:10:53+00:00","og_image":[{"width":2000,"height":1333,"url":"https:\/\/www.imobiliare.ro\/imoexpert\/wp-content\/uploads\/2025\/09\/detectoare-incendiu-pentru-locuinte-noi.jpg","type":"image\/jpeg"}],"author":"Corina V\u00e2rlan","twitter_card":"summary_large_image","twitter_misc":{"Written by":"Corina V\u00e2rlan","Est. reading time":"2 minute"},"schema":{"@context":"https:\/\/schema.org","@graph":[{"@type":"Article","@id":"https:\/\/www.imobiliare.ro\/imoexpert\/dezvoltatorii-nu-vor-putea-sa-si-mai-vanda-locuintele-daca-nu-respecta-aceste-reguli-proiect-de-lege_db\/#article","isPartOf":{"@id":"https:\/\/www.imobiliare.ro\/imoexpert\/dezvoltatorii-nu-vor-putea-sa-si-mai-vanda-locuintele-daca-nu-respecta-aceste-reguli-proiect-de-lege_db\/"},"author":{"name":"Corina V\u00e2rlan","@id":"https:\/\/www.imobiliare.ro\/imoexpert\/#\/schema\/person\/9ffdfbf24b82f39fc75a2fc6c19e4e99"},"headline":"Dezvoltatorii nu vor putea s\u0103-\u0219i mai v\u00e2nd\u0103 locuin\u021bele, dac\u0103 nu respect\u0103 aceste reguli -PROIECT DE LEGE","datePublished":"2025-09-29T12:10:53+00:00","mainEntityOfPage":{"@id":"https:\/\/www.imobiliare.ro\/imoexpert\/dezvoltatorii-nu-vor-putea-sa-si-mai-vanda-locuintele-daca-nu-respecta-aceste-reguli-proiect-de-lege_db\/"},"wordCount":438,"commentCount":0,"publisher":{"@id":"https:\/\/www.imobiliare.ro\/imoexpert\/#organization"},"image":{"@id":"https:\/\/www.imobiliare.ro\/imoexpert\/dezvoltatorii-nu-vor-putea-sa-si-mai-vanda-locuintele-daca-nu-respecta-aceste-reguli-proiect-de-lege_db\/#primaryimage"},"thumbnailUrl":"https:\/\/www.imobiliare.ro\/imoexpert\/wp-content\/uploads\/2025\/09\/detectoare-incendiu-pentru-locuinte-noi.jpg","keywords":["detectoare de incendiu","dezvoltatori imobiliari","locuinte noi"],"articleSection":["\u0218tiri"],"inLanguage":"en","potentialAction":[{"@type":"CommentAction","name":"Comment","target":["https:\/\/www.imobiliare.ro\/imoexpert\/dezvoltatorii-nu-vor-putea-sa-si-mai-vanda-locuintele-daca-nu-respecta-aceste-reguli-proiect-de-lege_db\/#respond"]}],"copyrightYear":"2025","copyrightHolder":{"@id":"https:\/\/www.imobiliare.ro\/imoexpert\/#organization"}},{"@type":"WebPage","@id":"https:\/\/www.imobiliare.ro\/imoexpert\/dezvoltatorii-nu-vor-putea-sa-si-mai-vanda-locuintele-daca-nu-respecta-aceste-reguli-proiect-de-lege_db\/","url":"https:\/\/www.imobiliare.ro\/imoexpert\/dezvoltatorii-nu-vor-putea-sa-si-mai-vanda-locuintele-daca-nu-respecta-aceste-reguli-proiect-de-lege_db\/","name":"Dezvoltatorii nu vor putea s\u0103-\u0219i mai v\u00e2nd\u0103 locuin\u021bele, dac\u0103 nu respect\u0103 aceste reguli -PROIECT DE LEGE - \u0218tiri - ImoExpert","isPartOf":{"@id":"https:\/\/www.imobiliare.ro\/imoexpert\/#website"},"primaryImageOfPage":{"@id":"https:\/\/www.imobiliare.ro\/imoexpert\/dezvoltatorii-nu-vor-putea-sa-si-mai-vanda-locuintele-daca-nu-respecta-aceste-reguli-proiect-de-lege_db\/#primaryimage"},"image":{"@id":"https:\/\/www.imobiliare.ro\/imoexpert\/dezvoltatorii-nu-vor-putea-sa-si-mai-vanda-locuintele-daca-nu-respecta-aceste-reguli-proiect-de-lege_db\/#primaryimage"},"thumbnailUrl":"https:\/\/www.imobiliare.ro\/imoexpert\/wp-content\/uploads\/2025\/09\/detectoare-incendiu-pentru-locuinte-noi.jpg","datePublished":"2025-09-29T12:10:53+00:00","description":"Toate locuin\u021bele noi ar putea s\u0103 fie dotate, \u00een viitor, cu detectoare de incendiu, potrivit unui proiect de lege \u00een dezbatere public\u0103 la Ministerul","breadcrumb":{"@id":"https:\/\/www.imobiliare.ro\/imoexpert\/dezvoltatorii-nu-vor-putea-sa-si-mai-vanda-locuintele-daca-nu-respecta-aceste-reguli-proiect-de-lege_db\/#breadcrumb"},"inLanguage":"en","potentialAction":[{"@type":"ReadAction","target":["https:\/\/www.imobiliare.ro\/imoexpert\/dezvoltatorii-nu-vor-putea-sa-si-mai-vanda-locuintele-daca-nu-respecta-aceste-reguli-proiect-de-lege_db\/"]}]},{"@type":"ImageObject","inLanguage":"en","@id":"https:\/\/www.imobiliare.ro\/imoexpert\/dezvoltatorii-nu-vor-putea-sa-si-mai-vanda-locuintele-daca-nu-respecta-aceste-reguli-proiect-de-lege_db\/#primaryimage","url":"https:\/\/www.imobiliare.ro\/imoexpert\/wp-content\/uploads\/2025\/09\/detectoare-incendiu-pentru-locuinte-noi.jpg","contentUrl":"https:\/\/www.imobiliare.ro\/imoexpert\/wp-content\/uploads\/2025\/09\/detectoare-incendiu-pentru-locuinte-noi.jpg","width":2000,"height":1333},{"@type":"BreadcrumbList","@id":"https:\/\/www.imobiliare.ro\/imoexpert\/dezvoltatorii-nu-vor-putea-sa-si-mai-vanda-locuintele-daca-nu-respecta-aceste-reguli-proiect-de-lege_db\/#breadcrumb","itemListElement":[{"@type":"ListItem","position":1,"name":"Imoradar24","item":"https:\/\/www.imoradar24.ro"},{"@type":"ListItem","position":2,"name":"ImoExpert","item":"https:\/\/www.imobiliare.ro\/imoexpert\/"},{"@type":"ListItem","position":3,"name":"\u0218tiri","item":"https:\/\/www.imobiliare.ro\/imoexpert\/stiri\/"},{"@type":"ListItem","position":4,"name":"Dezvoltatorii nu vor putea s\u0103-\u0219i mai v\u00e2nd\u0103 locuin\u021bele, dac\u0103 nu respect\u0103 aceste reguli -PROIECT DE LEGE"}]},{"@type":"WebSite","@id":"https:\/\/www.imobiliare.ro\/imoexpert\/#website","url":"https:\/\/www.imobiliare.ro\/imoexpert\/","name":"ImoExpert","description":"cele mai importante \u015ftiri din domeniul imobiliar","publisher":{"@id":"https:\/\/www.imobiliare.ro\/imoexpert\/#organization"},"inLanguage":"en"},{"@type":"Organization","@id":"https:\/\/www.imobiliare.ro\/imoexpert\/#organization","name":"Imobiliare.ro","alternateName":"Realmedia Network SA","url":"https:\/\/www.imobiliare.ro\/imoexpert\/","logo":{"@type":"ImageObject","inLanguage":"en","@id":"https:\/\/www.imobiliare.ro\/imoexpert\/#\/schema\/logo\/image\/","url":"https:\/\/www.imobiliare.ro\/imoexpert\/wp-content\/uploads\/2025\/05\/imobiliare_logo.png","contentUrl":"https:\/\/www.imobiliare.ro\/imoexpert\/wp-content\/uploads\/2025\/05\/imobiliare_logo.png","width":237,"height":29,"caption":"Imobiliare.ro"},"image":{"@id":"https:\/\/www.imobiliare.ro\/imoexpert\/#\/schema\/logo\/image\/"}},{"@type":"Person","@id":"https:\/\/www.imobiliare.ro\/imoexpert\/#\/schema\/person\/9ffdfbf24b82f39fc75a2fc6c19e4e99","name":"Corina V\u00e2rlan","image":{"@type":"ImageObject","inLanguage":"en","@id":"https:\/\/www.imobiliare.ro\/imoexpert\/#\/schema\/person\/image\/","url":"https:\/\/www.imobiliare.ro\/imoexpert\/wp-content\/uploads\/2026\/02\/12-02-2025-5-rezumat-brasov-thumb-reels-1-1-96x96.png","contentUrl":"https:\/\/www.imobiliare.ro\/imoexpert\/wp-content\/uploads\/2026\/02\/12-02-2025-5-rezumat-brasov-thumb-reels-1-1-96x96.png","caption":"Corina V\u00e2rlan"},"description":"Cu o experien\u021b\u0103 de 14 ani \u00een presa online, comunicare \u0219i content marketing, Corina V\u00e2rlan s-a al\u0103turat echipei Imobiliare.ro \u00een urm\u0103 cu 8 ani \u0219i ocup\u0103, \u00een prezent, func\u021bia de Content Manager. Ea este gazda emisiunii \"\u00centreab\u0103 expertul\" \u0219i a seriei 5 \u0218tiri Imobiliare.ro, realizate \u00een parteneriat cu Libertatea. Corina \u00ee\u0219i concentreaz\u0103 activitatea pe analiza datelor de pia\u021b\u0103 \u0219i pe subiecte de interes at\u00e2t pentru cei afla\u021bi \u00een c\u0103utarea unei locuin\u021be, c\u00e2t \u0219i pentru proprietari sau chiria\u0219i.","alternateName":"Corina","jobTitle":"Content Manager","url":"https:\/\/www.imobiliare.ro\/imoexpert\/author\/corina-varlan\/"}]}},"_links":{"self":[{"href":"https:\/\/www.imobiliare.ro\/imoexpert\/wp-json\/wp\/v2\/posts\/74271","targetHints":{"allow":["GET"]}}],"collection":[{"href":"https:\/\/www.imobiliare.ro\/imoexpert\/wp-json\/wp\/v2\/posts"}],"about":[{"href":"https:\/\/www.imobiliare.ro\/imoexpert\/wp-json\/wp\/v2\/types\/post"}],"author":[{"embeddable":true,"href":"https:\/\/www.imobiliare.ro\/imoexpert\/wp-json\/wp\/v2\/users\/5891"}],"replies":[{"embeddable":true,"href":"https:\/\/www.imobiliare.ro\/imoexpert\/wp-json\/wp\/v2\/comments?post=74271"}],"version-history":[{"count":0,"href":"https:\/\/www.imobiliare.ro\/imoexpert\/wp-json\/wp\/v2\/posts\/74271\/revisions"}],"wp:featuredmedia":[{"embeddable":true,"href":"https:\/\/www.imobiliare.ro\/imoexpert\/wp-json\/wp\/v2\/media\/74273"}],"wp:attachment":[{"href":"https:\/\/www.imobiliare.ro\/imoexpert\/wp-json\/wp\/v2\/media?parent=74271"}],"wp:term":[{"taxonomy":"category","embeddable":true,"href":"https:\/\/www.imobiliare.ro\/imoexpert\/wp-json\/wp\/v2\/categories?post=74271"},{"taxonomy":"post_tag","embeddable":true,"href":"https:\/\/www.imobiliare.ro\/imoexpert\/wp-json\/wp\/v2\/tags?post=74271"},{"taxonomy":"content_author","embeddable":true,"href":"https:\/\/www.imobiliare.ro\/imoexpert\/wp-json\/wp\/v2\/content_author?post=74271"}],"curies":[{"name":"wp","href":"https:\/\/api.w.org\/{rel}","templated":true}]}}