{"id":74306,"date":"2025-10-01T09:03:58","date_gmt":"2025-10-01T06:03:58","guid":{"rendered":"https:\/\/www.imobiliare.ro\/imoexpert\/?p=74306"},"modified":"2025-10-01T09:03:58","modified_gmt":"2025-10-01T06:03:58","slug":"achizitie-de-17-milioane-de-euro-la-sectorul-1-in-ce-va-fi-transformata-vila-de-patrimoniu-veche-de-130-de-ani","status":"publish","type":"post","link":"https:\/\/www.imobiliare.ro\/imoexpert\/achizitie-de-17-milioane-de-euro-la-sectorul-1-in-ce-va-fi-transformata-vila-de-patrimoniu-veche-de-130-de-ani_db\/","title":{"rendered":"Achizi\u021bie de 1,7 milioane de euro la Sectorul 1. \u00cen ce va fi transformat\u0103 vila de patrimoniu veche de 130 de ani"},"content":{"rendered":"\n<figure class=\"wp-block-image size-large\"><img loading=\"lazy\" decoding=\"async\" width=\"1200\" height=\"750\" src=\"https:\/\/www.imobiliare.ro\/imoexpert\/wp-content\/uploads\/2025\/10\/casa-petrescu-din-bucuresti-cumparata-de-primaria-sectorului-1-1200x750.jpg\" alt=\"\" class=\"wp-image-74307\" srcset=\"https:\/\/www.imobiliare.ro\/imoexpert\/wp-content\/uploads\/2025\/10\/casa-petrescu-din-bucuresti-cumparata-de-primaria-sectorului-1-1200x750.jpg 1200w, https:\/\/www.imobiliare.ro\/imoexpert\/wp-content\/uploads\/2025\/10\/casa-petrescu-din-bucuresti-cumparata-de-primaria-sectorului-1-770x481.jpg 770w, https:\/\/www.imobiliare.ro\/imoexpert\/wp-content\/uploads\/2025\/10\/casa-petrescu-din-bucuresti-cumparata-de-primaria-sectorului-1-390x244.jpg 390w, https:\/\/www.imobiliare.ro\/imoexpert\/wp-content\/uploads\/2025\/10\/casa-petrescu-din-bucuresti-cumparata-de-primaria-sectorului-1.jpg 1400w\" sizes=\"auto, (max-width: 1200px) 100vw, 1200px\" \/><\/figure>\n\n\n\n<p class=\"wp-block-paragraph\"><strong>&#8222;Casa Petrescu&#8221; aflat\u0103 pe Calea Grivi\u021bei, la nr. 115, \u00een apropiere de Pia\u021ba Victoriei, va fi cump\u0103rat\u0103 cu 1,7 milioane de euro, reabilitat\u0103 \u0219i transformat\u0103 \u00eentr-un spa\u021biu educa\u021bional \u0219i cultural multifunc\u021bional.<\/strong><\/p>\n\n\n\n<p class=\"wp-block-paragraph\">Consiliul Local al Sectorului 1 a aprobat cump\u0103rarea cl\u0103dirii istorice, iar suma necesar\u0103 achizi\u021biei va fi asigurat\u0103 de la bugetul local. Proprietatea dispune de o construc\u021bie cu o suprafa\u021b\u0103 de aproape 500 mp \u0219i de un teren de peste 600 mp.<\/p>\n\n\n\n<p class=\"wp-block-paragraph\">&#8222;Conform evaluatorului acreditat de Asocia\u021bia Na\u021bional\u0103 a Evaluatorilor Autoriza\u021bi din Rom\u00e2nia, imobilul are o valoare de pia\u021b\u0103 de peste 2,1 milioane euro&#8221;, explic\u0103 reprezentan\u021bii prim\u0103riei.<\/p>\n\n\n\n<p class=\"wp-block-paragraph\">&#8222;Casa Petrescu&#8221; a fost construit\u0103 \u00een anul 1895 de negustorul Dimitrie Petrescu \u0219i reprezint\u0103 un reper al patrimoniului urban al Capitalei. De-a lungul timpului, a g\u0103zduit diferite activit\u0103\u021bi comerciale, iar \u00een perioada comunist\u0103 a func\u021bionat aici o alimentar\u0103 \u0219i o circ\u0103 financiar\u0103. \u00cen anul 2021, cl\u0103direa a fost redob\u00e2ndit\u0103 de mo\u0219tenitorii proprietarilor ini\u021biali, conform prevederilor Legii 10\/2001.<\/p>\n\n\n\n<p class=\"wp-block-paragraph\">&#8222;Prin aceast\u0103 achizi\u021bie, Sectorul 1 \u00ee\u0219i propune protejarea \u0219i valorificarea patrimoniului \u0219i repunerea cl\u0103dirilor istorice \u00een circuitul public&#8221;, se mai men\u021bioneaz\u0103 \u00eentr-un comunicat emis de prim\u0103rie.<\/p>\n","protected":false},"excerpt":{"rendered":"<p>&#8222;Casa Petrescu&#8221; aflat\u0103 pe Calea Grivi\u021bei, la nr. 115, \u00een apropiere de Pia\u021ba Victoriei, va fi cump\u0103rat\u0103 cu 1,7 milioane de euro, reabilitat\u0103 \u0219i transformat\u0103 \u00eentr-un spa\u021biu educa\u021bional \u0219i cultural multifunc\u021bional. Consiliul Local al Sectorului 1 a aprobat cump\u0103rarea cl\u0103dirii istorice, iar suma necesar\u0103 achizi\u021biei va fi asigurat\u0103 de la bugetul local. Proprietatea dispune de [&hellip;]<\/p>\n","protected":false},"author":5891,"featured_media":74307,"comment_status":"open","ping_status":"open","sticky":true,"template":"","format":"standard","meta":{"footnotes":""},"categories":[259],"tags":[694,2425,986,517],"content_author":[],"class_list":["post-74306","post","type-post","status-publish","format-standard","has-post-thumbnail","category-stiri","tag-patrimoniu","tag-sector-1","tag-vila","tag-vile-istorice"],"yoast_head":"<!-- This site is optimized with the Yoast SEO plugin v28.4 - https:\/\/yoast.com\/product\/yoast-seo-wordpress\/ -->\n<title>Achizi\u021bie de 1,7 milioane de euro la Sectorul 1. \u00cen ce va fi transformat\u0103 vila de patrimoniu veche de 130 de ani - \u0218tiri - ImoExpert<\/title>\n<meta name=\"description\" content=\"&quot;Casa Petrescu&quot; aflat\u0103 pe Calea Grivi\u021bei, la nr. 115, \u00een apropiere de Pia\u021ba Victoriei, va fi cump\u0103rat\u0103 cu 1,7 milioane de euro, reabilitat\u0103 \u0219i\" \/>\n<meta name=\"robots\" content=\"index, follow\" \/>\n<link rel=\"canonical\" href=\"https:\/\/www.imobiliare.ro\/imoexpert\/achizitie-de-17-milioane-de-euro-la-sectorul-1-in-ce-va-fi-transformata-vila-de-patrimoniu-veche-de-130-de-ani_db\/\" \/>\n<meta property=\"og:locale\" content=\"ro_RO\" \/>\n<meta property=\"og:type\" content=\"article\" \/>\n<meta property=\"og:title\" content=\"Achizi\u021bie de 1,7 milioane de euro la Sectorul 1. \u00cen ce va fi transformat\u0103 vila de patrimoniu veche de 130 de ani - \u0218tiri - ImoExpert\" \/>\n<meta property=\"og:description\" content=\"&quot;Casa Petrescu&quot; aflat\u0103 pe Calea Grivi\u021bei, la nr. 115, \u00een apropiere de Pia\u021ba Victoriei, va fi cump\u0103rat\u0103 cu 1,7 milioane de euro, reabilitat\u0103 \u0219i\" \/>\n<meta property=\"og:url\" content=\"https:\/\/www.imobiliare.ro\/imoexpert\/achizitie-de-17-milioane-de-euro-la-sectorul-1-in-ce-va-fi-transformata-vila-de-patrimoniu-veche-de-130-de-ani_db\/\" \/>\n<meta property=\"og:site_name\" content=\"Imobiliare.ro\" \/>\n<meta property=\"article:published_time\" content=\"2025-10-01T06:03:58+00:00\" \/>\n<meta property=\"og:image\" content=\"https:\/\/www.imobiliare.ro\/imoexpert\/wp-content\/uploads\/og-cache\/casa-petrescu-din-bucuresti-cumparata-de-primaria-sectorului-1-1200x675-bfb30f62-branded.jpg?v=12\" \/>\n\t<meta property=\"og:image:width\" content=\"1400\" \/>\n\t<meta property=\"og:image:height\" content=\"875\" \/>\n\t<meta property=\"og:image:type\" content=\"image\/jpeg\" \/>\n<meta name=\"author\" content=\"Corina V\u00e2rlan\" \/>\n<meta name=\"twitter:card\" content=\"summary_large_image\" \/>\n<meta name=\"twitter:site\" content=\"@wwwImobiliareRo\" \/>\n<meta name=\"twitter:label1\" content=\"Written by\" \/>\n\t<meta name=\"twitter:data1\" content=\"Corina V\u00e2rlan\" \/>\n\t<meta name=\"twitter:label2\" content=\"Est. reading time\" \/>\n\t<meta name=\"twitter:data2\" content=\"1 minut\" \/>\n<script type=\"application\/ld+json\" class=\"yoast-schema-graph\">{\"@context\":\"https:\\\/\\\/schema.org\",\"@graph\":[{\"@type\":\"Article\",\"@id\":\"https:\\\/\\\/www.imobiliare.ro\\\/imoexpert\\\/achizitie-de-17-milioane-de-euro-la-sectorul-1-in-ce-va-fi-transformata-vila-de-patrimoniu-veche-de-130-de-ani_db\\\/#article\",\"isPartOf\":{\"@id\":\"https:\\\/\\\/www.imobiliare.ro\\\/imoexpert\\\/achizitie-de-17-milioane-de-euro-la-sectorul-1-in-ce-va-fi-transformata-vila-de-patrimoniu-veche-de-130-de-ani_db\\\/\"},\"author\":{\"name\":\"Corina V\u00e2rlan\",\"@id\":\"https:\\\/\\\/www.imobiliare.ro\\\/imoexpert\\\/#\\\/schema\\\/person\\\/9ffdfbf24b82f39fc75a2fc6c19e4e99\"},\"headline\":\"Achizi\u021bie de 1,7 milioane de euro la Sectorul 1. \u00cen ce va fi transformat\u0103 vila de patrimoniu veche de 130 de ani\",\"datePublished\":\"2025-10-01T06:03:58+00:00\",\"mainEntityOfPage\":{\"@id\":\"https:\\\/\\\/www.imobiliare.ro\\\/imoexpert\\\/achizitie-de-17-milioane-de-euro-la-sectorul-1-in-ce-va-fi-transformata-vila-de-patrimoniu-veche-de-130-de-ani_db\\\/\"},\"wordCount\":217,\"publisher\":{\"@id\":\"https:\\\/\\\/www.imobiliare.ro\\\/imoexpert\\\/#organization\"},\"image\":{\"@id\":\"https:\\\/\\\/www.imobiliare.ro\\\/imoexpert\\\/achizitie-de-17-milioane-de-euro-la-sectorul-1-in-ce-va-fi-transformata-vila-de-patrimoniu-veche-de-130-de-ani_db\\\/#primaryimage\"},\"thumbnailUrl\":\"https:\\\/\\\/www.imobiliare.ro\\\/imoexpert\\\/wp-content\\\/uploads\\\/2025\\\/10\\\/casa-petrescu-din-bucuresti-cumparata-de-primaria-sectorului-1.jpg\",\"articleSection\":[\"\u0218tiri\"],\"inLanguage\":\"en\",\"potentialAction\":[{\"@type\":\"CommentAction\",\"name\":\"Comment\",\"target\":[\"https:\\\/\\\/www.imobiliare.ro\\\/imoexpert\\\/achizitie-de-17-milioane-de-euro-la-sectorul-1-in-ce-va-fi-transformata-vila-de-patrimoniu-veche-de-130-de-ani_db\\\/#respond\"]}]},{\"@type\":\"WebPage\",\"@id\":\"https:\\\/\\\/www.imobiliare.ro\\\/imoexpert\\\/achizitie-de-17-milioane-de-euro-la-sectorul-1-in-ce-va-fi-transformata-vila-de-patrimoniu-veche-de-130-de-ani_db\\\/\",\"url\":\"https:\\\/\\\/www.imobiliare.ro\\\/imoexpert\\\/achizitie-de-17-milioane-de-euro-la-sectorul-1-in-ce-va-fi-transformata-vila-de-patrimoniu-veche-de-130-de-ani_db\\\/\",\"name\":\"Achizi\u021bie de 1,7 milioane de euro la Sectorul 1. \u00cen ce va fi transformat\u0103 vila de patrimoniu veche de 130 de ani - \u0218tiri - ImoExpert\",\"isPartOf\":{\"@id\":\"https:\\\/\\\/www.imobiliare.ro\\\/imoexpert\\\/#website\"},\"primaryImageOfPage\":{\"@id\":\"https:\\\/\\\/www.imobiliare.ro\\\/imoexpert\\\/achizitie-de-17-milioane-de-euro-la-sectorul-1-in-ce-va-fi-transformata-vila-de-patrimoniu-veche-de-130-de-ani_db\\\/#primaryimage\"},\"image\":{\"@id\":\"https:\\\/\\\/www.imobiliare.ro\\\/imoexpert\\\/achizitie-de-17-milioane-de-euro-la-sectorul-1-in-ce-va-fi-transformata-vila-de-patrimoniu-veche-de-130-de-ani_db\\\/#primaryimage\"},\"thumbnailUrl\":\"https:\\\/\\\/www.imobiliare.ro\\\/imoexpert\\\/wp-content\\\/uploads\\\/2025\\\/10\\\/casa-petrescu-din-bucuresti-cumparata-de-primaria-sectorului-1.jpg\",\"datePublished\":\"2025-10-01T06:03:58+00:00\",\"description\":\"\\\"Casa Petrescu\\\" aflat\u0103 pe Calea Grivi\u021bei, la nr. 115, \u00een apropiere de Pia\u021ba Victoriei, va fi cump\u0103rat\u0103 cu 1,7 milioane de euro, reabilitat\u0103 \u0219i\",\"breadcrumb\":{\"@id\":\"https:\\\/\\\/www.imobiliare.ro\\\/imoexpert\\\/achizitie-de-17-milioane-de-euro-la-sectorul-1-in-ce-va-fi-transformata-vila-de-patrimoniu-veche-de-130-de-ani_db\\\/#breadcrumb\"},\"inLanguage\":\"en\",\"potentialAction\":[{\"@type\":\"ReadAction\",\"target\":[\"https:\\\/\\\/www.imobiliare.ro\\\/imoexpert\\\/achizitie-de-17-milioane-de-euro-la-sectorul-1-in-ce-va-fi-transformata-vila-de-patrimoniu-veche-de-130-de-ani_db\\\/\"]}]},{\"@type\":\"ImageObject\",\"inLanguage\":\"en\",\"@id\":\"https:\\\/\\\/www.imobiliare.ro\\\/imoexpert\\\/achizitie-de-17-milioane-de-euro-la-sectorul-1-in-ce-va-fi-transformata-vila-de-patrimoniu-veche-de-130-de-ani_db\\\/#primaryimage\",\"url\":\"https:\\\/\\\/www.imobiliare.ro\\\/imoexpert\\\/wp-content\\\/uploads\\\/2025\\\/10\\\/casa-petrescu-din-bucuresti-cumparata-de-primaria-sectorului-1.jpg\",\"contentUrl\":\"https:\\\/\\\/www.imobiliare.ro\\\/imoexpert\\\/wp-content\\\/uploads\\\/2025\\\/10\\\/casa-petrescu-din-bucuresti-cumparata-de-primaria-sectorului-1.jpg\",\"width\":1400,\"height\":875},{\"@type\":\"BreadcrumbList\",\"@id\":\"https:\\\/\\\/www.imobiliare.ro\\\/imoexpert\\\/achizitie-de-17-milioane-de-euro-la-sectorul-1-in-ce-va-fi-transformata-vila-de-patrimoniu-veche-de-130-de-ani_db\\\/#breadcrumb\",\"itemListElement\":[{\"@type\":\"ListItem\",\"position\":1,\"name\":\"Imoradar24\",\"item\":\"https:\\\/\\\/www.imoradar24.ro\"},{\"@type\":\"ListItem\",\"position\":2,\"name\":\"ImoExpert\",\"item\":\"https:\\\/\\\/www.imobiliare.ro\\\/imoexpert\\\/\"},{\"@type\":\"ListItem\",\"position\":3,\"name\":\"\u0218tiri\",\"item\":\"https:\\\/\\\/www.imobiliare.ro\\\/imoexpert\\\/stiri\\\/\"},{\"@type\":\"ListItem\",\"position\":4,\"name\":\"Achizi\u021bie de 1,7 milioane de euro la Sectorul 1. \u00cen ce va fi transformat\u0103 vila de patrimoniu veche de 130 de ani\"}]},{\"@type\":\"WebSite\",\"@id\":\"https:\\\/\\\/www.imobiliare.ro\\\/imoexpert\\\/#website\",\"url\":\"https:\\\/\\\/www.imobiliare.ro\\\/imoexpert\\\/\",\"name\":\"ImoExpert\",\"description\":\"cele mai importante \u015ftiri din domeniul imobiliar\",\"publisher\":{\"@id\":\"https:\\\/\\\/www.imobiliare.ro\\\/imoexpert\\\/#organization\"},\"inLanguage\":\"en\"},{\"@type\":\"Organization\",\"@id\":\"https:\\\/\\\/www.imobiliare.ro\\\/imoexpert\\\/#organization\",\"name\":\"Imobiliare.ro\",\"alternateName\":\"Realmedia Network SA\",\"url\":\"https:\\\/\\\/www.imobiliare.ro\\\/imoexpert\\\/\",\"logo\":{\"@type\":\"ImageObject\",\"inLanguage\":\"en\",\"@id\":\"https:\\\/\\\/www.imobiliare.ro\\\/imoexpert\\\/#\\\/schema\\\/logo\\\/image\\\/\",\"url\":\"https:\\\/\\\/www.imobiliare.ro\\\/imoexpert\\\/wp-content\\\/uploads\\\/2025\\\/05\\\/imobiliare_logo.png\",\"contentUrl\":\"https:\\\/\\\/www.imobiliare.ro\\\/imoexpert\\\/wp-content\\\/uploads\\\/2025\\\/05\\\/imobiliare_logo.png\",\"width\":237,\"height\":29,\"caption\":\"Imobiliare.ro\"},\"image\":{\"@id\":\"https:\\\/\\\/www.imobiliare.ro\\\/imoexpert\\\/#\\\/schema\\\/logo\\\/image\\\/\"}},{\"@type\":\"Person\",\"@id\":\"https:\\\/\\\/www.imobiliare.ro\\\/imoexpert\\\/#\\\/schema\\\/person\\\/9ffdfbf24b82f39fc75a2fc6c19e4e99\",\"name\":\"Corina V\u00e2rlan\",\"image\":{\"@type\":\"ImageObject\",\"inLanguage\":\"en\",\"@id\":\"https:\\\/\\\/www.imobiliare.ro\\\/imoexpert\\\/wp-content\\\/uploads\\\/2026\\\/02\\\/12-02-2025-5-rezumat-brasov-thumb-reels-1-1-96x96.png\",\"url\":\"https:\\\/\\\/www.imobiliare.ro\\\/imoexpert\\\/wp-content\\\/uploads\\\/2026\\\/02\\\/12-02-2025-5-rezumat-brasov-thumb-reels-1-1-96x96.png\",\"contentUrl\":\"https:\\\/\\\/www.imobiliare.ro\\\/imoexpert\\\/wp-content\\\/uploads\\\/2026\\\/02\\\/12-02-2025-5-rezumat-brasov-thumb-reels-1-1-96x96.png\",\"caption\":\"Corina V\u00e2rlan\"},\"description\":\"Corina V\u00e2rlan is a Content Marketing Manager at Imobiliare.ro\",\"alternateName\":\"Corina\",\"jobTitle\":\"Content Marketing Manager\",\"url\":\"https:\\\/\\\/www.imobiliare.ro\\\/imoexpert\\\/author\\\/corina-varlan\\\/\"}]}<\/script>\n<!-- \/ Yoast SEO plugin. -->","yoast_head_json":{"title":"Achizi\u021bie de 1,7 milioane de euro la Sectorul 1. \u00cen ce va fi transformat\u0103 vila de patrimoniu veche de 130 de ani - \u0218tiri - ImoExpert","description":"\"Casa Petrescu\" aflat\u0103 pe Calea Grivi\u021bei, la nr. 115, \u00een apropiere de Pia\u021ba Victoriei, va fi cump\u0103rat\u0103 cu 1,7 milioane de euro, reabilitat\u0103 \u0219i","robots":{"index":"index","follow":"follow"},"canonical":"https:\/\/www.imobiliare.ro\/imoexpert\/achizitie-de-17-milioane-de-euro-la-sectorul-1-in-ce-va-fi-transformata-vila-de-patrimoniu-veche-de-130-de-ani_db\/","og_locale":"ro_RO","og_type":"article","og_title":"Achizi\u021bie de 1,7 milioane de euro la Sectorul 1. \u00cen ce va fi transformat\u0103 vila de patrimoniu veche de 130 de ani - \u0218tiri - ImoExpert","og_description":"\"Casa Petrescu\" aflat\u0103 pe Calea Grivi\u021bei, la nr. 115, \u00een apropiere de Pia\u021ba Victoriei, va fi cump\u0103rat\u0103 cu 1,7 milioane de euro, reabilitat\u0103 \u0219i","og_url":"https:\/\/www.imobiliare.ro\/imoexpert\/achizitie-de-17-milioane-de-euro-la-sectorul-1-in-ce-va-fi-transformata-vila-de-patrimoniu-veche-de-130-de-ani_db\/","og_site_name":"Imobiliare.ro","article_published_time":"2025-10-01T06:03:58+00:00","og_image":[{"width":1400,"height":875,"url":"https:\/\/www.imobiliare.ro\/imoexpert\/wp-content\/uploads\/og-cache\/casa-petrescu-din-bucuresti-cumparata-de-primaria-sectorului-1-1200x675-bfb30f62-branded.jpg?v=12","type":"image\/jpeg"}],"author":"Corina V\u00e2rlan","twitter_card":"summary_large_image","twitter_site":"@wwwImobiliareRo","twitter_misc":{"Written by":"Corina V\u00e2rlan","Est. reading time":"1 minut"},"schema":{"@context":"https:\/\/schema.org","@graph":[{"@type":"Article","@id":"https:\/\/www.imobiliare.ro\/imoexpert\/achizitie-de-17-milioane-de-euro-la-sectorul-1-in-ce-va-fi-transformata-vila-de-patrimoniu-veche-de-130-de-ani_db\/#article","isPartOf":{"@id":"https:\/\/www.imobiliare.ro\/imoexpert\/achizitie-de-17-milioane-de-euro-la-sectorul-1-in-ce-va-fi-transformata-vila-de-patrimoniu-veche-de-130-de-ani_db\/"},"author":{"name":"Corina V\u00e2rlan","@id":"https:\/\/www.imobiliare.ro\/imoexpert\/#\/schema\/person\/9ffdfbf24b82f39fc75a2fc6c19e4e99"},"headline":"Achizi\u021bie de 1,7 milioane de euro la Sectorul 1. \u00cen ce va fi transformat\u0103 vila de patrimoniu veche de 130 de ani","datePublished":"2025-10-01T06:03:58+00:00","mainEntityOfPage":{"@id":"https:\/\/www.imobiliare.ro\/imoexpert\/achizitie-de-17-milioane-de-euro-la-sectorul-1-in-ce-va-fi-transformata-vila-de-patrimoniu-veche-de-130-de-ani_db\/"},"wordCount":217,"publisher":{"@id":"https:\/\/www.imobiliare.ro\/imoexpert\/#organization"},"image":{"@id":"https:\/\/www.imobiliare.ro\/imoexpert\/achizitie-de-17-milioane-de-euro-la-sectorul-1-in-ce-va-fi-transformata-vila-de-patrimoniu-veche-de-130-de-ani_db\/#primaryimage"},"thumbnailUrl":"https:\/\/www.imobiliare.ro\/imoexpert\/wp-content\/uploads\/2025\/10\/casa-petrescu-din-bucuresti-cumparata-de-primaria-sectorului-1.jpg","articleSection":["\u0218tiri"],"inLanguage":"en","potentialAction":[{"@type":"CommentAction","name":"Comment","target":["https:\/\/www.imobiliare.ro\/imoexpert\/achizitie-de-17-milioane-de-euro-la-sectorul-1-in-ce-va-fi-transformata-vila-de-patrimoniu-veche-de-130-de-ani_db\/#respond"]}]},{"@type":"WebPage","@id":"https:\/\/www.imobiliare.ro\/imoexpert\/achizitie-de-17-milioane-de-euro-la-sectorul-1-in-ce-va-fi-transformata-vila-de-patrimoniu-veche-de-130-de-ani_db\/","url":"https:\/\/www.imobiliare.ro\/imoexpert\/achizitie-de-17-milioane-de-euro-la-sectorul-1-in-ce-va-fi-transformata-vila-de-patrimoniu-veche-de-130-de-ani_db\/","name":"Achizi\u021bie de 1,7 milioane de euro la Sectorul 1. \u00cen ce va fi transformat\u0103 vila de patrimoniu veche de 130 de ani - \u0218tiri - ImoExpert","isPartOf":{"@id":"https:\/\/www.imobiliare.ro\/imoexpert\/#website"},"primaryImageOfPage":{"@id":"https:\/\/www.imobiliare.ro\/imoexpert\/achizitie-de-17-milioane-de-euro-la-sectorul-1-in-ce-va-fi-transformata-vila-de-patrimoniu-veche-de-130-de-ani_db\/#primaryimage"},"image":{"@id":"https:\/\/www.imobiliare.ro\/imoexpert\/achizitie-de-17-milioane-de-euro-la-sectorul-1-in-ce-va-fi-transformata-vila-de-patrimoniu-veche-de-130-de-ani_db\/#primaryimage"},"thumbnailUrl":"https:\/\/www.imobiliare.ro\/imoexpert\/wp-content\/uploads\/2025\/10\/casa-petrescu-din-bucuresti-cumparata-de-primaria-sectorului-1.jpg","datePublished":"2025-10-01T06:03:58+00:00","description":"\"Casa Petrescu\" aflat\u0103 pe Calea Grivi\u021bei, la nr. 115, \u00een apropiere de Pia\u021ba Victoriei, va fi cump\u0103rat\u0103 cu 1,7 milioane de euro, reabilitat\u0103 \u0219i","breadcrumb":{"@id":"https:\/\/www.imobiliare.ro\/imoexpert\/achizitie-de-17-milioane-de-euro-la-sectorul-1-in-ce-va-fi-transformata-vila-de-patrimoniu-veche-de-130-de-ani_db\/#breadcrumb"},"inLanguage":"en","potentialAction":[{"@type":"ReadAction","target":["https:\/\/www.imobiliare.ro\/imoexpert\/achizitie-de-17-milioane-de-euro-la-sectorul-1-in-ce-va-fi-transformata-vila-de-patrimoniu-veche-de-130-de-ani_db\/"]}]},{"@type":"ImageObject","inLanguage":"en","@id":"https:\/\/www.imobiliare.ro\/imoexpert\/achizitie-de-17-milioane-de-euro-la-sectorul-1-in-ce-va-fi-transformata-vila-de-patrimoniu-veche-de-130-de-ani_db\/#primaryimage","url":"https:\/\/www.imobiliare.ro\/imoexpert\/wp-content\/uploads\/2025\/10\/casa-petrescu-din-bucuresti-cumparata-de-primaria-sectorului-1.jpg","contentUrl":"https:\/\/www.imobiliare.ro\/imoexpert\/wp-content\/uploads\/2025\/10\/casa-petrescu-din-bucuresti-cumparata-de-primaria-sectorului-1.jpg","width":1400,"height":875},{"@type":"BreadcrumbList","@id":"https:\/\/www.imobiliare.ro\/imoexpert\/achizitie-de-17-milioane-de-euro-la-sectorul-1-in-ce-va-fi-transformata-vila-de-patrimoniu-veche-de-130-de-ani_db\/#breadcrumb","itemListElement":[{"@type":"ListItem","position":1,"name":"Imoradar24","item":"https:\/\/www.imoradar24.ro"},{"@type":"ListItem","position":2,"name":"ImoExpert","item":"https:\/\/www.imobiliare.ro\/imoexpert\/"},{"@type":"ListItem","position":3,"name":"\u0218tiri","item":"https:\/\/www.imobiliare.ro\/imoexpert\/stiri\/"},{"@type":"ListItem","position":4,"name":"Achizi\u021bie de 1,7 milioane de euro la Sectorul 1. \u00cen ce va fi transformat\u0103 vila de patrimoniu veche de 130 de ani"}]},{"@type":"WebSite","@id":"https:\/\/www.imobiliare.ro\/imoexpert\/#website","url":"https:\/\/www.imobiliare.ro\/imoexpert\/","name":"ImoExpert","description":"cele mai importante \u015ftiri din domeniul imobiliar","publisher":{"@id":"https:\/\/www.imobiliare.ro\/imoexpert\/#organization"},"inLanguage":"en"},{"@type":"Organization","@id":"https:\/\/www.imobiliare.ro\/imoexpert\/#organization","name":"Imobiliare.ro","alternateName":"Realmedia Network SA","url":"https:\/\/www.imobiliare.ro\/imoexpert\/","logo":{"@type":"ImageObject","inLanguage":"en","@id":"https:\/\/www.imobiliare.ro\/imoexpert\/#\/schema\/logo\/image\/","url":"https:\/\/www.imobiliare.ro\/imoexpert\/wp-content\/uploads\/2025\/05\/imobiliare_logo.png","contentUrl":"https:\/\/www.imobiliare.ro\/imoexpert\/wp-content\/uploads\/2025\/05\/imobiliare_logo.png","width":237,"height":29,"caption":"Imobiliare.ro"},"image":{"@id":"https:\/\/www.imobiliare.ro\/imoexpert\/#\/schema\/logo\/image\/"}},{"@type":"Person","@id":"https:\/\/www.imobiliare.ro\/imoexpert\/#\/schema\/person\/9ffdfbf24b82f39fc75a2fc6c19e4e99","name":"Corina V\u00e2rlan","image":{"@type":"ImageObject","inLanguage":"en","@id":"https:\/\/www.imobiliare.ro\/imoexpert\/wp-content\/uploads\/2026\/02\/12-02-2025-5-rezumat-brasov-thumb-reels-1-1-96x96.png","url":"https:\/\/www.imobiliare.ro\/imoexpert\/wp-content\/uploads\/2026\/02\/12-02-2025-5-rezumat-brasov-thumb-reels-1-1-96x96.png","contentUrl":"https:\/\/www.imobiliare.ro\/imoexpert\/wp-content\/uploads\/2026\/02\/12-02-2025-5-rezumat-brasov-thumb-reels-1-1-96x96.png","caption":"Corina V\u00e2rlan"},"description":"Corina V\u00e2rlan is a Content Marketing Manager at Imobiliare.ro","alternateName":"Corina","jobTitle":"Content Marketing Manager","url":"https:\/\/www.imobiliare.ro\/imoexpert\/author\/corina-varlan\/"}]}},"_links":{"self":[{"href":"https:\/\/www.imobiliare.ro\/imoexpert\/wp-json\/wp\/v2\/posts\/74306","targetHints":{"allow":["GET"]}}],"collection":[{"href":"https:\/\/www.imobiliare.ro\/imoexpert\/wp-json\/wp\/v2\/posts"}],"about":[{"href":"https:\/\/www.imobiliare.ro\/imoexpert\/wp-json\/wp\/v2\/types\/post"}],"author":[{"embeddable":true,"href":"https:\/\/www.imobiliare.ro\/imoexpert\/wp-json\/wp\/v2\/users\/5891"}],"replies":[{"embeddable":true,"href":"https:\/\/www.imobiliare.ro\/imoexpert\/wp-json\/wp\/v2\/comments?post=74306"}],"version-history":[{"count":0,"href":"https:\/\/www.imobiliare.ro\/imoexpert\/wp-json\/wp\/v2\/posts\/74306\/revisions"}],"wp:featuredmedia":[{"embeddable":true,"href":"https:\/\/www.imobiliare.ro\/imoexpert\/wp-json\/wp\/v2\/media\/74307"}],"wp:attachment":[{"href":"https:\/\/www.imobiliare.ro\/imoexpert\/wp-json\/wp\/v2\/media?parent=74306"}],"wp:term":[{"taxonomy":"category","embeddable":true,"href":"https:\/\/www.imobiliare.ro\/imoexpert\/wp-json\/wp\/v2\/categories?post=74306"},{"taxonomy":"post_tag","embeddable":true,"href":"https:\/\/www.imobiliare.ro\/imoexpert\/wp-json\/wp\/v2\/tags?post=74306"},{"taxonomy":"content_author","embeddable":true,"href":"https:\/\/www.imobiliare.ro\/imoexpert\/wp-json\/wp\/v2\/content_author?post=74306"}],"curies":[{"name":"wp","href":"https:\/\/api.w.org\/{rel}","templated":true}]}}