{"id":74673,"date":"2025-11-17T10:48:55","date_gmt":"2025-11-17T08:48:55","guid":{"rendered":"https:\/\/www.imobiliare.ro\/imoexpert\/?p=74673"},"modified":"2025-11-17T10:52:14","modified_gmt":"2025-11-17T08:52:14","slug":"dupa-doua-decenii-unul-dintre-cele-mai-mari-cartiere-noi-din-estul-capitalei-este-aproape-finalizat-ultimul-bloc-adauga-peste-170-de-apartamente","status":"publish","type":"post","link":"https:\/\/www.imobiliare.ro\/imoexpert\/dupa-doua-decenii-unul-dintre-cele-mai-mari-cartiere-noi-din-estul-capitalei-este-aproape-finalizat-ultimul-bloc-adauga-peste-170-de-apartamente_db\/","title":{"rendered":"Dup\u0103 dou\u0103 decenii, unul dintre cele mai mari cartiere noi din estul Capitalei este aproape finalizat. Ultimul bloc adaug\u0103 peste 170 de apartamente"},"content":{"rendered":"\n<figure class=\"wp-block-image size-full\"><img loading=\"lazy\" decoding=\"async\" width=\"1200\" height=\"600\" src=\"https:\/\/www.imobiliare.ro\/imoexpert\/wp-content\/uploads\/2025\/11\/proiectul-vivenda-residencias-intra-in-ultima-faza-de-dezvoltare.jpg\" alt=\"\" class=\"wp-image-74674\" srcset=\"https:\/\/www.imobiliare.ro\/imoexpert\/wp-content\/uploads\/2025\/11\/proiectul-vivenda-residencias-intra-in-ultima-faza-de-dezvoltare.jpg 1200w, https:\/\/www.imobiliare.ro\/imoexpert\/wp-content\/uploads\/2025\/11\/proiectul-vivenda-residencias-intra-in-ultima-faza-de-dezvoltare-770x385.jpg 770w, https:\/\/www.imobiliare.ro\/imoexpert\/wp-content\/uploads\/2025\/11\/proiectul-vivenda-residencias-intra-in-ultima-faza-de-dezvoltare-390x195.jpg 390w\" sizes=\"auto, (max-width: 1200px) 100vw, 1200px\" \/><\/figure>\n\n\n\n<p><strong>Dup\u0103 18 ani&nbsp;de lucr\u0103ri, una dintre dezvolt\u0103rile reziden\u021biale din estul Bucure\u0219tiului se apropie de final. Noul imobil, aflat \u00een construc\u021bie \u00een prezent, reprezint\u0103 ultima etap\u0103 a unui amplu proces de reconversie a unei foste zone industriale \u00eentr-un cartier reziden\u021bial modern, cu peste 1.400 de apartamente.<\/strong><\/p>\n\n\n\n<p>Noua cl\u0103dire este programat\u0103 s\u0103 fie gata \u00een urm\u0103torii doi ani, iar o parte dintre apartamente au fost deja scoase la v\u00e2nzare.<\/p>\n\n\n\n<p>\u201ePoten\u021bialii cump\u0103r\u0103tori sunt mai pruden\u021bi, \u00eens\u0103 interesul pentru locuin\u021be bine construite, eficiente energetic \u0219i amplasate strategic r\u0103m\u00e2ne constant. Prin dezvoltarea mai multor proiecte \u00een acela\u0219i timp, ne adapt\u0103m condi\u021biilor actuale de pia\u021b\u0103, ne men\u021binem focusul pe calitate \u0219i anticip\u0103m direc\u021bia spre care se \u00eendreapt\u0103 cererea\u201d, a declarat Romeo Ghica, manager de opera\u021biuni al dezvoltatorului imobiliar.<\/p>\n\n\n\n<p>Construc\u021bia va fi echipat\u0103 cu sistem centralizat de \u00eenc\u0103lzire la nivelul blocului, conectat la instala\u021bii prin pardoseal\u0103, precum \u0219i cu parcare integral subteran\u0103, spa\u021bii verzi \u0219i locuri de joac\u0103.<\/p>\n\n\n\n<p>Dup\u0103 finalizarea lucr\u0103rilor, \u00een zon\u0103 este planificat\u0103 o nou\u0103 etap\u0103 de dezvoltare, care va aduce pe pia\u021b\u0103 un proiect destinat segmentului premium, cu <a class=\"article-body-links\"href=\"https:\/\/www.imobiliare.ro\/imoexpert\/incep-lucrarile-pentru-un-nou-proiect-rezidential-din-capitala-apartamentele-contractate-deja-in-proportie-de-20_db\/\" target=\"_blank\" rel=\"noreferrer noopener\">aproximativ 100 de apartamente<\/a> \u0219i zone verzi extinse.<\/p>\n\n\n\n<p>Proiectul de regenerare este dezvoltat de compania Hercesa Rom\u00e2nia, parte a grupului spaniol Hercesa, activ pe pia\u021ba imobiliar\u0103 din Rom\u00e2nia din 2004. Ultima cl\u0103dire face parte din ansamblul <a class=\"article-body-links\"href=\"https:\/\/www.imobiliare.ro\/ansamblu-rezidential\/vivenda-residencias-titan\" target=\"_blank\" rel=\"noreferrer noopener\">Vivenda Residencias<\/a>, iar noul proiect aflat \u00een construc\u021bie, <a class=\"article-body-links\"href=\"https:\/\/www.imobiliare.ro\/ansamblu-rezidential\/vivenda-prime-titan\" target=\"_blank\" rel=\"noreferrer noopener\">Vivenda Prime<\/a>, marcheaz\u0103 \u00eenceputul unei noi etape \u00een activitatea companiei pe pia\u021ba local\u0103. Hercesa de\u021bine \u0219i alte proiecte \u00een Bucure\u0219ti, inclusiv <a class=\"article-body-links\"href=\"https:\/\/www.imobiliare.ro\/ansamblu-rezidential\/stellaris-residencias-drumul-taberei\" target=\"_blank\" rel=\"noreferrer noopener\">Stellaris Residencias<\/a>. <\/p>\n","protected":false},"excerpt":{"rendered":"<p>Un proiect amplu de reconversie urban\u0103 din Capital\u0103 intr\u0103 \u00een ultima etap\u0103 de dezvoltare.<\/p>\n","protected":false},"author":821,"featured_media":74674,"comment_status":"open","ping_status":"open","sticky":false,"template":"","format":"standard","meta":{"footnotes":""},"categories":[259],"tags":[586,348,2210,2370,2368],"content_author":[],"class_list":["post-74673","post","type-post","status-publish","format-standard","has-post-thumbnail","hentry","category-stiri","tag-apartamente-bucuresti","tag-apartamente-noi","tag-hercesa","tag-regenerare-urbana","tag-vivenda-prime"],"yoast_head":"<!-- This site is optimized with the Yoast SEO Premium plugin v27.0 (Yoast SEO v27.0) - https:\/\/yoast.com\/product\/yoast-seo-premium-wordpress\/ -->\n<title>Dup\u0103 dou\u0103 decenii, unul dintre cele mai mari cartiere noi din estul Capitalei este aproape finalizat. Ultimul bloc adaug\u0103 peste 170 de apartamente - \u0218tiri - ImoExpert<\/title>\n<meta name=\"description\" content=\"Un proiect amplu de reconversie urban\u0103 din Capital\u0103 intr\u0103 \u00een ultima etap\u0103 de dezvoltare.\" \/>\n<meta name=\"robots\" content=\"index, follow\" \/>\n<link rel=\"canonical\" href=\"https:\/\/www.imobiliare.ro\/imoexpert\/dupa-doua-decenii-unul-dintre-cele-mai-mari-cartiere-noi-din-estul-capitalei-este-aproape-finalizat-ultimul-bloc-adauga-peste-170-de-apartamente_db\/\" \/>\n<meta property=\"og:locale\" content=\"ro_RO\" \/>\n<meta property=\"og:type\" content=\"article\" \/>\n<meta property=\"og:title\" content=\"Dup\u0103 dou\u0103 decenii, unul dintre cele mai mari cartiere noi din estul Capitalei este aproape finalizat. Ultimul bloc adaug\u0103 peste 170 de apartamente\" \/>\n<meta property=\"og:description\" content=\"Un proiect amplu de reconversie urban\u0103 din Capital\u0103 intr\u0103 \u00een ultima etap\u0103 de dezvoltare.\" \/>\n<meta property=\"og:url\" content=\"https:\/\/www.imobiliare.ro\/imoexpert\/dupa-doua-decenii-unul-dintre-cele-mai-mari-cartiere-noi-din-estul-capitalei-este-aproape-finalizat-ultimul-bloc-adauga-peste-170-de-apartamente_db\/\" \/>\n<meta property=\"og:site_name\" content=\"ImoExpert\" \/>\n<meta property=\"article:published_time\" content=\"2025-11-17T08:48:55+00:00\" \/>\n<meta property=\"article:modified_time\" content=\"2025-11-17T08:52:14+00:00\" \/>\n<meta property=\"og:image\" content=\"https:\/\/www.imobiliare.ro\/imoexpert\/wp-content\/uploads\/2025\/11\/proiectul-vivenda-residencias-intra-in-ultima-faza-de-dezvoltare.jpg\" \/>\n\t<meta property=\"og:image:width\" content=\"1200\" \/>\n\t<meta property=\"og:image:height\" content=\"600\" \/>\n\t<meta property=\"og:image:type\" content=\"image\/jpeg\" \/>\n<meta name=\"author\" content=\"Imo Expert\" \/>\n<meta name=\"twitter:card\" content=\"summary_large_image\" \/>\n<meta name=\"twitter:label1\" content=\"Written by\" \/>\n\t<meta name=\"twitter:data1\" content=\"Imo Expert\" \/>\n\t<meta name=\"twitter:label2\" content=\"Est. reading time\" \/>\n\t<meta name=\"twitter:data2\" content=\"2 minute\" \/>\n<script type=\"application\/ld+json\" class=\"yoast-schema-graph\">{\"@context\":\"https:\/\/schema.org\",\"@graph\":[{\"@type\":\"Article\",\"@id\":\"https:\/\/www.imobiliare.ro\/imoexpert\/dupa-doua-decenii-unul-dintre-cele-mai-mari-cartiere-noi-din-estul-capitalei-este-aproape-finalizat-ultimul-bloc-adauga-peste-170-de-apartamente_db\/#article\",\"isPartOf\":{\"@id\":\"https:\/\/www.imobiliare.ro\/imoexpert\/dupa-doua-decenii-unul-dintre-cele-mai-mari-cartiere-noi-din-estul-capitalei-este-aproape-finalizat-ultimul-bloc-adauga-peste-170-de-apartamente_db\/\"},\"author\":{\"name\":\"Imo Expert\",\"@id\":\"https:\/\/www.imobiliare.ro\/imoexpert\/#\/schema\/person\/24d0abafdca42af79d5ca29e19bc0062\"},\"headline\":\"Dup\u0103 dou\u0103 decenii, unul dintre cele mai mari cartiere noi din estul Capitalei este aproape finalizat. Ultimul bloc adaug\u0103 peste 170 de apartamente\",\"datePublished\":\"2025-11-17T08:48:55+00:00\",\"dateModified\":\"2025-11-17T08:52:14+00:00\",\"mainEntityOfPage\":{\"@id\":\"https:\/\/www.imobiliare.ro\/imoexpert\/dupa-doua-decenii-unul-dintre-cele-mai-mari-cartiere-noi-din-estul-capitalei-este-aproape-finalizat-ultimul-bloc-adauga-peste-170-de-apartamente_db\/\"},\"wordCount\":297,\"commentCount\":0,\"publisher\":{\"@id\":\"https:\/\/www.imobiliare.ro\/imoexpert\/#organization\"},\"image\":{\"@id\":\"https:\/\/www.imobiliare.ro\/imoexpert\/dupa-doua-decenii-unul-dintre-cele-mai-mari-cartiere-noi-din-estul-capitalei-este-aproape-finalizat-ultimul-bloc-adauga-peste-170-de-apartamente_db\/#primaryimage\"},\"thumbnailUrl\":\"https:\/\/www.imobiliare.ro\/imoexpert\/wp-content\/uploads\/2025\/11\/proiectul-vivenda-residencias-intra-in-ultima-faza-de-dezvoltare.jpg\",\"keywords\":[\"apartamente Bucuresti\",\"Apartamente noi\",\"hercesa\",\"regenerare urbana\",\"Vivenda Prime\"],\"articleSection\":[\"\u0218tiri\"],\"inLanguage\":\"en\",\"potentialAction\":[{\"@type\":\"CommentAction\",\"name\":\"Comment\",\"target\":[\"https:\/\/www.imobiliare.ro\/imoexpert\/dupa-doua-decenii-unul-dintre-cele-mai-mari-cartiere-noi-din-estul-capitalei-este-aproape-finalizat-ultimul-bloc-adauga-peste-170-de-apartamente_db\/#respond\"]}],\"copyrightYear\":\"2025\",\"copyrightHolder\":{\"@id\":\"https:\/\/www.imobiliare.ro\/imoexpert\/#organization\"}},{\"@type\":\"WebPage\",\"@id\":\"https:\/\/www.imobiliare.ro\/imoexpert\/dupa-doua-decenii-unul-dintre-cele-mai-mari-cartiere-noi-din-estul-capitalei-este-aproape-finalizat-ultimul-bloc-adauga-peste-170-de-apartamente_db\/\",\"url\":\"https:\/\/www.imobiliare.ro\/imoexpert\/dupa-doua-decenii-unul-dintre-cele-mai-mari-cartiere-noi-din-estul-capitalei-este-aproape-finalizat-ultimul-bloc-adauga-peste-170-de-apartamente_db\/\",\"name\":\"Dup\u0103 dou\u0103 decenii, unul dintre cele mai mari cartiere noi din estul Capitalei este aproape finalizat. Ultimul bloc adaug\u0103 peste 170 de apartamente - \u0218tiri - ImoExpert\",\"isPartOf\":{\"@id\":\"https:\/\/www.imobiliare.ro\/imoexpert\/#website\"},\"primaryImageOfPage\":{\"@id\":\"https:\/\/www.imobiliare.ro\/imoexpert\/dupa-doua-decenii-unul-dintre-cele-mai-mari-cartiere-noi-din-estul-capitalei-este-aproape-finalizat-ultimul-bloc-adauga-peste-170-de-apartamente_db\/#primaryimage\"},\"image\":{\"@id\":\"https:\/\/www.imobiliare.ro\/imoexpert\/dupa-doua-decenii-unul-dintre-cele-mai-mari-cartiere-noi-din-estul-capitalei-este-aproape-finalizat-ultimul-bloc-adauga-peste-170-de-apartamente_db\/#primaryimage\"},\"thumbnailUrl\":\"https:\/\/www.imobiliare.ro\/imoexpert\/wp-content\/uploads\/2025\/11\/proiectul-vivenda-residencias-intra-in-ultima-faza-de-dezvoltare.jpg\",\"datePublished\":\"2025-11-17T08:48:55+00:00\",\"dateModified\":\"2025-11-17T08:52:14+00:00\",\"description\":\"Un proiect amplu de reconversie urban\u0103 din Capital\u0103 intr\u0103 \u00een ultima etap\u0103 de dezvoltare.\",\"breadcrumb\":{\"@id\":\"https:\/\/www.imobiliare.ro\/imoexpert\/dupa-doua-decenii-unul-dintre-cele-mai-mari-cartiere-noi-din-estul-capitalei-este-aproape-finalizat-ultimul-bloc-adauga-peste-170-de-apartamente_db\/#breadcrumb\"},\"inLanguage\":\"en\",\"potentialAction\":[{\"@type\":\"ReadAction\",\"target\":[\"https:\/\/www.imobiliare.ro\/imoexpert\/dupa-doua-decenii-unul-dintre-cele-mai-mari-cartiere-noi-din-estul-capitalei-este-aproape-finalizat-ultimul-bloc-adauga-peste-170-de-apartamente_db\/\"]}]},{\"@type\":\"ImageObject\",\"inLanguage\":\"en\",\"@id\":\"https:\/\/www.imobiliare.ro\/imoexpert\/dupa-doua-decenii-unul-dintre-cele-mai-mari-cartiere-noi-din-estul-capitalei-este-aproape-finalizat-ultimul-bloc-adauga-peste-170-de-apartamente_db\/#primaryimage\",\"url\":\"https:\/\/www.imobiliare.ro\/imoexpert\/wp-content\/uploads\/2025\/11\/proiectul-vivenda-residencias-intra-in-ultima-faza-de-dezvoltare.jpg\",\"contentUrl\":\"https:\/\/www.imobiliare.ro\/imoexpert\/wp-content\/uploads\/2025\/11\/proiectul-vivenda-residencias-intra-in-ultima-faza-de-dezvoltare.jpg\",\"width\":1200,\"height\":600},{\"@type\":\"BreadcrumbList\",\"@id\":\"https:\/\/www.imobiliare.ro\/imoexpert\/dupa-doua-decenii-unul-dintre-cele-mai-mari-cartiere-noi-din-estul-capitalei-este-aproape-finalizat-ultimul-bloc-adauga-peste-170-de-apartamente_db\/#breadcrumb\",\"itemListElement\":[{\"@type\":\"ListItem\",\"position\":1,\"name\":\"Imoradar24\",\"item\":\"https:\/\/www.imoradar24.ro\"},{\"@type\":\"ListItem\",\"position\":2,\"name\":\"ImoExpert\",\"item\":\"https:\/\/www.imobiliare.ro\/imoexpert\/\"},{\"@type\":\"ListItem\",\"position\":3,\"name\":\"\u0218tiri\",\"item\":\"https:\/\/www.imobiliare.ro\/imoexpert\/stiri\/\"},{\"@type\":\"ListItem\",\"position\":4,\"name\":\"Dup\u0103 dou\u0103 decenii, unul dintre cele mai mari cartiere noi din estul Capitalei este aproape finalizat. Ultimul bloc adaug\u0103 peste 170 de apartamente\"}]},{\"@type\":\"WebSite\",\"@id\":\"https:\/\/www.imobiliare.ro\/imoexpert\/#website\",\"url\":\"https:\/\/www.imobiliare.ro\/imoexpert\/\",\"name\":\"ImoExpert\",\"description\":\"cele mai importante \u015ftiri din domeniul imobiliar\",\"publisher\":{\"@id\":\"https:\/\/www.imobiliare.ro\/imoexpert\/#organization\"},\"inLanguage\":\"en\"},{\"@type\":\"Organization\",\"@id\":\"https:\/\/www.imobiliare.ro\/imoexpert\/#organization\",\"name\":\"Imobiliare.ro\",\"alternateName\":\"Realmedia Network SA\",\"url\":\"https:\/\/www.imobiliare.ro\/imoexpert\/\",\"logo\":{\"@type\":\"ImageObject\",\"inLanguage\":\"en\",\"@id\":\"https:\/\/www.imobiliare.ro\/imoexpert\/#\/schema\/logo\/image\/\",\"url\":\"https:\/\/www.imobiliare.ro\/imoexpert\/wp-content\/uploads\/2025\/05\/imobiliare_logo.png\",\"contentUrl\":\"https:\/\/www.imobiliare.ro\/imoexpert\/wp-content\/uploads\/2025\/05\/imobiliare_logo.png\",\"width\":237,\"height\":29,\"caption\":\"Imobiliare.ro\"},\"image\":{\"@id\":\"https:\/\/www.imobiliare.ro\/imoexpert\/#\/schema\/logo\/image\/\"}},{\"@type\":\"Person\",\"@id\":\"https:\/\/www.imobiliare.ro\/imoexpert\/#\/schema\/person\/24d0abafdca42af79d5ca29e19bc0062\",\"name\":\"Imo Expert\",\"image\":{\"@type\":\"ImageObject\",\"inLanguage\":\"en\",\"@id\":\"https:\/\/www.imobiliare.ro\/imoexpert\/#\/schema\/person\/image\/\",\"url\":\"https:\/\/www.imobiliare.ro\/imoexpert\/wp-content\/uploads\/2023\/11\/cropped-logo-96x96.jpg\",\"contentUrl\":\"https:\/\/www.imobiliare.ro\/imoexpert\/wp-content\/uploads\/2023\/11\/cropped-logo-96x96.jpg\",\"caption\":\"Imo Expert\"},\"description\":\"Imobiliare.ro\u00a0este site-ul de imobiliare din Rom\u00e2nia cu cea mai mare \u00eencredere \u00een r\u00e2ndul utilizatorilor. Imobiliare.ro promite celor care \u00ee\u0219i caut\u0103 o locuin\u021b\u0103, cump\u0103r\u0103tori \u0219i chiria\u0219i, cea mai bun\u0103 experien\u021b\u0103 de c\u0103utare \u0219i \u00eei ajut\u0103 s\u0103 ia cea mai bun\u0103 decizie pentru a g\u0103si casa ideal\u0103. Totodat\u0103, Imobiliare.ro este principalul furnizor de date \u0219i statistici imobiliare pentru presa din Rom\u00e2nia, comunic\u00e2nd cu regularitate analize, rapoarte \u0219i indici despre evolu\u021bia pie\u021bei imobiliare.\",\"sameAs\":[\"https:\/\/www.imobiliare.ro\"],\"alternateName\":\"ImoExpert\",\"jobTitle\":\"Echipa editorial\u0103\",\"url\":\"https:\/\/www.imobiliare.ro\/imoexpert\/author\/imo-expert\/\"}]}<\/script>\n<!-- \/ Yoast SEO Premium plugin. -->","yoast_head_json":{"title":"Dup\u0103 dou\u0103 decenii, unul dintre cele mai mari cartiere noi din estul Capitalei este aproape finalizat. Ultimul bloc adaug\u0103 peste 170 de apartamente - \u0218tiri - ImoExpert","description":"Un proiect amplu de reconversie urban\u0103 din Capital\u0103 intr\u0103 \u00een ultima etap\u0103 de dezvoltare.","robots":{"index":"index","follow":"follow"},"canonical":"https:\/\/www.imobiliare.ro\/imoexpert\/dupa-doua-decenii-unul-dintre-cele-mai-mari-cartiere-noi-din-estul-capitalei-este-aproape-finalizat-ultimul-bloc-adauga-peste-170-de-apartamente_db\/","og_locale":"ro_RO","og_type":"article","og_title":"Dup\u0103 dou\u0103 decenii, unul dintre cele mai mari cartiere noi din estul Capitalei este aproape finalizat. Ultimul bloc adaug\u0103 peste 170 de apartamente","og_description":"Un proiect amplu de reconversie urban\u0103 din Capital\u0103 intr\u0103 \u00een ultima etap\u0103 de dezvoltare.","og_url":"https:\/\/www.imobiliare.ro\/imoexpert\/dupa-doua-decenii-unul-dintre-cele-mai-mari-cartiere-noi-din-estul-capitalei-este-aproape-finalizat-ultimul-bloc-adauga-peste-170-de-apartamente_db\/","og_site_name":"ImoExpert","article_published_time":"2025-11-17T08:48:55+00:00","article_modified_time":"2025-11-17T08:52:14+00:00","og_image":[{"width":1200,"height":600,"url":"https:\/\/www.imobiliare.ro\/imoexpert\/wp-content\/uploads\/2025\/11\/proiectul-vivenda-residencias-intra-in-ultima-faza-de-dezvoltare.jpg","type":"image\/jpeg"}],"author":"Imo Expert","twitter_card":"summary_large_image","twitter_misc":{"Written by":"Imo Expert","Est. reading time":"2 minute"},"schema":{"@context":"https:\/\/schema.org","@graph":[{"@type":"Article","@id":"https:\/\/www.imobiliare.ro\/imoexpert\/dupa-doua-decenii-unul-dintre-cele-mai-mari-cartiere-noi-din-estul-capitalei-este-aproape-finalizat-ultimul-bloc-adauga-peste-170-de-apartamente_db\/#article","isPartOf":{"@id":"https:\/\/www.imobiliare.ro\/imoexpert\/dupa-doua-decenii-unul-dintre-cele-mai-mari-cartiere-noi-din-estul-capitalei-este-aproape-finalizat-ultimul-bloc-adauga-peste-170-de-apartamente_db\/"},"author":{"name":"Imo Expert","@id":"https:\/\/www.imobiliare.ro\/imoexpert\/#\/schema\/person\/24d0abafdca42af79d5ca29e19bc0062"},"headline":"Dup\u0103 dou\u0103 decenii, unul dintre cele mai mari cartiere noi din estul Capitalei este aproape finalizat. Ultimul bloc adaug\u0103 peste 170 de apartamente","datePublished":"2025-11-17T08:48:55+00:00","dateModified":"2025-11-17T08:52:14+00:00","mainEntityOfPage":{"@id":"https:\/\/www.imobiliare.ro\/imoexpert\/dupa-doua-decenii-unul-dintre-cele-mai-mari-cartiere-noi-din-estul-capitalei-este-aproape-finalizat-ultimul-bloc-adauga-peste-170-de-apartamente_db\/"},"wordCount":297,"commentCount":0,"publisher":{"@id":"https:\/\/www.imobiliare.ro\/imoexpert\/#organization"},"image":{"@id":"https:\/\/www.imobiliare.ro\/imoexpert\/dupa-doua-decenii-unul-dintre-cele-mai-mari-cartiere-noi-din-estul-capitalei-este-aproape-finalizat-ultimul-bloc-adauga-peste-170-de-apartamente_db\/#primaryimage"},"thumbnailUrl":"https:\/\/www.imobiliare.ro\/imoexpert\/wp-content\/uploads\/2025\/11\/proiectul-vivenda-residencias-intra-in-ultima-faza-de-dezvoltare.jpg","keywords":["apartamente Bucuresti","Apartamente noi","hercesa","regenerare urbana","Vivenda Prime"],"articleSection":["\u0218tiri"],"inLanguage":"en","potentialAction":[{"@type":"CommentAction","name":"Comment","target":["https:\/\/www.imobiliare.ro\/imoexpert\/dupa-doua-decenii-unul-dintre-cele-mai-mari-cartiere-noi-din-estul-capitalei-este-aproape-finalizat-ultimul-bloc-adauga-peste-170-de-apartamente_db\/#respond"]}],"copyrightYear":"2025","copyrightHolder":{"@id":"https:\/\/www.imobiliare.ro\/imoexpert\/#organization"}},{"@type":"WebPage","@id":"https:\/\/www.imobiliare.ro\/imoexpert\/dupa-doua-decenii-unul-dintre-cele-mai-mari-cartiere-noi-din-estul-capitalei-este-aproape-finalizat-ultimul-bloc-adauga-peste-170-de-apartamente_db\/","url":"https:\/\/www.imobiliare.ro\/imoexpert\/dupa-doua-decenii-unul-dintre-cele-mai-mari-cartiere-noi-din-estul-capitalei-este-aproape-finalizat-ultimul-bloc-adauga-peste-170-de-apartamente_db\/","name":"Dup\u0103 dou\u0103 decenii, unul dintre cele mai mari cartiere noi din estul Capitalei este aproape finalizat. Ultimul bloc adaug\u0103 peste 170 de apartamente - \u0218tiri - ImoExpert","isPartOf":{"@id":"https:\/\/www.imobiliare.ro\/imoexpert\/#website"},"primaryImageOfPage":{"@id":"https:\/\/www.imobiliare.ro\/imoexpert\/dupa-doua-decenii-unul-dintre-cele-mai-mari-cartiere-noi-din-estul-capitalei-este-aproape-finalizat-ultimul-bloc-adauga-peste-170-de-apartamente_db\/#primaryimage"},"image":{"@id":"https:\/\/www.imobiliare.ro\/imoexpert\/dupa-doua-decenii-unul-dintre-cele-mai-mari-cartiere-noi-din-estul-capitalei-este-aproape-finalizat-ultimul-bloc-adauga-peste-170-de-apartamente_db\/#primaryimage"},"thumbnailUrl":"https:\/\/www.imobiliare.ro\/imoexpert\/wp-content\/uploads\/2025\/11\/proiectul-vivenda-residencias-intra-in-ultima-faza-de-dezvoltare.jpg","datePublished":"2025-11-17T08:48:55+00:00","dateModified":"2025-11-17T08:52:14+00:00","description":"Un proiect amplu de reconversie urban\u0103 din Capital\u0103 intr\u0103 \u00een ultima etap\u0103 de dezvoltare.","breadcrumb":{"@id":"https:\/\/www.imobiliare.ro\/imoexpert\/dupa-doua-decenii-unul-dintre-cele-mai-mari-cartiere-noi-din-estul-capitalei-este-aproape-finalizat-ultimul-bloc-adauga-peste-170-de-apartamente_db\/#breadcrumb"},"inLanguage":"en","potentialAction":[{"@type":"ReadAction","target":["https:\/\/www.imobiliare.ro\/imoexpert\/dupa-doua-decenii-unul-dintre-cele-mai-mari-cartiere-noi-din-estul-capitalei-este-aproape-finalizat-ultimul-bloc-adauga-peste-170-de-apartamente_db\/"]}]},{"@type":"ImageObject","inLanguage":"en","@id":"https:\/\/www.imobiliare.ro\/imoexpert\/dupa-doua-decenii-unul-dintre-cele-mai-mari-cartiere-noi-din-estul-capitalei-este-aproape-finalizat-ultimul-bloc-adauga-peste-170-de-apartamente_db\/#primaryimage","url":"https:\/\/www.imobiliare.ro\/imoexpert\/wp-content\/uploads\/2025\/11\/proiectul-vivenda-residencias-intra-in-ultima-faza-de-dezvoltare.jpg","contentUrl":"https:\/\/www.imobiliare.ro\/imoexpert\/wp-content\/uploads\/2025\/11\/proiectul-vivenda-residencias-intra-in-ultima-faza-de-dezvoltare.jpg","width":1200,"height":600},{"@type":"BreadcrumbList","@id":"https:\/\/www.imobiliare.ro\/imoexpert\/dupa-doua-decenii-unul-dintre-cele-mai-mari-cartiere-noi-din-estul-capitalei-este-aproape-finalizat-ultimul-bloc-adauga-peste-170-de-apartamente_db\/#breadcrumb","itemListElement":[{"@type":"ListItem","position":1,"name":"Imoradar24","item":"https:\/\/www.imoradar24.ro"},{"@type":"ListItem","position":2,"name":"ImoExpert","item":"https:\/\/www.imobiliare.ro\/imoexpert\/"},{"@type":"ListItem","position":3,"name":"\u0218tiri","item":"https:\/\/www.imobiliare.ro\/imoexpert\/stiri\/"},{"@type":"ListItem","position":4,"name":"Dup\u0103 dou\u0103 decenii, unul dintre cele mai mari cartiere noi din estul Capitalei este aproape finalizat. Ultimul bloc adaug\u0103 peste 170 de apartamente"}]},{"@type":"WebSite","@id":"https:\/\/www.imobiliare.ro\/imoexpert\/#website","url":"https:\/\/www.imobiliare.ro\/imoexpert\/","name":"ImoExpert","description":"cele mai importante \u015ftiri din domeniul imobiliar","publisher":{"@id":"https:\/\/www.imobiliare.ro\/imoexpert\/#organization"},"inLanguage":"en"},{"@type":"Organization","@id":"https:\/\/www.imobiliare.ro\/imoexpert\/#organization","name":"Imobiliare.ro","alternateName":"Realmedia Network SA","url":"https:\/\/www.imobiliare.ro\/imoexpert\/","logo":{"@type":"ImageObject","inLanguage":"en","@id":"https:\/\/www.imobiliare.ro\/imoexpert\/#\/schema\/logo\/image\/","url":"https:\/\/www.imobiliare.ro\/imoexpert\/wp-content\/uploads\/2025\/05\/imobiliare_logo.png","contentUrl":"https:\/\/www.imobiliare.ro\/imoexpert\/wp-content\/uploads\/2025\/05\/imobiliare_logo.png","width":237,"height":29,"caption":"Imobiliare.ro"},"image":{"@id":"https:\/\/www.imobiliare.ro\/imoexpert\/#\/schema\/logo\/image\/"}},{"@type":"Person","@id":"https:\/\/www.imobiliare.ro\/imoexpert\/#\/schema\/person\/24d0abafdca42af79d5ca29e19bc0062","name":"Imo Expert","image":{"@type":"ImageObject","inLanguage":"en","@id":"https:\/\/www.imobiliare.ro\/imoexpert\/#\/schema\/person\/image\/","url":"https:\/\/www.imobiliare.ro\/imoexpert\/wp-content\/uploads\/2023\/11\/cropped-logo-96x96.jpg","contentUrl":"https:\/\/www.imobiliare.ro\/imoexpert\/wp-content\/uploads\/2023\/11\/cropped-logo-96x96.jpg","caption":"Imo Expert"},"description":"Imobiliare.ro\u00a0este site-ul de imobiliare din Rom\u00e2nia cu cea mai mare \u00eencredere \u00een r\u00e2ndul utilizatorilor. Imobiliare.ro promite celor care \u00ee\u0219i caut\u0103 o locuin\u021b\u0103, cump\u0103r\u0103tori \u0219i chiria\u0219i, cea mai bun\u0103 experien\u021b\u0103 de c\u0103utare \u0219i \u00eei ajut\u0103 s\u0103 ia cea mai bun\u0103 decizie pentru a g\u0103si casa ideal\u0103. Totodat\u0103, Imobiliare.ro este principalul furnizor de date \u0219i statistici imobiliare pentru presa din Rom\u00e2nia, comunic\u00e2nd cu regularitate analize, rapoarte \u0219i indici despre evolu\u021bia pie\u021bei imobiliare.","sameAs":["https:\/\/www.imobiliare.ro"],"alternateName":"ImoExpert","jobTitle":"Echipa editorial\u0103","url":"https:\/\/www.imobiliare.ro\/imoexpert\/author\/imo-expert\/"}]}},"_links":{"self":[{"href":"https:\/\/www.imobiliare.ro\/imoexpert\/wp-json\/wp\/v2\/posts\/74673","targetHints":{"allow":["GET"]}}],"collection":[{"href":"https:\/\/www.imobiliare.ro\/imoexpert\/wp-json\/wp\/v2\/posts"}],"about":[{"href":"https:\/\/www.imobiliare.ro\/imoexpert\/wp-json\/wp\/v2\/types\/post"}],"author":[{"embeddable":true,"href":"https:\/\/www.imobiliare.ro\/imoexpert\/wp-json\/wp\/v2\/users\/821"}],"replies":[{"embeddable":true,"href":"https:\/\/www.imobiliare.ro\/imoexpert\/wp-json\/wp\/v2\/comments?post=74673"}],"version-history":[{"count":0,"href":"https:\/\/www.imobiliare.ro\/imoexpert\/wp-json\/wp\/v2\/posts\/74673\/revisions"}],"wp:featuredmedia":[{"embeddable":true,"href":"https:\/\/www.imobiliare.ro\/imoexpert\/wp-json\/wp\/v2\/media\/74674"}],"wp:attachment":[{"href":"https:\/\/www.imobiliare.ro\/imoexpert\/wp-json\/wp\/v2\/media?parent=74673"}],"wp:term":[{"taxonomy":"category","embeddable":true,"href":"https:\/\/www.imobiliare.ro\/imoexpert\/wp-json\/wp\/v2\/categories?post=74673"},{"taxonomy":"post_tag","embeddable":true,"href":"https:\/\/www.imobiliare.ro\/imoexpert\/wp-json\/wp\/v2\/tags?post=74673"},{"taxonomy":"content_author","embeddable":true,"href":"https:\/\/www.imobiliare.ro\/imoexpert\/wp-json\/wp\/v2\/content_author?post=74673"}],"curies":[{"name":"wp","href":"https:\/\/api.w.org\/{rel}","templated":true}]}}