{"id":74697,"date":"2025-11-20T15:00:52","date_gmt":"2025-11-20T13:00:52","guid":{"rendered":"https:\/\/www.imobiliare.ro\/imoexpert\/?p=74697"},"modified":"2025-11-20T15:03:21","modified_gmt":"2025-11-20T13:03:21","slug":"nordul-capitalei-se-schimba-complet-initiativele-care-vor-rezolva-problema-traficului-inclusiv-pentru-cei-care-locuiesc-la-intrarea-in-voluntari","status":"publish","type":"post","link":"https:\/\/www.imobiliare.ro\/imoexpert\/nordul-capitalei-se-schimba-complet-initiativele-care-vor-rezolva-problema-traficului-inclusiv-pentru-cei-care-locuiesc-la-intrarea-in-voluntari_db\/","title":{"rendered":"Nordul Capitalei se schimb\u0103 complet. Ini\u021biativele care vor rezolva problema traficului inclusiv pentru cei care locuiesc la intrarea \u00een Voluntari"},"content":{"rendered":"\n<figure class=\"wp-block-image size-full\"><img loading=\"lazy\" decoding=\"async\" width=\"1200\" height=\"600\" src=\"https:\/\/www.imobiliare.ro\/imoexpert\/wp-content\/uploads\/2025\/11\/initiative-fluidizare-trafic-pipera.jpg\" alt=\"\" class=\"wp-image-74725\" srcset=\"https:\/\/www.imobiliare.ro\/imoexpert\/wp-content\/uploads\/2025\/11\/initiative-fluidizare-trafic-pipera.jpg 1200w, https:\/\/www.imobiliare.ro\/imoexpert\/wp-content\/uploads\/2025\/11\/initiative-fluidizare-trafic-pipera-770x385.jpg 770w, https:\/\/www.imobiliare.ro\/imoexpert\/wp-content\/uploads\/2025\/11\/initiative-fluidizare-trafic-pipera-390x195.jpg 390w\" sizes=\"auto, (max-width: 1200px) 100vw, 1200px\" \/><\/figure>\n\n\n\n<p><strong>Infrastructura rutier\u0103 din nordul Capitalei r\u0103m\u00e2ne una dintre cele mai mari procov\u0103ri cu care se confrunt\u0103, \u00een momentul de fa\u021b\u0103, at\u00e2t locuitorii, c\u00e2t \u0219i dezvoltatorii imobiliari cu proiecte aflate \u00een construc\u021bie aici. Exist\u0103, \u00eens\u0103, o serie de demersuri care ar urma s\u0103 transforme complet una dintre zonele care s-au dezvoltat cel mai mult pe segmentul reziden\u021bial nou pe parcursul ultimilor ani.<\/strong><\/p>\n\n\n\n<p><strong>Un nou drum<\/strong> ar urma s\u0103 conecteze \u0218oseaua Pipera cu Bulevardul Dimitrie Pompeiu \u0219i cu Strada Fabrica de Glucoz\u0103, acesta av\u00e2nd obiectivul de a optimiza fluxul rutier. \u00cen plus, Bulevardul Dimitrie Pompeiu ar urma s\u0103 fie <strong>l\u0103rgit la dou\u0103 benzi pe sens<\/strong>, iar r<strong>e\u021beaua de tramvai extins\u0103<\/strong>.<\/p>\n\n\n\n<p>Liniile 16, 36 \u0219i 5 ar urma s\u0103 fie conectate, la r\u00e2ndul lor, cu un nou traseu c\u0103tre Bulevardul Barbu V\u0103c\u0103rescu, iar o <strong>pasarel\u0103 pietonal\u0103<\/strong> ar urma s\u0103 fie construit\u0103 pentru ca cei care tranziteaz\u0103 zona s\u0103 traverseze \u00een siguran\u021b\u0103 infrastructura rutier\u0103 \u0219i linia de tramvai. La toate acestea se adaug\u0103 \u0219i o <strong>parcare de tip Park&amp;Ride<\/strong>.<\/p>\n\n\n\n<p>Valoarea estimat\u0103 a investi\u021biei \u00een acest proiect anun\u021bat de Prim\u0103ria General\u0103 a Capitalei dep\u0103\u0219e\u0219te 108 milioane de euro, iar lucr\u0103rile ar urma s\u0103 fie finalizate \u00een circa trei ani.<\/p>\n\n\n\n<figure class=\"wp-block-gallery has-nested-images columns-default is-cropped wp-block-gallery-1 is-layout-flex wp-block-gallery-is-layout-flex\">\n<figure class=\"wp-block-image size-large\"><img loading=\"lazy\" decoding=\"async\" width=\"1200\" height=\"646\" data-id=\"74726\" src=\"https:\/\/www.imobiliare.ro\/imoexpert\/wp-content\/uploads\/2025\/11\/drum-nou-pasarela-si-bulevard-largit-in-pipera.jpg\" alt=\"\" class=\"wp-image-74726\" srcset=\"https:\/\/www.imobiliare.ro\/imoexpert\/wp-content\/uploads\/2025\/11\/drum-nou-pasarela-si-bulevard-largit-in-pipera.jpg 1200w, https:\/\/www.imobiliare.ro\/imoexpert\/wp-content\/uploads\/2025\/11\/drum-nou-pasarela-si-bulevard-largit-in-pipera-770x415.jpg 770w, https:\/\/www.imobiliare.ro\/imoexpert\/wp-content\/uploads\/2025\/11\/drum-nou-pasarela-si-bulevard-largit-in-pipera-390x210.jpg 390w\" sizes=\"auto, (max-width: 1200px) 100vw, 1200px\" \/><\/figure>\n\n\n\n<figure class=\"wp-block-image size-large\"><img loading=\"lazy\" decoding=\"async\" width=\"1200\" height=\"646\" data-id=\"74727\" src=\"https:\/\/www.imobiliare.ro\/imoexpert\/wp-content\/uploads\/2025\/11\/cum-va-arata-cartierul-pipera-dupa-noile-proiecte-de-infrastructura-1200x646.jpg\" alt=\"\" class=\"wp-image-74727\" srcset=\"https:\/\/www.imobiliare.ro\/imoexpert\/wp-content\/uploads\/2025\/11\/cum-va-arata-cartierul-pipera-dupa-noile-proiecte-de-infrastructura-1200x646.jpg 1200w, https:\/\/www.imobiliare.ro\/imoexpert\/wp-content\/uploads\/2025\/11\/cum-va-arata-cartierul-pipera-dupa-noile-proiecte-de-infrastructura-770x414.jpg 770w, https:\/\/www.imobiliare.ro\/imoexpert\/wp-content\/uploads\/2025\/11\/cum-va-arata-cartierul-pipera-dupa-noile-proiecte-de-infrastructura-390x210.jpg 390w, https:\/\/www.imobiliare.ro\/imoexpert\/wp-content\/uploads\/2025\/11\/cum-va-arata-cartierul-pipera-dupa-noile-proiecte-de-infrastructura.jpg 1500w\" sizes=\"auto, (max-width: 1200px) 100vw, 1200px\" \/><\/figure>\n\n\n\n<figure class=\"wp-block-image size-large\"><img loading=\"lazy\" decoding=\"async\" width=\"1200\" height=\"646\" data-id=\"74728\" src=\"https:\/\/www.imobiliare.ro\/imoexpert\/wp-content\/uploads\/2025\/11\/proiecte-de-infrastructura-pentru-zona-pipera-din-bucuresti-1200x646.jpg\" alt=\"\" class=\"wp-image-74728\" srcset=\"https:\/\/www.imobiliare.ro\/imoexpert\/wp-content\/uploads\/2025\/11\/proiecte-de-infrastructura-pentru-zona-pipera-din-bucuresti-1200x646.jpg 1200w, https:\/\/www.imobiliare.ro\/imoexpert\/wp-content\/uploads\/2025\/11\/proiecte-de-infrastructura-pentru-zona-pipera-din-bucuresti-770x414.jpg 770w, https:\/\/www.imobiliare.ro\/imoexpert\/wp-content\/uploads\/2025\/11\/proiecte-de-infrastructura-pentru-zona-pipera-din-bucuresti-390x210.jpg 390w, https:\/\/www.imobiliare.ro\/imoexpert\/wp-content\/uploads\/2025\/11\/proiecte-de-infrastructura-pentru-zona-pipera-din-bucuresti.jpg 1500w\" sizes=\"auto, (max-width: 1200px) 100vw, 1200px\" \/><\/figure>\n<\/figure>\n\n\n\n<p>Primarul Sectorului 2 anun\u021ba, la r\u00e2ndul s\u0103u, \u00een martie aprobarea bugetului pentru mai multe investi\u021bii printre care se num\u0103ra un <strong>pasaj subteran \u00een zona Petricani<\/strong> \u0219i realizarea unei <strong>s\u0103li polivalente<\/strong> \u0219i a unei <strong>parc\u0103ri de tip Park&amp;Ride<\/strong>. <\/p>\n\n\n\n<p>Magistrala 2 de metrou ar urma, de asemenea, s\u0103 fie extins\u0103. Noua sec\u021biune, pentru care s-a semnat deja un protocol de colaborare \u00eentre Ministerul Transporturilor \u0219i Metrorex, va include dou\u0103 sta\u021bii interconectate cu transportul de suprafa\u021b\u0103. <\/p>\n\n\n\n<p>Proiectul implic\u0103 <strong>prelungirea magistralei<\/strong> de-a lungul Bulevardului Dimitrie Pomperiu \u0219i Str\u0103zii Petricani p\u00e2n\u0103 la intersec\u021bia cu Bulevardul Pipera din Voluntari. <\/p>\n\n\n\n<p>&#8222;Zona de nord a Capitalei, \u00een special cartierul Pipera, a cunoscut \u00een ultimii ani o dezvoltare accelerat\u0103, devenind un punct strategic pentru mediul de afaceri \u0219i un important centru de locuire. Aceast\u0103 extindere este r\u0103spunsul nostru direct la nevoile reale ale comunit\u0103\u021bii &#8211;  de a beneficia de un transport public modern, sigur, eficient \u0219i sustenabil&#8221;, a explicat Mariana Micl\u0103u\u0219, directorul general Metrorex, potrivit <a class=\"article-body-links\"href=\"https:\/\/www.digi24.ro\/stiri\/economie\/transporturi\/metroul-din-pipera-se-va-extinde-spre-petricani-planurile-metrorex-pentru-magistrala-2-3396501\" target=\"_blank\" rel=\"noreferrer noopener\">Digi24<\/a>.<\/p>\n\n\n\n<figure class=\"wp-block-image size-full\"><img loading=\"lazy\" decoding=\"async\" width=\"1200\" height=\"799\" src=\"https:\/\/www.imobiliare.ro\/imoexpert\/wp-content\/uploads\/2025\/11\/extinderea-magistralei-de-metrou-cu-un-nou-tronson-pipera-petricani.jpg\" alt=\"\" class=\"wp-image-74730\" srcset=\"https:\/\/www.imobiliare.ro\/imoexpert\/wp-content\/uploads\/2025\/11\/extinderea-magistralei-de-metrou-cu-un-nou-tronson-pipera-petricani.jpg 1200w, https:\/\/www.imobiliare.ro\/imoexpert\/wp-content\/uploads\/2025\/11\/extinderea-magistralei-de-metrou-cu-un-nou-tronson-pipera-petricani-770x513.jpg 770w, https:\/\/www.imobiliare.ro\/imoexpert\/wp-content\/uploads\/2025\/11\/extinderea-magistralei-de-metrou-cu-un-nou-tronson-pipera-petricani-390x260.jpg 390w\" sizes=\"auto, (max-width: 1200px) 100vw, 1200px\" \/><\/figure>\n\n\n\n<p>Extinderea magistralei de metrou, dar \u0219i celelalte investi\u021bii publice anun\u021bate deja care vor \u00eembun\u0103t\u0103\u021bi traficul \u00eei ajut\u0103,<strong> inclusiv pentru locuitorii ansamblurilor reziden\u021biale pozi\u021bionate la marginea Capitalei, \u00een zona Bulevardului Pipera din Voluntari<\/strong>. \u00cen plus, acestea sunt esen\u021biale pentru a r\u0103spunde pe termen lung cererii tot mai mari venite din partea cump\u0103r\u0103torilor de locuin\u021be, sunt de p\u0103rere reprezentan\u021bii <a class=\"article-body-links\"href=\"https:\/\/www.imobiliare.ro\/ansamblu-rezidential\/horizon-city-pipera\" target=\"_blank\" rel=\"noreferrer noopener\">Horizon City<\/a>, unul dintre cele mai noi ansambluri reziden\u021biale lansate \u00een zon\u0103.<\/p>\n\n\n\n<figure class=\"wp-block-image size-large\"><img loading=\"lazy\" decoding=\"async\" width=\"1200\" height=\"670\" src=\"https:\/\/www.imobiliare.ro\/imoexpert\/wp-content\/uploads\/2025\/11\/lucrarile-pentru-proiectul-horizon-city-din-nordul-bucurestiului-au-fost-demarate-1200x670.jpg\" alt=\"\" class=\"wp-image-74700\" srcset=\"https:\/\/www.imobiliare.ro\/imoexpert\/wp-content\/uploads\/2025\/11\/lucrarile-pentru-proiectul-horizon-city-din-nordul-bucurestiului-au-fost-demarate-1200x670.jpg 1200w, https:\/\/www.imobiliare.ro\/imoexpert\/wp-content\/uploads\/2025\/11\/lucrarile-pentru-proiectul-horizon-city-din-nordul-bucurestiului-au-fost-demarate-770x430.jpg 770w, https:\/\/www.imobiliare.ro\/imoexpert\/wp-content\/uploads\/2025\/11\/lucrarile-pentru-proiectul-horizon-city-din-nordul-bucurestiului-au-fost-demarate-1536x858.jpg 1536w, https:\/\/www.imobiliare.ro\/imoexpert\/wp-content\/uploads\/2025\/11\/lucrarile-pentru-proiectul-horizon-city-din-nordul-bucurestiului-au-fost-demarate-390x218.jpg 390w, https:\/\/www.imobiliare.ro\/imoexpert\/wp-content\/uploads\/2025\/11\/lucrarile-pentru-proiectul-horizon-city-din-nordul-bucurestiului-au-fost-demarate.jpg 1674w\" sizes=\"auto, (max-width: 1200px) 100vw, 1200px\" \/><\/figure>\n\n\n\n<p>&#8222;Pipera are avantajul unor investi\u021bii deja \u00eencepute, iar completarea acestora va face ca zona s\u0103 devin\u0103 una dintre cele mai competitive puncte reziden\u021biale noi din Bucure\u0219ti&#8221;, au explicat ei pentru Imobiliare.ro.<\/p>\n\n\n\n<p>Doar proiectul Horizon City <a class=\"article-body-links\"href=\"https:\/\/www.imobiliare.ro\/imoexpert\/aproape-700-de-apartamente-noi-cu-o-investitie-de-130-de-milioane-de-euro-cum-arata-cel-mai-nou-ansamblu-rezidential-din-nordul-capitalei-foto_db\/\" target=\"_blank\" rel=\"noreferrer noopener\">va aduce pe pia\u021b\u0103 aproape 700 de apartamente noi <\/a>p\u00e2n\u0103 la mijlocul anului 2027. Lucr\u0103rile au fost demarate deja, la fel \u0219i v\u00e2nz\u0103rile. Investi\u021bia se ridic\u0103 la <strong>130 de milioane de euro <\/strong>\u0219i este realizat\u0103 din fonduri proprii de un investitor britanic care pariaz\u0103 pentru a doua oar\u0103 pe nordul Capitalei, dup\u0103 ce a dezvoltat \u00een imediata vecin\u0103tate a sensului giratoriu de la intersec\u021bia Bulevardului Pipera cu \u0218oseaua Petricani, un proiect 1.188 de apartamente.<\/p>\n","protected":false},"excerpt":{"rendered":"<p>Infrastructura rutier\u0103 din zona de nord a Capitalei va fi \u00eembun\u0103t\u0103\u021bit\u0103 semnificativ pe parcursul urm\u0103torilor ani.<\/p>\n","protected":false},"author":5891,"featured_media":74725,"comment_status":"open","ping_status":"open","sticky":false,"template":"","format":"standard","meta":{"footnotes":""},"categories":[259],"tags":[359,1276,367,1991],"content_author":[],"class_list":["post-74697","post","type-post","status-publish","format-standard","has-post-thumbnail","hentry","category-stiri","tag-ansamblu-rezidential","tag-dezvoltatori-imobiliari","tag-investitii","tag-metrou"],"yoast_head":"<!-- This site is optimized with the Yoast SEO Premium plugin v27.0 (Yoast SEO v27.0) - https:\/\/yoast.com\/product\/yoast-seo-premium-wordpress\/ -->\n<title>Nordul Capitalei se schimb\u0103 complet. Ini\u021biativele care vor rezolva problema traficului inclusiv pentru cei care locuiesc la intrarea \u00een Voluntari - \u0218tiri - ImoExpert<\/title>\n<meta name=\"description\" content=\"Infrastructura rutier\u0103 din zona de nord a Capitalei va fi \u00eembun\u0103t\u0103\u021bit\u0103 semnificativ pe parcursul urm\u0103torilor ani.\" \/>\n<meta name=\"robots\" content=\"index, follow\" \/>\n<link rel=\"canonical\" href=\"https:\/\/www.imobiliare.ro\/imoexpert\/nordul-capitalei-se-schimba-complet-initiativele-care-vor-rezolva-problema-traficului-inclusiv-pentru-cei-care-locuiesc-la-intrarea-in-voluntari_db\/\" \/>\n<meta property=\"og:locale\" content=\"ro_RO\" \/>\n<meta property=\"og:type\" content=\"article\" \/>\n<meta property=\"og:title\" content=\"Nordul Capitalei se schimb\u0103 complet. Ini\u021biativele care vor rezolva problema traficului inclusiv pentru cei care locuiesc la intrarea \u00een Voluntari\" \/>\n<meta property=\"og:description\" content=\"Infrastructura rutier\u0103 din zona de nord a Capitalei va fi \u00eembun\u0103t\u0103\u021bit\u0103 semnificativ pe parcursul urm\u0103torilor ani.\" \/>\n<meta property=\"og:url\" content=\"https:\/\/www.imobiliare.ro\/imoexpert\/nordul-capitalei-se-schimba-complet-initiativele-care-vor-rezolva-problema-traficului-inclusiv-pentru-cei-care-locuiesc-la-intrarea-in-voluntari_db\/\" \/>\n<meta property=\"og:site_name\" content=\"ImoExpert\" \/>\n<meta property=\"article:published_time\" content=\"2025-11-20T13:00:52+00:00\" \/>\n<meta property=\"article:modified_time\" content=\"2025-11-20T13:03:21+00:00\" \/>\n<meta property=\"og:image\" content=\"https:\/\/www.imobiliare.ro\/imoexpert\/wp-content\/uploads\/2025\/11\/initiative-fluidizare-trafic-pipera.jpg\" \/>\n\t<meta property=\"og:image:width\" content=\"1200\" \/>\n\t<meta property=\"og:image:height\" content=\"600\" \/>\n\t<meta property=\"og:image:type\" content=\"image\/jpeg\" \/>\n<meta name=\"author\" content=\"Corina V\u00e2rlan\" \/>\n<meta name=\"twitter:card\" content=\"summary_large_image\" \/>\n<meta name=\"twitter:label1\" content=\"Written by\" \/>\n\t<meta name=\"twitter:data1\" content=\"Corina V\u00e2rlan\" \/>\n\t<meta name=\"twitter:label2\" content=\"Est. reading time\" \/>\n\t<meta name=\"twitter:data2\" content=\"5 minute\" \/>\n<script type=\"application\/ld+json\" class=\"yoast-schema-graph\">{\"@context\":\"https:\/\/schema.org\",\"@graph\":[{\"@type\":\"Article\",\"@id\":\"https:\/\/www.imobiliare.ro\/imoexpert\/nordul-capitalei-se-schimba-complet-initiativele-care-vor-rezolva-problema-traficului-inclusiv-pentru-cei-care-locuiesc-la-intrarea-in-voluntari_db\/#article\",\"isPartOf\":{\"@id\":\"https:\/\/www.imobiliare.ro\/imoexpert\/nordul-capitalei-se-schimba-complet-initiativele-care-vor-rezolva-problema-traficului-inclusiv-pentru-cei-care-locuiesc-la-intrarea-in-voluntari_db\/\"},\"author\":{\"name\":\"Corina V\u00e2rlan\",\"@id\":\"https:\/\/www.imobiliare.ro\/imoexpert\/#\/schema\/person\/9ffdfbf24b82f39fc75a2fc6c19e4e99\"},\"headline\":\"Nordul Capitalei se schimb\u0103 complet. Ini\u021biativele care vor rezolva problema traficului inclusiv pentru cei care locuiesc la intrarea \u00een Voluntari\",\"datePublished\":\"2025-11-20T13:00:52+00:00\",\"dateModified\":\"2025-11-20T13:03:21+00:00\",\"mainEntityOfPage\":{\"@id\":\"https:\/\/www.imobiliare.ro\/imoexpert\/nordul-capitalei-se-schimba-complet-initiativele-care-vor-rezolva-problema-traficului-inclusiv-pentru-cei-care-locuiesc-la-intrarea-in-voluntari_db\/\"},\"wordCount\":604,\"commentCount\":0,\"publisher\":{\"@id\":\"https:\/\/www.imobiliare.ro\/imoexpert\/#organization\"},\"image\":{\"@id\":\"https:\/\/www.imobiliare.ro\/imoexpert\/nordul-capitalei-se-schimba-complet-initiativele-care-vor-rezolva-problema-traficului-inclusiv-pentru-cei-care-locuiesc-la-intrarea-in-voluntari_db\/#primaryimage\"},\"thumbnailUrl\":\"https:\/\/www.imobiliare.ro\/imoexpert\/wp-content\/uploads\/2025\/11\/initiative-fluidizare-trafic-pipera.jpg\",\"keywords\":[\"ansamblu rezidential\",\"dezvoltatori imobiliari\",\"investitii\",\"metrou\"],\"articleSection\":[\"\u0218tiri\"],\"inLanguage\":\"en\",\"potentialAction\":[{\"@type\":\"CommentAction\",\"name\":\"Comment\",\"target\":[\"https:\/\/www.imobiliare.ro\/imoexpert\/nordul-capitalei-se-schimba-complet-initiativele-care-vor-rezolva-problema-traficului-inclusiv-pentru-cei-care-locuiesc-la-intrarea-in-voluntari_db\/#respond\"]}],\"copyrightYear\":\"2025\",\"copyrightHolder\":{\"@id\":\"https:\/\/www.imobiliare.ro\/imoexpert\/#organization\"}},{\"@type\":\"WebPage\",\"@id\":\"https:\/\/www.imobiliare.ro\/imoexpert\/nordul-capitalei-se-schimba-complet-initiativele-care-vor-rezolva-problema-traficului-inclusiv-pentru-cei-care-locuiesc-la-intrarea-in-voluntari_db\/\",\"url\":\"https:\/\/www.imobiliare.ro\/imoexpert\/nordul-capitalei-se-schimba-complet-initiativele-care-vor-rezolva-problema-traficului-inclusiv-pentru-cei-care-locuiesc-la-intrarea-in-voluntari_db\/\",\"name\":\"Nordul Capitalei se schimb\u0103 complet. Ini\u021biativele care vor rezolva problema traficului inclusiv pentru cei care locuiesc la intrarea \u00een Voluntari - \u0218tiri - ImoExpert\",\"isPartOf\":{\"@id\":\"https:\/\/www.imobiliare.ro\/imoexpert\/#website\"},\"primaryImageOfPage\":{\"@id\":\"https:\/\/www.imobiliare.ro\/imoexpert\/nordul-capitalei-se-schimba-complet-initiativele-care-vor-rezolva-problema-traficului-inclusiv-pentru-cei-care-locuiesc-la-intrarea-in-voluntari_db\/#primaryimage\"},\"image\":{\"@id\":\"https:\/\/www.imobiliare.ro\/imoexpert\/nordul-capitalei-se-schimba-complet-initiativele-care-vor-rezolva-problema-traficului-inclusiv-pentru-cei-care-locuiesc-la-intrarea-in-voluntari_db\/#primaryimage\"},\"thumbnailUrl\":\"https:\/\/www.imobiliare.ro\/imoexpert\/wp-content\/uploads\/2025\/11\/initiative-fluidizare-trafic-pipera.jpg\",\"datePublished\":\"2025-11-20T13:00:52+00:00\",\"dateModified\":\"2025-11-20T13:03:21+00:00\",\"description\":\"Infrastructura rutier\u0103 din zona de nord a Capitalei va fi \u00eembun\u0103t\u0103\u021bit\u0103 semnificativ pe parcursul urm\u0103torilor ani.\",\"breadcrumb\":{\"@id\":\"https:\/\/www.imobiliare.ro\/imoexpert\/nordul-capitalei-se-schimba-complet-initiativele-care-vor-rezolva-problema-traficului-inclusiv-pentru-cei-care-locuiesc-la-intrarea-in-voluntari_db\/#breadcrumb\"},\"inLanguage\":\"en\",\"potentialAction\":[{\"@type\":\"ReadAction\",\"target\":[\"https:\/\/www.imobiliare.ro\/imoexpert\/nordul-capitalei-se-schimba-complet-initiativele-care-vor-rezolva-problema-traficului-inclusiv-pentru-cei-care-locuiesc-la-intrarea-in-voluntari_db\/\"]}]},{\"@type\":\"ImageObject\",\"inLanguage\":\"en\",\"@id\":\"https:\/\/www.imobiliare.ro\/imoexpert\/nordul-capitalei-se-schimba-complet-initiativele-care-vor-rezolva-problema-traficului-inclusiv-pentru-cei-care-locuiesc-la-intrarea-in-voluntari_db\/#primaryimage\",\"url\":\"https:\/\/www.imobiliare.ro\/imoexpert\/wp-content\/uploads\/2025\/11\/initiative-fluidizare-trafic-pipera.jpg\",\"contentUrl\":\"https:\/\/www.imobiliare.ro\/imoexpert\/wp-content\/uploads\/2025\/11\/initiative-fluidizare-trafic-pipera.jpg\",\"width\":1200,\"height\":600},{\"@type\":\"BreadcrumbList\",\"@id\":\"https:\/\/www.imobiliare.ro\/imoexpert\/nordul-capitalei-se-schimba-complet-initiativele-care-vor-rezolva-problema-traficului-inclusiv-pentru-cei-care-locuiesc-la-intrarea-in-voluntari_db\/#breadcrumb\",\"itemListElement\":[{\"@type\":\"ListItem\",\"position\":1,\"name\":\"Imoradar24\",\"item\":\"https:\/\/www.imoradar24.ro\"},{\"@type\":\"ListItem\",\"position\":2,\"name\":\"ImoExpert\",\"item\":\"https:\/\/www.imobiliare.ro\/imoexpert\/\"},{\"@type\":\"ListItem\",\"position\":3,\"name\":\"\u0218tiri\",\"item\":\"https:\/\/www.imobiliare.ro\/imoexpert\/stiri\/\"},{\"@type\":\"ListItem\",\"position\":4,\"name\":\"Nordul Capitalei se schimb\u0103 complet. Ini\u021biativele care vor rezolva problema traficului inclusiv pentru cei care locuiesc la intrarea \u00een Voluntari\"}]},{\"@type\":\"WebSite\",\"@id\":\"https:\/\/www.imobiliare.ro\/imoexpert\/#website\",\"url\":\"https:\/\/www.imobiliare.ro\/imoexpert\/\",\"name\":\"ImoExpert\",\"description\":\"cele mai importante \u015ftiri din domeniul imobiliar\",\"publisher\":{\"@id\":\"https:\/\/www.imobiliare.ro\/imoexpert\/#organization\"},\"inLanguage\":\"en\"},{\"@type\":\"Organization\",\"@id\":\"https:\/\/www.imobiliare.ro\/imoexpert\/#organization\",\"name\":\"Imobiliare.ro\",\"alternateName\":\"Realmedia Network SA\",\"url\":\"https:\/\/www.imobiliare.ro\/imoexpert\/\",\"logo\":{\"@type\":\"ImageObject\",\"inLanguage\":\"en\",\"@id\":\"https:\/\/www.imobiliare.ro\/imoexpert\/#\/schema\/logo\/image\/\",\"url\":\"https:\/\/www.imobiliare.ro\/imoexpert\/wp-content\/uploads\/2025\/05\/imobiliare_logo.png\",\"contentUrl\":\"https:\/\/www.imobiliare.ro\/imoexpert\/wp-content\/uploads\/2025\/05\/imobiliare_logo.png\",\"width\":237,\"height\":29,\"caption\":\"Imobiliare.ro\"},\"image\":{\"@id\":\"https:\/\/www.imobiliare.ro\/imoexpert\/#\/schema\/logo\/image\/\"}},{\"@type\":\"Person\",\"@id\":\"https:\/\/www.imobiliare.ro\/imoexpert\/#\/schema\/person\/9ffdfbf24b82f39fc75a2fc6c19e4e99\",\"name\":\"Corina V\u00e2rlan\",\"image\":{\"@type\":\"ImageObject\",\"inLanguage\":\"en\",\"@id\":\"https:\/\/www.imobiliare.ro\/imoexpert\/#\/schema\/person\/image\/\",\"url\":\"https:\/\/www.imobiliare.ro\/imoexpert\/wp-content\/uploads\/2026\/02\/12-02-2025-5-rezumat-brasov-thumb-reels-1-1-96x96.png\",\"contentUrl\":\"https:\/\/www.imobiliare.ro\/imoexpert\/wp-content\/uploads\/2026\/02\/12-02-2025-5-rezumat-brasov-thumb-reels-1-1-96x96.png\",\"caption\":\"Corina V\u00e2rlan\"},\"description\":\"Cu o experien\u021b\u0103 de 14 ani \u00een presa online, comunicare \u0219i content marketing, Corina V\u00e2rlan s-a al\u0103turat echipei Imobiliare.ro \u00een urm\u0103 cu 8 ani \u0219i ocup\u0103, \u00een prezent, func\u021bia de Content Manager. Ea este gazda emisiunii \\\"\u00centreab\u0103 expertul\\\" \u0219i a seriei 5 \u0218tiri Imobiliare.ro, realizate \u00een parteneriat cu Libertatea. Corina \u00ee\u0219i concentreaz\u0103 activitatea pe analiza datelor de pia\u021b\u0103 \u0219i pe subiecte de interes at\u00e2t pentru cei afla\u021bi \u00een c\u0103utarea unei locuin\u021be, c\u00e2t \u0219i pentru proprietari sau chiria\u0219i.\",\"alternateName\":\"Corina\",\"jobTitle\":\"Content Manager\",\"url\":\"https:\/\/www.imobiliare.ro\/imoexpert\/author\/corina-varlan\/\"}]}<\/script>\n<!-- \/ Yoast SEO Premium plugin. -->","yoast_head_json":{"title":"Nordul Capitalei se schimb\u0103 complet. Ini\u021biativele care vor rezolva problema traficului inclusiv pentru cei care locuiesc la intrarea \u00een Voluntari - \u0218tiri - ImoExpert","description":"Infrastructura rutier\u0103 din zona de nord a Capitalei va fi \u00eembun\u0103t\u0103\u021bit\u0103 semnificativ pe parcursul urm\u0103torilor ani.","robots":{"index":"index","follow":"follow"},"canonical":"https:\/\/www.imobiliare.ro\/imoexpert\/nordul-capitalei-se-schimba-complet-initiativele-care-vor-rezolva-problema-traficului-inclusiv-pentru-cei-care-locuiesc-la-intrarea-in-voluntari_db\/","og_locale":"ro_RO","og_type":"article","og_title":"Nordul Capitalei se schimb\u0103 complet. Ini\u021biativele care vor rezolva problema traficului inclusiv pentru cei care locuiesc la intrarea \u00een Voluntari","og_description":"Infrastructura rutier\u0103 din zona de nord a Capitalei va fi \u00eembun\u0103t\u0103\u021bit\u0103 semnificativ pe parcursul urm\u0103torilor ani.","og_url":"https:\/\/www.imobiliare.ro\/imoexpert\/nordul-capitalei-se-schimba-complet-initiativele-care-vor-rezolva-problema-traficului-inclusiv-pentru-cei-care-locuiesc-la-intrarea-in-voluntari_db\/","og_site_name":"ImoExpert","article_published_time":"2025-11-20T13:00:52+00:00","article_modified_time":"2025-11-20T13:03:21+00:00","og_image":[{"width":1200,"height":600,"url":"https:\/\/www.imobiliare.ro\/imoexpert\/wp-content\/uploads\/2025\/11\/initiative-fluidizare-trafic-pipera.jpg","type":"image\/jpeg"}],"author":"Corina V\u00e2rlan","twitter_card":"summary_large_image","twitter_misc":{"Written by":"Corina V\u00e2rlan","Est. reading time":"5 minute"},"schema":{"@context":"https:\/\/schema.org","@graph":[{"@type":"Article","@id":"https:\/\/www.imobiliare.ro\/imoexpert\/nordul-capitalei-se-schimba-complet-initiativele-care-vor-rezolva-problema-traficului-inclusiv-pentru-cei-care-locuiesc-la-intrarea-in-voluntari_db\/#article","isPartOf":{"@id":"https:\/\/www.imobiliare.ro\/imoexpert\/nordul-capitalei-se-schimba-complet-initiativele-care-vor-rezolva-problema-traficului-inclusiv-pentru-cei-care-locuiesc-la-intrarea-in-voluntari_db\/"},"author":{"name":"Corina V\u00e2rlan","@id":"https:\/\/www.imobiliare.ro\/imoexpert\/#\/schema\/person\/9ffdfbf24b82f39fc75a2fc6c19e4e99"},"headline":"Nordul Capitalei se schimb\u0103 complet. Ini\u021biativele care vor rezolva problema traficului inclusiv pentru cei care locuiesc la intrarea \u00een Voluntari","datePublished":"2025-11-20T13:00:52+00:00","dateModified":"2025-11-20T13:03:21+00:00","mainEntityOfPage":{"@id":"https:\/\/www.imobiliare.ro\/imoexpert\/nordul-capitalei-se-schimba-complet-initiativele-care-vor-rezolva-problema-traficului-inclusiv-pentru-cei-care-locuiesc-la-intrarea-in-voluntari_db\/"},"wordCount":604,"commentCount":0,"publisher":{"@id":"https:\/\/www.imobiliare.ro\/imoexpert\/#organization"},"image":{"@id":"https:\/\/www.imobiliare.ro\/imoexpert\/nordul-capitalei-se-schimba-complet-initiativele-care-vor-rezolva-problema-traficului-inclusiv-pentru-cei-care-locuiesc-la-intrarea-in-voluntari_db\/#primaryimage"},"thumbnailUrl":"https:\/\/www.imobiliare.ro\/imoexpert\/wp-content\/uploads\/2025\/11\/initiative-fluidizare-trafic-pipera.jpg","keywords":["ansamblu rezidential","dezvoltatori imobiliari","investitii","metrou"],"articleSection":["\u0218tiri"],"inLanguage":"en","potentialAction":[{"@type":"CommentAction","name":"Comment","target":["https:\/\/www.imobiliare.ro\/imoexpert\/nordul-capitalei-se-schimba-complet-initiativele-care-vor-rezolva-problema-traficului-inclusiv-pentru-cei-care-locuiesc-la-intrarea-in-voluntari_db\/#respond"]}],"copyrightYear":"2025","copyrightHolder":{"@id":"https:\/\/www.imobiliare.ro\/imoexpert\/#organization"}},{"@type":"WebPage","@id":"https:\/\/www.imobiliare.ro\/imoexpert\/nordul-capitalei-se-schimba-complet-initiativele-care-vor-rezolva-problema-traficului-inclusiv-pentru-cei-care-locuiesc-la-intrarea-in-voluntari_db\/","url":"https:\/\/www.imobiliare.ro\/imoexpert\/nordul-capitalei-se-schimba-complet-initiativele-care-vor-rezolva-problema-traficului-inclusiv-pentru-cei-care-locuiesc-la-intrarea-in-voluntari_db\/","name":"Nordul Capitalei se schimb\u0103 complet. Ini\u021biativele care vor rezolva problema traficului inclusiv pentru cei care locuiesc la intrarea \u00een Voluntari - \u0218tiri - ImoExpert","isPartOf":{"@id":"https:\/\/www.imobiliare.ro\/imoexpert\/#website"},"primaryImageOfPage":{"@id":"https:\/\/www.imobiliare.ro\/imoexpert\/nordul-capitalei-se-schimba-complet-initiativele-care-vor-rezolva-problema-traficului-inclusiv-pentru-cei-care-locuiesc-la-intrarea-in-voluntari_db\/#primaryimage"},"image":{"@id":"https:\/\/www.imobiliare.ro\/imoexpert\/nordul-capitalei-se-schimba-complet-initiativele-care-vor-rezolva-problema-traficului-inclusiv-pentru-cei-care-locuiesc-la-intrarea-in-voluntari_db\/#primaryimage"},"thumbnailUrl":"https:\/\/www.imobiliare.ro\/imoexpert\/wp-content\/uploads\/2025\/11\/initiative-fluidizare-trafic-pipera.jpg","datePublished":"2025-11-20T13:00:52+00:00","dateModified":"2025-11-20T13:03:21+00:00","description":"Infrastructura rutier\u0103 din zona de nord a Capitalei va fi \u00eembun\u0103t\u0103\u021bit\u0103 semnificativ pe parcursul urm\u0103torilor ani.","breadcrumb":{"@id":"https:\/\/www.imobiliare.ro\/imoexpert\/nordul-capitalei-se-schimba-complet-initiativele-care-vor-rezolva-problema-traficului-inclusiv-pentru-cei-care-locuiesc-la-intrarea-in-voluntari_db\/#breadcrumb"},"inLanguage":"en","potentialAction":[{"@type":"ReadAction","target":["https:\/\/www.imobiliare.ro\/imoexpert\/nordul-capitalei-se-schimba-complet-initiativele-care-vor-rezolva-problema-traficului-inclusiv-pentru-cei-care-locuiesc-la-intrarea-in-voluntari_db\/"]}]},{"@type":"ImageObject","inLanguage":"en","@id":"https:\/\/www.imobiliare.ro\/imoexpert\/nordul-capitalei-se-schimba-complet-initiativele-care-vor-rezolva-problema-traficului-inclusiv-pentru-cei-care-locuiesc-la-intrarea-in-voluntari_db\/#primaryimage","url":"https:\/\/www.imobiliare.ro\/imoexpert\/wp-content\/uploads\/2025\/11\/initiative-fluidizare-trafic-pipera.jpg","contentUrl":"https:\/\/www.imobiliare.ro\/imoexpert\/wp-content\/uploads\/2025\/11\/initiative-fluidizare-trafic-pipera.jpg","width":1200,"height":600},{"@type":"BreadcrumbList","@id":"https:\/\/www.imobiliare.ro\/imoexpert\/nordul-capitalei-se-schimba-complet-initiativele-care-vor-rezolva-problema-traficului-inclusiv-pentru-cei-care-locuiesc-la-intrarea-in-voluntari_db\/#breadcrumb","itemListElement":[{"@type":"ListItem","position":1,"name":"Imoradar24","item":"https:\/\/www.imoradar24.ro"},{"@type":"ListItem","position":2,"name":"ImoExpert","item":"https:\/\/www.imobiliare.ro\/imoexpert\/"},{"@type":"ListItem","position":3,"name":"\u0218tiri","item":"https:\/\/www.imobiliare.ro\/imoexpert\/stiri\/"},{"@type":"ListItem","position":4,"name":"Nordul Capitalei se schimb\u0103 complet. Ini\u021biativele care vor rezolva problema traficului inclusiv pentru cei care locuiesc la intrarea \u00een Voluntari"}]},{"@type":"WebSite","@id":"https:\/\/www.imobiliare.ro\/imoexpert\/#website","url":"https:\/\/www.imobiliare.ro\/imoexpert\/","name":"ImoExpert","description":"cele mai importante \u015ftiri din domeniul imobiliar","publisher":{"@id":"https:\/\/www.imobiliare.ro\/imoexpert\/#organization"},"inLanguage":"en"},{"@type":"Organization","@id":"https:\/\/www.imobiliare.ro\/imoexpert\/#organization","name":"Imobiliare.ro","alternateName":"Realmedia Network SA","url":"https:\/\/www.imobiliare.ro\/imoexpert\/","logo":{"@type":"ImageObject","inLanguage":"en","@id":"https:\/\/www.imobiliare.ro\/imoexpert\/#\/schema\/logo\/image\/","url":"https:\/\/www.imobiliare.ro\/imoexpert\/wp-content\/uploads\/2025\/05\/imobiliare_logo.png","contentUrl":"https:\/\/www.imobiliare.ro\/imoexpert\/wp-content\/uploads\/2025\/05\/imobiliare_logo.png","width":237,"height":29,"caption":"Imobiliare.ro"},"image":{"@id":"https:\/\/www.imobiliare.ro\/imoexpert\/#\/schema\/logo\/image\/"}},{"@type":"Person","@id":"https:\/\/www.imobiliare.ro\/imoexpert\/#\/schema\/person\/9ffdfbf24b82f39fc75a2fc6c19e4e99","name":"Corina V\u00e2rlan","image":{"@type":"ImageObject","inLanguage":"en","@id":"https:\/\/www.imobiliare.ro\/imoexpert\/#\/schema\/person\/image\/","url":"https:\/\/www.imobiliare.ro\/imoexpert\/wp-content\/uploads\/2026\/02\/12-02-2025-5-rezumat-brasov-thumb-reels-1-1-96x96.png","contentUrl":"https:\/\/www.imobiliare.ro\/imoexpert\/wp-content\/uploads\/2026\/02\/12-02-2025-5-rezumat-brasov-thumb-reels-1-1-96x96.png","caption":"Corina V\u00e2rlan"},"description":"Cu o experien\u021b\u0103 de 14 ani \u00een presa online, comunicare \u0219i content marketing, Corina V\u00e2rlan s-a al\u0103turat echipei Imobiliare.ro \u00een urm\u0103 cu 8 ani \u0219i ocup\u0103, \u00een prezent, func\u021bia de Content Manager. Ea este gazda emisiunii \"\u00centreab\u0103 expertul\" \u0219i a seriei 5 \u0218tiri Imobiliare.ro, realizate \u00een parteneriat cu Libertatea. Corina \u00ee\u0219i concentreaz\u0103 activitatea pe analiza datelor de pia\u021b\u0103 \u0219i pe subiecte de interes at\u00e2t pentru cei afla\u021bi \u00een c\u0103utarea unei locuin\u021be, c\u00e2t \u0219i pentru proprietari sau chiria\u0219i.","alternateName":"Corina","jobTitle":"Content Manager","url":"https:\/\/www.imobiliare.ro\/imoexpert\/author\/corina-varlan\/"}]}},"_links":{"self":[{"href":"https:\/\/www.imobiliare.ro\/imoexpert\/wp-json\/wp\/v2\/posts\/74697","targetHints":{"allow":["GET"]}}],"collection":[{"href":"https:\/\/www.imobiliare.ro\/imoexpert\/wp-json\/wp\/v2\/posts"}],"about":[{"href":"https:\/\/www.imobiliare.ro\/imoexpert\/wp-json\/wp\/v2\/types\/post"}],"author":[{"embeddable":true,"href":"https:\/\/www.imobiliare.ro\/imoexpert\/wp-json\/wp\/v2\/users\/5891"}],"replies":[{"embeddable":true,"href":"https:\/\/www.imobiliare.ro\/imoexpert\/wp-json\/wp\/v2\/comments?post=74697"}],"version-history":[{"count":0,"href":"https:\/\/www.imobiliare.ro\/imoexpert\/wp-json\/wp\/v2\/posts\/74697\/revisions"}],"wp:featuredmedia":[{"embeddable":true,"href":"https:\/\/www.imobiliare.ro\/imoexpert\/wp-json\/wp\/v2\/media\/74725"}],"wp:attachment":[{"href":"https:\/\/www.imobiliare.ro\/imoexpert\/wp-json\/wp\/v2\/media?parent=74697"}],"wp:term":[{"taxonomy":"category","embeddable":true,"href":"https:\/\/www.imobiliare.ro\/imoexpert\/wp-json\/wp\/v2\/categories?post=74697"},{"taxonomy":"post_tag","embeddable":true,"href":"https:\/\/www.imobiliare.ro\/imoexpert\/wp-json\/wp\/v2\/tags?post=74697"},{"taxonomy":"content_author","embeddable":true,"href":"https:\/\/www.imobiliare.ro\/imoexpert\/wp-json\/wp\/v2\/content_author?post=74697"}],"curies":[{"name":"wp","href":"https:\/\/api.w.org\/{rel}","templated":true}]}}