{"id":74886,"date":"2025-12-17T10:10:23","date_gmt":"2025-12-17T08:10:23","guid":{"rendered":"https:\/\/www.imobiliare.ro\/imoexpert\/?p=74886"},"modified":"2025-12-17T10:10:28","modified_gmt":"2025-12-17T08:10:28","slug":"inca-un-proiect-imobiliar-in-nordul-bucurestiului-lucrarile-incep-in-ianuarie-pe-santier","status":"publish","type":"post","link":"https:\/\/www.imobiliare.ro\/imoexpert\/inca-un-proiect-imobiliar-in-nordul-bucurestiului-lucrarile-incep-in-ianuarie-pe-santier_db\/","title":{"rendered":"\u00cenc\u0103 un proiect imobiliar \u00een nordul Bucure\u0219tiului. Lucr\u0103rile \u00eencep \u00een ianuarie pe \u0219antier"},"content":{"rendered":"\n<figure class=\"wp-block-image size-full\"><img loading=\"lazy\" decoding=\"async\" width=\"1200\" height=\"600\" src=\"https:\/\/www.imobiliare.ro\/imoexpert\/wp-content\/uploads\/2025\/12\/un-nou-proiect-rezidential-se-construieste-in-2026-in-pipera.jpg\" alt=\"\" class=\"wp-image-74887\" srcset=\"https:\/\/www.imobiliare.ro\/imoexpert\/wp-content\/uploads\/2025\/12\/un-nou-proiect-rezidential-se-construieste-in-2026-in-pipera.jpg 1200w, https:\/\/www.imobiliare.ro\/imoexpert\/wp-content\/uploads\/2025\/12\/un-nou-proiect-rezidential-se-construieste-in-2026-in-pipera-770x385.jpg 770w, https:\/\/www.imobiliare.ro\/imoexpert\/wp-content\/uploads\/2025\/12\/un-nou-proiect-rezidential-se-construieste-in-2026-in-pipera-390x195.jpg 390w\" sizes=\"auto, (max-width: 1200px) 100vw, 1200px\" \/><\/figure>\n\n\n\n<p><strong>Construc\u021bia unui nou proiect imobiliar situat \u00een nordul Capitalei este programat\u0103 s\u0103 \u00eenceap\u0103 \u00een luna ianuarie a anului 2026. <\/strong><\/p>\n\n\n\n<p>Abito Pipera va include la finalizare 150 de apartamente cu 1,2,3 \u0219i 4 camere, un parc interior, o zon\u0103 pietonal\u0103 \u0219i un rooftop amenajat pentru utilizarea comun\u0103 a reziden\u021bilor. <\/p>\n\n\n\n<p>Proiectul va integra sisteme de \u00eenc\u0103lzire \u0219i r\u0103cire pe baz\u0103 de pompe de c\u0103ldur\u0103, o solu\u021bie despre care reprezentan\u021bii acestuia spun c\u0103 va reduce costurile de operare \u0219i va duce la cre\u0219terea confortului pe termen lung.<\/p>\n\n\n\n<p>&#8222;Zona Pipera este probabil cea mai fierbinte zon\u0103 de investi\u021bii imobiliare din Rom\u00e2nia \u0219i va continua s\u0103 r\u0103m\u00e2n\u0103 pentru c\u0103 \u00eentrune\u0219te toate cerin\u021bele &#8211; facilit\u0103\u021bi multiple pentru locuire \u0219i business, popula\u021bie cu venituri superioare, comunitate mare deja existent\u0103, branding&#8221;, a declarat Daniel Tudor, Chief Investment Officer al Hubix, companie de management \u0219i investi\u021bii imobiliare care se implic\u0103 \u00een dezvoltarea proiectului cu o investi\u021bie de 20 de milioane de euro.<\/p>\n\n\n\n<p><strong>CITE\u0218TE \u0218I: <a class=\"article-body-links\"href=\"https:\/\/www.imobiliare.ro\/imoexpert\/nordul-capitalei-se-schimba-complet-initiativele-care-vor-rezolva-problema-traficului-inclusiv-pentru-cei-care-locuiesc-la-intrarea-in-voluntari_db\/\" target=\"_blank\" rel=\"noreferrer noopener\">Nordul Capitalei se schimb\u0103 complet. Ini\u021biativele care vor rezolva problema traficului inclusiv pentru cei care locuiesc la intrarea \u00een Voluntari<\/a><\/strong><\/p>\n","protected":false},"excerpt":{"rendered":"<p>Lucr\u0103rile de construc\u021bie pentru un nou proiect reziden\u021bial din nordul Bucure\u0219tiului vor fi demarate la \u00eenceputul anului 2026.<\/p>\n","protected":false},"author":5891,"featured_media":74887,"comment_status":"open","ping_status":"open","sticky":false,"template":"","format":"standard","meta":{"footnotes":""},"categories":[259],"tags":[561,618],"content_author":[],"class_list":["post-74886","post","type-post","status-publish","format-standard","has-post-thumbnail","hentry","category-stiri","tag-pipera","tag-proiecte-imobiliare"],"yoast_head":"<!-- This site is optimized with the Yoast SEO Premium plugin v27.0 (Yoast SEO v27.0) - https:\/\/yoast.com\/product\/yoast-seo-premium-wordpress\/ -->\n<title>\u00cenc\u0103 un proiect imobiliar \u00een nordul Bucure\u0219tiului. Lucr\u0103rile \u00eencep \u00een ianuarie pe \u0219antier - \u0218tiri - ImoExpert<\/title>\n<meta name=\"description\" content=\"Lucr\u0103rile de construc\u021bie pentru un nou proiect reziden\u021bial din nordul Bucure\u0219tiului vor fi demarate la \u00eenceputul anului 2026.\" \/>\n<meta name=\"robots\" content=\"index, follow\" \/>\n<link rel=\"canonical\" href=\"https:\/\/www.imobiliare.ro\/imoexpert\/inca-un-proiect-imobiliar-in-nordul-bucurestiului-lucrarile-incep-in-ianuarie-pe-santier_db\/\" \/>\n<meta property=\"og:locale\" content=\"ro_RO\" \/>\n<meta property=\"og:type\" content=\"article\" \/>\n<meta property=\"og:title\" content=\"\u00cenc\u0103 un proiect imobiliar \u00een nordul Bucure\u0219tiului. Lucr\u0103rile \u00eencep \u00een ianuarie pe \u0219antier\" \/>\n<meta property=\"og:description\" content=\"Lucr\u0103rile de construc\u021bie pentru un nou proiect reziden\u021bial din nordul Bucure\u0219tiului vor fi demarate la \u00eenceputul anului 2026.\" \/>\n<meta property=\"og:url\" content=\"https:\/\/www.imobiliare.ro\/imoexpert\/inca-un-proiect-imobiliar-in-nordul-bucurestiului-lucrarile-incep-in-ianuarie-pe-santier_db\/\" \/>\n<meta property=\"og:site_name\" content=\"ImoExpert\" \/>\n<meta property=\"article:published_time\" content=\"2025-12-17T08:10:23+00:00\" \/>\n<meta property=\"article:modified_time\" content=\"2025-12-17T08:10:28+00:00\" \/>\n<meta property=\"og:image\" content=\"https:\/\/www.imobiliare.ro\/imoexpert\/wp-content\/uploads\/2025\/12\/un-nou-proiect-rezidential-se-construieste-in-2026-in-pipera.jpg\" \/>\n\t<meta property=\"og:image:width\" content=\"1200\" \/>\n\t<meta property=\"og:image:height\" content=\"600\" \/>\n\t<meta property=\"og:image:type\" content=\"image\/jpeg\" \/>\n<meta name=\"author\" content=\"Corina V\u00e2rlan\" \/>\n<meta name=\"twitter:card\" content=\"summary_large_image\" \/>\n<meta name=\"twitter:label1\" content=\"Written by\" \/>\n\t<meta name=\"twitter:data1\" content=\"Corina V\u00e2rlan\" \/>\n\t<meta name=\"twitter:label2\" content=\"Est. reading time\" \/>\n\t<meta name=\"twitter:data2\" content=\"2 minute\" \/>\n<script type=\"application\/ld+json\" class=\"yoast-schema-graph\">{\"@context\":\"https:\/\/schema.org\",\"@graph\":[{\"@type\":\"Article\",\"@id\":\"https:\/\/www.imobiliare.ro\/imoexpert\/inca-un-proiect-imobiliar-in-nordul-bucurestiului-lucrarile-incep-in-ianuarie-pe-santier_db\/#article\",\"isPartOf\":{\"@id\":\"https:\/\/www.imobiliare.ro\/imoexpert\/inca-un-proiect-imobiliar-in-nordul-bucurestiului-lucrarile-incep-in-ianuarie-pe-santier_db\/\"},\"author\":{\"name\":\"Corina V\u00e2rlan\",\"@id\":\"https:\/\/www.imobiliare.ro\/imoexpert\/#\/schema\/person\/9ffdfbf24b82f39fc75a2fc6c19e4e99\"},\"headline\":\"\u00cenc\u0103 un proiect imobiliar \u00een nordul Bucure\u0219tiului. Lucr\u0103rile \u00eencep \u00een ianuarie pe \u0219antier\",\"datePublished\":\"2025-12-17T08:10:23+00:00\",\"dateModified\":\"2025-12-17T08:10:28+00:00\",\"mainEntityOfPage\":{\"@id\":\"https:\/\/www.imobiliare.ro\/imoexpert\/inca-un-proiect-imobiliar-in-nordul-bucurestiului-lucrarile-incep-in-ianuarie-pe-santier_db\/\"},\"wordCount\":205,\"commentCount\":0,\"publisher\":{\"@id\":\"https:\/\/www.imobiliare.ro\/imoexpert\/#organization\"},\"image\":{\"@id\":\"https:\/\/www.imobiliare.ro\/imoexpert\/inca-un-proiect-imobiliar-in-nordul-bucurestiului-lucrarile-incep-in-ianuarie-pe-santier_db\/#primaryimage\"},\"thumbnailUrl\":\"https:\/\/www.imobiliare.ro\/imoexpert\/wp-content\/uploads\/2025\/12\/un-nou-proiect-rezidential-se-construieste-in-2026-in-pipera.jpg\",\"keywords\":[\"Pipera\",\"proiecte imobiliare\"],\"articleSection\":[\"\u0218tiri\"],\"inLanguage\":\"en\",\"potentialAction\":[{\"@type\":\"CommentAction\",\"name\":\"Comment\",\"target\":[\"https:\/\/www.imobiliare.ro\/imoexpert\/inca-un-proiect-imobiliar-in-nordul-bucurestiului-lucrarile-incep-in-ianuarie-pe-santier_db\/#respond\"]}],\"copyrightYear\":\"2025\",\"copyrightHolder\":{\"@id\":\"https:\/\/www.imobiliare.ro\/imoexpert\/#organization\"}},{\"@type\":\"WebPage\",\"@id\":\"https:\/\/www.imobiliare.ro\/imoexpert\/inca-un-proiect-imobiliar-in-nordul-bucurestiului-lucrarile-incep-in-ianuarie-pe-santier_db\/\",\"url\":\"https:\/\/www.imobiliare.ro\/imoexpert\/inca-un-proiect-imobiliar-in-nordul-bucurestiului-lucrarile-incep-in-ianuarie-pe-santier_db\/\",\"name\":\"\u00cenc\u0103 un proiect imobiliar \u00een nordul Bucure\u0219tiului. Lucr\u0103rile \u00eencep \u00een ianuarie pe \u0219antier - \u0218tiri - ImoExpert\",\"isPartOf\":{\"@id\":\"https:\/\/www.imobiliare.ro\/imoexpert\/#website\"},\"primaryImageOfPage\":{\"@id\":\"https:\/\/www.imobiliare.ro\/imoexpert\/inca-un-proiect-imobiliar-in-nordul-bucurestiului-lucrarile-incep-in-ianuarie-pe-santier_db\/#primaryimage\"},\"image\":{\"@id\":\"https:\/\/www.imobiliare.ro\/imoexpert\/inca-un-proiect-imobiliar-in-nordul-bucurestiului-lucrarile-incep-in-ianuarie-pe-santier_db\/#primaryimage\"},\"thumbnailUrl\":\"https:\/\/www.imobiliare.ro\/imoexpert\/wp-content\/uploads\/2025\/12\/un-nou-proiect-rezidential-se-construieste-in-2026-in-pipera.jpg\",\"datePublished\":\"2025-12-17T08:10:23+00:00\",\"dateModified\":\"2025-12-17T08:10:28+00:00\",\"description\":\"Lucr\u0103rile de construc\u021bie pentru un nou proiect reziden\u021bial din nordul Bucure\u0219tiului vor fi demarate la \u00eenceputul anului 2026.\",\"breadcrumb\":{\"@id\":\"https:\/\/www.imobiliare.ro\/imoexpert\/inca-un-proiect-imobiliar-in-nordul-bucurestiului-lucrarile-incep-in-ianuarie-pe-santier_db\/#breadcrumb\"},\"inLanguage\":\"en\",\"potentialAction\":[{\"@type\":\"ReadAction\",\"target\":[\"https:\/\/www.imobiliare.ro\/imoexpert\/inca-un-proiect-imobiliar-in-nordul-bucurestiului-lucrarile-incep-in-ianuarie-pe-santier_db\/\"]}]},{\"@type\":\"ImageObject\",\"inLanguage\":\"en\",\"@id\":\"https:\/\/www.imobiliare.ro\/imoexpert\/inca-un-proiect-imobiliar-in-nordul-bucurestiului-lucrarile-incep-in-ianuarie-pe-santier_db\/#primaryimage\",\"url\":\"https:\/\/www.imobiliare.ro\/imoexpert\/wp-content\/uploads\/2025\/12\/un-nou-proiect-rezidential-se-construieste-in-2026-in-pipera.jpg\",\"contentUrl\":\"https:\/\/www.imobiliare.ro\/imoexpert\/wp-content\/uploads\/2025\/12\/un-nou-proiect-rezidential-se-construieste-in-2026-in-pipera.jpg\",\"width\":1200,\"height\":600},{\"@type\":\"BreadcrumbList\",\"@id\":\"https:\/\/www.imobiliare.ro\/imoexpert\/inca-un-proiect-imobiliar-in-nordul-bucurestiului-lucrarile-incep-in-ianuarie-pe-santier_db\/#breadcrumb\",\"itemListElement\":[{\"@type\":\"ListItem\",\"position\":1,\"name\":\"Imoradar24\",\"item\":\"https:\/\/www.imoradar24.ro\"},{\"@type\":\"ListItem\",\"position\":2,\"name\":\"ImoExpert\",\"item\":\"https:\/\/www.imobiliare.ro\/imoexpert\/\"},{\"@type\":\"ListItem\",\"position\":3,\"name\":\"\u0218tiri\",\"item\":\"https:\/\/www.imobiliare.ro\/imoexpert\/stiri\/\"},{\"@type\":\"ListItem\",\"position\":4,\"name\":\"\u00cenc\u0103 un proiect imobiliar \u00een nordul Bucure\u0219tiului. Lucr\u0103rile \u00eencep \u00een ianuarie pe \u0219antier\"}]},{\"@type\":\"WebSite\",\"@id\":\"https:\/\/www.imobiliare.ro\/imoexpert\/#website\",\"url\":\"https:\/\/www.imobiliare.ro\/imoexpert\/\",\"name\":\"ImoExpert\",\"description\":\"cele mai importante \u015ftiri din domeniul imobiliar\",\"publisher\":{\"@id\":\"https:\/\/www.imobiliare.ro\/imoexpert\/#organization\"},\"inLanguage\":\"en\"},{\"@type\":\"Organization\",\"@id\":\"https:\/\/www.imobiliare.ro\/imoexpert\/#organization\",\"name\":\"Imobiliare.ro\",\"alternateName\":\"Realmedia Network SA\",\"url\":\"https:\/\/www.imobiliare.ro\/imoexpert\/\",\"logo\":{\"@type\":\"ImageObject\",\"inLanguage\":\"en\",\"@id\":\"https:\/\/www.imobiliare.ro\/imoexpert\/#\/schema\/logo\/image\/\",\"url\":\"https:\/\/www.imobiliare.ro\/imoexpert\/wp-content\/uploads\/2025\/05\/imobiliare_logo.png\",\"contentUrl\":\"https:\/\/www.imobiliare.ro\/imoexpert\/wp-content\/uploads\/2025\/05\/imobiliare_logo.png\",\"width\":237,\"height\":29,\"caption\":\"Imobiliare.ro\"},\"image\":{\"@id\":\"https:\/\/www.imobiliare.ro\/imoexpert\/#\/schema\/logo\/image\/\"}},{\"@type\":\"Person\",\"@id\":\"https:\/\/www.imobiliare.ro\/imoexpert\/#\/schema\/person\/9ffdfbf24b82f39fc75a2fc6c19e4e99\",\"name\":\"Corina V\u00e2rlan\",\"image\":{\"@type\":\"ImageObject\",\"inLanguage\":\"en\",\"@id\":\"https:\/\/www.imobiliare.ro\/imoexpert\/#\/schema\/person\/image\/\",\"url\":\"https:\/\/www.imobiliare.ro\/imoexpert\/wp-content\/uploads\/2026\/02\/12-02-2025-5-rezumat-brasov-thumb-reels-1-1-96x96.png\",\"contentUrl\":\"https:\/\/www.imobiliare.ro\/imoexpert\/wp-content\/uploads\/2026\/02\/12-02-2025-5-rezumat-brasov-thumb-reels-1-1-96x96.png\",\"caption\":\"Corina V\u00e2rlan\"},\"description\":\"Cu o experien\u021b\u0103 de 14 ani \u00een presa online, comunicare \u0219i content marketing, Corina V\u00e2rlan s-a al\u0103turat echipei Imobiliare.ro \u00een urm\u0103 cu 8 ani \u0219i ocup\u0103, \u00een prezent, func\u021bia de Content Manager. Ea este gazda emisiunii \\\"\u00centreab\u0103 expertul\\\" \u0219i a seriei 5 \u0218tiri Imobiliare.ro, realizate \u00een parteneriat cu Libertatea. Corina \u00ee\u0219i concentreaz\u0103 activitatea pe analiza datelor de pia\u021b\u0103 \u0219i pe subiecte de interes at\u00e2t pentru cei afla\u021bi \u00een c\u0103utarea unei locuin\u021be, c\u00e2t \u0219i pentru proprietari sau chiria\u0219i.\",\"alternateName\":\"Corina\",\"jobTitle\":\"Content Manager\",\"url\":\"https:\/\/www.imobiliare.ro\/imoexpert\/author\/corina-varlan\/\"}]}<\/script>\n<!-- \/ Yoast SEO Premium plugin. -->","yoast_head_json":{"title":"\u00cenc\u0103 un proiect imobiliar \u00een nordul Bucure\u0219tiului. Lucr\u0103rile \u00eencep \u00een ianuarie pe \u0219antier - \u0218tiri - ImoExpert","description":"Lucr\u0103rile de construc\u021bie pentru un nou proiect reziden\u021bial din nordul Bucure\u0219tiului vor fi demarate la \u00eenceputul anului 2026.","robots":{"index":"index","follow":"follow"},"canonical":"https:\/\/www.imobiliare.ro\/imoexpert\/inca-un-proiect-imobiliar-in-nordul-bucurestiului-lucrarile-incep-in-ianuarie-pe-santier_db\/","og_locale":"ro_RO","og_type":"article","og_title":"\u00cenc\u0103 un proiect imobiliar \u00een nordul Bucure\u0219tiului. Lucr\u0103rile \u00eencep \u00een ianuarie pe \u0219antier","og_description":"Lucr\u0103rile de construc\u021bie pentru un nou proiect reziden\u021bial din nordul Bucure\u0219tiului vor fi demarate la \u00eenceputul anului 2026.","og_url":"https:\/\/www.imobiliare.ro\/imoexpert\/inca-un-proiect-imobiliar-in-nordul-bucurestiului-lucrarile-incep-in-ianuarie-pe-santier_db\/","og_site_name":"ImoExpert","article_published_time":"2025-12-17T08:10:23+00:00","article_modified_time":"2025-12-17T08:10:28+00:00","og_image":[{"width":1200,"height":600,"url":"https:\/\/www.imobiliare.ro\/imoexpert\/wp-content\/uploads\/2025\/12\/un-nou-proiect-rezidential-se-construieste-in-2026-in-pipera.jpg","type":"image\/jpeg"}],"author":"Corina V\u00e2rlan","twitter_card":"summary_large_image","twitter_misc":{"Written by":"Corina V\u00e2rlan","Est. reading time":"2 minute"},"schema":{"@context":"https:\/\/schema.org","@graph":[{"@type":"Article","@id":"https:\/\/www.imobiliare.ro\/imoexpert\/inca-un-proiect-imobiliar-in-nordul-bucurestiului-lucrarile-incep-in-ianuarie-pe-santier_db\/#article","isPartOf":{"@id":"https:\/\/www.imobiliare.ro\/imoexpert\/inca-un-proiect-imobiliar-in-nordul-bucurestiului-lucrarile-incep-in-ianuarie-pe-santier_db\/"},"author":{"name":"Corina V\u00e2rlan","@id":"https:\/\/www.imobiliare.ro\/imoexpert\/#\/schema\/person\/9ffdfbf24b82f39fc75a2fc6c19e4e99"},"headline":"\u00cenc\u0103 un proiect imobiliar \u00een nordul Bucure\u0219tiului. Lucr\u0103rile \u00eencep \u00een ianuarie pe \u0219antier","datePublished":"2025-12-17T08:10:23+00:00","dateModified":"2025-12-17T08:10:28+00:00","mainEntityOfPage":{"@id":"https:\/\/www.imobiliare.ro\/imoexpert\/inca-un-proiect-imobiliar-in-nordul-bucurestiului-lucrarile-incep-in-ianuarie-pe-santier_db\/"},"wordCount":205,"commentCount":0,"publisher":{"@id":"https:\/\/www.imobiliare.ro\/imoexpert\/#organization"},"image":{"@id":"https:\/\/www.imobiliare.ro\/imoexpert\/inca-un-proiect-imobiliar-in-nordul-bucurestiului-lucrarile-incep-in-ianuarie-pe-santier_db\/#primaryimage"},"thumbnailUrl":"https:\/\/www.imobiliare.ro\/imoexpert\/wp-content\/uploads\/2025\/12\/un-nou-proiect-rezidential-se-construieste-in-2026-in-pipera.jpg","keywords":["Pipera","proiecte imobiliare"],"articleSection":["\u0218tiri"],"inLanguage":"en","potentialAction":[{"@type":"CommentAction","name":"Comment","target":["https:\/\/www.imobiliare.ro\/imoexpert\/inca-un-proiect-imobiliar-in-nordul-bucurestiului-lucrarile-incep-in-ianuarie-pe-santier_db\/#respond"]}],"copyrightYear":"2025","copyrightHolder":{"@id":"https:\/\/www.imobiliare.ro\/imoexpert\/#organization"}},{"@type":"WebPage","@id":"https:\/\/www.imobiliare.ro\/imoexpert\/inca-un-proiect-imobiliar-in-nordul-bucurestiului-lucrarile-incep-in-ianuarie-pe-santier_db\/","url":"https:\/\/www.imobiliare.ro\/imoexpert\/inca-un-proiect-imobiliar-in-nordul-bucurestiului-lucrarile-incep-in-ianuarie-pe-santier_db\/","name":"\u00cenc\u0103 un proiect imobiliar \u00een nordul Bucure\u0219tiului. Lucr\u0103rile \u00eencep \u00een ianuarie pe \u0219antier - \u0218tiri - ImoExpert","isPartOf":{"@id":"https:\/\/www.imobiliare.ro\/imoexpert\/#website"},"primaryImageOfPage":{"@id":"https:\/\/www.imobiliare.ro\/imoexpert\/inca-un-proiect-imobiliar-in-nordul-bucurestiului-lucrarile-incep-in-ianuarie-pe-santier_db\/#primaryimage"},"image":{"@id":"https:\/\/www.imobiliare.ro\/imoexpert\/inca-un-proiect-imobiliar-in-nordul-bucurestiului-lucrarile-incep-in-ianuarie-pe-santier_db\/#primaryimage"},"thumbnailUrl":"https:\/\/www.imobiliare.ro\/imoexpert\/wp-content\/uploads\/2025\/12\/un-nou-proiect-rezidential-se-construieste-in-2026-in-pipera.jpg","datePublished":"2025-12-17T08:10:23+00:00","dateModified":"2025-12-17T08:10:28+00:00","description":"Lucr\u0103rile de construc\u021bie pentru un nou proiect reziden\u021bial din nordul Bucure\u0219tiului vor fi demarate la \u00eenceputul anului 2026.","breadcrumb":{"@id":"https:\/\/www.imobiliare.ro\/imoexpert\/inca-un-proiect-imobiliar-in-nordul-bucurestiului-lucrarile-incep-in-ianuarie-pe-santier_db\/#breadcrumb"},"inLanguage":"en","potentialAction":[{"@type":"ReadAction","target":["https:\/\/www.imobiliare.ro\/imoexpert\/inca-un-proiect-imobiliar-in-nordul-bucurestiului-lucrarile-incep-in-ianuarie-pe-santier_db\/"]}]},{"@type":"ImageObject","inLanguage":"en","@id":"https:\/\/www.imobiliare.ro\/imoexpert\/inca-un-proiect-imobiliar-in-nordul-bucurestiului-lucrarile-incep-in-ianuarie-pe-santier_db\/#primaryimage","url":"https:\/\/www.imobiliare.ro\/imoexpert\/wp-content\/uploads\/2025\/12\/un-nou-proiect-rezidential-se-construieste-in-2026-in-pipera.jpg","contentUrl":"https:\/\/www.imobiliare.ro\/imoexpert\/wp-content\/uploads\/2025\/12\/un-nou-proiect-rezidential-se-construieste-in-2026-in-pipera.jpg","width":1200,"height":600},{"@type":"BreadcrumbList","@id":"https:\/\/www.imobiliare.ro\/imoexpert\/inca-un-proiect-imobiliar-in-nordul-bucurestiului-lucrarile-incep-in-ianuarie-pe-santier_db\/#breadcrumb","itemListElement":[{"@type":"ListItem","position":1,"name":"Imoradar24","item":"https:\/\/www.imoradar24.ro"},{"@type":"ListItem","position":2,"name":"ImoExpert","item":"https:\/\/www.imobiliare.ro\/imoexpert\/"},{"@type":"ListItem","position":3,"name":"\u0218tiri","item":"https:\/\/www.imobiliare.ro\/imoexpert\/stiri\/"},{"@type":"ListItem","position":4,"name":"\u00cenc\u0103 un proiect imobiliar \u00een nordul Bucure\u0219tiului. Lucr\u0103rile \u00eencep \u00een ianuarie pe \u0219antier"}]},{"@type":"WebSite","@id":"https:\/\/www.imobiliare.ro\/imoexpert\/#website","url":"https:\/\/www.imobiliare.ro\/imoexpert\/","name":"ImoExpert","description":"cele mai importante \u015ftiri din domeniul imobiliar","publisher":{"@id":"https:\/\/www.imobiliare.ro\/imoexpert\/#organization"},"inLanguage":"en"},{"@type":"Organization","@id":"https:\/\/www.imobiliare.ro\/imoexpert\/#organization","name":"Imobiliare.ro","alternateName":"Realmedia Network SA","url":"https:\/\/www.imobiliare.ro\/imoexpert\/","logo":{"@type":"ImageObject","inLanguage":"en","@id":"https:\/\/www.imobiliare.ro\/imoexpert\/#\/schema\/logo\/image\/","url":"https:\/\/www.imobiliare.ro\/imoexpert\/wp-content\/uploads\/2025\/05\/imobiliare_logo.png","contentUrl":"https:\/\/www.imobiliare.ro\/imoexpert\/wp-content\/uploads\/2025\/05\/imobiliare_logo.png","width":237,"height":29,"caption":"Imobiliare.ro"},"image":{"@id":"https:\/\/www.imobiliare.ro\/imoexpert\/#\/schema\/logo\/image\/"}},{"@type":"Person","@id":"https:\/\/www.imobiliare.ro\/imoexpert\/#\/schema\/person\/9ffdfbf24b82f39fc75a2fc6c19e4e99","name":"Corina V\u00e2rlan","image":{"@type":"ImageObject","inLanguage":"en","@id":"https:\/\/www.imobiliare.ro\/imoexpert\/#\/schema\/person\/image\/","url":"https:\/\/www.imobiliare.ro\/imoexpert\/wp-content\/uploads\/2026\/02\/12-02-2025-5-rezumat-brasov-thumb-reels-1-1-96x96.png","contentUrl":"https:\/\/www.imobiliare.ro\/imoexpert\/wp-content\/uploads\/2026\/02\/12-02-2025-5-rezumat-brasov-thumb-reels-1-1-96x96.png","caption":"Corina V\u00e2rlan"},"description":"Cu o experien\u021b\u0103 de 14 ani \u00een presa online, comunicare \u0219i content marketing, Corina V\u00e2rlan s-a al\u0103turat echipei Imobiliare.ro \u00een urm\u0103 cu 8 ani \u0219i ocup\u0103, \u00een prezent, func\u021bia de Content Manager. Ea este gazda emisiunii \"\u00centreab\u0103 expertul\" \u0219i a seriei 5 \u0218tiri Imobiliare.ro, realizate \u00een parteneriat cu Libertatea. Corina \u00ee\u0219i concentreaz\u0103 activitatea pe analiza datelor de pia\u021b\u0103 \u0219i pe subiecte de interes at\u00e2t pentru cei afla\u021bi \u00een c\u0103utarea unei locuin\u021be, c\u00e2t \u0219i pentru proprietari sau chiria\u0219i.","alternateName":"Corina","jobTitle":"Content Manager","url":"https:\/\/www.imobiliare.ro\/imoexpert\/author\/corina-varlan\/"}]}},"_links":{"self":[{"href":"https:\/\/www.imobiliare.ro\/imoexpert\/wp-json\/wp\/v2\/posts\/74886","targetHints":{"allow":["GET"]}}],"collection":[{"href":"https:\/\/www.imobiliare.ro\/imoexpert\/wp-json\/wp\/v2\/posts"}],"about":[{"href":"https:\/\/www.imobiliare.ro\/imoexpert\/wp-json\/wp\/v2\/types\/post"}],"author":[{"embeddable":true,"href":"https:\/\/www.imobiliare.ro\/imoexpert\/wp-json\/wp\/v2\/users\/5891"}],"replies":[{"embeddable":true,"href":"https:\/\/www.imobiliare.ro\/imoexpert\/wp-json\/wp\/v2\/comments?post=74886"}],"version-history":[{"count":0,"href":"https:\/\/www.imobiliare.ro\/imoexpert\/wp-json\/wp\/v2\/posts\/74886\/revisions"}],"wp:featuredmedia":[{"embeddable":true,"href":"https:\/\/www.imobiliare.ro\/imoexpert\/wp-json\/wp\/v2\/media\/74887"}],"wp:attachment":[{"href":"https:\/\/www.imobiliare.ro\/imoexpert\/wp-json\/wp\/v2\/media?parent=74886"}],"wp:term":[{"taxonomy":"category","embeddable":true,"href":"https:\/\/www.imobiliare.ro\/imoexpert\/wp-json\/wp\/v2\/categories?post=74886"},{"taxonomy":"post_tag","embeddable":true,"href":"https:\/\/www.imobiliare.ro\/imoexpert\/wp-json\/wp\/v2\/tags?post=74886"},{"taxonomy":"content_author","embeddable":true,"href":"https:\/\/www.imobiliare.ro\/imoexpert\/wp-json\/wp\/v2\/content_author?post=74886"}],"curies":[{"name":"wp","href":"https:\/\/api.w.org\/{rel}","templated":true}]}}