{"id":75054,"date":"2026-01-19T10:49:35","date_gmt":"2026-01-19T08:49:35","guid":{"rendered":"https:\/\/www.imobiliare.ro\/imoexpert\/?p=75054"},"modified":"2026-01-19T10:51:04","modified_gmt":"2026-01-19T08:51:04","slug":"cand-a-ajuns-cluj-napoca-sa-domine-peisajul-imobiliar-preturile-din-vestul-tarii-palesc-in-fata-celor-din-marile-metropole-europene","status":"publish","type":"post","link":"https:\/\/www.imobiliare.ro\/imoexpert\/cand-a-ajuns-cluj-napoca-sa-domine-peisajul-imobiliar-preturile-din-vestul-tarii-palesc-in-fata-celor-din-marile-metropole-europene_db\/","title":{"rendered":"C\u00e2nd a ajuns Cluj-Napoca s\u0103 domine peisajul imobiliar? Pre\u021burile din vestul \u021b\u0103rii p\u0103lesc \u00een fa\u021b\u0103 celor din marile metropole europene"},"content":{"rendered":"\n<figure class=\"wp-block-image size-full\"><img loading=\"lazy\" decoding=\"async\" width=\"1200\" height=\"600\" src=\"https:\/\/www.imobiliare.ro\/imoexpert\/wp-content\/uploads\/2026\/01\/cum-au-ajuns-preturile-apartamentelor-din-cluj-napoca-sa-fie-mai-mari-fata-de-cele-din-bucuresti.jpg\" alt=\"\" class=\"wp-image-75056\" srcset=\"https:\/\/www.imobiliare.ro\/imoexpert\/wp-content\/uploads\/2026\/01\/cum-au-ajuns-preturile-apartamentelor-din-cluj-napoca-sa-fie-mai-mari-fata-de-cele-din-bucuresti.jpg 1200w, https:\/\/www.imobiliare.ro\/imoexpert\/wp-content\/uploads\/2026\/01\/cum-au-ajuns-preturile-apartamentelor-din-cluj-napoca-sa-fie-mai-mari-fata-de-cele-din-bucuresti-770x385.jpg 770w, https:\/\/www.imobiliare.ro\/imoexpert\/wp-content\/uploads\/2026\/01\/cum-au-ajuns-preturile-apartamentelor-din-cluj-napoca-sa-fie-mai-mari-fata-de-cele-din-bucuresti-390x195.jpg 390w\" sizes=\"auto, (max-width: 1200px) 100vw, 1200px\" \/><\/figure>\n\n\n\n<p><strong>Cluj-Napoca nu a fost de la \u00eenceput cel mai scump ora\u0219 din Rom\u00e2nia pentru cump\u0103r\u0103torii de imobiliare. Ora\u0219ul din vestul \u021b\u0103rii a p\u0103\u0219it \u00een &#8222;lumina reflectoarelor&#8221; \u00een anul 2014, c\u00e2nd a reu\u0219it pentru prima dat\u0103 s\u0103 egaleze pre\u021burile solicitate \u00een Bucure\u0219ti. Din 2015 a \u00eenceput s\u0103 domine, \u00eens\u0103, peisajul imobiliar \u0219i de atunci a reu\u0219it s\u0103-\u0219i men\u021bin\u0103 pozi\u021bia \u00een v\u00e2rful clasamenului na\u021bional al pre\u021burilor.<\/strong><\/p>\n\n\n\n<p>Diferen\u021bele de pre\u021b \u00eentre cele dou\u0103 ora\u0219e au atins un nivel record \u00een 2023. Atunci, apartamentele clujene se vindeau cu<strong> pre\u021buri cu 60% mai mari<\/strong> dec\u00e2t cele disponibile pe pia\u021ba bucure\u0219tean\u0103. \u00cen ultimii ani, \u00eens\u0103, at\u00e2t Capitala, c\u00e2t \u0219i celelalte mari centre urbane din \u021bar\u0103 au \u00eenceput s\u0103 mai recupereze din terenul pierdut, iar <strong>ritmul de cre\u0219tere<\/strong> de pe pia\u021ba reziden\u021bial\u0103 clujean\u0103 <strong>a \u00eenceput u\u0219or, u\u0219or s\u0103 fr\u00e2neze<\/strong>. <\/p>\n\n\n\n<figure class=\"wp-block-image size-full\"><img loading=\"lazy\" decoding=\"async\" width=\"1200\" height=\"800\" src=\"https:\/\/www.imobiliare.ro\/imoexpert\/wp-content\/uploads\/2026\/01\/evolutia-preturilor-pe-piata-imobiliara-din-cluj-napoca.jpg\" alt=\"\" class=\"wp-image-75057\" srcset=\"https:\/\/www.imobiliare.ro\/imoexpert\/wp-content\/uploads\/2026\/01\/evolutia-preturilor-pe-piata-imobiliara-din-cluj-napoca.jpg 1200w, https:\/\/www.imobiliare.ro\/imoexpert\/wp-content\/uploads\/2026\/01\/evolutia-preturilor-pe-piata-imobiliara-din-cluj-napoca-770x513.jpg 770w, https:\/\/www.imobiliare.ro\/imoexpert\/wp-content\/uploads\/2026\/01\/evolutia-preturilor-pe-piata-imobiliara-din-cluj-napoca-390x260.jpg 390w\" sizes=\"auto, (max-width: 1200px) 100vw, 1200px\" \/><\/figure>\n\n\n\n<p>\u00cen momentul de fa\u021b\u0103, pre\u021bul mediu solicitat pentru apartamentele din Cluj-Napoca dep\u0103\u0219e\u0219te pragul de 3.000 euro\/mp util, cu maxime \u00eenregistrate pe segmentul nou de circa 3.300 euro\/mp util, arat\u0103 <a class=\"article-body-links\"href=\"https:\/\/www.imobiliare.ro\/indicele-imobiliare-ro\/cluj-napoca\" target=\"_blank\" rel=\"noreferrer noopener\">Indicele Imobiliare.ro<\/a>. Practic, discut\u0103m despre pre\u021buri cu aproximativ 50% mai mari fa\u021b\u0103 de cele din Bucure\u0219ti \u0219i cu circa 60% peste media \u00eenregistrat\u0103 la nivel na\u021bional.<\/p>\n\n\n\n<p class=\"has-medium-font-size\"><strong>\u00cen Cluj se negociaz\u0103 mult \u0219i apartamentele r\u0103m\u00e2n pe durate mai lungi de timp \u00een pia\u021b\u0103<\/strong><\/p>\n\n\n\n<p>Pe pia\u021ba reziden\u021bial\u0103 clujean\u0103 se observ\u0103 <strong>cea mai mare marj\u0103 de negociere<\/strong> \u00eenregistrat\u0103 \u00een principalele centre urbane monitorizate de Imobiliare.ro. \u00cen trimestrul III al anului trecut, de exemplu, aceasta ajungea la <strong>4,2%<\/strong> \u00een timp ce \u00een Capital\u0103 se pozi\u021biona \u00een jurul a 3,6%. <\/p>\n\n\n\n<p><strong>Perioada petrecut\u0103 \u00een pia\u021b\u0103<\/strong> de apartamentele din Cluj-Napoca este, de asemenea, <strong>una dintre cele mai mari din \u021bar\u0103<\/strong>, ajung\u00e2nd \u00een acela\u0219i interval de timp la<strong> 67 de zile<\/strong>. Spre compara\u021bie, \u00een Bucure\u0219ti se g\u0103sesc cump\u0103r\u0103tori pentru apartamentele scoase la v\u00e2nzare, \u00een medie, \u00een 51 de zile.<\/p>\n\n\n\n<figure class=\"wp-block-image size-full\"><a class=\"article-body-links\"href=\"https:\/\/www.imobiliare.ro\/retrospectiva-2025\" target=\"_blank\" rel=\" noreferrer noopener\"><img loading=\"lazy\" decoding=\"async\" width=\"1200\" height=\"400\" src=\"https:\/\/www.imobiliare.ro\/imoexpert\/wp-content\/uploads\/2026\/01\/restrospectiva-anului-2025-in-imobiliare.jpg\" alt=\"\" class=\"wp-image-75058\" srcset=\"https:\/\/www.imobiliare.ro\/imoexpert\/wp-content\/uploads\/2026\/01\/restrospectiva-anului-2025-in-imobiliare.jpg 1200w, https:\/\/www.imobiliare.ro\/imoexpert\/wp-content\/uploads\/2026\/01\/restrospectiva-anului-2025-in-imobiliare-770x257.jpg 770w, https:\/\/www.imobiliare.ro\/imoexpert\/wp-content\/uploads\/2026\/01\/restrospectiva-anului-2025-in-imobiliare-390x130.jpg 390w\" sizes=\"auto, (max-width: 1200px) 100vw, 1200px\" \/><\/a><\/figure>\n\n\n\n<p class=\"has-medium-font-size\"><strong>Rom\u00e2nia, una dintre cele mai ieftine \u021b\u0103ri din regiune<\/strong><\/p>\n\n\n\n<p>De\u0219i \u00een Rom\u00e2nia discut\u0103m despre <a class=\"article-body-links\"href=\"https:\/\/www.imobiliare.ro\/imoexpert\/ce-trebuie-sa-stii-la-inceputul-anului-2026-daca-vrei-sa-ti-cumperi-o-locuinta-indicele-imobiliare-ro_db\/\" target=\"_blank\" rel=\"noreferrer noopener\">maxime de 3.300 euro\/mp<\/a>, \u021bara noastr\u0103 este considerat\u0103 a fi una dintre cele mai accesibile din regiune. <\/p>\n\n\n\n<p>Doar \u00een <strong>Turcia, Bosnia \u0219i Her\u021begovina \u0219i \u00een Albania<\/strong> locuin\u021bele se v\u00e2nd cu pre\u021buri mai mici, potrivit <a class=\"article-body-links\"href=\"https:\/\/www.deloitte.com\/ro\/ro\/about\/press-room\/studiu-deloitte-romania-pe-locul-al-patrulea-topul-tarilor-europene-cu-cele-mai-ieftine-locuinte-2024-apartamentele-din-cluj-napoca-si-brasov-mai-scumpe-decat-cele-din-bucuresti.html\" target=\"_blank\" rel=\"noreferrer noopener\">studiului <\/a>Deloitte Property Index 2025. Statul cu <strong>cele mai scumpe locuin\u021be<\/strong> este <strong>Luxemburg <\/strong>unde media atinge 8.760 euro\/mp.<\/p>\n\n\n\n<p>Tot \u00een Luxemburg g\u0103sit \u0219i<strong> cel mai scump ora\u0219 european<\/strong>. \u00cen capital\u0103 pre\u021bul mediu ajunge la <strong>11.074 euro\/mp<\/strong>. Locul al doilea \u00een clasament este ocupat de Munchen (Germania, 10.800 euro\/mp). <\/p>\n\n\n\n<p class=\"has-medium-font-size\"><strong>Este Clujul unic \u00een peisajul imobiliar european?<\/strong><\/p>\n\n\n\n<p>Datele Deloitte arat\u0103 c\u0103 situa\u021bia \u00eenregistrat\u0103 \u00een Cluj-Napoca este departe de a fi unic\u0103. Munchen este un alt exemplu de centru urban major care dep\u0103\u0219e\u0219te capitala \u00een materie de pre\u021buri.<\/p>\n\n\n\n<p>Pre\u021buri mai mari dec\u00e2t \u00een capital\u0103 g\u0103sim \u0219i \u00een Italia unde <strong>Milano <\/strong>dep\u0103\u0219e\u0219te Roma, dar \u0219i \u00een <strong>Spania<\/strong> unde Barcenona dep\u0103\u0219e\u0219te Madrid \u00een privin\u021ba pre\u021burilor solicitate pentru locuin\u021bele scoase la v\u00e2nzare.<\/p>\n\n\n\n<p class=\"has-medium-font-size\"><strong>Mai exist\u0103 loc de cre\u0219tere pe pia\u021ba reziden\u021bial\u0103 clujean\u0103?<\/strong><\/p>\n\n\n\n<p>Aceasta este una dintre cele mai des \u00eent\u00e2lnire \u00eentreb\u0103ri auzite \u00een momentul \u00een care sunt aduse \u00een discu\u021bie pre\u021burile locuin\u021belor din Cluj-Napoca. R\u0103spunsul vine de la Andreea Popa, Senior Consultant Imobiliare.ro Market 360 &#8211; &#8222;este clar c\u0103 pre\u021bul are tendin\u021ba, \u00een continuare, s\u0103 creasc\u0103 \u0219i nu numai \u00een Cluj-Napoca, ci \u0219i \u00een celelalte ora\u0219e&#8221;.<\/p>\n\n\n\n<p><strong>Urm\u0103re\u0219te cel mai nou interviu din seria &#8222;\u00centreab\u0103 Expertul&#8221; pentru a afla \u0219i alte detalii despre perspectivele pie\u021bei reziden\u021biale din Cluj.<\/strong><\/p>\n\n\n\n<iframe loading=\"lazy\" width=\"560\" height=\"315\" src=\"https:\/\/www.youtube.com\/embed\/63Ah8CG5YJg?si=43ZfeR4_xJ1eiri6\" title=\"YouTube video player\" frameborder=\"0\" allow=\"accelerometer; autoplay; clipboard-write; encrypted-media; gyroscope; picture-in-picture; web-share\" referrerpolicy=\"strict-origin-when-cross-origin\" allowfullscreen><\/iframe>\n","protected":false},"excerpt":{"rendered":"<p>Cluj-Napoca este cel mai scump ora\u0219 din \u021bar\u0103 pentru cump\u0103r\u0103torii de locuin\u021be. Lucrurile nu au stat, \u00eens\u0103, mereu a\u0219a. Afl\u0103m detalii dintr-un nou interviu &#8222;\u00centreab\u0103 Expertul&#8221;.<\/p>\n","protected":false},"author":5891,"featured_media":75056,"comment_status":"open","ping_status":"open","sticky":false,"template":"","format":"standard","meta":{"footnotes":""},"categories":[2456,259],"tags":[1863,299,2238,507],"content_author":[],"class_list":["post-75054","post","type-post","status-publish","format-standard","has-post-thumbnail","hentry","category-intreaba-expertul","category-stiri","tag-apartamente-cluj-napoca","tag-indicele-imobiliare-ro","tag-intreaba-expertul","tag-preturi-apartamente"],"yoast_head":"<!-- This site is optimized with the Yoast SEO Premium plugin v27.0 (Yoast SEO v27.0) - https:\/\/yoast.com\/product\/yoast-seo-premium-wordpress\/ -->\n<title>C\u00e2nd a ajuns Cluj-Napoca s\u0103 domine peisajul imobiliar? Pre\u021burile din vestul \u021b\u0103rii p\u0103lesc \u00een fa\u021b\u0103 celor din marile metropole europene - \u00centreab\u0103 expertul, \u0218tiri - ImoExpert<\/title>\n<meta name=\"description\" content=\"Cluj-Napoca este cel mai scump ora\u0219 din \u021bar\u0103 pentru cump\u0103r\u0103torii de locuin\u021be. Lucrurile nu au stat, \u00eens\u0103, mereu a\u0219a. Afl\u0103m detalii dintr-un nou interviu &quot;\u00centreab\u0103 Expertul&quot;.\" \/>\n<meta name=\"robots\" content=\"index, follow\" \/>\n<link rel=\"canonical\" href=\"https:\/\/www.imobiliare.ro\/imoexpert\/cand-a-ajuns-cluj-napoca-sa-domine-peisajul-imobiliar-preturile-din-vestul-tarii-palesc-in-fata-celor-din-marile-metropole-europene_db\/\" \/>\n<meta property=\"og:locale\" content=\"ro_RO\" \/>\n<meta property=\"og:type\" content=\"article\" \/>\n<meta property=\"og:title\" content=\"C\u00e2nd a ajuns Cluj-Napoca s\u0103 domine peisajul imobiliar? Pre\u021burile din vestul \u021b\u0103rii p\u0103lesc \u00een fa\u021b\u0103 celor din marile metropole europene\" \/>\n<meta property=\"og:description\" content=\"Cluj-Napoca este cel mai scump ora\u0219 din \u021bar\u0103 pentru cump\u0103r\u0103torii de locuin\u021be. Lucrurile nu au stat, \u00eens\u0103, mereu a\u0219a. Afl\u0103m detalii dintr-un nou interviu &quot;\u00centreab\u0103 Expertul&quot;.\" \/>\n<meta property=\"og:url\" content=\"https:\/\/www.imobiliare.ro\/imoexpert\/cand-a-ajuns-cluj-napoca-sa-domine-peisajul-imobiliar-preturile-din-vestul-tarii-palesc-in-fata-celor-din-marile-metropole-europene_db\/\" \/>\n<meta property=\"og:site_name\" content=\"ImoExpert\" \/>\n<meta property=\"article:published_time\" content=\"2026-01-19T08:49:35+00:00\" \/>\n<meta property=\"article:modified_time\" content=\"2026-01-19T08:51:04+00:00\" \/>\n<meta property=\"og:image\" content=\"https:\/\/www.imobiliare.ro\/imoexpert\/wp-content\/uploads\/2026\/01\/cum-au-ajuns-preturile-apartamentelor-din-cluj-napoca-sa-fie-mai-mari-fata-de-cele-din-bucuresti.jpg\" \/>\n\t<meta property=\"og:image:width\" content=\"1200\" \/>\n\t<meta property=\"og:image:height\" content=\"600\" \/>\n\t<meta property=\"og:image:type\" content=\"image\/jpeg\" \/>\n<meta name=\"author\" content=\"Corina V\u00e2rlan\" \/>\n<meta name=\"twitter:card\" content=\"summary_large_image\" \/>\n<meta name=\"twitter:label1\" content=\"Written by\" \/>\n\t<meta name=\"twitter:data1\" content=\"Corina V\u00e2rlan\" \/>\n\t<meta name=\"twitter:label2\" content=\"Est. reading time\" \/>\n\t<meta name=\"twitter:data2\" content=\"4 minute\" \/>\n<script type=\"application\/ld+json\" class=\"yoast-schema-graph\">{\"@context\":\"https:\/\/schema.org\",\"@graph\":[{\"@type\":\"Article\",\"@id\":\"https:\/\/www.imobiliare.ro\/imoexpert\/cand-a-ajuns-cluj-napoca-sa-domine-peisajul-imobiliar-preturile-din-vestul-tarii-palesc-in-fata-celor-din-marile-metropole-europene_db\/#article\",\"isPartOf\":{\"@id\":\"https:\/\/www.imobiliare.ro\/imoexpert\/cand-a-ajuns-cluj-napoca-sa-domine-peisajul-imobiliar-preturile-din-vestul-tarii-palesc-in-fata-celor-din-marile-metropole-europene_db\/\"},\"author\":{\"name\":\"Corina V\u00e2rlan\",\"@id\":\"https:\/\/www.imobiliare.ro\/imoexpert\/#\/schema\/person\/9ffdfbf24b82f39fc75a2fc6c19e4e99\"},\"headline\":\"C\u00e2nd a ajuns Cluj-Napoca s\u0103 domine peisajul imobiliar? Pre\u021burile din vestul \u021b\u0103rii p\u0103lesc \u00een fa\u021b\u0103 celor din marile metropole europene\",\"datePublished\":\"2026-01-19T08:49:35+00:00\",\"dateModified\":\"2026-01-19T08:51:04+00:00\",\"mainEntityOfPage\":{\"@id\":\"https:\/\/www.imobiliare.ro\/imoexpert\/cand-a-ajuns-cluj-napoca-sa-domine-peisajul-imobiliar-preturile-din-vestul-tarii-palesc-in-fata-celor-din-marile-metropole-europene_db\/\"},\"wordCount\":647,\"commentCount\":0,\"publisher\":{\"@id\":\"https:\/\/www.imobiliare.ro\/imoexpert\/#organization\"},\"image\":{\"@id\":\"https:\/\/www.imobiliare.ro\/imoexpert\/cand-a-ajuns-cluj-napoca-sa-domine-peisajul-imobiliar-preturile-din-vestul-tarii-palesc-in-fata-celor-din-marile-metropole-europene_db\/#primaryimage\"},\"thumbnailUrl\":\"https:\/\/www.imobiliare.ro\/imoexpert\/wp-content\/uploads\/2026\/01\/cum-au-ajuns-preturile-apartamentelor-din-cluj-napoca-sa-fie-mai-mari-fata-de-cele-din-bucuresti.jpg\",\"keywords\":[\"Apartamente Cluj-Napoca\",\"indicele imobiliare.ro\",\"intreaba expertul\",\"preturi apartamente\"],\"articleSection\":[\"\u00centreab\u0103 expertul\",\"\u0218tiri\"],\"inLanguage\":\"en\",\"potentialAction\":[{\"@type\":\"CommentAction\",\"name\":\"Comment\",\"target\":[\"https:\/\/www.imobiliare.ro\/imoexpert\/cand-a-ajuns-cluj-napoca-sa-domine-peisajul-imobiliar-preturile-din-vestul-tarii-palesc-in-fata-celor-din-marile-metropole-europene_db\/#respond\"]}],\"copyrightYear\":\"2026\",\"copyrightHolder\":{\"@id\":\"https:\/\/www.imobiliare.ro\/imoexpert\/#organization\"}},{\"@type\":\"WebPage\",\"@id\":\"https:\/\/www.imobiliare.ro\/imoexpert\/cand-a-ajuns-cluj-napoca-sa-domine-peisajul-imobiliar-preturile-din-vestul-tarii-palesc-in-fata-celor-din-marile-metropole-europene_db\/\",\"url\":\"https:\/\/www.imobiliare.ro\/imoexpert\/cand-a-ajuns-cluj-napoca-sa-domine-peisajul-imobiliar-preturile-din-vestul-tarii-palesc-in-fata-celor-din-marile-metropole-europene_db\/\",\"name\":\"C\u00e2nd a ajuns Cluj-Napoca s\u0103 domine peisajul imobiliar? Pre\u021burile din vestul \u021b\u0103rii p\u0103lesc \u00een fa\u021b\u0103 celor din marile metropole europene - \u00centreab\u0103 expertul, \u0218tiri - ImoExpert\",\"isPartOf\":{\"@id\":\"https:\/\/www.imobiliare.ro\/imoexpert\/#website\"},\"primaryImageOfPage\":{\"@id\":\"https:\/\/www.imobiliare.ro\/imoexpert\/cand-a-ajuns-cluj-napoca-sa-domine-peisajul-imobiliar-preturile-din-vestul-tarii-palesc-in-fata-celor-din-marile-metropole-europene_db\/#primaryimage\"},\"image\":{\"@id\":\"https:\/\/www.imobiliare.ro\/imoexpert\/cand-a-ajuns-cluj-napoca-sa-domine-peisajul-imobiliar-preturile-din-vestul-tarii-palesc-in-fata-celor-din-marile-metropole-europene_db\/#primaryimage\"},\"thumbnailUrl\":\"https:\/\/www.imobiliare.ro\/imoexpert\/wp-content\/uploads\/2026\/01\/cum-au-ajuns-preturile-apartamentelor-din-cluj-napoca-sa-fie-mai-mari-fata-de-cele-din-bucuresti.jpg\",\"datePublished\":\"2026-01-19T08:49:35+00:00\",\"dateModified\":\"2026-01-19T08:51:04+00:00\",\"description\":\"Cluj-Napoca este cel mai scump ora\u0219 din \u021bar\u0103 pentru cump\u0103r\u0103torii de locuin\u021be. Lucrurile nu au stat, \u00eens\u0103, mereu a\u0219a. Afl\u0103m detalii dintr-un nou interviu \\\"\u00centreab\u0103 Expertul\\\".\",\"breadcrumb\":{\"@id\":\"https:\/\/www.imobiliare.ro\/imoexpert\/cand-a-ajuns-cluj-napoca-sa-domine-peisajul-imobiliar-preturile-din-vestul-tarii-palesc-in-fata-celor-din-marile-metropole-europene_db\/#breadcrumb\"},\"inLanguage\":\"en\",\"potentialAction\":[{\"@type\":\"ReadAction\",\"target\":[\"https:\/\/www.imobiliare.ro\/imoexpert\/cand-a-ajuns-cluj-napoca-sa-domine-peisajul-imobiliar-preturile-din-vestul-tarii-palesc-in-fata-celor-din-marile-metropole-europene_db\/\"]}]},{\"@type\":\"ImageObject\",\"inLanguage\":\"en\",\"@id\":\"https:\/\/www.imobiliare.ro\/imoexpert\/cand-a-ajuns-cluj-napoca-sa-domine-peisajul-imobiliar-preturile-din-vestul-tarii-palesc-in-fata-celor-din-marile-metropole-europene_db\/#primaryimage\",\"url\":\"https:\/\/www.imobiliare.ro\/imoexpert\/wp-content\/uploads\/2026\/01\/cum-au-ajuns-preturile-apartamentelor-din-cluj-napoca-sa-fie-mai-mari-fata-de-cele-din-bucuresti.jpg\",\"contentUrl\":\"https:\/\/www.imobiliare.ro\/imoexpert\/wp-content\/uploads\/2026\/01\/cum-au-ajuns-preturile-apartamentelor-din-cluj-napoca-sa-fie-mai-mari-fata-de-cele-din-bucuresti.jpg\",\"width\":1200,\"height\":600},{\"@type\":\"BreadcrumbList\",\"@id\":\"https:\/\/www.imobiliare.ro\/imoexpert\/cand-a-ajuns-cluj-napoca-sa-domine-peisajul-imobiliar-preturile-din-vestul-tarii-palesc-in-fata-celor-din-marile-metropole-europene_db\/#breadcrumb\",\"itemListElement\":[{\"@type\":\"ListItem\",\"position\":1,\"name\":\"Imoradar24\",\"item\":\"https:\/\/www.imoradar24.ro\"},{\"@type\":\"ListItem\",\"position\":2,\"name\":\"ImoExpert\",\"item\":\"https:\/\/www.imobiliare.ro\/imoexpert\/\"},{\"@type\":\"ListItem\",\"position\":3,\"name\":\"\u0218tiri\",\"item\":\"https:\/\/www.imobiliare.ro\/imoexpert\/stiri\/\"},{\"@type\":\"ListItem\",\"position\":4,\"name\":\"C\u00e2nd a ajuns Cluj-Napoca s\u0103 domine peisajul imobiliar? Pre\u021burile din vestul \u021b\u0103rii p\u0103lesc \u00een fa\u021b\u0103 celor din marile metropole europene\"}]},{\"@type\":\"WebSite\",\"@id\":\"https:\/\/www.imobiliare.ro\/imoexpert\/#website\",\"url\":\"https:\/\/www.imobiliare.ro\/imoexpert\/\",\"name\":\"ImoExpert\",\"description\":\"cele mai importante \u015ftiri din domeniul imobiliar\",\"publisher\":{\"@id\":\"https:\/\/www.imobiliare.ro\/imoexpert\/#organization\"},\"inLanguage\":\"en\"},{\"@type\":\"Organization\",\"@id\":\"https:\/\/www.imobiliare.ro\/imoexpert\/#organization\",\"name\":\"Imobiliare.ro\",\"alternateName\":\"Realmedia Network SA\",\"url\":\"https:\/\/www.imobiliare.ro\/imoexpert\/\",\"logo\":{\"@type\":\"ImageObject\",\"inLanguage\":\"en\",\"@id\":\"https:\/\/www.imobiliare.ro\/imoexpert\/#\/schema\/logo\/image\/\",\"url\":\"https:\/\/www.imobiliare.ro\/imoexpert\/wp-content\/uploads\/2025\/05\/imobiliare_logo.png\",\"contentUrl\":\"https:\/\/www.imobiliare.ro\/imoexpert\/wp-content\/uploads\/2025\/05\/imobiliare_logo.png\",\"width\":237,\"height\":29,\"caption\":\"Imobiliare.ro\"},\"image\":{\"@id\":\"https:\/\/www.imobiliare.ro\/imoexpert\/#\/schema\/logo\/image\/\"}},{\"@type\":\"Person\",\"@id\":\"https:\/\/www.imobiliare.ro\/imoexpert\/#\/schema\/person\/9ffdfbf24b82f39fc75a2fc6c19e4e99\",\"name\":\"Corina V\u00e2rlan\",\"image\":{\"@type\":\"ImageObject\",\"inLanguage\":\"en\",\"@id\":\"https:\/\/www.imobiliare.ro\/imoexpert\/#\/schema\/person\/image\/\",\"url\":\"https:\/\/www.imobiliare.ro\/imoexpert\/wp-content\/uploads\/2026\/02\/12-02-2025-5-rezumat-brasov-thumb-reels-1-1-96x96.png\",\"contentUrl\":\"https:\/\/www.imobiliare.ro\/imoexpert\/wp-content\/uploads\/2026\/02\/12-02-2025-5-rezumat-brasov-thumb-reels-1-1-96x96.png\",\"caption\":\"Corina V\u00e2rlan\"},\"description\":\"Cu o experien\u021b\u0103 de 14 ani \u00een presa online, comunicare \u0219i content marketing, Corina V\u00e2rlan s-a al\u0103turat echipei Imobiliare.ro \u00een urm\u0103 cu 8 ani \u0219i ocup\u0103, \u00een prezent, func\u021bia de Content Manager. Ea este gazda emisiunii \\\"\u00centreab\u0103 expertul\\\" \u0219i a seriei 5 \u0218tiri Imobiliare.ro, realizate \u00een parteneriat cu Libertatea. Corina \u00ee\u0219i concentreaz\u0103 activitatea pe analiza datelor de pia\u021b\u0103 \u0219i pe subiecte de interes at\u00e2t pentru cei afla\u021bi \u00een c\u0103utarea unei locuin\u021be, c\u00e2t \u0219i pentru proprietari sau chiria\u0219i.\",\"alternateName\":\"Corina\",\"jobTitle\":\"Content Manager\",\"url\":\"https:\/\/www.imobiliare.ro\/imoexpert\/author\/corina-varlan\/\"}]}<\/script>\n<!-- \/ Yoast SEO Premium plugin. -->","yoast_head_json":{"title":"C\u00e2nd a ajuns Cluj-Napoca s\u0103 domine peisajul imobiliar? Pre\u021burile din vestul \u021b\u0103rii p\u0103lesc \u00een fa\u021b\u0103 celor din marile metropole europene - \u00centreab\u0103 expertul, \u0218tiri - ImoExpert","description":"Cluj-Napoca este cel mai scump ora\u0219 din \u021bar\u0103 pentru cump\u0103r\u0103torii de locuin\u021be. Lucrurile nu au stat, \u00eens\u0103, mereu a\u0219a. Afl\u0103m detalii dintr-un nou interviu \"\u00centreab\u0103 Expertul\".","robots":{"index":"index","follow":"follow"},"canonical":"https:\/\/www.imobiliare.ro\/imoexpert\/cand-a-ajuns-cluj-napoca-sa-domine-peisajul-imobiliar-preturile-din-vestul-tarii-palesc-in-fata-celor-din-marile-metropole-europene_db\/","og_locale":"ro_RO","og_type":"article","og_title":"C\u00e2nd a ajuns Cluj-Napoca s\u0103 domine peisajul imobiliar? Pre\u021burile din vestul \u021b\u0103rii p\u0103lesc \u00een fa\u021b\u0103 celor din marile metropole europene","og_description":"Cluj-Napoca este cel mai scump ora\u0219 din \u021bar\u0103 pentru cump\u0103r\u0103torii de locuin\u021be. Lucrurile nu au stat, \u00eens\u0103, mereu a\u0219a. Afl\u0103m detalii dintr-un nou interviu \"\u00centreab\u0103 Expertul\".","og_url":"https:\/\/www.imobiliare.ro\/imoexpert\/cand-a-ajuns-cluj-napoca-sa-domine-peisajul-imobiliar-preturile-din-vestul-tarii-palesc-in-fata-celor-din-marile-metropole-europene_db\/","og_site_name":"ImoExpert","article_published_time":"2026-01-19T08:49:35+00:00","article_modified_time":"2026-01-19T08:51:04+00:00","og_image":[{"width":1200,"height":600,"url":"https:\/\/www.imobiliare.ro\/imoexpert\/wp-content\/uploads\/2026\/01\/cum-au-ajuns-preturile-apartamentelor-din-cluj-napoca-sa-fie-mai-mari-fata-de-cele-din-bucuresti.jpg","type":"image\/jpeg"}],"author":"Corina V\u00e2rlan","twitter_card":"summary_large_image","twitter_misc":{"Written by":"Corina V\u00e2rlan","Est. reading time":"4 minute"},"schema":{"@context":"https:\/\/schema.org","@graph":[{"@type":"Article","@id":"https:\/\/www.imobiliare.ro\/imoexpert\/cand-a-ajuns-cluj-napoca-sa-domine-peisajul-imobiliar-preturile-din-vestul-tarii-palesc-in-fata-celor-din-marile-metropole-europene_db\/#article","isPartOf":{"@id":"https:\/\/www.imobiliare.ro\/imoexpert\/cand-a-ajuns-cluj-napoca-sa-domine-peisajul-imobiliar-preturile-din-vestul-tarii-palesc-in-fata-celor-din-marile-metropole-europene_db\/"},"author":{"name":"Corina V\u00e2rlan","@id":"https:\/\/www.imobiliare.ro\/imoexpert\/#\/schema\/person\/9ffdfbf24b82f39fc75a2fc6c19e4e99"},"headline":"C\u00e2nd a ajuns Cluj-Napoca s\u0103 domine peisajul imobiliar? Pre\u021burile din vestul \u021b\u0103rii p\u0103lesc \u00een fa\u021b\u0103 celor din marile metropole europene","datePublished":"2026-01-19T08:49:35+00:00","dateModified":"2026-01-19T08:51:04+00:00","mainEntityOfPage":{"@id":"https:\/\/www.imobiliare.ro\/imoexpert\/cand-a-ajuns-cluj-napoca-sa-domine-peisajul-imobiliar-preturile-din-vestul-tarii-palesc-in-fata-celor-din-marile-metropole-europene_db\/"},"wordCount":647,"commentCount":0,"publisher":{"@id":"https:\/\/www.imobiliare.ro\/imoexpert\/#organization"},"image":{"@id":"https:\/\/www.imobiliare.ro\/imoexpert\/cand-a-ajuns-cluj-napoca-sa-domine-peisajul-imobiliar-preturile-din-vestul-tarii-palesc-in-fata-celor-din-marile-metropole-europene_db\/#primaryimage"},"thumbnailUrl":"https:\/\/www.imobiliare.ro\/imoexpert\/wp-content\/uploads\/2026\/01\/cum-au-ajuns-preturile-apartamentelor-din-cluj-napoca-sa-fie-mai-mari-fata-de-cele-din-bucuresti.jpg","keywords":["Apartamente Cluj-Napoca","indicele imobiliare.ro","intreaba expertul","preturi apartamente"],"articleSection":["\u00centreab\u0103 expertul","\u0218tiri"],"inLanguage":"en","potentialAction":[{"@type":"CommentAction","name":"Comment","target":["https:\/\/www.imobiliare.ro\/imoexpert\/cand-a-ajuns-cluj-napoca-sa-domine-peisajul-imobiliar-preturile-din-vestul-tarii-palesc-in-fata-celor-din-marile-metropole-europene_db\/#respond"]}],"copyrightYear":"2026","copyrightHolder":{"@id":"https:\/\/www.imobiliare.ro\/imoexpert\/#organization"}},{"@type":"WebPage","@id":"https:\/\/www.imobiliare.ro\/imoexpert\/cand-a-ajuns-cluj-napoca-sa-domine-peisajul-imobiliar-preturile-din-vestul-tarii-palesc-in-fata-celor-din-marile-metropole-europene_db\/","url":"https:\/\/www.imobiliare.ro\/imoexpert\/cand-a-ajuns-cluj-napoca-sa-domine-peisajul-imobiliar-preturile-din-vestul-tarii-palesc-in-fata-celor-din-marile-metropole-europene_db\/","name":"C\u00e2nd a ajuns Cluj-Napoca s\u0103 domine peisajul imobiliar? Pre\u021burile din vestul \u021b\u0103rii p\u0103lesc \u00een fa\u021b\u0103 celor din marile metropole europene - \u00centreab\u0103 expertul, \u0218tiri - ImoExpert","isPartOf":{"@id":"https:\/\/www.imobiliare.ro\/imoexpert\/#website"},"primaryImageOfPage":{"@id":"https:\/\/www.imobiliare.ro\/imoexpert\/cand-a-ajuns-cluj-napoca-sa-domine-peisajul-imobiliar-preturile-din-vestul-tarii-palesc-in-fata-celor-din-marile-metropole-europene_db\/#primaryimage"},"image":{"@id":"https:\/\/www.imobiliare.ro\/imoexpert\/cand-a-ajuns-cluj-napoca-sa-domine-peisajul-imobiliar-preturile-din-vestul-tarii-palesc-in-fata-celor-din-marile-metropole-europene_db\/#primaryimage"},"thumbnailUrl":"https:\/\/www.imobiliare.ro\/imoexpert\/wp-content\/uploads\/2026\/01\/cum-au-ajuns-preturile-apartamentelor-din-cluj-napoca-sa-fie-mai-mari-fata-de-cele-din-bucuresti.jpg","datePublished":"2026-01-19T08:49:35+00:00","dateModified":"2026-01-19T08:51:04+00:00","description":"Cluj-Napoca este cel mai scump ora\u0219 din \u021bar\u0103 pentru cump\u0103r\u0103torii de locuin\u021be. Lucrurile nu au stat, \u00eens\u0103, mereu a\u0219a. Afl\u0103m detalii dintr-un nou interviu \"\u00centreab\u0103 Expertul\".","breadcrumb":{"@id":"https:\/\/www.imobiliare.ro\/imoexpert\/cand-a-ajuns-cluj-napoca-sa-domine-peisajul-imobiliar-preturile-din-vestul-tarii-palesc-in-fata-celor-din-marile-metropole-europene_db\/#breadcrumb"},"inLanguage":"en","potentialAction":[{"@type":"ReadAction","target":["https:\/\/www.imobiliare.ro\/imoexpert\/cand-a-ajuns-cluj-napoca-sa-domine-peisajul-imobiliar-preturile-din-vestul-tarii-palesc-in-fata-celor-din-marile-metropole-europene_db\/"]}]},{"@type":"ImageObject","inLanguage":"en","@id":"https:\/\/www.imobiliare.ro\/imoexpert\/cand-a-ajuns-cluj-napoca-sa-domine-peisajul-imobiliar-preturile-din-vestul-tarii-palesc-in-fata-celor-din-marile-metropole-europene_db\/#primaryimage","url":"https:\/\/www.imobiliare.ro\/imoexpert\/wp-content\/uploads\/2026\/01\/cum-au-ajuns-preturile-apartamentelor-din-cluj-napoca-sa-fie-mai-mari-fata-de-cele-din-bucuresti.jpg","contentUrl":"https:\/\/www.imobiliare.ro\/imoexpert\/wp-content\/uploads\/2026\/01\/cum-au-ajuns-preturile-apartamentelor-din-cluj-napoca-sa-fie-mai-mari-fata-de-cele-din-bucuresti.jpg","width":1200,"height":600},{"@type":"BreadcrumbList","@id":"https:\/\/www.imobiliare.ro\/imoexpert\/cand-a-ajuns-cluj-napoca-sa-domine-peisajul-imobiliar-preturile-din-vestul-tarii-palesc-in-fata-celor-din-marile-metropole-europene_db\/#breadcrumb","itemListElement":[{"@type":"ListItem","position":1,"name":"Imoradar24","item":"https:\/\/www.imoradar24.ro"},{"@type":"ListItem","position":2,"name":"ImoExpert","item":"https:\/\/www.imobiliare.ro\/imoexpert\/"},{"@type":"ListItem","position":3,"name":"\u0218tiri","item":"https:\/\/www.imobiliare.ro\/imoexpert\/stiri\/"},{"@type":"ListItem","position":4,"name":"C\u00e2nd a ajuns Cluj-Napoca s\u0103 domine peisajul imobiliar? Pre\u021burile din vestul \u021b\u0103rii p\u0103lesc \u00een fa\u021b\u0103 celor din marile metropole europene"}]},{"@type":"WebSite","@id":"https:\/\/www.imobiliare.ro\/imoexpert\/#website","url":"https:\/\/www.imobiliare.ro\/imoexpert\/","name":"ImoExpert","description":"cele mai importante \u015ftiri din domeniul imobiliar","publisher":{"@id":"https:\/\/www.imobiliare.ro\/imoexpert\/#organization"},"inLanguage":"en"},{"@type":"Organization","@id":"https:\/\/www.imobiliare.ro\/imoexpert\/#organization","name":"Imobiliare.ro","alternateName":"Realmedia Network SA","url":"https:\/\/www.imobiliare.ro\/imoexpert\/","logo":{"@type":"ImageObject","inLanguage":"en","@id":"https:\/\/www.imobiliare.ro\/imoexpert\/#\/schema\/logo\/image\/","url":"https:\/\/www.imobiliare.ro\/imoexpert\/wp-content\/uploads\/2025\/05\/imobiliare_logo.png","contentUrl":"https:\/\/www.imobiliare.ro\/imoexpert\/wp-content\/uploads\/2025\/05\/imobiliare_logo.png","width":237,"height":29,"caption":"Imobiliare.ro"},"image":{"@id":"https:\/\/www.imobiliare.ro\/imoexpert\/#\/schema\/logo\/image\/"}},{"@type":"Person","@id":"https:\/\/www.imobiliare.ro\/imoexpert\/#\/schema\/person\/9ffdfbf24b82f39fc75a2fc6c19e4e99","name":"Corina V\u00e2rlan","image":{"@type":"ImageObject","inLanguage":"en","@id":"https:\/\/www.imobiliare.ro\/imoexpert\/#\/schema\/person\/image\/","url":"https:\/\/www.imobiliare.ro\/imoexpert\/wp-content\/uploads\/2026\/02\/12-02-2025-5-rezumat-brasov-thumb-reels-1-1-96x96.png","contentUrl":"https:\/\/www.imobiliare.ro\/imoexpert\/wp-content\/uploads\/2026\/02\/12-02-2025-5-rezumat-brasov-thumb-reels-1-1-96x96.png","caption":"Corina V\u00e2rlan"},"description":"Cu o experien\u021b\u0103 de 14 ani \u00een presa online, comunicare \u0219i content marketing, Corina V\u00e2rlan s-a al\u0103turat echipei Imobiliare.ro \u00een urm\u0103 cu 8 ani \u0219i ocup\u0103, \u00een prezent, func\u021bia de Content Manager. Ea este gazda emisiunii \"\u00centreab\u0103 expertul\" \u0219i a seriei 5 \u0218tiri Imobiliare.ro, realizate \u00een parteneriat cu Libertatea. Corina \u00ee\u0219i concentreaz\u0103 activitatea pe analiza datelor de pia\u021b\u0103 \u0219i pe subiecte de interes at\u00e2t pentru cei afla\u021bi \u00een c\u0103utarea unei locuin\u021be, c\u00e2t \u0219i pentru proprietari sau chiria\u0219i.","alternateName":"Corina","jobTitle":"Content Manager","url":"https:\/\/www.imobiliare.ro\/imoexpert\/author\/corina-varlan\/"}]}},"_links":{"self":[{"href":"https:\/\/www.imobiliare.ro\/imoexpert\/wp-json\/wp\/v2\/posts\/75054","targetHints":{"allow":["GET"]}}],"collection":[{"href":"https:\/\/www.imobiliare.ro\/imoexpert\/wp-json\/wp\/v2\/posts"}],"about":[{"href":"https:\/\/www.imobiliare.ro\/imoexpert\/wp-json\/wp\/v2\/types\/post"}],"author":[{"embeddable":true,"href":"https:\/\/www.imobiliare.ro\/imoexpert\/wp-json\/wp\/v2\/users\/5891"}],"replies":[{"embeddable":true,"href":"https:\/\/www.imobiliare.ro\/imoexpert\/wp-json\/wp\/v2\/comments?post=75054"}],"version-history":[{"count":0,"href":"https:\/\/www.imobiliare.ro\/imoexpert\/wp-json\/wp\/v2\/posts\/75054\/revisions"}],"wp:featuredmedia":[{"embeddable":true,"href":"https:\/\/www.imobiliare.ro\/imoexpert\/wp-json\/wp\/v2\/media\/75056"}],"wp:attachment":[{"href":"https:\/\/www.imobiliare.ro\/imoexpert\/wp-json\/wp\/v2\/media?parent=75054"}],"wp:term":[{"taxonomy":"category","embeddable":true,"href":"https:\/\/www.imobiliare.ro\/imoexpert\/wp-json\/wp\/v2\/categories?post=75054"},{"taxonomy":"post_tag","embeddable":true,"href":"https:\/\/www.imobiliare.ro\/imoexpert\/wp-json\/wp\/v2\/tags?post=75054"},{"taxonomy":"content_author","embeddable":true,"href":"https:\/\/www.imobiliare.ro\/imoexpert\/wp-json\/wp\/v2\/content_author?post=75054"}],"curies":[{"name":"wp","href":"https:\/\/api.w.org\/{rel}","templated":true}]}}