{"id":75094,"date":"2026-01-22T11:13:54","date_gmt":"2026-01-22T09:13:54","guid":{"rendered":"https:\/\/www.imobiliare.ro\/imoexpert\/?p=75094"},"modified":"2026-01-22T14:26:45","modified_gmt":"2026-01-22T12:26:45","slug":"apartamentele-vandute-in-timp-record-intr-un-ansamblu-din-bucuresti-dezvoltatorul-are-mai-multe-proiecte-in-lucru-inclusiv-in-timisoara","status":"publish","type":"post","link":"https:\/\/www.imobiliare.ro\/imoexpert\/apartamentele-vandute-in-timp-record-intr-un-ansamblu-din-bucuresti-dezvoltatorul-are-mai-multe-proiecte-in-lucru-inclusiv-in-timisoara_db\/","title":{"rendered":"Apartamente v\u00e2ndute \u00een timp record \u00eentr-un ansamblu din Bucure\u0219ti. Dezvoltatorul are mai multe proiecte \u00een lucru, inclusiv \u00een Timi\u0219oara"},"content":{"rendered":"\n<figure class=\"wp-block-image size-full\"><img loading=\"lazy\" decoding=\"async\" width=\"1200\" height=\"600\" src=\"https:\/\/www.imobiliare.ro\/imoexpert\/wp-content\/uploads\/2026\/01\/apartamentele-din-acest-proiect-imobiliar-se-vand-in-timp-record.jpg\" alt=\"\" class=\"wp-image-75095\" srcset=\"https:\/\/www.imobiliare.ro\/imoexpert\/wp-content\/uploads\/2026\/01\/apartamentele-din-acest-proiect-imobiliar-se-vand-in-timp-record.jpg 1200w, https:\/\/www.imobiliare.ro\/imoexpert\/wp-content\/uploads\/2026\/01\/apartamentele-din-acest-proiect-imobiliar-se-vand-in-timp-record-770x385.jpg 770w, https:\/\/www.imobiliare.ro\/imoexpert\/wp-content\/uploads\/2026\/01\/apartamentele-din-acest-proiect-imobiliar-se-vand-in-timp-record-390x195.jpg 390w\" sizes=\"auto, (max-width: 1200px) 100vw, 1200px\" \/><\/figure>\n\n\n\n<p><strong>\u00cen doar c\u00e2teva luni de la lansare <strong>au fost v\u00e2ndute \u0219i rezervate<\/strong><\/strong> <strong>40% dintre apartamentele disponibile \u00een primele dou\u0103 cl\u0103diri reziden\u021biale incluse \u00een proiectul Queens District. Acesta este construit pe \u0218oseaua Pipera din nordul Bucure\u0219tiului de unul dintre cei mai activi dezvoltatori imobiliari din Rom\u00e2nia, Speedwell.<\/strong><\/p>\n\n\n\n<p>Apartamentele au fost puse \u00een v\u00e2nzare \u00een octombrie, iar 70% dintre achizi\u021bii au fost realizate de c\u0103tre investitori, potrivit dezvoltatorului.<\/p>\n\n\n\n<figure class=\"wp-block-image size-full\"><img loading=\"lazy\" decoding=\"async\" width=\"1200\" height=\"675\" src=\"https:\/\/www.imobiliare.ro\/imoexpert\/wp-content\/uploads\/2026\/01\/proiectul-queens-district-este-localizat-pe-soseaua-pipera.jpg\" alt=\"\" class=\"wp-image-75096\" srcset=\"https:\/\/www.imobiliare.ro\/imoexpert\/wp-content\/uploads\/2026\/01\/proiectul-queens-district-este-localizat-pe-soseaua-pipera.jpg 1200w, https:\/\/www.imobiliare.ro\/imoexpert\/wp-content\/uploads\/2026\/01\/proiectul-queens-district-este-localizat-pe-soseaua-pipera-770x433.jpg 770w, https:\/\/www.imobiliare.ro\/imoexpert\/wp-content\/uploads\/2026\/01\/proiectul-queens-district-este-localizat-pe-soseaua-pipera-390x219.jpg 390w\" sizes=\"auto, (max-width: 1200px) 100vw, 1200px\" \/><\/figure>\n\n\n\n<p>Proiectul Queens District este unul de tip mixed-use, urm\u00e2nd s\u0103 cuprind\u0103 at\u00e2t locuin\u021be, c\u00e2t \u0219i birouri de clasa A \u0219i facilit\u0103\u021bi comerciale. <\/p>\n\n\n\n<p><strong>Cite\u0219te \u0219i: <a class=\"article-body-links\"href=\"https:\/\/www.imobiliare.ro\/imoexpert\/noi-reguli-pentru-dezvoltatorii-imobiliari-mai-multa-transpartenta-pentru-cumparatori-ce-trebuie-sa-afli-si-sa-accepti-inainte-de-semnarea-contractului_db\/\" target=\"_blank\" rel=\"noreferrer noopener\">Noi reguli pentru dezvoltatorii imobiliari, mai mult\u0103 transparen\u021b\u0103 pentru cump\u0103r\u0103tori. Ce trebuie s\u0103 afli \u0219i s\u0103 accep\u021bi \u00eenainte de semnarea contractului?<\/a><\/strong><\/p>\n\n\n\n<p>Lucr\u0103rile au fost demarate \u00een decembrie pentru primele dou\u0103 cl\u0103diri reziden\u021biale, care includ 147 de apartamente dintr-un total de 237 de unit\u0103\u021bi prev\u0103zute \u00een proiect, \u0219i pentru cl\u0103direa de birouri. Finalizarea proiectului ar urma s\u0103 aib\u0103 loc \u00een prima parte a anului 2027.<\/p>\n\n\n\n<figure class=\"wp-block-image size-full\"><img loading=\"lazy\" decoding=\"async\" width=\"1000\" height=\"563\" src=\"https:\/\/www.imobiliare.ro\/imoexpert\/wp-content\/uploads\/2026\/01\/cum-va-arata-proiectul-mixt-queens-district-construit-de-speedwell-in-bucuresti.jpg\" alt=\"\" class=\"wp-image-75097\" srcset=\"https:\/\/www.imobiliare.ro\/imoexpert\/wp-content\/uploads\/2026\/01\/cum-va-arata-proiectul-mixt-queens-district-construit-de-speedwell-in-bucuresti.jpg 1000w, https:\/\/www.imobiliare.ro\/imoexpert\/wp-content\/uploads\/2026\/01\/cum-va-arata-proiectul-mixt-queens-district-construit-de-speedwell-in-bucuresti-770x434.jpg 770w, https:\/\/www.imobiliare.ro\/imoexpert\/wp-content\/uploads\/2026\/01\/cum-va-arata-proiectul-mixt-queens-district-construit-de-speedwell-in-bucuresti-390x220.jpg 390w\" sizes=\"auto, (max-width: 1000px) 100vw, 1000px\" \/><\/figure>\n\n\n\n<p>Dezvoltatorul construie\u0219te, \u00een paralel, un ansamblu reziden\u021bial de vile \u00een Corbeanca (Glenwood Estate) \u0219i un proiect pe malul Lacului Grivi\u021ba (<a class=\"article-body-links\"href=\"https:\/\/www.imobiliare.ro\/ansamblu-rezidential\/the-meadows-bucurestii-noi\" target=\"_blank\" rel=\"noreferrer noopener\">The Meadows<\/a>). La acestea se adaug\u0103 o nou\u0103 cl\u0103dire \u00een ansamblul <a class=\"article-body-links\"href=\"https:\/\/www.imobiliare.ro\/ansamblu-rezidential\/the-ivy-baneasa\" target=\"_blank\" rel=\"noreferrer noopener\">The Ivy<\/a> din nordul Capitalei \u0219i o cl\u0103dire \u00een ansamblul Triama din zona Morarilor-Baia de Aram\u0103. <\/p>\n\n\n\n<figure class=\"wp-block-gallery has-nested-images columns-default is-cropped wp-block-gallery-1 is-layout-flex wp-block-gallery-is-layout-flex\">\n<figure class=\"wp-block-image size-large\"><img loading=\"lazy\" decoding=\"async\" width=\"1200\" height=\"675\" data-id=\"75098\" src=\"https:\/\/www.imobiliare.ro\/imoexpert\/wp-content\/uploads\/2026\/01\/proiect-speedwell-in-corbeanca.jpg\" alt=\"\" class=\"wp-image-75098\" srcset=\"https:\/\/www.imobiliare.ro\/imoexpert\/wp-content\/uploads\/2026\/01\/proiect-speedwell-in-corbeanca.jpg 1200w, https:\/\/www.imobiliare.ro\/imoexpert\/wp-content\/uploads\/2026\/01\/proiect-speedwell-in-corbeanca-770x433.jpg 770w, https:\/\/www.imobiliare.ro\/imoexpert\/wp-content\/uploads\/2026\/01\/proiect-speedwell-in-corbeanca-390x219.jpg 390w\" sizes=\"auto, (max-width: 1200px) 100vw, 1200px\" \/><\/figure>\n\n\n\n<figure class=\"wp-block-image size-large\"><img loading=\"lazy\" decoding=\"async\" width=\"1200\" height=\"848\" data-id=\"75099\" src=\"https:\/\/www.imobiliare.ro\/imoexpert\/wp-content\/uploads\/2026\/01\/proiect-speedwell-pe-malul-lacului-grivita-1200x848.jpg\" alt=\"\" class=\"wp-image-75099\" srcset=\"https:\/\/www.imobiliare.ro\/imoexpert\/wp-content\/uploads\/2026\/01\/proiect-speedwell-pe-malul-lacului-grivita-1200x848.jpg 1200w, https:\/\/www.imobiliare.ro\/imoexpert\/wp-content\/uploads\/2026\/01\/proiect-speedwell-pe-malul-lacului-grivita-770x544.jpg 770w, https:\/\/www.imobiliare.ro\/imoexpert\/wp-content\/uploads\/2026\/01\/proiect-speedwell-pe-malul-lacului-grivita-390x275.jpg 390w, https:\/\/www.imobiliare.ro\/imoexpert\/wp-content\/uploads\/2026\/01\/proiect-speedwell-pe-malul-lacului-grivita.jpg 1536w\" sizes=\"auto, (max-width: 1200px) 100vw, 1200px\" \/><\/figure>\n\n\n\n<figure class=\"wp-block-image size-large\"><img loading=\"lazy\" decoding=\"async\" width=\"1200\" height=\"800\" data-id=\"75101\" src=\"https:\/\/www.imobiliare.ro\/imoexpert\/wp-content\/uploads\/2026\/01\/proiect-speedwell-the-ivy-1200x800.jpg\" alt=\"\" class=\"wp-image-75101\" srcset=\"https:\/\/www.imobiliare.ro\/imoexpert\/wp-content\/uploads\/2026\/01\/proiect-speedwell-the-ivy-1200x800.jpg 1200w, https:\/\/www.imobiliare.ro\/imoexpert\/wp-content\/uploads\/2026\/01\/proiect-speedwell-the-ivy-770x513.jpg 770w, https:\/\/www.imobiliare.ro\/imoexpert\/wp-content\/uploads\/2026\/01\/proiect-speedwell-the-ivy-1536x1024.jpg 1536w, https:\/\/www.imobiliare.ro\/imoexpert\/wp-content\/uploads\/2026\/01\/proiect-speedwell-the-ivy-2048x1366.jpg 2048w, https:\/\/www.imobiliare.ro\/imoexpert\/wp-content\/uploads\/2026\/01\/proiect-speedwell-the-ivy-390x260.jpg 390w\" sizes=\"auto, (max-width: 1200px) 100vw, 1200px\" \/><\/figure>\n\n\n\n<figure class=\"wp-block-image size-large\"><img loading=\"lazy\" decoding=\"async\" width=\"1200\" height=\"675\" data-id=\"75100\" src=\"https:\/\/www.imobiliare.ro\/imoexpert\/wp-content\/uploads\/2026\/01\/proiect-speedwell-triama-1200x675.jpg\" alt=\"\" class=\"wp-image-75100\" srcset=\"https:\/\/www.imobiliare.ro\/imoexpert\/wp-content\/uploads\/2026\/01\/proiect-speedwell-triama-1200x675.jpg 1200w, https:\/\/www.imobiliare.ro\/imoexpert\/wp-content\/uploads\/2026\/01\/proiect-speedwell-triama-770x433.jpg 770w, https:\/\/www.imobiliare.ro\/imoexpert\/wp-content\/uploads\/2026\/01\/proiect-speedwell-triama-1536x864.jpg 1536w, https:\/\/www.imobiliare.ro\/imoexpert\/wp-content\/uploads\/2026\/01\/proiect-speedwell-triama-2048x1152.jpg 2048w, https:\/\/www.imobiliare.ro\/imoexpert\/wp-content\/uploads\/2026\/01\/proiect-speedwell-triama-390x219.jpg 390w\" sizes=\"auto, (max-width: 1200px) 100vw, 1200px\" \/><\/figure>\n<\/figure>\n\n\n\n<p>Speedwell dezvolt\u0103, totodat\u0103, un proiect mixed-use de regenerare urban\u0103 \u00een Timi\u0219oara numit <a class=\"article-body-links\"href=\"https:\/\/www.imobiliare.ro\/ansamblu-rezidential\/paltim-central\" target=\"_blank\" rel=\"noreferrer noopener\">Paltim<\/a> \u0219i preg\u0103te\u0219te demararea lucr\u0103rilor pentru un proiect imobiliar similar pe terenul fostei fabrici de textile 1 Iunie SA.<\/p>\n\n\n\n<figure class=\"wp-block-image size-large\"><img loading=\"lazy\" decoding=\"async\" width=\"1200\" height=\"895\" src=\"https:\/\/www.imobiliare.ro\/imoexpert\/wp-content\/uploads\/2026\/01\/proiect-speedwell-paltim-1200x895.jpg\" alt=\"\" class=\"wp-image-75102\" srcset=\"https:\/\/www.imobiliare.ro\/imoexpert\/wp-content\/uploads\/2026\/01\/proiect-speedwell-paltim-1200x895.jpg 1200w, https:\/\/www.imobiliare.ro\/imoexpert\/wp-content\/uploads\/2026\/01\/proiect-speedwell-paltim-770x574.jpg 770w, https:\/\/www.imobiliare.ro\/imoexpert\/wp-content\/uploads\/2026\/01\/proiect-speedwell-paltim-1536x1146.jpg 1536w, https:\/\/www.imobiliare.ro\/imoexpert\/wp-content\/uploads\/2026\/01\/proiect-speedwell-paltim-390x291.jpg 390w, https:\/\/www.imobiliare.ro\/imoexpert\/wp-content\/uploads\/2026\/01\/proiect-speedwell-paltim.jpg 1920w\" sizes=\"auto, (max-width: 1200px) 100vw, 1200px\" \/><\/figure>\n\n\n\n<p>Dezvoltatorul este prezent \u0219i \u00een Cluj, R\u00e2mnicu V\u00e2lcea \u0219i Bra\u0219ov, iar portofoliul companiei include peste 5.500 de apartamente, al\u0103turi de spa\u021bii de birouri \u0219i spa\u021bii industriale. \u00cen vara anului 2024, Speedwell \u0219i-a extins opera\u021biunile \u00een Polonia, unde are ca obiectiv dezvoltarea unui portofoliu similar cu cel din Rom\u00e2nia.<\/p>\n\n\n\n<p><strong>Afl\u0103 detalii despre evolu\u021bia pre\u021burilor apartamentelor noi din Bucure\u0219ti \u0219i din marile ora\u0219e din video de mai jos.<\/strong><\/p>\n\n\n\n<iframe loading=\"lazy\" width=\"560\" height=\"315\" src=\"https:\/\/www.youtube.com\/embed\/7Lt03HZELwk?si=Rxm889T11MqSQ7Vx\" title=\"YouTube video player\" frameborder=\"0\" allow=\"accelerometer; autoplay; clipboard-write; encrypted-media; gyroscope; picture-in-picture; web-share\" referrerpolicy=\"strict-origin-when-cross-origin\" allowfullscreen><\/iframe>\n\n\n\n<figure class=\"wp-block-image size-full\"><a class=\"article-body-links\"href=\"https:\/\/www.imobiliare.ro\/retrospectiva-2025\" target=\"_blank\" rel=\" noreferrer noopener\"><img loading=\"lazy\" decoding=\"async\" width=\"1200\" height=\"400\" src=\"https:\/\/www.imobiliare.ro\/imoexpert\/wp-content\/uploads\/2026\/01\/restrospectiva-anului-2025-in-imobiliare.jpg\" alt=\"\" class=\"wp-image-75058\" srcset=\"https:\/\/www.imobiliare.ro\/imoexpert\/wp-content\/uploads\/2026\/01\/restrospectiva-anului-2025-in-imobiliare.jpg 1200w, https:\/\/www.imobiliare.ro\/imoexpert\/wp-content\/uploads\/2026\/01\/restrospectiva-anului-2025-in-imobiliare-770x257.jpg 770w, https:\/\/www.imobiliare.ro\/imoexpert\/wp-content\/uploads\/2026\/01\/restrospectiva-anului-2025-in-imobiliare-390x130.jpg 390w\" sizes=\"auto, (max-width: 1200px) 100vw, 1200px\" \/><\/a><\/figure>\n","protected":false},"excerpt":{"rendered":"<p>Lucr\u0103rile au fost demarate pe \u0219antier \u00een decembrie 2025, noul proiect construit \u00een zona de nord a Bucure\u0219tiului urm\u00e2nd s\u0103 fie finalizat \u00een 2027.<\/p>\n","protected":false},"author":5891,"featured_media":75095,"comment_status":"open","ping_status":"open","sticky":false,"template":"","format":"standard","meta":{"footnotes":""},"categories":[259],"tags":[348,2120,2027,2370,2023,1809],"content_author":[],"class_list":["post-75094","post","type-post","status-publish","format-standard","has-post-thumbnail","hentry","category-stiri","tag-apartamente-noi","tag-bucuresti-3","tag-proiect-mixt","tag-regenerare-urbana","tag-speedwell","tag-apartamente-timisoara"],"yoast_head":"<!-- This site is optimized with the Yoast SEO Premium plugin v27.0 (Yoast SEO v27.0) - https:\/\/yoast.com\/product\/yoast-seo-premium-wordpress\/ -->\n<title>Apartamente v\u00e2ndute \u00een timp record \u00eentr-un ansamblu din Bucure\u0219ti. Dezvoltatorul are mai multe proiecte \u00een lucru, inclusiv \u00een Timi\u0219oara - \u0218tiri - ImoExpert<\/title>\n<meta name=\"description\" content=\"Lucr\u0103rile au fost demarate pe \u0219antier \u00een decembrie 2025, noul proiect construit \u00een zona de nord a Bucure\u0219tiului urm\u00e2nd s\u0103 fie finalizat \u00een 2027.\" \/>\n<meta name=\"robots\" content=\"index, follow\" \/>\n<link rel=\"canonical\" href=\"https:\/\/www.imobiliare.ro\/imoexpert\/apartamentele-vandute-in-timp-record-intr-un-ansamblu-din-bucuresti-dezvoltatorul-are-mai-multe-proiecte-in-lucru-inclusiv-in-timisoara_db\/\" \/>\n<meta property=\"og:locale\" content=\"ro_RO\" \/>\n<meta property=\"og:type\" content=\"article\" \/>\n<meta property=\"og:title\" content=\"Apartamente v\u00e2ndute \u00een timp record \u00eentr-un ansamblu din Bucure\u0219ti. Dezvoltatorul are mai multe proiecte \u00een lucru, inclusiv \u00een Timi\u0219oara\" \/>\n<meta property=\"og:description\" content=\"Lucr\u0103rile au fost demarate pe \u0219antier \u00een decembrie 2025, noul proiect construit \u00een zona de nord a Bucure\u0219tiului urm\u00e2nd s\u0103 fie finalizat \u00een 2027.\" \/>\n<meta property=\"og:url\" content=\"https:\/\/www.imobiliare.ro\/imoexpert\/apartamentele-vandute-in-timp-record-intr-un-ansamblu-din-bucuresti-dezvoltatorul-are-mai-multe-proiecte-in-lucru-inclusiv-in-timisoara_db\/\" \/>\n<meta property=\"og:site_name\" content=\"ImoExpert\" \/>\n<meta property=\"article:published_time\" content=\"2026-01-22T09:13:54+00:00\" \/>\n<meta property=\"article:modified_time\" content=\"2026-01-22T12:26:45+00:00\" \/>\n<meta property=\"og:image\" content=\"https:\/\/www.imobiliare.ro\/imoexpert\/wp-content\/uploads\/2026\/01\/apartamentele-din-acest-proiect-imobiliar-se-vand-in-timp-record.jpg\" \/>\n\t<meta property=\"og:image:width\" content=\"1200\" \/>\n\t<meta property=\"og:image:height\" content=\"600\" \/>\n\t<meta property=\"og:image:type\" content=\"image\/jpeg\" \/>\n<meta name=\"author\" content=\"Corina V\u00e2rlan\" \/>\n<meta name=\"twitter:card\" content=\"summary_large_image\" \/>\n<meta name=\"twitter:label1\" content=\"Written by\" \/>\n\t<meta name=\"twitter:data1\" content=\"Corina V\u00e2rlan\" \/>\n\t<meta name=\"twitter:label2\" content=\"Est. reading time\" \/>\n\t<meta name=\"twitter:data2\" content=\"2 minute\" \/>\n<script type=\"application\/ld+json\" class=\"yoast-schema-graph\">{\"@context\":\"https:\/\/schema.org\",\"@graph\":[{\"@type\":\"Article\",\"@id\":\"https:\/\/www.imobiliare.ro\/imoexpert\/apartamentele-vandute-in-timp-record-intr-un-ansamblu-din-bucuresti-dezvoltatorul-are-mai-multe-proiecte-in-lucru-inclusiv-in-timisoara_db\/#article\",\"isPartOf\":{\"@id\":\"https:\/\/www.imobiliare.ro\/imoexpert\/apartamentele-vandute-in-timp-record-intr-un-ansamblu-din-bucuresti-dezvoltatorul-are-mai-multe-proiecte-in-lucru-inclusiv-in-timisoara_db\/\"},\"author\":{\"name\":\"Corina V\u00e2rlan\",\"@id\":\"https:\/\/www.imobiliare.ro\/imoexpert\/#\/schema\/person\/9ffdfbf24b82f39fc75a2fc6c19e4e99\"},\"headline\":\"Apartamente v\u00e2ndute \u00een timp record \u00eentr-un ansamblu din Bucure\u0219ti. Dezvoltatorul are mai multe proiecte \u00een lucru, inclusiv \u00een Timi\u0219oara\",\"datePublished\":\"2026-01-22T09:13:54+00:00\",\"dateModified\":\"2026-01-22T12:26:45+00:00\",\"mainEntityOfPage\":{\"@id\":\"https:\/\/www.imobiliare.ro\/imoexpert\/apartamentele-vandute-in-timp-record-intr-un-ansamblu-din-bucuresti-dezvoltatorul-are-mai-multe-proiecte-in-lucru-inclusiv-in-timisoara_db\/\"},\"wordCount\":357,\"commentCount\":0,\"publisher\":{\"@id\":\"https:\/\/www.imobiliare.ro\/imoexpert\/#organization\"},\"image\":{\"@id\":\"https:\/\/www.imobiliare.ro\/imoexpert\/apartamentele-vandute-in-timp-record-intr-un-ansamblu-din-bucuresti-dezvoltatorul-are-mai-multe-proiecte-in-lucru-inclusiv-in-timisoara_db\/#primaryimage\"},\"thumbnailUrl\":\"https:\/\/www.imobiliare.ro\/imoexpert\/wp-content\/uploads\/2026\/01\/apartamentele-din-acest-proiect-imobiliar-se-vand-in-timp-record.jpg\",\"keywords\":[\"Apartamente noi\",\"Bucuresti\",\"proiect mixt\",\"regenerare urbana\",\"Speedwell\",\"Timisoara\"],\"articleSection\":[\"\u0218tiri\"],\"inLanguage\":\"en\",\"potentialAction\":[{\"@type\":\"CommentAction\",\"name\":\"Comment\",\"target\":[\"https:\/\/www.imobiliare.ro\/imoexpert\/apartamentele-vandute-in-timp-record-intr-un-ansamblu-din-bucuresti-dezvoltatorul-are-mai-multe-proiecte-in-lucru-inclusiv-in-timisoara_db\/#respond\"]}],\"copyrightYear\":\"2026\",\"copyrightHolder\":{\"@id\":\"https:\/\/www.imobiliare.ro\/imoexpert\/#organization\"}},{\"@type\":\"WebPage\",\"@id\":\"https:\/\/www.imobiliare.ro\/imoexpert\/apartamentele-vandute-in-timp-record-intr-un-ansamblu-din-bucuresti-dezvoltatorul-are-mai-multe-proiecte-in-lucru-inclusiv-in-timisoara_db\/\",\"url\":\"https:\/\/www.imobiliare.ro\/imoexpert\/apartamentele-vandute-in-timp-record-intr-un-ansamblu-din-bucuresti-dezvoltatorul-are-mai-multe-proiecte-in-lucru-inclusiv-in-timisoara_db\/\",\"name\":\"Apartamente v\u00e2ndute \u00een timp record \u00eentr-un ansamblu din Bucure\u0219ti. Dezvoltatorul are mai multe proiecte \u00een lucru, inclusiv \u00een Timi\u0219oara - \u0218tiri - ImoExpert\",\"isPartOf\":{\"@id\":\"https:\/\/www.imobiliare.ro\/imoexpert\/#website\"},\"primaryImageOfPage\":{\"@id\":\"https:\/\/www.imobiliare.ro\/imoexpert\/apartamentele-vandute-in-timp-record-intr-un-ansamblu-din-bucuresti-dezvoltatorul-are-mai-multe-proiecte-in-lucru-inclusiv-in-timisoara_db\/#primaryimage\"},\"image\":{\"@id\":\"https:\/\/www.imobiliare.ro\/imoexpert\/apartamentele-vandute-in-timp-record-intr-un-ansamblu-din-bucuresti-dezvoltatorul-are-mai-multe-proiecte-in-lucru-inclusiv-in-timisoara_db\/#primaryimage\"},\"thumbnailUrl\":\"https:\/\/www.imobiliare.ro\/imoexpert\/wp-content\/uploads\/2026\/01\/apartamentele-din-acest-proiect-imobiliar-se-vand-in-timp-record.jpg\",\"datePublished\":\"2026-01-22T09:13:54+00:00\",\"dateModified\":\"2026-01-22T12:26:45+00:00\",\"description\":\"Lucr\u0103rile au fost demarate pe \u0219antier \u00een decembrie 2025, noul proiect construit \u00een zona de nord a Bucure\u0219tiului urm\u00e2nd s\u0103 fie finalizat \u00een 2027.\",\"breadcrumb\":{\"@id\":\"https:\/\/www.imobiliare.ro\/imoexpert\/apartamentele-vandute-in-timp-record-intr-un-ansamblu-din-bucuresti-dezvoltatorul-are-mai-multe-proiecte-in-lucru-inclusiv-in-timisoara_db\/#breadcrumb\"},\"inLanguage\":\"en\",\"potentialAction\":[{\"@type\":\"ReadAction\",\"target\":[\"https:\/\/www.imobiliare.ro\/imoexpert\/apartamentele-vandute-in-timp-record-intr-un-ansamblu-din-bucuresti-dezvoltatorul-are-mai-multe-proiecte-in-lucru-inclusiv-in-timisoara_db\/\"]}]},{\"@type\":\"ImageObject\",\"inLanguage\":\"en\",\"@id\":\"https:\/\/www.imobiliare.ro\/imoexpert\/apartamentele-vandute-in-timp-record-intr-un-ansamblu-din-bucuresti-dezvoltatorul-are-mai-multe-proiecte-in-lucru-inclusiv-in-timisoara_db\/#primaryimage\",\"url\":\"https:\/\/www.imobiliare.ro\/imoexpert\/wp-content\/uploads\/2026\/01\/apartamentele-din-acest-proiect-imobiliar-se-vand-in-timp-record.jpg\",\"contentUrl\":\"https:\/\/www.imobiliare.ro\/imoexpert\/wp-content\/uploads\/2026\/01\/apartamentele-din-acest-proiect-imobiliar-se-vand-in-timp-record.jpg\",\"width\":1200,\"height\":600},{\"@type\":\"BreadcrumbList\",\"@id\":\"https:\/\/www.imobiliare.ro\/imoexpert\/apartamentele-vandute-in-timp-record-intr-un-ansamblu-din-bucuresti-dezvoltatorul-are-mai-multe-proiecte-in-lucru-inclusiv-in-timisoara_db\/#breadcrumb\",\"itemListElement\":[{\"@type\":\"ListItem\",\"position\":1,\"name\":\"Imoradar24\",\"item\":\"https:\/\/www.imoradar24.ro\"},{\"@type\":\"ListItem\",\"position\":2,\"name\":\"ImoExpert\",\"item\":\"https:\/\/www.imobiliare.ro\/imoexpert\/\"},{\"@type\":\"ListItem\",\"position\":3,\"name\":\"Apartamente v\u00e2ndute \u00een timp record \u00eentr-un ansamblu din Bucure\u0219ti. Dezvoltatorul are mai multe proiecte \u00een lucru, inclusiv \u00een Timi\u0219oara\"}]},{\"@type\":\"WebSite\",\"@id\":\"https:\/\/www.imobiliare.ro\/imoexpert\/#website\",\"url\":\"https:\/\/www.imobiliare.ro\/imoexpert\/\",\"name\":\"ImoExpert\",\"description\":\"cele mai importante \u015ftiri din domeniul imobiliar\",\"publisher\":{\"@id\":\"https:\/\/www.imobiliare.ro\/imoexpert\/#organization\"},\"inLanguage\":\"en\"},{\"@type\":\"Organization\",\"@id\":\"https:\/\/www.imobiliare.ro\/imoexpert\/#organization\",\"name\":\"Imobiliare.ro\",\"alternateName\":\"Realmedia Network SA\",\"url\":\"https:\/\/www.imobiliare.ro\/imoexpert\/\",\"logo\":{\"@type\":\"ImageObject\",\"inLanguage\":\"en\",\"@id\":\"https:\/\/www.imobiliare.ro\/imoexpert\/#\/schema\/logo\/image\/\",\"url\":\"https:\/\/www.imobiliare.ro\/imoexpert\/wp-content\/uploads\/2025\/05\/imobiliare_logo.png\",\"contentUrl\":\"https:\/\/www.imobiliare.ro\/imoexpert\/wp-content\/uploads\/2025\/05\/imobiliare_logo.png\",\"width\":237,\"height\":29,\"caption\":\"Imobiliare.ro\"},\"image\":{\"@id\":\"https:\/\/www.imobiliare.ro\/imoexpert\/#\/schema\/logo\/image\/\"}},{\"@type\":\"Person\",\"@id\":\"https:\/\/www.imobiliare.ro\/imoexpert\/#\/schema\/person\/9ffdfbf24b82f39fc75a2fc6c19e4e99\",\"name\":\"Corina V\u00e2rlan\",\"image\":{\"@type\":\"ImageObject\",\"inLanguage\":\"en\",\"@id\":\"https:\/\/www.imobiliare.ro\/imoexpert\/#\/schema\/person\/image\/\",\"url\":\"https:\/\/www.imobiliare.ro\/imoexpert\/wp-content\/uploads\/2026\/02\/12-02-2025-5-rezumat-brasov-thumb-reels-1-1-96x96.png\",\"contentUrl\":\"https:\/\/www.imobiliare.ro\/imoexpert\/wp-content\/uploads\/2026\/02\/12-02-2025-5-rezumat-brasov-thumb-reels-1-1-96x96.png\",\"caption\":\"Corina V\u00e2rlan\"},\"description\":\"Cu o experien\u021b\u0103 de 14 ani \u00een presa online, comunicare \u0219i content marketing, Corina V\u00e2rlan s-a al\u0103turat echipei Imobiliare.ro \u00een urm\u0103 cu 8 ani \u0219i ocup\u0103, \u00een prezent, func\u021bia de Content Manager. Ea este gazda emisiunii \\\"\u00centreab\u0103 expertul\\\" \u0219i a seriei 5 \u0218tiri Imobiliare.ro, realizate \u00een parteneriat cu Libertatea. Corina \u00ee\u0219i concentreaz\u0103 activitatea pe analiza datelor de pia\u021b\u0103 \u0219i pe subiecte de interes at\u00e2t pentru cei afla\u021bi \u00een c\u0103utarea unei locuin\u021be, c\u00e2t \u0219i pentru proprietari sau chiria\u0219i.\",\"alternateName\":\"Corina\",\"jobTitle\":\"Content Manager\",\"url\":\"https:\/\/www.imobiliare.ro\/imoexpert\/author\/corina-varlan\/\"}]}<\/script>\n<!-- \/ Yoast SEO Premium plugin. -->","yoast_head_json":{"title":"Apartamente v\u00e2ndute \u00een timp record \u00eentr-un ansamblu din Bucure\u0219ti. Dezvoltatorul are mai multe proiecte \u00een lucru, inclusiv \u00een Timi\u0219oara - \u0218tiri - ImoExpert","description":"Lucr\u0103rile au fost demarate pe \u0219antier \u00een decembrie 2025, noul proiect construit \u00een zona de nord a Bucure\u0219tiului urm\u00e2nd s\u0103 fie finalizat \u00een 2027.","robots":{"index":"index","follow":"follow"},"canonical":"https:\/\/www.imobiliare.ro\/imoexpert\/apartamentele-vandute-in-timp-record-intr-un-ansamblu-din-bucuresti-dezvoltatorul-are-mai-multe-proiecte-in-lucru-inclusiv-in-timisoara_db\/","og_locale":"ro_RO","og_type":"article","og_title":"Apartamente v\u00e2ndute \u00een timp record \u00eentr-un ansamblu din Bucure\u0219ti. Dezvoltatorul are mai multe proiecte \u00een lucru, inclusiv \u00een Timi\u0219oara","og_description":"Lucr\u0103rile au fost demarate pe \u0219antier \u00een decembrie 2025, noul proiect construit \u00een zona de nord a Bucure\u0219tiului urm\u00e2nd s\u0103 fie finalizat \u00een 2027.","og_url":"https:\/\/www.imobiliare.ro\/imoexpert\/apartamentele-vandute-in-timp-record-intr-un-ansamblu-din-bucuresti-dezvoltatorul-are-mai-multe-proiecte-in-lucru-inclusiv-in-timisoara_db\/","og_site_name":"ImoExpert","article_published_time":"2026-01-22T09:13:54+00:00","article_modified_time":"2026-01-22T12:26:45+00:00","og_image":[{"width":1200,"height":600,"url":"https:\/\/www.imobiliare.ro\/imoexpert\/wp-content\/uploads\/2026\/01\/apartamentele-din-acest-proiect-imobiliar-se-vand-in-timp-record.jpg","type":"image\/jpeg"}],"author":"Corina V\u00e2rlan","twitter_card":"summary_large_image","twitter_misc":{"Written by":"Corina V\u00e2rlan","Est. reading time":"2 minute"},"schema":{"@context":"https:\/\/schema.org","@graph":[{"@type":"Article","@id":"https:\/\/www.imobiliare.ro\/imoexpert\/apartamentele-vandute-in-timp-record-intr-un-ansamblu-din-bucuresti-dezvoltatorul-are-mai-multe-proiecte-in-lucru-inclusiv-in-timisoara_db\/#article","isPartOf":{"@id":"https:\/\/www.imobiliare.ro\/imoexpert\/apartamentele-vandute-in-timp-record-intr-un-ansamblu-din-bucuresti-dezvoltatorul-are-mai-multe-proiecte-in-lucru-inclusiv-in-timisoara_db\/"},"author":{"name":"Corina V\u00e2rlan","@id":"https:\/\/www.imobiliare.ro\/imoexpert\/#\/schema\/person\/9ffdfbf24b82f39fc75a2fc6c19e4e99"},"headline":"Apartamente v\u00e2ndute \u00een timp record \u00eentr-un ansamblu din Bucure\u0219ti. Dezvoltatorul are mai multe proiecte \u00een lucru, inclusiv \u00een Timi\u0219oara","datePublished":"2026-01-22T09:13:54+00:00","dateModified":"2026-01-22T12:26:45+00:00","mainEntityOfPage":{"@id":"https:\/\/www.imobiliare.ro\/imoexpert\/apartamentele-vandute-in-timp-record-intr-un-ansamblu-din-bucuresti-dezvoltatorul-are-mai-multe-proiecte-in-lucru-inclusiv-in-timisoara_db\/"},"wordCount":357,"commentCount":0,"publisher":{"@id":"https:\/\/www.imobiliare.ro\/imoexpert\/#organization"},"image":{"@id":"https:\/\/www.imobiliare.ro\/imoexpert\/apartamentele-vandute-in-timp-record-intr-un-ansamblu-din-bucuresti-dezvoltatorul-are-mai-multe-proiecte-in-lucru-inclusiv-in-timisoara_db\/#primaryimage"},"thumbnailUrl":"https:\/\/www.imobiliare.ro\/imoexpert\/wp-content\/uploads\/2026\/01\/apartamentele-din-acest-proiect-imobiliar-se-vand-in-timp-record.jpg","keywords":["Apartamente noi","Bucuresti","proiect mixt","regenerare urbana","Speedwell","Timisoara"],"articleSection":["\u0218tiri"],"inLanguage":"en","potentialAction":[{"@type":"CommentAction","name":"Comment","target":["https:\/\/www.imobiliare.ro\/imoexpert\/apartamentele-vandute-in-timp-record-intr-un-ansamblu-din-bucuresti-dezvoltatorul-are-mai-multe-proiecte-in-lucru-inclusiv-in-timisoara_db\/#respond"]}],"copyrightYear":"2026","copyrightHolder":{"@id":"https:\/\/www.imobiliare.ro\/imoexpert\/#organization"}},{"@type":"WebPage","@id":"https:\/\/www.imobiliare.ro\/imoexpert\/apartamentele-vandute-in-timp-record-intr-un-ansamblu-din-bucuresti-dezvoltatorul-are-mai-multe-proiecte-in-lucru-inclusiv-in-timisoara_db\/","url":"https:\/\/www.imobiliare.ro\/imoexpert\/apartamentele-vandute-in-timp-record-intr-un-ansamblu-din-bucuresti-dezvoltatorul-are-mai-multe-proiecte-in-lucru-inclusiv-in-timisoara_db\/","name":"Apartamente v\u00e2ndute \u00een timp record \u00eentr-un ansamblu din Bucure\u0219ti. Dezvoltatorul are mai multe proiecte \u00een lucru, inclusiv \u00een Timi\u0219oara - \u0218tiri - ImoExpert","isPartOf":{"@id":"https:\/\/www.imobiliare.ro\/imoexpert\/#website"},"primaryImageOfPage":{"@id":"https:\/\/www.imobiliare.ro\/imoexpert\/apartamentele-vandute-in-timp-record-intr-un-ansamblu-din-bucuresti-dezvoltatorul-are-mai-multe-proiecte-in-lucru-inclusiv-in-timisoara_db\/#primaryimage"},"image":{"@id":"https:\/\/www.imobiliare.ro\/imoexpert\/apartamentele-vandute-in-timp-record-intr-un-ansamblu-din-bucuresti-dezvoltatorul-are-mai-multe-proiecte-in-lucru-inclusiv-in-timisoara_db\/#primaryimage"},"thumbnailUrl":"https:\/\/www.imobiliare.ro\/imoexpert\/wp-content\/uploads\/2026\/01\/apartamentele-din-acest-proiect-imobiliar-se-vand-in-timp-record.jpg","datePublished":"2026-01-22T09:13:54+00:00","dateModified":"2026-01-22T12:26:45+00:00","description":"Lucr\u0103rile au fost demarate pe \u0219antier \u00een decembrie 2025, noul proiect construit \u00een zona de nord a Bucure\u0219tiului urm\u00e2nd s\u0103 fie finalizat \u00een 2027.","breadcrumb":{"@id":"https:\/\/www.imobiliare.ro\/imoexpert\/apartamentele-vandute-in-timp-record-intr-un-ansamblu-din-bucuresti-dezvoltatorul-are-mai-multe-proiecte-in-lucru-inclusiv-in-timisoara_db\/#breadcrumb"},"inLanguage":"en","potentialAction":[{"@type":"ReadAction","target":["https:\/\/www.imobiliare.ro\/imoexpert\/apartamentele-vandute-in-timp-record-intr-un-ansamblu-din-bucuresti-dezvoltatorul-are-mai-multe-proiecte-in-lucru-inclusiv-in-timisoara_db\/"]}]},{"@type":"ImageObject","inLanguage":"en","@id":"https:\/\/www.imobiliare.ro\/imoexpert\/apartamentele-vandute-in-timp-record-intr-un-ansamblu-din-bucuresti-dezvoltatorul-are-mai-multe-proiecte-in-lucru-inclusiv-in-timisoara_db\/#primaryimage","url":"https:\/\/www.imobiliare.ro\/imoexpert\/wp-content\/uploads\/2026\/01\/apartamentele-din-acest-proiect-imobiliar-se-vand-in-timp-record.jpg","contentUrl":"https:\/\/www.imobiliare.ro\/imoexpert\/wp-content\/uploads\/2026\/01\/apartamentele-din-acest-proiect-imobiliar-se-vand-in-timp-record.jpg","width":1200,"height":600},{"@type":"BreadcrumbList","@id":"https:\/\/www.imobiliare.ro\/imoexpert\/apartamentele-vandute-in-timp-record-intr-un-ansamblu-din-bucuresti-dezvoltatorul-are-mai-multe-proiecte-in-lucru-inclusiv-in-timisoara_db\/#breadcrumb","itemListElement":[{"@type":"ListItem","position":1,"name":"Imoradar24","item":"https:\/\/www.imoradar24.ro"},{"@type":"ListItem","position":2,"name":"ImoExpert","item":"https:\/\/www.imobiliare.ro\/imoexpert\/"},{"@type":"ListItem","position":3,"name":"Apartamente v\u00e2ndute \u00een timp record \u00eentr-un ansamblu din Bucure\u0219ti. Dezvoltatorul are mai multe proiecte \u00een lucru, inclusiv \u00een Timi\u0219oara"}]},{"@type":"WebSite","@id":"https:\/\/www.imobiliare.ro\/imoexpert\/#website","url":"https:\/\/www.imobiliare.ro\/imoexpert\/","name":"ImoExpert","description":"cele mai importante \u015ftiri din domeniul imobiliar","publisher":{"@id":"https:\/\/www.imobiliare.ro\/imoexpert\/#organization"},"inLanguage":"en"},{"@type":"Organization","@id":"https:\/\/www.imobiliare.ro\/imoexpert\/#organization","name":"Imobiliare.ro","alternateName":"Realmedia Network SA","url":"https:\/\/www.imobiliare.ro\/imoexpert\/","logo":{"@type":"ImageObject","inLanguage":"en","@id":"https:\/\/www.imobiliare.ro\/imoexpert\/#\/schema\/logo\/image\/","url":"https:\/\/www.imobiliare.ro\/imoexpert\/wp-content\/uploads\/2025\/05\/imobiliare_logo.png","contentUrl":"https:\/\/www.imobiliare.ro\/imoexpert\/wp-content\/uploads\/2025\/05\/imobiliare_logo.png","width":237,"height":29,"caption":"Imobiliare.ro"},"image":{"@id":"https:\/\/www.imobiliare.ro\/imoexpert\/#\/schema\/logo\/image\/"}},{"@type":"Person","@id":"https:\/\/www.imobiliare.ro\/imoexpert\/#\/schema\/person\/9ffdfbf24b82f39fc75a2fc6c19e4e99","name":"Corina V\u00e2rlan","image":{"@type":"ImageObject","inLanguage":"en","@id":"https:\/\/www.imobiliare.ro\/imoexpert\/#\/schema\/person\/image\/","url":"https:\/\/www.imobiliare.ro\/imoexpert\/wp-content\/uploads\/2026\/02\/12-02-2025-5-rezumat-brasov-thumb-reels-1-1-96x96.png","contentUrl":"https:\/\/www.imobiliare.ro\/imoexpert\/wp-content\/uploads\/2026\/02\/12-02-2025-5-rezumat-brasov-thumb-reels-1-1-96x96.png","caption":"Corina V\u00e2rlan"},"description":"Cu o experien\u021b\u0103 de 14 ani \u00een presa online, comunicare \u0219i content marketing, Corina V\u00e2rlan s-a al\u0103turat echipei Imobiliare.ro \u00een urm\u0103 cu 8 ani \u0219i ocup\u0103, \u00een prezent, func\u021bia de Content Manager. Ea este gazda emisiunii \"\u00centreab\u0103 expertul\" \u0219i a seriei 5 \u0218tiri Imobiliare.ro, realizate \u00een parteneriat cu Libertatea. Corina \u00ee\u0219i concentreaz\u0103 activitatea pe analiza datelor de pia\u021b\u0103 \u0219i pe subiecte de interes at\u00e2t pentru cei afla\u021bi \u00een c\u0103utarea unei locuin\u021be, c\u00e2t \u0219i pentru proprietari sau chiria\u0219i.","alternateName":"Corina","jobTitle":"Content Manager","url":"https:\/\/www.imobiliare.ro\/imoexpert\/author\/corina-varlan\/"}]}},"_links":{"self":[{"href":"https:\/\/www.imobiliare.ro\/imoexpert\/wp-json\/wp\/v2\/posts\/75094","targetHints":{"allow":["GET"]}}],"collection":[{"href":"https:\/\/www.imobiliare.ro\/imoexpert\/wp-json\/wp\/v2\/posts"}],"about":[{"href":"https:\/\/www.imobiliare.ro\/imoexpert\/wp-json\/wp\/v2\/types\/post"}],"author":[{"embeddable":true,"href":"https:\/\/www.imobiliare.ro\/imoexpert\/wp-json\/wp\/v2\/users\/5891"}],"replies":[{"embeddable":true,"href":"https:\/\/www.imobiliare.ro\/imoexpert\/wp-json\/wp\/v2\/comments?post=75094"}],"version-history":[{"count":0,"href":"https:\/\/www.imobiliare.ro\/imoexpert\/wp-json\/wp\/v2\/posts\/75094\/revisions"}],"wp:featuredmedia":[{"embeddable":true,"href":"https:\/\/www.imobiliare.ro\/imoexpert\/wp-json\/wp\/v2\/media\/75095"}],"wp:attachment":[{"href":"https:\/\/www.imobiliare.ro\/imoexpert\/wp-json\/wp\/v2\/media?parent=75094"}],"wp:term":[{"taxonomy":"category","embeddable":true,"href":"https:\/\/www.imobiliare.ro\/imoexpert\/wp-json\/wp\/v2\/categories?post=75094"},{"taxonomy":"post_tag","embeddable":true,"href":"https:\/\/www.imobiliare.ro\/imoexpert\/wp-json\/wp\/v2\/tags?post=75094"},{"taxonomy":"content_author","embeddable":true,"href":"https:\/\/www.imobiliare.ro\/imoexpert\/wp-json\/wp\/v2\/content_author?post=75094"}],"curies":[{"name":"wp","href":"https:\/\/api.w.org\/{rel}","templated":true}]}}