{"id":75123,"date":"2026-01-22T16:05:39","date_gmt":"2026-01-22T14:05:39","guid":{"rendered":"https:\/\/www.imobiliare.ro\/imoexpert\/?p=75123"},"modified":"2026-01-22T16:08:16","modified_gmt":"2026-01-22T14:08:16","slug":"lucrarile-avanseaza-pe-santierul-unui-ansamblu-de-anvergura-din-aviatiei-dezvoltatorul-spera-sa-construiasca-proiecte-similare-si-in-alte-orase-mari-din-romania","status":"publish","type":"post","link":"https:\/\/www.imobiliare.ro\/imoexpert\/lucrarile-avanseaza-pe-santierul-unui-ansamblu-de-anvergura-din-aviatiei-dezvoltatorul-spera-sa-construiasca-proiecte-similare-si-in-alte-orase-mari-din-romania_db\/","title":{"rendered":"Lucr\u0103rile avanseaz\u0103 pe \u0219antierul unui ansamblu de anvergur\u0103 din Avia\u021biei. Dezvoltatorul sper\u0103 s\u0103 construiasc\u0103 proiecte similare \u0219i \u00een alte ora\u0219e mari din Rom\u00e2nia"},"content":{"rendered":"\n<figure class=\"wp-block-image size-full\"><img loading=\"lazy\" decoding=\"async\" width=\"1200\" height=\"600\" src=\"https:\/\/www.imobiliare.ro\/imoexpert\/wp-content\/uploads\/2026\/01\/lucrarile-avanseaza-pe-santierul-cloud9-evolution-din-nordul-capitalei.jpg\" alt=\"\" class=\"wp-image-75124\" srcset=\"https:\/\/www.imobiliare.ro\/imoexpert\/wp-content\/uploads\/2026\/01\/lucrarile-avanseaza-pe-santierul-cloud9-evolution-din-nordul-capitalei.jpg 1200w, https:\/\/www.imobiliare.ro\/imoexpert\/wp-content\/uploads\/2026\/01\/lucrarile-avanseaza-pe-santierul-cloud9-evolution-din-nordul-capitalei-770x385.jpg 770w, https:\/\/www.imobiliare.ro\/imoexpert\/wp-content\/uploads\/2026\/01\/lucrarile-avanseaza-pe-santierul-cloud9-evolution-din-nordul-capitalei-390x195.jpg 390w\" sizes=\"auto, (max-width: 1200px) 100vw, 1200px\" \/><\/figure>\n\n\n\n<p><strong>Lucr\u0103rile avanseaz\u0103 pe \u0219antierul proiectului Cloud9 Evolution situat \u00een nordul Capitalei. Prima sa etap\u0103 de dezvoltare va fi livrat\u0103 \u00een 2026. Tot anul acesta va fi inaugurat\u0103 \u0219i o \u0219coal\u0103 privat\u0103 \u00een cadrul ansamblului, \u00een urma unei investi\u021bii de 3 milioane de euro.<\/strong><\/p>\n\n\n\n<p>Lucr\u0103rile de structur\u0103 pentru cele trei cl\u0103diri din prima faz\u0103, v\u00e2ndut\u0103 deja \u00een propor\u021bie de peste 50%, au fost finalizate, iar \u00een prezent se lucreaz\u0103 la realizarea fa\u021badelor, a instala\u021biilor electrice \u0219i mecanice, precum \u0219i la execu\u021bia finisajelor.<\/p>\n\n\n\n<p>Anul trecut, dezvoltatorul Cloud9, parte a diviziei imobiliare Alfa Group, a demarat \u0219i lucr\u0103rile pentru etapa a doua, aceasta din urm\u0103 urm\u00e2nd s\u0103 fie finalizat\u0103 \u00een 2027. Cele dou\u0103 faze ale proiectului \u00eensumeaz\u0103 aproximativ 170 de milioane de euro \u0219i vor aduce pe pia\u021ba reziden\u021bial\u0103 peste 1.140 de apartamente noi. <\/p>\n\n\n\n<figure class=\"wp-block-image size-full\"><img loading=\"lazy\" decoding=\"async\" width=\"1200\" height=\"554\" src=\"https:\/\/www.imobiliare.ro\/imoexpert\/wp-content\/uploads\/2026\/01\/dezvoltatorul-cloud9-vrea-sa-construiasca-proiecte-similare-si-in-alte-orase-mari-din-tara.jpg\" alt=\"\" class=\"wp-image-75125\" srcset=\"https:\/\/www.imobiliare.ro\/imoexpert\/wp-content\/uploads\/2026\/01\/dezvoltatorul-cloud9-vrea-sa-construiasca-proiecte-similare-si-in-alte-orase-mari-din-tara.jpg 1200w, https:\/\/www.imobiliare.ro\/imoexpert\/wp-content\/uploads\/2026\/01\/dezvoltatorul-cloud9-vrea-sa-construiasca-proiecte-similare-si-in-alte-orase-mari-din-tara-770x355.jpg 770w, https:\/\/www.imobiliare.ro\/imoexpert\/wp-content\/uploads\/2026\/01\/dezvoltatorul-cloud9-vrea-sa-construiasca-proiecte-similare-si-in-alte-orase-mari-din-tara-390x180.jpg 390w\" sizes=\"auto, (max-width: 1200px) 100vw, 1200px\" \/><\/figure>\n\n\n\n<p>Dezvoltatorul \u0219i-a ar\u0103tat inten\u021bia de a extinde brandul Cloud9 \u0219i \u00een alte ora\u0219e din \u021bar\u0103 precum Cluj-Napoca, Bra\u0219ov, Ia\u0219i sau Timi\u0219oara.<\/p>\n\n\n\n<p class=\"has-medium-font-size\"><strong>Cite\u0219te \u0219i: <a class=\"article-body-links\"href=\"https:\/\/www.imobiliare.ro\/imoexpert\/noi-reguli-pentru-dezvoltatorii-imobiliari-mai-multa-transpartenta-pentru-cumparatori-ce-trebuie-sa-afli-si-sa-accepti-inainte-de-semnarea-contractului_db\/\" target=\"_blank\" rel=\"noreferrer noopener\">Noi reguli pentru dezvoltatorii imobiliari, mai mult\u0103 transparen\u021b\u0103 pentru cump\u0103r\u0103tori. Ce trebuie s\u0103 afli \u0219i s\u0103 accep\u021bi \u00eenainte de semnarea contractului?<\/a><\/strong><\/p>\n\n\n\n<p>Alfa Group reune\u0219te companii din imobiliare, petrol \u0219i gaze \u0219i asigur\u0103ri de garan\u021bii corporate. Grupul a livrat, \u00een peste 30 de ani, mai bine de 15.000 de apartamente. Din portofoliul de real estate al grupului fac parte \u0219i ansamblurile Cloud9, 19th Residence, 20th Residence \u0219i 21 Residence.<\/p>\n\n\n\n<p><strong>C\u00e2t cost\u0103 apartamentele noi din Bucure\u0219ti? Afl\u0103 detalii din video.<\/strong><\/p>\n\n\n\n<iframe loading=\"lazy\" width=\"560\" height=\"315\" src=\"https:\/\/www.youtube.com\/embed\/7Lt03HZELwk?si=eKO8bge12mR5LAPP\" title=\"YouTube video player\" frameborder=\"0\" allow=\"accelerometer; autoplay; clipboard-write; encrypted-media; gyroscope; picture-in-picture; web-share\" referrerpolicy=\"strict-origin-when-cross-origin\" allowfullscreen><\/iframe>\n\n\n\n<figure class=\"wp-block-image size-full\"><a class=\"article-body-links\"href=\"https:\/\/www.imobiliare.ro\/retrospectiva-2025\" target=\"_blank\" rel=\" noreferrer noopener\"><img loading=\"lazy\" decoding=\"async\" width=\"1200\" height=\"400\" src=\"https:\/\/www.imobiliare.ro\/imoexpert\/wp-content\/uploads\/2026\/01\/restrospectiva-anului-2025-in-imobiliare.jpg\" alt=\"\" class=\"wp-image-75058\" srcset=\"https:\/\/www.imobiliare.ro\/imoexpert\/wp-content\/uploads\/2026\/01\/restrospectiva-anului-2025-in-imobiliare.jpg 1200w, https:\/\/www.imobiliare.ro\/imoexpert\/wp-content\/uploads\/2026\/01\/restrospectiva-anului-2025-in-imobiliare-770x257.jpg 770w, https:\/\/www.imobiliare.ro\/imoexpert\/wp-content\/uploads\/2026\/01\/restrospectiva-anului-2025-in-imobiliare-390x130.jpg 390w\" sizes=\"auto, (max-width: 1200px) 100vw, 1200px\" \/><\/a><\/figure>\n","protected":false},"excerpt":{"rendered":"<p>Cloud9, parte a diviziei imobiliare Alfa Group, va livra anul acesta primele cl\u0103diri \u00een proiectul Cloud9 Evolution situat \u00een zona Avia\u021biei-Pipera din nordul Bucure\u0219tiului.<\/p>\n","protected":false},"author":5891,"featured_media":75124,"comment_status":"open","ping_status":"open","sticky":false,"template":"","format":"standard","meta":{"footnotes":""},"categories":[259],"tags":[359,348,2120,2469,1183,784],"content_author":[],"class_list":["post-75123","post","type-post","status-publish","format-standard","has-post-thumbnail","hentry","category-stiri","tag-ansamblu-rezidential","tag-apartamente-noi","tag-bucuresti-3","tag-cloud9-evolution","tag-dezvoltator-imobiliar","tag-scoala"],"yoast_head":"<!-- This site is optimized with the Yoast SEO Premium plugin v27.0 (Yoast SEO v27.0) - https:\/\/yoast.com\/product\/yoast-seo-premium-wordpress\/ -->\n<title>Lucr\u0103rile avanseaz\u0103 pe \u0219antierul unui ansamblu de anvergur\u0103 din Avia\u021biei. Dezvoltatorul sper\u0103 s\u0103 construiasc\u0103 proiecte similare \u0219i \u00een alte ora\u0219e mari din Rom\u00e2nia - \u0218tiri - ImoExpert<\/title>\n<meta name=\"description\" content=\"Cloud9, parte a diviziei imobiliare Alfa Group, va livra anul acesta primele cl\u0103diri \u00een proiectul Cloud9 Evolution situat \u00een zona Avia\u021biei-Pipera din nordul Bucure\u0219tiului.\" \/>\n<meta name=\"robots\" content=\"index, follow\" \/>\n<link rel=\"canonical\" href=\"https:\/\/www.imobiliare.ro\/imoexpert\/lucrarile-avanseaza-pe-santierul-unui-ansamblu-de-anvergura-din-aviatiei-dezvoltatorul-spera-sa-construiasca-proiecte-similare-si-in-alte-orase-mari-din-romania_db\/\" \/>\n<meta property=\"og:locale\" content=\"ro_RO\" \/>\n<meta property=\"og:type\" content=\"article\" \/>\n<meta property=\"og:title\" content=\"Lucr\u0103rile avanseaz\u0103 pe \u0219antierul unui ansamblu de anvergur\u0103 din Avia\u021biei. Dezvoltatorul sper\u0103 s\u0103 construiasc\u0103 proiecte similare \u0219i \u00een alte ora\u0219e mari din Rom\u00e2nia\" \/>\n<meta property=\"og:description\" content=\"Cloud9, parte a diviziei imobiliare Alfa Group, va livra anul acesta primele cl\u0103diri \u00een proiectul Cloud9 Evolution situat \u00een zona Avia\u021biei-Pipera din nordul Bucure\u0219tiului.\" \/>\n<meta property=\"og:url\" content=\"https:\/\/www.imobiliare.ro\/imoexpert\/lucrarile-avanseaza-pe-santierul-unui-ansamblu-de-anvergura-din-aviatiei-dezvoltatorul-spera-sa-construiasca-proiecte-similare-si-in-alte-orase-mari-din-romania_db\/\" \/>\n<meta property=\"og:site_name\" content=\"ImoExpert\" \/>\n<meta property=\"article:published_time\" content=\"2026-01-22T14:05:39+00:00\" \/>\n<meta property=\"article:modified_time\" content=\"2026-01-22T14:08:16+00:00\" \/>\n<meta property=\"og:image\" content=\"https:\/\/www.imobiliare.ro\/imoexpert\/wp-content\/uploads\/2026\/01\/lucrarile-avanseaza-pe-santierul-cloud9-evolution-din-nordul-capitalei.jpg\" \/>\n\t<meta property=\"og:image:width\" content=\"1200\" \/>\n\t<meta property=\"og:image:height\" content=\"600\" \/>\n\t<meta property=\"og:image:type\" content=\"image\/jpeg\" \/>\n<meta name=\"author\" content=\"Corina V\u00e2rlan\" \/>\n<meta name=\"twitter:card\" content=\"summary_large_image\" \/>\n<meta name=\"twitter:label1\" content=\"Written by\" \/>\n\t<meta name=\"twitter:data1\" content=\"Corina V\u00e2rlan\" \/>\n\t<meta name=\"twitter:label2\" content=\"Est. reading time\" \/>\n\t<meta name=\"twitter:data2\" content=\"3 minute\" \/>\n<script type=\"application\/ld+json\" class=\"yoast-schema-graph\">{\"@context\":\"https:\/\/schema.org\",\"@graph\":[{\"@type\":\"Article\",\"@id\":\"https:\/\/www.imobiliare.ro\/imoexpert\/lucrarile-avanseaza-pe-santierul-unui-ansamblu-de-anvergura-din-aviatiei-dezvoltatorul-spera-sa-construiasca-proiecte-similare-si-in-alte-orase-mari-din-romania_db\/#article\",\"isPartOf\":{\"@id\":\"https:\/\/www.imobiliare.ro\/imoexpert\/lucrarile-avanseaza-pe-santierul-unui-ansamblu-de-anvergura-din-aviatiei-dezvoltatorul-spera-sa-construiasca-proiecte-similare-si-in-alte-orase-mari-din-romania_db\/\"},\"author\":{\"name\":\"Corina V\u00e2rlan\",\"@id\":\"https:\/\/www.imobiliare.ro\/imoexpert\/#\/schema\/person\/9ffdfbf24b82f39fc75a2fc6c19e4e99\"},\"headline\":\"Lucr\u0103rile avanseaz\u0103 pe \u0219antierul unui ansamblu de anvergur\u0103 din Avia\u021biei. Dezvoltatorul sper\u0103 s\u0103 construiasc\u0103 proiecte similare \u0219i \u00een alte ora\u0219e mari din Rom\u00e2nia\",\"datePublished\":\"2026-01-22T14:05:39+00:00\",\"dateModified\":\"2026-01-22T14:08:16+00:00\",\"mainEntityOfPage\":{\"@id\":\"https:\/\/www.imobiliare.ro\/imoexpert\/lucrarile-avanseaza-pe-santierul-unui-ansamblu-de-anvergura-din-aviatiei-dezvoltatorul-spera-sa-construiasca-proiecte-similare-si-in-alte-orase-mari-din-romania_db\/\"},\"wordCount\":278,\"commentCount\":0,\"publisher\":{\"@id\":\"https:\/\/www.imobiliare.ro\/imoexpert\/#organization\"},\"image\":{\"@id\":\"https:\/\/www.imobiliare.ro\/imoexpert\/lucrarile-avanseaza-pe-santierul-unui-ansamblu-de-anvergura-din-aviatiei-dezvoltatorul-spera-sa-construiasca-proiecte-similare-si-in-alte-orase-mari-din-romania_db\/#primaryimage\"},\"thumbnailUrl\":\"https:\/\/www.imobiliare.ro\/imoexpert\/wp-content\/uploads\/2026\/01\/lucrarile-avanseaza-pe-santierul-cloud9-evolution-din-nordul-capitalei.jpg\",\"keywords\":[\"ansamblu rezidential\",\"Apartamente noi\",\"Bucuresti\",\"Cloud9 Evolution\",\"dezvoltator imobiliar\",\"scoala\"],\"articleSection\":[\"\u0218tiri\"],\"inLanguage\":\"en\",\"potentialAction\":[{\"@type\":\"CommentAction\",\"name\":\"Comment\",\"target\":[\"https:\/\/www.imobiliare.ro\/imoexpert\/lucrarile-avanseaza-pe-santierul-unui-ansamblu-de-anvergura-din-aviatiei-dezvoltatorul-spera-sa-construiasca-proiecte-similare-si-in-alte-orase-mari-din-romania_db\/#respond\"]}],\"copyrightYear\":\"2026\",\"copyrightHolder\":{\"@id\":\"https:\/\/www.imobiliare.ro\/imoexpert\/#organization\"}},{\"@type\":\"WebPage\",\"@id\":\"https:\/\/www.imobiliare.ro\/imoexpert\/lucrarile-avanseaza-pe-santierul-unui-ansamblu-de-anvergura-din-aviatiei-dezvoltatorul-spera-sa-construiasca-proiecte-similare-si-in-alte-orase-mari-din-romania_db\/\",\"url\":\"https:\/\/www.imobiliare.ro\/imoexpert\/lucrarile-avanseaza-pe-santierul-unui-ansamblu-de-anvergura-din-aviatiei-dezvoltatorul-spera-sa-construiasca-proiecte-similare-si-in-alte-orase-mari-din-romania_db\/\",\"name\":\"Lucr\u0103rile avanseaz\u0103 pe \u0219antierul unui ansamblu de anvergur\u0103 din Avia\u021biei. Dezvoltatorul sper\u0103 s\u0103 construiasc\u0103 proiecte similare \u0219i \u00een alte ora\u0219e mari din Rom\u00e2nia - \u0218tiri - ImoExpert\",\"isPartOf\":{\"@id\":\"https:\/\/www.imobiliare.ro\/imoexpert\/#website\"},\"primaryImageOfPage\":{\"@id\":\"https:\/\/www.imobiliare.ro\/imoexpert\/lucrarile-avanseaza-pe-santierul-unui-ansamblu-de-anvergura-din-aviatiei-dezvoltatorul-spera-sa-construiasca-proiecte-similare-si-in-alte-orase-mari-din-romania_db\/#primaryimage\"},\"image\":{\"@id\":\"https:\/\/www.imobiliare.ro\/imoexpert\/lucrarile-avanseaza-pe-santierul-unui-ansamblu-de-anvergura-din-aviatiei-dezvoltatorul-spera-sa-construiasca-proiecte-similare-si-in-alte-orase-mari-din-romania_db\/#primaryimage\"},\"thumbnailUrl\":\"https:\/\/www.imobiliare.ro\/imoexpert\/wp-content\/uploads\/2026\/01\/lucrarile-avanseaza-pe-santierul-cloud9-evolution-din-nordul-capitalei.jpg\",\"datePublished\":\"2026-01-22T14:05:39+00:00\",\"dateModified\":\"2026-01-22T14:08:16+00:00\",\"description\":\"Cloud9, parte a diviziei imobiliare Alfa Group, va livra anul acesta primele cl\u0103diri \u00een proiectul Cloud9 Evolution situat \u00een zona Avia\u021biei-Pipera din nordul Bucure\u0219tiului.\",\"breadcrumb\":{\"@id\":\"https:\/\/www.imobiliare.ro\/imoexpert\/lucrarile-avanseaza-pe-santierul-unui-ansamblu-de-anvergura-din-aviatiei-dezvoltatorul-spera-sa-construiasca-proiecte-similare-si-in-alte-orase-mari-din-romania_db\/#breadcrumb\"},\"inLanguage\":\"en\",\"potentialAction\":[{\"@type\":\"ReadAction\",\"target\":[\"https:\/\/www.imobiliare.ro\/imoexpert\/lucrarile-avanseaza-pe-santierul-unui-ansamblu-de-anvergura-din-aviatiei-dezvoltatorul-spera-sa-construiasca-proiecte-similare-si-in-alte-orase-mari-din-romania_db\/\"]}]},{\"@type\":\"ImageObject\",\"inLanguage\":\"en\",\"@id\":\"https:\/\/www.imobiliare.ro\/imoexpert\/lucrarile-avanseaza-pe-santierul-unui-ansamblu-de-anvergura-din-aviatiei-dezvoltatorul-spera-sa-construiasca-proiecte-similare-si-in-alte-orase-mari-din-romania_db\/#primaryimage\",\"url\":\"https:\/\/www.imobiliare.ro\/imoexpert\/wp-content\/uploads\/2026\/01\/lucrarile-avanseaza-pe-santierul-cloud9-evolution-din-nordul-capitalei.jpg\",\"contentUrl\":\"https:\/\/www.imobiliare.ro\/imoexpert\/wp-content\/uploads\/2026\/01\/lucrarile-avanseaza-pe-santierul-cloud9-evolution-din-nordul-capitalei.jpg\",\"width\":1200,\"height\":600},{\"@type\":\"BreadcrumbList\",\"@id\":\"https:\/\/www.imobiliare.ro\/imoexpert\/lucrarile-avanseaza-pe-santierul-unui-ansamblu-de-anvergura-din-aviatiei-dezvoltatorul-spera-sa-construiasca-proiecte-similare-si-in-alte-orase-mari-din-romania_db\/#breadcrumb\",\"itemListElement\":[{\"@type\":\"ListItem\",\"position\":1,\"name\":\"Imoradar24\",\"item\":\"https:\/\/www.imoradar24.ro\"},{\"@type\":\"ListItem\",\"position\":2,\"name\":\"ImoExpert\",\"item\":\"https:\/\/www.imobiliare.ro\/imoexpert\/\"},{\"@type\":\"ListItem\",\"position\":3,\"name\":\"\u0218tiri\",\"item\":\"https:\/\/www.imobiliare.ro\/imoexpert\/stiri\/\"},{\"@type\":\"ListItem\",\"position\":4,\"name\":\"Lucr\u0103rile avanseaz\u0103 pe \u0219antierul unui ansamblu de anvergur\u0103 din Avia\u021biei. Dezvoltatorul sper\u0103 s\u0103 construiasc\u0103 proiecte similare \u0219i \u00een alte ora\u0219e mari din Rom\u00e2nia\"}]},{\"@type\":\"WebSite\",\"@id\":\"https:\/\/www.imobiliare.ro\/imoexpert\/#website\",\"url\":\"https:\/\/www.imobiliare.ro\/imoexpert\/\",\"name\":\"ImoExpert\",\"description\":\"cele mai importante \u015ftiri din domeniul imobiliar\",\"publisher\":{\"@id\":\"https:\/\/www.imobiliare.ro\/imoexpert\/#organization\"},\"inLanguage\":\"en\"},{\"@type\":\"Organization\",\"@id\":\"https:\/\/www.imobiliare.ro\/imoexpert\/#organization\",\"name\":\"Imobiliare.ro\",\"alternateName\":\"Realmedia Network SA\",\"url\":\"https:\/\/www.imobiliare.ro\/imoexpert\/\",\"logo\":{\"@type\":\"ImageObject\",\"inLanguage\":\"en\",\"@id\":\"https:\/\/www.imobiliare.ro\/imoexpert\/#\/schema\/logo\/image\/\",\"url\":\"https:\/\/www.imobiliare.ro\/imoexpert\/wp-content\/uploads\/2025\/05\/imobiliare_logo.png\",\"contentUrl\":\"https:\/\/www.imobiliare.ro\/imoexpert\/wp-content\/uploads\/2025\/05\/imobiliare_logo.png\",\"width\":237,\"height\":29,\"caption\":\"Imobiliare.ro\"},\"image\":{\"@id\":\"https:\/\/www.imobiliare.ro\/imoexpert\/#\/schema\/logo\/image\/\"}},{\"@type\":\"Person\",\"@id\":\"https:\/\/www.imobiliare.ro\/imoexpert\/#\/schema\/person\/9ffdfbf24b82f39fc75a2fc6c19e4e99\",\"name\":\"Corina V\u00e2rlan\",\"image\":{\"@type\":\"ImageObject\",\"inLanguage\":\"en\",\"@id\":\"https:\/\/www.imobiliare.ro\/imoexpert\/#\/schema\/person\/image\/\",\"url\":\"https:\/\/www.imobiliare.ro\/imoexpert\/wp-content\/uploads\/2026\/02\/12-02-2025-5-rezumat-brasov-thumb-reels-1-1-96x96.png\",\"contentUrl\":\"https:\/\/www.imobiliare.ro\/imoexpert\/wp-content\/uploads\/2026\/02\/12-02-2025-5-rezumat-brasov-thumb-reels-1-1-96x96.png\",\"caption\":\"Corina V\u00e2rlan\"},\"description\":\"Cu o experien\u021b\u0103 de 14 ani \u00een presa online, comunicare \u0219i content marketing, Corina V\u00e2rlan s-a al\u0103turat echipei Imobiliare.ro \u00een urm\u0103 cu 8 ani \u0219i ocup\u0103, \u00een prezent, func\u021bia de Content Manager. Ea este gazda emisiunii \\\"\u00centreab\u0103 expertul\\\" \u0219i a seriei 5 \u0218tiri Imobiliare.ro, realizate \u00een parteneriat cu Libertatea. Corina \u00ee\u0219i concentreaz\u0103 activitatea pe analiza datelor de pia\u021b\u0103 \u0219i pe subiecte de interes at\u00e2t pentru cei afla\u021bi \u00een c\u0103utarea unei locuin\u021be, c\u00e2t \u0219i pentru proprietari sau chiria\u0219i.\",\"alternateName\":\"Corina\",\"jobTitle\":\"Content Manager\",\"url\":\"https:\/\/www.imobiliare.ro\/imoexpert\/author\/corina-varlan\/\"}]}<\/script>\n<!-- \/ Yoast SEO Premium plugin. -->","yoast_head_json":{"title":"Lucr\u0103rile avanseaz\u0103 pe \u0219antierul unui ansamblu de anvergur\u0103 din Avia\u021biei. Dezvoltatorul sper\u0103 s\u0103 construiasc\u0103 proiecte similare \u0219i \u00een alte ora\u0219e mari din Rom\u00e2nia - \u0218tiri - ImoExpert","description":"Cloud9, parte a diviziei imobiliare Alfa Group, va livra anul acesta primele cl\u0103diri \u00een proiectul Cloud9 Evolution situat \u00een zona Avia\u021biei-Pipera din nordul Bucure\u0219tiului.","robots":{"index":"index","follow":"follow"},"canonical":"https:\/\/www.imobiliare.ro\/imoexpert\/lucrarile-avanseaza-pe-santierul-unui-ansamblu-de-anvergura-din-aviatiei-dezvoltatorul-spera-sa-construiasca-proiecte-similare-si-in-alte-orase-mari-din-romania_db\/","og_locale":"ro_RO","og_type":"article","og_title":"Lucr\u0103rile avanseaz\u0103 pe \u0219antierul unui ansamblu de anvergur\u0103 din Avia\u021biei. Dezvoltatorul sper\u0103 s\u0103 construiasc\u0103 proiecte similare \u0219i \u00een alte ora\u0219e mari din Rom\u00e2nia","og_description":"Cloud9, parte a diviziei imobiliare Alfa Group, va livra anul acesta primele cl\u0103diri \u00een proiectul Cloud9 Evolution situat \u00een zona Avia\u021biei-Pipera din nordul Bucure\u0219tiului.","og_url":"https:\/\/www.imobiliare.ro\/imoexpert\/lucrarile-avanseaza-pe-santierul-unui-ansamblu-de-anvergura-din-aviatiei-dezvoltatorul-spera-sa-construiasca-proiecte-similare-si-in-alte-orase-mari-din-romania_db\/","og_site_name":"ImoExpert","article_published_time":"2026-01-22T14:05:39+00:00","article_modified_time":"2026-01-22T14:08:16+00:00","og_image":[{"width":1200,"height":600,"url":"https:\/\/www.imobiliare.ro\/imoexpert\/wp-content\/uploads\/2026\/01\/lucrarile-avanseaza-pe-santierul-cloud9-evolution-din-nordul-capitalei.jpg","type":"image\/jpeg"}],"author":"Corina V\u00e2rlan","twitter_card":"summary_large_image","twitter_misc":{"Written by":"Corina V\u00e2rlan","Est. reading time":"3 minute"},"schema":{"@context":"https:\/\/schema.org","@graph":[{"@type":"Article","@id":"https:\/\/www.imobiliare.ro\/imoexpert\/lucrarile-avanseaza-pe-santierul-unui-ansamblu-de-anvergura-din-aviatiei-dezvoltatorul-spera-sa-construiasca-proiecte-similare-si-in-alte-orase-mari-din-romania_db\/#article","isPartOf":{"@id":"https:\/\/www.imobiliare.ro\/imoexpert\/lucrarile-avanseaza-pe-santierul-unui-ansamblu-de-anvergura-din-aviatiei-dezvoltatorul-spera-sa-construiasca-proiecte-similare-si-in-alte-orase-mari-din-romania_db\/"},"author":{"name":"Corina V\u00e2rlan","@id":"https:\/\/www.imobiliare.ro\/imoexpert\/#\/schema\/person\/9ffdfbf24b82f39fc75a2fc6c19e4e99"},"headline":"Lucr\u0103rile avanseaz\u0103 pe \u0219antierul unui ansamblu de anvergur\u0103 din Avia\u021biei. Dezvoltatorul sper\u0103 s\u0103 construiasc\u0103 proiecte similare \u0219i \u00een alte ora\u0219e mari din Rom\u00e2nia","datePublished":"2026-01-22T14:05:39+00:00","dateModified":"2026-01-22T14:08:16+00:00","mainEntityOfPage":{"@id":"https:\/\/www.imobiliare.ro\/imoexpert\/lucrarile-avanseaza-pe-santierul-unui-ansamblu-de-anvergura-din-aviatiei-dezvoltatorul-spera-sa-construiasca-proiecte-similare-si-in-alte-orase-mari-din-romania_db\/"},"wordCount":278,"commentCount":0,"publisher":{"@id":"https:\/\/www.imobiliare.ro\/imoexpert\/#organization"},"image":{"@id":"https:\/\/www.imobiliare.ro\/imoexpert\/lucrarile-avanseaza-pe-santierul-unui-ansamblu-de-anvergura-din-aviatiei-dezvoltatorul-spera-sa-construiasca-proiecte-similare-si-in-alte-orase-mari-din-romania_db\/#primaryimage"},"thumbnailUrl":"https:\/\/www.imobiliare.ro\/imoexpert\/wp-content\/uploads\/2026\/01\/lucrarile-avanseaza-pe-santierul-cloud9-evolution-din-nordul-capitalei.jpg","keywords":["ansamblu rezidential","Apartamente noi","Bucuresti","Cloud9 Evolution","dezvoltator imobiliar","scoala"],"articleSection":["\u0218tiri"],"inLanguage":"en","potentialAction":[{"@type":"CommentAction","name":"Comment","target":["https:\/\/www.imobiliare.ro\/imoexpert\/lucrarile-avanseaza-pe-santierul-unui-ansamblu-de-anvergura-din-aviatiei-dezvoltatorul-spera-sa-construiasca-proiecte-similare-si-in-alte-orase-mari-din-romania_db\/#respond"]}],"copyrightYear":"2026","copyrightHolder":{"@id":"https:\/\/www.imobiliare.ro\/imoexpert\/#organization"}},{"@type":"WebPage","@id":"https:\/\/www.imobiliare.ro\/imoexpert\/lucrarile-avanseaza-pe-santierul-unui-ansamblu-de-anvergura-din-aviatiei-dezvoltatorul-spera-sa-construiasca-proiecte-similare-si-in-alte-orase-mari-din-romania_db\/","url":"https:\/\/www.imobiliare.ro\/imoexpert\/lucrarile-avanseaza-pe-santierul-unui-ansamblu-de-anvergura-din-aviatiei-dezvoltatorul-spera-sa-construiasca-proiecte-similare-si-in-alte-orase-mari-din-romania_db\/","name":"Lucr\u0103rile avanseaz\u0103 pe \u0219antierul unui ansamblu de anvergur\u0103 din Avia\u021biei. Dezvoltatorul sper\u0103 s\u0103 construiasc\u0103 proiecte similare \u0219i \u00een alte ora\u0219e mari din Rom\u00e2nia - \u0218tiri - ImoExpert","isPartOf":{"@id":"https:\/\/www.imobiliare.ro\/imoexpert\/#website"},"primaryImageOfPage":{"@id":"https:\/\/www.imobiliare.ro\/imoexpert\/lucrarile-avanseaza-pe-santierul-unui-ansamblu-de-anvergura-din-aviatiei-dezvoltatorul-spera-sa-construiasca-proiecte-similare-si-in-alte-orase-mari-din-romania_db\/#primaryimage"},"image":{"@id":"https:\/\/www.imobiliare.ro\/imoexpert\/lucrarile-avanseaza-pe-santierul-unui-ansamblu-de-anvergura-din-aviatiei-dezvoltatorul-spera-sa-construiasca-proiecte-similare-si-in-alte-orase-mari-din-romania_db\/#primaryimage"},"thumbnailUrl":"https:\/\/www.imobiliare.ro\/imoexpert\/wp-content\/uploads\/2026\/01\/lucrarile-avanseaza-pe-santierul-cloud9-evolution-din-nordul-capitalei.jpg","datePublished":"2026-01-22T14:05:39+00:00","dateModified":"2026-01-22T14:08:16+00:00","description":"Cloud9, parte a diviziei imobiliare Alfa Group, va livra anul acesta primele cl\u0103diri \u00een proiectul Cloud9 Evolution situat \u00een zona Avia\u021biei-Pipera din nordul Bucure\u0219tiului.","breadcrumb":{"@id":"https:\/\/www.imobiliare.ro\/imoexpert\/lucrarile-avanseaza-pe-santierul-unui-ansamblu-de-anvergura-din-aviatiei-dezvoltatorul-spera-sa-construiasca-proiecte-similare-si-in-alte-orase-mari-din-romania_db\/#breadcrumb"},"inLanguage":"en","potentialAction":[{"@type":"ReadAction","target":["https:\/\/www.imobiliare.ro\/imoexpert\/lucrarile-avanseaza-pe-santierul-unui-ansamblu-de-anvergura-din-aviatiei-dezvoltatorul-spera-sa-construiasca-proiecte-similare-si-in-alte-orase-mari-din-romania_db\/"]}]},{"@type":"ImageObject","inLanguage":"en","@id":"https:\/\/www.imobiliare.ro\/imoexpert\/lucrarile-avanseaza-pe-santierul-unui-ansamblu-de-anvergura-din-aviatiei-dezvoltatorul-spera-sa-construiasca-proiecte-similare-si-in-alte-orase-mari-din-romania_db\/#primaryimage","url":"https:\/\/www.imobiliare.ro\/imoexpert\/wp-content\/uploads\/2026\/01\/lucrarile-avanseaza-pe-santierul-cloud9-evolution-din-nordul-capitalei.jpg","contentUrl":"https:\/\/www.imobiliare.ro\/imoexpert\/wp-content\/uploads\/2026\/01\/lucrarile-avanseaza-pe-santierul-cloud9-evolution-din-nordul-capitalei.jpg","width":1200,"height":600},{"@type":"BreadcrumbList","@id":"https:\/\/www.imobiliare.ro\/imoexpert\/lucrarile-avanseaza-pe-santierul-unui-ansamblu-de-anvergura-din-aviatiei-dezvoltatorul-spera-sa-construiasca-proiecte-similare-si-in-alte-orase-mari-din-romania_db\/#breadcrumb","itemListElement":[{"@type":"ListItem","position":1,"name":"Imoradar24","item":"https:\/\/www.imoradar24.ro"},{"@type":"ListItem","position":2,"name":"ImoExpert","item":"https:\/\/www.imobiliare.ro\/imoexpert\/"},{"@type":"ListItem","position":3,"name":"\u0218tiri","item":"https:\/\/www.imobiliare.ro\/imoexpert\/stiri\/"},{"@type":"ListItem","position":4,"name":"Lucr\u0103rile avanseaz\u0103 pe \u0219antierul unui ansamblu de anvergur\u0103 din Avia\u021biei. Dezvoltatorul sper\u0103 s\u0103 construiasc\u0103 proiecte similare \u0219i \u00een alte ora\u0219e mari din Rom\u00e2nia"}]},{"@type":"WebSite","@id":"https:\/\/www.imobiliare.ro\/imoexpert\/#website","url":"https:\/\/www.imobiliare.ro\/imoexpert\/","name":"ImoExpert","description":"cele mai importante \u015ftiri din domeniul imobiliar","publisher":{"@id":"https:\/\/www.imobiliare.ro\/imoexpert\/#organization"},"inLanguage":"en"},{"@type":"Organization","@id":"https:\/\/www.imobiliare.ro\/imoexpert\/#organization","name":"Imobiliare.ro","alternateName":"Realmedia Network SA","url":"https:\/\/www.imobiliare.ro\/imoexpert\/","logo":{"@type":"ImageObject","inLanguage":"en","@id":"https:\/\/www.imobiliare.ro\/imoexpert\/#\/schema\/logo\/image\/","url":"https:\/\/www.imobiliare.ro\/imoexpert\/wp-content\/uploads\/2025\/05\/imobiliare_logo.png","contentUrl":"https:\/\/www.imobiliare.ro\/imoexpert\/wp-content\/uploads\/2025\/05\/imobiliare_logo.png","width":237,"height":29,"caption":"Imobiliare.ro"},"image":{"@id":"https:\/\/www.imobiliare.ro\/imoexpert\/#\/schema\/logo\/image\/"}},{"@type":"Person","@id":"https:\/\/www.imobiliare.ro\/imoexpert\/#\/schema\/person\/9ffdfbf24b82f39fc75a2fc6c19e4e99","name":"Corina V\u00e2rlan","image":{"@type":"ImageObject","inLanguage":"en","@id":"https:\/\/www.imobiliare.ro\/imoexpert\/#\/schema\/person\/image\/","url":"https:\/\/www.imobiliare.ro\/imoexpert\/wp-content\/uploads\/2026\/02\/12-02-2025-5-rezumat-brasov-thumb-reels-1-1-96x96.png","contentUrl":"https:\/\/www.imobiliare.ro\/imoexpert\/wp-content\/uploads\/2026\/02\/12-02-2025-5-rezumat-brasov-thumb-reels-1-1-96x96.png","caption":"Corina V\u00e2rlan"},"description":"Cu o experien\u021b\u0103 de 14 ani \u00een presa online, comunicare \u0219i content marketing, Corina V\u00e2rlan s-a al\u0103turat echipei Imobiliare.ro \u00een urm\u0103 cu 8 ani \u0219i ocup\u0103, \u00een prezent, func\u021bia de Content Manager. Ea este gazda emisiunii \"\u00centreab\u0103 expertul\" \u0219i a seriei 5 \u0218tiri Imobiliare.ro, realizate \u00een parteneriat cu Libertatea. Corina \u00ee\u0219i concentreaz\u0103 activitatea pe analiza datelor de pia\u021b\u0103 \u0219i pe subiecte de interes at\u00e2t pentru cei afla\u021bi \u00een c\u0103utarea unei locuin\u021be, c\u00e2t \u0219i pentru proprietari sau chiria\u0219i.","alternateName":"Corina","jobTitle":"Content Manager","url":"https:\/\/www.imobiliare.ro\/imoexpert\/author\/corina-varlan\/"}]}},"_links":{"self":[{"href":"https:\/\/www.imobiliare.ro\/imoexpert\/wp-json\/wp\/v2\/posts\/75123","targetHints":{"allow":["GET"]}}],"collection":[{"href":"https:\/\/www.imobiliare.ro\/imoexpert\/wp-json\/wp\/v2\/posts"}],"about":[{"href":"https:\/\/www.imobiliare.ro\/imoexpert\/wp-json\/wp\/v2\/types\/post"}],"author":[{"embeddable":true,"href":"https:\/\/www.imobiliare.ro\/imoexpert\/wp-json\/wp\/v2\/users\/5891"}],"replies":[{"embeddable":true,"href":"https:\/\/www.imobiliare.ro\/imoexpert\/wp-json\/wp\/v2\/comments?post=75123"}],"version-history":[{"count":0,"href":"https:\/\/www.imobiliare.ro\/imoexpert\/wp-json\/wp\/v2\/posts\/75123\/revisions"}],"wp:featuredmedia":[{"embeddable":true,"href":"https:\/\/www.imobiliare.ro\/imoexpert\/wp-json\/wp\/v2\/media\/75124"}],"wp:attachment":[{"href":"https:\/\/www.imobiliare.ro\/imoexpert\/wp-json\/wp\/v2\/media?parent=75123"}],"wp:term":[{"taxonomy":"category","embeddable":true,"href":"https:\/\/www.imobiliare.ro\/imoexpert\/wp-json\/wp\/v2\/categories?post=75123"},{"taxonomy":"post_tag","embeddable":true,"href":"https:\/\/www.imobiliare.ro\/imoexpert\/wp-json\/wp\/v2\/tags?post=75123"},{"taxonomy":"content_author","embeddable":true,"href":"https:\/\/www.imobiliare.ro\/imoexpert\/wp-json\/wp\/v2\/content_author?post=75123"}],"curies":[{"name":"wp","href":"https:\/\/api.w.org\/{rel}","templated":true}]}}