{"id":75437,"date":"2026-03-09T10:25:40","date_gmt":"2026-03-09T08:25:40","guid":{"rendered":"https:\/\/www.imobiliare.ro\/imoexpert\/?p=75437"},"modified":"2026-03-17T17:57:24","modified_gmt":"2026-03-17T15:57:24","slug":"s-a-dat-startul-inscrierilor-la-imobiliare-ro-hub-cluj-napoca-2026-participa-si-tu-la-evenimentul-anului-pentru-comunitatea-locala-din-real-estate","status":"publish","type":"post","link":"https:\/\/www.imobiliare.ro\/imoexpert\/s-a-dat-startul-inscrierilor-la-imobiliare-ro-hub-cluj-napoca-2026-participa-si-tu-la-evenimentul-anului-pentru-comunitatea-locala-din-real-estate_db\/","title":{"rendered":"S-a dat startul \u00eenscrierilor la Imobiliare.ro HUB Cluj-Napoca 2026! Particip\u0103 \u0219i tu la evenimentul anului pentru comunitatea local\u0103 din real estate"},"content":{"rendered":"\n<figure class=\"wp-block-image size-full\"><img loading=\"lazy\" decoding=\"async\" width=\"1200\" height=\"600\" src=\"https:\/\/www.imobiliare.ro\/imoexpert\/wp-content\/uploads\/2026\/03\/inscriere-imobiliarero-hub-cluj-napoca.jpg\" alt=\"\" class=\"wp-image-75438\" srcset=\"https:\/\/www.imobiliare.ro\/imoexpert\/wp-content\/uploads\/2026\/03\/inscriere-imobiliarero-hub-cluj-napoca.jpg 1200w, https:\/\/www.imobiliare.ro\/imoexpert\/wp-content\/uploads\/2026\/03\/inscriere-imobiliarero-hub-cluj-napoca-770x385.jpg 770w, https:\/\/www.imobiliare.ro\/imoexpert\/wp-content\/uploads\/2026\/03\/inscriere-imobiliarero-hub-cluj-napoca-390x195.jpg 390w\" sizes=\"auto, (max-width: 1200px) 100vw, 1200px\" \/><\/figure>\n\n\n\n<p><strong>Faci parte din comunitatea profesioni\u0219tilor \u00een imobiliare din Cluj? Imobiliare.ro te invit\u0103 pe 24 martie, de la ora 13:00, la Grand Hotel Italia pentru cel mai important eveniment local dedicat juc\u0103torilor din real estate. <a class=\"article-body-links\"href=\"https:\/\/www.imobiliare.ro\/inregistrare-eveniment?_gl=1*h5qyrd*_gcl_aw*R0NMLjE3NzMwNDI3MzUuQ2owS0NRandqZFRDQmhDTEFSSXNBRXU4YnBKdFZIc1J4T29uMWNyT0IzUVV4M3VzVWNTdk05VDlPNzVPY0JwSER0S29WaXhEc3dOTS1Ja2FBaEVKRUFMd193Y0I.*_gcl_au*MjA0ODU1NTg0OS4xNzY1ODAzNjcx*_ga*NTc2NDE1MjUwLjE3NTAyNDg3Njg.*_ga_0GSJES104K*czE3NzMwNDEwMDAkbzY1MiRnMSR0MTc3MzA0MzkzNSRqNTUkbDAkaDA.\" target=\"_blank\" rel=\"noreferrer noopener\">Rezerv\u0103-\u021bi acum locul!<\/a><\/strong><\/p>\n\n\n\n<p>Evenimentul Imobiliare.ro HUB Cluj-Napoca 2026 \u00ee\u021bi aduce informa\u021bii despre ultimele schimb\u0103ri tehnologice care influen\u021beaz\u0103 direct modul \u00een care agen\u021bii lucreaz\u0103, comunic\u0103 \u0219i \u00ee\u0219i gestioneaz\u0103 portofoliul, dar \u0219i despre implementarea AI \u00een activitatea zilnic\u0103.<\/p>\n\n\n\n<p>Un training dedicat identific\u0103rii oportunit\u0103\u021bilor, chiar \u0219i atunci c\u00e2nd pia\u021ba traverseaz\u0103 o perioad\u0103 mai dificil\u0103, va fi organizat \u00een cadrul evenimentului. Participan\u021bii vor afla informa\u021bii la cald despre mersul pie\u021bei imobiliare, dar \u0219i despre evolu\u021bia pie\u021bei de creditare \u0219i perspectivele sale \u00een 2026. <strong><a class=\"article-body-links\"href=\"https:\/\/www.imobiliare.ro\/inregistrare-eveniment?_gl=1*h5qyrd*_gcl_aw*R0NMLjE3NzMwNDI3MzUuQ2owS0NRandqZFRDQmhDTEFSSXNBRXU4YnBKdFZIc1J4T29uMWNyT0IzUVV4M3VzVWNTdk05VDlPNzVPY0JwSER0S29WaXhEc3dOTS1Ja2FBaEVKRUFMd193Y0I.*_gcl_au*MjA0ODU1NTg0OS4xNzY1ODAzNjcx*_ga*NTc2NDE1MjUwLjE3NTAyNDg3Njg.*_ga_0GSJES104K*czE3NzMwNDEwMDAkbzY1MiRnMSR0MTc3MzA0MzkzNSRqNTUkbDAkaDA.\" target=\"_blank\" rel=\"noreferrer noopener\">Rezerv\u0103 gratuit un loc!<\/a><\/strong><\/p>\n\n\n\n<iframe loading=\"lazy\" width=\"560\" height=\"315\" src=\"https:\/\/www.youtube.com\/embed\/uNx1sJ0xisE?si=EY4A59tn6_Jitrf0\" title=\"YouTube video player\" frameborder=\"0\" allow=\"accelerometer; autoplay; clipboard-write; encrypted-media; gyroscope; picture-in-picture; web-share\" referrerpolicy=\"strict-origin-when-cross-origin\" allowfullscreen><\/iframe>\n\n\n\n<p>A\u0219a cum v-am obi\u0219nuit, nu va lipsi din agenda Imobiliare.ro HUB Cluj-Napoca 2026 dezbaterea la care vor lua parte liderii pie\u021bei locale. Ace\u0219tia vor discuta despre strategiile pe care orice profesionist ar trebui s\u0103 le implementeze anul acesta pentru a-\u0219i proteja businessul, dar \u0219i despre modul \u00een care v\u0103d ei evolu\u021bia pie\u021bei reziden\u021biale \u00een 2026.<strong><a class=\"article-body-links\"href=\"https:\/\/hub.imobiliare.ro\/imobiliare-ro-hub-cluj-napoca-2026\/\" target=\"_blank\" rel=\"noreferrer noopener\"> Consult\u0103 aici agenda conferin\u021bei.<\/a><\/strong><\/p>\n\n\n\n<p><strong>Evenimentul Imobiliare.ro HUB Cluj-Napoca 2026 este organizat de Imobiliare.ro \u00een parteneriat cu BCR, CRM REBS, eXp Realty, Impakt Imobiliare \u0219i Imobiliare.ro Finance.<\/strong> <strong>Participarea este gratuit\u0103 \u0219i se face \u00een limita locurilor disponibile, pe baz\u0103 de \u00eenscriere. <a class=\"article-body-links\"href=\"https:\/\/www.imobiliare.ro\/inregistrare-eveniment?_gl=1*h5qyrd*_gcl_aw*R0NMLjE3NzMwNDI3MzUuQ2owS0NRandqZFRDQmhDTEFSSXNBRXU4YnBKdFZIc1J4T29uMWNyT0IzUVV4M3VzVWNTdk05VDlPNzVPY0JwSER0S29WaXhEc3dOTS1Ja2FBaEVKRUFMd193Y0I.*_gcl_au*MjA0ODU1NTg0OS4xNzY1ODAzNjcx*_ga*NTc2NDE1MjUwLjE3NTAyNDg3Njg.*_ga_0GSJES104K*czE3NzMwNDEwMDAkbzY1MiRnMSR0MTc3MzA0MzkzNSRqNTUkbDAkaDA.\" target=\"_blank\" rel=\"noreferrer noopener\">Vreau s\u0103 m\u0103 \u00eenscriu.<\/a><\/strong><\/p>\n\n\n\n<p class=\"has-medium-font-size\"><strong>Cite\u0219te \u0219i: <a class=\"article-body-links\"href=\"https:\/\/www.imobiliare.ro\/imoexpert\/preturile-apartamentelor-vechi-avanseaza-capitala-prinde-din-urma-brasovul-timisoara-ramane-cel-mai-ieftin-mare-oras-pentru-cumparatori_db\/\" target=\"_blank\" rel=\"noreferrer noopener\">Pre\u021burile apartamentelor vechi avanseaz\u0103. Capitala prinde din urm\u0103 Bra\u0219ovul, Timi\u0219oara r\u0103m\u00e2ne cel mai ieftin mare ora\u0219 pentru cump\u0103r\u0103tori<\/a><\/strong><\/p>\n\n\n\n<p class=\"has-medium-font-size\"><strong>Cite\u0219te \u0219i: <a class=\"article-body-links\"href=\"https:\/\/www.imobiliare.ro\/imoexpert\/vine-criza-pe-piata-imobiliara-adevarul-despre-prabusirea-preturilor-la-inceputul-lui-2026_db\/\" target=\"_blank\" rel=\"noreferrer noopener\">Vine criza pe pia\u021ba imobiliar\u0103? Adev\u0103rul despre pr\u0103bu\u0219irea pre\u021burilor la \u00eenceputul lui 2026<\/a><\/strong><\/p>\n\n\n\n<p class=\"has-medium-font-size\"><strong>Cite\u0219te \u0219i: <a class=\"article-body-links\"href=\"https:\/\/www.imobiliare.ro\/imoexpert\/mit-spulberat-cluj-napoca-nu-mai-este-cel-mai-scump-oras-din-tara-analiza-imobiliare-ro_db\/\" target=\"_blank\" rel=\"noreferrer noopener\">Mit spulberat &#8211; Cluj-Napoca nu (mai) este cel mai scump ora\u0219 din \u021bar\u0103 \u2013 ANALIZ\u0102 Imobiliare.ro<\/a><\/strong><\/p>\n","protected":false},"excerpt":{"rendered":"<p>Te a\u0219tept\u0103m, \u00een martie, la conferin\u021ba Imobiliare.ro HUB Cluj-Napoca 2026!<\/p>\n","protected":false},"author":5891,"featured_media":75438,"comment_status":"open","ping_status":"open","sticky":false,"template":"","format":"standard","meta":{"footnotes":""},"categories":[2490],"tags":[906,2495],"content_author":[],"class_list":["post-75437","post","type-post","status-publish","format-standard","has-post-thumbnail","hentry","category-profesionisti","tag-cluj-napoca","tag-imobiliare-ro-hub"],"yoast_head":"<!-- This site is optimized with the Yoast SEO Premium plugin v27.0 (Yoast SEO v27.0) - https:\/\/yoast.com\/product\/yoast-seo-premium-wordpress\/ -->\n<title>S-a dat startul \u00eenscrierilor la Imobiliare.ro HUB Cluj-Napoca 2026! Particip\u0103 \u0219i tu la evenimentul anului pentru comunitatea local\u0103 din real estate - Profesioni\u0219ti - ImoExpert<\/title>\n<meta name=\"description\" content=\"Te a\u0219tept\u0103m, \u00een martie, la conferin\u021ba Imobiliare.ro HUB Cluj-Napoca 2026!\" \/>\n<meta name=\"robots\" content=\"index, follow\" \/>\n<link rel=\"canonical\" href=\"https:\/\/www.imobiliare.ro\/imoexpert\/s-a-dat-startul-inscrierilor-la-imobiliare-ro-hub-cluj-napoca-2026-participa-si-tu-la-evenimentul-anului-pentru-comunitatea-locala-din-real-estate_db\/\" \/>\n<meta property=\"og:locale\" content=\"ro_RO\" \/>\n<meta property=\"og:type\" content=\"article\" \/>\n<meta property=\"og:title\" content=\"S-a dat startul \u00eenscrierilor la Imobiliare.ro HUB Cluj-Napoca 2026! Particip\u0103 \u0219i tu la evenimentul anului pentru comunitatea local\u0103 din real estate\" \/>\n<meta property=\"og:description\" content=\"Te a\u0219tept\u0103m, \u00een martie, la conferin\u021ba Imobiliare.ro HUB Cluj-Napoca 2026!\" \/>\n<meta property=\"og:url\" content=\"https:\/\/www.imobiliare.ro\/imoexpert\/s-a-dat-startul-inscrierilor-la-imobiliare-ro-hub-cluj-napoca-2026-participa-si-tu-la-evenimentul-anului-pentru-comunitatea-locala-din-real-estate_db\/\" \/>\n<meta property=\"og:site_name\" content=\"ImoExpert\" \/>\n<meta property=\"article:published_time\" content=\"2026-03-09T08:25:40+00:00\" \/>\n<meta property=\"article:modified_time\" content=\"2026-03-17T15:57:24+00:00\" \/>\n<meta property=\"og:image\" content=\"https:\/\/www.imobiliare.ro\/imoexpert\/wp-content\/uploads\/2026\/03\/inscriere-imobiliarero-hub-cluj-napoca.jpg\" \/>\n\t<meta property=\"og:image:width\" content=\"1200\" \/>\n\t<meta property=\"og:image:height\" content=\"600\" \/>\n\t<meta property=\"og:image:type\" content=\"image\/jpeg\" \/>\n<meta name=\"author\" content=\"Corina V\u00e2rlan\" \/>\n<meta name=\"twitter:card\" content=\"summary_large_image\" \/>\n<meta name=\"twitter:label1\" content=\"Written by\" \/>\n\t<meta name=\"twitter:data1\" content=\"Corina V\u00e2rlan\" \/>\n\t<meta name=\"twitter:label2\" content=\"Est. reading time\" \/>\n\t<meta name=\"twitter:data2\" content=\"2 minute\" \/>\n<script type=\"application\/ld+json\" class=\"yoast-schema-graph\">{\"@context\":\"https:\/\/schema.org\",\"@graph\":[{\"@type\":\"Article\",\"@id\":\"https:\/\/www.imobiliare.ro\/imoexpert\/s-a-dat-startul-inscrierilor-la-imobiliare-ro-hub-cluj-napoca-2026-participa-si-tu-la-evenimentul-anului-pentru-comunitatea-locala-din-real-estate_db\/#article\",\"isPartOf\":{\"@id\":\"https:\/\/www.imobiliare.ro\/imoexpert\/s-a-dat-startul-inscrierilor-la-imobiliare-ro-hub-cluj-napoca-2026-participa-si-tu-la-evenimentul-anului-pentru-comunitatea-locala-din-real-estate_db\/\"},\"author\":{\"name\":\"Corina V\u00e2rlan\",\"@id\":\"https:\/\/www.imobiliare.ro\/imoexpert\/#\/schema\/person\/9ffdfbf24b82f39fc75a2fc6c19e4e99\"},\"headline\":\"S-a dat startul \u00eenscrierilor la Imobiliare.ro HUB Cluj-Napoca 2026! Particip\u0103 \u0219i tu la evenimentul anului pentru comunitatea local\u0103 din real estate\",\"datePublished\":\"2026-03-09T08:25:40+00:00\",\"dateModified\":\"2026-03-17T15:57:24+00:00\",\"mainEntityOfPage\":{\"@id\":\"https:\/\/www.imobiliare.ro\/imoexpert\/s-a-dat-startul-inscrierilor-la-imobiliare-ro-hub-cluj-napoca-2026-participa-si-tu-la-evenimentul-anului-pentru-comunitatea-locala-din-real-estate_db\/\"},\"wordCount\":330,\"commentCount\":0,\"publisher\":{\"@id\":\"https:\/\/www.imobiliare.ro\/imoexpert\/#organization\"},\"image\":{\"@id\":\"https:\/\/www.imobiliare.ro\/imoexpert\/s-a-dat-startul-inscrierilor-la-imobiliare-ro-hub-cluj-napoca-2026-participa-si-tu-la-evenimentul-anului-pentru-comunitatea-locala-din-real-estate_db\/#primaryimage\"},\"thumbnailUrl\":\"https:\/\/www.imobiliare.ro\/imoexpert\/wp-content\/uploads\/2026\/03\/inscriere-imobiliarero-hub-cluj-napoca.jpg\",\"keywords\":[\"Cluj-Napoca\",\"Imobiliare.ro HUB\"],\"articleSection\":[\"Profesioni\u0219ti\"],\"inLanguage\":\"en\",\"potentialAction\":[{\"@type\":\"CommentAction\",\"name\":\"Comment\",\"target\":[\"https:\/\/www.imobiliare.ro\/imoexpert\/s-a-dat-startul-inscrierilor-la-imobiliare-ro-hub-cluj-napoca-2026-participa-si-tu-la-evenimentul-anului-pentru-comunitatea-locala-din-real-estate_db\/#respond\"]}],\"copyrightYear\":\"2026\",\"copyrightHolder\":{\"@id\":\"https:\/\/www.imobiliare.ro\/imoexpert\/#organization\"}},{\"@type\":\"WebPage\",\"@id\":\"https:\/\/www.imobiliare.ro\/imoexpert\/s-a-dat-startul-inscrierilor-la-imobiliare-ro-hub-cluj-napoca-2026-participa-si-tu-la-evenimentul-anului-pentru-comunitatea-locala-din-real-estate_db\/\",\"url\":\"https:\/\/www.imobiliare.ro\/imoexpert\/s-a-dat-startul-inscrierilor-la-imobiliare-ro-hub-cluj-napoca-2026-participa-si-tu-la-evenimentul-anului-pentru-comunitatea-locala-din-real-estate_db\/\",\"name\":\"S-a dat startul \u00eenscrierilor la Imobiliare.ro HUB Cluj-Napoca 2026! Particip\u0103 \u0219i tu la evenimentul anului pentru comunitatea local\u0103 din real estate - Profesioni\u0219ti - ImoExpert\",\"isPartOf\":{\"@id\":\"https:\/\/www.imobiliare.ro\/imoexpert\/#website\"},\"primaryImageOfPage\":{\"@id\":\"https:\/\/www.imobiliare.ro\/imoexpert\/s-a-dat-startul-inscrierilor-la-imobiliare-ro-hub-cluj-napoca-2026-participa-si-tu-la-evenimentul-anului-pentru-comunitatea-locala-din-real-estate_db\/#primaryimage\"},\"image\":{\"@id\":\"https:\/\/www.imobiliare.ro\/imoexpert\/s-a-dat-startul-inscrierilor-la-imobiliare-ro-hub-cluj-napoca-2026-participa-si-tu-la-evenimentul-anului-pentru-comunitatea-locala-din-real-estate_db\/#primaryimage\"},\"thumbnailUrl\":\"https:\/\/www.imobiliare.ro\/imoexpert\/wp-content\/uploads\/2026\/03\/inscriere-imobiliarero-hub-cluj-napoca.jpg\",\"datePublished\":\"2026-03-09T08:25:40+00:00\",\"dateModified\":\"2026-03-17T15:57:24+00:00\",\"description\":\"Te a\u0219tept\u0103m, \u00een martie, la conferin\u021ba Imobiliare.ro HUB Cluj-Napoca 2026!\",\"breadcrumb\":{\"@id\":\"https:\/\/www.imobiliare.ro\/imoexpert\/s-a-dat-startul-inscrierilor-la-imobiliare-ro-hub-cluj-napoca-2026-participa-si-tu-la-evenimentul-anului-pentru-comunitatea-locala-din-real-estate_db\/#breadcrumb\"},\"inLanguage\":\"en\",\"potentialAction\":[{\"@type\":\"ReadAction\",\"target\":[\"https:\/\/www.imobiliare.ro\/imoexpert\/s-a-dat-startul-inscrierilor-la-imobiliare-ro-hub-cluj-napoca-2026-participa-si-tu-la-evenimentul-anului-pentru-comunitatea-locala-din-real-estate_db\/\"]}]},{\"@type\":\"ImageObject\",\"inLanguage\":\"en\",\"@id\":\"https:\/\/www.imobiliare.ro\/imoexpert\/s-a-dat-startul-inscrierilor-la-imobiliare-ro-hub-cluj-napoca-2026-participa-si-tu-la-evenimentul-anului-pentru-comunitatea-locala-din-real-estate_db\/#primaryimage\",\"url\":\"https:\/\/www.imobiliare.ro\/imoexpert\/wp-content\/uploads\/2026\/03\/inscriere-imobiliarero-hub-cluj-napoca.jpg\",\"contentUrl\":\"https:\/\/www.imobiliare.ro\/imoexpert\/wp-content\/uploads\/2026\/03\/inscriere-imobiliarero-hub-cluj-napoca.jpg\",\"width\":1200,\"height\":600},{\"@type\":\"BreadcrumbList\",\"@id\":\"https:\/\/www.imobiliare.ro\/imoexpert\/s-a-dat-startul-inscrierilor-la-imobiliare-ro-hub-cluj-napoca-2026-participa-si-tu-la-evenimentul-anului-pentru-comunitatea-locala-din-real-estate_db\/#breadcrumb\",\"itemListElement\":[{\"@type\":\"ListItem\",\"position\":1,\"name\":\"Imoradar24\",\"item\":\"https:\/\/www.imoradar24.ro\"},{\"@type\":\"ListItem\",\"position\":2,\"name\":\"ImoExpert\",\"item\":\"https:\/\/www.imobiliare.ro\/imoexpert\/\"},{\"@type\":\"ListItem\",\"position\":3,\"name\":\"Profesioni\u0219ti\",\"item\":\"https:\/\/www.imobiliare.ro\/imoexpert\/profesionisti\/\"},{\"@type\":\"ListItem\",\"position\":4,\"name\":\"S-a dat startul \u00eenscrierilor la Imobiliare.ro HUB Cluj-Napoca 2026! Particip\u0103 \u0219i tu la evenimentul anului pentru comunitatea local\u0103 din real estate\"}]},{\"@type\":\"WebSite\",\"@id\":\"https:\/\/www.imobiliare.ro\/imoexpert\/#website\",\"url\":\"https:\/\/www.imobiliare.ro\/imoexpert\/\",\"name\":\"ImoExpert\",\"description\":\"cele mai importante \u015ftiri din domeniul imobiliar\",\"publisher\":{\"@id\":\"https:\/\/www.imobiliare.ro\/imoexpert\/#organization\"},\"inLanguage\":\"en\"},{\"@type\":\"Organization\",\"@id\":\"https:\/\/www.imobiliare.ro\/imoexpert\/#organization\",\"name\":\"Imobiliare.ro\",\"alternateName\":\"Realmedia Network SA\",\"url\":\"https:\/\/www.imobiliare.ro\/imoexpert\/\",\"logo\":{\"@type\":\"ImageObject\",\"inLanguage\":\"en\",\"@id\":\"https:\/\/www.imobiliare.ro\/imoexpert\/#\/schema\/logo\/image\/\",\"url\":\"https:\/\/www.imobiliare.ro\/imoexpert\/wp-content\/uploads\/2025\/05\/imobiliare_logo.png\",\"contentUrl\":\"https:\/\/www.imobiliare.ro\/imoexpert\/wp-content\/uploads\/2025\/05\/imobiliare_logo.png\",\"width\":237,\"height\":29,\"caption\":\"Imobiliare.ro\"},\"image\":{\"@id\":\"https:\/\/www.imobiliare.ro\/imoexpert\/#\/schema\/logo\/image\/\"}},{\"@type\":\"Person\",\"@id\":\"https:\/\/www.imobiliare.ro\/imoexpert\/#\/schema\/person\/9ffdfbf24b82f39fc75a2fc6c19e4e99\",\"name\":\"Corina V\u00e2rlan\",\"image\":{\"@type\":\"ImageObject\",\"inLanguage\":\"en\",\"@id\":\"https:\/\/www.imobiliare.ro\/imoexpert\/#\/schema\/person\/image\/\",\"url\":\"https:\/\/www.imobiliare.ro\/imoexpert\/wp-content\/uploads\/2026\/02\/12-02-2025-5-rezumat-brasov-thumb-reels-1-1-96x96.png\",\"contentUrl\":\"https:\/\/www.imobiliare.ro\/imoexpert\/wp-content\/uploads\/2026\/02\/12-02-2025-5-rezumat-brasov-thumb-reels-1-1-96x96.png\",\"caption\":\"Corina V\u00e2rlan\"},\"description\":\"Cu o experien\u021b\u0103 de 14 ani \u00een presa online, comunicare \u0219i content marketing, Corina V\u00e2rlan s-a al\u0103turat echipei Imobiliare.ro \u00een urm\u0103 cu 8 ani \u0219i ocup\u0103, \u00een prezent, func\u021bia de Content Manager. Ea este gazda emisiunii \\\"\u00centreab\u0103 expertul\\\" \u0219i a seriei 5 \u0218tiri Imobiliare.ro, realizate \u00een parteneriat cu Libertatea. Corina \u00ee\u0219i concentreaz\u0103 activitatea pe analiza datelor de pia\u021b\u0103 \u0219i pe subiecte de interes at\u00e2t pentru cei afla\u021bi \u00een c\u0103utarea unei locuin\u021be, c\u00e2t \u0219i pentru proprietari sau chiria\u0219i.\",\"alternateName\":\"Corina\",\"jobTitle\":\"Content Manager\",\"url\":\"https:\/\/www.imobiliare.ro\/imoexpert\/author\/corina-varlan\/\"}]}<\/script>\n<!-- \/ Yoast SEO Premium plugin. -->","yoast_head_json":{"title":"S-a dat startul \u00eenscrierilor la Imobiliare.ro HUB Cluj-Napoca 2026! Particip\u0103 \u0219i tu la evenimentul anului pentru comunitatea local\u0103 din real estate - Profesioni\u0219ti - ImoExpert","description":"Te a\u0219tept\u0103m, \u00een martie, la conferin\u021ba Imobiliare.ro HUB Cluj-Napoca 2026!","robots":{"index":"index","follow":"follow"},"canonical":"https:\/\/www.imobiliare.ro\/imoexpert\/s-a-dat-startul-inscrierilor-la-imobiliare-ro-hub-cluj-napoca-2026-participa-si-tu-la-evenimentul-anului-pentru-comunitatea-locala-din-real-estate_db\/","og_locale":"ro_RO","og_type":"article","og_title":"S-a dat startul \u00eenscrierilor la Imobiliare.ro HUB Cluj-Napoca 2026! Particip\u0103 \u0219i tu la evenimentul anului pentru comunitatea local\u0103 din real estate","og_description":"Te a\u0219tept\u0103m, \u00een martie, la conferin\u021ba Imobiliare.ro HUB Cluj-Napoca 2026!","og_url":"https:\/\/www.imobiliare.ro\/imoexpert\/s-a-dat-startul-inscrierilor-la-imobiliare-ro-hub-cluj-napoca-2026-participa-si-tu-la-evenimentul-anului-pentru-comunitatea-locala-din-real-estate_db\/","og_site_name":"ImoExpert","article_published_time":"2026-03-09T08:25:40+00:00","article_modified_time":"2026-03-17T15:57:24+00:00","og_image":[{"width":1200,"height":600,"url":"https:\/\/www.imobiliare.ro\/imoexpert\/wp-content\/uploads\/2026\/03\/inscriere-imobiliarero-hub-cluj-napoca.jpg","type":"image\/jpeg"}],"author":"Corina V\u00e2rlan","twitter_card":"summary_large_image","twitter_misc":{"Written by":"Corina V\u00e2rlan","Est. reading time":"2 minute"},"schema":{"@context":"https:\/\/schema.org","@graph":[{"@type":"Article","@id":"https:\/\/www.imobiliare.ro\/imoexpert\/s-a-dat-startul-inscrierilor-la-imobiliare-ro-hub-cluj-napoca-2026-participa-si-tu-la-evenimentul-anului-pentru-comunitatea-locala-din-real-estate_db\/#article","isPartOf":{"@id":"https:\/\/www.imobiliare.ro\/imoexpert\/s-a-dat-startul-inscrierilor-la-imobiliare-ro-hub-cluj-napoca-2026-participa-si-tu-la-evenimentul-anului-pentru-comunitatea-locala-din-real-estate_db\/"},"author":{"name":"Corina V\u00e2rlan","@id":"https:\/\/www.imobiliare.ro\/imoexpert\/#\/schema\/person\/9ffdfbf24b82f39fc75a2fc6c19e4e99"},"headline":"S-a dat startul \u00eenscrierilor la Imobiliare.ro HUB Cluj-Napoca 2026! Particip\u0103 \u0219i tu la evenimentul anului pentru comunitatea local\u0103 din real estate","datePublished":"2026-03-09T08:25:40+00:00","dateModified":"2026-03-17T15:57:24+00:00","mainEntityOfPage":{"@id":"https:\/\/www.imobiliare.ro\/imoexpert\/s-a-dat-startul-inscrierilor-la-imobiliare-ro-hub-cluj-napoca-2026-participa-si-tu-la-evenimentul-anului-pentru-comunitatea-locala-din-real-estate_db\/"},"wordCount":330,"commentCount":0,"publisher":{"@id":"https:\/\/www.imobiliare.ro\/imoexpert\/#organization"},"image":{"@id":"https:\/\/www.imobiliare.ro\/imoexpert\/s-a-dat-startul-inscrierilor-la-imobiliare-ro-hub-cluj-napoca-2026-participa-si-tu-la-evenimentul-anului-pentru-comunitatea-locala-din-real-estate_db\/#primaryimage"},"thumbnailUrl":"https:\/\/www.imobiliare.ro\/imoexpert\/wp-content\/uploads\/2026\/03\/inscriere-imobiliarero-hub-cluj-napoca.jpg","keywords":["Cluj-Napoca","Imobiliare.ro HUB"],"articleSection":["Profesioni\u0219ti"],"inLanguage":"en","potentialAction":[{"@type":"CommentAction","name":"Comment","target":["https:\/\/www.imobiliare.ro\/imoexpert\/s-a-dat-startul-inscrierilor-la-imobiliare-ro-hub-cluj-napoca-2026-participa-si-tu-la-evenimentul-anului-pentru-comunitatea-locala-din-real-estate_db\/#respond"]}],"copyrightYear":"2026","copyrightHolder":{"@id":"https:\/\/www.imobiliare.ro\/imoexpert\/#organization"}},{"@type":"WebPage","@id":"https:\/\/www.imobiliare.ro\/imoexpert\/s-a-dat-startul-inscrierilor-la-imobiliare-ro-hub-cluj-napoca-2026-participa-si-tu-la-evenimentul-anului-pentru-comunitatea-locala-din-real-estate_db\/","url":"https:\/\/www.imobiliare.ro\/imoexpert\/s-a-dat-startul-inscrierilor-la-imobiliare-ro-hub-cluj-napoca-2026-participa-si-tu-la-evenimentul-anului-pentru-comunitatea-locala-din-real-estate_db\/","name":"S-a dat startul \u00eenscrierilor la Imobiliare.ro HUB Cluj-Napoca 2026! Particip\u0103 \u0219i tu la evenimentul anului pentru comunitatea local\u0103 din real estate - Profesioni\u0219ti - ImoExpert","isPartOf":{"@id":"https:\/\/www.imobiliare.ro\/imoexpert\/#website"},"primaryImageOfPage":{"@id":"https:\/\/www.imobiliare.ro\/imoexpert\/s-a-dat-startul-inscrierilor-la-imobiliare-ro-hub-cluj-napoca-2026-participa-si-tu-la-evenimentul-anului-pentru-comunitatea-locala-din-real-estate_db\/#primaryimage"},"image":{"@id":"https:\/\/www.imobiliare.ro\/imoexpert\/s-a-dat-startul-inscrierilor-la-imobiliare-ro-hub-cluj-napoca-2026-participa-si-tu-la-evenimentul-anului-pentru-comunitatea-locala-din-real-estate_db\/#primaryimage"},"thumbnailUrl":"https:\/\/www.imobiliare.ro\/imoexpert\/wp-content\/uploads\/2026\/03\/inscriere-imobiliarero-hub-cluj-napoca.jpg","datePublished":"2026-03-09T08:25:40+00:00","dateModified":"2026-03-17T15:57:24+00:00","description":"Te a\u0219tept\u0103m, \u00een martie, la conferin\u021ba Imobiliare.ro HUB Cluj-Napoca 2026!","breadcrumb":{"@id":"https:\/\/www.imobiliare.ro\/imoexpert\/s-a-dat-startul-inscrierilor-la-imobiliare-ro-hub-cluj-napoca-2026-participa-si-tu-la-evenimentul-anului-pentru-comunitatea-locala-din-real-estate_db\/#breadcrumb"},"inLanguage":"en","potentialAction":[{"@type":"ReadAction","target":["https:\/\/www.imobiliare.ro\/imoexpert\/s-a-dat-startul-inscrierilor-la-imobiliare-ro-hub-cluj-napoca-2026-participa-si-tu-la-evenimentul-anului-pentru-comunitatea-locala-din-real-estate_db\/"]}]},{"@type":"ImageObject","inLanguage":"en","@id":"https:\/\/www.imobiliare.ro\/imoexpert\/s-a-dat-startul-inscrierilor-la-imobiliare-ro-hub-cluj-napoca-2026-participa-si-tu-la-evenimentul-anului-pentru-comunitatea-locala-din-real-estate_db\/#primaryimage","url":"https:\/\/www.imobiliare.ro\/imoexpert\/wp-content\/uploads\/2026\/03\/inscriere-imobiliarero-hub-cluj-napoca.jpg","contentUrl":"https:\/\/www.imobiliare.ro\/imoexpert\/wp-content\/uploads\/2026\/03\/inscriere-imobiliarero-hub-cluj-napoca.jpg","width":1200,"height":600},{"@type":"BreadcrumbList","@id":"https:\/\/www.imobiliare.ro\/imoexpert\/s-a-dat-startul-inscrierilor-la-imobiliare-ro-hub-cluj-napoca-2026-participa-si-tu-la-evenimentul-anului-pentru-comunitatea-locala-din-real-estate_db\/#breadcrumb","itemListElement":[{"@type":"ListItem","position":1,"name":"Imoradar24","item":"https:\/\/www.imoradar24.ro"},{"@type":"ListItem","position":2,"name":"ImoExpert","item":"https:\/\/www.imobiliare.ro\/imoexpert\/"},{"@type":"ListItem","position":3,"name":"Profesioni\u0219ti","item":"https:\/\/www.imobiliare.ro\/imoexpert\/profesionisti\/"},{"@type":"ListItem","position":4,"name":"S-a dat startul \u00eenscrierilor la Imobiliare.ro HUB Cluj-Napoca 2026! Particip\u0103 \u0219i tu la evenimentul anului pentru comunitatea local\u0103 din real estate"}]},{"@type":"WebSite","@id":"https:\/\/www.imobiliare.ro\/imoexpert\/#website","url":"https:\/\/www.imobiliare.ro\/imoexpert\/","name":"ImoExpert","description":"cele mai importante \u015ftiri din domeniul imobiliar","publisher":{"@id":"https:\/\/www.imobiliare.ro\/imoexpert\/#organization"},"inLanguage":"en"},{"@type":"Organization","@id":"https:\/\/www.imobiliare.ro\/imoexpert\/#organization","name":"Imobiliare.ro","alternateName":"Realmedia Network SA","url":"https:\/\/www.imobiliare.ro\/imoexpert\/","logo":{"@type":"ImageObject","inLanguage":"en","@id":"https:\/\/www.imobiliare.ro\/imoexpert\/#\/schema\/logo\/image\/","url":"https:\/\/www.imobiliare.ro\/imoexpert\/wp-content\/uploads\/2025\/05\/imobiliare_logo.png","contentUrl":"https:\/\/www.imobiliare.ro\/imoexpert\/wp-content\/uploads\/2025\/05\/imobiliare_logo.png","width":237,"height":29,"caption":"Imobiliare.ro"},"image":{"@id":"https:\/\/www.imobiliare.ro\/imoexpert\/#\/schema\/logo\/image\/"}},{"@type":"Person","@id":"https:\/\/www.imobiliare.ro\/imoexpert\/#\/schema\/person\/9ffdfbf24b82f39fc75a2fc6c19e4e99","name":"Corina V\u00e2rlan","image":{"@type":"ImageObject","inLanguage":"en","@id":"https:\/\/www.imobiliare.ro\/imoexpert\/#\/schema\/person\/image\/","url":"https:\/\/www.imobiliare.ro\/imoexpert\/wp-content\/uploads\/2026\/02\/12-02-2025-5-rezumat-brasov-thumb-reels-1-1-96x96.png","contentUrl":"https:\/\/www.imobiliare.ro\/imoexpert\/wp-content\/uploads\/2026\/02\/12-02-2025-5-rezumat-brasov-thumb-reels-1-1-96x96.png","caption":"Corina V\u00e2rlan"},"description":"Cu o experien\u021b\u0103 de 14 ani \u00een presa online, comunicare \u0219i content marketing, Corina V\u00e2rlan s-a al\u0103turat echipei Imobiliare.ro \u00een urm\u0103 cu 8 ani \u0219i ocup\u0103, \u00een prezent, func\u021bia de Content Manager. Ea este gazda emisiunii \"\u00centreab\u0103 expertul\" \u0219i a seriei 5 \u0218tiri Imobiliare.ro, realizate \u00een parteneriat cu Libertatea. Corina \u00ee\u0219i concentreaz\u0103 activitatea pe analiza datelor de pia\u021b\u0103 \u0219i pe subiecte de interes at\u00e2t pentru cei afla\u021bi \u00een c\u0103utarea unei locuin\u021be, c\u00e2t \u0219i pentru proprietari sau chiria\u0219i.","alternateName":"Corina","jobTitle":"Content Manager","url":"https:\/\/www.imobiliare.ro\/imoexpert\/author\/corina-varlan\/"}]}},"_links":{"self":[{"href":"https:\/\/www.imobiliare.ro\/imoexpert\/wp-json\/wp\/v2\/posts\/75437","targetHints":{"allow":["GET"]}}],"collection":[{"href":"https:\/\/www.imobiliare.ro\/imoexpert\/wp-json\/wp\/v2\/posts"}],"about":[{"href":"https:\/\/www.imobiliare.ro\/imoexpert\/wp-json\/wp\/v2\/types\/post"}],"author":[{"embeddable":true,"href":"https:\/\/www.imobiliare.ro\/imoexpert\/wp-json\/wp\/v2\/users\/5891"}],"replies":[{"embeddable":true,"href":"https:\/\/www.imobiliare.ro\/imoexpert\/wp-json\/wp\/v2\/comments?post=75437"}],"version-history":[{"count":0,"href":"https:\/\/www.imobiliare.ro\/imoexpert\/wp-json\/wp\/v2\/posts\/75437\/revisions"}],"wp:featuredmedia":[{"embeddable":true,"href":"https:\/\/www.imobiliare.ro\/imoexpert\/wp-json\/wp\/v2\/media\/75438"}],"wp:attachment":[{"href":"https:\/\/www.imobiliare.ro\/imoexpert\/wp-json\/wp\/v2\/media?parent=75437"}],"wp:term":[{"taxonomy":"category","embeddable":true,"href":"https:\/\/www.imobiliare.ro\/imoexpert\/wp-json\/wp\/v2\/categories?post=75437"},{"taxonomy":"post_tag","embeddable":true,"href":"https:\/\/www.imobiliare.ro\/imoexpert\/wp-json\/wp\/v2\/tags?post=75437"},{"taxonomy":"content_author","embeddable":true,"href":"https:\/\/www.imobiliare.ro\/imoexpert\/wp-json\/wp\/v2\/content_author?post=75437"}],"curies":[{"name":"wp","href":"https:\/\/api.w.org\/{rel}","templated":true}]}}