{"id":75439,"date":"2026-03-09T12:04:43","date_gmt":"2026-03-09T10:04:43","guid":{"rendered":"https:\/\/www.imobiliare.ro\/imoexpert\/?p=75439"},"modified":"2026-03-09T12:04:46","modified_gmt":"2026-03-09T10:04:46","slug":"vinzi-cumperi-sau-inchiriezi-o-locuinta-in-iasi-ce-trebuie-sa-stii-despre-piata-locala-pentru-a-lua-cele-mai-bune-decizii","status":"publish","type":"post","link":"https:\/\/www.imobiliare.ro\/imoexpert\/vinzi-cumperi-sau-inchiriezi-o-locuinta-in-iasi-ce-trebuie-sa-stii-despre-piata-locala-pentru-a-lua-cele-mai-bune-decizii_db\/","title":{"rendered":"Vinzi, cumperi sau \u00eenchiriezi o locuin\u021b\u0103 \u00een Ia\u0219i? Ce trebuie s\u0103 \u0219tii despre pia\u021ba local\u0103 pentru a lua cele mai bune decizii"},"content":{"rendered":"\n<figure class=\"wp-block-image size-full\"><img loading=\"lazy\" decoding=\"async\" width=\"1200\" height=\"600\" src=\"https:\/\/www.imobiliare.ro\/imoexpert\/wp-content\/uploads\/2026\/03\/ce-trebuie-sa-stii-despre-piata-imobiliara-din-iasi.jpg\" alt=\"\" class=\"wp-image-75441\" srcset=\"https:\/\/www.imobiliare.ro\/imoexpert\/wp-content\/uploads\/2026\/03\/ce-trebuie-sa-stii-despre-piata-imobiliara-din-iasi.jpg 1200w, https:\/\/www.imobiliare.ro\/imoexpert\/wp-content\/uploads\/2026\/03\/ce-trebuie-sa-stii-despre-piata-imobiliara-din-iasi-770x385.jpg 770w, https:\/\/www.imobiliare.ro\/imoexpert\/wp-content\/uploads\/2026\/03\/ce-trebuie-sa-stii-despre-piata-imobiliara-din-iasi-390x195.jpg 390w\" sizes=\"auto, (max-width: 1200px) 100vw, 1200px\" \/><\/figure>\n\n\n\n<p><strong>Vinzi, cumperi sau \u00eenchiriezi o locuin\u021b\u0103 \u00een Ia\u0219i? Imobiliare.ro \u00ee\u021bi d\u0103 \u00een continuare informa\u021biile care \u00ee\u021bi ofer\u0103 avantajul de care ai nevoie c\u00e2nd porne\u0219ti la drum pe pia\u021ba local\u0103.<\/strong><\/p>\n\n\n\n<p>Ai un apartament de v\u00e2nzare aflat \u00een centrul ora\u0219ului sau \u00een zona Copou-S\u0103r\u0103rie? Atunci, pre\u021bul pe care \u00eel po\u021bi cere este unul dintre cele mai mari din Ia\u0219i. Dac\u0103 vinzi, \u00een schimb, un apartament \u00een Bucium, atunci locuin\u021ba va fi atractiv\u0103 pentru cei care \u00ee\u0219i doresc un chilipir. Pre\u021bul mediu solicitat \u00een acest cartier se men\u021bine sub 1.700 euro\/mp util.<\/p>\n\n\n\n<figure class=\"wp-block-embed is-type-video is-provider-youtube wp-block-embed-youtube wp-embed-aspect-9-16 wp-has-aspect-ratio\"><div class=\"wp-block-embed__wrapper\">\n<iframe loading=\"lazy\" title=\"Vinzi, cumperi sau \u00eenchiriezi \u00een Ia\u0219i? Iat\u0103 ce trebuie s\u0103 \u0219tii \u00eenainte\" width=\"540\" height=\"960\" src=\"https:\/\/www.youtube.com\/embed\/9EVzG0HantQ?feature=oembed\" frameborder=\"0\" allow=\"accelerometer; autoplay; clipboard-write; encrypted-media; gyroscope; picture-in-picture; web-share\" referrerpolicy=\"strict-origin-when-cross-origin\" allowfullscreen><\/iframe>\n<\/div><\/figure>\n\n\n\n<p>Cump\u0103r\u0103torii se g\u0103sesc pe pia\u021ba imobiliar\u0103 ie\u0219ean\u0103, \u00een medie, \u00een 68 de zile. Apartamentele se v\u00e2nd mai rapid dec\u00e2t \u00een Cluj-Napoca sau \u00een Bra\u0219ov, potrivit datelor Imobiliare.ro.<\/p>\n\n\n\n<figure class=\"wp-block-image size-large\"><img loading=\"lazy\" decoding=\"async\" width=\"1200\" height=\"675\" src=\"https:\/\/www.imobiliare.ro\/imoexpert\/wp-content\/uploads\/2026\/02\/harta-in-cat-timp-gasesti-cumparator-pentru-un-apartament-in-marile-orase-din-tara-1200x675.jpg\" alt=\"\" class=\"wp-image-75209\" srcset=\"https:\/\/www.imobiliare.ro\/imoexpert\/wp-content\/uploads\/2026\/02\/harta-in-cat-timp-gasesti-cumparator-pentru-un-apartament-in-marile-orase-din-tara-1200x675.jpg 1200w, https:\/\/www.imobiliare.ro\/imoexpert\/wp-content\/uploads\/2026\/02\/harta-in-cat-timp-gasesti-cumparator-pentru-un-apartament-in-marile-orase-din-tara-770x433.jpg 770w, https:\/\/www.imobiliare.ro\/imoexpert\/wp-content\/uploads\/2026\/02\/harta-in-cat-timp-gasesti-cumparator-pentru-un-apartament-in-marile-orase-din-tara-1536x864.jpg 1536w, https:\/\/www.imobiliare.ro\/imoexpert\/wp-content\/uploads\/2026\/02\/harta-in-cat-timp-gasesti-cumparator-pentru-un-apartament-in-marile-orase-din-tara-390x219.jpg 390w, https:\/\/www.imobiliare.ro\/imoexpert\/wp-content\/uploads\/2026\/02\/harta-in-cat-timp-gasesti-cumparator-pentru-un-apartament-in-marile-orase-din-tara.jpg 1920w\" sizes=\"auto, (max-width: 1200px) 100vw, 1200px\" \/><\/figure>\n\n\n\n<p>Dac\u0103 vrei s\u0103 fii preg\u0103tit pentru o eventual\u0103 negociere, atunci e bine s\u0103 \u0219tii c\u0103 marja practicat\u0103 local este de 3,6%. O diferen\u021b\u0103 similar\u0103 \u00eentre pre\u021bul solicitat \u0219i cel final de tranzac\u021bionare poate fi \u00eent\u00e2lnit\u0103 \u0219i \u00een Bucure\u0219ti.<\/p>\n\n\n\n<figure class=\"wp-block-image size-large\"><img loading=\"lazy\" decoding=\"async\" width=\"1200\" height=\"675\" src=\"https:\/\/www.imobiliare.ro\/imoexpert\/wp-content\/uploads\/2026\/02\/cat-poti-negocia-pretul-unui-apartament-in-marile-orase-din-tara-1200x675.jpg\" alt=\"\" class=\"wp-image-75210\" srcset=\"https:\/\/www.imobiliare.ro\/imoexpert\/wp-content\/uploads\/2026\/02\/cat-poti-negocia-pretul-unui-apartament-in-marile-orase-din-tara-1200x675.jpg 1200w, https:\/\/www.imobiliare.ro\/imoexpert\/wp-content\/uploads\/2026\/02\/cat-poti-negocia-pretul-unui-apartament-in-marile-orase-din-tara-770x433.jpg 770w, https:\/\/www.imobiliare.ro\/imoexpert\/wp-content\/uploads\/2026\/02\/cat-poti-negocia-pretul-unui-apartament-in-marile-orase-din-tara-1536x864.jpg 1536w, https:\/\/www.imobiliare.ro\/imoexpert\/wp-content\/uploads\/2026\/02\/cat-poti-negocia-pretul-unui-apartament-in-marile-orase-din-tara-390x219.jpg 390w, https:\/\/www.imobiliare.ro\/imoexpert\/wp-content\/uploads\/2026\/02\/cat-poti-negocia-pretul-unui-apartament-in-marile-orase-din-tara.jpg 1920w\" sizes=\"auto, (max-width: 1200px) 100vw, 1200px\" \/><\/figure>\n\n\n\n<p>Chiria\u0219ii din Ia\u0219i nu au la dispozi\u021bie multe locuin\u021be. Oferta a sc\u0103zut puternic \u00een ultima parte a anului trecut. Pentru fiecare proprietate nou\u0103 \u00ee\u0219i arat\u0103 interesul trei poten\u021biali chiria\u0219i. Cele vechi atrag, \u00een medie, doi poten\u021biali chiria\u0219i.<\/p>\n\n\n\n<figure class=\"wp-block-image size-full\"><img loading=\"lazy\" decoding=\"async\" width=\"1119\" height=\"695\" src=\"https:\/\/www.imobiliare.ro\/imoexpert\/wp-content\/uploads\/2026\/03\/cat-platesti-chirie-in-iasi.jpg\" alt=\"\" class=\"wp-image-75440\" srcset=\"https:\/\/www.imobiliare.ro\/imoexpert\/wp-content\/uploads\/2026\/03\/cat-platesti-chirie-in-iasi.jpg 1119w, https:\/\/www.imobiliare.ro\/imoexpert\/wp-content\/uploads\/2026\/03\/cat-platesti-chirie-in-iasi-770x478.jpg 770w, https:\/\/www.imobiliare.ro\/imoexpert\/wp-content\/uploads\/2026\/03\/cat-platesti-chirie-in-iasi-390x242.jpg 390w\" sizes=\"auto, (max-width: 1119px) 100vw, 1119px\" \/><\/figure>\n\n\n\n<p>G\u0103se\u0219ti apartamente ieftine de \u00eenchiriat \u00een zona precum CUG, Galata sau Dacia. Proprietarii solicit\u0103 aici 400 euro\/lun\u0103. Cele mai mari chirii sunt achitate de chiria\u0219ii care opteaz\u0103 pentru o locuin\u021b\u0103 \u00een centrul ora\u0219ului sau \u00een zona Copou-S\u0103r\u0103rie.<\/p>\n\n\n\n<p class=\"has-medium-font-size\"><strong>Cite\u0219te \u0219i: <a class=\"article-body-links\"href=\"https:\/\/www.imobiliare.ro\/imoexpert\/vine-criza-pe-piata-imobiliara-adevarul-despre-prabusirea-preturilor-la-inceputul-lui-2026_db\/\" target=\"_blank\" rel=\"noreferrer noopener\">Vine criza pe pia\u021ba imobiliar\u0103? Adev\u0103rul despre pr\u0103bu\u0219irea pre\u021burilor la \u00eenceputul lui 2026<\/a><\/strong><\/p>\n\n\n\n<p class=\"has-medium-font-size\"><strong>Cite\u0219te \u0219i: <a class=\"article-body-links\"href=\"https:\/\/www.imobiliare.ro\/imoexpert\/de-la-instagram-la-ai-in-renovarea-si-amenajarea-locuintei-cat-de-usor-este-sa-cazi-in-capcana-asteptarilor-nerealiste-cand-inspiratia-vine-din-social-media_db\/\" target=\"_blank\" rel=\"noreferrer noopener\">De la Instagram la AI \u00een renovarea \u0219i amenajarea locuin\u021bei. C\u00e2t de u\u0219or este s\u0103 cazi \u00een capcana a\u0219tept\u0103rilor nerealiste c\u00e2nd inspira\u021bia vine din social media?<\/a><\/strong><\/p>\n\n\n\n<p class=\"has-medium-font-size\"><strong>Cite\u0219te \u0219i: <a class=\"article-body-links\"href=\"https:\/\/www.imobiliare.ro\/imoexpert\/preturile-apartamentelor-vechi-avanseaza-capitala-prinde-din-urma-brasovul-timisoara-ramane-cel-mai-ieftin-mare-oras-pentru-cumparatori_db\/\" target=\"_blank\" rel=\"noreferrer noopener\">Pre\u021burile apartamentelor vechi avanseaz\u0103. Capitala prinde din urm\u0103 Bra\u0219ovul, Timi\u0219oara r\u0103m\u00e2ne cel mai ieftin mare ora\u0219 pentru cump\u0103r\u0103tori<\/a><\/strong><\/p>\n","protected":false},"excerpt":{"rendered":"<p> Imobiliare.ro \u00ee\u021bi d\u0103 \u00een continuare informa\u021biile care \u00ee\u021bi ofer\u0103 avantajul de care ai nevoie c\u00e2nd porne\u0219ti la drum pe pia\u021ba local\u0103.<\/p>\n","protected":false},"author":5891,"featured_media":75441,"comment_status":"open","ping_status":"open","sticky":false,"template":"","format":"standard","meta":{"footnotes":""},"categories":[259,2455],"tags":[1447,275,318,405,1625,1867,507],"content_author":[],"class_list":["post-75439","post","type-post","status-publish","format-standard","has-post-thumbnail","hentry","category-stiri","category-video","tag-apartamente","tag-chirie","tag-imobiliare","tag-iasi","tag-marja-negociere","tag-perioada-vanzare","tag-preturi-apartamente"],"yoast_head":"<!-- This site is optimized with the Yoast SEO Premium plugin v27.0 (Yoast SEO v27.0) - https:\/\/yoast.com\/product\/yoast-seo-premium-wordpress\/ -->\n<title>Vinzi, cumperi sau \u00eenchiriezi o locuin\u021b\u0103 \u00een Ia\u0219i? Ce trebuie s\u0103 \u0219tii despre pia\u021ba local\u0103 pentru a lua cele mai bune decizii - \u0218tiri, Video - ImoExpert<\/title>\n<meta name=\"description\" content=\"Imobiliare.ro \u00ee\u021bi d\u0103 \u00een continuare informa\u021biile care \u00ee\u021bi ofer\u0103 avantajul de care ai nevoie c\u00e2nd porne\u0219ti la drum pe pia\u021ba local\u0103.\" \/>\n<meta name=\"robots\" content=\"index, follow\" \/>\n<link rel=\"canonical\" href=\"https:\/\/www.imobiliare.ro\/imoexpert\/vinzi-cumperi-sau-inchiriezi-o-locuinta-in-iasi-ce-trebuie-sa-stii-despre-piata-locala-pentru-a-lua-cele-mai-bune-decizii_db\/\" \/>\n<meta property=\"og:locale\" content=\"ro_RO\" \/>\n<meta property=\"og:type\" content=\"article\" \/>\n<meta property=\"og:title\" content=\"Vinzi, cumperi sau \u00eenchiriezi o locuin\u021b\u0103 \u00een Ia\u0219i? Ce trebuie s\u0103 \u0219tii despre pia\u021ba local\u0103 pentru a lua cele mai bune decizii\" \/>\n<meta property=\"og:description\" content=\"Imobiliare.ro \u00ee\u021bi d\u0103 \u00een continuare informa\u021biile care \u00ee\u021bi ofer\u0103 avantajul de care ai nevoie c\u00e2nd porne\u0219ti la drum pe pia\u021ba local\u0103.\" \/>\n<meta property=\"og:url\" content=\"https:\/\/www.imobiliare.ro\/imoexpert\/vinzi-cumperi-sau-inchiriezi-o-locuinta-in-iasi-ce-trebuie-sa-stii-despre-piata-locala-pentru-a-lua-cele-mai-bune-decizii_db\/\" \/>\n<meta property=\"og:site_name\" content=\"ImoExpert\" \/>\n<meta property=\"article:published_time\" content=\"2026-03-09T10:04:43+00:00\" \/>\n<meta property=\"article:modified_time\" content=\"2026-03-09T10:04:46+00:00\" \/>\n<meta property=\"og:image\" content=\"https:\/\/www.imobiliare.ro\/imoexpert\/wp-content\/uploads\/2026\/03\/ce-trebuie-sa-stii-despre-piata-imobiliara-din-iasi.jpg\" \/>\n\t<meta property=\"og:image:width\" content=\"1200\" \/>\n\t<meta property=\"og:image:height\" content=\"600\" \/>\n\t<meta property=\"og:image:type\" content=\"image\/jpeg\" \/>\n<meta name=\"author\" content=\"Corina V\u00e2rlan\" \/>\n<meta name=\"twitter:card\" content=\"summary_large_image\" \/>\n<meta name=\"twitter:label1\" content=\"Written by\" \/>\n\t<meta name=\"twitter:data1\" content=\"Corina V\u00e2rlan\" \/>\n\t<meta name=\"twitter:label2\" content=\"Est. reading time\" \/>\n\t<meta name=\"twitter:data2\" content=\"3 minute\" \/>\n<script type=\"application\/ld+json\" class=\"yoast-schema-graph\">{\"@context\":\"https:\/\/schema.org\",\"@graph\":[{\"@type\":\"Article\",\"@id\":\"https:\/\/www.imobiliare.ro\/imoexpert\/vinzi-cumperi-sau-inchiriezi-o-locuinta-in-iasi-ce-trebuie-sa-stii-despre-piata-locala-pentru-a-lua-cele-mai-bune-decizii_db\/#article\",\"isPartOf\":{\"@id\":\"https:\/\/www.imobiliare.ro\/imoexpert\/vinzi-cumperi-sau-inchiriezi-o-locuinta-in-iasi-ce-trebuie-sa-stii-despre-piata-locala-pentru-a-lua-cele-mai-bune-decizii_db\/\"},\"author\":{\"name\":\"Corina V\u00e2rlan\",\"@id\":\"https:\/\/www.imobiliare.ro\/imoexpert\/#\/schema\/person\/9ffdfbf24b82f39fc75a2fc6c19e4e99\"},\"headline\":\"Vinzi, cumperi sau \u00eenchiriezi o locuin\u021b\u0103 \u00een Ia\u0219i? Ce trebuie s\u0103 \u0219tii despre pia\u021ba local\u0103 pentru a lua cele mai bune decizii\",\"datePublished\":\"2026-03-09T10:04:43+00:00\",\"dateModified\":\"2026-03-09T10:04:46+00:00\",\"mainEntityOfPage\":{\"@id\":\"https:\/\/www.imobiliare.ro\/imoexpert\/vinzi-cumperi-sau-inchiriezi-o-locuinta-in-iasi-ce-trebuie-sa-stii-despre-piata-locala-pentru-a-lua-cele-mai-bune-decizii_db\/\"},\"wordCount\":388,\"commentCount\":0,\"publisher\":{\"@id\":\"https:\/\/www.imobiliare.ro\/imoexpert\/#organization\"},\"image\":{\"@id\":\"https:\/\/www.imobiliare.ro\/imoexpert\/vinzi-cumperi-sau-inchiriezi-o-locuinta-in-iasi-ce-trebuie-sa-stii-despre-piata-locala-pentru-a-lua-cele-mai-bune-decizii_db\/#primaryimage\"},\"thumbnailUrl\":\"https:\/\/www.imobiliare.ro\/imoexpert\/wp-content\/uploads\/2026\/03\/ce-trebuie-sa-stii-despre-piata-imobiliara-din-iasi.jpg\",\"keywords\":[\"apartamente\",\"chirie\",\"Cumparatori\",\"Iasi\",\"marja negociere\",\"perioada vanzare\",\"preturi apartamente\"],\"articleSection\":[\"\u0218tiri\",\"Video\"],\"inLanguage\":\"en\",\"potentialAction\":[{\"@type\":\"CommentAction\",\"name\":\"Comment\",\"target\":[\"https:\/\/www.imobiliare.ro\/imoexpert\/vinzi-cumperi-sau-inchiriezi-o-locuinta-in-iasi-ce-trebuie-sa-stii-despre-piata-locala-pentru-a-lua-cele-mai-bune-decizii_db\/#respond\"]}],\"copyrightYear\":\"2026\",\"copyrightHolder\":{\"@id\":\"https:\/\/www.imobiliare.ro\/imoexpert\/#organization\"}},{\"@type\":\"WebPage\",\"@id\":\"https:\/\/www.imobiliare.ro\/imoexpert\/vinzi-cumperi-sau-inchiriezi-o-locuinta-in-iasi-ce-trebuie-sa-stii-despre-piata-locala-pentru-a-lua-cele-mai-bune-decizii_db\/\",\"url\":\"https:\/\/www.imobiliare.ro\/imoexpert\/vinzi-cumperi-sau-inchiriezi-o-locuinta-in-iasi-ce-trebuie-sa-stii-despre-piata-locala-pentru-a-lua-cele-mai-bune-decizii_db\/\",\"name\":\"Vinzi, cumperi sau \u00eenchiriezi o locuin\u021b\u0103 \u00een Ia\u0219i? Ce trebuie s\u0103 \u0219tii despre pia\u021ba local\u0103 pentru a lua cele mai bune decizii - \u0218tiri, Video - ImoExpert\",\"isPartOf\":{\"@id\":\"https:\/\/www.imobiliare.ro\/imoexpert\/#website\"},\"primaryImageOfPage\":{\"@id\":\"https:\/\/www.imobiliare.ro\/imoexpert\/vinzi-cumperi-sau-inchiriezi-o-locuinta-in-iasi-ce-trebuie-sa-stii-despre-piata-locala-pentru-a-lua-cele-mai-bune-decizii_db\/#primaryimage\"},\"image\":{\"@id\":\"https:\/\/www.imobiliare.ro\/imoexpert\/vinzi-cumperi-sau-inchiriezi-o-locuinta-in-iasi-ce-trebuie-sa-stii-despre-piata-locala-pentru-a-lua-cele-mai-bune-decizii_db\/#primaryimage\"},\"thumbnailUrl\":\"https:\/\/www.imobiliare.ro\/imoexpert\/wp-content\/uploads\/2026\/03\/ce-trebuie-sa-stii-despre-piata-imobiliara-din-iasi.jpg\",\"datePublished\":\"2026-03-09T10:04:43+00:00\",\"dateModified\":\"2026-03-09T10:04:46+00:00\",\"description\":\"Imobiliare.ro \u00ee\u021bi d\u0103 \u00een continuare informa\u021biile care \u00ee\u021bi ofer\u0103 avantajul de care ai nevoie c\u00e2nd porne\u0219ti la drum pe pia\u021ba local\u0103.\",\"breadcrumb\":{\"@id\":\"https:\/\/www.imobiliare.ro\/imoexpert\/vinzi-cumperi-sau-inchiriezi-o-locuinta-in-iasi-ce-trebuie-sa-stii-despre-piata-locala-pentru-a-lua-cele-mai-bune-decizii_db\/#breadcrumb\"},\"inLanguage\":\"en\",\"potentialAction\":[{\"@type\":\"ReadAction\",\"target\":[\"https:\/\/www.imobiliare.ro\/imoexpert\/vinzi-cumperi-sau-inchiriezi-o-locuinta-in-iasi-ce-trebuie-sa-stii-despre-piata-locala-pentru-a-lua-cele-mai-bune-decizii_db\/\"]}]},{\"@type\":\"ImageObject\",\"inLanguage\":\"en\",\"@id\":\"https:\/\/www.imobiliare.ro\/imoexpert\/vinzi-cumperi-sau-inchiriezi-o-locuinta-in-iasi-ce-trebuie-sa-stii-despre-piata-locala-pentru-a-lua-cele-mai-bune-decizii_db\/#primaryimage\",\"url\":\"https:\/\/www.imobiliare.ro\/imoexpert\/wp-content\/uploads\/2026\/03\/ce-trebuie-sa-stii-despre-piata-imobiliara-din-iasi.jpg\",\"contentUrl\":\"https:\/\/www.imobiliare.ro\/imoexpert\/wp-content\/uploads\/2026\/03\/ce-trebuie-sa-stii-despre-piata-imobiliara-din-iasi.jpg\",\"width\":1200,\"height\":600},{\"@type\":\"BreadcrumbList\",\"@id\":\"https:\/\/www.imobiliare.ro\/imoexpert\/vinzi-cumperi-sau-inchiriezi-o-locuinta-in-iasi-ce-trebuie-sa-stii-despre-piata-locala-pentru-a-lua-cele-mai-bune-decizii_db\/#breadcrumb\",\"itemListElement\":[{\"@type\":\"ListItem\",\"position\":1,\"name\":\"Imoradar24\",\"item\":\"https:\/\/www.imoradar24.ro\"},{\"@type\":\"ListItem\",\"position\":2,\"name\":\"ImoExpert\",\"item\":\"https:\/\/www.imobiliare.ro\/imoexpert\/\"},{\"@type\":\"ListItem\",\"position\":3,\"name\":\"\u0218tiri\",\"item\":\"https:\/\/www.imobiliare.ro\/imoexpert\/stiri\/\"},{\"@type\":\"ListItem\",\"position\":4,\"name\":\"Vinzi, cumperi sau \u00eenchiriezi o locuin\u021b\u0103 \u00een Ia\u0219i? Ce trebuie s\u0103 \u0219tii despre pia\u021ba local\u0103 pentru a lua cele mai bune decizii\"}]},{\"@type\":\"WebSite\",\"@id\":\"https:\/\/www.imobiliare.ro\/imoexpert\/#website\",\"url\":\"https:\/\/www.imobiliare.ro\/imoexpert\/\",\"name\":\"ImoExpert\",\"description\":\"cele mai importante \u015ftiri din domeniul imobiliar\",\"publisher\":{\"@id\":\"https:\/\/www.imobiliare.ro\/imoexpert\/#organization\"},\"inLanguage\":\"en\"},{\"@type\":\"Organization\",\"@id\":\"https:\/\/www.imobiliare.ro\/imoexpert\/#organization\",\"name\":\"Imobiliare.ro\",\"alternateName\":\"Realmedia Network SA\",\"url\":\"https:\/\/www.imobiliare.ro\/imoexpert\/\",\"logo\":{\"@type\":\"ImageObject\",\"inLanguage\":\"en\",\"@id\":\"https:\/\/www.imobiliare.ro\/imoexpert\/#\/schema\/logo\/image\/\",\"url\":\"https:\/\/www.imobiliare.ro\/imoexpert\/wp-content\/uploads\/2025\/05\/imobiliare_logo.png\",\"contentUrl\":\"https:\/\/www.imobiliare.ro\/imoexpert\/wp-content\/uploads\/2025\/05\/imobiliare_logo.png\",\"width\":237,\"height\":29,\"caption\":\"Imobiliare.ro\"},\"image\":{\"@id\":\"https:\/\/www.imobiliare.ro\/imoexpert\/#\/schema\/logo\/image\/\"}},{\"@type\":\"Person\",\"@id\":\"https:\/\/www.imobiliare.ro\/imoexpert\/#\/schema\/person\/9ffdfbf24b82f39fc75a2fc6c19e4e99\",\"name\":\"Corina V\u00e2rlan\",\"image\":{\"@type\":\"ImageObject\",\"inLanguage\":\"en\",\"@id\":\"https:\/\/www.imobiliare.ro\/imoexpert\/#\/schema\/person\/image\/\",\"url\":\"https:\/\/www.imobiliare.ro\/imoexpert\/wp-content\/uploads\/2026\/02\/12-02-2025-5-rezumat-brasov-thumb-reels-1-1-96x96.png\",\"contentUrl\":\"https:\/\/www.imobiliare.ro\/imoexpert\/wp-content\/uploads\/2026\/02\/12-02-2025-5-rezumat-brasov-thumb-reels-1-1-96x96.png\",\"caption\":\"Corina V\u00e2rlan\"},\"description\":\"Cu o experien\u021b\u0103 de 14 ani \u00een presa online, comunicare \u0219i content marketing, Corina V\u00e2rlan s-a al\u0103turat echipei Imobiliare.ro \u00een urm\u0103 cu 8 ani \u0219i ocup\u0103, \u00een prezent, func\u021bia de Content Manager. Ea este gazda emisiunii \\\"\u00centreab\u0103 expertul\\\" \u0219i a seriei 5 \u0218tiri Imobiliare.ro, realizate \u00een parteneriat cu Libertatea. Corina \u00ee\u0219i concentreaz\u0103 activitatea pe analiza datelor de pia\u021b\u0103 \u0219i pe subiecte de interes at\u00e2t pentru cei afla\u021bi \u00een c\u0103utarea unei locuin\u021be, c\u00e2t \u0219i pentru proprietari sau chiria\u0219i.\",\"alternateName\":\"Corina\",\"jobTitle\":\"Content Manager\",\"url\":\"https:\/\/www.imobiliare.ro\/imoexpert\/author\/corina-varlan\/\"}]}<\/script>\n<!-- \/ Yoast SEO Premium plugin. -->","yoast_head_json":{"title":"Vinzi, cumperi sau \u00eenchiriezi o locuin\u021b\u0103 \u00een Ia\u0219i? Ce trebuie s\u0103 \u0219tii despre pia\u021ba local\u0103 pentru a lua cele mai bune decizii - \u0218tiri, Video - ImoExpert","description":"Imobiliare.ro \u00ee\u021bi d\u0103 \u00een continuare informa\u021biile care \u00ee\u021bi ofer\u0103 avantajul de care ai nevoie c\u00e2nd porne\u0219ti la drum pe pia\u021ba local\u0103.","robots":{"index":"index","follow":"follow"},"canonical":"https:\/\/www.imobiliare.ro\/imoexpert\/vinzi-cumperi-sau-inchiriezi-o-locuinta-in-iasi-ce-trebuie-sa-stii-despre-piata-locala-pentru-a-lua-cele-mai-bune-decizii_db\/","og_locale":"ro_RO","og_type":"article","og_title":"Vinzi, cumperi sau \u00eenchiriezi o locuin\u021b\u0103 \u00een Ia\u0219i? Ce trebuie s\u0103 \u0219tii despre pia\u021ba local\u0103 pentru a lua cele mai bune decizii","og_description":"Imobiliare.ro \u00ee\u021bi d\u0103 \u00een continuare informa\u021biile care \u00ee\u021bi ofer\u0103 avantajul de care ai nevoie c\u00e2nd porne\u0219ti la drum pe pia\u021ba local\u0103.","og_url":"https:\/\/www.imobiliare.ro\/imoexpert\/vinzi-cumperi-sau-inchiriezi-o-locuinta-in-iasi-ce-trebuie-sa-stii-despre-piata-locala-pentru-a-lua-cele-mai-bune-decizii_db\/","og_site_name":"ImoExpert","article_published_time":"2026-03-09T10:04:43+00:00","article_modified_time":"2026-03-09T10:04:46+00:00","og_image":[{"width":1200,"height":600,"url":"https:\/\/www.imobiliare.ro\/imoexpert\/wp-content\/uploads\/2026\/03\/ce-trebuie-sa-stii-despre-piata-imobiliara-din-iasi.jpg","type":"image\/jpeg"}],"author":"Corina V\u00e2rlan","twitter_card":"summary_large_image","twitter_misc":{"Written by":"Corina V\u00e2rlan","Est. reading time":"3 minute"},"schema":{"@context":"https:\/\/schema.org","@graph":[{"@type":"Article","@id":"https:\/\/www.imobiliare.ro\/imoexpert\/vinzi-cumperi-sau-inchiriezi-o-locuinta-in-iasi-ce-trebuie-sa-stii-despre-piata-locala-pentru-a-lua-cele-mai-bune-decizii_db\/#article","isPartOf":{"@id":"https:\/\/www.imobiliare.ro\/imoexpert\/vinzi-cumperi-sau-inchiriezi-o-locuinta-in-iasi-ce-trebuie-sa-stii-despre-piata-locala-pentru-a-lua-cele-mai-bune-decizii_db\/"},"author":{"name":"Corina V\u00e2rlan","@id":"https:\/\/www.imobiliare.ro\/imoexpert\/#\/schema\/person\/9ffdfbf24b82f39fc75a2fc6c19e4e99"},"headline":"Vinzi, cumperi sau \u00eenchiriezi o locuin\u021b\u0103 \u00een Ia\u0219i? Ce trebuie s\u0103 \u0219tii despre pia\u021ba local\u0103 pentru a lua cele mai bune decizii","datePublished":"2026-03-09T10:04:43+00:00","dateModified":"2026-03-09T10:04:46+00:00","mainEntityOfPage":{"@id":"https:\/\/www.imobiliare.ro\/imoexpert\/vinzi-cumperi-sau-inchiriezi-o-locuinta-in-iasi-ce-trebuie-sa-stii-despre-piata-locala-pentru-a-lua-cele-mai-bune-decizii_db\/"},"wordCount":388,"commentCount":0,"publisher":{"@id":"https:\/\/www.imobiliare.ro\/imoexpert\/#organization"},"image":{"@id":"https:\/\/www.imobiliare.ro\/imoexpert\/vinzi-cumperi-sau-inchiriezi-o-locuinta-in-iasi-ce-trebuie-sa-stii-despre-piata-locala-pentru-a-lua-cele-mai-bune-decizii_db\/#primaryimage"},"thumbnailUrl":"https:\/\/www.imobiliare.ro\/imoexpert\/wp-content\/uploads\/2026\/03\/ce-trebuie-sa-stii-despre-piata-imobiliara-din-iasi.jpg","keywords":["apartamente","chirie","Cumparatori","Iasi","marja negociere","perioada vanzare","preturi apartamente"],"articleSection":["\u0218tiri","Video"],"inLanguage":"en","potentialAction":[{"@type":"CommentAction","name":"Comment","target":["https:\/\/www.imobiliare.ro\/imoexpert\/vinzi-cumperi-sau-inchiriezi-o-locuinta-in-iasi-ce-trebuie-sa-stii-despre-piata-locala-pentru-a-lua-cele-mai-bune-decizii_db\/#respond"]}],"copyrightYear":"2026","copyrightHolder":{"@id":"https:\/\/www.imobiliare.ro\/imoexpert\/#organization"}},{"@type":"WebPage","@id":"https:\/\/www.imobiliare.ro\/imoexpert\/vinzi-cumperi-sau-inchiriezi-o-locuinta-in-iasi-ce-trebuie-sa-stii-despre-piata-locala-pentru-a-lua-cele-mai-bune-decizii_db\/","url":"https:\/\/www.imobiliare.ro\/imoexpert\/vinzi-cumperi-sau-inchiriezi-o-locuinta-in-iasi-ce-trebuie-sa-stii-despre-piata-locala-pentru-a-lua-cele-mai-bune-decizii_db\/","name":"Vinzi, cumperi sau \u00eenchiriezi o locuin\u021b\u0103 \u00een Ia\u0219i? Ce trebuie s\u0103 \u0219tii despre pia\u021ba local\u0103 pentru a lua cele mai bune decizii - \u0218tiri, Video - ImoExpert","isPartOf":{"@id":"https:\/\/www.imobiliare.ro\/imoexpert\/#website"},"primaryImageOfPage":{"@id":"https:\/\/www.imobiliare.ro\/imoexpert\/vinzi-cumperi-sau-inchiriezi-o-locuinta-in-iasi-ce-trebuie-sa-stii-despre-piata-locala-pentru-a-lua-cele-mai-bune-decizii_db\/#primaryimage"},"image":{"@id":"https:\/\/www.imobiliare.ro\/imoexpert\/vinzi-cumperi-sau-inchiriezi-o-locuinta-in-iasi-ce-trebuie-sa-stii-despre-piata-locala-pentru-a-lua-cele-mai-bune-decizii_db\/#primaryimage"},"thumbnailUrl":"https:\/\/www.imobiliare.ro\/imoexpert\/wp-content\/uploads\/2026\/03\/ce-trebuie-sa-stii-despre-piata-imobiliara-din-iasi.jpg","datePublished":"2026-03-09T10:04:43+00:00","dateModified":"2026-03-09T10:04:46+00:00","description":"Imobiliare.ro \u00ee\u021bi d\u0103 \u00een continuare informa\u021biile care \u00ee\u021bi ofer\u0103 avantajul de care ai nevoie c\u00e2nd porne\u0219ti la drum pe pia\u021ba local\u0103.","breadcrumb":{"@id":"https:\/\/www.imobiliare.ro\/imoexpert\/vinzi-cumperi-sau-inchiriezi-o-locuinta-in-iasi-ce-trebuie-sa-stii-despre-piata-locala-pentru-a-lua-cele-mai-bune-decizii_db\/#breadcrumb"},"inLanguage":"en","potentialAction":[{"@type":"ReadAction","target":["https:\/\/www.imobiliare.ro\/imoexpert\/vinzi-cumperi-sau-inchiriezi-o-locuinta-in-iasi-ce-trebuie-sa-stii-despre-piata-locala-pentru-a-lua-cele-mai-bune-decizii_db\/"]}]},{"@type":"ImageObject","inLanguage":"en","@id":"https:\/\/www.imobiliare.ro\/imoexpert\/vinzi-cumperi-sau-inchiriezi-o-locuinta-in-iasi-ce-trebuie-sa-stii-despre-piata-locala-pentru-a-lua-cele-mai-bune-decizii_db\/#primaryimage","url":"https:\/\/www.imobiliare.ro\/imoexpert\/wp-content\/uploads\/2026\/03\/ce-trebuie-sa-stii-despre-piata-imobiliara-din-iasi.jpg","contentUrl":"https:\/\/www.imobiliare.ro\/imoexpert\/wp-content\/uploads\/2026\/03\/ce-trebuie-sa-stii-despre-piata-imobiliara-din-iasi.jpg","width":1200,"height":600},{"@type":"BreadcrumbList","@id":"https:\/\/www.imobiliare.ro\/imoexpert\/vinzi-cumperi-sau-inchiriezi-o-locuinta-in-iasi-ce-trebuie-sa-stii-despre-piata-locala-pentru-a-lua-cele-mai-bune-decizii_db\/#breadcrumb","itemListElement":[{"@type":"ListItem","position":1,"name":"Imoradar24","item":"https:\/\/www.imoradar24.ro"},{"@type":"ListItem","position":2,"name":"ImoExpert","item":"https:\/\/www.imobiliare.ro\/imoexpert\/"},{"@type":"ListItem","position":3,"name":"\u0218tiri","item":"https:\/\/www.imobiliare.ro\/imoexpert\/stiri\/"},{"@type":"ListItem","position":4,"name":"Vinzi, cumperi sau \u00eenchiriezi o locuin\u021b\u0103 \u00een Ia\u0219i? Ce trebuie s\u0103 \u0219tii despre pia\u021ba local\u0103 pentru a lua cele mai bune decizii"}]},{"@type":"WebSite","@id":"https:\/\/www.imobiliare.ro\/imoexpert\/#website","url":"https:\/\/www.imobiliare.ro\/imoexpert\/","name":"ImoExpert","description":"cele mai importante \u015ftiri din domeniul imobiliar","publisher":{"@id":"https:\/\/www.imobiliare.ro\/imoexpert\/#organization"},"inLanguage":"en"},{"@type":"Organization","@id":"https:\/\/www.imobiliare.ro\/imoexpert\/#organization","name":"Imobiliare.ro","alternateName":"Realmedia Network SA","url":"https:\/\/www.imobiliare.ro\/imoexpert\/","logo":{"@type":"ImageObject","inLanguage":"en","@id":"https:\/\/www.imobiliare.ro\/imoexpert\/#\/schema\/logo\/image\/","url":"https:\/\/www.imobiliare.ro\/imoexpert\/wp-content\/uploads\/2025\/05\/imobiliare_logo.png","contentUrl":"https:\/\/www.imobiliare.ro\/imoexpert\/wp-content\/uploads\/2025\/05\/imobiliare_logo.png","width":237,"height":29,"caption":"Imobiliare.ro"},"image":{"@id":"https:\/\/www.imobiliare.ro\/imoexpert\/#\/schema\/logo\/image\/"}},{"@type":"Person","@id":"https:\/\/www.imobiliare.ro\/imoexpert\/#\/schema\/person\/9ffdfbf24b82f39fc75a2fc6c19e4e99","name":"Corina V\u00e2rlan","image":{"@type":"ImageObject","inLanguage":"en","@id":"https:\/\/www.imobiliare.ro\/imoexpert\/#\/schema\/person\/image\/","url":"https:\/\/www.imobiliare.ro\/imoexpert\/wp-content\/uploads\/2026\/02\/12-02-2025-5-rezumat-brasov-thumb-reels-1-1-96x96.png","contentUrl":"https:\/\/www.imobiliare.ro\/imoexpert\/wp-content\/uploads\/2026\/02\/12-02-2025-5-rezumat-brasov-thumb-reels-1-1-96x96.png","caption":"Corina V\u00e2rlan"},"description":"Cu o experien\u021b\u0103 de 14 ani \u00een presa online, comunicare \u0219i content marketing, Corina V\u00e2rlan s-a al\u0103turat echipei Imobiliare.ro \u00een urm\u0103 cu 8 ani \u0219i ocup\u0103, \u00een prezent, func\u021bia de Content Manager. Ea este gazda emisiunii \"\u00centreab\u0103 expertul\" \u0219i a seriei 5 \u0218tiri Imobiliare.ro, realizate \u00een parteneriat cu Libertatea. Corina \u00ee\u0219i concentreaz\u0103 activitatea pe analiza datelor de pia\u021b\u0103 \u0219i pe subiecte de interes at\u00e2t pentru cei afla\u021bi \u00een c\u0103utarea unei locuin\u021be, c\u00e2t \u0219i pentru proprietari sau chiria\u0219i.","alternateName":"Corina","jobTitle":"Content Manager","url":"https:\/\/www.imobiliare.ro\/imoexpert\/author\/corina-varlan\/"}]}},"_links":{"self":[{"href":"https:\/\/www.imobiliare.ro\/imoexpert\/wp-json\/wp\/v2\/posts\/75439","targetHints":{"allow":["GET"]}}],"collection":[{"href":"https:\/\/www.imobiliare.ro\/imoexpert\/wp-json\/wp\/v2\/posts"}],"about":[{"href":"https:\/\/www.imobiliare.ro\/imoexpert\/wp-json\/wp\/v2\/types\/post"}],"author":[{"embeddable":true,"href":"https:\/\/www.imobiliare.ro\/imoexpert\/wp-json\/wp\/v2\/users\/5891"}],"replies":[{"embeddable":true,"href":"https:\/\/www.imobiliare.ro\/imoexpert\/wp-json\/wp\/v2\/comments?post=75439"}],"version-history":[{"count":0,"href":"https:\/\/www.imobiliare.ro\/imoexpert\/wp-json\/wp\/v2\/posts\/75439\/revisions"}],"wp:featuredmedia":[{"embeddable":true,"href":"https:\/\/www.imobiliare.ro\/imoexpert\/wp-json\/wp\/v2\/media\/75441"}],"wp:attachment":[{"href":"https:\/\/www.imobiliare.ro\/imoexpert\/wp-json\/wp\/v2\/media?parent=75439"}],"wp:term":[{"taxonomy":"category","embeddable":true,"href":"https:\/\/www.imobiliare.ro\/imoexpert\/wp-json\/wp\/v2\/categories?post=75439"},{"taxonomy":"post_tag","embeddable":true,"href":"https:\/\/www.imobiliare.ro\/imoexpert\/wp-json\/wp\/v2\/tags?post=75439"},{"taxonomy":"content_author","embeddable":true,"href":"https:\/\/www.imobiliare.ro\/imoexpert\/wp-json\/wp\/v2\/content_author?post=75439"}],"curies":[{"name":"wp","href":"https:\/\/api.w.org\/{rel}","templated":true}]}}