{"id":75444,"date":"2026-03-09T14:03:58","date_gmt":"2026-03-09T12:03:58","guid":{"rendered":"https:\/\/www.imobiliare.ro\/imoexpert\/?p=75444"},"modified":"2026-03-09T14:06:45","modified_gmt":"2026-03-09T12:06:45","slug":"exploreaza-tendintele-care-schimba-gestionarea-cladirilor-comerciale-in-2026-p","status":"publish","type":"post","link":"https:\/\/www.imobiliare.ro\/imoexpert\/exploreaza-tendintele-care-schimba-gestionarea-cladirilor-comerciale-in-2026-p_db\/","title":{"rendered":"Exploreaz\u0103 tendin\u021bele care schimb\u0103 gestionarea cl\u0103dirilor comerciale \u00een 2026! (P)"},"content":{"rendered":"\n<figure class=\"wp-block-image size-full\"><img loading=\"lazy\" decoding=\"async\" width=\"1200\" height=\"600\" src=\"https:\/\/www.imobiliare.ro\/imoexpert\/wp-content\/uploads\/2026\/03\/conferinta-facility-management.jpg\" alt=\"\" class=\"wp-image-75445\" srcset=\"https:\/\/www.imobiliare.ro\/imoexpert\/wp-content\/uploads\/2026\/03\/conferinta-facility-management.jpg 1200w, https:\/\/www.imobiliare.ro\/imoexpert\/wp-content\/uploads\/2026\/03\/conferinta-facility-management-770x385.jpg 770w, https:\/\/www.imobiliare.ro\/imoexpert\/wp-content\/uploads\/2026\/03\/conferinta-facility-management-390x195.jpg 390w\" sizes=\"auto, (max-width: 1200px) 100vw, 1200px\" \/><\/figure>\n\n\n\n<p><strong>Proprietarii \u0219i chiria\u0219ii se confrunt\u0103 cu noi provoc\u0103ri la \u00eenceputul lui 2026, iar practicile de administrare performante, aliniate la reglement\u0103rile actuale \u0219i tehnologiile emergente, devin esen\u021biale. Property &amp; Facility Management Conference, cel mai a\u0219teptat eveniment dedicat speciali\u0219tilor \u00een servicii de administrare \u0219i gestionare a cl\u0103dirilor \u0219i propriet\u0103\u021bilor se \u00eentoarce cu o nou\u0103 edi\u021bie, pe 24 martie, la Hotel JW Marriott din Bucure\u0219ti.<\/strong><\/p>\n\n\n\n<p>Conferin\u021ba reune\u0219te anual liderii din domeniu pentru a oferi bune practici \u00een administrarea eficient\u0103 a propriet\u0103\u021bilor \u0219i adaptarea spa\u021biilor de lucru la cerin\u021bele actuale ale pie\u021bei. Participan\u021bii vor descoperi strategiile folosite de cele mai mari companii, ce pot asigura un avantaj competitiv pe termen lung. Sesiunile de con\u021binut ale conferin\u021bei urm\u0103resc consolidarea \u0219i dezvoltarea planurilor de administrare \u00een 2026 pentru a r\u0103spunde celor mai \u00eenalte standarde de performan\u021b\u0103 \u0219i sustenabilitate.<\/p>\n\n\n\n<figure class=\"wp-block-image size-full\"><img loading=\"lazy\" decoding=\"async\" width=\"1200\" height=\"675\" src=\"https:\/\/www.imobiliare.ro\/imoexpert\/wp-content\/uploads\/2026\/03\/conferinta.jpg\" alt=\"\" class=\"wp-image-75447\" srcset=\"https:\/\/www.imobiliare.ro\/imoexpert\/wp-content\/uploads\/2026\/03\/conferinta.jpg 1200w, https:\/\/www.imobiliare.ro\/imoexpert\/wp-content\/uploads\/2026\/03\/conferinta-770x433.jpg 770w, https:\/\/www.imobiliare.ro\/imoexpert\/wp-content\/uploads\/2026\/03\/conferinta-390x219.jpg 390w\" sizes=\"auto, (max-width: 1200px) 100vw, 1200px\" \/><\/figure>\n\n\n\n<p>Agenda edi\u021biei exploreaz\u0103 modul \u00een care diversificarea pie\u021bei schimb\u0103 gestionarea cl\u0103dirilor comerciale, de la abord\u0103ri opera\u021bionale diferite \u0219i integrarea tehnologiilor avansate, p\u00e2n\u0103 la adaptarea la noile reglement\u0103ri. Pornind de la diferen\u021bele dintre pie\u021be, sectoare \u0219i modele de operare, conferin\u021ba contureaz\u0103 un parcurs de reinventare a industriei. C\u00e2teva dintre subiectele ce vor fi abordate pe 24 martie sunt:<\/p>\n\n\n\n<p><strong>URBAN MIXED-USE HUBS<\/strong><\/p>\n\n\n\n<p>Viitorul este mixed-use, cheia este operarea. Care sunt diferen\u021bele ce reinventeaz\u0103 dezvolt\u0103rile?&nbsp;<\/p>\n\n\n\n<p><strong>DIFFERENT PERFORMANCE<\/strong><\/p>\n\n\n\n<p>De ce unele cl\u0103diri performeaz\u0103 diferit: De la cost center la profit driver, ROI din AI, IoT \u0219i automatizare.&nbsp;<\/p>\n\n\n\n<p><strong>MEDICAL FACILITY MANAGEMENT<\/strong><\/p>\n\n\n\n<p>Facility managementul medical dincolo de operarea clasic\u0103: Ce fac diferit pie\u021bele FM de top.&nbsp;<\/p>\n\n\n\n<p><strong>CHANGING LEGISLATION<\/strong><\/p>\n\n\n\n<p>C\u00e2nd regulile se schimb\u0103, rezultatele sunt diferite. Impactul noilor schimb\u0103ri legislative asupra dezvolt\u0103rii \u0219i oper\u0103rii.&nbsp;<\/p>\n\n\n\n<p><strong>NEW RESIDENTIAL ERA<\/strong><\/p>\n\n\n\n<p>Reziden\u021bial comercial: o abordare nou\u0103, dincolo de dezvoltarea clasic\u0103. De ce operarea nu mai seam\u0103n\u0103 cu trecutul?&nbsp;<\/p>\n\n\n\n<p><strong>FACILITY SECURITY<\/strong><\/p>\n\n\n\n<p>Abord\u0103ri diferite pentru riscuri diferite. Cum legisla\u021bia \u0219i tehnologiile avansate schimb\u0103 securitatea facilit\u0103\u021bilor.<\/p>\n\n\n\n<p>Printre primii vorbitori confirma\u021bi ai edi\u021biei din 2026 se num\u0103r\u0103:<\/p>\n\n\n\n<ul class=\"wp-block-list\">\n<li><strong>Didier Balcaen<\/strong> (CEO &amp; Co-Founder, Speedwell Development)<\/li>\n\n\n\n<li><strong>R\u0103zvan Iorgu<\/strong> (Managing Director, CBRE Rom\u00e2nia)<\/li>\n\n\n\n<li><strong>Sebastian Mahu<\/strong> (Head of Asset Management, Iulius)<\/li>\n\n\n\n<li><strong>Mihaela Petruescu<\/strong> (Country Director for Property Services Romania &amp; Poland, Nhood)<\/li>\n\n\n\n<li><strong>Mihai P\u0103duroiu<\/strong> (CEO Office Division, One United Properties)<\/li>\n\n\n\n<li><strong>Maria Jianu<\/strong> (Leasing Director, Speedwell)<\/li>\n\n\n\n<li><strong>Valeriu Toma<\/strong> (Head of Property Management, CBRE Rom\u00e2nia)<\/li>\n\n\n\n<li><strong>Cora Cristescu<\/strong> (CEO, Atalian Rom\u00e2nia &amp; Bulgaria)<\/li>\n\n\n\n<li><strong>Drago\u0219 Victor \u0218tef\u0103nescu<\/strong> (Fondator &amp; Director General, DVST Management)<\/li>\n\n\n\n<li><strong>Anamaria Cre\u021bu<\/strong> (Leasing &amp; Asset Director, EVO Properties)<\/li>\n\n\n\n<li><strong>Gabriel Tomescu<\/strong> (CEO, BMF Grup)<\/li>\n\n\n\n<li><strong>Alin Andreescu<\/strong> (Head of Asset Management, One United Properties)<\/li>\n\n\n\n<li><strong>Maria-Raluca Mihai<\/strong> (Director Property Management, Cushman &amp; Wakefield Echinox)<\/li>\n\n\n\n<li><strong>Georgiana Tudor<\/strong> (Managing Director, K\u00e4rcher Rom\u00e2nia)<\/li>\n\n\n\n<li><strong>Lucian Anghel<\/strong> (CEO, Energypal)<\/li>\n\n\n\n<li><strong>Alexandru Pascu<\/strong> (Global IFM Director, Atalian)<\/li>\n\n\n\n<li><strong>Lucian B\u0103la\u0219a<\/strong> (Technical Manager, Nhood Romania)<\/li>\n\n\n\n<li><strong>Tudor Ilie<\/strong> (Technical Asset Manager, Europolis Office Division &#8211; Paval Holding)<\/li>\n\n\n\n<li><strong>Roxana D\u0103ian<\/strong> (Cluster Lead Facility Management, Bosch Rom\u00e2nia &amp; Bulgaria)<\/li>\n\n\n\n<li><strong>Mariana Gar\u0219tea<\/strong> (Director General, Sixense Rom\u00e2nia)<\/li>\n\n\n\n<li><strong>Andrei D\u0103sc\u0103lescu<\/strong> (Sales Manager, Deligroup Professional Services)<\/li>\n<\/ul>\n\n\n\n<p>Pentru a fi la curent cu nout\u0103\u021bile privind agenda \u0219i vorbitorii edi\u021biei, v\u0103 invit\u0103m s\u0103 urm\u0103ri\u021bi&nbsp;paginile oficiale de <a class=\"article-body-links\"href=\"https:\/\/www.facebook.com\/PropertyFacilityManagementConference\/\">Facebook<\/a> \u0219i <a class=\"article-body-links\"href=\"https:\/\/www.linkedin.com\/company\/facility-property-management-conference\">LinkedIn<\/a>. Mai multe detalii privind participarea sunt disponibile pe site-ul <a class=\"article-body-links\"href=\"https:\/\/propertyconference.ro\/\" target=\"_blank\" rel=\"noreferrer noopener sponsored nofollow\">www.propertyconference.ro<\/a>.<\/p>\n\n\n\n<p><strong>Property &amp; Facility Management Conference 2026<\/strong> este un eveniment organizat de <strong>Evensys <\/strong>\u00een parteneriat cu: <strong>K\u00e4rcher Rom\u00e2nia<\/strong>, <strong>CBRE Rom\u00e2nia<\/strong>, <strong>CPI Property Group<\/strong>, <strong>IULIUS<\/strong>, <strong>Nhood<\/strong>, <strong>Atalian Rom\u00e2nia<\/strong>, <strong>Cushman &amp; Wakefield Echinox<\/strong>, <strong>BMF Grup<\/strong>, <strong>PPC Blue<\/strong>, <strong>BSS<\/strong>, <strong>Makita<\/strong>, <strong>Tchibo Coffee Service<\/strong>, <strong>MP Lifts. Imobiliare.ro este partener media al evenimentului.<\/strong><\/p>\n","protected":false},"excerpt":{"rendered":"<p>Property &#038; Facility Management Conference, cel mai a\u0219teptat eveniment dedicat speciali\u0219tilor \u00een servicii de administrare \u0219i gestionare a cl\u0103dirilor \u0219i propriet\u0103\u021bilor se \u00eentoarce cu o nou\u0103 edi\u021bie. Imobiliare.ro este partener media pentru eveniment.<\/p>\n","protected":false},"author":821,"featured_media":75445,"comment_status":"open","ping_status":"open","sticky":false,"template":"","format":"standard","meta":{"footnotes":""},"categories":[2490],"tags":[2498,655,350],"content_author":[],"class_list":["post-75444","post","type-post","status-publish","format-standard","has-post-thumbnail","hentry","category-profesionisti","tag-facility-management","tag-proprietate","tag-rezidential"],"yoast_head":"<!-- This site is optimized with the Yoast SEO Premium plugin v27.0 (Yoast SEO v27.0) - https:\/\/yoast.com\/product\/yoast-seo-premium-wordpress\/ -->\n<title>Exploreaz\u0103 tendin\u021bele care schimb\u0103 gestionarea cl\u0103dirilor comerciale \u00een 2026! (P) - Profesioni\u0219ti - ImoExpert<\/title>\n<meta name=\"description\" content=\"Property &amp; Facility Management Conference, cel mai a\u0219teptat eveniment dedicat speciali\u0219tilor \u00een servicii de administrare \u0219i gestionare a cl\u0103dirilor \u0219i propriet\u0103\u021bilor se \u00eentoarce cu o nou\u0103 edi\u021bie. Imobiliare.ro este partener media pentru eveniment.\" \/>\n<meta name=\"robots\" content=\"index, follow\" \/>\n<link rel=\"canonical\" href=\"https:\/\/www.imobiliare.ro\/imoexpert\/exploreaza-tendintele-care-schimba-gestionarea-cladirilor-comerciale-in-2026-p_db\/\" \/>\n<meta property=\"og:locale\" content=\"ro_RO\" \/>\n<meta property=\"og:type\" content=\"article\" \/>\n<meta property=\"og:title\" content=\"Exploreaz\u0103 tendin\u021bele care schimb\u0103 gestionarea cl\u0103dirilor comerciale \u00een 2026! (P)\" \/>\n<meta property=\"og:description\" content=\"Property &amp; Facility Management Conference, cel mai a\u0219teptat eveniment dedicat speciali\u0219tilor \u00een servicii de administrare \u0219i gestionare a cl\u0103dirilor \u0219i propriet\u0103\u021bilor se \u00eentoarce cu o nou\u0103 edi\u021bie. Imobiliare.ro este partener media pentru eveniment.\" \/>\n<meta property=\"og:url\" content=\"https:\/\/www.imobiliare.ro\/imoexpert\/exploreaza-tendintele-care-schimba-gestionarea-cladirilor-comerciale-in-2026-p_db\/\" \/>\n<meta property=\"og:site_name\" content=\"ImoExpert\" \/>\n<meta property=\"article:published_time\" content=\"2026-03-09T12:03:58+00:00\" \/>\n<meta property=\"article:modified_time\" content=\"2026-03-09T12:06:45+00:00\" \/>\n<meta property=\"og:image\" content=\"https:\/\/www.imobiliare.ro\/imoexpert\/wp-content\/uploads\/2026\/03\/conferinta-facility-management.jpg\" \/>\n\t<meta property=\"og:image:width\" content=\"1200\" \/>\n\t<meta property=\"og:image:height\" content=\"600\" \/>\n\t<meta property=\"og:image:type\" content=\"image\/jpeg\" \/>\n<meta name=\"author\" content=\"Imo Expert\" \/>\n<meta name=\"twitter:card\" content=\"summary_large_image\" \/>\n<meta name=\"twitter:label1\" content=\"Written by\" \/>\n\t<meta name=\"twitter:data1\" content=\"Imo Expert\" \/>\n\t<meta name=\"twitter:label2\" content=\"Est. reading time\" \/>\n\t<meta name=\"twitter:data2\" content=\"4 minute\" \/>\n<script type=\"application\/ld+json\" class=\"yoast-schema-graph\">{\"@context\":\"https:\/\/schema.org\",\"@graph\":[{\"@type\":\"Article\",\"@id\":\"https:\/\/www.imobiliare.ro\/imoexpert\/exploreaza-tendintele-care-schimba-gestionarea-cladirilor-comerciale-in-2026-p_db\/#article\",\"isPartOf\":{\"@id\":\"https:\/\/www.imobiliare.ro\/imoexpert\/exploreaza-tendintele-care-schimba-gestionarea-cladirilor-comerciale-in-2026-p_db\/\"},\"author\":{\"name\":\"Imo Expert\",\"@id\":\"https:\/\/www.imobiliare.ro\/imoexpert\/#\/schema\/person\/24d0abafdca42af79d5ca29e19bc0062\"},\"headline\":\"Exploreaz\u0103 tendin\u021bele care schimb\u0103 gestionarea cl\u0103dirilor comerciale \u00een 2026! (P)\",\"datePublished\":\"2026-03-09T12:03:58+00:00\",\"dateModified\":\"2026-03-09T12:06:45+00:00\",\"mainEntityOfPage\":{\"@id\":\"https:\/\/www.imobiliare.ro\/imoexpert\/exploreaza-tendintele-care-schimba-gestionarea-cladirilor-comerciale-in-2026-p_db\/\"},\"wordCount\":626,\"commentCount\":0,\"publisher\":{\"@id\":\"https:\/\/www.imobiliare.ro\/imoexpert\/#organization\"},\"image\":{\"@id\":\"https:\/\/www.imobiliare.ro\/imoexpert\/exploreaza-tendintele-care-schimba-gestionarea-cladirilor-comerciale-in-2026-p_db\/#primaryimage\"},\"thumbnailUrl\":\"https:\/\/www.imobiliare.ro\/imoexpert\/wp-content\/uploads\/2026\/03\/conferinta-facility-management.jpg\",\"keywords\":[\"facility management\",\"proprietate\",\"rezidential\"],\"articleSection\":[\"Profesioni\u0219ti\"],\"inLanguage\":\"en\",\"potentialAction\":[{\"@type\":\"CommentAction\",\"name\":\"Comment\",\"target\":[\"https:\/\/www.imobiliare.ro\/imoexpert\/exploreaza-tendintele-care-schimba-gestionarea-cladirilor-comerciale-in-2026-p_db\/#respond\"]}],\"copyrightYear\":\"2026\",\"copyrightHolder\":{\"@id\":\"https:\/\/www.imobiliare.ro\/imoexpert\/#organization\"}},{\"@type\":\"WebPage\",\"@id\":\"https:\/\/www.imobiliare.ro\/imoexpert\/exploreaza-tendintele-care-schimba-gestionarea-cladirilor-comerciale-in-2026-p_db\/\",\"url\":\"https:\/\/www.imobiliare.ro\/imoexpert\/exploreaza-tendintele-care-schimba-gestionarea-cladirilor-comerciale-in-2026-p_db\/\",\"name\":\"Exploreaz\u0103 tendin\u021bele care schimb\u0103 gestionarea cl\u0103dirilor comerciale \u00een 2026! (P) - Profesioni\u0219ti - ImoExpert\",\"isPartOf\":{\"@id\":\"https:\/\/www.imobiliare.ro\/imoexpert\/#website\"},\"primaryImageOfPage\":{\"@id\":\"https:\/\/www.imobiliare.ro\/imoexpert\/exploreaza-tendintele-care-schimba-gestionarea-cladirilor-comerciale-in-2026-p_db\/#primaryimage\"},\"image\":{\"@id\":\"https:\/\/www.imobiliare.ro\/imoexpert\/exploreaza-tendintele-care-schimba-gestionarea-cladirilor-comerciale-in-2026-p_db\/#primaryimage\"},\"thumbnailUrl\":\"https:\/\/www.imobiliare.ro\/imoexpert\/wp-content\/uploads\/2026\/03\/conferinta-facility-management.jpg\",\"datePublished\":\"2026-03-09T12:03:58+00:00\",\"dateModified\":\"2026-03-09T12:06:45+00:00\",\"description\":\"Property & Facility Management Conference, cel mai a\u0219teptat eveniment dedicat speciali\u0219tilor \u00een servicii de administrare \u0219i gestionare a cl\u0103dirilor \u0219i propriet\u0103\u021bilor se \u00eentoarce cu o nou\u0103 edi\u021bie. Imobiliare.ro este partener media pentru eveniment.\",\"breadcrumb\":{\"@id\":\"https:\/\/www.imobiliare.ro\/imoexpert\/exploreaza-tendintele-care-schimba-gestionarea-cladirilor-comerciale-in-2026-p_db\/#breadcrumb\"},\"inLanguage\":\"en\",\"potentialAction\":[{\"@type\":\"ReadAction\",\"target\":[\"https:\/\/www.imobiliare.ro\/imoexpert\/exploreaza-tendintele-care-schimba-gestionarea-cladirilor-comerciale-in-2026-p_db\/\"]}]},{\"@type\":\"ImageObject\",\"inLanguage\":\"en\",\"@id\":\"https:\/\/www.imobiliare.ro\/imoexpert\/exploreaza-tendintele-care-schimba-gestionarea-cladirilor-comerciale-in-2026-p_db\/#primaryimage\",\"url\":\"https:\/\/www.imobiliare.ro\/imoexpert\/wp-content\/uploads\/2026\/03\/conferinta-facility-management.jpg\",\"contentUrl\":\"https:\/\/www.imobiliare.ro\/imoexpert\/wp-content\/uploads\/2026\/03\/conferinta-facility-management.jpg\",\"width\":1200,\"height\":600},{\"@type\":\"BreadcrumbList\",\"@id\":\"https:\/\/www.imobiliare.ro\/imoexpert\/exploreaza-tendintele-care-schimba-gestionarea-cladirilor-comerciale-in-2026-p_db\/#breadcrumb\",\"itemListElement\":[{\"@type\":\"ListItem\",\"position\":1,\"name\":\"Imoradar24\",\"item\":\"https:\/\/www.imoradar24.ro\"},{\"@type\":\"ListItem\",\"position\":2,\"name\":\"ImoExpert\",\"item\":\"https:\/\/www.imobiliare.ro\/imoexpert\/\"},{\"@type\":\"ListItem\",\"position\":3,\"name\":\"Profesioni\u0219ti\",\"item\":\"https:\/\/www.imobiliare.ro\/imoexpert\/profesionisti\/\"},{\"@type\":\"ListItem\",\"position\":4,\"name\":\"Exploreaz\u0103 tendin\u021bele care schimb\u0103 gestionarea cl\u0103dirilor comerciale \u00een 2026! (P)\"}]},{\"@type\":\"WebSite\",\"@id\":\"https:\/\/www.imobiliare.ro\/imoexpert\/#website\",\"url\":\"https:\/\/www.imobiliare.ro\/imoexpert\/\",\"name\":\"ImoExpert\",\"description\":\"cele mai importante \u015ftiri din domeniul imobiliar\",\"publisher\":{\"@id\":\"https:\/\/www.imobiliare.ro\/imoexpert\/#organization\"},\"inLanguage\":\"en\"},{\"@type\":\"Organization\",\"@id\":\"https:\/\/www.imobiliare.ro\/imoexpert\/#organization\",\"name\":\"Imobiliare.ro\",\"alternateName\":\"Realmedia Network SA\",\"url\":\"https:\/\/www.imobiliare.ro\/imoexpert\/\",\"logo\":{\"@type\":\"ImageObject\",\"inLanguage\":\"en\",\"@id\":\"https:\/\/www.imobiliare.ro\/imoexpert\/#\/schema\/logo\/image\/\",\"url\":\"https:\/\/www.imobiliare.ro\/imoexpert\/wp-content\/uploads\/2025\/05\/imobiliare_logo.png\",\"contentUrl\":\"https:\/\/www.imobiliare.ro\/imoexpert\/wp-content\/uploads\/2025\/05\/imobiliare_logo.png\",\"width\":237,\"height\":29,\"caption\":\"Imobiliare.ro\"},\"image\":{\"@id\":\"https:\/\/www.imobiliare.ro\/imoexpert\/#\/schema\/logo\/image\/\"}},{\"@type\":\"Person\",\"@id\":\"https:\/\/www.imobiliare.ro\/imoexpert\/#\/schema\/person\/24d0abafdca42af79d5ca29e19bc0062\",\"name\":\"Imo Expert\",\"image\":{\"@type\":\"ImageObject\",\"inLanguage\":\"en\",\"@id\":\"https:\/\/www.imobiliare.ro\/imoexpert\/#\/schema\/person\/image\/\",\"url\":\"https:\/\/www.imobiliare.ro\/imoexpert\/wp-content\/uploads\/2023\/11\/cropped-logo-96x96.jpg\",\"contentUrl\":\"https:\/\/www.imobiliare.ro\/imoexpert\/wp-content\/uploads\/2023\/11\/cropped-logo-96x96.jpg\",\"caption\":\"Imo Expert\"},\"description\":\"Imobiliare.ro\u00a0este site-ul de imobiliare din Rom\u00e2nia cu cea mai mare \u00eencredere \u00een r\u00e2ndul utilizatorilor. Imobiliare.ro promite celor care \u00ee\u0219i caut\u0103 o locuin\u021b\u0103, cump\u0103r\u0103tori \u0219i chiria\u0219i, cea mai bun\u0103 experien\u021b\u0103 de c\u0103utare \u0219i \u00eei ajut\u0103 s\u0103 ia cea mai bun\u0103 decizie pentru a g\u0103si casa ideal\u0103. Totodat\u0103, Imobiliare.ro este principalul furnizor de date \u0219i statistici imobiliare pentru presa din Rom\u00e2nia, comunic\u00e2nd cu regularitate analize, rapoarte \u0219i indici despre evolu\u021bia pie\u021bei imobiliare.\",\"sameAs\":[\"https:\/\/www.imobiliare.ro\"],\"alternateName\":\"ImoExpert\",\"jobTitle\":\"Echipa editorial\u0103\",\"url\":\"https:\/\/www.imobiliare.ro\/imoexpert\/author\/imo-expert\/\"}]}<\/script>\n<!-- \/ Yoast SEO Premium plugin. -->","yoast_head_json":{"title":"Exploreaz\u0103 tendin\u021bele care schimb\u0103 gestionarea cl\u0103dirilor comerciale \u00een 2026! (P) - Profesioni\u0219ti - ImoExpert","description":"Property & Facility Management Conference, cel mai a\u0219teptat eveniment dedicat speciali\u0219tilor \u00een servicii de administrare \u0219i gestionare a cl\u0103dirilor \u0219i propriet\u0103\u021bilor se \u00eentoarce cu o nou\u0103 edi\u021bie. Imobiliare.ro este partener media pentru eveniment.","robots":{"index":"index","follow":"follow"},"canonical":"https:\/\/www.imobiliare.ro\/imoexpert\/exploreaza-tendintele-care-schimba-gestionarea-cladirilor-comerciale-in-2026-p_db\/","og_locale":"ro_RO","og_type":"article","og_title":"Exploreaz\u0103 tendin\u021bele care schimb\u0103 gestionarea cl\u0103dirilor comerciale \u00een 2026! (P)","og_description":"Property & Facility Management Conference, cel mai a\u0219teptat eveniment dedicat speciali\u0219tilor \u00een servicii de administrare \u0219i gestionare a cl\u0103dirilor \u0219i propriet\u0103\u021bilor se \u00eentoarce cu o nou\u0103 edi\u021bie. Imobiliare.ro este partener media pentru eveniment.","og_url":"https:\/\/www.imobiliare.ro\/imoexpert\/exploreaza-tendintele-care-schimba-gestionarea-cladirilor-comerciale-in-2026-p_db\/","og_site_name":"ImoExpert","article_published_time":"2026-03-09T12:03:58+00:00","article_modified_time":"2026-03-09T12:06:45+00:00","og_image":[{"width":1200,"height":600,"url":"https:\/\/www.imobiliare.ro\/imoexpert\/wp-content\/uploads\/2026\/03\/conferinta-facility-management.jpg","type":"image\/jpeg"}],"author":"Imo Expert","twitter_card":"summary_large_image","twitter_misc":{"Written by":"Imo Expert","Est. reading time":"4 minute"},"schema":{"@context":"https:\/\/schema.org","@graph":[{"@type":"Article","@id":"https:\/\/www.imobiliare.ro\/imoexpert\/exploreaza-tendintele-care-schimba-gestionarea-cladirilor-comerciale-in-2026-p_db\/#article","isPartOf":{"@id":"https:\/\/www.imobiliare.ro\/imoexpert\/exploreaza-tendintele-care-schimba-gestionarea-cladirilor-comerciale-in-2026-p_db\/"},"author":{"name":"Imo Expert","@id":"https:\/\/www.imobiliare.ro\/imoexpert\/#\/schema\/person\/24d0abafdca42af79d5ca29e19bc0062"},"headline":"Exploreaz\u0103 tendin\u021bele care schimb\u0103 gestionarea cl\u0103dirilor comerciale \u00een 2026! (P)","datePublished":"2026-03-09T12:03:58+00:00","dateModified":"2026-03-09T12:06:45+00:00","mainEntityOfPage":{"@id":"https:\/\/www.imobiliare.ro\/imoexpert\/exploreaza-tendintele-care-schimba-gestionarea-cladirilor-comerciale-in-2026-p_db\/"},"wordCount":626,"commentCount":0,"publisher":{"@id":"https:\/\/www.imobiliare.ro\/imoexpert\/#organization"},"image":{"@id":"https:\/\/www.imobiliare.ro\/imoexpert\/exploreaza-tendintele-care-schimba-gestionarea-cladirilor-comerciale-in-2026-p_db\/#primaryimage"},"thumbnailUrl":"https:\/\/www.imobiliare.ro\/imoexpert\/wp-content\/uploads\/2026\/03\/conferinta-facility-management.jpg","keywords":["facility management","proprietate","rezidential"],"articleSection":["Profesioni\u0219ti"],"inLanguage":"en","potentialAction":[{"@type":"CommentAction","name":"Comment","target":["https:\/\/www.imobiliare.ro\/imoexpert\/exploreaza-tendintele-care-schimba-gestionarea-cladirilor-comerciale-in-2026-p_db\/#respond"]}],"copyrightYear":"2026","copyrightHolder":{"@id":"https:\/\/www.imobiliare.ro\/imoexpert\/#organization"}},{"@type":"WebPage","@id":"https:\/\/www.imobiliare.ro\/imoexpert\/exploreaza-tendintele-care-schimba-gestionarea-cladirilor-comerciale-in-2026-p_db\/","url":"https:\/\/www.imobiliare.ro\/imoexpert\/exploreaza-tendintele-care-schimba-gestionarea-cladirilor-comerciale-in-2026-p_db\/","name":"Exploreaz\u0103 tendin\u021bele care schimb\u0103 gestionarea cl\u0103dirilor comerciale \u00een 2026! (P) - Profesioni\u0219ti - ImoExpert","isPartOf":{"@id":"https:\/\/www.imobiliare.ro\/imoexpert\/#website"},"primaryImageOfPage":{"@id":"https:\/\/www.imobiliare.ro\/imoexpert\/exploreaza-tendintele-care-schimba-gestionarea-cladirilor-comerciale-in-2026-p_db\/#primaryimage"},"image":{"@id":"https:\/\/www.imobiliare.ro\/imoexpert\/exploreaza-tendintele-care-schimba-gestionarea-cladirilor-comerciale-in-2026-p_db\/#primaryimage"},"thumbnailUrl":"https:\/\/www.imobiliare.ro\/imoexpert\/wp-content\/uploads\/2026\/03\/conferinta-facility-management.jpg","datePublished":"2026-03-09T12:03:58+00:00","dateModified":"2026-03-09T12:06:45+00:00","description":"Property & Facility Management Conference, cel mai a\u0219teptat eveniment dedicat speciali\u0219tilor \u00een servicii de administrare \u0219i gestionare a cl\u0103dirilor \u0219i propriet\u0103\u021bilor se \u00eentoarce cu o nou\u0103 edi\u021bie. Imobiliare.ro este partener media pentru eveniment.","breadcrumb":{"@id":"https:\/\/www.imobiliare.ro\/imoexpert\/exploreaza-tendintele-care-schimba-gestionarea-cladirilor-comerciale-in-2026-p_db\/#breadcrumb"},"inLanguage":"en","potentialAction":[{"@type":"ReadAction","target":["https:\/\/www.imobiliare.ro\/imoexpert\/exploreaza-tendintele-care-schimba-gestionarea-cladirilor-comerciale-in-2026-p_db\/"]}]},{"@type":"ImageObject","inLanguage":"en","@id":"https:\/\/www.imobiliare.ro\/imoexpert\/exploreaza-tendintele-care-schimba-gestionarea-cladirilor-comerciale-in-2026-p_db\/#primaryimage","url":"https:\/\/www.imobiliare.ro\/imoexpert\/wp-content\/uploads\/2026\/03\/conferinta-facility-management.jpg","contentUrl":"https:\/\/www.imobiliare.ro\/imoexpert\/wp-content\/uploads\/2026\/03\/conferinta-facility-management.jpg","width":1200,"height":600},{"@type":"BreadcrumbList","@id":"https:\/\/www.imobiliare.ro\/imoexpert\/exploreaza-tendintele-care-schimba-gestionarea-cladirilor-comerciale-in-2026-p_db\/#breadcrumb","itemListElement":[{"@type":"ListItem","position":1,"name":"Imoradar24","item":"https:\/\/www.imoradar24.ro"},{"@type":"ListItem","position":2,"name":"ImoExpert","item":"https:\/\/www.imobiliare.ro\/imoexpert\/"},{"@type":"ListItem","position":3,"name":"Profesioni\u0219ti","item":"https:\/\/www.imobiliare.ro\/imoexpert\/profesionisti\/"},{"@type":"ListItem","position":4,"name":"Exploreaz\u0103 tendin\u021bele care schimb\u0103 gestionarea cl\u0103dirilor comerciale \u00een 2026! (P)"}]},{"@type":"WebSite","@id":"https:\/\/www.imobiliare.ro\/imoexpert\/#website","url":"https:\/\/www.imobiliare.ro\/imoexpert\/","name":"ImoExpert","description":"cele mai importante \u015ftiri din domeniul imobiliar","publisher":{"@id":"https:\/\/www.imobiliare.ro\/imoexpert\/#organization"},"inLanguage":"en"},{"@type":"Organization","@id":"https:\/\/www.imobiliare.ro\/imoexpert\/#organization","name":"Imobiliare.ro","alternateName":"Realmedia Network SA","url":"https:\/\/www.imobiliare.ro\/imoexpert\/","logo":{"@type":"ImageObject","inLanguage":"en","@id":"https:\/\/www.imobiliare.ro\/imoexpert\/#\/schema\/logo\/image\/","url":"https:\/\/www.imobiliare.ro\/imoexpert\/wp-content\/uploads\/2025\/05\/imobiliare_logo.png","contentUrl":"https:\/\/www.imobiliare.ro\/imoexpert\/wp-content\/uploads\/2025\/05\/imobiliare_logo.png","width":237,"height":29,"caption":"Imobiliare.ro"},"image":{"@id":"https:\/\/www.imobiliare.ro\/imoexpert\/#\/schema\/logo\/image\/"}},{"@type":"Person","@id":"https:\/\/www.imobiliare.ro\/imoexpert\/#\/schema\/person\/24d0abafdca42af79d5ca29e19bc0062","name":"Imo Expert","image":{"@type":"ImageObject","inLanguage":"en","@id":"https:\/\/www.imobiliare.ro\/imoexpert\/#\/schema\/person\/image\/","url":"https:\/\/www.imobiliare.ro\/imoexpert\/wp-content\/uploads\/2023\/11\/cropped-logo-96x96.jpg","contentUrl":"https:\/\/www.imobiliare.ro\/imoexpert\/wp-content\/uploads\/2023\/11\/cropped-logo-96x96.jpg","caption":"Imo Expert"},"description":"Imobiliare.ro\u00a0este site-ul de imobiliare din Rom\u00e2nia cu cea mai mare \u00eencredere \u00een r\u00e2ndul utilizatorilor. Imobiliare.ro promite celor care \u00ee\u0219i caut\u0103 o locuin\u021b\u0103, cump\u0103r\u0103tori \u0219i chiria\u0219i, cea mai bun\u0103 experien\u021b\u0103 de c\u0103utare \u0219i \u00eei ajut\u0103 s\u0103 ia cea mai bun\u0103 decizie pentru a g\u0103si casa ideal\u0103. Totodat\u0103, Imobiliare.ro este principalul furnizor de date \u0219i statistici imobiliare pentru presa din Rom\u00e2nia, comunic\u00e2nd cu regularitate analize, rapoarte \u0219i indici despre evolu\u021bia pie\u021bei imobiliare.","sameAs":["https:\/\/www.imobiliare.ro"],"alternateName":"ImoExpert","jobTitle":"Echipa editorial\u0103","url":"https:\/\/www.imobiliare.ro\/imoexpert\/author\/imo-expert\/"}]}},"_links":{"self":[{"href":"https:\/\/www.imobiliare.ro\/imoexpert\/wp-json\/wp\/v2\/posts\/75444","targetHints":{"allow":["GET"]}}],"collection":[{"href":"https:\/\/www.imobiliare.ro\/imoexpert\/wp-json\/wp\/v2\/posts"}],"about":[{"href":"https:\/\/www.imobiliare.ro\/imoexpert\/wp-json\/wp\/v2\/types\/post"}],"author":[{"embeddable":true,"href":"https:\/\/www.imobiliare.ro\/imoexpert\/wp-json\/wp\/v2\/users\/821"}],"replies":[{"embeddable":true,"href":"https:\/\/www.imobiliare.ro\/imoexpert\/wp-json\/wp\/v2\/comments?post=75444"}],"version-history":[{"count":0,"href":"https:\/\/www.imobiliare.ro\/imoexpert\/wp-json\/wp\/v2\/posts\/75444\/revisions"}],"wp:featuredmedia":[{"embeddable":true,"href":"https:\/\/www.imobiliare.ro\/imoexpert\/wp-json\/wp\/v2\/media\/75445"}],"wp:attachment":[{"href":"https:\/\/www.imobiliare.ro\/imoexpert\/wp-json\/wp\/v2\/media?parent=75444"}],"wp:term":[{"taxonomy":"category","embeddable":true,"href":"https:\/\/www.imobiliare.ro\/imoexpert\/wp-json\/wp\/v2\/categories?post=75444"},{"taxonomy":"post_tag","embeddable":true,"href":"https:\/\/www.imobiliare.ro\/imoexpert\/wp-json\/wp\/v2\/tags?post=75444"},{"taxonomy":"content_author","embeddable":true,"href":"https:\/\/www.imobiliare.ro\/imoexpert\/wp-json\/wp\/v2\/content_author?post=75444"}],"curies":[{"name":"wp","href":"https:\/\/api.w.org\/{rel}","templated":true}]}}