{"id":75448,"date":"2026-03-09T16:38:43","date_gmt":"2026-03-09T14:38:43","guid":{"rendered":"https:\/\/www.imobiliare.ro\/imoexpert\/?p=75448"},"modified":"2026-03-09T16:39:19","modified_gmt":"2026-03-09T14:39:19","slug":"75-dintre-apartamente-vandute-in-4-luni-proiectul-va-fi-livrat-pana-la-mijlocul-anului-2027","status":"publish","type":"post","link":"https:\/\/www.imobiliare.ro\/imoexpert\/75-dintre-apartamente-vandute-in-4-luni-proiectul-va-fi-livrat-pana-la-mijlocul-anului-2027_db\/","title":{"rendered":"75% din apartamente, v\u00e2ndute \u00een 4 luni. Proiectul va fi livrat p\u00e2n\u0103 la mijlocul anului 2027"},"content":{"rendered":"\n<p><strong>Dup\u0103 patru luni de la lansarea v\u00e2nz\u0103rilor, 75% dintre cele 184 de locuin\u021be disponibile \u00een faza I a proiectului reziden\u021bial Horizon City au fost v\u00e2ndute. \u00cen acest context, au fost lansate v\u00e2nz\u0103rile pentru faza a II-a.<\/strong><\/p>\n\n\n\n<p><a class=\"article-body-links\"href=\"https:\/\/www.imobiliare.ro\/ansamblu-rezidential\/horizon-city-pipera\" target=\"_blank\" rel=\"noreferrer noopener\">Horizon City <\/a>este un ansamblu reziden\u021bial pozi\u021bionat pe segmentul middle-up, dezvoltat de investitorul britanic Ghai Sant Ram pe Bulevardul Pipera, \u00een Voluntari.<\/p>\n\n\n\n<figure class=\"wp-block-image size-large\"><img loading=\"lazy\" decoding=\"async\" width=\"1200\" height=\"672\" src=\"https:\/\/www.imobiliare.ro\/imoexpert\/wp-content\/uploads\/2026\/03\/proiectul-horizon-city-va-fi-livrat-la-mijlocul-anului-viitor-1200x672.jpg\" alt=\"\" class=\"wp-image-75449\" srcset=\"https:\/\/www.imobiliare.ro\/imoexpert\/wp-content\/uploads\/2026\/03\/proiectul-horizon-city-va-fi-livrat-la-mijlocul-anului-viitor-1200x672.jpg 1200w, https:\/\/www.imobiliare.ro\/imoexpert\/wp-content\/uploads\/2026\/03\/proiectul-horizon-city-va-fi-livrat-la-mijlocul-anului-viitor-770x431.jpg 770w, https:\/\/www.imobiliare.ro\/imoexpert\/wp-content\/uploads\/2026\/03\/proiectul-horizon-city-va-fi-livrat-la-mijlocul-anului-viitor-390x218.jpg 390w, https:\/\/www.imobiliare.ro\/imoexpert\/wp-content\/uploads\/2026\/03\/proiectul-horizon-city-va-fi-livrat-la-mijlocul-anului-viitor.jpg 1464w\" sizes=\"auto, (max-width: 1200px) 100vw, 1200px\" \/><\/figure>\n\n\n\n<p>Cele mai c\u0103utate au fost apartamentele cu 2 camere. Cump\u0103r\u0103torii au fost, \u00een mare parte, familii tinere sau persoane aflate la v\u00e2rsta mijlocie, angaja\u021bi ai corpora\u021biilor din zona de nord a Capitalei. Un procent important din cump\u0103r\u0103tori este reprezentant de antreprenori \u0219i investitori, potrivit dezvoltatorului, iar aproximativ 50% dintre achizi\u021biile de p\u00e2n\u0103 acum au fost realizate prin finan\u021bare bancar\u0103. <\/p>\n\n\n\n<figure class=\"wp-block-image size-large\"><img loading=\"lazy\" decoding=\"async\" width=\"1200\" height=\"670\" src=\"https:\/\/www.imobiliare.ro\/imoexpert\/wp-content\/uploads\/2025\/11\/lucrarile-pentru-proiectul-horizon-city-din-nordul-bucurestiului-au-fost-demarate-1200x670.jpg\" alt=\"\" class=\"wp-image-74700\" srcset=\"https:\/\/www.imobiliare.ro\/imoexpert\/wp-content\/uploads\/2025\/11\/lucrarile-pentru-proiectul-horizon-city-din-nordul-bucurestiului-au-fost-demarate-1200x670.jpg 1200w, https:\/\/www.imobiliare.ro\/imoexpert\/wp-content\/uploads\/2025\/11\/lucrarile-pentru-proiectul-horizon-city-din-nordul-bucurestiului-au-fost-demarate-770x430.jpg 770w, https:\/\/www.imobiliare.ro\/imoexpert\/wp-content\/uploads\/2025\/11\/lucrarile-pentru-proiectul-horizon-city-din-nordul-bucurestiului-au-fost-demarate-1536x858.jpg 1536w, https:\/\/www.imobiliare.ro\/imoexpert\/wp-content\/uploads\/2025\/11\/lucrarile-pentru-proiectul-horizon-city-din-nordul-bucurestiului-au-fost-demarate-390x218.jpg 390w, https:\/\/www.imobiliare.ro\/imoexpert\/wp-content\/uploads\/2025\/11\/lucrarile-pentru-proiectul-horizon-city-din-nordul-bucurestiului-au-fost-demarate.jpg 1674w\" sizes=\"auto, (max-width: 1200px) 100vw, 1200px\" \/><\/figure>\n\n\n\n<p class=\"has-medium-font-size\"><strong>Cite\u0219te \u0219i: <a class=\"article-body-links\"href=\"https:\/\/www.imobiliare.ro\/imoexpert\/nordul-capitalei-se-schimba-complet-initiativele-care-vor-rezolva-problema-traficului-inclusiv-pentru-cei-care-locuiesc-la-intrarea-in-voluntari_db\/\" target=\"_blank\" rel=\"noreferrer noopener\">Nordul Capitalei se schimb\u0103 complet. Ini\u021biativele care vor rezolva problema traficului inclusiv pentru cei care locuiesc la intrarea \u00een Voluntari<\/a><\/strong><\/p>\n\n\n\n<p>Proiectul Horizon City va include, la finalizare, 699 de locuin\u021be. Acesta este dezvoltat pe un teren de aproape 23.000 mp, \u00een urma unei <a class=\"article-body-links\"href=\"https:\/\/www.imobiliare.ro\/imoexpert\/aproape-700-de-apartamente-noi-cu-o-investitie-de-130-de-milioane-de-euro-cum-arata-cel-mai-nou-ansamblu-rezidential-din-nordul-capitalei-foto_db\/\" target=\"_blank\" rel=\"noreferrer noopener\">investi\u021bii private de 130 de milioane de euro<\/a> \u0219i va fi livrat p\u00e2n\u0103 la mijlocul anului viitor.<\/p>\n\n\n\n<p class=\"has-medium-font-size\"><strong>Cite\u0219te \u0219i: <a class=\"article-body-links\"href=\"https:\/\/www.imobiliare.ro\/imoexpert\/vinzi-cumperi-sau-inchiriezi-un-apartament-in-bucuresti-informatii-din-culisele-pietei-te-ajuta-sa-iei-cele-mai-bune-decizii-video_db\/\" target=\"_blank\" rel=\"noreferrer noopener\">Vinzi, cumperi sau \u00eenchiriezi un apartament \u00een Bucure\u0219ti? Informa\u021bii din culisele pie\u021bei te ajut\u0103 s\u0103 iei cele mai bune decizii \u2013 VIDEO<\/a><\/strong><\/p>\n","protected":false},"excerpt":{"rendered":"<p>Dup\u0103 patru luni de la lansarea v\u00e2nz\u0103rilor, 75% dintre cele 184 de locuin\u021be disponibile \u00een faza I a proiectului reziden\u021bial Horizon City au fost v\u00e2ndute.<\/p>\n","protected":false},"author":5891,"featured_media":75450,"comment_status":"open","ping_status":"open","sticky":false,"template":"","format":"standard","meta":{"footnotes":""},"categories":[259],"tags":[348,318,1183,1793],"content_author":[],"class_list":["post-75448","post","type-post","status-publish","format-standard","has-post-thumbnail","hentry","category-stiri","tag-apartamente-noi","tag-imobiliare","tag-dezvoltator-imobiliar","tag-voluntari"],"yoast_head":"<!-- This site is optimized with the Yoast SEO Premium plugin v27.0 (Yoast SEO v27.0) - https:\/\/yoast.com\/product\/yoast-seo-premium-wordpress\/ -->\n<title>75% din apartamente, v\u00e2ndute \u00een 4 luni. Proiectul va fi livrat p\u00e2n\u0103 la mijlocul anului 2027 - \u0218tiri - ImoExpert<\/title>\n<meta name=\"description\" content=\"Dup\u0103 patru luni de la lansarea v\u00e2nz\u0103rilor, 75% dintre cele 184 de locuin\u021be disponibile \u00een faza I a proiectului reziden\u021bial Horizon City au fost v\u00e2ndute.\" \/>\n<meta name=\"robots\" content=\"index, follow\" \/>\n<link rel=\"canonical\" href=\"https:\/\/www.imobiliare.ro\/imoexpert\/75-dintre-apartamente-vandute-in-4-luni-proiectul-va-fi-livrat-pana-la-mijlocul-anului-2027_db\/\" \/>\n<meta property=\"og:locale\" content=\"ro_RO\" \/>\n<meta property=\"og:type\" content=\"article\" \/>\n<meta property=\"og:title\" content=\"75% din apartamente, v\u00e2ndute \u00een 4 luni. Proiectul va fi livrat p\u00e2n\u0103 la mijlocul anului 2027\" \/>\n<meta property=\"og:description\" content=\"Dup\u0103 patru luni de la lansarea v\u00e2nz\u0103rilor, 75% dintre cele 184 de locuin\u021be disponibile \u00een faza I a proiectului reziden\u021bial Horizon City au fost v\u00e2ndute.\" \/>\n<meta property=\"og:url\" content=\"https:\/\/www.imobiliare.ro\/imoexpert\/75-dintre-apartamente-vandute-in-4-luni-proiectul-va-fi-livrat-pana-la-mijlocul-anului-2027_db\/\" \/>\n<meta property=\"og:site_name\" content=\"ImoExpert\" \/>\n<meta property=\"article:published_time\" content=\"2026-03-09T14:38:43+00:00\" \/>\n<meta property=\"article:modified_time\" content=\"2026-03-09T14:39:19+00:00\" \/>\n<meta property=\"og:image\" content=\"https:\/\/www.imobiliare.ro\/imoexpert\/wp-content\/uploads\/2026\/03\/cat-de-repede-se-vand-apartamentele-din-nordul-bucurestiului.jpg\" \/>\n\t<meta property=\"og:image:width\" content=\"1200\" \/>\n\t<meta property=\"og:image:height\" content=\"600\" \/>\n\t<meta property=\"og:image:type\" content=\"image\/jpeg\" \/>\n<meta name=\"author\" content=\"Corina V\u00e2rlan\" \/>\n<meta name=\"twitter:card\" content=\"summary_large_image\" \/>\n<meta name=\"twitter:label1\" content=\"Written by\" \/>\n\t<meta name=\"twitter:data1\" content=\"Corina V\u00e2rlan\" \/>\n\t<meta name=\"twitter:label2\" content=\"Est. reading time\" \/>\n\t<meta name=\"twitter:data2\" content=\"2 minute\" \/>\n<script type=\"application\/ld+json\" class=\"yoast-schema-graph\">{\"@context\":\"https:\/\/schema.org\",\"@graph\":[{\"@type\":\"Article\",\"@id\":\"https:\/\/www.imobiliare.ro\/imoexpert\/75-dintre-apartamente-vandute-in-4-luni-proiectul-va-fi-livrat-pana-la-mijlocul-anului-2027_db\/#article\",\"isPartOf\":{\"@id\":\"https:\/\/www.imobiliare.ro\/imoexpert\/75-dintre-apartamente-vandute-in-4-luni-proiectul-va-fi-livrat-pana-la-mijlocul-anului-2027_db\/\"},\"author\":{\"name\":\"Corina V\u00e2rlan\",\"@id\":\"https:\/\/www.imobiliare.ro\/imoexpert\/#\/schema\/person\/9ffdfbf24b82f39fc75a2fc6c19e4e99\"},\"headline\":\"75% din apartamente, v\u00e2ndute \u00een 4 luni. Proiectul va fi livrat p\u00e2n\u0103 la mijlocul anului 2027\",\"datePublished\":\"2026-03-09T14:38:43+00:00\",\"dateModified\":\"2026-03-09T14:39:19+00:00\",\"mainEntityOfPage\":{\"@id\":\"https:\/\/www.imobiliare.ro\/imoexpert\/75-dintre-apartamente-vandute-in-4-luni-proiectul-va-fi-livrat-pana-la-mijlocul-anului-2027_db\/\"},\"wordCount\":239,\"commentCount\":0,\"publisher\":{\"@id\":\"https:\/\/www.imobiliare.ro\/imoexpert\/#organization\"},\"image\":{\"@id\":\"https:\/\/www.imobiliare.ro\/imoexpert\/75-dintre-apartamente-vandute-in-4-luni-proiectul-va-fi-livrat-pana-la-mijlocul-anului-2027_db\/#primaryimage\"},\"thumbnailUrl\":\"https:\/\/www.imobiliare.ro\/imoexpert\/wp-content\/uploads\/2026\/03\/cat-de-repede-se-vand-apartamentele-din-nordul-bucurestiului.jpg\",\"keywords\":[\"Apartamente noi\",\"Cumparatori\",\"dezvoltator imobiliar\",\"Voluntari\"],\"articleSection\":[\"\u0218tiri\"],\"inLanguage\":\"en\",\"potentialAction\":[{\"@type\":\"CommentAction\",\"name\":\"Comment\",\"target\":[\"https:\/\/www.imobiliare.ro\/imoexpert\/75-dintre-apartamente-vandute-in-4-luni-proiectul-va-fi-livrat-pana-la-mijlocul-anului-2027_db\/#respond\"]}],\"copyrightYear\":\"2026\",\"copyrightHolder\":{\"@id\":\"https:\/\/www.imobiliare.ro\/imoexpert\/#organization\"}},{\"@type\":\"WebPage\",\"@id\":\"https:\/\/www.imobiliare.ro\/imoexpert\/75-dintre-apartamente-vandute-in-4-luni-proiectul-va-fi-livrat-pana-la-mijlocul-anului-2027_db\/\",\"url\":\"https:\/\/www.imobiliare.ro\/imoexpert\/75-dintre-apartamente-vandute-in-4-luni-proiectul-va-fi-livrat-pana-la-mijlocul-anului-2027_db\/\",\"name\":\"75% din apartamente, v\u00e2ndute \u00een 4 luni. Proiectul va fi livrat p\u00e2n\u0103 la mijlocul anului 2027 - \u0218tiri - ImoExpert\",\"isPartOf\":{\"@id\":\"https:\/\/www.imobiliare.ro\/imoexpert\/#website\"},\"primaryImageOfPage\":{\"@id\":\"https:\/\/www.imobiliare.ro\/imoexpert\/75-dintre-apartamente-vandute-in-4-luni-proiectul-va-fi-livrat-pana-la-mijlocul-anului-2027_db\/#primaryimage\"},\"image\":{\"@id\":\"https:\/\/www.imobiliare.ro\/imoexpert\/75-dintre-apartamente-vandute-in-4-luni-proiectul-va-fi-livrat-pana-la-mijlocul-anului-2027_db\/#primaryimage\"},\"thumbnailUrl\":\"https:\/\/www.imobiliare.ro\/imoexpert\/wp-content\/uploads\/2026\/03\/cat-de-repede-se-vand-apartamentele-din-nordul-bucurestiului.jpg\",\"datePublished\":\"2026-03-09T14:38:43+00:00\",\"dateModified\":\"2026-03-09T14:39:19+00:00\",\"description\":\"Dup\u0103 patru luni de la lansarea v\u00e2nz\u0103rilor, 75% dintre cele 184 de locuin\u021be disponibile \u00een faza I a proiectului reziden\u021bial Horizon City au fost v\u00e2ndute.\",\"breadcrumb\":{\"@id\":\"https:\/\/www.imobiliare.ro\/imoexpert\/75-dintre-apartamente-vandute-in-4-luni-proiectul-va-fi-livrat-pana-la-mijlocul-anului-2027_db\/#breadcrumb\"},\"inLanguage\":\"en\",\"potentialAction\":[{\"@type\":\"ReadAction\",\"target\":[\"https:\/\/www.imobiliare.ro\/imoexpert\/75-dintre-apartamente-vandute-in-4-luni-proiectul-va-fi-livrat-pana-la-mijlocul-anului-2027_db\/\"]}]},{\"@type\":\"ImageObject\",\"inLanguage\":\"en\",\"@id\":\"https:\/\/www.imobiliare.ro\/imoexpert\/75-dintre-apartamente-vandute-in-4-luni-proiectul-va-fi-livrat-pana-la-mijlocul-anului-2027_db\/#primaryimage\",\"url\":\"https:\/\/www.imobiliare.ro\/imoexpert\/wp-content\/uploads\/2026\/03\/cat-de-repede-se-vand-apartamentele-din-nordul-bucurestiului.jpg\",\"contentUrl\":\"https:\/\/www.imobiliare.ro\/imoexpert\/wp-content\/uploads\/2026\/03\/cat-de-repede-se-vand-apartamentele-din-nordul-bucurestiului.jpg\",\"width\":1200,\"height\":600},{\"@type\":\"BreadcrumbList\",\"@id\":\"https:\/\/www.imobiliare.ro\/imoexpert\/75-dintre-apartamente-vandute-in-4-luni-proiectul-va-fi-livrat-pana-la-mijlocul-anului-2027_db\/#breadcrumb\",\"itemListElement\":[{\"@type\":\"ListItem\",\"position\":1,\"name\":\"Imoradar24\",\"item\":\"https:\/\/www.imoradar24.ro\"},{\"@type\":\"ListItem\",\"position\":2,\"name\":\"ImoExpert\",\"item\":\"https:\/\/www.imobiliare.ro\/imoexpert\/\"},{\"@type\":\"ListItem\",\"position\":3,\"name\":\"\u0218tiri\",\"item\":\"https:\/\/www.imobiliare.ro\/imoexpert\/stiri\/\"},{\"@type\":\"ListItem\",\"position\":4,\"name\":\"75% din apartamente, v\u00e2ndute \u00een 4 luni. Proiectul va fi livrat p\u00e2n\u0103 la mijlocul anului 2027\"}]},{\"@type\":\"WebSite\",\"@id\":\"https:\/\/www.imobiliare.ro\/imoexpert\/#website\",\"url\":\"https:\/\/www.imobiliare.ro\/imoexpert\/\",\"name\":\"ImoExpert\",\"description\":\"cele mai importante \u015ftiri din domeniul imobiliar\",\"publisher\":{\"@id\":\"https:\/\/www.imobiliare.ro\/imoexpert\/#organization\"},\"inLanguage\":\"en\"},{\"@type\":\"Organization\",\"@id\":\"https:\/\/www.imobiliare.ro\/imoexpert\/#organization\",\"name\":\"Imobiliare.ro\",\"alternateName\":\"Realmedia Network SA\",\"url\":\"https:\/\/www.imobiliare.ro\/imoexpert\/\",\"logo\":{\"@type\":\"ImageObject\",\"inLanguage\":\"en\",\"@id\":\"https:\/\/www.imobiliare.ro\/imoexpert\/#\/schema\/logo\/image\/\",\"url\":\"https:\/\/www.imobiliare.ro\/imoexpert\/wp-content\/uploads\/2025\/05\/imobiliare_logo.png\",\"contentUrl\":\"https:\/\/www.imobiliare.ro\/imoexpert\/wp-content\/uploads\/2025\/05\/imobiliare_logo.png\",\"width\":237,\"height\":29,\"caption\":\"Imobiliare.ro\"},\"image\":{\"@id\":\"https:\/\/www.imobiliare.ro\/imoexpert\/#\/schema\/logo\/image\/\"}},{\"@type\":\"Person\",\"@id\":\"https:\/\/www.imobiliare.ro\/imoexpert\/#\/schema\/person\/9ffdfbf24b82f39fc75a2fc6c19e4e99\",\"name\":\"Corina V\u00e2rlan\",\"image\":{\"@type\":\"ImageObject\",\"inLanguage\":\"en\",\"@id\":\"https:\/\/www.imobiliare.ro\/imoexpert\/#\/schema\/person\/image\/\",\"url\":\"https:\/\/www.imobiliare.ro\/imoexpert\/wp-content\/uploads\/2026\/02\/12-02-2025-5-rezumat-brasov-thumb-reels-1-1-96x96.png\",\"contentUrl\":\"https:\/\/www.imobiliare.ro\/imoexpert\/wp-content\/uploads\/2026\/02\/12-02-2025-5-rezumat-brasov-thumb-reels-1-1-96x96.png\",\"caption\":\"Corina V\u00e2rlan\"},\"description\":\"Cu o experien\u021b\u0103 de 14 ani \u00een presa online, comunicare \u0219i content marketing, Corina V\u00e2rlan s-a al\u0103turat echipei Imobiliare.ro \u00een urm\u0103 cu 8 ani \u0219i ocup\u0103, \u00een prezent, func\u021bia de Content Manager. Ea este gazda emisiunii \\\"\u00centreab\u0103 expertul\\\" \u0219i a seriei 5 \u0218tiri Imobiliare.ro, realizate \u00een parteneriat cu Libertatea. Corina \u00ee\u0219i concentreaz\u0103 activitatea pe analiza datelor de pia\u021b\u0103 \u0219i pe subiecte de interes at\u00e2t pentru cei afla\u021bi \u00een c\u0103utarea unei locuin\u021be, c\u00e2t \u0219i pentru proprietari sau chiria\u0219i.\",\"alternateName\":\"Corina\",\"jobTitle\":\"Content Manager\",\"url\":\"https:\/\/www.imobiliare.ro\/imoexpert\/author\/corina-varlan\/\"}]}<\/script>\n<!-- \/ Yoast SEO Premium plugin. -->","yoast_head_json":{"title":"75% din apartamente, v\u00e2ndute \u00een 4 luni. Proiectul va fi livrat p\u00e2n\u0103 la mijlocul anului 2027 - \u0218tiri - ImoExpert","description":"Dup\u0103 patru luni de la lansarea v\u00e2nz\u0103rilor, 75% dintre cele 184 de locuin\u021be disponibile \u00een faza I a proiectului reziden\u021bial Horizon City au fost v\u00e2ndute.","robots":{"index":"index","follow":"follow"},"canonical":"https:\/\/www.imobiliare.ro\/imoexpert\/75-dintre-apartamente-vandute-in-4-luni-proiectul-va-fi-livrat-pana-la-mijlocul-anului-2027_db\/","og_locale":"ro_RO","og_type":"article","og_title":"75% din apartamente, v\u00e2ndute \u00een 4 luni. Proiectul va fi livrat p\u00e2n\u0103 la mijlocul anului 2027","og_description":"Dup\u0103 patru luni de la lansarea v\u00e2nz\u0103rilor, 75% dintre cele 184 de locuin\u021be disponibile \u00een faza I a proiectului reziden\u021bial Horizon City au fost v\u00e2ndute.","og_url":"https:\/\/www.imobiliare.ro\/imoexpert\/75-dintre-apartamente-vandute-in-4-luni-proiectul-va-fi-livrat-pana-la-mijlocul-anului-2027_db\/","og_site_name":"ImoExpert","article_published_time":"2026-03-09T14:38:43+00:00","article_modified_time":"2026-03-09T14:39:19+00:00","og_image":[{"width":1200,"height":600,"url":"https:\/\/www.imobiliare.ro\/imoexpert\/wp-content\/uploads\/2026\/03\/cat-de-repede-se-vand-apartamentele-din-nordul-bucurestiului.jpg","type":"image\/jpeg"}],"author":"Corina V\u00e2rlan","twitter_card":"summary_large_image","twitter_misc":{"Written by":"Corina V\u00e2rlan","Est. reading time":"2 minute"},"schema":{"@context":"https:\/\/schema.org","@graph":[{"@type":"Article","@id":"https:\/\/www.imobiliare.ro\/imoexpert\/75-dintre-apartamente-vandute-in-4-luni-proiectul-va-fi-livrat-pana-la-mijlocul-anului-2027_db\/#article","isPartOf":{"@id":"https:\/\/www.imobiliare.ro\/imoexpert\/75-dintre-apartamente-vandute-in-4-luni-proiectul-va-fi-livrat-pana-la-mijlocul-anului-2027_db\/"},"author":{"name":"Corina V\u00e2rlan","@id":"https:\/\/www.imobiliare.ro\/imoexpert\/#\/schema\/person\/9ffdfbf24b82f39fc75a2fc6c19e4e99"},"headline":"75% din apartamente, v\u00e2ndute \u00een 4 luni. Proiectul va fi livrat p\u00e2n\u0103 la mijlocul anului 2027","datePublished":"2026-03-09T14:38:43+00:00","dateModified":"2026-03-09T14:39:19+00:00","mainEntityOfPage":{"@id":"https:\/\/www.imobiliare.ro\/imoexpert\/75-dintre-apartamente-vandute-in-4-luni-proiectul-va-fi-livrat-pana-la-mijlocul-anului-2027_db\/"},"wordCount":239,"commentCount":0,"publisher":{"@id":"https:\/\/www.imobiliare.ro\/imoexpert\/#organization"},"image":{"@id":"https:\/\/www.imobiliare.ro\/imoexpert\/75-dintre-apartamente-vandute-in-4-luni-proiectul-va-fi-livrat-pana-la-mijlocul-anului-2027_db\/#primaryimage"},"thumbnailUrl":"https:\/\/www.imobiliare.ro\/imoexpert\/wp-content\/uploads\/2026\/03\/cat-de-repede-se-vand-apartamentele-din-nordul-bucurestiului.jpg","keywords":["Apartamente noi","Cumparatori","dezvoltator imobiliar","Voluntari"],"articleSection":["\u0218tiri"],"inLanguage":"en","potentialAction":[{"@type":"CommentAction","name":"Comment","target":["https:\/\/www.imobiliare.ro\/imoexpert\/75-dintre-apartamente-vandute-in-4-luni-proiectul-va-fi-livrat-pana-la-mijlocul-anului-2027_db\/#respond"]}],"copyrightYear":"2026","copyrightHolder":{"@id":"https:\/\/www.imobiliare.ro\/imoexpert\/#organization"}},{"@type":"WebPage","@id":"https:\/\/www.imobiliare.ro\/imoexpert\/75-dintre-apartamente-vandute-in-4-luni-proiectul-va-fi-livrat-pana-la-mijlocul-anului-2027_db\/","url":"https:\/\/www.imobiliare.ro\/imoexpert\/75-dintre-apartamente-vandute-in-4-luni-proiectul-va-fi-livrat-pana-la-mijlocul-anului-2027_db\/","name":"75% din apartamente, v\u00e2ndute \u00een 4 luni. Proiectul va fi livrat p\u00e2n\u0103 la mijlocul anului 2027 - \u0218tiri - ImoExpert","isPartOf":{"@id":"https:\/\/www.imobiliare.ro\/imoexpert\/#website"},"primaryImageOfPage":{"@id":"https:\/\/www.imobiliare.ro\/imoexpert\/75-dintre-apartamente-vandute-in-4-luni-proiectul-va-fi-livrat-pana-la-mijlocul-anului-2027_db\/#primaryimage"},"image":{"@id":"https:\/\/www.imobiliare.ro\/imoexpert\/75-dintre-apartamente-vandute-in-4-luni-proiectul-va-fi-livrat-pana-la-mijlocul-anului-2027_db\/#primaryimage"},"thumbnailUrl":"https:\/\/www.imobiliare.ro\/imoexpert\/wp-content\/uploads\/2026\/03\/cat-de-repede-se-vand-apartamentele-din-nordul-bucurestiului.jpg","datePublished":"2026-03-09T14:38:43+00:00","dateModified":"2026-03-09T14:39:19+00:00","description":"Dup\u0103 patru luni de la lansarea v\u00e2nz\u0103rilor, 75% dintre cele 184 de locuin\u021be disponibile \u00een faza I a proiectului reziden\u021bial Horizon City au fost v\u00e2ndute.","breadcrumb":{"@id":"https:\/\/www.imobiliare.ro\/imoexpert\/75-dintre-apartamente-vandute-in-4-luni-proiectul-va-fi-livrat-pana-la-mijlocul-anului-2027_db\/#breadcrumb"},"inLanguage":"en","potentialAction":[{"@type":"ReadAction","target":["https:\/\/www.imobiliare.ro\/imoexpert\/75-dintre-apartamente-vandute-in-4-luni-proiectul-va-fi-livrat-pana-la-mijlocul-anului-2027_db\/"]}]},{"@type":"ImageObject","inLanguage":"en","@id":"https:\/\/www.imobiliare.ro\/imoexpert\/75-dintre-apartamente-vandute-in-4-luni-proiectul-va-fi-livrat-pana-la-mijlocul-anului-2027_db\/#primaryimage","url":"https:\/\/www.imobiliare.ro\/imoexpert\/wp-content\/uploads\/2026\/03\/cat-de-repede-se-vand-apartamentele-din-nordul-bucurestiului.jpg","contentUrl":"https:\/\/www.imobiliare.ro\/imoexpert\/wp-content\/uploads\/2026\/03\/cat-de-repede-se-vand-apartamentele-din-nordul-bucurestiului.jpg","width":1200,"height":600},{"@type":"BreadcrumbList","@id":"https:\/\/www.imobiliare.ro\/imoexpert\/75-dintre-apartamente-vandute-in-4-luni-proiectul-va-fi-livrat-pana-la-mijlocul-anului-2027_db\/#breadcrumb","itemListElement":[{"@type":"ListItem","position":1,"name":"Imoradar24","item":"https:\/\/www.imoradar24.ro"},{"@type":"ListItem","position":2,"name":"ImoExpert","item":"https:\/\/www.imobiliare.ro\/imoexpert\/"},{"@type":"ListItem","position":3,"name":"\u0218tiri","item":"https:\/\/www.imobiliare.ro\/imoexpert\/stiri\/"},{"@type":"ListItem","position":4,"name":"75% din apartamente, v\u00e2ndute \u00een 4 luni. Proiectul va fi livrat p\u00e2n\u0103 la mijlocul anului 2027"}]},{"@type":"WebSite","@id":"https:\/\/www.imobiliare.ro\/imoexpert\/#website","url":"https:\/\/www.imobiliare.ro\/imoexpert\/","name":"ImoExpert","description":"cele mai importante \u015ftiri din domeniul imobiliar","publisher":{"@id":"https:\/\/www.imobiliare.ro\/imoexpert\/#organization"},"inLanguage":"en"},{"@type":"Organization","@id":"https:\/\/www.imobiliare.ro\/imoexpert\/#organization","name":"Imobiliare.ro","alternateName":"Realmedia Network SA","url":"https:\/\/www.imobiliare.ro\/imoexpert\/","logo":{"@type":"ImageObject","inLanguage":"en","@id":"https:\/\/www.imobiliare.ro\/imoexpert\/#\/schema\/logo\/image\/","url":"https:\/\/www.imobiliare.ro\/imoexpert\/wp-content\/uploads\/2025\/05\/imobiliare_logo.png","contentUrl":"https:\/\/www.imobiliare.ro\/imoexpert\/wp-content\/uploads\/2025\/05\/imobiliare_logo.png","width":237,"height":29,"caption":"Imobiliare.ro"},"image":{"@id":"https:\/\/www.imobiliare.ro\/imoexpert\/#\/schema\/logo\/image\/"}},{"@type":"Person","@id":"https:\/\/www.imobiliare.ro\/imoexpert\/#\/schema\/person\/9ffdfbf24b82f39fc75a2fc6c19e4e99","name":"Corina V\u00e2rlan","image":{"@type":"ImageObject","inLanguage":"en","@id":"https:\/\/www.imobiliare.ro\/imoexpert\/#\/schema\/person\/image\/","url":"https:\/\/www.imobiliare.ro\/imoexpert\/wp-content\/uploads\/2026\/02\/12-02-2025-5-rezumat-brasov-thumb-reels-1-1-96x96.png","contentUrl":"https:\/\/www.imobiliare.ro\/imoexpert\/wp-content\/uploads\/2026\/02\/12-02-2025-5-rezumat-brasov-thumb-reels-1-1-96x96.png","caption":"Corina V\u00e2rlan"},"description":"Cu o experien\u021b\u0103 de 14 ani \u00een presa online, comunicare \u0219i content marketing, Corina V\u00e2rlan s-a al\u0103turat echipei Imobiliare.ro \u00een urm\u0103 cu 8 ani \u0219i ocup\u0103, \u00een prezent, func\u021bia de Content Manager. Ea este gazda emisiunii \"\u00centreab\u0103 expertul\" \u0219i a seriei 5 \u0218tiri Imobiliare.ro, realizate \u00een parteneriat cu Libertatea. Corina \u00ee\u0219i concentreaz\u0103 activitatea pe analiza datelor de pia\u021b\u0103 \u0219i pe subiecte de interes at\u00e2t pentru cei afla\u021bi \u00een c\u0103utarea unei locuin\u021be, c\u00e2t \u0219i pentru proprietari sau chiria\u0219i.","alternateName":"Corina","jobTitle":"Content Manager","url":"https:\/\/www.imobiliare.ro\/imoexpert\/author\/corina-varlan\/"}]}},"_links":{"self":[{"href":"https:\/\/www.imobiliare.ro\/imoexpert\/wp-json\/wp\/v2\/posts\/75448","targetHints":{"allow":["GET"]}}],"collection":[{"href":"https:\/\/www.imobiliare.ro\/imoexpert\/wp-json\/wp\/v2\/posts"}],"about":[{"href":"https:\/\/www.imobiliare.ro\/imoexpert\/wp-json\/wp\/v2\/types\/post"}],"author":[{"embeddable":true,"href":"https:\/\/www.imobiliare.ro\/imoexpert\/wp-json\/wp\/v2\/users\/5891"}],"replies":[{"embeddable":true,"href":"https:\/\/www.imobiliare.ro\/imoexpert\/wp-json\/wp\/v2\/comments?post=75448"}],"version-history":[{"count":0,"href":"https:\/\/www.imobiliare.ro\/imoexpert\/wp-json\/wp\/v2\/posts\/75448\/revisions"}],"wp:featuredmedia":[{"embeddable":true,"href":"https:\/\/www.imobiliare.ro\/imoexpert\/wp-json\/wp\/v2\/media\/75450"}],"wp:attachment":[{"href":"https:\/\/www.imobiliare.ro\/imoexpert\/wp-json\/wp\/v2\/media?parent=75448"}],"wp:term":[{"taxonomy":"category","embeddable":true,"href":"https:\/\/www.imobiliare.ro\/imoexpert\/wp-json\/wp\/v2\/categories?post=75448"},{"taxonomy":"post_tag","embeddable":true,"href":"https:\/\/www.imobiliare.ro\/imoexpert\/wp-json\/wp\/v2\/tags?post=75448"},{"taxonomy":"content_author","embeddable":true,"href":"https:\/\/www.imobiliare.ro\/imoexpert\/wp-json\/wp\/v2\/content_author?post=75448"}],"curies":[{"name":"wp","href":"https:\/\/api.w.org\/{rel}","templated":true}]}}