{"id":75461,"date":"2026-03-11T09:04:31","date_gmt":"2026-03-11T07:04:31","guid":{"rendered":"https:\/\/www.imobiliare.ro\/imoexpert\/?p=75461"},"modified":"2026-03-11T09:45:31","modified_gmt":"2026-03-11T07:45:31","slug":"ce-faci-in-weekend-te-asteptam-la-targul-imobiliar-timisoara","status":"publish","type":"post","link":"https:\/\/www.imobiliare.ro\/imoexpert\/ce-faci-in-weekend-te-asteptam-la-targul-imobiliar-timisoara_db\/","title":{"rendered":"Ce faci \u00een weekend? Te a\u0219tept\u0103m la T\u00e2rgul Imobiliar Timi\u0219oara"},"content":{"rendered":"\n<figure class=\"wp-block-image size-full\"><img loading=\"lazy\" decoding=\"async\" width=\"1200\" height=\"600\" src=\"https:\/\/www.imobiliare.ro\/imoexpert\/wp-content\/uploads\/2026\/03\/targul-imobiliar-timisoara.jpeg\" alt=\"\" class=\"wp-image-75462\" srcset=\"https:\/\/www.imobiliare.ro\/imoexpert\/wp-content\/uploads\/2026\/03\/targul-imobiliar-timisoara.jpeg 1200w, https:\/\/www.imobiliare.ro\/imoexpert\/wp-content\/uploads\/2026\/03\/targul-imobiliar-timisoara-770x385.jpeg 770w, https:\/\/www.imobiliare.ro\/imoexpert\/wp-content\/uploads\/2026\/03\/targul-imobiliar-timisoara-390x195.jpeg 390w\" sizes=\"auto, (max-width: 1200px) 100vw, 1200px\" \/><figcaption class=\"wp-element-caption\"><em>Foto: Tion.ro<\/em><\/figcaption><\/figure>\n\n\n\n<p><strong>Imobiliare.ro te invit\u0103 s\u0103 participi la T\u00e2rgul Imobiliar Timi\u0219oara. Evenimentul se organizeaz\u0103 \u00een perioada 14-15 martie, la Iulius Congress Hall.<\/strong><\/p>\n\n\n\n<p>Peste <a class=\"article-body-links\"href=\"https:\/\/www.imobiliare.ro\/imoexpert\/peste-1-000-de-proprietati-la-primul-targ-imobiliar-din-timisoara-al-acestui-an-participa-si-tu_db\/\" target=\"_blank\" rel=\"noreferrer noopener\">1.000 de propriet\u0103\u021bi &#8211; de la apartamente noi<\/a> \u0219i case individuale la duplexuri \u0219i terenuri &#8211; fac parte din oferta expozan\u021bilor. Ai ocazia de a afla informa\u021bii direct de la dezvoltatori despre cele mai noi ansambluri reziden\u021biale din ora\u0219 \u0219i de a beneficia de reducerile propuse de ace\u0219tia pentru achizi\u021biile realizate pe durata evenimentului.<\/p>\n\n\n\n<p>Printre expozan\u021bii care vor lua parte la <strong>t\u00e2rgul imobiliar organizat de Tion.ro \u0219i Imobiliare.ro <\/strong>se num\u0103r\u0103 Alpha City Residence, Denya Forest, Alenia Botanic Park, City of Mara, Nord One, XCity, Sevil Imobiliare, Vivalia, 109 Corner, Soleil Homes, Sol Residence \u0219i Imobiliare Dubai. <strong><a class=\"article-body-links\"href=\"https:\/\/www.facebook.com\/events\/901724502496248\" target=\"_blank\" rel=\"noreferrer noopener\">Afl\u0103 mai multe detalii aici.<\/a><\/strong><\/p>\n\n\n\n<p>Brokerii biroului local <a class=\"article-body-links\"href=\"https:\/\/finance.imobiliare.ro\/\" target=\"_blank\" rel=\"noreferrer noopener\">Imobiliare.ro Finance<\/a> te a\u0219teapt\u0103 la stand pentru a-\u021bi r\u0103spunde la toate \u00eentreb\u0103rile pe care le ai despre ob\u021binerea unui \u00eemprumut. Ei te pot ghida cu u\u0219urin\u021b\u0103 spre creditul potrivit nevoilor, dar \u0219i bugetului t\u0103u, a\u0219a c\u0103 nu uita s\u0103 le faci o vizit\u0103.<\/p>\n\n\n\n<figure class=\"wp-block-image size-full\"><img loading=\"lazy\" decoding=\"async\" width=\"1200\" height=\"600\" src=\"https:\/\/www.imobiliare.ro\/imoexpert\/wp-content\/uploads\/2026\/03\/finance-la-tit.jpg\" alt=\"\" class=\"wp-image-75463\" srcset=\"https:\/\/www.imobiliare.ro\/imoexpert\/wp-content\/uploads\/2026\/03\/finance-la-tit.jpg 1200w, https:\/\/www.imobiliare.ro\/imoexpert\/wp-content\/uploads\/2026\/03\/finance-la-tit-770x385.jpg 770w, https:\/\/www.imobiliare.ro\/imoexpert\/wp-content\/uploads\/2026\/03\/finance-la-tit-390x195.jpg 390w\" sizes=\"auto, (max-width: 1200px) 100vw, 1200px\" \/><\/figure>\n\n\n\n<p>Mai mult, ei au preg\u0103tit ateliere de educa\u021bie financiar\u0103 dedicate copiilor cu v\u00e2rste cuprinse \u00eentre 9-13 ani. Participarea este gratuit\u0103. <strong><a class=\"article-body-links\"href=\"https:\/\/finance.imobiliare.ro\/blog\/cele-mai-avantajoase-oferte-de-creditare-si-ateliere-de-educatie-financiara-pentru-copii-la-targul-imobiliar-timisoara-te-asteptam-la-standul-imobiliarero-finance\" target=\"_blank\" rel=\"noreferrer noopener\">Afl\u0103 aici mai multe detalii \u0219i rezerv\u0103 un loc.<\/a><\/strong><\/p>\n\n\n\n<figure class=\"wp-block-image size-full\"><img loading=\"lazy\" decoding=\"async\" width=\"834\" height=\"741\" src=\"https:\/\/www.imobiliare.ro\/imoexpert\/wp-content\/uploads\/2026\/03\/atelier-pentru-copii.jpg\" alt=\"\" class=\"wp-image-75464\" srcset=\"https:\/\/www.imobiliare.ro\/imoexpert\/wp-content\/uploads\/2026\/03\/atelier-pentru-copii.jpg 834w, https:\/\/www.imobiliare.ro\/imoexpert\/wp-content\/uploads\/2026\/03\/atelier-pentru-copii-770x684.jpg 770w, https:\/\/www.imobiliare.ro\/imoexpert\/wp-content\/uploads\/2026\/03\/atelier-pentru-copii-390x347.jpg 390w\" sizes=\"auto, (max-width: 834px) 100vw, 834px\" \/><\/figure>\n\n\n\n<p>Po\u021bi vizita T\u00e2rgul Imobiliar Timi\u0219oara p\u00e2n\u0103 duminic\u0103 la ora 18:00. Intrarea este gratuit\u0103. Te a\u0219tept\u0103m!<\/p>\n\n\n\n<p><strong>Urm\u0103re\u0219te video de mai jos pentru mai multe detalii despre evolu\u021bia pre\u021burilor pe plan local.<\/strong><\/p>\n\n\n\n<figure class=\"wp-block-embed is-type-video is-provider-youtube wp-block-embed-youtube wp-embed-aspect-9-16 wp-has-aspect-ratio\"><div class=\"wp-block-embed__wrapper\">\n<iframe loading=\"lazy\" title=\"Pia\u021ba imobiliar\u0103 din Timi\u0219oara \u00een 2026: \u00een c\u00e2te zile se vinde un apartament \u0219i c\u00e2t po\u021bi negocia?\" width=\"540\" height=\"960\" src=\"https:\/\/www.youtube.com\/embed\/KfNkz5NtfBM?feature=oembed\" frameborder=\"0\" allow=\"accelerometer; autoplay; clipboard-write; encrypted-media; gyroscope; picture-in-picture; web-share\" referrerpolicy=\"strict-origin-when-cross-origin\" allowfullscreen><\/iframe>\n<\/div><\/figure>\n","protected":false},"excerpt":{"rendered":"<p>Imobiliare.ro te invit\u0103 s\u0103 participi la T\u00e2rgul Imobiliar Timi\u0219oara. Evenimentul se organizeaz\u0103 \u00een perioada 14-15 martie, la Iulius Congress Hall.<\/p>\n","protected":false},"author":5891,"featured_media":75462,"comment_status":"open","ping_status":"open","sticky":false,"template":"","format":"standard","meta":{"footnotes":""},"categories":[259],"tags":[348,2187,1276,2242,392],"content_author":[],"class_list":["post-75461","post","type-post","status-publish","format-standard","has-post-thumbnail","hentry","category-stiri","tag-apartamente-noi","tag-brokeri-credite","tag-dezvoltatori-imobiliari","tag-targul-imobiliar-timisoara-2","tag-timisoara"],"yoast_head":"<!-- This site is optimized with the Yoast SEO Premium plugin v27.0 (Yoast SEO v27.0) - https:\/\/yoast.com\/product\/yoast-seo-premium-wordpress\/ -->\n<title>Ce faci \u00een weekend? Te a\u0219tept\u0103m la T\u00e2rgul Imobiliar Timi\u0219oara - \u0218tiri - ImoExpert<\/title>\n<meta name=\"description\" content=\"Imobiliare.ro te invit\u0103 s\u0103 participi la T\u00e2rgul Imobiliar Timi\u0219oara. Evenimentul se organizeaz\u0103 \u00een perioada 14-15 martie, la Iulius Congress Hall.\" \/>\n<meta name=\"robots\" content=\"index, follow\" \/>\n<link rel=\"canonical\" href=\"https:\/\/www.imobiliare.ro\/imoexpert\/ce-faci-in-weekend-te-asteptam-la-targul-imobiliar-timisoara_db\/\" \/>\n<meta property=\"og:locale\" content=\"ro_RO\" \/>\n<meta property=\"og:type\" content=\"article\" \/>\n<meta property=\"og:title\" content=\"Ce faci \u00een weekend? Te a\u0219tept\u0103m la T\u00e2rgul Imobiliar Timi\u0219oara\" \/>\n<meta property=\"og:description\" content=\"Imobiliare.ro te invit\u0103 s\u0103 participi la T\u00e2rgul Imobiliar Timi\u0219oara. Evenimentul se organizeaz\u0103 \u00een perioada 14-15 martie, la Iulius Congress Hall.\" \/>\n<meta property=\"og:url\" content=\"https:\/\/www.imobiliare.ro\/imoexpert\/ce-faci-in-weekend-te-asteptam-la-targul-imobiliar-timisoara_db\/\" \/>\n<meta property=\"og:site_name\" content=\"ImoExpert\" \/>\n<meta property=\"article:published_time\" content=\"2026-03-11T07:04:31+00:00\" \/>\n<meta property=\"article:modified_time\" content=\"2026-03-11T07:45:31+00:00\" \/>\n<meta property=\"og:image\" content=\"https:\/\/www.imobiliare.ro\/imoexpert\/wp-content\/uploads\/2026\/03\/targul-imobiliar-timisoara.jpeg\" \/>\n\t<meta property=\"og:image:width\" content=\"1200\" \/>\n\t<meta property=\"og:image:height\" content=\"600\" \/>\n\t<meta property=\"og:image:type\" content=\"image\/jpeg\" \/>\n<meta name=\"author\" content=\"Corina V\u00e2rlan\" \/>\n<meta name=\"twitter:card\" content=\"summary_large_image\" \/>\n<meta name=\"twitter:label1\" content=\"Written by\" \/>\n\t<meta name=\"twitter:data1\" content=\"Corina V\u00e2rlan\" \/>\n\t<meta name=\"twitter:label2\" content=\"Est. reading time\" \/>\n\t<meta name=\"twitter:data2\" content=\"3 minute\" \/>\n<script type=\"application\/ld+json\" class=\"yoast-schema-graph\">{\"@context\":\"https:\/\/schema.org\",\"@graph\":[{\"@type\":\"Article\",\"@id\":\"https:\/\/www.imobiliare.ro\/imoexpert\/ce-faci-in-weekend-te-asteptam-la-targul-imobiliar-timisoara_db\/#article\",\"isPartOf\":{\"@id\":\"https:\/\/www.imobiliare.ro\/imoexpert\/ce-faci-in-weekend-te-asteptam-la-targul-imobiliar-timisoara_db\/\"},\"author\":{\"name\":\"Corina V\u00e2rlan\",\"@id\":\"https:\/\/www.imobiliare.ro\/imoexpert\/#\/schema\/person\/9ffdfbf24b82f39fc75a2fc6c19e4e99\"},\"headline\":\"Ce faci \u00een weekend? Te a\u0219tept\u0103m la T\u00e2rgul Imobiliar Timi\u0219oara\",\"datePublished\":\"2026-03-11T07:04:31+00:00\",\"dateModified\":\"2026-03-11T07:45:31+00:00\",\"mainEntityOfPage\":{\"@id\":\"https:\/\/www.imobiliare.ro\/imoexpert\/ce-faci-in-weekend-te-asteptam-la-targul-imobiliar-timisoara_db\/\"},\"wordCount\":287,\"commentCount\":0,\"publisher\":{\"@id\":\"https:\/\/www.imobiliare.ro\/imoexpert\/#organization\"},\"image\":{\"@id\":\"https:\/\/www.imobiliare.ro\/imoexpert\/ce-faci-in-weekend-te-asteptam-la-targul-imobiliar-timisoara_db\/#primaryimage\"},\"thumbnailUrl\":\"https:\/\/www.imobiliare.ro\/imoexpert\/wp-content\/uploads\/2026\/03\/targul-imobiliar-timisoara.jpeg\",\"keywords\":[\"Apartamente noi\",\"brokeri credite\",\"dezvoltatori imobiliari\",\"targul imobiliar timisoara\",\"timisoara\"],\"articleSection\":[\"\u0218tiri\"],\"inLanguage\":\"en\",\"potentialAction\":[{\"@type\":\"CommentAction\",\"name\":\"Comment\",\"target\":[\"https:\/\/www.imobiliare.ro\/imoexpert\/ce-faci-in-weekend-te-asteptam-la-targul-imobiliar-timisoara_db\/#respond\"]}],\"copyrightYear\":\"2026\",\"copyrightHolder\":{\"@id\":\"https:\/\/www.imobiliare.ro\/imoexpert\/#organization\"}},{\"@type\":\"WebPage\",\"@id\":\"https:\/\/www.imobiliare.ro\/imoexpert\/ce-faci-in-weekend-te-asteptam-la-targul-imobiliar-timisoara_db\/\",\"url\":\"https:\/\/www.imobiliare.ro\/imoexpert\/ce-faci-in-weekend-te-asteptam-la-targul-imobiliar-timisoara_db\/\",\"name\":\"Ce faci \u00een weekend? Te a\u0219tept\u0103m la T\u00e2rgul Imobiliar Timi\u0219oara - \u0218tiri - ImoExpert\",\"isPartOf\":{\"@id\":\"https:\/\/www.imobiliare.ro\/imoexpert\/#website\"},\"primaryImageOfPage\":{\"@id\":\"https:\/\/www.imobiliare.ro\/imoexpert\/ce-faci-in-weekend-te-asteptam-la-targul-imobiliar-timisoara_db\/#primaryimage\"},\"image\":{\"@id\":\"https:\/\/www.imobiliare.ro\/imoexpert\/ce-faci-in-weekend-te-asteptam-la-targul-imobiliar-timisoara_db\/#primaryimage\"},\"thumbnailUrl\":\"https:\/\/www.imobiliare.ro\/imoexpert\/wp-content\/uploads\/2026\/03\/targul-imobiliar-timisoara.jpeg\",\"datePublished\":\"2026-03-11T07:04:31+00:00\",\"dateModified\":\"2026-03-11T07:45:31+00:00\",\"description\":\"Imobiliare.ro te invit\u0103 s\u0103 participi la T\u00e2rgul Imobiliar Timi\u0219oara. Evenimentul se organizeaz\u0103 \u00een perioada 14-15 martie, la Iulius Congress Hall.\",\"breadcrumb\":{\"@id\":\"https:\/\/www.imobiliare.ro\/imoexpert\/ce-faci-in-weekend-te-asteptam-la-targul-imobiliar-timisoara_db\/#breadcrumb\"},\"inLanguage\":\"en\",\"potentialAction\":[{\"@type\":\"ReadAction\",\"target\":[\"https:\/\/www.imobiliare.ro\/imoexpert\/ce-faci-in-weekend-te-asteptam-la-targul-imobiliar-timisoara_db\/\"]}]},{\"@type\":\"ImageObject\",\"inLanguage\":\"en\",\"@id\":\"https:\/\/www.imobiliare.ro\/imoexpert\/ce-faci-in-weekend-te-asteptam-la-targul-imobiliar-timisoara_db\/#primaryimage\",\"url\":\"https:\/\/www.imobiliare.ro\/imoexpert\/wp-content\/uploads\/2026\/03\/targul-imobiliar-timisoara.jpeg\",\"contentUrl\":\"https:\/\/www.imobiliare.ro\/imoexpert\/wp-content\/uploads\/2026\/03\/targul-imobiliar-timisoara.jpeg\",\"width\":1200,\"height\":600},{\"@type\":\"BreadcrumbList\",\"@id\":\"https:\/\/www.imobiliare.ro\/imoexpert\/ce-faci-in-weekend-te-asteptam-la-targul-imobiliar-timisoara_db\/#breadcrumb\",\"itemListElement\":[{\"@type\":\"ListItem\",\"position\":1,\"name\":\"Imoradar24\",\"item\":\"https:\/\/www.imoradar24.ro\"},{\"@type\":\"ListItem\",\"position\":2,\"name\":\"ImoExpert\",\"item\":\"https:\/\/www.imobiliare.ro\/imoexpert\/\"},{\"@type\":\"ListItem\",\"position\":3,\"name\":\"\u0218tiri\",\"item\":\"https:\/\/www.imobiliare.ro\/imoexpert\/stiri\/\"},{\"@type\":\"ListItem\",\"position\":4,\"name\":\"Ce faci \u00een weekend? Te a\u0219tept\u0103m la T\u00e2rgul Imobiliar Timi\u0219oara\"}]},{\"@type\":\"WebSite\",\"@id\":\"https:\/\/www.imobiliare.ro\/imoexpert\/#website\",\"url\":\"https:\/\/www.imobiliare.ro\/imoexpert\/\",\"name\":\"ImoExpert\",\"description\":\"cele mai importante \u015ftiri din domeniul imobiliar\",\"publisher\":{\"@id\":\"https:\/\/www.imobiliare.ro\/imoexpert\/#organization\"},\"inLanguage\":\"en\"},{\"@type\":\"Organization\",\"@id\":\"https:\/\/www.imobiliare.ro\/imoexpert\/#organization\",\"name\":\"Imobiliare.ro\",\"alternateName\":\"Realmedia Network SA\",\"url\":\"https:\/\/www.imobiliare.ro\/imoexpert\/\",\"logo\":{\"@type\":\"ImageObject\",\"inLanguage\":\"en\",\"@id\":\"https:\/\/www.imobiliare.ro\/imoexpert\/#\/schema\/logo\/image\/\",\"url\":\"https:\/\/www.imobiliare.ro\/imoexpert\/wp-content\/uploads\/2025\/05\/imobiliare_logo.png\",\"contentUrl\":\"https:\/\/www.imobiliare.ro\/imoexpert\/wp-content\/uploads\/2025\/05\/imobiliare_logo.png\",\"width\":237,\"height\":29,\"caption\":\"Imobiliare.ro\"},\"image\":{\"@id\":\"https:\/\/www.imobiliare.ro\/imoexpert\/#\/schema\/logo\/image\/\"}},{\"@type\":\"Person\",\"@id\":\"https:\/\/www.imobiliare.ro\/imoexpert\/#\/schema\/person\/9ffdfbf24b82f39fc75a2fc6c19e4e99\",\"name\":\"Corina V\u00e2rlan\",\"image\":{\"@type\":\"ImageObject\",\"inLanguage\":\"en\",\"@id\":\"https:\/\/www.imobiliare.ro\/imoexpert\/#\/schema\/person\/image\/\",\"url\":\"https:\/\/www.imobiliare.ro\/imoexpert\/wp-content\/uploads\/2026\/02\/12-02-2025-5-rezumat-brasov-thumb-reels-1-1-96x96.png\",\"contentUrl\":\"https:\/\/www.imobiliare.ro\/imoexpert\/wp-content\/uploads\/2026\/02\/12-02-2025-5-rezumat-brasov-thumb-reels-1-1-96x96.png\",\"caption\":\"Corina V\u00e2rlan\"},\"description\":\"Cu o experien\u021b\u0103 de 14 ani \u00een presa online, comunicare \u0219i content marketing, Corina V\u00e2rlan s-a al\u0103turat echipei Imobiliare.ro \u00een urm\u0103 cu 8 ani \u0219i ocup\u0103, \u00een prezent, func\u021bia de Content Manager. Ea este gazda emisiunii \\\"\u00centreab\u0103 expertul\\\" \u0219i a seriei 5 \u0218tiri Imobiliare.ro, realizate \u00een parteneriat cu Libertatea. Corina \u00ee\u0219i concentreaz\u0103 activitatea pe analiza datelor de pia\u021b\u0103 \u0219i pe subiecte de interes at\u00e2t pentru cei afla\u021bi \u00een c\u0103utarea unei locuin\u021be, c\u00e2t \u0219i pentru proprietari sau chiria\u0219i.\",\"alternateName\":\"Corina\",\"jobTitle\":\"Content Manager\",\"url\":\"https:\/\/www.imobiliare.ro\/imoexpert\/author\/corina-varlan\/\"}]}<\/script>\n<!-- \/ Yoast SEO Premium plugin. -->","yoast_head_json":{"title":"Ce faci \u00een weekend? Te a\u0219tept\u0103m la T\u00e2rgul Imobiliar Timi\u0219oara - \u0218tiri - ImoExpert","description":"Imobiliare.ro te invit\u0103 s\u0103 participi la T\u00e2rgul Imobiliar Timi\u0219oara. Evenimentul se organizeaz\u0103 \u00een perioada 14-15 martie, la Iulius Congress Hall.","robots":{"index":"index","follow":"follow"},"canonical":"https:\/\/www.imobiliare.ro\/imoexpert\/ce-faci-in-weekend-te-asteptam-la-targul-imobiliar-timisoara_db\/","og_locale":"ro_RO","og_type":"article","og_title":"Ce faci \u00een weekend? Te a\u0219tept\u0103m la T\u00e2rgul Imobiliar Timi\u0219oara","og_description":"Imobiliare.ro te invit\u0103 s\u0103 participi la T\u00e2rgul Imobiliar Timi\u0219oara. Evenimentul se organizeaz\u0103 \u00een perioada 14-15 martie, la Iulius Congress Hall.","og_url":"https:\/\/www.imobiliare.ro\/imoexpert\/ce-faci-in-weekend-te-asteptam-la-targul-imobiliar-timisoara_db\/","og_site_name":"ImoExpert","article_published_time":"2026-03-11T07:04:31+00:00","article_modified_time":"2026-03-11T07:45:31+00:00","og_image":[{"width":1200,"height":600,"url":"https:\/\/www.imobiliare.ro\/imoexpert\/wp-content\/uploads\/2026\/03\/targul-imobiliar-timisoara.jpeg","type":"image\/jpeg"}],"author":"Corina V\u00e2rlan","twitter_card":"summary_large_image","twitter_misc":{"Written by":"Corina V\u00e2rlan","Est. reading time":"3 minute"},"schema":{"@context":"https:\/\/schema.org","@graph":[{"@type":"Article","@id":"https:\/\/www.imobiliare.ro\/imoexpert\/ce-faci-in-weekend-te-asteptam-la-targul-imobiliar-timisoara_db\/#article","isPartOf":{"@id":"https:\/\/www.imobiliare.ro\/imoexpert\/ce-faci-in-weekend-te-asteptam-la-targul-imobiliar-timisoara_db\/"},"author":{"name":"Corina V\u00e2rlan","@id":"https:\/\/www.imobiliare.ro\/imoexpert\/#\/schema\/person\/9ffdfbf24b82f39fc75a2fc6c19e4e99"},"headline":"Ce faci \u00een weekend? Te a\u0219tept\u0103m la T\u00e2rgul Imobiliar Timi\u0219oara","datePublished":"2026-03-11T07:04:31+00:00","dateModified":"2026-03-11T07:45:31+00:00","mainEntityOfPage":{"@id":"https:\/\/www.imobiliare.ro\/imoexpert\/ce-faci-in-weekend-te-asteptam-la-targul-imobiliar-timisoara_db\/"},"wordCount":287,"commentCount":0,"publisher":{"@id":"https:\/\/www.imobiliare.ro\/imoexpert\/#organization"},"image":{"@id":"https:\/\/www.imobiliare.ro\/imoexpert\/ce-faci-in-weekend-te-asteptam-la-targul-imobiliar-timisoara_db\/#primaryimage"},"thumbnailUrl":"https:\/\/www.imobiliare.ro\/imoexpert\/wp-content\/uploads\/2026\/03\/targul-imobiliar-timisoara.jpeg","keywords":["Apartamente noi","brokeri credite","dezvoltatori imobiliari","targul imobiliar timisoara","timisoara"],"articleSection":["\u0218tiri"],"inLanguage":"en","potentialAction":[{"@type":"CommentAction","name":"Comment","target":["https:\/\/www.imobiliare.ro\/imoexpert\/ce-faci-in-weekend-te-asteptam-la-targul-imobiliar-timisoara_db\/#respond"]}],"copyrightYear":"2026","copyrightHolder":{"@id":"https:\/\/www.imobiliare.ro\/imoexpert\/#organization"}},{"@type":"WebPage","@id":"https:\/\/www.imobiliare.ro\/imoexpert\/ce-faci-in-weekend-te-asteptam-la-targul-imobiliar-timisoara_db\/","url":"https:\/\/www.imobiliare.ro\/imoexpert\/ce-faci-in-weekend-te-asteptam-la-targul-imobiliar-timisoara_db\/","name":"Ce faci \u00een weekend? Te a\u0219tept\u0103m la T\u00e2rgul Imobiliar Timi\u0219oara - \u0218tiri - ImoExpert","isPartOf":{"@id":"https:\/\/www.imobiliare.ro\/imoexpert\/#website"},"primaryImageOfPage":{"@id":"https:\/\/www.imobiliare.ro\/imoexpert\/ce-faci-in-weekend-te-asteptam-la-targul-imobiliar-timisoara_db\/#primaryimage"},"image":{"@id":"https:\/\/www.imobiliare.ro\/imoexpert\/ce-faci-in-weekend-te-asteptam-la-targul-imobiliar-timisoara_db\/#primaryimage"},"thumbnailUrl":"https:\/\/www.imobiliare.ro\/imoexpert\/wp-content\/uploads\/2026\/03\/targul-imobiliar-timisoara.jpeg","datePublished":"2026-03-11T07:04:31+00:00","dateModified":"2026-03-11T07:45:31+00:00","description":"Imobiliare.ro te invit\u0103 s\u0103 participi la T\u00e2rgul Imobiliar Timi\u0219oara. Evenimentul se organizeaz\u0103 \u00een perioada 14-15 martie, la Iulius Congress Hall.","breadcrumb":{"@id":"https:\/\/www.imobiliare.ro\/imoexpert\/ce-faci-in-weekend-te-asteptam-la-targul-imobiliar-timisoara_db\/#breadcrumb"},"inLanguage":"en","potentialAction":[{"@type":"ReadAction","target":["https:\/\/www.imobiliare.ro\/imoexpert\/ce-faci-in-weekend-te-asteptam-la-targul-imobiliar-timisoara_db\/"]}]},{"@type":"ImageObject","inLanguage":"en","@id":"https:\/\/www.imobiliare.ro\/imoexpert\/ce-faci-in-weekend-te-asteptam-la-targul-imobiliar-timisoara_db\/#primaryimage","url":"https:\/\/www.imobiliare.ro\/imoexpert\/wp-content\/uploads\/2026\/03\/targul-imobiliar-timisoara.jpeg","contentUrl":"https:\/\/www.imobiliare.ro\/imoexpert\/wp-content\/uploads\/2026\/03\/targul-imobiliar-timisoara.jpeg","width":1200,"height":600},{"@type":"BreadcrumbList","@id":"https:\/\/www.imobiliare.ro\/imoexpert\/ce-faci-in-weekend-te-asteptam-la-targul-imobiliar-timisoara_db\/#breadcrumb","itemListElement":[{"@type":"ListItem","position":1,"name":"Imoradar24","item":"https:\/\/www.imoradar24.ro"},{"@type":"ListItem","position":2,"name":"ImoExpert","item":"https:\/\/www.imobiliare.ro\/imoexpert\/"},{"@type":"ListItem","position":3,"name":"\u0218tiri","item":"https:\/\/www.imobiliare.ro\/imoexpert\/stiri\/"},{"@type":"ListItem","position":4,"name":"Ce faci \u00een weekend? Te a\u0219tept\u0103m la T\u00e2rgul Imobiliar Timi\u0219oara"}]},{"@type":"WebSite","@id":"https:\/\/www.imobiliare.ro\/imoexpert\/#website","url":"https:\/\/www.imobiliare.ro\/imoexpert\/","name":"ImoExpert","description":"cele mai importante \u015ftiri din domeniul imobiliar","publisher":{"@id":"https:\/\/www.imobiliare.ro\/imoexpert\/#organization"},"inLanguage":"en"},{"@type":"Organization","@id":"https:\/\/www.imobiliare.ro\/imoexpert\/#organization","name":"Imobiliare.ro","alternateName":"Realmedia Network SA","url":"https:\/\/www.imobiliare.ro\/imoexpert\/","logo":{"@type":"ImageObject","inLanguage":"en","@id":"https:\/\/www.imobiliare.ro\/imoexpert\/#\/schema\/logo\/image\/","url":"https:\/\/www.imobiliare.ro\/imoexpert\/wp-content\/uploads\/2025\/05\/imobiliare_logo.png","contentUrl":"https:\/\/www.imobiliare.ro\/imoexpert\/wp-content\/uploads\/2025\/05\/imobiliare_logo.png","width":237,"height":29,"caption":"Imobiliare.ro"},"image":{"@id":"https:\/\/www.imobiliare.ro\/imoexpert\/#\/schema\/logo\/image\/"}},{"@type":"Person","@id":"https:\/\/www.imobiliare.ro\/imoexpert\/#\/schema\/person\/9ffdfbf24b82f39fc75a2fc6c19e4e99","name":"Corina V\u00e2rlan","image":{"@type":"ImageObject","inLanguage":"en","@id":"https:\/\/www.imobiliare.ro\/imoexpert\/#\/schema\/person\/image\/","url":"https:\/\/www.imobiliare.ro\/imoexpert\/wp-content\/uploads\/2026\/02\/12-02-2025-5-rezumat-brasov-thumb-reels-1-1-96x96.png","contentUrl":"https:\/\/www.imobiliare.ro\/imoexpert\/wp-content\/uploads\/2026\/02\/12-02-2025-5-rezumat-brasov-thumb-reels-1-1-96x96.png","caption":"Corina V\u00e2rlan"},"description":"Cu o experien\u021b\u0103 de 14 ani \u00een presa online, comunicare \u0219i content marketing, Corina V\u00e2rlan s-a al\u0103turat echipei Imobiliare.ro \u00een urm\u0103 cu 8 ani \u0219i ocup\u0103, \u00een prezent, func\u021bia de Content Manager. Ea este gazda emisiunii \"\u00centreab\u0103 expertul\" \u0219i a seriei 5 \u0218tiri Imobiliare.ro, realizate \u00een parteneriat cu Libertatea. Corina \u00ee\u0219i concentreaz\u0103 activitatea pe analiza datelor de pia\u021b\u0103 \u0219i pe subiecte de interes at\u00e2t pentru cei afla\u021bi \u00een c\u0103utarea unei locuin\u021be, c\u00e2t \u0219i pentru proprietari sau chiria\u0219i.","alternateName":"Corina","jobTitle":"Content Manager","url":"https:\/\/www.imobiliare.ro\/imoexpert\/author\/corina-varlan\/"}]}},"_links":{"self":[{"href":"https:\/\/www.imobiliare.ro\/imoexpert\/wp-json\/wp\/v2\/posts\/75461","targetHints":{"allow":["GET"]}}],"collection":[{"href":"https:\/\/www.imobiliare.ro\/imoexpert\/wp-json\/wp\/v2\/posts"}],"about":[{"href":"https:\/\/www.imobiliare.ro\/imoexpert\/wp-json\/wp\/v2\/types\/post"}],"author":[{"embeddable":true,"href":"https:\/\/www.imobiliare.ro\/imoexpert\/wp-json\/wp\/v2\/users\/5891"}],"replies":[{"embeddable":true,"href":"https:\/\/www.imobiliare.ro\/imoexpert\/wp-json\/wp\/v2\/comments?post=75461"}],"version-history":[{"count":0,"href":"https:\/\/www.imobiliare.ro\/imoexpert\/wp-json\/wp\/v2\/posts\/75461\/revisions"}],"wp:featuredmedia":[{"embeddable":true,"href":"https:\/\/www.imobiliare.ro\/imoexpert\/wp-json\/wp\/v2\/media\/75462"}],"wp:attachment":[{"href":"https:\/\/www.imobiliare.ro\/imoexpert\/wp-json\/wp\/v2\/media?parent=75461"}],"wp:term":[{"taxonomy":"category","embeddable":true,"href":"https:\/\/www.imobiliare.ro\/imoexpert\/wp-json\/wp\/v2\/categories?post=75461"},{"taxonomy":"post_tag","embeddable":true,"href":"https:\/\/www.imobiliare.ro\/imoexpert\/wp-json\/wp\/v2\/tags?post=75461"},{"taxonomy":"content_author","embeddable":true,"href":"https:\/\/www.imobiliare.ro\/imoexpert\/wp-json\/wp\/v2\/content_author?post=75461"}],"curies":[{"name":"wp","href":"https:\/\/api.w.org\/{rel}","templated":true}]}}