{"id":75487,"date":"2026-03-12T12:59:20","date_gmt":"2026-03-12T10:59:20","guid":{"rendered":"https:\/\/www.imobiliare.ro\/imoexpert\/?p=75487"},"modified":"2026-03-12T13:13:21","modified_gmt":"2026-03-12T11:13:21","slug":"semne-de-dezmortire-pe-piata-imobiliara-numarul-tranzactiilor-in-crestere-fata-de-inceputul-lui-2026","status":"publish","type":"post","link":"https:\/\/www.imobiliare.ro\/imoexpert\/semne-de-dezmortire-pe-piata-imobiliara-numarul-tranzactiilor-in-crestere-fata-de-inceputul-lui-2026_db\/","title":{"rendered":"Semne de dezmor\u021bire pe pia\u021ba imobiliar\u0103. Num\u0103rul tranzac\u021biilor, \u00een cre\u0219tere fa\u021b\u0103 de \u00eenceputul lui 2026"},"content":{"rendered":"\n<figure class=\"wp-block-image size-full\"><img loading=\"lazy\" decoding=\"async\" width=\"1200\" height=\"600\" src=\"https:\/\/www.imobiliare.ro\/imoexpert\/wp-content\/uploads\/2026\/03\/cate-imobile-se-vand-in-romania.jpg\" alt=\"\" class=\"wp-image-75488\" srcset=\"https:\/\/www.imobiliare.ro\/imoexpert\/wp-content\/uploads\/2026\/03\/cate-imobile-se-vand-in-romania.jpg 1200w, https:\/\/www.imobiliare.ro\/imoexpert\/wp-content\/uploads\/2026\/03\/cate-imobile-se-vand-in-romania-770x385.jpg 770w, https:\/\/www.imobiliare.ro\/imoexpert\/wp-content\/uploads\/2026\/03\/cate-imobile-se-vand-in-romania-390x195.jpg 390w\" sizes=\"auto, (max-width: 1200px) 100vw, 1200px\" \/><\/figure>\n\n\n\n<p><strong>Pe parcursul lunii februarie au fost v\u00e2ndute, la nivelul \u00eentregii \u021b\u0103ri, 44.427 de imobile, cu 19.829 mai multe fa\u021b\u0103 de ianuarie, arat\u0103 datele Agen\u021biei Na\u021bionale de Cadastru \u0219i Publicitate Imobiliar\u0103 (ANCPI).<\/strong><\/p>\n\n\n\n<p>Cele mai multe v\u00e2nz\u0103ri de imobile au fost \u00eenregistrate \u00een Bucure\u0219ti \u0219i \u00een localit\u0103\u021bile din Ilfov. La nivelul Capitalei, Sectorul 3 conduce cu aproape 2.800 de tranzac\u021bii, acesta fiind urmat \u00een clasament de Sectorul 4 cu aproximativ 1.500 de imobile v\u00e2ndute.<\/p>\n\n\n\n<figure class=\"wp-block-image size-full\"><img loading=\"lazy\" decoding=\"async\" width=\"1200\" height=\"600\" src=\"https:\/\/www.imobiliare.ro\/imoexpert\/wp-content\/uploads\/2026\/03\/cele-mai-multe-tranzactii-imobiliare-se-fac-in-bucuresti-si-in-judetul-ilfov.jpg\" alt=\"\" class=\"wp-image-75489\" srcset=\"https:\/\/www.imobiliare.ro\/imoexpert\/wp-content\/uploads\/2026\/03\/cele-mai-multe-tranzactii-imobiliare-se-fac-in-bucuresti-si-in-judetul-ilfov.jpg 1200w, https:\/\/www.imobiliare.ro\/imoexpert\/wp-content\/uploads\/2026\/03\/cele-mai-multe-tranzactii-imobiliare-se-fac-in-bucuresti-si-in-judetul-ilfov-770x385.jpg 770w, https:\/\/www.imobiliare.ro\/imoexpert\/wp-content\/uploads\/2026\/03\/cele-mai-multe-tranzactii-imobiliare-se-fac-in-bucuresti-si-in-judetul-ilfov-390x195.jpg 390w\" sizes=\"auto, (max-width: 1200px) 100vw, 1200px\" \/><\/figure>\n\n\n\n<p><strong>C\u00e2te tranzac\u021bii s-au realizat \u00een februarie \u00een sectoarele bucure\u0219tene?<\/strong><\/p>\n\n\n\n<figure class=\"wp-block-table\"><table class=\"has-fixed-layout\"><tbody><tr><td><strong>Sector<\/strong><\/td><td><strong>Unit\u0103\u021bi individuale v\u00e2ndute<\/strong><\/td><td><strong>Total imobile v\u00e2ndute<\/strong><\/td><\/tr><tr><td>Sector 3<\/td><td>939<\/td><td>2.788<\/td><\/tr><tr><td>Sector 4<\/td><td>730<\/td><td>1.495<\/td><\/tr><tr><td>Sector 6<\/td><td>598<\/td><td>1.181<\/td><\/tr><tr><td>Sector 2<\/td><td>537<\/td><td>1.176<\/td><\/tr><tr><td>Sector 1<\/td><td>558<\/td><td>1.156<\/td><\/tr><tr><td>Sector 5<\/td><td>226<\/td><td>494<\/td><\/tr><\/tbody><\/table><figcaption class=\"wp-element-caption\">Surs\u0103, date ANCPI<\/figcaption><\/figure>\n\n\n\n<p>Dup\u0103 Bucure\u0219ti-Ilfov, jude\u021bele Cluj, Timi\u0219 \u0219i Ia\u0219i de\u021bin pozi\u021bii frunta\u0219e \u00een clasamentul na\u021bional. La polul opus s-au aflat jude\u021bele Teleorman, C\u0103l\u0103ra\u0219i \u0219i S\u0103laj, cu mai pu\u021bin de 300 de tranzac\u021bii.<\/p>\n\n\n\n<p><strong>Topul jude\u021belor unde s-au tranzac\u021bionat cele mai multe case, terenuri \u0219i apartamente \u00een februarie 2026<\/strong><\/p>\n\n\n\n<figure class=\"wp-block-table\"><table class=\"has-fixed-layout\"><tbody><tr><td>Lo<strong>c<\/strong><\/td><td><strong>Jude\u021b<\/strong><\/td><td><strong>Imobile v\u00e2ndute<\/strong><\/td><\/tr><tr><td>1<\/td><td>Bucure\u0219ti<\/td><td>8.290<\/td><\/tr><tr><td>2<\/td><td>Ilfov<\/td><td>3.520<\/td><\/tr><tr><td>3<\/td><td>Cluj<\/td><td>2.101<\/td><\/tr><tr><td>4<\/td><td>Timi\u0219<\/td><td>2.075<\/td><\/tr><tr><td>5<\/td><td>Ia\u0219i<\/td><td>1.971<\/td><\/tr><tr><td>6<\/td><td>Bra\u0219ov<\/td><td>1.901<\/td><\/tr><tr><td>7<\/td><td>Constan\u021ba<\/td><td>1.526<\/td><\/tr><tr><td>8<\/td><td>Bihor<\/td><td>1.259<\/td><\/tr><tr><td>9<\/td><td>Dolj<\/td><td>1.235<\/td><\/tr><tr><td>10<\/td><td>Suceava<\/td><td>1.189<\/td><\/tr><\/tbody><\/table><figcaption class=\"wp-element-caption\">Surs\u0103: date ANCPI<\/figcaption><\/figure>\n\n\n\n<p>La nivelul ora\u0219elor re\u0219edin\u021b\u0103 de jude\u021b, cele mai multe tranzac\u021bii au avut loc luna trecut\u0103 \u00een Bra\u0219ov, Cluj-Napoca \u0219i Ia\u0219i, iar cele mai pu\u021bine \u00een Alexadria. Doar 9 imobile au fost v\u00e2ndute \u00een ora\u0219ul din Teleorman<\/p>\n\n\n\n<p><strong>Topul ora\u0219elor re\u0219edin\u021b\u0103 de jude\u021b cu cele mai multe tranzac\u021bii imobiliare \u00een luna februarie 2026<\/strong><\/p>\n\n\n\n<figure class=\"wp-block-table\"><table class=\"has-fixed-layout\"><tbody><tr><td><strong>Loc<\/strong><\/td><td><strong>Ora\u0219<\/strong><\/td><td><strong>Imobile v\u00e2ndute<\/strong><\/td><\/tr><tr><td>1<\/td><td>Bra\u0219ov<\/td><td>976<\/td><\/tr><tr><td>2<\/td><td>Cluj-Napoca<\/td><td>742<\/td><\/tr><tr><td>3<\/td><td>Ia\u0219i<\/td><td>689<\/td><\/tr><tr><td>4<\/td><td>Timi\u0219oara<\/td><td>662<\/td><\/tr><tr><td>5<\/td><td>Constan\u021ba<\/td><td>613<\/td><\/tr><tr><td>6<\/td><td>Pope\u0219ti-Leordeni<\/td><td>513<\/td><\/tr><tr><td>7<\/td><td>Oradea<\/td><td>457<\/td><\/tr><tr><td>8<\/td><td>Arad<\/td><td>301<\/td><\/tr><tr><td>9<\/td><td>T\u00e2rgu Mure\u0219 <\/td><td>296<\/td><\/tr><tr><td>10<\/td><td>Gala\u021bi<\/td><td>278<\/td><\/tr><\/tbody><\/table><figcaption class=\"wp-element-caption\">Surs\u0103: date ANCPI<\/figcaption><\/figure>\n\n\n\n<p>\u00cen primele dou\u0103 luni ale acestui an au fost tranzac\u021bionate aproximativ 69.000 de imobile la nivel na\u021bional. \u00cen acela\u0219i interval din 2025, circa 82.800 de case, terenuri \u0219i apartamente au f\u0103cut obiectul tranzac\u021biilor.<\/p>\n\n\n\n<p class=\"has-medium-font-size\"><strong>Cite\u0219te \u0219i: <a class=\"article-body-links\"href=\"https:\/\/www.imobiliare.ro\/imoexpert\/preturile-apartamentelor-vechi-avanseaza-capitala-prinde-din-urma-brasovul-timisoara-ramane-cel-mai-ieftin-mare-oras-pentru-cumparatori_db\/\" target=\"_blank\" rel=\"noreferrer noopener\">Pre\u021burile apartamentelor vechi avanseaz\u0103. Capitala prinde din urm\u0103 Bra\u0219ovul, Timi\u0219oara r\u0103m\u00e2ne cel mai ieftin mare ora\u0219 pentru cump\u0103r\u0103tori<\/a><\/strong><\/p>\n\n\n\n<p class=\"has-medium-font-size\"><strong>Cite\u0219te \u0219i: <a class=\"article-body-links\"href=\"https:\/\/www.imobiliare.ro\/imoexpert\/cele-mai-multe-vanzari-de-locuinte-din-ilfov-se-fac-in-acest-proiect-imobiliar-investitiile-dezvoltatorului-depasesc-455-milioane-euro_db\/\" target=\"_blank\" rel=\"noreferrer noopener\">Cele mai multe v\u00e2nz\u0103ri de locuin\u021be din Ilfov se fac \u00een acest proiect imobiliar. Investi\u021biile dezvoltatorului dep\u0103\u0219esc 455 milioane euro<\/a><\/strong><\/p>\n","protected":false},"excerpt":{"rendered":"<p>\u00cen luna februarie s-au tranzac\u021bionat circa 44.400 de case, terenuri \u0219i apartamente \u00een Rom\u00e2nia.<\/p>\n","protected":false},"author":5891,"featured_media":75488,"comment_status":"open","ping_status":"open","sticky":false,"template":"","format":"standard","meta":{"footnotes":""},"categories":[2490,259],"tags":[834,354],"content_author":[],"class_list":["post-75487","post","type-post","status-publish","format-standard","has-post-thumbnail","hentry","category-profesionisti","category-stiri","tag-ancpi","tag-tranzactii"],"yoast_head":"<!-- This site is optimized with the Yoast SEO Premium plugin v27.0 (Yoast SEO v27.0) - https:\/\/yoast.com\/product\/yoast-seo-premium-wordpress\/ -->\n<title>Semne de dezmor\u021bire pe pia\u021ba imobiliar\u0103. Num\u0103rul tranzac\u021biilor, \u00een cre\u0219tere fa\u021b\u0103 de \u00eenceputul lui 2026 - Profesioni\u0219ti, \u0218tiri - ImoExpert<\/title>\n<meta name=\"description\" content=\"\u00cen luna februarie s-au tranzac\u021bionat circa 44.400 de case, terenuri \u0219i apartamente \u00een Rom\u00e2nia.\" \/>\n<meta name=\"robots\" content=\"index, follow\" \/>\n<link rel=\"canonical\" href=\"https:\/\/www.imobiliare.ro\/imoexpert\/semne-de-dezmortire-pe-piata-imobiliara-numarul-tranzactiilor-in-crestere-fata-de-inceputul-lui-2026_db\/\" \/>\n<meta property=\"og:locale\" content=\"ro_RO\" \/>\n<meta property=\"og:type\" content=\"article\" \/>\n<meta property=\"og:title\" content=\"Semne de dezmor\u021bire pe pia\u021ba imobiliar\u0103. Num\u0103rul tranzac\u021biilor, \u00een cre\u0219tere fa\u021b\u0103 de \u00eenceputul lui 2026\" \/>\n<meta property=\"og:description\" content=\"\u00cen luna februarie s-au tranzac\u021bionat circa 44.400 de case, terenuri \u0219i apartamente \u00een Rom\u00e2nia.\" \/>\n<meta property=\"og:url\" content=\"https:\/\/www.imobiliare.ro\/imoexpert\/semne-de-dezmortire-pe-piata-imobiliara-numarul-tranzactiilor-in-crestere-fata-de-inceputul-lui-2026_db\/\" \/>\n<meta property=\"og:site_name\" content=\"ImoExpert\" \/>\n<meta property=\"article:published_time\" content=\"2026-03-12T10:59:20+00:00\" \/>\n<meta property=\"article:modified_time\" content=\"2026-03-12T11:13:21+00:00\" \/>\n<meta property=\"og:image\" content=\"https:\/\/www.imobiliare.ro\/imoexpert\/wp-content\/uploads\/2026\/03\/cate-imobile-se-vand-in-romania.jpg\" \/>\n\t<meta property=\"og:image:width\" content=\"1200\" \/>\n\t<meta property=\"og:image:height\" content=\"600\" \/>\n\t<meta property=\"og:image:type\" content=\"image\/jpeg\" \/>\n<meta name=\"author\" content=\"Corina V\u00e2rlan\" \/>\n<meta name=\"twitter:card\" content=\"summary_large_image\" \/>\n<meta name=\"twitter:label1\" content=\"Written by\" \/>\n\t<meta name=\"twitter:data1\" content=\"Corina V\u00e2rlan\" \/>\n\t<meta name=\"twitter:label2\" content=\"Est. reading time\" \/>\n\t<meta name=\"twitter:data2\" content=\"3 minute\" \/>\n<script type=\"application\/ld+json\" class=\"yoast-schema-graph\">{\"@context\":\"https:\/\/schema.org\",\"@graph\":[{\"@type\":\"Article\",\"@id\":\"https:\/\/www.imobiliare.ro\/imoexpert\/semne-de-dezmortire-pe-piata-imobiliara-numarul-tranzactiilor-in-crestere-fata-de-inceputul-lui-2026_db\/#article\",\"isPartOf\":{\"@id\":\"https:\/\/www.imobiliare.ro\/imoexpert\/semne-de-dezmortire-pe-piata-imobiliara-numarul-tranzactiilor-in-crestere-fata-de-inceputul-lui-2026_db\/\"},\"author\":{\"name\":\"Corina V\u00e2rlan\",\"@id\":\"https:\/\/www.imobiliare.ro\/imoexpert\/#\/schema\/person\/9ffdfbf24b82f39fc75a2fc6c19e4e99\"},\"headline\":\"Semne de dezmor\u021bire pe pia\u021ba imobiliar\u0103. Num\u0103rul tranzac\u021biilor, \u00een cre\u0219tere fa\u021b\u0103 de \u00eenceputul lui 2026\",\"datePublished\":\"2026-03-12T10:59:20+00:00\",\"dateModified\":\"2026-03-12T11:13:21+00:00\",\"mainEntityOfPage\":{\"@id\":\"https:\/\/www.imobiliare.ro\/imoexpert\/semne-de-dezmortire-pe-piata-imobiliara-numarul-tranzactiilor-in-crestere-fata-de-inceputul-lui-2026_db\/\"},\"wordCount\":382,\"commentCount\":0,\"publisher\":{\"@id\":\"https:\/\/www.imobiliare.ro\/imoexpert\/#organization\"},\"image\":{\"@id\":\"https:\/\/www.imobiliare.ro\/imoexpert\/semne-de-dezmortire-pe-piata-imobiliara-numarul-tranzactiilor-in-crestere-fata-de-inceputul-lui-2026_db\/#primaryimage\"},\"thumbnailUrl\":\"https:\/\/www.imobiliare.ro\/imoexpert\/wp-content\/uploads\/2026\/03\/cate-imobile-se-vand-in-romania.jpg\",\"keywords\":[\"ANCPI\",\"tranzactii\"],\"articleSection\":[\"Profesioni\u0219ti\",\"\u0218tiri\"],\"inLanguage\":\"en\",\"potentialAction\":[{\"@type\":\"CommentAction\",\"name\":\"Comment\",\"target\":[\"https:\/\/www.imobiliare.ro\/imoexpert\/semne-de-dezmortire-pe-piata-imobiliara-numarul-tranzactiilor-in-crestere-fata-de-inceputul-lui-2026_db\/#respond\"]}],\"copyrightYear\":\"2026\",\"copyrightHolder\":{\"@id\":\"https:\/\/www.imobiliare.ro\/imoexpert\/#organization\"}},{\"@type\":\"WebPage\",\"@id\":\"https:\/\/www.imobiliare.ro\/imoexpert\/semne-de-dezmortire-pe-piata-imobiliara-numarul-tranzactiilor-in-crestere-fata-de-inceputul-lui-2026_db\/\",\"url\":\"https:\/\/www.imobiliare.ro\/imoexpert\/semne-de-dezmortire-pe-piata-imobiliara-numarul-tranzactiilor-in-crestere-fata-de-inceputul-lui-2026_db\/\",\"name\":\"Semne de dezmor\u021bire pe pia\u021ba imobiliar\u0103. Num\u0103rul tranzac\u021biilor, \u00een cre\u0219tere fa\u021b\u0103 de \u00eenceputul lui 2026 - Profesioni\u0219ti, \u0218tiri - ImoExpert\",\"isPartOf\":{\"@id\":\"https:\/\/www.imobiliare.ro\/imoexpert\/#website\"},\"primaryImageOfPage\":{\"@id\":\"https:\/\/www.imobiliare.ro\/imoexpert\/semne-de-dezmortire-pe-piata-imobiliara-numarul-tranzactiilor-in-crestere-fata-de-inceputul-lui-2026_db\/#primaryimage\"},\"image\":{\"@id\":\"https:\/\/www.imobiliare.ro\/imoexpert\/semne-de-dezmortire-pe-piata-imobiliara-numarul-tranzactiilor-in-crestere-fata-de-inceputul-lui-2026_db\/#primaryimage\"},\"thumbnailUrl\":\"https:\/\/www.imobiliare.ro\/imoexpert\/wp-content\/uploads\/2026\/03\/cate-imobile-se-vand-in-romania.jpg\",\"datePublished\":\"2026-03-12T10:59:20+00:00\",\"dateModified\":\"2026-03-12T11:13:21+00:00\",\"description\":\"\u00cen luna februarie s-au tranzac\u021bionat circa 44.400 de case, terenuri \u0219i apartamente \u00een Rom\u00e2nia.\",\"breadcrumb\":{\"@id\":\"https:\/\/www.imobiliare.ro\/imoexpert\/semne-de-dezmortire-pe-piata-imobiliara-numarul-tranzactiilor-in-crestere-fata-de-inceputul-lui-2026_db\/#breadcrumb\"},\"inLanguage\":\"en\",\"potentialAction\":[{\"@type\":\"ReadAction\",\"target\":[\"https:\/\/www.imobiliare.ro\/imoexpert\/semne-de-dezmortire-pe-piata-imobiliara-numarul-tranzactiilor-in-crestere-fata-de-inceputul-lui-2026_db\/\"]}]},{\"@type\":\"ImageObject\",\"inLanguage\":\"en\",\"@id\":\"https:\/\/www.imobiliare.ro\/imoexpert\/semne-de-dezmortire-pe-piata-imobiliara-numarul-tranzactiilor-in-crestere-fata-de-inceputul-lui-2026_db\/#primaryimage\",\"url\":\"https:\/\/www.imobiliare.ro\/imoexpert\/wp-content\/uploads\/2026\/03\/cate-imobile-se-vand-in-romania.jpg\",\"contentUrl\":\"https:\/\/www.imobiliare.ro\/imoexpert\/wp-content\/uploads\/2026\/03\/cate-imobile-se-vand-in-romania.jpg\",\"width\":1200,\"height\":600},{\"@type\":\"BreadcrumbList\",\"@id\":\"https:\/\/www.imobiliare.ro\/imoexpert\/semne-de-dezmortire-pe-piata-imobiliara-numarul-tranzactiilor-in-crestere-fata-de-inceputul-lui-2026_db\/#breadcrumb\",\"itemListElement\":[{\"@type\":\"ListItem\",\"position\":1,\"name\":\"Imoradar24\",\"item\":\"https:\/\/www.imoradar24.ro\"},{\"@type\":\"ListItem\",\"position\":2,\"name\":\"ImoExpert\",\"item\":\"https:\/\/www.imobiliare.ro\/imoexpert\/\"},{\"@type\":\"ListItem\",\"position\":3,\"name\":\"\u0218tiri\",\"item\":\"https:\/\/www.imobiliare.ro\/imoexpert\/stiri\/\"},{\"@type\":\"ListItem\",\"position\":4,\"name\":\"Semne de dezmor\u021bire pe pia\u021ba imobiliar\u0103. Num\u0103rul tranzac\u021biilor, \u00een cre\u0219tere fa\u021b\u0103 de \u00eenceputul lui 2026\"}]},{\"@type\":\"WebSite\",\"@id\":\"https:\/\/www.imobiliare.ro\/imoexpert\/#website\",\"url\":\"https:\/\/www.imobiliare.ro\/imoexpert\/\",\"name\":\"ImoExpert\",\"description\":\"cele mai importante \u015ftiri din domeniul imobiliar\",\"publisher\":{\"@id\":\"https:\/\/www.imobiliare.ro\/imoexpert\/#organization\"},\"inLanguage\":\"en\"},{\"@type\":\"Organization\",\"@id\":\"https:\/\/www.imobiliare.ro\/imoexpert\/#organization\",\"name\":\"Imobiliare.ro\",\"alternateName\":\"Realmedia Network SA\",\"url\":\"https:\/\/www.imobiliare.ro\/imoexpert\/\",\"logo\":{\"@type\":\"ImageObject\",\"inLanguage\":\"en\",\"@id\":\"https:\/\/www.imobiliare.ro\/imoexpert\/#\/schema\/logo\/image\/\",\"url\":\"https:\/\/www.imobiliare.ro\/imoexpert\/wp-content\/uploads\/2025\/05\/imobiliare_logo.png\",\"contentUrl\":\"https:\/\/www.imobiliare.ro\/imoexpert\/wp-content\/uploads\/2025\/05\/imobiliare_logo.png\",\"width\":237,\"height\":29,\"caption\":\"Imobiliare.ro\"},\"image\":{\"@id\":\"https:\/\/www.imobiliare.ro\/imoexpert\/#\/schema\/logo\/image\/\"}},{\"@type\":\"Person\",\"@id\":\"https:\/\/www.imobiliare.ro\/imoexpert\/#\/schema\/person\/9ffdfbf24b82f39fc75a2fc6c19e4e99\",\"name\":\"Corina V\u00e2rlan\",\"image\":{\"@type\":\"ImageObject\",\"inLanguage\":\"en\",\"@id\":\"https:\/\/www.imobiliare.ro\/imoexpert\/#\/schema\/person\/image\/\",\"url\":\"https:\/\/www.imobiliare.ro\/imoexpert\/wp-content\/uploads\/2026\/02\/12-02-2025-5-rezumat-brasov-thumb-reels-1-1-96x96.png\",\"contentUrl\":\"https:\/\/www.imobiliare.ro\/imoexpert\/wp-content\/uploads\/2026\/02\/12-02-2025-5-rezumat-brasov-thumb-reels-1-1-96x96.png\",\"caption\":\"Corina V\u00e2rlan\"},\"description\":\"Cu o experien\u021b\u0103 de 14 ani \u00een presa online, comunicare \u0219i content marketing, Corina V\u00e2rlan s-a al\u0103turat echipei Imobiliare.ro \u00een urm\u0103 cu 8 ani \u0219i ocup\u0103, \u00een prezent, func\u021bia de Content Manager. Ea este gazda emisiunii \\\"\u00centreab\u0103 expertul\\\" \u0219i a seriei 5 \u0218tiri Imobiliare.ro, realizate \u00een parteneriat cu Libertatea. Corina \u00ee\u0219i concentreaz\u0103 activitatea pe analiza datelor de pia\u021b\u0103 \u0219i pe subiecte de interes at\u00e2t pentru cei afla\u021bi \u00een c\u0103utarea unei locuin\u021be, c\u00e2t \u0219i pentru proprietari sau chiria\u0219i.\",\"alternateName\":\"Corina\",\"jobTitle\":\"Content Manager\",\"url\":\"https:\/\/www.imobiliare.ro\/imoexpert\/author\/corina-varlan\/\"}]}<\/script>\n<!-- \/ Yoast SEO Premium plugin. -->","yoast_head_json":{"title":"Semne de dezmor\u021bire pe pia\u021ba imobiliar\u0103. Num\u0103rul tranzac\u021biilor, \u00een cre\u0219tere fa\u021b\u0103 de \u00eenceputul lui 2026 - Profesioni\u0219ti, \u0218tiri - ImoExpert","description":"\u00cen luna februarie s-au tranzac\u021bionat circa 44.400 de case, terenuri \u0219i apartamente \u00een Rom\u00e2nia.","robots":{"index":"index","follow":"follow"},"canonical":"https:\/\/www.imobiliare.ro\/imoexpert\/semne-de-dezmortire-pe-piata-imobiliara-numarul-tranzactiilor-in-crestere-fata-de-inceputul-lui-2026_db\/","og_locale":"ro_RO","og_type":"article","og_title":"Semne de dezmor\u021bire pe pia\u021ba imobiliar\u0103. Num\u0103rul tranzac\u021biilor, \u00een cre\u0219tere fa\u021b\u0103 de \u00eenceputul lui 2026","og_description":"\u00cen luna februarie s-au tranzac\u021bionat circa 44.400 de case, terenuri \u0219i apartamente \u00een Rom\u00e2nia.","og_url":"https:\/\/www.imobiliare.ro\/imoexpert\/semne-de-dezmortire-pe-piata-imobiliara-numarul-tranzactiilor-in-crestere-fata-de-inceputul-lui-2026_db\/","og_site_name":"ImoExpert","article_published_time":"2026-03-12T10:59:20+00:00","article_modified_time":"2026-03-12T11:13:21+00:00","og_image":[{"width":1200,"height":600,"url":"https:\/\/www.imobiliare.ro\/imoexpert\/wp-content\/uploads\/2026\/03\/cate-imobile-se-vand-in-romania.jpg","type":"image\/jpeg"}],"author":"Corina V\u00e2rlan","twitter_card":"summary_large_image","twitter_misc":{"Written by":"Corina V\u00e2rlan","Est. reading time":"3 minute"},"schema":{"@context":"https:\/\/schema.org","@graph":[{"@type":"Article","@id":"https:\/\/www.imobiliare.ro\/imoexpert\/semne-de-dezmortire-pe-piata-imobiliara-numarul-tranzactiilor-in-crestere-fata-de-inceputul-lui-2026_db\/#article","isPartOf":{"@id":"https:\/\/www.imobiliare.ro\/imoexpert\/semne-de-dezmortire-pe-piata-imobiliara-numarul-tranzactiilor-in-crestere-fata-de-inceputul-lui-2026_db\/"},"author":{"name":"Corina V\u00e2rlan","@id":"https:\/\/www.imobiliare.ro\/imoexpert\/#\/schema\/person\/9ffdfbf24b82f39fc75a2fc6c19e4e99"},"headline":"Semne de dezmor\u021bire pe pia\u021ba imobiliar\u0103. Num\u0103rul tranzac\u021biilor, \u00een cre\u0219tere fa\u021b\u0103 de \u00eenceputul lui 2026","datePublished":"2026-03-12T10:59:20+00:00","dateModified":"2026-03-12T11:13:21+00:00","mainEntityOfPage":{"@id":"https:\/\/www.imobiliare.ro\/imoexpert\/semne-de-dezmortire-pe-piata-imobiliara-numarul-tranzactiilor-in-crestere-fata-de-inceputul-lui-2026_db\/"},"wordCount":382,"commentCount":0,"publisher":{"@id":"https:\/\/www.imobiliare.ro\/imoexpert\/#organization"},"image":{"@id":"https:\/\/www.imobiliare.ro\/imoexpert\/semne-de-dezmortire-pe-piata-imobiliara-numarul-tranzactiilor-in-crestere-fata-de-inceputul-lui-2026_db\/#primaryimage"},"thumbnailUrl":"https:\/\/www.imobiliare.ro\/imoexpert\/wp-content\/uploads\/2026\/03\/cate-imobile-se-vand-in-romania.jpg","keywords":["ANCPI","tranzactii"],"articleSection":["Profesioni\u0219ti","\u0218tiri"],"inLanguage":"en","potentialAction":[{"@type":"CommentAction","name":"Comment","target":["https:\/\/www.imobiliare.ro\/imoexpert\/semne-de-dezmortire-pe-piata-imobiliara-numarul-tranzactiilor-in-crestere-fata-de-inceputul-lui-2026_db\/#respond"]}],"copyrightYear":"2026","copyrightHolder":{"@id":"https:\/\/www.imobiliare.ro\/imoexpert\/#organization"}},{"@type":"WebPage","@id":"https:\/\/www.imobiliare.ro\/imoexpert\/semne-de-dezmortire-pe-piata-imobiliara-numarul-tranzactiilor-in-crestere-fata-de-inceputul-lui-2026_db\/","url":"https:\/\/www.imobiliare.ro\/imoexpert\/semne-de-dezmortire-pe-piata-imobiliara-numarul-tranzactiilor-in-crestere-fata-de-inceputul-lui-2026_db\/","name":"Semne de dezmor\u021bire pe pia\u021ba imobiliar\u0103. Num\u0103rul tranzac\u021biilor, \u00een cre\u0219tere fa\u021b\u0103 de \u00eenceputul lui 2026 - Profesioni\u0219ti, \u0218tiri - ImoExpert","isPartOf":{"@id":"https:\/\/www.imobiliare.ro\/imoexpert\/#website"},"primaryImageOfPage":{"@id":"https:\/\/www.imobiliare.ro\/imoexpert\/semne-de-dezmortire-pe-piata-imobiliara-numarul-tranzactiilor-in-crestere-fata-de-inceputul-lui-2026_db\/#primaryimage"},"image":{"@id":"https:\/\/www.imobiliare.ro\/imoexpert\/semne-de-dezmortire-pe-piata-imobiliara-numarul-tranzactiilor-in-crestere-fata-de-inceputul-lui-2026_db\/#primaryimage"},"thumbnailUrl":"https:\/\/www.imobiliare.ro\/imoexpert\/wp-content\/uploads\/2026\/03\/cate-imobile-se-vand-in-romania.jpg","datePublished":"2026-03-12T10:59:20+00:00","dateModified":"2026-03-12T11:13:21+00:00","description":"\u00cen luna februarie s-au tranzac\u021bionat circa 44.400 de case, terenuri \u0219i apartamente \u00een Rom\u00e2nia.","breadcrumb":{"@id":"https:\/\/www.imobiliare.ro\/imoexpert\/semne-de-dezmortire-pe-piata-imobiliara-numarul-tranzactiilor-in-crestere-fata-de-inceputul-lui-2026_db\/#breadcrumb"},"inLanguage":"en","potentialAction":[{"@type":"ReadAction","target":["https:\/\/www.imobiliare.ro\/imoexpert\/semne-de-dezmortire-pe-piata-imobiliara-numarul-tranzactiilor-in-crestere-fata-de-inceputul-lui-2026_db\/"]}]},{"@type":"ImageObject","inLanguage":"en","@id":"https:\/\/www.imobiliare.ro\/imoexpert\/semne-de-dezmortire-pe-piata-imobiliara-numarul-tranzactiilor-in-crestere-fata-de-inceputul-lui-2026_db\/#primaryimage","url":"https:\/\/www.imobiliare.ro\/imoexpert\/wp-content\/uploads\/2026\/03\/cate-imobile-se-vand-in-romania.jpg","contentUrl":"https:\/\/www.imobiliare.ro\/imoexpert\/wp-content\/uploads\/2026\/03\/cate-imobile-se-vand-in-romania.jpg","width":1200,"height":600},{"@type":"BreadcrumbList","@id":"https:\/\/www.imobiliare.ro\/imoexpert\/semne-de-dezmortire-pe-piata-imobiliara-numarul-tranzactiilor-in-crestere-fata-de-inceputul-lui-2026_db\/#breadcrumb","itemListElement":[{"@type":"ListItem","position":1,"name":"Imoradar24","item":"https:\/\/www.imoradar24.ro"},{"@type":"ListItem","position":2,"name":"ImoExpert","item":"https:\/\/www.imobiliare.ro\/imoexpert\/"},{"@type":"ListItem","position":3,"name":"\u0218tiri","item":"https:\/\/www.imobiliare.ro\/imoexpert\/stiri\/"},{"@type":"ListItem","position":4,"name":"Semne de dezmor\u021bire pe pia\u021ba imobiliar\u0103. Num\u0103rul tranzac\u021biilor, \u00een cre\u0219tere fa\u021b\u0103 de \u00eenceputul lui 2026"}]},{"@type":"WebSite","@id":"https:\/\/www.imobiliare.ro\/imoexpert\/#website","url":"https:\/\/www.imobiliare.ro\/imoexpert\/","name":"ImoExpert","description":"cele mai importante \u015ftiri din domeniul imobiliar","publisher":{"@id":"https:\/\/www.imobiliare.ro\/imoexpert\/#organization"},"inLanguage":"en"},{"@type":"Organization","@id":"https:\/\/www.imobiliare.ro\/imoexpert\/#organization","name":"Imobiliare.ro","alternateName":"Realmedia Network SA","url":"https:\/\/www.imobiliare.ro\/imoexpert\/","logo":{"@type":"ImageObject","inLanguage":"en","@id":"https:\/\/www.imobiliare.ro\/imoexpert\/#\/schema\/logo\/image\/","url":"https:\/\/www.imobiliare.ro\/imoexpert\/wp-content\/uploads\/2025\/05\/imobiliare_logo.png","contentUrl":"https:\/\/www.imobiliare.ro\/imoexpert\/wp-content\/uploads\/2025\/05\/imobiliare_logo.png","width":237,"height":29,"caption":"Imobiliare.ro"},"image":{"@id":"https:\/\/www.imobiliare.ro\/imoexpert\/#\/schema\/logo\/image\/"}},{"@type":"Person","@id":"https:\/\/www.imobiliare.ro\/imoexpert\/#\/schema\/person\/9ffdfbf24b82f39fc75a2fc6c19e4e99","name":"Corina V\u00e2rlan","image":{"@type":"ImageObject","inLanguage":"en","@id":"https:\/\/www.imobiliare.ro\/imoexpert\/#\/schema\/person\/image\/","url":"https:\/\/www.imobiliare.ro\/imoexpert\/wp-content\/uploads\/2026\/02\/12-02-2025-5-rezumat-brasov-thumb-reels-1-1-96x96.png","contentUrl":"https:\/\/www.imobiliare.ro\/imoexpert\/wp-content\/uploads\/2026\/02\/12-02-2025-5-rezumat-brasov-thumb-reels-1-1-96x96.png","caption":"Corina V\u00e2rlan"},"description":"Cu o experien\u021b\u0103 de 14 ani \u00een presa online, comunicare \u0219i content marketing, Corina V\u00e2rlan s-a al\u0103turat echipei Imobiliare.ro \u00een urm\u0103 cu 8 ani \u0219i ocup\u0103, \u00een prezent, func\u021bia de Content Manager. Ea este gazda emisiunii \"\u00centreab\u0103 expertul\" \u0219i a seriei 5 \u0218tiri Imobiliare.ro, realizate \u00een parteneriat cu Libertatea. Corina \u00ee\u0219i concentreaz\u0103 activitatea pe analiza datelor de pia\u021b\u0103 \u0219i pe subiecte de interes at\u00e2t pentru cei afla\u021bi \u00een c\u0103utarea unei locuin\u021be, c\u00e2t \u0219i pentru proprietari sau chiria\u0219i.","alternateName":"Corina","jobTitle":"Content Manager","url":"https:\/\/www.imobiliare.ro\/imoexpert\/author\/corina-varlan\/"}]}},"_links":{"self":[{"href":"https:\/\/www.imobiliare.ro\/imoexpert\/wp-json\/wp\/v2\/posts\/75487","targetHints":{"allow":["GET"]}}],"collection":[{"href":"https:\/\/www.imobiliare.ro\/imoexpert\/wp-json\/wp\/v2\/posts"}],"about":[{"href":"https:\/\/www.imobiliare.ro\/imoexpert\/wp-json\/wp\/v2\/types\/post"}],"author":[{"embeddable":true,"href":"https:\/\/www.imobiliare.ro\/imoexpert\/wp-json\/wp\/v2\/users\/5891"}],"replies":[{"embeddable":true,"href":"https:\/\/www.imobiliare.ro\/imoexpert\/wp-json\/wp\/v2\/comments?post=75487"}],"version-history":[{"count":0,"href":"https:\/\/www.imobiliare.ro\/imoexpert\/wp-json\/wp\/v2\/posts\/75487\/revisions"}],"wp:featuredmedia":[{"embeddable":true,"href":"https:\/\/www.imobiliare.ro\/imoexpert\/wp-json\/wp\/v2\/media\/75488"}],"wp:attachment":[{"href":"https:\/\/www.imobiliare.ro\/imoexpert\/wp-json\/wp\/v2\/media?parent=75487"}],"wp:term":[{"taxonomy":"category","embeddable":true,"href":"https:\/\/www.imobiliare.ro\/imoexpert\/wp-json\/wp\/v2\/categories?post=75487"},{"taxonomy":"post_tag","embeddable":true,"href":"https:\/\/www.imobiliare.ro\/imoexpert\/wp-json\/wp\/v2\/tags?post=75487"},{"taxonomy":"content_author","embeddable":true,"href":"https:\/\/www.imobiliare.ro\/imoexpert\/wp-json\/wp\/v2\/content_author?post=75487"}],"curies":[{"name":"wp","href":"https:\/\/api.w.org\/{rel}","templated":true}]}}