{"id":75556,"date":"2026-03-18T15:55:30","date_gmt":"2026-03-18T13:55:30","guid":{"rendered":"https:\/\/www.imobiliare.ro\/imoexpert\/?p=75556"},"modified":"2026-03-23T13:52:30","modified_gmt":"2026-03-23T11:52:30","slug":"apartamente-case-si-terenuri-saptamana-viitoare-la-targul-imobiliar-craiova-participa-si-tu","status":"publish","type":"post","link":"https:\/\/www.imobiliare.ro\/imoexpert\/apartamente-case-si-terenuri-saptamana-viitoare-la-targul-imobiliar-craiova-participa-si-tu_db\/","title":{"rendered":"Apartamente, case \u0219i terenuri la T\u00e2rgul Imobiliar Craiova. Particip\u0103 \u0219i tu!"},"content":{"rendered":"\n<figure class=\"wp-block-image size-full\"><img loading=\"lazy\" decoding=\"async\" width=\"1200\" height=\"600\" src=\"https:\/\/www.imobiliare.ro\/imoexpert\/wp-content\/uploads\/2026\/03\/targ-craiova.jpg\" alt=\"\" class=\"wp-image-75557\" srcset=\"https:\/\/www.imobiliare.ro\/imoexpert\/wp-content\/uploads\/2026\/03\/targ-craiova.jpg 1200w, https:\/\/www.imobiliare.ro\/imoexpert\/wp-content\/uploads\/2026\/03\/targ-craiova-770x385.jpg 770w, https:\/\/www.imobiliare.ro\/imoexpert\/wp-content\/uploads\/2026\/03\/targ-craiova-390x195.jpg 390w\" sizes=\"auto, (max-width: 1200px) 100vw, 1200px\" \/><\/figure>\n\n\n\n<p><strong>T\u00e2rgul Imobiliar Craiova va fi organizat \u00een mall-ul Promenada. Expozan\u021bii vin la eveniment cu o ofert\u0103 variat\u0103, dar \u0219i cu reduceri speciale \u0219i promo\u021bii exclusive pentru achizi\u021biile realizate \u00een cadrul t\u00e2rgului.<\/strong><\/p>\n\n\n\n<p>La evenimentul organizat de <strong>Indago \u0219i sus\u021binut de BCR \u0219i Imobiliare.ro<\/strong>, vei g\u0103si apartamente, case \u0219i terenuri. Particip\u0103 inclusiv <strong>dezvoltatori imobiliari <\/strong>care vin s\u0103-\u021bi prezinte cele mai noi proiecte. Printre expozan\u021bi se num\u0103r\u0103 <a class=\"article-body-links\"href=\"https:\/\/www.imobiliare.ro\/ansamblu-rezidential\/valletta-towers-central\">Valletta Towers<\/a>, <a class=\"article-body-links\"href=\"https:\/\/www.imobiliare.ro\/ansamblu-rezidential\/magnolia-residence-nord-est\">Magnolia Residence<\/a>, <a class=\"article-body-links\"href=\"https:\/\/www.imobiliare.ro\/ansamblu-rezidential\/romanescu-park-residence-romanesti\">Romanescu Park Residence<\/a>, dar \u0219i unele dintre <strong>cele mai mari agen\u021bii imobiliare <\/strong>active pe pia\u021ba local\u0103.<\/p>\n\n\n\n<figure class=\"wp-block-image size-large\"><a class=\"article-body-links\"href=\"https:\/\/www.imobiliare.ro\/targul-imobiliar-craiova\" target=\"_blank\" rel=\" noreferrer noopener\"><img loading=\"lazy\" decoding=\"async\" width=\"1024\" height=\"1024\" src=\"https:\/\/www.imobiliare.ro\/imoexpert\/wp-content\/uploads\/2026\/02\/targul-imobiliar-craiova-1024x1024.jpg\" alt=\"\" class=\"wp-image-75320\" srcset=\"https:\/\/www.imobiliare.ro\/imoexpert\/wp-content\/uploads\/2026\/02\/targul-imobiliar-craiova-1024x1024.jpg 1024w, https:\/\/www.imobiliare.ro\/imoexpert\/wp-content\/uploads\/2026\/02\/targul-imobiliar-craiova-770x770.jpg 770w, https:\/\/www.imobiliare.ro\/imoexpert\/wp-content\/uploads\/2026\/02\/targul-imobiliar-craiova-300x300.jpg 300w, https:\/\/www.imobiliare.ro\/imoexpert\/wp-content\/uploads\/2026\/02\/targul-imobiliar-craiova-390x390.jpg 390w, https:\/\/www.imobiliare.ro\/imoexpert\/wp-content\/uploads\/2026\/02\/targul-imobiliar-craiova.jpg 1080w\" sizes=\"auto, (max-width: 1024px) 100vw, 1024px\" \/><\/a><\/figure>\n\n\n\n<p>\u00cen cadrul T\u00e2rgului Imobiliar Craiova va fi organizat\u0103 o <strong>tombol\u0103<\/strong> la care vizitatorii se vor putea \u00eenscrie pentru a c\u00e2\u0219tiga premii oferite de c\u0103tre expozan\u021bi. Un alt moment special g\u00e2ndit de organizatori cu ocazia acestui eveniment este un <strong>\u201ctreasure hunt\u201d<\/strong> (n.r. o v\u00e2n\u0103toare de comori). Particip\u0103 pe <strong>28-29 martie, \u00eentre orele 12:00-20:00<\/strong>, la t\u00e2rg \u0219i intr\u0103 \u00een joc!<\/p>\n\n\n\n<p>Cei mici vor avea parte, la r\u00e2ndul lor, de distrac\u021bie \u00een cadrul evenimentului organizat \u00een <strong>zona Food Court a mall-ului Promenada<\/strong>. Ace\u0219tia vor fi a\u0219tepta\u021bi cu baloane \u0219i vor putea s\u0103 participe la sesiuni de <strong>face painting<\/strong>. <strong><a class=\"article-body-links\"href=\"https:\/\/www.imobiliare.ro\/targul-imobiliar-craiova\" target=\"_blank\" rel=\"noreferrer noopener\">Afl\u0103 AICI mai multe detalii despre T\u00e2rgul Imobiliar Craiova.<\/a><\/strong><\/p>\n\n\n\n<p>Te a\u0219tept\u0103m la T\u00e2rgul Imobiliar Craiova! <strong>Intrarea este gratuit\u0103.<\/strong><\/p>\n","protected":false},"excerpt":{"rendered":"<p>Te invit\u0103m la edi\u021bia a doua a T\u00e2rgului Imobiliar Craiova, eveniment sus\u021binut de BCR  \u0219i Imobiliare.ro. Intrarea este gratuit\u0103.<\/p>\n","protected":false},"author":5891,"featured_media":75557,"comment_status":"open","ping_status":"open","sticky":false,"template":"","format":"standard","meta":{"footnotes":""},"categories":[259],"tags":[2306,2119,1276,386],"content_author":[],"class_list":["post-75556","post","type-post","status-publish","format-standard","has-post-thumbnail","hentry","category-stiri","tag-apartamente-craiova","tag-craiova","tag-dezvoltatori-imobiliari","tag-targ-imobiliar"],"yoast_head":"<!-- This site is optimized with the Yoast SEO Premium plugin v27.0 (Yoast SEO v27.0) - https:\/\/yoast.com\/product\/yoast-seo-premium-wordpress\/ -->\n<title>Apartamente, case \u0219i terenuri la T\u00e2rgul Imobiliar Craiova. Particip\u0103 \u0219i tu! - \u0218tiri - ImoExpert<\/title>\n<meta name=\"description\" content=\"Te invit\u0103m la edi\u021bia a doua a T\u00e2rgului Imobiliar Craiova, eveniment sus\u021binut de BCR \u0219i Imobiliare.ro. Intrarea este gratuit\u0103.\" \/>\n<meta name=\"robots\" content=\"index, follow\" \/>\n<link rel=\"canonical\" href=\"https:\/\/www.imobiliare.ro\/imoexpert\/apartamente-case-si-terenuri-saptamana-viitoare-la-targul-imobiliar-craiova-participa-si-tu_db\/\" \/>\n<meta property=\"og:locale\" content=\"ro_RO\" \/>\n<meta property=\"og:type\" content=\"article\" \/>\n<meta property=\"og:title\" content=\"Apartamente, case \u0219i terenuri la T\u00e2rgul Imobiliar Craiova. Particip\u0103 \u0219i tu!\" \/>\n<meta property=\"og:description\" content=\"Te invit\u0103m la edi\u021bia a doua a T\u00e2rgului Imobiliar Craiova, eveniment sus\u021binut de BCR \u0219i Imobiliare.ro. Intrarea este gratuit\u0103.\" \/>\n<meta property=\"og:url\" content=\"https:\/\/www.imobiliare.ro\/imoexpert\/apartamente-case-si-terenuri-saptamana-viitoare-la-targul-imobiliar-craiova-participa-si-tu_db\/\" \/>\n<meta property=\"og:site_name\" content=\"ImoExpert\" \/>\n<meta property=\"article:published_time\" content=\"2026-03-18T13:55:30+00:00\" \/>\n<meta property=\"article:modified_time\" content=\"2026-03-23T11:52:30+00:00\" \/>\n<meta property=\"og:image\" content=\"https:\/\/www.imobiliare.ro\/imoexpert\/wp-content\/uploads\/2026\/03\/targ-craiova.jpg\" \/>\n\t<meta property=\"og:image:width\" content=\"1200\" \/>\n\t<meta property=\"og:image:height\" content=\"600\" \/>\n\t<meta property=\"og:image:type\" content=\"image\/jpeg\" \/>\n<meta name=\"author\" content=\"Corina V\u00e2rlan\" \/>\n<meta name=\"twitter:card\" content=\"summary_large_image\" \/>\n<meta name=\"twitter:label1\" content=\"Written by\" \/>\n\t<meta name=\"twitter:data1\" content=\"Corina V\u00e2rlan\" \/>\n\t<meta name=\"twitter:label2\" content=\"Est. reading time\" \/>\n\t<meta name=\"twitter:data2\" content=\"2 minute\" \/>\n<script type=\"application\/ld+json\" class=\"yoast-schema-graph\">{\"@context\":\"https:\/\/schema.org\",\"@graph\":[{\"@type\":\"Article\",\"@id\":\"https:\/\/www.imobiliare.ro\/imoexpert\/apartamente-case-si-terenuri-saptamana-viitoare-la-targul-imobiliar-craiova-participa-si-tu_db\/#article\",\"isPartOf\":{\"@id\":\"https:\/\/www.imobiliare.ro\/imoexpert\/apartamente-case-si-terenuri-saptamana-viitoare-la-targul-imobiliar-craiova-participa-si-tu_db\/\"},\"author\":{\"name\":\"Corina V\u00e2rlan\",\"@id\":\"https:\/\/www.imobiliare.ro\/imoexpert\/#\/schema\/person\/9ffdfbf24b82f39fc75a2fc6c19e4e99\"},\"headline\":\"Apartamente, case \u0219i terenuri la T\u00e2rgul Imobiliar Craiova. Particip\u0103 \u0219i tu!\",\"datePublished\":\"2026-03-18T13:55:30+00:00\",\"dateModified\":\"2026-03-23T11:52:30+00:00\",\"mainEntityOfPage\":{\"@id\":\"https:\/\/www.imobiliare.ro\/imoexpert\/apartamente-case-si-terenuri-saptamana-viitoare-la-targul-imobiliar-craiova-participa-si-tu_db\/\"},\"wordCount\":241,\"commentCount\":0,\"publisher\":{\"@id\":\"https:\/\/www.imobiliare.ro\/imoexpert\/#organization\"},\"image\":{\"@id\":\"https:\/\/www.imobiliare.ro\/imoexpert\/apartamente-case-si-terenuri-saptamana-viitoare-la-targul-imobiliar-craiova-participa-si-tu_db\/#primaryimage\"},\"thumbnailUrl\":\"https:\/\/www.imobiliare.ro\/imoexpert\/wp-content\/uploads\/2026\/03\/targ-craiova.jpg\",\"keywords\":[\"apartamente Craiova\",\"Craiova\",\"dezvoltatori imobiliari\",\"targ imobiliar\"],\"articleSection\":[\"\u0218tiri\"],\"inLanguage\":\"en\",\"potentialAction\":[{\"@type\":\"CommentAction\",\"name\":\"Comment\",\"target\":[\"https:\/\/www.imobiliare.ro\/imoexpert\/apartamente-case-si-terenuri-saptamana-viitoare-la-targul-imobiliar-craiova-participa-si-tu_db\/#respond\"]}],\"copyrightYear\":\"2026\",\"copyrightHolder\":{\"@id\":\"https:\/\/www.imobiliare.ro\/imoexpert\/#organization\"}},{\"@type\":\"WebPage\",\"@id\":\"https:\/\/www.imobiliare.ro\/imoexpert\/apartamente-case-si-terenuri-saptamana-viitoare-la-targul-imobiliar-craiova-participa-si-tu_db\/\",\"url\":\"https:\/\/www.imobiliare.ro\/imoexpert\/apartamente-case-si-terenuri-saptamana-viitoare-la-targul-imobiliar-craiova-participa-si-tu_db\/\",\"name\":\"Apartamente, case \u0219i terenuri la T\u00e2rgul Imobiliar Craiova. Particip\u0103 \u0219i tu! - \u0218tiri - ImoExpert\",\"isPartOf\":{\"@id\":\"https:\/\/www.imobiliare.ro\/imoexpert\/#website\"},\"primaryImageOfPage\":{\"@id\":\"https:\/\/www.imobiliare.ro\/imoexpert\/apartamente-case-si-terenuri-saptamana-viitoare-la-targul-imobiliar-craiova-participa-si-tu_db\/#primaryimage\"},\"image\":{\"@id\":\"https:\/\/www.imobiliare.ro\/imoexpert\/apartamente-case-si-terenuri-saptamana-viitoare-la-targul-imobiliar-craiova-participa-si-tu_db\/#primaryimage\"},\"thumbnailUrl\":\"https:\/\/www.imobiliare.ro\/imoexpert\/wp-content\/uploads\/2026\/03\/targ-craiova.jpg\",\"datePublished\":\"2026-03-18T13:55:30+00:00\",\"dateModified\":\"2026-03-23T11:52:30+00:00\",\"description\":\"Te invit\u0103m la edi\u021bia a doua a T\u00e2rgului Imobiliar Craiova, eveniment sus\u021binut de BCR \u0219i Imobiliare.ro. Intrarea este gratuit\u0103.\",\"breadcrumb\":{\"@id\":\"https:\/\/www.imobiliare.ro\/imoexpert\/apartamente-case-si-terenuri-saptamana-viitoare-la-targul-imobiliar-craiova-participa-si-tu_db\/#breadcrumb\"},\"inLanguage\":\"en\",\"potentialAction\":[{\"@type\":\"ReadAction\",\"target\":[\"https:\/\/www.imobiliare.ro\/imoexpert\/apartamente-case-si-terenuri-saptamana-viitoare-la-targul-imobiliar-craiova-participa-si-tu_db\/\"]}]},{\"@type\":\"ImageObject\",\"inLanguage\":\"en\",\"@id\":\"https:\/\/www.imobiliare.ro\/imoexpert\/apartamente-case-si-terenuri-saptamana-viitoare-la-targul-imobiliar-craiova-participa-si-tu_db\/#primaryimage\",\"url\":\"https:\/\/www.imobiliare.ro\/imoexpert\/wp-content\/uploads\/2026\/03\/targ-craiova.jpg\",\"contentUrl\":\"https:\/\/www.imobiliare.ro\/imoexpert\/wp-content\/uploads\/2026\/03\/targ-craiova.jpg\",\"width\":1200,\"height\":600},{\"@type\":\"BreadcrumbList\",\"@id\":\"https:\/\/www.imobiliare.ro\/imoexpert\/apartamente-case-si-terenuri-saptamana-viitoare-la-targul-imobiliar-craiova-participa-si-tu_db\/#breadcrumb\",\"itemListElement\":[{\"@type\":\"ListItem\",\"position\":1,\"name\":\"Imoradar24\",\"item\":\"https:\/\/www.imoradar24.ro\"},{\"@type\":\"ListItem\",\"position\":2,\"name\":\"ImoExpert\",\"item\":\"https:\/\/www.imobiliare.ro\/imoexpert\/\"},{\"@type\":\"ListItem\",\"position\":3,\"name\":\"\u0218tiri\",\"item\":\"https:\/\/www.imobiliare.ro\/imoexpert\/stiri\/\"},{\"@type\":\"ListItem\",\"position\":4,\"name\":\"Apartamente, case \u0219i terenuri la T\u00e2rgul Imobiliar Craiova. Particip\u0103 \u0219i tu!\"}]},{\"@type\":\"WebSite\",\"@id\":\"https:\/\/www.imobiliare.ro\/imoexpert\/#website\",\"url\":\"https:\/\/www.imobiliare.ro\/imoexpert\/\",\"name\":\"ImoExpert\",\"description\":\"cele mai importante \u015ftiri din domeniul imobiliar\",\"publisher\":{\"@id\":\"https:\/\/www.imobiliare.ro\/imoexpert\/#organization\"},\"inLanguage\":\"en\"},{\"@type\":\"Organization\",\"@id\":\"https:\/\/www.imobiliare.ro\/imoexpert\/#organization\",\"name\":\"Imobiliare.ro\",\"alternateName\":\"Realmedia Network SA\",\"url\":\"https:\/\/www.imobiliare.ro\/imoexpert\/\",\"logo\":{\"@type\":\"ImageObject\",\"inLanguage\":\"en\",\"@id\":\"https:\/\/www.imobiliare.ro\/imoexpert\/#\/schema\/logo\/image\/\",\"url\":\"https:\/\/www.imobiliare.ro\/imoexpert\/wp-content\/uploads\/2025\/05\/imobiliare_logo.png\",\"contentUrl\":\"https:\/\/www.imobiliare.ro\/imoexpert\/wp-content\/uploads\/2025\/05\/imobiliare_logo.png\",\"width\":237,\"height\":29,\"caption\":\"Imobiliare.ro\"},\"image\":{\"@id\":\"https:\/\/www.imobiliare.ro\/imoexpert\/#\/schema\/logo\/image\/\"}},{\"@type\":\"Person\",\"@id\":\"https:\/\/www.imobiliare.ro\/imoexpert\/#\/schema\/person\/9ffdfbf24b82f39fc75a2fc6c19e4e99\",\"name\":\"Corina V\u00e2rlan\",\"image\":{\"@type\":\"ImageObject\",\"inLanguage\":\"en\",\"@id\":\"https:\/\/www.imobiliare.ro\/imoexpert\/#\/schema\/person\/image\/\",\"url\":\"https:\/\/www.imobiliare.ro\/imoexpert\/wp-content\/uploads\/2026\/02\/12-02-2025-5-rezumat-brasov-thumb-reels-1-1-96x96.png\",\"contentUrl\":\"https:\/\/www.imobiliare.ro\/imoexpert\/wp-content\/uploads\/2026\/02\/12-02-2025-5-rezumat-brasov-thumb-reels-1-1-96x96.png\",\"caption\":\"Corina V\u00e2rlan\"},\"description\":\"Cu o experien\u021b\u0103 de 14 ani \u00een presa online, comunicare \u0219i content marketing, Corina V\u00e2rlan s-a al\u0103turat echipei Imobiliare.ro \u00een urm\u0103 cu 8 ani \u0219i ocup\u0103, \u00een prezent, func\u021bia de Content Manager. Ea este gazda emisiunii \\\"\u00centreab\u0103 expertul\\\" \u0219i a seriei 5 \u0218tiri Imobiliare.ro, realizate \u00een parteneriat cu Libertatea. Corina \u00ee\u0219i concentreaz\u0103 activitatea pe analiza datelor de pia\u021b\u0103 \u0219i pe subiecte de interes at\u00e2t pentru cei afla\u021bi \u00een c\u0103utarea unei locuin\u021be, c\u00e2t \u0219i pentru proprietari sau chiria\u0219i.\",\"alternateName\":\"Corina\",\"jobTitle\":\"Content Manager\",\"url\":\"https:\/\/www.imobiliare.ro\/imoexpert\/author\/corina-varlan\/\"}]}<\/script>\n<!-- \/ Yoast SEO Premium plugin. -->","yoast_head_json":{"title":"Apartamente, case \u0219i terenuri la T\u00e2rgul Imobiliar Craiova. Particip\u0103 \u0219i tu! - \u0218tiri - ImoExpert","description":"Te invit\u0103m la edi\u021bia a doua a T\u00e2rgului Imobiliar Craiova, eveniment sus\u021binut de BCR \u0219i Imobiliare.ro. Intrarea este gratuit\u0103.","robots":{"index":"index","follow":"follow"},"canonical":"https:\/\/www.imobiliare.ro\/imoexpert\/apartamente-case-si-terenuri-saptamana-viitoare-la-targul-imobiliar-craiova-participa-si-tu_db\/","og_locale":"ro_RO","og_type":"article","og_title":"Apartamente, case \u0219i terenuri la T\u00e2rgul Imobiliar Craiova. Particip\u0103 \u0219i tu!","og_description":"Te invit\u0103m la edi\u021bia a doua a T\u00e2rgului Imobiliar Craiova, eveniment sus\u021binut de BCR \u0219i Imobiliare.ro. Intrarea este gratuit\u0103.","og_url":"https:\/\/www.imobiliare.ro\/imoexpert\/apartamente-case-si-terenuri-saptamana-viitoare-la-targul-imobiliar-craiova-participa-si-tu_db\/","og_site_name":"ImoExpert","article_published_time":"2026-03-18T13:55:30+00:00","article_modified_time":"2026-03-23T11:52:30+00:00","og_image":[{"width":1200,"height":600,"url":"https:\/\/www.imobiliare.ro\/imoexpert\/wp-content\/uploads\/2026\/03\/targ-craiova.jpg","type":"image\/jpeg"}],"author":"Corina V\u00e2rlan","twitter_card":"summary_large_image","twitter_misc":{"Written by":"Corina V\u00e2rlan","Est. reading time":"2 minute"},"schema":{"@context":"https:\/\/schema.org","@graph":[{"@type":"Article","@id":"https:\/\/www.imobiliare.ro\/imoexpert\/apartamente-case-si-terenuri-saptamana-viitoare-la-targul-imobiliar-craiova-participa-si-tu_db\/#article","isPartOf":{"@id":"https:\/\/www.imobiliare.ro\/imoexpert\/apartamente-case-si-terenuri-saptamana-viitoare-la-targul-imobiliar-craiova-participa-si-tu_db\/"},"author":{"name":"Corina V\u00e2rlan","@id":"https:\/\/www.imobiliare.ro\/imoexpert\/#\/schema\/person\/9ffdfbf24b82f39fc75a2fc6c19e4e99"},"headline":"Apartamente, case \u0219i terenuri la T\u00e2rgul Imobiliar Craiova. Particip\u0103 \u0219i tu!","datePublished":"2026-03-18T13:55:30+00:00","dateModified":"2026-03-23T11:52:30+00:00","mainEntityOfPage":{"@id":"https:\/\/www.imobiliare.ro\/imoexpert\/apartamente-case-si-terenuri-saptamana-viitoare-la-targul-imobiliar-craiova-participa-si-tu_db\/"},"wordCount":241,"commentCount":0,"publisher":{"@id":"https:\/\/www.imobiliare.ro\/imoexpert\/#organization"},"image":{"@id":"https:\/\/www.imobiliare.ro\/imoexpert\/apartamente-case-si-terenuri-saptamana-viitoare-la-targul-imobiliar-craiova-participa-si-tu_db\/#primaryimage"},"thumbnailUrl":"https:\/\/www.imobiliare.ro\/imoexpert\/wp-content\/uploads\/2026\/03\/targ-craiova.jpg","keywords":["apartamente Craiova","Craiova","dezvoltatori imobiliari","targ imobiliar"],"articleSection":["\u0218tiri"],"inLanguage":"en","potentialAction":[{"@type":"CommentAction","name":"Comment","target":["https:\/\/www.imobiliare.ro\/imoexpert\/apartamente-case-si-terenuri-saptamana-viitoare-la-targul-imobiliar-craiova-participa-si-tu_db\/#respond"]}],"copyrightYear":"2026","copyrightHolder":{"@id":"https:\/\/www.imobiliare.ro\/imoexpert\/#organization"}},{"@type":"WebPage","@id":"https:\/\/www.imobiliare.ro\/imoexpert\/apartamente-case-si-terenuri-saptamana-viitoare-la-targul-imobiliar-craiova-participa-si-tu_db\/","url":"https:\/\/www.imobiliare.ro\/imoexpert\/apartamente-case-si-terenuri-saptamana-viitoare-la-targul-imobiliar-craiova-participa-si-tu_db\/","name":"Apartamente, case \u0219i terenuri la T\u00e2rgul Imobiliar Craiova. Particip\u0103 \u0219i tu! - \u0218tiri - ImoExpert","isPartOf":{"@id":"https:\/\/www.imobiliare.ro\/imoexpert\/#website"},"primaryImageOfPage":{"@id":"https:\/\/www.imobiliare.ro\/imoexpert\/apartamente-case-si-terenuri-saptamana-viitoare-la-targul-imobiliar-craiova-participa-si-tu_db\/#primaryimage"},"image":{"@id":"https:\/\/www.imobiliare.ro\/imoexpert\/apartamente-case-si-terenuri-saptamana-viitoare-la-targul-imobiliar-craiova-participa-si-tu_db\/#primaryimage"},"thumbnailUrl":"https:\/\/www.imobiliare.ro\/imoexpert\/wp-content\/uploads\/2026\/03\/targ-craiova.jpg","datePublished":"2026-03-18T13:55:30+00:00","dateModified":"2026-03-23T11:52:30+00:00","description":"Te invit\u0103m la edi\u021bia a doua a T\u00e2rgului Imobiliar Craiova, eveniment sus\u021binut de BCR \u0219i Imobiliare.ro. Intrarea este gratuit\u0103.","breadcrumb":{"@id":"https:\/\/www.imobiliare.ro\/imoexpert\/apartamente-case-si-terenuri-saptamana-viitoare-la-targul-imobiliar-craiova-participa-si-tu_db\/#breadcrumb"},"inLanguage":"en","potentialAction":[{"@type":"ReadAction","target":["https:\/\/www.imobiliare.ro\/imoexpert\/apartamente-case-si-terenuri-saptamana-viitoare-la-targul-imobiliar-craiova-participa-si-tu_db\/"]}]},{"@type":"ImageObject","inLanguage":"en","@id":"https:\/\/www.imobiliare.ro\/imoexpert\/apartamente-case-si-terenuri-saptamana-viitoare-la-targul-imobiliar-craiova-participa-si-tu_db\/#primaryimage","url":"https:\/\/www.imobiliare.ro\/imoexpert\/wp-content\/uploads\/2026\/03\/targ-craiova.jpg","contentUrl":"https:\/\/www.imobiliare.ro\/imoexpert\/wp-content\/uploads\/2026\/03\/targ-craiova.jpg","width":1200,"height":600},{"@type":"BreadcrumbList","@id":"https:\/\/www.imobiliare.ro\/imoexpert\/apartamente-case-si-terenuri-saptamana-viitoare-la-targul-imobiliar-craiova-participa-si-tu_db\/#breadcrumb","itemListElement":[{"@type":"ListItem","position":1,"name":"Imoradar24","item":"https:\/\/www.imoradar24.ro"},{"@type":"ListItem","position":2,"name":"ImoExpert","item":"https:\/\/www.imobiliare.ro\/imoexpert\/"},{"@type":"ListItem","position":3,"name":"\u0218tiri","item":"https:\/\/www.imobiliare.ro\/imoexpert\/stiri\/"},{"@type":"ListItem","position":4,"name":"Apartamente, case \u0219i terenuri la T\u00e2rgul Imobiliar Craiova. Particip\u0103 \u0219i tu!"}]},{"@type":"WebSite","@id":"https:\/\/www.imobiliare.ro\/imoexpert\/#website","url":"https:\/\/www.imobiliare.ro\/imoexpert\/","name":"ImoExpert","description":"cele mai importante \u015ftiri din domeniul imobiliar","publisher":{"@id":"https:\/\/www.imobiliare.ro\/imoexpert\/#organization"},"inLanguage":"en"},{"@type":"Organization","@id":"https:\/\/www.imobiliare.ro\/imoexpert\/#organization","name":"Imobiliare.ro","alternateName":"Realmedia Network SA","url":"https:\/\/www.imobiliare.ro\/imoexpert\/","logo":{"@type":"ImageObject","inLanguage":"en","@id":"https:\/\/www.imobiliare.ro\/imoexpert\/#\/schema\/logo\/image\/","url":"https:\/\/www.imobiliare.ro\/imoexpert\/wp-content\/uploads\/2025\/05\/imobiliare_logo.png","contentUrl":"https:\/\/www.imobiliare.ro\/imoexpert\/wp-content\/uploads\/2025\/05\/imobiliare_logo.png","width":237,"height":29,"caption":"Imobiliare.ro"},"image":{"@id":"https:\/\/www.imobiliare.ro\/imoexpert\/#\/schema\/logo\/image\/"}},{"@type":"Person","@id":"https:\/\/www.imobiliare.ro\/imoexpert\/#\/schema\/person\/9ffdfbf24b82f39fc75a2fc6c19e4e99","name":"Corina V\u00e2rlan","image":{"@type":"ImageObject","inLanguage":"en","@id":"https:\/\/www.imobiliare.ro\/imoexpert\/#\/schema\/person\/image\/","url":"https:\/\/www.imobiliare.ro\/imoexpert\/wp-content\/uploads\/2026\/02\/12-02-2025-5-rezumat-brasov-thumb-reels-1-1-96x96.png","contentUrl":"https:\/\/www.imobiliare.ro\/imoexpert\/wp-content\/uploads\/2026\/02\/12-02-2025-5-rezumat-brasov-thumb-reels-1-1-96x96.png","caption":"Corina V\u00e2rlan"},"description":"Cu o experien\u021b\u0103 de 14 ani \u00een presa online, comunicare \u0219i content marketing, Corina V\u00e2rlan s-a al\u0103turat echipei Imobiliare.ro \u00een urm\u0103 cu 8 ani \u0219i ocup\u0103, \u00een prezent, func\u021bia de Content Manager. Ea este gazda emisiunii \"\u00centreab\u0103 expertul\" \u0219i a seriei 5 \u0218tiri Imobiliare.ro, realizate \u00een parteneriat cu Libertatea. Corina \u00ee\u0219i concentreaz\u0103 activitatea pe analiza datelor de pia\u021b\u0103 \u0219i pe subiecte de interes at\u00e2t pentru cei afla\u021bi \u00een c\u0103utarea unei locuin\u021be, c\u00e2t \u0219i pentru proprietari sau chiria\u0219i.","alternateName":"Corina","jobTitle":"Content Manager","url":"https:\/\/www.imobiliare.ro\/imoexpert\/author\/corina-varlan\/"}]}},"_links":{"self":[{"href":"https:\/\/www.imobiliare.ro\/imoexpert\/wp-json\/wp\/v2\/posts\/75556","targetHints":{"allow":["GET"]}}],"collection":[{"href":"https:\/\/www.imobiliare.ro\/imoexpert\/wp-json\/wp\/v2\/posts"}],"about":[{"href":"https:\/\/www.imobiliare.ro\/imoexpert\/wp-json\/wp\/v2\/types\/post"}],"author":[{"embeddable":true,"href":"https:\/\/www.imobiliare.ro\/imoexpert\/wp-json\/wp\/v2\/users\/5891"}],"replies":[{"embeddable":true,"href":"https:\/\/www.imobiliare.ro\/imoexpert\/wp-json\/wp\/v2\/comments?post=75556"}],"version-history":[{"count":0,"href":"https:\/\/www.imobiliare.ro\/imoexpert\/wp-json\/wp\/v2\/posts\/75556\/revisions"}],"wp:featuredmedia":[{"embeddable":true,"href":"https:\/\/www.imobiliare.ro\/imoexpert\/wp-json\/wp\/v2\/media\/75557"}],"wp:attachment":[{"href":"https:\/\/www.imobiliare.ro\/imoexpert\/wp-json\/wp\/v2\/media?parent=75556"}],"wp:term":[{"taxonomy":"category","embeddable":true,"href":"https:\/\/www.imobiliare.ro\/imoexpert\/wp-json\/wp\/v2\/categories?post=75556"},{"taxonomy":"post_tag","embeddable":true,"href":"https:\/\/www.imobiliare.ro\/imoexpert\/wp-json\/wp\/v2\/tags?post=75556"},{"taxonomy":"content_author","embeddable":true,"href":"https:\/\/www.imobiliare.ro\/imoexpert\/wp-json\/wp\/v2\/content_author?post=75556"}],"curies":[{"name":"wp","href":"https:\/\/api.w.org\/{rel}","templated":true}]}}