{"id":75796,"date":"2026-04-27T17:59:35","date_gmt":"2026-04-27T14:59:35","guid":{"rendered":"https:\/\/www.imobiliare.ro\/imoexpert\/?p=75796"},"modified":"2026-04-27T18:08:13","modified_gmt":"2026-04-27T15:08:13","slug":"de-la-fotbal-la-imobiliare-fostul-finantator-al-fc-national-mizeaza-pe-lux-marca-versace-in-nordul-capitalei","status":"publish","type":"post","link":"https:\/\/www.imobiliare.ro\/imoexpert\/de-la-fotbal-la-imobiliare-fostul-finantator-al-fc-national-mizeaza-pe-lux-marca-versace-in-nordul-capitalei_db\/","title":{"rendered":"De la fotbal la imobiliare. Fostul finan\u021bator al FC Na\u021bional mizeaz\u0103 pe lux marca Versace \u00een nordul Capitalei"},"content":{"rendered":"\n<figure class=\"wp-block-image size-full\"><img loading=\"lazy\" decoding=\"async\" width=\"1200\" height=\"600\" src=\"https:\/\/www.imobiliare.ro\/imoexpert\/wp-content\/uploads\/2026\/04\/versace-intr-un-proiect-din-nordul-bucurestiului.jpg\" alt=\"\" class=\"wp-image-75797\" srcset=\"https:\/\/www.imobiliare.ro\/imoexpert\/wp-content\/uploads\/2026\/04\/versace-intr-un-proiect-din-nordul-bucurestiului.jpg 1200w, https:\/\/www.imobiliare.ro\/imoexpert\/wp-content\/uploads\/2026\/04\/versace-intr-un-proiect-din-nordul-bucurestiului-770x385.jpg 770w, https:\/\/www.imobiliare.ro\/imoexpert\/wp-content\/uploads\/2026\/04\/versace-intr-un-proiect-din-nordul-bucurestiului-390x195.jpg 390w\" sizes=\"auto, (max-width: 1200px) 100vw, 1200px\" \/><\/figure>\n\n\n\n<p><strong>Un nou proiect imobiliar de lux se construie\u0219te \u00een zona de nord a Capitalei, \u00eentre \u0218oseaua Fabrica de Glucoz\u0103 \u0219i Bulevardul Dimitrie Pompeiu. Este vorba despre The Edition 1011 Featured by Versace Ceramics, ansamblu cu peste 400 de apartamente dezvoltat de Ten Eleven Development, companie fondat\u0103 de Constantin Iacov, fostul finan\u021bator al clubului de fotbal FC Na\u021bional.<\/strong><\/p>\n\n\n\n<p>Proiectul va atrage o investi\u021bie de circa 130 de milioane de euro. Lucr\u0103rile au \u00eenceput \u00een luna februarie, antreprenorul general fiind RCTI Company, parte a grupului Impact. \u00cen momentul de fa\u021b\u0103, se lucreaz\u0103 la cele trei niveluri subterane.\u00a0<\/p>\n\n\n\n<figure class=\"wp-block-image size-large\"><img loading=\"lazy\" decoding=\"async\" width=\"683\" height=\"1024\" src=\"https:\/\/www.imobiliare.ro\/imoexpert\/wp-content\/uploads\/2026\/04\/the-edition-1011-featured-by-versace-ceramics-683x1024.jpg\" alt=\"\" class=\"wp-image-75798\" srcset=\"https:\/\/www.imobiliare.ro\/imoexpert\/wp-content\/uploads\/2026\/04\/the-edition-1011-featured-by-versace-ceramics-683x1024.jpg 683w, https:\/\/www.imobiliare.ro\/imoexpert\/wp-content\/uploads\/2026\/04\/the-edition-1011-featured-by-versace-ceramics-770x1155.jpg 770w, https:\/\/www.imobiliare.ro\/imoexpert\/wp-content\/uploads\/2026\/04\/the-edition-1011-featured-by-versace-ceramics-390x585.jpg 390w, https:\/\/www.imobiliare.ro\/imoexpert\/wp-content\/uploads\/2026\/04\/the-edition-1011-featured-by-versace-ceramics.jpg 1000w\" sizes=\"auto, (max-width: 683px) 100vw, 683px\" \/><\/figure>\n\n\n\n<p>Conceptul \u0219i designul proiectului sunt realizate integral \u00eempreun\u0103 cu Versace Ceramics, materialele acestui brand urm\u00e2nd s\u0103 fie integrate at\u00e2t \u00een noile locuin\u021be, c\u00e2t \u0219i \u00een zona de lobby. \u201cColaborarea continu\u0103 cu Versace Ceramics pe \u00eentreg conceptul a dat na\u0219tere unui colec\u021bii care pune Bucure\u0219tiul pe harta interna\u021bional\u0103 a exclusivismului reziden\u021bial. Nu construim \u00eenc\u0103 o adres\u0103 din Bucure\u0219ti. Metri p\u0103tra\u021bi au to\u021bi. Semn\u0103tura, doar unii\u201d, a declarat Constantin Iacov, CEO Ten Eleven Development.<\/p>\n\n\n\n<p>Viitorii reziden\u021bi vor avea acces la un club privat cu piscin\u0103 interioar\u0103 semiolimpic\u0103 \u0219i la un centru SPA &amp; wellness. Livrarea&nbsp;The Edition 1011 Featured by Versace Ceramics este estimat\u0103 pentru finele anului 2028.<\/p>\n\n\n\n<p><a class=\"article-body-links\"href=\"https:\/\/www.imobiliare.ro\/imoexpert\/luxul-coboara-de-pe-podium-si-intra-direct-in-casele-romanilor-bucurestiul-se-va-lauda-in-curand-cu-un-proiect-imobiliar-realizat-in-colaborare-cu-versace_db\/\" target=\"_blank\" rel=\"noreferrer noopener\">Ini\u021biativele reziden\u021biale <\/a>care mizeaz\u0103 pe colabor\u0103ri cu branduri interna\u021bionale de lux nu sunt complet noi pe pia\u021ba local\u0103. Un exemplu relevant a fost dat de intrarea Elie Saab \u00een Rom\u00e2nia, brandul aleg\u00e2nd tot Bucure\u0219tiul pentru primul s\u0103u proiect din Europa Central\u0103 \u0219i de Est, dezvoltat \u00een parteneriat cu Metropolitan Group. Un alt exemplu de colaborare \u00eentre dezvoltatori locali \u0219i branduri interna\u021bionale de design a ap\u0103rut \u00een 2023 \u00eentr-o ini\u021biativ\u0103 One United Properties. Dezvoltatorul anun\u021ba atunci&nbsp;<a class=\"article-body-links\"href=\"https:\/\/www.one.ro\/en\/blog\/partnership-with-armani-casa-for-one-lake-club\/\" target=\"_blank\" rel=\"noreferrer noopener\">integrarea Armani\/Casa<\/a>&nbsp;\u00een proiectul One Lake Club de pe malul Lacului Tei din Bucure\u0219ti.<\/p>\n\n\n\n<p class=\"has-medium-font-size\"><strong>Cite\u0219te \u0219i:<\/strong><\/p>\n\n\n\n<p class=\"has-medium-font-size\"><strong><a class=\"article-body-links\"href=\"https:\/\/www.imobiliare.ro\/imoexpert\/fostul-portar-de-la-manchester-city-investeste-intr-un-proiect-imobiliar-din-nordul-capitalei_db\/\" target=\"_blank\" rel=\"noreferrer noopener\">Fostul portar de la Manchester City investe\u0219te \u00eentr-un proiect imobiliar din nordul Capitalei&nbsp;<\/a><\/strong><\/p>\n\n\n\n<p class=\"has-medium-font-size\"><strong><a class=\"article-body-links\"href=\"https:\/\/www.imobiliare.ro\/imoexpert\/cum-ajungi-vecin-cu-david-popovici-campionul-locuieste-intr-un-ansamblu-rezidential-din-apropierea-capitalei-care-include-o-piscina-semiolimpica-foto_db\/\" target=\"_blank\" rel=\"noreferrer noopener\">Cum ajungi vecin cu David Popovici? Campionul locuie\u0219te \u00eentr-un ansamblu reziden\u021bial din apropierea Capitalei care include o piscin\u0103 semiolimpic\u0103 \u2013 FOTO<\/a><\/strong><\/p>\n","protected":false},"excerpt":{"rendered":"<p>Un nou proiect imobiliar de lux se construie\u0219te \u00een zona de nord a Capitalei, \u00eentre \u0218oseaua Fabrica de Glucoz\u0103 \u0219i Bulevardul Dimitrie Pompeiu.<\/p>\n","protected":false},"author":5891,"featured_media":75797,"comment_status":"open","ping_status":"open","sticky":false,"template":"","format":"standard","meta":{"footnotes":""},"categories":[259],"tags":[2120,2544],"content_author":[],"class_list":["post-75796","post","type-post","status-publish","format-standard","has-post-thumbnail","hentry","category-stiri","tag-bucuresti-3","tag-versace"],"yoast_head":"<!-- This site is optimized with the Yoast SEO Premium plugin v27.0 (Yoast SEO v27.0) - https:\/\/yoast.com\/product\/yoast-seo-premium-wordpress\/ -->\n<title>De la fotbal la imobiliare. Fostul finan\u021bator al FC Na\u021bional mizeaz\u0103 pe lux marca Versace \u00een nordul Capitalei - \u0218tiri - ImoExpert<\/title>\n<meta name=\"description\" content=\"Un nou proiect imobiliar de lux se construie\u0219te \u00een zona de nord a Capitalei, \u00eentre \u0218oseaua Fabrica de Glucoz\u0103 \u0219i Bulevardul Dimitrie Pompeiu.\" \/>\n<meta name=\"robots\" content=\"index, follow\" \/>\n<link rel=\"canonical\" href=\"https:\/\/www.imobiliare.ro\/imoexpert\/de-la-fotbal-la-imobiliare-fostul-finantator-al-fc-national-mizeaza-pe-lux-marca-versace-in-nordul-capitalei_db\/\" \/>\n<meta property=\"og:locale\" content=\"ro_RO\" \/>\n<meta property=\"og:type\" content=\"article\" \/>\n<meta property=\"og:title\" content=\"De la fotbal la imobiliare. Fostul finan\u021bator al FC Na\u021bional mizeaz\u0103 pe lux marca Versace \u00een nordul Capitalei\" \/>\n<meta property=\"og:description\" content=\"Un nou proiect imobiliar de lux se construie\u0219te \u00een zona de nord a Capitalei, \u00eentre \u0218oseaua Fabrica de Glucoz\u0103 \u0219i Bulevardul Dimitrie Pompeiu.\" \/>\n<meta property=\"og:url\" content=\"https:\/\/www.imobiliare.ro\/imoexpert\/de-la-fotbal-la-imobiliare-fostul-finantator-al-fc-national-mizeaza-pe-lux-marca-versace-in-nordul-capitalei_db\/\" \/>\n<meta property=\"og:site_name\" content=\"ImoExpert\" \/>\n<meta property=\"article:published_time\" content=\"2026-04-27T14:59:35+00:00\" \/>\n<meta property=\"article:modified_time\" content=\"2026-04-27T15:08:13+00:00\" \/>\n<meta property=\"og:image\" content=\"https:\/\/www.imobiliare.ro\/imoexpert\/wp-content\/uploads\/2026\/04\/versace-intr-un-proiect-din-nordul-bucurestiului.jpg\" \/>\n\t<meta property=\"og:image:width\" content=\"1200\" \/>\n\t<meta property=\"og:image:height\" content=\"600\" \/>\n\t<meta property=\"og:image:type\" content=\"image\/jpeg\" \/>\n<meta name=\"author\" content=\"Corina V\u00e2rlan\" \/>\n<meta name=\"twitter:card\" content=\"summary_large_image\" \/>\n<meta name=\"twitter:label1\" content=\"Written by\" \/>\n\t<meta name=\"twitter:data1\" content=\"Corina V\u00e2rlan\" \/>\n\t<meta name=\"twitter:label2\" content=\"Est. reading time\" \/>\n\t<meta name=\"twitter:data2\" content=\"3 minute\" \/>\n<script type=\"application\/ld+json\" class=\"yoast-schema-graph\">{\"@context\":\"https:\/\/schema.org\",\"@graph\":[{\"@type\":\"Article\",\"@id\":\"https:\/\/www.imobiliare.ro\/imoexpert\/de-la-fotbal-la-imobiliare-fostul-finantator-al-fc-national-mizeaza-pe-lux-marca-versace-in-nordul-capitalei_db\/#article\",\"isPartOf\":{\"@id\":\"https:\/\/www.imobiliare.ro\/imoexpert\/de-la-fotbal-la-imobiliare-fostul-finantator-al-fc-national-mizeaza-pe-lux-marca-versace-in-nordul-capitalei_db\/\"},\"author\":{\"name\":\"Corina V\u00e2rlan\",\"@id\":\"https:\/\/www.imobiliare.ro\/imoexpert\/#\/schema\/person\/9ffdfbf24b82f39fc75a2fc6c19e4e99\"},\"headline\":\"De la fotbal la imobiliare. Fostul finan\u021bator al FC Na\u021bional mizeaz\u0103 pe lux marca Versace \u00een nordul Capitalei\",\"datePublished\":\"2026-04-27T14:59:35+00:00\",\"dateModified\":\"2026-04-27T15:08:13+00:00\",\"mainEntityOfPage\":{\"@id\":\"https:\/\/www.imobiliare.ro\/imoexpert\/de-la-fotbal-la-imobiliare-fostul-finantator-al-fc-national-mizeaza-pe-lux-marca-versace-in-nordul-capitalei_db\/\"},\"wordCount\":382,\"commentCount\":0,\"publisher\":{\"@id\":\"https:\/\/www.imobiliare.ro\/imoexpert\/#organization\"},\"image\":{\"@id\":\"https:\/\/www.imobiliare.ro\/imoexpert\/de-la-fotbal-la-imobiliare-fostul-finantator-al-fc-national-mizeaza-pe-lux-marca-versace-in-nordul-capitalei_db\/#primaryimage\"},\"thumbnailUrl\":\"https:\/\/www.imobiliare.ro\/imoexpert\/wp-content\/uploads\/2026\/04\/versace-intr-un-proiect-din-nordul-bucurestiului.jpg\",\"keywords\":[\"Bucuresti\",\"Versace\"],\"articleSection\":[\"\u0218tiri\"],\"inLanguage\":\"en\",\"potentialAction\":[{\"@type\":\"CommentAction\",\"name\":\"Comment\",\"target\":[\"https:\/\/www.imobiliare.ro\/imoexpert\/de-la-fotbal-la-imobiliare-fostul-finantator-al-fc-national-mizeaza-pe-lux-marca-versace-in-nordul-capitalei_db\/#respond\"]}],\"copyrightYear\":\"2026\",\"copyrightHolder\":{\"@id\":\"https:\/\/www.imobiliare.ro\/imoexpert\/#organization\"}},{\"@type\":\"WebPage\",\"@id\":\"https:\/\/www.imobiliare.ro\/imoexpert\/de-la-fotbal-la-imobiliare-fostul-finantator-al-fc-national-mizeaza-pe-lux-marca-versace-in-nordul-capitalei_db\/\",\"url\":\"https:\/\/www.imobiliare.ro\/imoexpert\/de-la-fotbal-la-imobiliare-fostul-finantator-al-fc-national-mizeaza-pe-lux-marca-versace-in-nordul-capitalei_db\/\",\"name\":\"De la fotbal la imobiliare. Fostul finan\u021bator al FC Na\u021bional mizeaz\u0103 pe lux marca Versace \u00een nordul Capitalei - \u0218tiri - ImoExpert\",\"isPartOf\":{\"@id\":\"https:\/\/www.imobiliare.ro\/imoexpert\/#website\"},\"primaryImageOfPage\":{\"@id\":\"https:\/\/www.imobiliare.ro\/imoexpert\/de-la-fotbal-la-imobiliare-fostul-finantator-al-fc-national-mizeaza-pe-lux-marca-versace-in-nordul-capitalei_db\/#primaryimage\"},\"image\":{\"@id\":\"https:\/\/www.imobiliare.ro\/imoexpert\/de-la-fotbal-la-imobiliare-fostul-finantator-al-fc-national-mizeaza-pe-lux-marca-versace-in-nordul-capitalei_db\/#primaryimage\"},\"thumbnailUrl\":\"https:\/\/www.imobiliare.ro\/imoexpert\/wp-content\/uploads\/2026\/04\/versace-intr-un-proiect-din-nordul-bucurestiului.jpg\",\"datePublished\":\"2026-04-27T14:59:35+00:00\",\"dateModified\":\"2026-04-27T15:08:13+00:00\",\"description\":\"Un nou proiect imobiliar de lux se construie\u0219te \u00een zona de nord a Capitalei, \u00eentre \u0218oseaua Fabrica de Glucoz\u0103 \u0219i Bulevardul Dimitrie Pompeiu.\",\"breadcrumb\":{\"@id\":\"https:\/\/www.imobiliare.ro\/imoexpert\/de-la-fotbal-la-imobiliare-fostul-finantator-al-fc-national-mizeaza-pe-lux-marca-versace-in-nordul-capitalei_db\/#breadcrumb\"},\"inLanguage\":\"en\",\"potentialAction\":[{\"@type\":\"ReadAction\",\"target\":[\"https:\/\/www.imobiliare.ro\/imoexpert\/de-la-fotbal-la-imobiliare-fostul-finantator-al-fc-national-mizeaza-pe-lux-marca-versace-in-nordul-capitalei_db\/\"]}]},{\"@type\":\"ImageObject\",\"inLanguage\":\"en\",\"@id\":\"https:\/\/www.imobiliare.ro\/imoexpert\/de-la-fotbal-la-imobiliare-fostul-finantator-al-fc-national-mizeaza-pe-lux-marca-versace-in-nordul-capitalei_db\/#primaryimage\",\"url\":\"https:\/\/www.imobiliare.ro\/imoexpert\/wp-content\/uploads\/2026\/04\/versace-intr-un-proiect-din-nordul-bucurestiului.jpg\",\"contentUrl\":\"https:\/\/www.imobiliare.ro\/imoexpert\/wp-content\/uploads\/2026\/04\/versace-intr-un-proiect-din-nordul-bucurestiului.jpg\",\"width\":1200,\"height\":600},{\"@type\":\"BreadcrumbList\",\"@id\":\"https:\/\/www.imobiliare.ro\/imoexpert\/de-la-fotbal-la-imobiliare-fostul-finantator-al-fc-national-mizeaza-pe-lux-marca-versace-in-nordul-capitalei_db\/#breadcrumb\",\"itemListElement\":[{\"@type\":\"ListItem\",\"position\":1,\"name\":\"Imoradar24\",\"item\":\"https:\/\/www.imoradar24.ro\"},{\"@type\":\"ListItem\",\"position\":2,\"name\":\"ImoExpert\",\"item\":\"https:\/\/www.imobiliare.ro\/imoexpert\/\"},{\"@type\":\"ListItem\",\"position\":3,\"name\":\"\u0218tiri\",\"item\":\"https:\/\/www.imobiliare.ro\/imoexpert\/stiri\/\"},{\"@type\":\"ListItem\",\"position\":4,\"name\":\"De la fotbal la imobiliare. Fostul finan\u021bator al FC Na\u021bional mizeaz\u0103 pe lux marca Versace \u00een nordul Capitalei\"}]},{\"@type\":\"WebSite\",\"@id\":\"https:\/\/www.imobiliare.ro\/imoexpert\/#website\",\"url\":\"https:\/\/www.imobiliare.ro\/imoexpert\/\",\"name\":\"ImoExpert\",\"description\":\"cele mai importante \u015ftiri din domeniul imobiliar\",\"publisher\":{\"@id\":\"https:\/\/www.imobiliare.ro\/imoexpert\/#organization\"},\"inLanguage\":\"en\"},{\"@type\":\"Organization\",\"@id\":\"https:\/\/www.imobiliare.ro\/imoexpert\/#organization\",\"name\":\"Imobiliare.ro\",\"alternateName\":\"Realmedia Network SA\",\"url\":\"https:\/\/www.imobiliare.ro\/imoexpert\/\",\"logo\":{\"@type\":\"ImageObject\",\"inLanguage\":\"en\",\"@id\":\"https:\/\/www.imobiliare.ro\/imoexpert\/#\/schema\/logo\/image\/\",\"url\":\"https:\/\/www.imobiliare.ro\/imoexpert\/wp-content\/uploads\/2025\/05\/imobiliare_logo.png\",\"contentUrl\":\"https:\/\/www.imobiliare.ro\/imoexpert\/wp-content\/uploads\/2025\/05\/imobiliare_logo.png\",\"width\":237,\"height\":29,\"caption\":\"Imobiliare.ro\"},\"image\":{\"@id\":\"https:\/\/www.imobiliare.ro\/imoexpert\/#\/schema\/logo\/image\/\"}},{\"@type\":\"Person\",\"@id\":\"https:\/\/www.imobiliare.ro\/imoexpert\/#\/schema\/person\/9ffdfbf24b82f39fc75a2fc6c19e4e99\",\"name\":\"Corina V\u00e2rlan\",\"image\":{\"@type\":\"ImageObject\",\"inLanguage\":\"en\",\"@id\":\"https:\/\/www.imobiliare.ro\/imoexpert\/#\/schema\/person\/image\/\",\"url\":\"https:\/\/www.imobiliare.ro\/imoexpert\/wp-content\/uploads\/2026\/02\/12-02-2025-5-rezumat-brasov-thumb-reels-1-1-96x96.png\",\"contentUrl\":\"https:\/\/www.imobiliare.ro\/imoexpert\/wp-content\/uploads\/2026\/02\/12-02-2025-5-rezumat-brasov-thumb-reels-1-1-96x96.png\",\"caption\":\"Corina V\u00e2rlan\"},\"description\":\"Cu o experien\u021b\u0103 de 14 ani \u00een presa online, comunicare \u0219i content marketing, Corina V\u00e2rlan s-a al\u0103turat echipei Imobiliare.ro \u00een urm\u0103 cu 8 ani \u0219i ocup\u0103, \u00een prezent, func\u021bia de Content Manager. Ea este gazda emisiunii \\\"\u00centreab\u0103 expertul\\\" \u0219i a seriei 5 \u0218tiri Imobiliare.ro, realizate \u00een parteneriat cu Libertatea. Corina \u00ee\u0219i concentreaz\u0103 activitatea pe analiza datelor de pia\u021b\u0103 \u0219i pe subiecte de interes at\u00e2t pentru cei afla\u021bi \u00een c\u0103utarea unei locuin\u021be, c\u00e2t \u0219i pentru proprietari sau chiria\u0219i.\",\"alternateName\":\"Corina\",\"jobTitle\":\"Content Manager\",\"url\":\"https:\/\/www.imobiliare.ro\/imoexpert\/author\/corina-varlan\/\"}]}<\/script>\n<!-- \/ Yoast SEO Premium plugin. -->","yoast_head_json":{"title":"De la fotbal la imobiliare. Fostul finan\u021bator al FC Na\u021bional mizeaz\u0103 pe lux marca Versace \u00een nordul Capitalei - \u0218tiri - ImoExpert","description":"Un nou proiect imobiliar de lux se construie\u0219te \u00een zona de nord a Capitalei, \u00eentre \u0218oseaua Fabrica de Glucoz\u0103 \u0219i Bulevardul Dimitrie Pompeiu.","robots":{"index":"index","follow":"follow"},"canonical":"https:\/\/www.imobiliare.ro\/imoexpert\/de-la-fotbal-la-imobiliare-fostul-finantator-al-fc-national-mizeaza-pe-lux-marca-versace-in-nordul-capitalei_db\/","og_locale":"ro_RO","og_type":"article","og_title":"De la fotbal la imobiliare. Fostul finan\u021bator al FC Na\u021bional mizeaz\u0103 pe lux marca Versace \u00een nordul Capitalei","og_description":"Un nou proiect imobiliar de lux se construie\u0219te \u00een zona de nord a Capitalei, \u00eentre \u0218oseaua Fabrica de Glucoz\u0103 \u0219i Bulevardul Dimitrie Pompeiu.","og_url":"https:\/\/www.imobiliare.ro\/imoexpert\/de-la-fotbal-la-imobiliare-fostul-finantator-al-fc-national-mizeaza-pe-lux-marca-versace-in-nordul-capitalei_db\/","og_site_name":"ImoExpert","article_published_time":"2026-04-27T14:59:35+00:00","article_modified_time":"2026-04-27T15:08:13+00:00","og_image":[{"width":1200,"height":600,"url":"https:\/\/www.imobiliare.ro\/imoexpert\/wp-content\/uploads\/2026\/04\/versace-intr-un-proiect-din-nordul-bucurestiului.jpg","type":"image\/jpeg"}],"author":"Corina V\u00e2rlan","twitter_card":"summary_large_image","twitter_misc":{"Written by":"Corina V\u00e2rlan","Est. reading time":"3 minute"},"schema":{"@context":"https:\/\/schema.org","@graph":[{"@type":"Article","@id":"https:\/\/www.imobiliare.ro\/imoexpert\/de-la-fotbal-la-imobiliare-fostul-finantator-al-fc-national-mizeaza-pe-lux-marca-versace-in-nordul-capitalei_db\/#article","isPartOf":{"@id":"https:\/\/www.imobiliare.ro\/imoexpert\/de-la-fotbal-la-imobiliare-fostul-finantator-al-fc-national-mizeaza-pe-lux-marca-versace-in-nordul-capitalei_db\/"},"author":{"name":"Corina V\u00e2rlan","@id":"https:\/\/www.imobiliare.ro\/imoexpert\/#\/schema\/person\/9ffdfbf24b82f39fc75a2fc6c19e4e99"},"headline":"De la fotbal la imobiliare. Fostul finan\u021bator al FC Na\u021bional mizeaz\u0103 pe lux marca Versace \u00een nordul Capitalei","datePublished":"2026-04-27T14:59:35+00:00","dateModified":"2026-04-27T15:08:13+00:00","mainEntityOfPage":{"@id":"https:\/\/www.imobiliare.ro\/imoexpert\/de-la-fotbal-la-imobiliare-fostul-finantator-al-fc-national-mizeaza-pe-lux-marca-versace-in-nordul-capitalei_db\/"},"wordCount":382,"commentCount":0,"publisher":{"@id":"https:\/\/www.imobiliare.ro\/imoexpert\/#organization"},"image":{"@id":"https:\/\/www.imobiliare.ro\/imoexpert\/de-la-fotbal-la-imobiliare-fostul-finantator-al-fc-national-mizeaza-pe-lux-marca-versace-in-nordul-capitalei_db\/#primaryimage"},"thumbnailUrl":"https:\/\/www.imobiliare.ro\/imoexpert\/wp-content\/uploads\/2026\/04\/versace-intr-un-proiect-din-nordul-bucurestiului.jpg","keywords":["Bucuresti","Versace"],"articleSection":["\u0218tiri"],"inLanguage":"en","potentialAction":[{"@type":"CommentAction","name":"Comment","target":["https:\/\/www.imobiliare.ro\/imoexpert\/de-la-fotbal-la-imobiliare-fostul-finantator-al-fc-national-mizeaza-pe-lux-marca-versace-in-nordul-capitalei_db\/#respond"]}],"copyrightYear":"2026","copyrightHolder":{"@id":"https:\/\/www.imobiliare.ro\/imoexpert\/#organization"}},{"@type":"WebPage","@id":"https:\/\/www.imobiliare.ro\/imoexpert\/de-la-fotbal-la-imobiliare-fostul-finantator-al-fc-national-mizeaza-pe-lux-marca-versace-in-nordul-capitalei_db\/","url":"https:\/\/www.imobiliare.ro\/imoexpert\/de-la-fotbal-la-imobiliare-fostul-finantator-al-fc-national-mizeaza-pe-lux-marca-versace-in-nordul-capitalei_db\/","name":"De la fotbal la imobiliare. Fostul finan\u021bator al FC Na\u021bional mizeaz\u0103 pe lux marca Versace \u00een nordul Capitalei - \u0218tiri - ImoExpert","isPartOf":{"@id":"https:\/\/www.imobiliare.ro\/imoexpert\/#website"},"primaryImageOfPage":{"@id":"https:\/\/www.imobiliare.ro\/imoexpert\/de-la-fotbal-la-imobiliare-fostul-finantator-al-fc-national-mizeaza-pe-lux-marca-versace-in-nordul-capitalei_db\/#primaryimage"},"image":{"@id":"https:\/\/www.imobiliare.ro\/imoexpert\/de-la-fotbal-la-imobiliare-fostul-finantator-al-fc-national-mizeaza-pe-lux-marca-versace-in-nordul-capitalei_db\/#primaryimage"},"thumbnailUrl":"https:\/\/www.imobiliare.ro\/imoexpert\/wp-content\/uploads\/2026\/04\/versace-intr-un-proiect-din-nordul-bucurestiului.jpg","datePublished":"2026-04-27T14:59:35+00:00","dateModified":"2026-04-27T15:08:13+00:00","description":"Un nou proiect imobiliar de lux se construie\u0219te \u00een zona de nord a Capitalei, \u00eentre \u0218oseaua Fabrica de Glucoz\u0103 \u0219i Bulevardul Dimitrie Pompeiu.","breadcrumb":{"@id":"https:\/\/www.imobiliare.ro\/imoexpert\/de-la-fotbal-la-imobiliare-fostul-finantator-al-fc-national-mizeaza-pe-lux-marca-versace-in-nordul-capitalei_db\/#breadcrumb"},"inLanguage":"en","potentialAction":[{"@type":"ReadAction","target":["https:\/\/www.imobiliare.ro\/imoexpert\/de-la-fotbal-la-imobiliare-fostul-finantator-al-fc-national-mizeaza-pe-lux-marca-versace-in-nordul-capitalei_db\/"]}]},{"@type":"ImageObject","inLanguage":"en","@id":"https:\/\/www.imobiliare.ro\/imoexpert\/de-la-fotbal-la-imobiliare-fostul-finantator-al-fc-national-mizeaza-pe-lux-marca-versace-in-nordul-capitalei_db\/#primaryimage","url":"https:\/\/www.imobiliare.ro\/imoexpert\/wp-content\/uploads\/2026\/04\/versace-intr-un-proiect-din-nordul-bucurestiului.jpg","contentUrl":"https:\/\/www.imobiliare.ro\/imoexpert\/wp-content\/uploads\/2026\/04\/versace-intr-un-proiect-din-nordul-bucurestiului.jpg","width":1200,"height":600},{"@type":"BreadcrumbList","@id":"https:\/\/www.imobiliare.ro\/imoexpert\/de-la-fotbal-la-imobiliare-fostul-finantator-al-fc-national-mizeaza-pe-lux-marca-versace-in-nordul-capitalei_db\/#breadcrumb","itemListElement":[{"@type":"ListItem","position":1,"name":"Imoradar24","item":"https:\/\/www.imoradar24.ro"},{"@type":"ListItem","position":2,"name":"ImoExpert","item":"https:\/\/www.imobiliare.ro\/imoexpert\/"},{"@type":"ListItem","position":3,"name":"\u0218tiri","item":"https:\/\/www.imobiliare.ro\/imoexpert\/stiri\/"},{"@type":"ListItem","position":4,"name":"De la fotbal la imobiliare. Fostul finan\u021bator al FC Na\u021bional mizeaz\u0103 pe lux marca Versace \u00een nordul Capitalei"}]},{"@type":"WebSite","@id":"https:\/\/www.imobiliare.ro\/imoexpert\/#website","url":"https:\/\/www.imobiliare.ro\/imoexpert\/","name":"ImoExpert","description":"cele mai importante \u015ftiri din domeniul imobiliar","publisher":{"@id":"https:\/\/www.imobiliare.ro\/imoexpert\/#organization"},"inLanguage":"en"},{"@type":"Organization","@id":"https:\/\/www.imobiliare.ro\/imoexpert\/#organization","name":"Imobiliare.ro","alternateName":"Realmedia Network SA","url":"https:\/\/www.imobiliare.ro\/imoexpert\/","logo":{"@type":"ImageObject","inLanguage":"en","@id":"https:\/\/www.imobiliare.ro\/imoexpert\/#\/schema\/logo\/image\/","url":"https:\/\/www.imobiliare.ro\/imoexpert\/wp-content\/uploads\/2025\/05\/imobiliare_logo.png","contentUrl":"https:\/\/www.imobiliare.ro\/imoexpert\/wp-content\/uploads\/2025\/05\/imobiliare_logo.png","width":237,"height":29,"caption":"Imobiliare.ro"},"image":{"@id":"https:\/\/www.imobiliare.ro\/imoexpert\/#\/schema\/logo\/image\/"}},{"@type":"Person","@id":"https:\/\/www.imobiliare.ro\/imoexpert\/#\/schema\/person\/9ffdfbf24b82f39fc75a2fc6c19e4e99","name":"Corina V\u00e2rlan","image":{"@type":"ImageObject","inLanguage":"en","@id":"https:\/\/www.imobiliare.ro\/imoexpert\/#\/schema\/person\/image\/","url":"https:\/\/www.imobiliare.ro\/imoexpert\/wp-content\/uploads\/2026\/02\/12-02-2025-5-rezumat-brasov-thumb-reels-1-1-96x96.png","contentUrl":"https:\/\/www.imobiliare.ro\/imoexpert\/wp-content\/uploads\/2026\/02\/12-02-2025-5-rezumat-brasov-thumb-reels-1-1-96x96.png","caption":"Corina V\u00e2rlan"},"description":"Cu o experien\u021b\u0103 de 14 ani \u00een presa online, comunicare \u0219i content marketing, Corina V\u00e2rlan s-a al\u0103turat echipei Imobiliare.ro \u00een urm\u0103 cu 8 ani \u0219i ocup\u0103, \u00een prezent, func\u021bia de Content Manager. Ea este gazda emisiunii \"\u00centreab\u0103 expertul\" \u0219i a seriei 5 \u0218tiri Imobiliare.ro, realizate \u00een parteneriat cu Libertatea. Corina \u00ee\u0219i concentreaz\u0103 activitatea pe analiza datelor de pia\u021b\u0103 \u0219i pe subiecte de interes at\u00e2t pentru cei afla\u021bi \u00een c\u0103utarea unei locuin\u021be, c\u00e2t \u0219i pentru proprietari sau chiria\u0219i.","alternateName":"Corina","jobTitle":"Content Manager","url":"https:\/\/www.imobiliare.ro\/imoexpert\/author\/corina-varlan\/"}]}},"_links":{"self":[{"href":"https:\/\/www.imobiliare.ro\/imoexpert\/wp-json\/wp\/v2\/posts\/75796","targetHints":{"allow":["GET"]}}],"collection":[{"href":"https:\/\/www.imobiliare.ro\/imoexpert\/wp-json\/wp\/v2\/posts"}],"about":[{"href":"https:\/\/www.imobiliare.ro\/imoexpert\/wp-json\/wp\/v2\/types\/post"}],"author":[{"embeddable":true,"href":"https:\/\/www.imobiliare.ro\/imoexpert\/wp-json\/wp\/v2\/users\/5891"}],"replies":[{"embeddable":true,"href":"https:\/\/www.imobiliare.ro\/imoexpert\/wp-json\/wp\/v2\/comments?post=75796"}],"version-history":[{"count":0,"href":"https:\/\/www.imobiliare.ro\/imoexpert\/wp-json\/wp\/v2\/posts\/75796\/revisions"}],"wp:featuredmedia":[{"embeddable":true,"href":"https:\/\/www.imobiliare.ro\/imoexpert\/wp-json\/wp\/v2\/media\/75797"}],"wp:attachment":[{"href":"https:\/\/www.imobiliare.ro\/imoexpert\/wp-json\/wp\/v2\/media?parent=75796"}],"wp:term":[{"taxonomy":"category","embeddable":true,"href":"https:\/\/www.imobiliare.ro\/imoexpert\/wp-json\/wp\/v2\/categories?post=75796"},{"taxonomy":"post_tag","embeddable":true,"href":"https:\/\/www.imobiliare.ro\/imoexpert\/wp-json\/wp\/v2\/tags?post=75796"},{"taxonomy":"content_author","embeddable":true,"href":"https:\/\/www.imobiliare.ro\/imoexpert\/wp-json\/wp\/v2\/content_author?post=75796"}],"curies":[{"name":"wp","href":"https:\/\/api.w.org\/{rel}","templated":true}]}}