{"id":80099,"date":"2026-07-15T17:54:16","date_gmt":"2026-07-15T14:54:16","guid":{"rendered":"https:\/\/www.imobiliare.ro\/imoexpert\/?p=80099"},"modified":"2026-08-20T15:20:16","modified_gmt":"2026-08-20T12:20:16","slug":"agentia-nationala-de-cadastru-si-publicitate-imobiliara-tinta-unui-atac-cibernetic","status":"publish","type":"post","link":"https:\/\/www.imobiliare.ro\/imoexpert\/agentia-nationala-de-cadastru-si-publicitate-imobiliara-tinta-unui-atac-cibernetic_db\/","title":{"rendered":"Aplica\u021biei de cadastru e-Terra, func\u021bional\u0103. Peste 279.000 de cereri solu\u021bionate, plata cu cardul reluat\u0103"},"content":{"rendered":"\n<figure class=\"wp-block-image size-full\"><img loading=\"lazy\" decoding=\"async\" width=\"1201\" height=\"600\" src=\"https:\/\/www.imobiliare.ro\/imoexpert\/wp-content\/uploads\/2026\/07\/atac-cibernetic-ancpi.jpg\" alt=\"\" class=\"wp-image-80100\" srcset=\"https:\/\/www.imobiliare.ro\/imoexpert\/wp-content\/uploads\/2026\/07\/atac-cibernetic-ancpi.jpg 1201w, https:\/\/www.imobiliare.ro\/imoexpert\/wp-content\/uploads\/2026\/07\/atac-cibernetic-ancpi-770x385.jpg 770w, https:\/\/www.imobiliare.ro\/imoexpert\/wp-content\/uploads\/2026\/07\/atac-cibernetic-ancpi-390x195.jpg 390w\" sizes=\"auto, (max-width: 1201px) 100vw, 1201px\" \/><\/figure>\n\n\n\n<p class=\"wp-block-paragraph\"><strong>Agen\u021bia Na\u021bional\u0103 de Cadastru \u0219i Publicitate Imobiliar\u0103 (ANCPI) a fost \u021binta unui atac cibernetic care a generat cea mai ampl\u0103 \u00eentrerupere tehnic\u0103 din istoria institu\u021biei. Au fost vizate adresele de e-mail ale institu\u021biei \u0219i aplica\u021bia de cadastru \u0219i carte funciar\u0103 e-Terra. Potrivit reprezentan\u021bilor ANCPI, baza de date central\u0103 a sistemului cadastral nu a fost afectat\u0103 \u0219i nu exist\u0103 dovezi c\u0103 atacatorii au avut acces la aceste date.<\/strong><\/p>\n\n\n\n<p class=\"wp-block-paragraph\">Aplica\u021bia e-Terra a fost migrat\u0103 \u00een Cloudul Guvernamental, iar ANCPI a lansat o licita\u021bie deschis\u0103 pentru a-\u0219i moderniza infrastructura IT \u00eenvechit\u0103. Aplica\u021bia \u0219i-a reluat, \u00een prezent, activitatea \u0219i recupereaz\u0103 \u00eent\u00e2rzierile acumulate \u00een perioada de nefunc\u021bionare. Pe 20 august, func\u021bionalitatea \u201dLink de plat\u0103\u201d, care permite persoanelor autorizate \u0219i notarilor s\u0103 trimit\u0103 beneficiarului un link unic prin e-mail sau SMS, astfel \u00eenc\u00e2t acesta s\u0103 achite cu cardul tarifele c\u0103tre ANCPI, a fost reactivat\u0103.<\/p>\n\n\n\n<p class=\"wp-block-paragraph\">Printre cei afecta\u021bi de blocajul generat de atacul cibernetic de la ANCPI se num\u0103r\u0103<strong> cump\u0103r\u0103torii care au achizi\u021bionat locuin\u021be noi \u00eenainte de eliminarea cotei TVA 9%<\/strong>. Parlamentul a prelungit, \u00eens\u0103, termenul limit\u0103 p\u00e2n\u0103 la care cump\u0103r\u0103torii cu promisiuni de v\u00e2nzare-cump\u0103rare \u00eencheiate \u00eenainte de 31 iulie 2025 pot beneficia de TVA redus<strong>. Noul termen este 30 septembrie.<\/strong><\/p>\n\n\n\n<figure class=\"wp-block-image size-full is-resized\"><img loading=\"lazy\" decoding=\"async\" width=\"544\" height=\"275\" src=\"https:\/\/www.imobiliare.ro\/imoexpert\/wp-content\/uploads\/2026\/07\/ce-e-important-sa-stie-cetatenii-despre-atacul-cibernetic-de-la-ancpi.jpg\" alt=\"\" class=\"wp-image-80261\" style=\"width:544px;height:auto\" srcset=\"https:\/\/www.imobiliare.ro\/imoexpert\/wp-content\/uploads\/2026\/07\/ce-e-important-sa-stie-cetatenii-despre-atacul-cibernetic-de-la-ancpi.jpg 544w, https:\/\/www.imobiliare.ro\/imoexpert\/wp-content\/uploads\/2026\/07\/ce-e-important-sa-stie-cetatenii-despre-atacul-cibernetic-de-la-ancpi-390x197.jpg 390w\" sizes=\"auto, (max-width: 544px) 100vw, 544px\" \/><figcaption class=\"wp-element-caption\"><em>Extras din comunicarea oficial\u0103 ANCPI pe tema atacului cibernetic din 14 iulie<\/em><\/figcaption><\/figure>\n\n\n\n<p class=\"has-medium-font-size wp-block-paragraph\"><strong>CITE\u0218TE \u0218I: <\/strong><\/p>\n\n\n\n<p class=\"has-medium-font-size wp-block-paragraph\"><strong><a class=\"article-body-links\"href=\"https:\/\/www.imobiliare.ro\/imoexpert\/cat-mai-costa-un-apartament-in-orasul-tau-avansul-preturilor-franat-in-luna-blocajului-ancpi-indicele-imobiliare-ro_db\/\" target=\"_blank\" rel=\"noreferrer noopener\">C\u00e2t mai cost\u0103 un apartament \u00een ora\u0219ul t\u0103u? Avansul pre\u021burilor, fr\u00e2nat \u00een luna blocajului ANCPI \u2013 Indicele Imobiliare.ro<\/a><\/strong><\/p>\n\n\n\n<p class=\"has-medium-font-size wp-block-paragraph\"><strong>UPDATE 20.08.2026 Func\u021bionalitatea \u201dLink de plat\u0103\u201d, reactivat\u0103 \u00een e-Terra<\/strong><\/p>\n\n\n\n<p class=\"wp-block-paragraph\">Func\u021bionalitatea \u201dLink de plat\u0103\u201d \u00een aplica\u021bia e-Terra, care permite persoanelor autorizate \u0219i notarilor s\u0103 trimit\u0103 beneficiarului un link unic prin e-mail sau SMS, astfel \u00eenc\u00e2t acesta s\u0103 achite personal, cu cardul, tarifele c\u0103tre ANCPI, a fost reactivat\u0103.<\/p>\n\n\n\n<p class=\"wp-block-paragraph\">\u00cen perioada 11\u201319 august 2026, oficiile de cadastru \u0219i publicitate imobiliar\u0103 din \u00eentreaga \u021bar\u0103 au \u00eenregistrat 329.476 de cereri, dintre care au fost solu\u021bionate 279.242.<\/p>\n\n\n\n<p class=\"has-medium-font-size wp-block-paragraph\"><strong>UPDATE 17.08.2026: Aplica\u021bia e-Terra, func\u021bional\u0103. 100.000 de cereri solu\u021bionate<\/strong><\/p>\n\n\n\n<p class=\"wp-block-paragraph\">Aproximativ<strong> 100.000 de cereri au fost solu\u021bionate \u00een perioada 11-17 august<\/strong>, \u00een condi\u021biile \u00een care mai bine de 165.000 au fost \u00eenregistrate p\u00e2n\u0103 la finele s\u0103pt\u0103m\u00e2nii trecute.<\/p>\n\n\n\n<p class=\"wp-block-paragraph\">&#8222;Volumul ridicat de solicit\u0103ri \u00eenregistrate \u00eentr-un interval scurt poate genera t<strong>impi de a\u0219teptare mai mari<\/strong>, at\u00e2t \u00een ceea ce prive\u0219te accesarea aplica\u021biei, c\u00e2t \u0219i procesarea unor cereri. ANCPI acord\u0103 <strong>prioritate solu\u021bion\u0103rii activit\u0103\u021bii restante <\/strong>\u0219i urm\u0103re\u0219te reducerea progresiv\u0103 a volumului acumulat&#8221;, se men\u021bioneaz\u0103 \u00eentr-un comunicat de pres\u0103 emis de Guvern.<\/p>\n\n\n\n<p class=\"wp-block-paragraph\">\u00cen aplica\u021bia e-Terra poate fi efectuat\u0103, de acum, <strong>plata cu cardul<\/strong>.<\/p>\n\n\n\n<p class=\"wp-block-paragraph\">Celelalte platforme online gestionate de ANCPI urmeaz\u0103 s\u0103 fie repuse \u00een func\u021biune etapizat, dup\u0103 finalizarea verific\u0103rilor necesare. Nu a fost anun\u021bat\u0103, p\u00e2n\u0103 \u00een acest moment, data la care acestea vor putea fi utilizate din nou.<\/p>\n\n\n\n<p class=\"has-medium-font-size wp-block-paragraph\"><strong>UPDATE 13.08.2026: Opriri temporare ale sistemului e-Terra \u0219i peste 69.000 de cereri \u00eenregistrate<\/strong><\/p>\n\n\n\n<p class=\"wp-block-paragraph\">\u00cen a doua zi de la repornirea aplica\u021biei e-Terra au fost \u00eenregistrate<strong> 69.788 de cereri<\/strong>, fa\u021b\u0103 de 42.057 \u00een aceea\u0219i zi a anului 2025, se men\u021bioneaz\u0103 \u00eentr-un comunicat de pres\u0103 emis de Guvern.<\/p>\n\n\n\n<p class=\"wp-block-paragraph\">O cre\u0219tere semnificativ\u0103 a ap\u0103rut \u00een cazul <strong>extraselor de carte funciar\u0103 pentru autentificare<\/strong>. Peste 25.000 de cereri s-au \u00eenregistrat \u00een 12 august. Spre compara\u021bie, anul trecut pe 12 august s-au \u00eenregistrat aproape 5.300 de cereri. \u00cen ceea ce prive\u0219te <strong>extrasele de carte funciar\u0103 pentru informare<\/strong>, au fost \u00eenregistrate 17.876 de cereri.<\/p>\n\n\n\n<p class=\"wp-block-paragraph\">&#8222;Volumul ridicat de acces\u0103ri \u0219i num\u0103rul mare de solicit\u0103ri au determinat, \u00een zilele de 12 \u0219i 13 august, <strong>opriri temporare ale aplica\u021biei \u0219i timpi mai mari de a\u0219teptare <\/strong>\u00een anumite intervale. Speciali\u0219tii ANCPI au intervenit prompt pentru remedierea situa\u021biilor ap\u0103rute \u0219i asigurarea continuit\u0103\u021bii activit\u0103\u021bii&#8221;, potrivit reprezentan\u021bilor Executivului.<\/p>\n\n\n\n<p class=\"wp-block-paragraph\">Pentru 12 \u0219i 13 august, <strong>programul de depunere a cererilor<\/strong>, at\u00e2t la ghi\u0219ee, c\u00e2t \u0219i prin aplica\u021bia e-Terra a fost prelungit p\u00e2n\u0103 la 16:00.<\/p>\n\n\n\n<p class=\"has-medium-font-size wp-block-paragraph\"><strong>UPDATE 12.08.2026: Aplica\u021bia e-Terra \u00ee\u0219i reia activitatea. Plata se face momentan prin ordin de plat\u0103 sau la caserie<\/strong><\/p>\n\n\n\n<p class=\"wp-block-paragraph\">\u00cencep\u00e2nd din 12 august <strong>persoanele autorizate s\u0103 execute lucr\u0103ri de cadastru, exper\u021bi tehnici-judiciari \u0219i executori judec\u0103tore\u0219ti au acces la aplica\u021bia e-Terra. Notarii publici <\/strong>pot solicita, de asemenea, ob\u021binerea prin intermediul aplica\u021biei extrase de carte funciar\u0103 pentru autentificare, necesare instrument\u0103rii actelor translative sau constitutive de drepturi reale \u0219i extrase de carte funciar\u0103 pentru informare.<\/p>\n\n\n\n<p class=\"wp-block-paragraph\"><strong>Extrasele de carte funciar\u0103 pentru informare<\/strong> pot fi ob\u021binute de orice alt solicitant, fie prin intermediul persoanelor care au cont \u00een e-Terra, fie de la ghi\u0219eele oficiilor de cadastru \u0219i publicitate imobiliar\u0103 \u0219i la cele ale birourilor de cadastru \u0219i publicitate imobiliar\u0103 din circumscrip\u021bia c\u0103rora se situeaz\u0103 imobilele de interes.<\/p>\n\n\n\n<p class=\"wp-block-paragraph\">Celelalte platforme online gestionate de ANCPI, mai exact Registrul de Transcrip\u021biuni \u0219i Inscrip\u021biuni, MyEterra, Registrul proprietarilor, Titluri de proprietate \u0219i Geoportal, vor fi repuse \u00een func\u021biune \u00een perioada urm\u0103toare. P\u00e2n\u0103 acum, data nu a fost anun\u021bat\u0103.<\/p>\n\n\n\n<p class=\"wp-block-paragraph\">Plata \u00een e-Terra nu se poate efectua cu cardul, ci doar prin <strong>ordin de plat\u0103 sau la caseria oficiului<\/strong>.<\/p>\n\n\n\n<p class=\"wp-block-paragraph\"><strong>\u00cen prima zi de reluare a activit\u0103\u021bii au fost \u00eenregistrate 24.695 de cereri <\/strong>din care 12.887 de referen\u021bii OCPI \u0219i 11.808 de c\u0103tre notarii publici. \u00cen aceast\u0103 zi s-au conectat \u0219i au efectuat opera\u021biuni \u00een sistemul informatic integrat de cadastru \u0219i carte funciar\u0103 1.052 utilizatori ai agen\u021biei \u0219i 814 notari publici.<\/p>\n\n\n\n<p class=\"wp-block-paragraph\"><strong>Toate cele 42 de oficii au finalizat \u00eenregistrarea cererilor primite prin coresponden\u021b\u0103<\/strong> \u00een perioada \u00een care sistemul nu a func\u021bionat.<\/p>\n\n\n\n<p class=\"has-medium-font-size wp-block-paragraph\"><strong>UPDATE 11.08.2026: Aplica\u021bia e-Terra, repornit\u0103 etapizat<\/strong><\/p>\n\n\n\n<p class=\"wp-block-paragraph\">\u00cencep\u00e2nd din <strong>11 august, de la ora 15:00, aplica\u021bia e-Terra a fost repornit\u0103 etapizat pentru personalul ANCPI<\/strong>, al oficiilor de cadastru \u0219i publicitate imobiliar\u0103, precum \u0219i pentru notarii publici.<\/p>\n\n\n\n<p class=\"wp-block-paragraph\">Repornirea aplica\u021biei reprezint\u0103 un prim pas pentru reluarea integral\u0103 \u0219i normalizarea activit\u0103\u021bii de cadastru \u0219i publicitate imobiliar\u0103.<\/p>\n\n\n\n<p class=\"wp-block-paragraph\">&#8222;Facem precizarea c\u0103 <strong>repornirea etapizat\u0103 prive\u0219te exclusiv sistemul e-Terra<\/strong>, sistemul informatic integrat prin care se realizeaz\u0103 \u00eenscrierea, gestiunea \u0219i eviden\u021ba cadastrului \u0219i c\u0103r\u021bii funciare la nivel na\u021bional.<strong> Celelalte platforme online ale ANCPI destinate publicului r\u0103m\u00e2n oprite deocamdat\u0103<\/strong> \u0219i vor fi repuse \u00een func\u021biune etapizat&#8221;, se men\u021bioneaz\u0103 \u00eentr-un comunicat de pres\u0103 emis de Guvern.<\/p>\n\n\n\n<p class=\"wp-block-paragraph\"><strong>Prima zi de func\u021bionare este dedicat\u0103 \u00eenregistr\u0103rii actelor instrumentate \u00een perioada de indisponibilitate a aplica\u021biei.<\/strong> Personalul OCPI va avea prioritar sarcina de a \u00eenregistra actele care au fost depuse prin po\u0219t\u0103 \u00een perioada \u00een care aplica\u021bia e-Terra nu a func\u021bionat. Notarii publici vor putea \u00eencepe \u00eenregistrarea actelor instrumentate \u00een aceast\u0103 perioad\u0103 \u0219i care nu au putut fi depuse prin intermediul sistemului.<\/p>\n\n\n\n<p class=\"wp-block-paragraph\"><strong>\u00cen prima zi nu vor putea fi solicitate extrase de carte funciar\u0103 pentru autentificarea \u0219i respectiv informare.<\/strong><\/p>\n\n\n\n<p class=\"wp-block-paragraph\">\u00cencep\u00e2nd de <strong>miercuri, de la ora 8:30, aplica\u021bia e-Terra va fi disponibil\u0103 tuturor categoriilor de utilizatori <\/strong>&#8211; persoane autorizate s\u0103 execute lucr\u0103ri de cadastru, exper\u021bi tehnici-judiciari, executori judec\u0103tore\u0219ti, care aveau acces \u00een aceast\u0103 aplica\u021bie \u00eenainte de producerea icidentului.<\/p>\n\n\n\n<p class=\"has-medium-font-size wp-block-paragraph\"><strong>UPDATE 07.08.2026: e-Terra, \u00een cur\u00e2nd func\u021bional\u0103. Procedura de lucru \u00een primele zile<\/strong><\/p>\n\n\n\n<p class=\"wp-block-paragraph\">Testele de securitate, func\u021bionalitate \u0219i performan\u021b\u0103 ale sistemului e-Terra sunt \u00een desf\u0103\u0219uarea, iar potrivit estim\u0103rilor oficiale <strong>platforma va deveni func\u021bional\u0103 \u00een cursul s\u0103pt\u0103m\u00e2nii viitoare.<\/strong><\/p>\n\n\n\n<p class=\"wp-block-paragraph\">&#8222;Pe toat\u0103 durata \u00een care sistemul electronic nu a fost disponibil, cererile depuse la ghi\u0219eu, prin po\u0219t\u0103 sau curier au fost \u00eenregistrate cu men\u021bionarea exact\u0103 a datei \u0219i orei primirii. La repunerea \u00een func\u021biune, toate cererile &#8211; at\u00e2t cele depuse prin coresponden\u021b\u0103, c\u00e2t \u0219i actele instrumentate de notarii publici, anterior bloc\u0103rii sistemului \u0219i ne\u00eenregistrate la OCPI-uri, vor fi introduse \u00een registrul electronic cu p\u0103strarea obligatorie a rangului&#8221;, se men\u021bioneaz\u0103 \u00eentr-un comunicat de pres\u0103 emis de Guvern.<\/p>\n\n\n\n<p class=\"wp-block-paragraph\">&#8222;Pe toat\u0103 durata \u00een care sistemul electronic nu a fost disponibil, cererile depuse la ghi\u0219eu, prin po\u0219t\u0103 sau curier au fost \u00eenregistrate cu men\u021bionarea exact\u0103 a datei \u0219i orei primirii. La repunerea \u00een func\u021biune, toate cererile &#8211; at\u00e2t cele depuse prin coresponden\u021b\u0103, c\u00e2t \u0219i actele instrumentate de notarii publici, anterior bloc\u0103rii sistemului \u0219i ne\u00eenregistrate la OCPI-uri, vor fi introduse \u00een registrul electronic cu p\u0103strarea obligatorie a rangului&#8221;, adaug\u0103 reprezentan\u021bii Executivului.<\/p>\n\n\n\n<p class=\"wp-block-paragraph\">Pentru a evita blocarea sistemului, redeschiderea accesului se va face \u00een etape stabilite al\u0103turi de <strong><a class=\"article-body-links\"href=\"https:\/\/www.imobiliare.ro\/imoexpert\/se-pierd-actele-de-proprietate-intr-un-atac-cibernetic-explicatia-notarilor-in-urma-blocajului-de-la-cadastru_db\/\" target=\"_blank\" rel=\"noreferrer noopener\">Uniunea Na\u021bional\u0103 a Notarilor Publici din Rom\u00e2nia<\/a><\/strong>, astfel:<\/p>\n\n\n\n<ul class=\"wp-block-list\">\n<li><strong>ziua 1:<\/strong> activitatea va fi dedicat\u0103 \u00eenregistr\u0103rii actelor autentificate \u00een perioada de \u00eentrerupere \u0219i verific\u0103rii func\u021bion\u0103rii aplica\u021biei, \u00een colaborare direct\u0103 cu notarii publici<\/li>\n\n\n\n<li><strong>\u00eencep\u00e2nd cu ziua 2:<\/strong> sistemul va fi disponibil pentru notari \u0219i persoanele autorizate.<\/li>\n<\/ul>\n\n\n\n<p class=\"wp-block-paragraph\">Acolo unde va fi nevoie,<strong> personal din alte birouri teritoriale va putea fi redirec\u021bionat temporar c\u0103tre oficiile cu volum mai mare de cereri<\/strong>.<\/p>\n\n\n\n<p class=\"wp-block-paragraph\">Pentru cele<strong> aproximativ 94.000 de<\/strong> <strong>cereri aflate deja \u00een curs de solu\u021bionare la momentul incidentului<\/strong>, termenele legale au fost prelungite printr-o decizie intern\u0103 a ANCPI. La reluarea activit\u0103\u021bii, resursele de personal disponibile vor fi mobilizate pentru solu\u021bionarea acestora \u00een termenul legal.<\/p>\n\n\n\n<p class=\"wp-block-paragraph\">\u00cen primele zile dup\u0103 redeschidere,<strong> plata cu cardul \u00een aplica\u021bie nu va fi disponibil\u0103 <\/strong>\u2014 pot fi folosite plata prin ordin de plat\u0103 sau la casieria oficiului, iar chitan\u021ba va fi eliberat\u0103 tot prin e-Terra. <\/p>\n\n\n\n<p class=\"wp-block-paragraph\">Documentele care dovedesc plata tarifelor pentru cereri nedepuse p\u00e2n\u0103 la 15 iulie 2026 r\u0103m\u00e2n valabile pentru \u00eenregistrare p\u00e2n\u0103 cel t\u00e2rziu la 5 septembrie 2026. Fiecare oficiu teritorial va avea cel pu\u021bin o sta\u021bie de lucru dedicat\u0103 publicului, cu personal care s\u0103 sprijine proprietarii \u00een vizualizarea c\u0103r\u021bii funciare a imobilelor de\u021binute, iar pentru utilizatori vor fi puse la dispozi\u021bie manuale \u0219i materiale video de utilizare. Pentru orice dificult\u0103\u021bi \u00eent\u00e2mpinate \u00een primele zile, ANCPI va organiza un call-center dedicat.<\/p>\n\n\n\n<p class=\"wp-block-paragraph\">&#8222;Este posibil ca, <strong>temporar, unele documente PDF s\u0103 nu fie disponibile,<\/strong> ca urmare a nefinaliz\u0103rii transferului \u00een Cloudul Guvernamental \u2014<strong> acestea nu sunt pierdute \u0219i vor deveni accesibile <\/strong>pe m\u0103sur\u0103 ce transferul se \u00eencheie&#8221;, explic\u0103 reprezentan\u021bii Guvernului.<\/p>\n\n\n\n<p class=\"has-medium-font-size wp-block-paragraph\"><strong>UPDATE 05.08 2026: Aplica\u021bia e-Terra parcurge prima rund\u0103 de testare<\/strong><\/p>\n\n\n\n<p class=\"wp-block-paragraph\">Testarea independent\u0103 a sistemului e-Terra a mai parcurs o rund\u0103 de evaluare. <\/p>\n\n\n\n<p class=\"wp-block-paragraph\">&#8222;<strong>Un num\u0103r limitat de aspecte tehnice urmeaz\u0103 s\u0103 fie corectate \u00eenainte ca aplica\u021bia s\u0103 fie expus\u0103 public<\/strong>. Echipa ANCPI lucreaz\u0103 \u00een prezent la remedierea acestora, urm\u00e2nd ca <strong>fiecare corec\u021bie s\u0103 fie validat\u0103 printr-o nou\u0103 rund\u0103 de testare <\/strong>\u00eenainte de a trece mai departe. Aceast\u0103 verificare are loc \u00eentr-un mediu de testare controlat &#8211; exact pentru a evita ca astfel de aspecte s\u0103 fie descoperite abia dup\u0103 ce aplica\u021bia devine public\u0103&#8221;, se explic\u0103 \u00eentr-un comunicat de pres\u0103 emis de Guvern.<\/p>\n\n\n\n<p class=\"wp-block-paragraph\">&#8222;\u00cen paralel, ANCPI \u0219i Ministerul Dezvolt\u0103rii, Lucr\u0103rilor Publice \u0219i Administra\u021biei au avut <strong>\u00eent\u00e2lniri directe cu notarii publici \u0219i cu speciali\u0219tii \u00een cadastru afecta\u021bi de \u00eentrerupere<\/strong>, pentru a stabili \u00eempreun\u0103 modul optim de reluare a opera\u021biunilor. Aceste discu\u021bii vor continua, \u00een perioada urm\u0103toare, cu to\u021bi cei afecta\u021bi, pentru ca procedura de reluare a activit\u0103\u021bii s\u0103 r\u0103spund\u0103 nevoilor tuturor sectoarelor afectate. Rezultatul discu\u021biilor de p\u00e2n\u0103 acum st\u0103 la baza procedurii de reluare a activit\u0103\u021bii, aflat\u0103 \u00een curs de elaborare \u0219i testare, care va asigura c\u0103 \u00eenregistrarea opera\u021biunilor respect\u0103 \u00eentocmai legea \u0219i se desf\u0103\u0219oar\u0103 cu un minim de blocaje. Timpul acestei etape suplimentare de testare tehnic\u0103 este folosit, \u00een paralel, pentru finalizarea acestei proceduri&#8221;, mai adaug\u0103 reprezentan\u021bii Guvernului.<\/p>\n\n\n\n<p class=\"wp-block-paragraph\"><strong>Sistemul va fi repus \u00een func\u021biune imediat ce toate testele \u0219i valid\u0103rile tehnice vor fi finalizate cu succes. <\/strong><\/p>\n\n\n\n<p class=\"wp-block-paragraph\">O nou\u0103 actualizare public\u0103 ce va include stadiul concret al remedierilor urmeaz\u0103 s\u0103 apar\u0103 cel t\u00e2rziu vineri, 7 august.<\/p>\n\n\n\n<p class=\"has-medium-font-size wp-block-paragraph\"><strong>UPDATE 04.08.2026: Lege pentru prelungirea termenului \u00een care cump\u0103r\u0103torii pot beneficia de TVA 9%<\/strong><\/p>\n\n\n\n<p class=\"wp-block-paragraph\">Parlamentul a prelungit p\u00e2n\u0103 la <strong>30 septembrie 2026 <\/strong>(inclusiv) termenul limit\u0103 p\u00e2n\u0103 la care cump\u0103r\u0103torii cu promisiuni de v\u00e2nzare-cump\u0103rare \u00eencheiate \u00eenainte de 31 iulie 2025 \u0219i avans de 20% achitat integral pot beneficia de cota redus\u0103 de TVA de 9%. Livrarea locuin\u021bei nu poate dep\u0103\u0219i data de 30 septembrie 2026.<\/p>\n\n\n\n<div data-wp-interactive=\"core\/file\" class=\"wp-block-file\"><object data-wp-bind--hidden=\"!state.hasPdfPreview\" hidden class=\"wp-block-file__embed\" data=\"https:\/\/www.imobiliare.ro\/imoexpert\/wp-content\/uploads\/2026\/07\/Monitorul-Oficial-Partea-I-nr.-642.pdf\" type=\"application\/pdf\" style=\"width:100%;height:600px\" aria-label=\"\u00cenglobare pentru &lt;strong&gt;CONSULT\u0102 AICI TEXTUL  INTEGRAL AL LEGII \u00ceN MONITORUL OFICIAL&lt;\/strong&gt;.\"><\/object><a class=\"article-body-links\"id=\"wp-block-file--media-1ba2fe0c-d5ea-43dc-b169-a8928686ac81\" href=\"https:\/\/www.imobiliare.ro\/imoexpert\/wp-content\/uploads\/2026\/07\/Monitorul-Oficial-Partea-I-nr.-642.pdf\"><strong>CONSULT\u0102 AICI TEXTUL  INTEGRAL AL LEGII \u00ceN MONITORUL OFICIAL<\/strong><\/a><a class=\"article-body-links\"href=\"https:\/\/www.imobiliare.ro\/imoexpert\/wp-content\/uploads\/2026\/07\/Monitorul-Oficial-Partea-I-nr.-642.pdf\" class=\"wp-block-file__button wp-element-button\" download aria-describedby=\"wp-block-file--media-1ba2fe0c-d5ea-43dc-b169-a8928686ac81\">     Descarc\u0103<\/a><\/div>\n\n\n\n<p class=\"wp-block-paragraph\">Persoanele care au achizi\u021bionat o locuin\u021b\u0103 cu cota standard de TVA \u00een perioada cuprins\u0103 \u00eentre 1 august 2026 \u0219i data intr\u0103rii \u00een vigoare a legii pot solicita restituirea sumei rezultate din diferen\u021ba \u00eentre cota standard TVA \u0219i cota redus\u0103 de 9%, \u00een unele condi\u021bii.<\/p>\n\n\n\n<ul class=\"wp-block-list\">\n<li>locuin\u021ba are o suprafa\u021b\u0103 util\u0103 de maximum 120 mp, exclusiv anexele gospod\u0103re\u0219ti, \u015fi o valoare, inclusiv a terenului pe care este construit\u0103, care nu dep\u0103\u0219e\u0219te suma de 600.000 lei, exclusiv taxa pe valoarea ad\u0103ugat\u0103;<\/li>\n\n\n\n<li>locuin\u021ba \u00een momentul livr\u0103rii, s\u0103 poat\u0103 fi locuit\u0103 ca atare, conform condi\u021biilor legale \u00een vigoare la data \u00eencheierii actelor juridice \u00eentre vii care au ca obiect plata \u00een avans pentru achizi\u021bionarea unei astfel de locuin\u021be. Suprafa\u021ba util\u0103 a locuin\u021bei este cea definit\u0103 prin Legea locuin\u021bei nr. 114\/1996, republicat\u0103, cu modific\u0103rile \u015fi complet\u0103rile ulterioare. Anexele gospod\u0103re\u0219ti sunt cele definite prin Legea nr. 50\/1991privind autorizarea execut\u0103rii lucr\u0103rilor de construc\u021bii, republicat\u0103, cu modific\u0103rile \u015fi complet\u0103rile ulterioare;<\/li>\n\n\n\n<li>nu a achizi\u021bionat o alt\u0103 locuin\u021b\u0103 cu cot\u0103 redus\u0103 de TVA \u00eencep\u00e2nd cu data de 1 ianuarie 2023, conform informa\u021biilor din \u201eRegistrul achizi\u021biilor de locuin\u021be cu cota redus\u0103 de TVA\u02ee, prev\u0103zut de Legea nr. 227\/2015 privind Codul fiscal, cu modific\u0103rile \u015fi complet\u0103rile ulterioare;<\/li>\n\n\n\n<li>a \u00eencheiat p\u00e2n\u0103 la data de 1 august 2025 un act juridic \u00eentre vii care are ca obiect plata \u00een avans pentru achizi\u021bionarea unei astfel de locuin\u021be.<\/li>\n<\/ul>\n\n\n\n<figure class=\"wp-block-image size-full\"><img loading=\"lazy\" decoding=\"async\" width=\"527\" height=\"431\" src=\"https:\/\/www.imobiliare.ro\/imoexpert\/wp-content\/uploads\/2026\/07\/extras-lege-tva-9-locuinte.jpg\" alt=\"extras din legea care extinde termenul limita pentru tva 9% pentru cumparatorii de locuinte noi\" class=\"wp-image-80308\" srcset=\"https:\/\/www.imobiliare.ro\/imoexpert\/wp-content\/uploads\/2026\/07\/extras-lege-tva-9-locuinte.jpg 527w, https:\/\/www.imobiliare.ro\/imoexpert\/wp-content\/uploads\/2026\/07\/extras-lege-tva-9-locuinte-390x319.jpg 390w\" sizes=\"auto, (max-width: 527px) 100vw, 527px\" \/><\/figure>\n\n\n\n<p class=\"wp-block-paragraph\">Restituirea banilor poate fi solicitat\u0103 \u00eencep\u00e2nd cu data de 1 octombrie 2026<\/p>\n\n\n\n<p class=\"has-medium-font-size wp-block-paragraph\"><strong>UPDATE 03.08.2026: Licita\u021bie pentru achizi\u021bia de echipamente noi la ANCPI<\/strong><\/p>\n\n\n\n<p class=\"wp-block-paragraph\">ANCPI a lansat o licita\u021bie deschis\u0103 pentru achizi\u021bia \u0219i implementarea unor echipamente de tip Next Generation Firewall pentru infrastructura de comunica\u021bii a institu\u021biei, dup\u0103 atacul cibernetic de la mijlocul lunii trecute.<\/p>\n\n\n\n<p class=\"wp-block-paragraph\">&#8222;Actualizarea echipamentelor la o arhitectur\u0103 cu tehnologie modern\u0103 cu func\u021bii NGFW avansate \u0219i administrare \u00een mod centralizat va cre\u0219te semnificativ nivelul de securitate al re\u021belei. M\u0103surile de securitate integrate vor proteja datele institu\u021biei \u00eempotriva atacurilor cibernetice, vulnerabilit\u0103\u021bilor \u0219i accesului neautorizat&#8221;, se men\u021bioneaz\u0103 \u00een caietul de licita\u021bii.<\/p>\n\n\n\n<p class=\"wp-block-paragraph\">Contractul are o valoare estimat\u0103 de aproape 5 milioane de euro, fiind finan\u021bat din fonduri proprii, iar durata sa de implementare este de 230 de zile. Ofertele sau cererile de participare pot fi trimise p\u00e2n\u0103 pe 7 septembrie 2026. Tot \u00een aceast\u0103 dat\u0103 va avea loc \u0219i \u0219edin\u021ba de deschidere a ofertelor primite.<\/p>\n\n\n\n<p class=\"has-medium-font-size wp-block-paragraph\"><strong>UPDATE 31.07 2026: Efectele blocajului ANCPI, vizibile deja \u00een Rom\u00e2nia<\/strong><\/p>\n\n\n\n<p class=\"wp-block-paragraph\">Efectele blocajului prelungit al aplica\u021biilor ANCPI sunt vizibile deja, spun reprezentan\u021bii Asocia\u021biei Profesionale a Agen\u021bilor Imobiliari din Rom\u00e2nia (APAIR). Exist\u0103, spre exemplu, antecontracte aflate \u00een derulare pentru care b\u0103ncile nu pot finaliza procesul de acordare a creditelor. Sunt, totodat\u0103, credite bancare aprobate care au termene de valabilitate limitate \u0219i exist\u0103 riscul ca acestea s\u0103 expire \u00eenainte ca tranzac\u021biile s\u0103 poat\u0103 fi semnate.<\/p>\n\n\n\n<p class=\"wp-block-paragraph\">&#8222;Printre problemele cauzate de blocajul de la ANCPI se mai num\u0103r\u0103 lucr\u0103ri de cadastru \u0219i intabulare aflate deja \u00een \u00eent\u00e2rziere, care sunt afectate suplimentar de aceast\u0103 situa\u021bie, prelungind \u0219i mai mult perioada de a\u0219teptare \u0219i, implicit, periclit\u00e2nd semnarea contractelor de v\u00e2nzare \u00een condi\u021biile agreate de p\u0103r\u021bi&#8221;, explic\u0103 reprezentan\u021bii APAIR. <strong><a class=\"article-body-links\"href=\"https:\/\/www.imobiliare.ro\/imoexpert\/blocajul-prelungit-al-aplicatiilor-ancpi-afecteaza-intregul-ecosistem-al-tranzactiilor-imobiliare-si-produce-efecte-economice-in-lant_db\/\" target=\"_blank\" rel=\"noreferrer noopener\">Mai multe detalii despre efectele acestui blocaj AICI.<\/a><\/strong><\/p>\n\n\n\n<p class=\"has-medium-font-size wp-block-paragraph\"><strong>UPDATE 30.07.2026: Aplica\u021bia e-Terra, migrat\u0103 \u00een Cloudul Guvernamental<\/strong><\/p>\n\n\n\n<p class=\"wp-block-paragraph\">Reconstruc\u021bia infrastructurii informatice \u0219i migrarea aplica\u021biei e-Terra \u00een Cloudul Guvernamental au fost finalizate. Aplica\u021bia a fost instalat\u0103 \u0219i configurat\u0103 \u00een noua infrastructur\u0103 centralizat\u0103, urm\u00e2nd s\u0103 fie supus\u0103 unui proces de testare \u00eenainte de repunerea sa \u00een func\u021biune pentru utilizatori.<\/p>\n\n\n\n<p class=\"wp-block-paragraph\">Testele de securitate, func\u021bionalitate \u0219i performan\u021b\u0103 sunt realizate independent de speciali\u0219ti din cadrul Directoratului Na\u021bional de Securitate Cibernetic\u0103, Serviciului de Telecomunica\u021bii Speciale \u0219i Cyberint. <\/p>\n\n\n\n<p class=\"wp-block-paragraph\">&#8222;Incidentul de la Agen\u021bia Na\u021bional\u0103 de Cadastru \u0219i Publicitate Imobiliar\u0103 este tratat nu doar ca un eveniment punctual, ci \u0219i ca un semnal de alarm\u0103 pentru \u00eentreaga administra\u021bie public\u0103. \u00cen paralel cu m\u0103surile de remediere, Guvernul a dispus intensificarea ac\u021biunilor de prevenire \u0219i consolidare a securit\u0103\u021bii cibernetice la nivelul tuturor institu\u021biilor publice&#8221;, se explic\u0103 \u00eentr-un comunicat de pres\u0103 emis de Guvern.<\/p>\n\n\n\n<p class=\"wp-block-paragraph\">&#8222;Guvernul trateaz\u0103 acest incident cu toat\u0103 seriozitatea pe care o impune. Al\u0103turi de Directoratul Na\u021bional de Securitate Cibernetic\u0103 \u0219i de ANCPI, sunt implementate m\u0103suri suplimentare de securizare a infrastructurii, inclusiv segmentarea re\u021belei, autentificarea multi-factor pentru conturile privilegiate \u0219i monitorizarea continu\u0103, astfel \u00eenc\u00e2t sistemele redeschise publicului s\u0103 fie mai sigure dec\u00e2t \u00eenainte de incident&#8221;, adaug\u0103 reprezentan\u021bii Executivului.<\/p>\n\n\n\n<p class=\"has-medium-font-size wp-block-paragraph\"><strong>UPDATE 28.07.2026: Tranzac\u021biile imobiliare, afectate direct de blocajul de la ANCPI<\/strong><\/p>\n\n\n\n<p class=\"wp-block-paragraph\">&#8222;Situa\u021bia de la ANCPI este cel mai mare blocaj opera\u021bional pe care pia\u021ba imobiliar\u0103 din Rom\u00e2nia l-a experimentat \u00een ultimii ani pe zona administrativ\u0103. Ca s\u0103 r\u0103spund direct: m\u0103surile luate p\u00e2n\u0103 acum sunt doar formale, iar pia\u021ba func\u021bioneaz\u0103 \u00een acest moment ca o ma\u0219in\u0103 care era deja avariat\u0103, iar acum are fr\u00e2na de m\u00e2n\u0103 tras\u0103&#8221;, spune Daniel Crainic, director de marketing Imobiliare.ro.<\/p>\n\n\n\n<p class=\"wp-block-paragraph\"><strong><a class=\"article-body-links\"href=\"https:\/\/www.imobiliare.ro\/imoexpert\/ancpi-lipsa-de-predictibilitate-si-efectele-asupra-unei-intregi-piete-opinie_db\/\" target=\"_blank\" rel=\"noreferrer noopener\">Afl\u0103 AICI detalii despre num\u0103rul de tranzac\u021bii afectate direct <\/a><\/strong>\u0219i despre situa\u021bia \u00een care se afl\u0103 cump\u0103r\u0103torii care \u00ee\u0219i doreau s\u0103 beneficieze de TVA 9%.<\/p>\n\n\n\n<p class=\"has-medium-font-size wp-block-paragraph\"><strong>UPDATE 27.07.2026 (ora 14:50): Aviz favorabil pentru am\u00e2narea major\u0103rii TVA<\/strong><\/p>\n\n\n\n<p class=\"wp-block-paragraph\">Lucrurile au avansat: luni, 27 iulie, Comisia economic\u0103 din Senat a acordat aviz favorabil proiectului de lege ini\u021biat de PSD, care propune am\u00e2narea p\u00e2n\u0103 la 1 octombrie 2026 a major\u0103rii TVA pentru locuin\u021bele aflate \u00een regimul tranzitoriu. Chiar reprezentan\u021bii ANCPI au sus\u021binut, \u00een cadrul dezbaterilor, c\u0103 aceast\u0103 prelungire este necesar\u0103 pentru a oferi timpul necesar debloc\u0103rii situa\u021biei. Proiectul urmeaz\u0103 acum s\u0103 intre \u00een dezbaterea \u0219i votul plenului Parlamentului, \u00een sesiunea extraordinar\u0103 convocat\u0103 p\u00e2n\u0103 pe 31 iulie.<\/p>\n\n\n\n<p class=\"wp-block-paragraph\">Pe l\u00e2ng\u0103 proiectul PSD, mai exist\u0103 \u0219i alte variante aflate \u00een discu\u021bie: AUR propune ca cei afecta\u021bi s\u0103 beneficieze de un termen suplimentar de 30 de zile de la repornirea complet\u0103 a sistemelor ANCPI \u0219i a aplica\u021biei e-Terra, iar Patronatul Antreprenorilor din Contabilitate, Taxe \u0219i Audit (PACT) sus\u021bine o solu\u021bie mai ampl\u0103, p\u0103strarea cotei de 9% p\u00e2n\u0103 la 31 decembrie 2026, cu o clauz\u0103 de siguran\u021b\u0103 p\u00e2n\u0103 la 31 ianuarie 2027 pentru cazurile \u00een care blocajul administrativ persist\u0103. Pentru moment, proiectul PSD este cel care a avansat cel mai mult \u00een procedura parlamentar\u0103.<\/p>\n\n\n\n<p class=\"wp-block-paragraph\">\u00cen ce prive\u0219te sistemele afectate, ANCPI a anun\u021bat luni c\u0103 se afl\u0103 \u00een etapa final\u0103 a refacerii aplica\u021biilor informatice, urm\u00e2nd s\u0103 fac\u0103 verific\u0103rile necesare, dar institu\u021bia nu a putut oferi \u00eenc\u0103 un termen estimativ pentru revenirea complet\u0103 a serviciilor.<\/p>\n\n\n\n<p class=\"has-medium-font-size wp-block-paragraph\"><strong>UPDATE 27.07.2026 (ora 9:00): Ce se \u00eent\u00e2mpl\u0103 cu rom\u00e2nii care au vrut s\u0103 beneficieze de TVA 9%<\/strong><\/p>\n\n\n\n<p class=\"wp-block-paragraph\">Dou\u0103 s\u0103pt\u0103m\u00e2ni mai t\u00e2rziu, sistemele ANCPI r\u0103m\u00e2n indisponibile, iar situa\u021bia a generat un efect colateral important pentru o parte dintre cump\u0103r\u0103torii de locuin\u021be noi.<\/p>\n\n\n\n<p class=\"wp-block-paragraph\">\u00cen primul r\u00e2nd, este vorba despre acele persoane care au \u00eencheiat deja o promisiune (antecontract) pentru o locuin\u021b\u0103 eligibil\u0103 pentru cota redus\u0103 de TVA de 9% ( prima achizi\u021bie, p\u00e2n\u0103 \u00een 120 mp utili \u0219i 600.000 lei) \u0219i care trebuiau s\u0103 finalizeze contractul de v\u00e2nzare-cump\u0103rare la notar p\u00e2n\u0103 la 31 iulie 2026, pentru a beneficia de aceast\u0103 cot\u0103. De la 1 august, cota standard urc\u0103 la 21%.<\/p>\n\n\n\n<p class=\"wp-block-paragraph\">F\u0103r\u0103 un sistem func\u021bional, notarii nu pot ob\u021bine extrasele de carte funciar\u0103 necesare autentific\u0103rii, a\u0219a c\u0103 aceste tranzac\u021bii nu pot fi finalizate \u00een termen, indiferent de voin\u021ba p\u0103r\u021bilor.<\/p>\n\n\n\n<p class=\"has-medium-font-size wp-block-paragraph\"><strong>Motive de optimism<\/strong><\/p>\n\n\n\n<p class=\"wp-block-paragraph\">Vestea bun\u0103 este c\u0103 acest blocaj nu \u021bine nici de cump\u0103r\u0103tori, nici de v\u00e2nz\u0103tori, ci de o situa\u021bie de for\u021b\u0103 major\u0103, iar acest lucru a ajuns deja pe agenda Parlamentului: Senatul a fost convocat \u00een sesiune extraordinar\u0103 \u00eentre 27 \u0219i 31 iulie pentru a analiza mai multe proiecte de lege care propun prelungirea termenului, variantele aflate \u00een discu\u021bie merg p\u00e2n\u0103 la 31 august sau chiar 1 octombrie 2026. <strong>Totodat\u0103, speciali\u0219ti \u00een drept fiscal consider\u0103 c\u0103 atacul cibernetic poate fi invocat ca for\u021b\u0103 major\u0103, ceea ce ar suspenda termenul curent.<\/strong><\/p>\n\n\n\n<p class=\"wp-block-paragraph\"><strong>\u201e\u00cen contextul indisponibilit\u0103\u021bii temporare a serviciilor ANCPI, \u00eei \u00eencuraj\u0103m pe to\u021bi cei implica\u021bi \u00een tranzac\u021bii imobiliare s\u0103 \u00ee\u0219i p\u0103streze calmul. \u00cen special acei cump\u0103r\u0103tori care au precontractat apartamente eligibile pentru cota de TVA de 9% \u0219i care aveau ca termen final 31 iulie 2026 \u00eencheierea contractelor de v\u00e2nzare-cump\u0103rare. Av\u00e2nd \u00een vedere c\u0103 este vorba despre o situa\u021bie de for\u021b\u0103 major\u0103, avem \u00eencrederea \u0219i a\u0219teptarea c\u0103, odat\u0103 cu reluarea func\u021bion\u0103rii serviciilor, toate termenele administrative afectate vor fi prelungite cu cel pu\u021bin perioada \u00een care serviciile ANCPI au fost indisponibile, astfel \u00eenc\u00e2t niciun cump\u0103r\u0103tor sau profesionist s\u0103 nu fie prejudiciat&#8221;<\/strong>, a declarat Daniel Crainic, director de marketing Imobiliare.ro.<\/p>\n\n\n\n<p class=\"wp-block-paragraph\">Dincolo de cazurile legate strict de TVA, blocajul afecteaz\u0103 \u00eentreaga pia\u021b\u0103 imobiliar\u0103. Agen\u021biile \u0219i dezvoltatorii nu pot \u00eencasa sumele aferente tranzac\u021biilor aflate \u00een curs, ceea ce le blocheaz\u0103, la r\u00e2ndul lor, fluxul de numerar \u0219i poate pune presiune pe plata salariilor sau a furnizorilor. La fel de expu\u0219i sunt \u0219i v\u00e2nz\u0103torii \u0219i cump\u0103r\u0103torii care au ajuns la o \u00een\u021belegere verbal\u0103, dar nu au apucat s\u0103 o formalizeze. Pentru ei, riscul este ca pre\u021bul \u0219i termenii agrea\u021bi s\u0103 nu mai poat\u0103 fi respecta\u021bi dac\u0103 cealalt\u0103 parte se r\u0103zg\u00e2nde\u0219te \u00een aceast\u0103 perioad\u0103 de a\u0219teptare.&nbsp;<\/p>\n\n\n\n<p class=\"wp-block-paragraph\">Pentru a-\u0219i proteja \u00een\u021belegerea, at\u00e2t ca cump\u0103r\u0103tor, c\u00e2t \u0219i ca v\u00e2nz\u0103tor, o solu\u021bie la \u00eendem\u00e2n\u0103 este semnarea unui acord scris sau a unei inten\u021bii de achizi\u021bie, la sediul unei agen\u021bii imobiliare sau la notar, care s\u0103 consemneze pre\u021bul \u0219i condi\u021biile convenite p\u00e2n\u0103 la momentul \u00een care tranzac\u021bia poate fi finalizat\u0103 oficial.&nbsp;<\/p>\n\n\n\n<p class=\"wp-block-paragraph\">A\u0219adar, dac\u0103 te afli \u00een aceast\u0103 situa\u021bie, recomandarea este s\u0103 nu iei nicio decizie pripit\u0103: p\u0103streaz\u0103 leg\u0103tura cu notarul \u0219i dezvoltatorul, cere o confirmare scris\u0103 a stadiului dosarului \u0219i urm\u0103re\u0219te anun\u021burile oficiale din urm\u0103toarele zile.&nbsp;<\/p>\n\n\n\n<p class=\"has-medium-font-size wp-block-paragraph\"><strong>\u0218tirea ini\u021bial\u0103 (15 Iulie 2026) &#8211; ANCPI, \u021binta unui atac cibernetic<\/strong><\/p>\n\n\n\n<p class=\"wp-block-paragraph\"><strong>Agen\u021bia Na\u021bional\u0103 de Cadastru \u0219i Publicitate Imobiliar\u0103 (ANCPI) a fost \u021binta unui atac cibernetic, care a generat cea mai ampl\u0103 \u00eentrerupere tehnic\u0103 din istoria institu\u021biei.<\/strong><\/p>\n\n\n\n<p class=\"wp-block-paragraph\">\u00cencep\u00e2nd din data de 14 iulie toate sistemele informatice gestionate de ANCPI, inclusiv adresele de e-mail ale institu\u021biei \u0219i aplica\u021bia de cadastru \u0219i carte funciar\u0103 e-Terra, sunt nefunc\u021bionale.<\/p>\n\n\n\n<p class=\"wp-block-paragraph\">&#8222;Preciz\u0103m c\u0103 datele administrate prin sistemele informatice gestionate de ANCPI sunt \u00een siguran\u021b\u0103 \u0219i nu au fost compromise \u00een urma acestui incident&#8221;, men\u021bioneaz\u0103 reprezentan\u021bii agen\u021biei \u00eentr-un comunicat de pres\u0103.<\/p>\n\n\n\n<p class=\"wp-block-paragraph\">\u00cen prezent, circumstan\u021bele atacului sunt investigate de institu\u021biile competente ale statului. Aplica\u021bia e-Terra nu va fi disponibil\u0103, cel mai probabil, p\u00e2n\u0103 la finalul s\u0103pt\u0103m\u00e2nii \u00een curs.<\/p>\n","protected":false},"excerpt":{"rendered":"<p>Agen\u021bia Na\u021bional\u0103 de Cadastru \u0219i Publicitate Imobiliar\u0103 a fost \u021binta unui atac cibernetic, care a generat cea mai ampl\u0103 \u00eentrerupere tehnic\u0103 din istoria institu\u021biei.<\/p>\n","protected":false},"author":5891,"featured_media":80100,"comment_status":"open","ping_status":"open","sticky":false,"template":"","format":"standard","meta":{"footnotes":""},"categories":[259],"tags":[834],"content_author":[],"class_list":["post-80099","post","type-post","status-publish","format-standard","has-post-thumbnail","category-stiri","tag-ancpi"],"yoast_head":"<!-- This site is optimized with the Yoast SEO plugin v28.2 - https:\/\/yoast.com\/product\/yoast-seo-wordpress\/ -->\n<title>Aplica\u021biei de cadastru e-Terra, func\u021bional\u0103. Peste 279.000 de cereri solu\u021bionate, plata cu cardul reluat\u0103 - \u0218tiri - ImoExpert<\/title>\n<meta name=\"description\" content=\"Agen\u021bia Na\u021bional\u0103 de Cadastru \u0219i Publicitate Imobiliar\u0103 a fost \u021binta unui atac cibernetic, care a generat cea mai ampl\u0103 \u00eentrerupere tehnic\u0103 din istoria institu\u021biei.\" \/>\n<meta name=\"robots\" content=\"index, follow\" \/>\n<link rel=\"canonical\" href=\"https:\/\/www.imobiliare.ro\/imoexpert\/agentia-nationala-de-cadastru-si-publicitate-imobiliara-tinta-unui-atac-cibernetic_db\/\" \/>\n<meta property=\"og:locale\" content=\"ro_RO\" \/>\n<meta property=\"og:type\" content=\"article\" \/>\n<meta property=\"og:title\" content=\"Aplica\u021biei de cadastru e-Terra, func\u021bional\u0103. Peste 279.000 de cereri solu\u021bionate, plata cu cardul reluat\u0103 - \u0218tiri - ImoExpert\" \/>\n<meta property=\"og:description\" content=\"Agen\u021bia Na\u021bional\u0103 de Cadastru \u0219i Publicitate Imobiliar\u0103 a fost \u021binta unui atac cibernetic, care a generat cea mai ampl\u0103 \u00eentrerupere tehnic\u0103 din istoria institu\u021biei.\" \/>\n<meta property=\"og:url\" content=\"https:\/\/www.imobiliare.ro\/imoexpert\/agentia-nationala-de-cadastru-si-publicitate-imobiliara-tinta-unui-atac-cibernetic_db\/\" \/>\n<meta property=\"og:site_name\" content=\"Imobiliare.ro\" \/>\n<meta property=\"article:published_time\" content=\"2026-07-15T14:54:16+00:00\" \/>\n<meta property=\"article:modified_time\" content=\"2026-08-20T12:20:16+00:00\" \/>\n<meta property=\"og:image\" content=\"https:\/\/www.imobiliare.ro\/imoexpert\/wp-content\/uploads\/og-cache\/atac-cibernetic-ancpi-1067x600-263bb6ba-branded.jpg?v=12\" \/>\n\t<meta property=\"og:image:width\" content=\"1201\" \/>\n\t<meta property=\"og:image:height\" content=\"600\" \/>\n\t<meta property=\"og:image:type\" content=\"image\/jpeg\" \/>\n<meta name=\"author\" content=\"Corina V\u00e2rlan\" \/>\n<meta name=\"twitter:card\" content=\"summary_large_image\" \/>\n<meta name=\"twitter:site\" content=\"@wwwImobiliareRo\" \/>\n<meta name=\"twitter:label1\" content=\"Written by\" \/>\n\t<meta name=\"twitter:data1\" content=\"Corina V\u00e2rlan\" \/>\n\t<meta name=\"twitter:label2\" content=\"Est. reading time\" \/>\n\t<meta name=\"twitter:data2\" content=\"20 de minute\" \/>\n<script type=\"application\/ld+json\" class=\"yoast-schema-graph\">{\"@context\":\"https:\\\/\\\/schema.org\",\"@graph\":[{\"@type\":\"Article\",\"@id\":\"https:\\\/\\\/www.imobiliare.ro\\\/imoexpert\\\/agentia-nationala-de-cadastru-si-publicitate-imobiliara-tinta-unui-atac-cibernetic_db\\\/#article\",\"isPartOf\":{\"@id\":\"https:\\\/\\\/www.imobiliare.ro\\\/imoexpert\\\/agentia-nationala-de-cadastru-si-publicitate-imobiliara-tinta-unui-atac-cibernetic_db\\\/\"},\"author\":{\"name\":\"Corina V\u00e2rlan\",\"@id\":\"https:\\\/\\\/www.imobiliare.ro\\\/imoexpert\\\/#\\\/schema\\\/person\\\/9ffdfbf24b82f39fc75a2fc6c19e4e99\"},\"headline\":\"Aplica\u021biei de cadastru e-Terra, func\u021bional\u0103. Peste 279.000 de cereri solu\u021bionate, plata cu cardul reluat\u0103\",\"datePublished\":\"2026-07-15T14:54:16+00:00\",\"dateModified\":\"2026-08-20T12:20:16+00:00\",\"mainEntityOfPage\":{\"@id\":\"https:\\\/\\\/www.imobiliare.ro\\\/imoexpert\\\/agentia-nationala-de-cadastru-si-publicitate-imobiliara-tinta-unui-atac-cibernetic_db\\\/\"},\"wordCount\":3878,\"publisher\":{\"@id\":\"https:\\\/\\\/www.imobiliare.ro\\\/imoexpert\\\/#organization\"},\"image\":{\"@id\":\"https:\\\/\\\/www.imobiliare.ro\\\/imoexpert\\\/agentia-nationala-de-cadastru-si-publicitate-imobiliara-tinta-unui-atac-cibernetic_db\\\/#primaryimage\"},\"thumbnailUrl\":\"https:\\\/\\\/www.imobiliare.ro\\\/imoexpert\\\/wp-content\\\/uploads\\\/2026\\\/07\\\/atac-cibernetic-ancpi.jpg\",\"articleSection\":[\"\u0218tiri\"],\"inLanguage\":\"en\",\"potentialAction\":[{\"@type\":\"CommentAction\",\"name\":\"Comment\",\"target\":[\"https:\\\/\\\/www.imobiliare.ro\\\/imoexpert\\\/agentia-nationala-de-cadastru-si-publicitate-imobiliara-tinta-unui-atac-cibernetic_db\\\/#respond\"]}]},{\"@type\":\"WebPage\",\"@id\":\"https:\\\/\\\/www.imobiliare.ro\\\/imoexpert\\\/agentia-nationala-de-cadastru-si-publicitate-imobiliara-tinta-unui-atac-cibernetic_db\\\/\",\"url\":\"https:\\\/\\\/www.imobiliare.ro\\\/imoexpert\\\/agentia-nationala-de-cadastru-si-publicitate-imobiliara-tinta-unui-atac-cibernetic_db\\\/\",\"name\":\"Aplica\u021biei de cadastru e-Terra, func\u021bional\u0103. Peste 279.000 de cereri solu\u021bionate, plata cu cardul reluat\u0103 - \u0218tiri - ImoExpert\",\"isPartOf\":{\"@id\":\"https:\\\/\\\/www.imobiliare.ro\\\/imoexpert\\\/#website\"},\"primaryImageOfPage\":{\"@id\":\"https:\\\/\\\/www.imobiliare.ro\\\/imoexpert\\\/agentia-nationala-de-cadastru-si-publicitate-imobiliara-tinta-unui-atac-cibernetic_db\\\/#primaryimage\"},\"image\":{\"@id\":\"https:\\\/\\\/www.imobiliare.ro\\\/imoexpert\\\/agentia-nationala-de-cadastru-si-publicitate-imobiliara-tinta-unui-atac-cibernetic_db\\\/#primaryimage\"},\"thumbnailUrl\":\"https:\\\/\\\/www.imobiliare.ro\\\/imoexpert\\\/wp-content\\\/uploads\\\/2026\\\/07\\\/atac-cibernetic-ancpi.jpg\",\"datePublished\":\"2026-07-15T14:54:16+00:00\",\"dateModified\":\"2026-08-20T12:20:16+00:00\",\"description\":\"Agen\u021bia Na\u021bional\u0103 de Cadastru \u0219i Publicitate Imobiliar\u0103 a fost \u021binta unui atac cibernetic, care a generat cea mai ampl\u0103 \u00eentrerupere tehnic\u0103 din istoria institu\u021biei.\",\"breadcrumb\":{\"@id\":\"https:\\\/\\\/www.imobiliare.ro\\\/imoexpert\\\/agentia-nationala-de-cadastru-si-publicitate-imobiliara-tinta-unui-atac-cibernetic_db\\\/#breadcrumb\"},\"inLanguage\":\"en\",\"potentialAction\":[{\"@type\":\"ReadAction\",\"target\":[\"https:\\\/\\\/www.imobiliare.ro\\\/imoexpert\\\/agentia-nationala-de-cadastru-si-publicitate-imobiliara-tinta-unui-atac-cibernetic_db\\\/\"]}]},{\"@type\":\"ImageObject\",\"inLanguage\":\"en\",\"@id\":\"https:\\\/\\\/www.imobiliare.ro\\\/imoexpert\\\/agentia-nationala-de-cadastru-si-publicitate-imobiliara-tinta-unui-atac-cibernetic_db\\\/#primaryimage\",\"url\":\"https:\\\/\\\/www.imobiliare.ro\\\/imoexpert\\\/wp-content\\\/uploads\\\/2026\\\/07\\\/atac-cibernetic-ancpi.jpg\",\"contentUrl\":\"https:\\\/\\\/www.imobiliare.ro\\\/imoexpert\\\/wp-content\\\/uploads\\\/2026\\\/07\\\/atac-cibernetic-ancpi.jpg\",\"width\":1201,\"height\":600},{\"@type\":\"BreadcrumbList\",\"@id\":\"https:\\\/\\\/www.imobiliare.ro\\\/imoexpert\\\/agentia-nationala-de-cadastru-si-publicitate-imobiliara-tinta-unui-atac-cibernetic_db\\\/#breadcrumb\",\"itemListElement\":[{\"@type\":\"ListItem\",\"position\":1,\"name\":\"Imoradar24\",\"item\":\"https:\\\/\\\/www.imoradar24.ro\"},{\"@type\":\"ListItem\",\"position\":2,\"name\":\"ImoExpert\",\"item\":\"https:\\\/\\\/www.imobiliare.ro\\\/imoexpert\\\/\"},{\"@type\":\"ListItem\",\"position\":3,\"name\":\"\u0218tiri\",\"item\":\"https:\\\/\\\/www.imobiliare.ro\\\/imoexpert\\\/stiri\\\/\"},{\"@type\":\"ListItem\",\"position\":4,\"name\":\"Aplica\u021biei de cadastru e-Terra, func\u021bional\u0103. Peste 279.000 de cereri solu\u021bionate, plata cu cardul reluat\u0103\"}]},{\"@type\":\"WebSite\",\"@id\":\"https:\\\/\\\/www.imobiliare.ro\\\/imoexpert\\\/#website\",\"url\":\"https:\\\/\\\/www.imobiliare.ro\\\/imoexpert\\\/\",\"name\":\"ImoExpert\",\"description\":\"cele mai importante \u015ftiri din domeniul imobiliar\",\"publisher\":{\"@id\":\"https:\\\/\\\/www.imobiliare.ro\\\/imoexpert\\\/#organization\"},\"inLanguage\":\"en\"},{\"@type\":\"Organization\",\"@id\":\"https:\\\/\\\/www.imobiliare.ro\\\/imoexpert\\\/#organization\",\"name\":\"Imobiliare.ro\",\"alternateName\":\"Realmedia Network SA\",\"url\":\"https:\\\/\\\/www.imobiliare.ro\\\/imoexpert\\\/\",\"logo\":{\"@type\":\"ImageObject\",\"inLanguage\":\"en\",\"@id\":\"https:\\\/\\\/www.imobiliare.ro\\\/imoexpert\\\/#\\\/schema\\\/logo\\\/image\\\/\",\"url\":\"https:\\\/\\\/www.imobiliare.ro\\\/imoexpert\\\/wp-content\\\/uploads\\\/2025\\\/05\\\/imobiliare_logo.png\",\"contentUrl\":\"https:\\\/\\\/www.imobiliare.ro\\\/imoexpert\\\/wp-content\\\/uploads\\\/2025\\\/05\\\/imobiliare_logo.png\",\"width\":237,\"height\":29,\"caption\":\"Imobiliare.ro\"},\"image\":{\"@id\":\"https:\\\/\\\/www.imobiliare.ro\\\/imoexpert\\\/#\\\/schema\\\/logo\\\/image\\\/\"}},{\"@type\":\"Person\",\"@id\":\"https:\\\/\\\/www.imobiliare.ro\\\/imoexpert\\\/#\\\/schema\\\/person\\\/9ffdfbf24b82f39fc75a2fc6c19e4e99\",\"name\":\"Corina V\u00e2rlan\",\"image\":{\"@type\":\"ImageObject\",\"inLanguage\":\"en\",\"@id\":\"https:\\\/\\\/www.imobiliare.ro\\\/imoexpert\\\/wp-content\\\/uploads\\\/2026\\\/02\\\/12-02-2025-5-rezumat-brasov-thumb-reels-1-1-96x96.png\",\"url\":\"https:\\\/\\\/www.imobiliare.ro\\\/imoexpert\\\/wp-content\\\/uploads\\\/2026\\\/02\\\/12-02-2025-5-rezumat-brasov-thumb-reels-1-1-96x96.png\",\"contentUrl\":\"https:\\\/\\\/www.imobiliare.ro\\\/imoexpert\\\/wp-content\\\/uploads\\\/2026\\\/02\\\/12-02-2025-5-rezumat-brasov-thumb-reels-1-1-96x96.png\",\"caption\":\"Corina V\u00e2rlan\"},\"description\":\"Corina V\u00e2rlan is a Content Marketing Manager at Imobiliare.ro\",\"alternateName\":\"Corina\",\"jobTitle\":\"Content Marketing Manager\",\"url\":\"https:\\\/\\\/www.imobiliare.ro\\\/imoexpert\\\/author\\\/corina-varlan\\\/\"}]}<\/script>\n<!-- \/ Yoast SEO plugin. -->","yoast_head_json":{"title":"Aplica\u021biei de cadastru e-Terra, func\u021bional\u0103. Peste 279.000 de cereri solu\u021bionate, plata cu cardul reluat\u0103 - \u0218tiri - ImoExpert","description":"Agen\u021bia Na\u021bional\u0103 de Cadastru \u0219i Publicitate Imobiliar\u0103 a fost \u021binta unui atac cibernetic, care a generat cea mai ampl\u0103 \u00eentrerupere tehnic\u0103 din istoria institu\u021biei.","robots":{"index":"index","follow":"follow"},"canonical":"https:\/\/www.imobiliare.ro\/imoexpert\/agentia-nationala-de-cadastru-si-publicitate-imobiliara-tinta-unui-atac-cibernetic_db\/","og_locale":"ro_RO","og_type":"article","og_title":"Aplica\u021biei de cadastru e-Terra, func\u021bional\u0103. Peste 279.000 de cereri solu\u021bionate, plata cu cardul reluat\u0103 - \u0218tiri - ImoExpert","og_description":"Agen\u021bia Na\u021bional\u0103 de Cadastru \u0219i Publicitate Imobiliar\u0103 a fost \u021binta unui atac cibernetic, care a generat cea mai ampl\u0103 \u00eentrerupere tehnic\u0103 din istoria institu\u021biei.","og_url":"https:\/\/www.imobiliare.ro\/imoexpert\/agentia-nationala-de-cadastru-si-publicitate-imobiliara-tinta-unui-atac-cibernetic_db\/","og_site_name":"Imobiliare.ro","article_published_time":"2026-07-15T14:54:16+00:00","article_modified_time":"2026-08-20T12:20:16+00:00","og_image":[{"width":1201,"height":600,"url":"https:\/\/www.imobiliare.ro\/imoexpert\/wp-content\/uploads\/og-cache\/atac-cibernetic-ancpi-1067x600-263bb6ba-branded.jpg?v=12","type":"image\/jpeg"}],"author":"Corina V\u00e2rlan","twitter_card":"summary_large_image","twitter_site":"@wwwImobiliareRo","twitter_misc":{"Written by":"Corina V\u00e2rlan","Est. reading time":"20 de minute"},"schema":{"@context":"https:\/\/schema.org","@graph":[{"@type":"Article","@id":"https:\/\/www.imobiliare.ro\/imoexpert\/agentia-nationala-de-cadastru-si-publicitate-imobiliara-tinta-unui-atac-cibernetic_db\/#article","isPartOf":{"@id":"https:\/\/www.imobiliare.ro\/imoexpert\/agentia-nationala-de-cadastru-si-publicitate-imobiliara-tinta-unui-atac-cibernetic_db\/"},"author":{"name":"Corina V\u00e2rlan","@id":"https:\/\/www.imobiliare.ro\/imoexpert\/#\/schema\/person\/9ffdfbf24b82f39fc75a2fc6c19e4e99"},"headline":"Aplica\u021biei de cadastru e-Terra, func\u021bional\u0103. Peste 279.000 de cereri solu\u021bionate, plata cu cardul reluat\u0103","datePublished":"2026-07-15T14:54:16+00:00","dateModified":"2026-08-20T12:20:16+00:00","mainEntityOfPage":{"@id":"https:\/\/www.imobiliare.ro\/imoexpert\/agentia-nationala-de-cadastru-si-publicitate-imobiliara-tinta-unui-atac-cibernetic_db\/"},"wordCount":3878,"publisher":{"@id":"https:\/\/www.imobiliare.ro\/imoexpert\/#organization"},"image":{"@id":"https:\/\/www.imobiliare.ro\/imoexpert\/agentia-nationala-de-cadastru-si-publicitate-imobiliara-tinta-unui-atac-cibernetic_db\/#primaryimage"},"thumbnailUrl":"https:\/\/www.imobiliare.ro\/imoexpert\/wp-content\/uploads\/2026\/07\/atac-cibernetic-ancpi.jpg","articleSection":["\u0218tiri"],"inLanguage":"en","potentialAction":[{"@type":"CommentAction","name":"Comment","target":["https:\/\/www.imobiliare.ro\/imoexpert\/agentia-nationala-de-cadastru-si-publicitate-imobiliara-tinta-unui-atac-cibernetic_db\/#respond"]}]},{"@type":"WebPage","@id":"https:\/\/www.imobiliare.ro\/imoexpert\/agentia-nationala-de-cadastru-si-publicitate-imobiliara-tinta-unui-atac-cibernetic_db\/","url":"https:\/\/www.imobiliare.ro\/imoexpert\/agentia-nationala-de-cadastru-si-publicitate-imobiliara-tinta-unui-atac-cibernetic_db\/","name":"Aplica\u021biei de cadastru e-Terra, func\u021bional\u0103. Peste 279.000 de cereri solu\u021bionate, plata cu cardul reluat\u0103 - \u0218tiri - ImoExpert","isPartOf":{"@id":"https:\/\/www.imobiliare.ro\/imoexpert\/#website"},"primaryImageOfPage":{"@id":"https:\/\/www.imobiliare.ro\/imoexpert\/agentia-nationala-de-cadastru-si-publicitate-imobiliara-tinta-unui-atac-cibernetic_db\/#primaryimage"},"image":{"@id":"https:\/\/www.imobiliare.ro\/imoexpert\/agentia-nationala-de-cadastru-si-publicitate-imobiliara-tinta-unui-atac-cibernetic_db\/#primaryimage"},"thumbnailUrl":"https:\/\/www.imobiliare.ro\/imoexpert\/wp-content\/uploads\/2026\/07\/atac-cibernetic-ancpi.jpg","datePublished":"2026-07-15T14:54:16+00:00","dateModified":"2026-08-20T12:20:16+00:00","description":"Agen\u021bia Na\u021bional\u0103 de Cadastru \u0219i Publicitate Imobiliar\u0103 a fost \u021binta unui atac cibernetic, care a generat cea mai ampl\u0103 \u00eentrerupere tehnic\u0103 din istoria institu\u021biei.","breadcrumb":{"@id":"https:\/\/www.imobiliare.ro\/imoexpert\/agentia-nationala-de-cadastru-si-publicitate-imobiliara-tinta-unui-atac-cibernetic_db\/#breadcrumb"},"inLanguage":"en","potentialAction":[{"@type":"ReadAction","target":["https:\/\/www.imobiliare.ro\/imoexpert\/agentia-nationala-de-cadastru-si-publicitate-imobiliara-tinta-unui-atac-cibernetic_db\/"]}]},{"@type":"ImageObject","inLanguage":"en","@id":"https:\/\/www.imobiliare.ro\/imoexpert\/agentia-nationala-de-cadastru-si-publicitate-imobiliara-tinta-unui-atac-cibernetic_db\/#primaryimage","url":"https:\/\/www.imobiliare.ro\/imoexpert\/wp-content\/uploads\/2026\/07\/atac-cibernetic-ancpi.jpg","contentUrl":"https:\/\/www.imobiliare.ro\/imoexpert\/wp-content\/uploads\/2026\/07\/atac-cibernetic-ancpi.jpg","width":1201,"height":600},{"@type":"BreadcrumbList","@id":"https:\/\/www.imobiliare.ro\/imoexpert\/agentia-nationala-de-cadastru-si-publicitate-imobiliara-tinta-unui-atac-cibernetic_db\/#breadcrumb","itemListElement":[{"@type":"ListItem","position":1,"name":"Imoradar24","item":"https:\/\/www.imoradar24.ro"},{"@type":"ListItem","position":2,"name":"ImoExpert","item":"https:\/\/www.imobiliare.ro\/imoexpert\/"},{"@type":"ListItem","position":3,"name":"\u0218tiri","item":"https:\/\/www.imobiliare.ro\/imoexpert\/stiri\/"},{"@type":"ListItem","position":4,"name":"Aplica\u021biei de cadastru e-Terra, func\u021bional\u0103. Peste 279.000 de cereri solu\u021bionate, plata cu cardul reluat\u0103"}]},{"@type":"WebSite","@id":"https:\/\/www.imobiliare.ro\/imoexpert\/#website","url":"https:\/\/www.imobiliare.ro\/imoexpert\/","name":"ImoExpert","description":"cele mai importante \u015ftiri din domeniul imobiliar","publisher":{"@id":"https:\/\/www.imobiliare.ro\/imoexpert\/#organization"},"inLanguage":"en"},{"@type":"Organization","@id":"https:\/\/www.imobiliare.ro\/imoexpert\/#organization","name":"Imobiliare.ro","alternateName":"Realmedia Network SA","url":"https:\/\/www.imobiliare.ro\/imoexpert\/","logo":{"@type":"ImageObject","inLanguage":"en","@id":"https:\/\/www.imobiliare.ro\/imoexpert\/#\/schema\/logo\/image\/","url":"https:\/\/www.imobiliare.ro\/imoexpert\/wp-content\/uploads\/2025\/05\/imobiliare_logo.png","contentUrl":"https:\/\/www.imobiliare.ro\/imoexpert\/wp-content\/uploads\/2025\/05\/imobiliare_logo.png","width":237,"height":29,"caption":"Imobiliare.ro"},"image":{"@id":"https:\/\/www.imobiliare.ro\/imoexpert\/#\/schema\/logo\/image\/"}},{"@type":"Person","@id":"https:\/\/www.imobiliare.ro\/imoexpert\/#\/schema\/person\/9ffdfbf24b82f39fc75a2fc6c19e4e99","name":"Corina V\u00e2rlan","image":{"@type":"ImageObject","inLanguage":"en","@id":"https:\/\/www.imobiliare.ro\/imoexpert\/wp-content\/uploads\/2026\/02\/12-02-2025-5-rezumat-brasov-thumb-reels-1-1-96x96.png","url":"https:\/\/www.imobiliare.ro\/imoexpert\/wp-content\/uploads\/2026\/02\/12-02-2025-5-rezumat-brasov-thumb-reels-1-1-96x96.png","contentUrl":"https:\/\/www.imobiliare.ro\/imoexpert\/wp-content\/uploads\/2026\/02\/12-02-2025-5-rezumat-brasov-thumb-reels-1-1-96x96.png","caption":"Corina V\u00e2rlan"},"description":"Corina V\u00e2rlan is a Content Marketing Manager at Imobiliare.ro","alternateName":"Corina","jobTitle":"Content Marketing Manager","url":"https:\/\/www.imobiliare.ro\/imoexpert\/author\/corina-varlan\/"}]}},"_links":{"self":[{"href":"https:\/\/www.imobiliare.ro\/imoexpert\/wp-json\/wp\/v2\/posts\/80099","targetHints":{"allow":["GET"]}}],"collection":[{"href":"https:\/\/www.imobiliare.ro\/imoexpert\/wp-json\/wp\/v2\/posts"}],"about":[{"href":"https:\/\/www.imobiliare.ro\/imoexpert\/wp-json\/wp\/v2\/types\/post"}],"author":[{"embeddable":true,"href":"https:\/\/www.imobiliare.ro\/imoexpert\/wp-json\/wp\/v2\/users\/5891"}],"replies":[{"embeddable":true,"href":"https:\/\/www.imobiliare.ro\/imoexpert\/wp-json\/wp\/v2\/comments?post=80099"}],"version-history":[{"count":46,"href":"https:\/\/www.imobiliare.ro\/imoexpert\/wp-json\/wp\/v2\/posts\/80099\/revisions"}],"predecessor-version":[{"id":80647,"href":"https:\/\/www.imobiliare.ro\/imoexpert\/wp-json\/wp\/v2\/posts\/80099\/revisions\/80647"}],"wp:featuredmedia":[{"embeddable":true,"href":"https:\/\/www.imobiliare.ro\/imoexpert\/wp-json\/wp\/v2\/media\/80100"}],"wp:attachment":[{"href":"https:\/\/www.imobiliare.ro\/imoexpert\/wp-json\/wp\/v2\/media?parent=80099"}],"wp:term":[{"taxonomy":"category","embeddable":true,"href":"https:\/\/www.imobiliare.ro\/imoexpert\/wp-json\/wp\/v2\/categories?post=80099"},{"taxonomy":"post_tag","embeddable":true,"href":"https:\/\/www.imobiliare.ro\/imoexpert\/wp-json\/wp\/v2\/tags?post=80099"},{"taxonomy":"content_author","embeddable":true,"href":"https:\/\/www.imobiliare.ro\/imoexpert\/wp-json\/wp\/v2\/content_author?post=80099"}],"curies":[{"name":"wp","href":"https:\/\/api.w.org\/{rel}","templated":true}]}}