{"id":80766,"date":"2026-09-01T10:54:18","date_gmt":"2026-09-01T07:54:18","guid":{"rendered":"https:\/\/www.imobiliare.ro\/imoexpert\/?p=80766"},"modified":"2026-09-01T11:59:55","modified_gmt":"2026-09-01T08:59:55","slug":"cat-mai-valoreaza-apartamentul-tau-la-sfarsitul-verii-indicele-imobiliare-ro","status":"publish","type":"post","link":"https:\/\/www.imobiliare.ro\/imoexpert\/cat-mai-valoreaza-apartamentul-tau-la-sfarsitul-verii-indicele-imobiliare-ro_db\/","title":{"rendered":"C\u00e2t mai valoreaz\u0103 apartamentul t\u0103u la sf\u00e2r\u0219itul verii? &#8211; Indicele Imobiliare.ro"},"content":{"rendered":"\n<figure class=\"wp-block-image size-full\"><img loading=\"lazy\" decoding=\"async\" width=\"1200\" height=\"600\" src=\"https:\/\/www.imobiliare.ro\/imoexpert\/wp-content\/uploads\/2026\/09\/cat-mai-valoreaza-apartamentul-tau-la-sfarsitul-verii.jpg\" alt=\"femeie vara pe balconul apartamentului\" class=\"wp-image-80768\" srcset=\"https:\/\/www.imobiliare.ro\/imoexpert\/wp-content\/uploads\/2026\/09\/cat-mai-valoreaza-apartamentul-tau-la-sfarsitul-verii.jpg 1200w, https:\/\/www.imobiliare.ro\/imoexpert\/wp-content\/uploads\/2026\/09\/cat-mai-valoreaza-apartamentul-tau-la-sfarsitul-verii-770x385.jpg 770w, https:\/\/www.imobiliare.ro\/imoexpert\/wp-content\/uploads\/2026\/09\/cat-mai-valoreaza-apartamentul-tau-la-sfarsitul-verii-390x195.jpg 390w\" sizes=\"auto, (max-width: 1200px) 100vw, 1200px\" \/><\/figure>\n\n\n\n<p class=\"wp-block-paragraph\"><strong>Pre\u021burile apartamentelor continu\u0103 s\u0103 bat\u0103 pasul pe loc la sf\u00e2r\u0219itul verii. Singurele excep\u021bii apar \u00een Capital\u0103 \u0219i \u00een Constan\u021ba pe segmentul nou, conform Indicelui Imobiliare.ro, instrument care monitorizeaz\u0103 de peste 15 ani evolu\u021bia pie\u021bei reziden\u021biale din principalele centre urbane prin intermediul celei mai extinse baze de date din \u021bar\u0103.<\/strong><\/p>\n\n\n\n<p class=\"wp-block-paragraph\"> Media \u00eenregistrat\u0103 la nivel na\u021bional a ajuns, \u00een luna august, la<strong> 2.027 euro\/mp util<\/strong>.<\/p>\n\n\n\n<p class=\"has-medium-font-size wp-block-paragraph\"><strong>U\u0219oare ieftiniri pe pia\u021ba imobiliar\u0103 bucure\u0219tean\u0103<\/strong><\/p>\n\n\n\n<p class=\"wp-block-paragraph\">Pre\u021bul mediu solicitat pentru apartamentele noi listate la v\u00e2nzare \u00een Capital\u0103 a \u00eenregistra<strong>t o sc\u0103dere u\u0219oar\u0103, cu aproape 3%<\/strong>, pe parcursul lunii august \u0219i a ajuns la valoarea de<strong> 2.549 euro\/mp util<\/strong>. O reducere mai mic\u0103 de un procent a putut fi observat\u0103 pe plan local \u0219i \u00een iulie. <\/p>\n\n\n\n<p class=\"wp-block-paragraph\">\u00cen cazul locuin\u021belor vechi, pre\u021burile se men\u021bin stabile. O astfel de proprietate iese pe pia\u021b\u0103 cu un pre\u021b mediu de <strong>2.265 euro\/mp util<\/strong>, conform Indicelui Imobiliare.ro.<\/p>\n\n\n\n<figure class=\"wp-block-image size-large\"><img loading=\"lazy\" decoding=\"async\" width=\"1024\" height=\"1024\" src=\"https:\/\/www.imobiliare.ro\/imoexpert\/wp-content\/uploads\/2026\/09\/evolutie-preturi-apartamente-noi-si-vechi-in-bucuresti-1024x1024.jpg\" alt=\"\" class=\"wp-image-80771\" srcset=\"https:\/\/www.imobiliare.ro\/imoexpert\/wp-content\/uploads\/2026\/09\/evolutie-preturi-apartamente-noi-si-vechi-in-bucuresti-1024x1024.jpg 1024w, https:\/\/www.imobiliare.ro\/imoexpert\/wp-content\/uploads\/2026\/09\/evolutie-preturi-apartamente-noi-si-vechi-in-bucuresti-770x770.jpg 770w, https:\/\/www.imobiliare.ro\/imoexpert\/wp-content\/uploads\/2026\/09\/evolutie-preturi-apartamente-noi-si-vechi-in-bucuresti-300x300.jpg 300w, https:\/\/www.imobiliare.ro\/imoexpert\/wp-content\/uploads\/2026\/09\/evolutie-preturi-apartamente-noi-si-vechi-in-bucuresti-1080x1080.jpg 1080w, https:\/\/www.imobiliare.ro\/imoexpert\/wp-content\/uploads\/2026\/09\/evolutie-preturi-apartamente-noi-si-vechi-in-bucuresti-390x390.jpg 390w, https:\/\/www.imobiliare.ro\/imoexpert\/wp-content\/uploads\/2026\/09\/evolutie-preturi-apartamente-noi-si-vechi-in-bucuresti.jpg 1200w\" sizes=\"auto, (max-width: 1024px) 100vw, 1024px\" \/><\/figure>\n\n\n\n<p class=\"has-medium-font-size wp-block-paragraph\"><strong>Apartamente noi mai scumpe \u00een Constan\u021ba<\/strong><\/p>\n\n\n\n<p class=\"wp-block-paragraph\">Pre\u021bul mediu solicitat pentru apartamentele noi din Constan\u021ba continu\u0103 s\u0103 creasc\u0103 \u0219i a atinge pragul de <strong>2.228 euro\/mp util<\/strong>. Pe parcursul lunii trecute pe pia\u021ba reziden\u021bial\u0103 local\u0103 s-a \u00eenregistrat pe acest segment <strong>un avans cu 4%, dup\u0103 o cre\u0219tere cu 3,5% observat\u0103 \u00een iulie<\/strong>. Aceast\u0103 majorare, unic\u0103 la nivelul marilor ora\u0219e din \u021bar\u0103, a ap\u0103rut \u00een principal pe fondul num\u0103rului \u00een cre\u0219tere de locuin\u021be noi cu pre\u021buri peste medie intrate \u00een oferta local\u0103 disponibil\u0103 cump\u0103r\u0103torilor. <\/p>\n\n\n\n<p class=\"wp-block-paragraph\">Pe segmentul vechi, pre\u021burile apartamentelor au stagnat. Media se men\u021bine \u00een jurul valorii de<strong> 2.000 euro\/mp util<\/strong>. <\/p>\n\n\n\n<figure class=\"wp-block-image size-large\"><img loading=\"lazy\" decoding=\"async\" width=\"1024\" height=\"1024\" src=\"https:\/\/www.imobiliare.ro\/imoexpert\/wp-content\/uploads\/2026\/09\/cat-costa-un-apartament-nou-si-un-apartament-vechi-in-constanta-1024x1024.jpg\" alt=\"graficul prezinta evolutia preturilor solicitate cumparatorilor pentru apartamentele noi si vechi din constanta pe baza datelor furnizate de indicele imobiliare.ro\" class=\"wp-image-80773\" srcset=\"https:\/\/www.imobiliare.ro\/imoexpert\/wp-content\/uploads\/2026\/09\/cat-costa-un-apartament-nou-si-un-apartament-vechi-in-constanta-1024x1024.jpg 1024w, https:\/\/www.imobiliare.ro\/imoexpert\/wp-content\/uploads\/2026\/09\/cat-costa-un-apartament-nou-si-un-apartament-vechi-in-constanta-770x770.jpg 770w, https:\/\/www.imobiliare.ro\/imoexpert\/wp-content\/uploads\/2026\/09\/cat-costa-un-apartament-nou-si-un-apartament-vechi-in-constanta-300x300.jpg 300w, https:\/\/www.imobiliare.ro\/imoexpert\/wp-content\/uploads\/2026\/09\/cat-costa-un-apartament-nou-si-un-apartament-vechi-in-constanta-1080x1080.jpg 1080w, https:\/\/www.imobiliare.ro\/imoexpert\/wp-content\/uploads\/2026\/09\/cat-costa-un-apartament-nou-si-un-apartament-vechi-in-constanta-390x390.jpg 390w, https:\/\/www.imobiliare.ro\/imoexpert\/wp-content\/uploads\/2026\/09\/cat-costa-un-apartament-nou-si-un-apartament-vechi-in-constanta.jpg 1200w\" sizes=\"auto, (max-width: 1024px) 100vw, 1024px\" \/><\/figure>\n\n\n\n<p class=\"has-medium-font-size wp-block-paragraph\"><strong>Cluj-Napoca, ora\u0219ul cu cele mai scumpe apartamente noi<\/strong><\/p>\n\n\n\n<p class=\"wp-block-paragraph\">Cluj-Napoca \u00ee\u0219i men\u021bine pozi\u021bia de lider \u00een topul pre\u021burilor. La sf\u00e2r\u0219itul verii, pre\u021bul mediu solicitat cump\u0103r\u0103torilor pentru apartamentele situate \u00een blocuri noi, finalizate \u00een ultimii cinci ani, a atins pragul de <strong>3.500 euro\/mp util<\/strong>. Cei care \u00ee\u0219i doresc s\u0103 devin\u0103 proprietari trebuie s\u0103 scoat\u0103 din buzunar <strong>cu 9% mai mult dec\u00e2t \u00een august 2025<\/strong>.<\/p>\n\n\n\n<p class=\"wp-block-paragraph\">Avansul pre\u021burilor a fost mai lent pe segmentul vechi. Apartamentele sunt listate la v\u00e2nzare, \u00een medie, cu <strong>3.299 euro\/mp util<\/strong>, dup\u0103 o cre\u0219tere \u00een ritm anual cu 6%.<\/p>\n\n\n\n<figure class=\"wp-block-image size-large\"><img loading=\"lazy\" decoding=\"async\" width=\"1024\" height=\"1024\" src=\"https:\/\/www.imobiliare.ro\/imoexpert\/wp-content\/uploads\/2026\/09\/cat-costa-apartamentele-scoase-la-vazare-in-cluj-napoca-potrivit-indicelui-imobiliarero-1024x1024.jpg\" alt=\"graficul prezinta evolutia preturilor apartamentelor din cluj-napoca\" class=\"wp-image-80774\" srcset=\"https:\/\/www.imobiliare.ro\/imoexpert\/wp-content\/uploads\/2026\/09\/cat-costa-apartamentele-scoase-la-vazare-in-cluj-napoca-potrivit-indicelui-imobiliarero-1024x1024.jpg 1024w, https:\/\/www.imobiliare.ro\/imoexpert\/wp-content\/uploads\/2026\/09\/cat-costa-apartamentele-scoase-la-vazare-in-cluj-napoca-potrivit-indicelui-imobiliarero-770x770.jpg 770w, https:\/\/www.imobiliare.ro\/imoexpert\/wp-content\/uploads\/2026\/09\/cat-costa-apartamentele-scoase-la-vazare-in-cluj-napoca-potrivit-indicelui-imobiliarero-300x300.jpg 300w, https:\/\/www.imobiliare.ro\/imoexpert\/wp-content\/uploads\/2026\/09\/cat-costa-apartamentele-scoase-la-vazare-in-cluj-napoca-potrivit-indicelui-imobiliarero-1080x1080.jpg 1080w, https:\/\/www.imobiliare.ro\/imoexpert\/wp-content\/uploads\/2026\/09\/cat-costa-apartamentele-scoase-la-vazare-in-cluj-napoca-potrivit-indicelui-imobiliarero-390x390.jpg 390w, https:\/\/www.imobiliare.ro\/imoexpert\/wp-content\/uploads\/2026\/09\/cat-costa-apartamentele-scoase-la-vazare-in-cluj-napoca-potrivit-indicelui-imobiliarero.jpg 1200w\" sizes=\"auto, (max-width: 1024px) 100vw, 1024px\" \/><\/figure>\n\n\n\n<p class=\"has-medium-font-size wp-block-paragraph\"><strong>Cu c\u00e2t au crescut pre\u021burile apartamentelor din Bra\u0219ov?<\/strong><\/p>\n\n\n\n<p class=\"wp-block-paragraph\">Apartamentele noi din Bra\u0219ov ies pe pia\u021b\u0103 cu un pre\u021b mediu de <strong>2.750 euro\/mp util<\/strong>, conform <strong><a class=\"article-body-links\"href=\"https:\/\/www.imobiliare.ro\/indicele-imobiliare-ro\" target=\"_blank\" rel=\"noreferrer noopener\">Indicelui Imobiliare.ro<\/a><\/strong> aferent lunii august. \u00cen  urm\u0103 cu un an, cump\u0103r\u0103torii pl\u0103teau circa 2.600 euro\/mp util. Discut\u0103m, astfel, de un avans cu aproape 6%.<\/p>\n\n\n\n<p class=\"wp-block-paragraph\">\u00cen cazul locuin\u021belor din blocuri vechi, pre\u021bul mediu solicitat cump\u0103r\u0103torilor se men\u021bine mai accesibil dec\u00e2t cel practicat \u00een cazul apartamentelor noi. Media atinge <strong>2.238 euro\/mp util<\/strong>, dup\u0103 un avans cu 5% \u00eentr-un an. La finele verii, \u00een 2024, cump\u0103r\u0103torii achitau doar 1.900 euro\/mp util pentru o astfel de locuin\u021b\u0103.<\/p>\n\n\n\n<figure class=\"wp-block-image size-large\"><img loading=\"lazy\" decoding=\"async\" width=\"1024\" height=\"1024\" src=\"https:\/\/www.imobiliare.ro\/imoexpert\/wp-content\/uploads\/2026\/09\/evolutia-preturilor-de-vanzare-solicitate-pentru-apartamentele-din-brasov-potrivit-indicelui-imobiliarero-1024x1024.jpg\" alt=\"graficul prezinta evolutia preturilor apartamentelor din brasov conform datelor furnizate prin intermediul indicelui imobiliare.ro\" class=\"wp-image-80775\" srcset=\"https:\/\/www.imobiliare.ro\/imoexpert\/wp-content\/uploads\/2026\/09\/evolutia-preturilor-de-vanzare-solicitate-pentru-apartamentele-din-brasov-potrivit-indicelui-imobiliarero-1024x1024.jpg 1024w, https:\/\/www.imobiliare.ro\/imoexpert\/wp-content\/uploads\/2026\/09\/evolutia-preturilor-de-vanzare-solicitate-pentru-apartamentele-din-brasov-potrivit-indicelui-imobiliarero-770x770.jpg 770w, https:\/\/www.imobiliare.ro\/imoexpert\/wp-content\/uploads\/2026\/09\/evolutia-preturilor-de-vanzare-solicitate-pentru-apartamentele-din-brasov-potrivit-indicelui-imobiliarero-300x300.jpg 300w, https:\/\/www.imobiliare.ro\/imoexpert\/wp-content\/uploads\/2026\/09\/evolutia-preturilor-de-vanzare-solicitate-pentru-apartamentele-din-brasov-potrivit-indicelui-imobiliarero-1080x1080.jpg 1080w, https:\/\/www.imobiliare.ro\/imoexpert\/wp-content\/uploads\/2026\/09\/evolutia-preturilor-de-vanzare-solicitate-pentru-apartamentele-din-brasov-potrivit-indicelui-imobiliarero-390x390.jpg 390w, https:\/\/www.imobiliare.ro\/imoexpert\/wp-content\/uploads\/2026\/09\/evolutia-preturilor-de-vanzare-solicitate-pentru-apartamentele-din-brasov-potrivit-indicelui-imobiliarero.jpg 1200w\" sizes=\"auto, (max-width: 1024px) 100vw, 1024px\" \/><\/figure>\n\n\n\n<p class=\"has-medium-font-size wp-block-paragraph\"><strong>C\u00e2t cost\u0103 un apartament \u00een Timi\u0219oara?<\/strong><\/p>\n\n\n\n<p class=\"wp-block-paragraph\">Pre\u021bul mediu solicitat pentru apartamentele noi din Timi\u0219oara a atins, p\u00e2n\u0103 la finele lunii august, pragul de <strong>2.261 euro\/mp util, dup\u0103 un avans cu 9% \u00eentr-un an<\/strong>, arat\u0103 Indicele Imobiliare.ro. <\/p>\n\n\n\n<p class=\"wp-block-paragraph\">Locuin\u021bele de pe segmentul vechi se men\u021bin mai accesibile, chiar dac\u0103 \u00een ultimele 12 luni pre\u021burile s-au apreciat mai mult. Media ajunge, \u00een acest caz, la<strong> 1.933 euro\/mp util<\/strong>.<\/p>\n\n\n\n<figure class=\"wp-block-image size-large\"><img loading=\"lazy\" decoding=\"async\" width=\"1024\" height=\"1024\" src=\"https:\/\/www.imobiliare.ro\/imoexpert\/wp-content\/uploads\/2026\/09\/cat-costa-un-apartament-nou-si-un-apartament-vechi-in-timisoara-1024x1024.jpg\" alt=\"graficul prezinta evolutia preturilor solicitate cumparatorilor pentru apartamentele listate la vanzare pe piata rezidentiala din timisoara\" class=\"wp-image-80776\" srcset=\"https:\/\/www.imobiliare.ro\/imoexpert\/wp-content\/uploads\/2026\/09\/cat-costa-un-apartament-nou-si-un-apartament-vechi-in-timisoara-1024x1024.jpg 1024w, https:\/\/www.imobiliare.ro\/imoexpert\/wp-content\/uploads\/2026\/09\/cat-costa-un-apartament-nou-si-un-apartament-vechi-in-timisoara-770x770.jpg 770w, https:\/\/www.imobiliare.ro\/imoexpert\/wp-content\/uploads\/2026\/09\/cat-costa-un-apartament-nou-si-un-apartament-vechi-in-timisoara-300x300.jpg 300w, https:\/\/www.imobiliare.ro\/imoexpert\/wp-content\/uploads\/2026\/09\/cat-costa-un-apartament-nou-si-un-apartament-vechi-in-timisoara-1080x1080.jpg 1080w, https:\/\/www.imobiliare.ro\/imoexpert\/wp-content\/uploads\/2026\/09\/cat-costa-un-apartament-nou-si-un-apartament-vechi-in-timisoara-390x390.jpg 390w, https:\/\/www.imobiliare.ro\/imoexpert\/wp-content\/uploads\/2026\/09\/cat-costa-un-apartament-nou-si-un-apartament-vechi-in-timisoara.jpg 1200w\" sizes=\"auto, (max-width: 1024px) 100vw, 1024px\" \/><\/figure>\n\n\n\n<p class=\"has-medium-font-size wp-block-paragraph\"><strong>Avans rapid al pre\u021burilor pe pia\u021ba imobiliar\u0103 ie\u0219ean\u0103<\/strong><\/p>\n\n\n\n<p class=\"wp-block-paragraph\">\u00cen ultimul an, pre\u021bul mediu solicitat cump\u0103r\u0103torilor pentru apartamentele noi scoase la v\u00e2nzare<strong> a crescut cu aproape 11% \u0219i a ajuns la 2.083 euro\/mp util<\/strong>. \u00cen august 2024, cump\u0103r\u0103torii achitau doar 1.700 euro\/mp util pentru o astfel de locuin\u021b\u0103.<\/p>\n\n\n\n<p class=\"wp-block-paragraph\">Pe segmentul vechi pre\u021burile au avansat \u00eentr-un ritm mai lent. Dac\u0103 ne raport\u0103m la situa\u021bia \u00eenregistrat\u0103 local \u00een august 2025, observ\u0103m<strong> un avans cu 7% de la 1.860 euro\/mp util la 1.983 euro\/mp util<\/strong>.<\/p>\n\n\n\n<figure class=\"wp-block-image size-large\"><img loading=\"lazy\" decoding=\"async\" width=\"1024\" height=\"1024\" src=\"https:\/\/www.imobiliare.ro\/imoexpert\/wp-content\/uploads\/2026\/09\/cat-costa-un-apartament-in-iasi-conform-indicelui-imobiliarero-1024x1024.jpg\" alt=\"evolutia preturilor solicitate pentru apartamentele noi si vechi scoase la vanzare in iasi in luna august 2026 versus august 2025\" class=\"wp-image-80777\" srcset=\"https:\/\/www.imobiliare.ro\/imoexpert\/wp-content\/uploads\/2026\/09\/cat-costa-un-apartament-in-iasi-conform-indicelui-imobiliarero-1024x1024.jpg 1024w, https:\/\/www.imobiliare.ro\/imoexpert\/wp-content\/uploads\/2026\/09\/cat-costa-un-apartament-in-iasi-conform-indicelui-imobiliarero-770x770.jpg 770w, https:\/\/www.imobiliare.ro\/imoexpert\/wp-content\/uploads\/2026\/09\/cat-costa-un-apartament-in-iasi-conform-indicelui-imobiliarero-300x300.jpg 300w, https:\/\/www.imobiliare.ro\/imoexpert\/wp-content\/uploads\/2026\/09\/cat-costa-un-apartament-in-iasi-conform-indicelui-imobiliarero-1080x1080.jpg 1080w, https:\/\/www.imobiliare.ro\/imoexpert\/wp-content\/uploads\/2026\/09\/cat-costa-un-apartament-in-iasi-conform-indicelui-imobiliarero-390x390.jpg 390w, https:\/\/www.imobiliare.ro\/imoexpert\/wp-content\/uploads\/2026\/09\/cat-costa-un-apartament-in-iasi-conform-indicelui-imobiliarero.jpg 1200w\" sizes=\"auto, (max-width: 1024px) 100vw, 1024px\" \/><\/figure>\n\n\n\n<p class=\"has-medium-font-size wp-block-paragraph\"><strong>Cum evolueaz\u0103 pre\u021burile pe pie\u021bele secundare?<\/strong><\/p>\n\n\n\n<p class=\"wp-block-paragraph\">Pre\u021burile apartamentelor se men\u021bin, \u00een mare parte, la un nivel stabil pe pie\u021bele reziden\u021biale secundare din \u021bar\u0103. Media ajunge \u00een cazul apartamentelor vechi \u0219i noi la <strong>2.126 euro\/mp util (+0,4% vs iulie 2026) \u00een Craiova \u0219i la 2.031 euro\/mp util (+0,5%) \u00een Sibiu<\/strong>.<\/p>\n\n\n\n<p class=\"wp-block-paragraph\">Locuin\u021bele din <strong>Oradea <\/strong>sunt scoase la v\u00e2nzare cu un pre\u021b mediu de <strong>1.867 euro\/mp util (+0,3%)<\/strong>, iar cele din <strong>Ploie\u0219ti cu 1.413 euro\/mp util (+0,9%)<\/strong>.<\/p>\n\n\n\n<p class=\"has-medium-font-size wp-block-paragraph\"><strong>Nesigur de pre\u021bul unui apartament? Afl\u0103-i valoarea cu pre\u021bExpert<\/strong><\/p>\n\n\n\n<p class=\"wp-block-paragraph\">Indicele Imobiliare.ro \u00ee\u0219i ofer\u0103 informa\u021bii despre evolu\u021bia pre\u021burilor la nivelul marilor ora\u0219e din \u021bar\u0103. Valoarea unei propriet\u0103\u021bi poate fi influen\u021bat\u0103, \u00eens\u0103, de numero\u0219i factori, de la finisaje \u0219i dot\u0103ri la zon\u0103. Dac\u0103 vrei s\u0103 afli valoarea unei anumite propriet\u0103\u021bi rapid, direct online, po\u021bi \u00eencerca instrumentul pre\u021bExpert, pus la dispozi\u021bia ta de Imobiliare.ro.<\/p>\n\n\n\n<figure class=\"wp-block-image size-large\"><a class=\"article-body-links\"href=\"https:\/\/www.imobiliare.ro\/pret-expert\" target=\"_blank\" rel=\" noreferrer noopener\"><img loading=\"lazy\" decoding=\"async\" width=\"1200\" height=\"767\" src=\"https:\/\/www.imobiliare.ro\/imoexpert\/wp-content\/uploads\/2025\/08\/pretexpert-de-la-imobiliare.ro_-1200x767.jpg\" alt=\"\" class=\"wp-image-73767\" srcset=\"https:\/\/www.imobiliare.ro\/imoexpert\/wp-content\/uploads\/2025\/08\/pretexpert-de-la-imobiliare.ro_-1200x767.jpg 1200w, https:\/\/www.imobiliare.ro\/imoexpert\/wp-content\/uploads\/2025\/08\/pretexpert-de-la-imobiliare.ro_-770x492.jpg 770w, https:\/\/www.imobiliare.ro\/imoexpert\/wp-content\/uploads\/2025\/08\/pretexpert-de-la-imobiliare.ro_-390x249.jpg 390w, https:\/\/www.imobiliare.ro\/imoexpert\/wp-content\/uploads\/2025\/08\/pretexpert-de-la-imobiliare.ro_.jpg 1327w\" sizes=\"auto, (max-width: 1200px) 100vw, 1200px\" \/><\/a><\/figure>\n\n\n\n<p class=\"wp-block-paragraph\">Te ajut\u0103 s\u0103 iei o decizie indiferent dac\u0103 vrei s\u0103 cumperi sau s\u0103 vinzi un apartament pentru c\u0103 \u00ee\u021bi ofer\u0103 o analiz\u0103 pe baza c\u0103reia vezi c\u00e2t se cere pentru apartamente similare din zon\u0103, dac\u0103 este sau nu loc de negociere, dar \u0219i \u00een c\u00e2t timp po\u021bi vinde proprietatea \u0219i cu c\u00e2t se \u00eenchiriaz\u0103 propriet\u0103\u021bi similare.<\/p>\n\n\n\n<p class=\"wp-block-paragraph\">pre\u021bExpert este un instrument care are la baz\u0103 cea mai extins\u0103 baz\u0103 de date imobiliare din Rom\u00e2nia \u0219i folose\u0219te un model statistic avansat, utilizat de b\u0103nci \u0219i evaluatori de top. <strong><a class=\"article-body-links\"href=\"https:\/\/www.imobiliare.ro\/pret-expert\" target=\"_blank\" rel=\"noreferrer noopener\">\u00cencearc\u0103 pre\u021bExpert AICI.<\/a><\/strong><\/p>\n","protected":false},"excerpt":{"rendered":"<p>Indicele Imobiliare.ro \u00ee\u021bi ofer\u0103 informa\u021bii despre evolu\u021bia pre\u021burilor apartamentelor noi \u0219i vechi din marile ora\u0219e din \u021bar\u0103.<\/p>\n","protected":false},"author":5891,"featured_media":80768,"comment_status":"open","ping_status":"open","sticky":false,"template":"","format":"standard","meta":{"footnotes":""},"categories":[259],"tags":[428,2120,906,404,405,299,927,550,932,1809],"content_author":[],"class_list":["post-80766","post","type-post","status-publish","format-standard","has-post-thumbnail","category-stiri","tag-brasov","tag-bucuresti-3","tag-cluj-napoca","tag-constanta","tag-iasi","tag-indicele-imobiliare-ro","tag-oradea","tag-ploiesti","tag-sibiu","tag-apartamente-timisoara"],"yoast_head":"<!-- This site is optimized with the Yoast SEO plugin v28.2 - https:\/\/yoast.com\/product\/yoast-seo-wordpress\/ -->\n<title>C\u00e2t mai valoreaz\u0103 apartamentul t\u0103u la sf\u00e2r\u0219itul verii? - Indicele Imobiliare.ro - \u0218tiri - ImoExpert<\/title>\n<meta name=\"description\" content=\"Indicele Imobiliare.ro \u00ee\u021bi ofer\u0103 informa\u021bii despre evolu\u021bia pre\u021burilor apartamentelor noi \u0219i vechi din marile ora\u0219e din \u021bar\u0103.\" \/>\n<meta name=\"robots\" content=\"index, follow\" \/>\n<link rel=\"canonical\" href=\"https:\/\/www.imobiliare.ro\/imoexpert\/cat-mai-valoreaza-apartamentul-tau-la-sfarsitul-verii-indicele-imobiliare-ro_db\/\" \/>\n<meta property=\"og:locale\" content=\"ro_RO\" \/>\n<meta property=\"og:type\" content=\"article\" \/>\n<meta property=\"og:title\" content=\"C\u00e2t mai valoreaz\u0103 apartamentul t\u0103u la sf\u00e2r\u0219itul verii? - Indicele Imobiliare.ro - \u0218tiri - ImoExpert\" \/>\n<meta property=\"og:description\" content=\"Indicele Imobiliare.ro \u00ee\u021bi ofer\u0103 informa\u021bii despre evolu\u021bia pre\u021burilor apartamentelor noi \u0219i vechi din marile ora\u0219e din \u021bar\u0103.\" \/>\n<meta property=\"og:url\" content=\"https:\/\/www.imobiliare.ro\/imoexpert\/cat-mai-valoreaza-apartamentul-tau-la-sfarsitul-verii-indicele-imobiliare-ro_db\/\" \/>\n<meta property=\"og:site_name\" content=\"Imobiliare.ro\" \/>\n<meta property=\"article:published_time\" content=\"2026-09-01T07:54:18+00:00\" \/>\n<meta property=\"article:modified_time\" content=\"2026-09-01T08:59:55+00:00\" \/>\n<meta property=\"og:image\" content=\"https:\/\/www.imobiliare.ro\/imoexpert\/wp-content\/uploads\/og-cache\/12-02-2025-5-rezumat-brasov-thumb-reels-1-1-2a3897ef-branded.jpg?v=12\" \/>\n\t<meta property=\"og:image:width\" content=\"1200\" \/>\n\t<meta property=\"og:image:height\" content=\"600\" \/>\n\t<meta property=\"og:image:type\" content=\"image\/jpeg\" \/>\n<meta name=\"author\" content=\"Corina V\u00e2rlan\" \/>\n<meta name=\"twitter:card\" content=\"summary_large_image\" \/>\n<meta name=\"twitter:site\" content=\"@wwwImobiliareRo\" \/>\n<meta name=\"twitter:label1\" content=\"Written by\" \/>\n\t<meta name=\"twitter:data1\" content=\"Corina V\u00e2rlan\" \/>\n\t<meta name=\"twitter:label2\" content=\"Est. reading time\" \/>\n\t<meta name=\"twitter:data2\" content=\"7 minute\" \/>\n<script type=\"application\/ld+json\" class=\"yoast-schema-graph\">{\"@context\":\"https:\\\/\\\/schema.org\",\"@graph\":[{\"@type\":\"Article\",\"@id\":\"https:\\\/\\\/www.imobiliare.ro\\\/imoexpert\\\/cat-mai-valoreaza-apartamentul-tau-la-sfarsitul-verii-indicele-imobiliare-ro_db\\\/#article\",\"isPartOf\":{\"@id\":\"https:\\\/\\\/www.imobiliare.ro\\\/imoexpert\\\/cat-mai-valoreaza-apartamentul-tau-la-sfarsitul-verii-indicele-imobiliare-ro_db\\\/\"},\"author\":{\"name\":\"Corina V\u00e2rlan\",\"@id\":\"https:\\\/\\\/www.imobiliare.ro\\\/imoexpert\\\/#\\\/schema\\\/person\\\/9ffdfbf24b82f39fc75a2fc6c19e4e99\"},\"headline\":\"C\u00e2t mai valoreaz\u0103 apartamentul t\u0103u la sf\u00e2r\u0219itul verii? &#8211; Indicele Imobiliare.ro\",\"datePublished\":\"2026-09-01T07:54:18+00:00\",\"dateModified\":\"2026-09-01T08:59:55+00:00\",\"mainEntityOfPage\":{\"@id\":\"https:\\\/\\\/www.imobiliare.ro\\\/imoexpert\\\/cat-mai-valoreaza-apartamentul-tau-la-sfarsitul-verii-indicele-imobiliare-ro_db\\\/\"},\"wordCount\":920,\"publisher\":{\"@id\":\"https:\\\/\\\/www.imobiliare.ro\\\/imoexpert\\\/#organization\"},\"image\":{\"@id\":\"https:\\\/\\\/www.imobiliare.ro\\\/imoexpert\\\/cat-mai-valoreaza-apartamentul-tau-la-sfarsitul-verii-indicele-imobiliare-ro_db\\\/#primaryimage\"},\"thumbnailUrl\":\"https:\\\/\\\/www.imobiliare.ro\\\/imoexpert\\\/wp-content\\\/uploads\\\/2026\\\/09\\\/cat-mai-valoreaza-apartamentul-tau-la-sfarsitul-verii.jpg\",\"articleSection\":[\"\u0218tiri\"],\"inLanguage\":\"en\",\"potentialAction\":[{\"@type\":\"CommentAction\",\"name\":\"Comment\",\"target\":[\"https:\\\/\\\/www.imobiliare.ro\\\/imoexpert\\\/cat-mai-valoreaza-apartamentul-tau-la-sfarsitul-verii-indicele-imobiliare-ro_db\\\/#respond\"]}]},{\"@type\":\"WebPage\",\"@id\":\"https:\\\/\\\/www.imobiliare.ro\\\/imoexpert\\\/cat-mai-valoreaza-apartamentul-tau-la-sfarsitul-verii-indicele-imobiliare-ro_db\\\/\",\"url\":\"https:\\\/\\\/www.imobiliare.ro\\\/imoexpert\\\/cat-mai-valoreaza-apartamentul-tau-la-sfarsitul-verii-indicele-imobiliare-ro_db\\\/\",\"name\":\"C\u00e2t mai valoreaz\u0103 apartamentul t\u0103u la sf\u00e2r\u0219itul verii? - Indicele Imobiliare.ro - \u0218tiri - ImoExpert\",\"isPartOf\":{\"@id\":\"https:\\\/\\\/www.imobiliare.ro\\\/imoexpert\\\/#website\"},\"primaryImageOfPage\":{\"@id\":\"https:\\\/\\\/www.imobiliare.ro\\\/imoexpert\\\/cat-mai-valoreaza-apartamentul-tau-la-sfarsitul-verii-indicele-imobiliare-ro_db\\\/#primaryimage\"},\"image\":{\"@id\":\"https:\\\/\\\/www.imobiliare.ro\\\/imoexpert\\\/cat-mai-valoreaza-apartamentul-tau-la-sfarsitul-verii-indicele-imobiliare-ro_db\\\/#primaryimage\"},\"thumbnailUrl\":\"https:\\\/\\\/www.imobiliare.ro\\\/imoexpert\\\/wp-content\\\/uploads\\\/2026\\\/09\\\/cat-mai-valoreaza-apartamentul-tau-la-sfarsitul-verii.jpg\",\"datePublished\":\"2026-09-01T07:54:18+00:00\",\"dateModified\":\"2026-09-01T08:59:55+00:00\",\"description\":\"Indicele Imobiliare.ro \u00ee\u021bi ofer\u0103 informa\u021bii despre evolu\u021bia pre\u021burilor apartamentelor noi \u0219i vechi din marile ora\u0219e din \u021bar\u0103.\",\"breadcrumb\":{\"@id\":\"https:\\\/\\\/www.imobiliare.ro\\\/imoexpert\\\/cat-mai-valoreaza-apartamentul-tau-la-sfarsitul-verii-indicele-imobiliare-ro_db\\\/#breadcrumb\"},\"inLanguage\":\"en\",\"potentialAction\":[{\"@type\":\"ReadAction\",\"target\":[\"https:\\\/\\\/www.imobiliare.ro\\\/imoexpert\\\/cat-mai-valoreaza-apartamentul-tau-la-sfarsitul-verii-indicele-imobiliare-ro_db\\\/\"]}]},{\"@type\":\"ImageObject\",\"inLanguage\":\"en\",\"@id\":\"https:\\\/\\\/www.imobiliare.ro\\\/imoexpert\\\/cat-mai-valoreaza-apartamentul-tau-la-sfarsitul-verii-indicele-imobiliare-ro_db\\\/#primaryimage\",\"url\":\"https:\\\/\\\/www.imobiliare.ro\\\/imoexpert\\\/wp-content\\\/uploads\\\/2026\\\/09\\\/cat-mai-valoreaza-apartamentul-tau-la-sfarsitul-verii.jpg\",\"contentUrl\":\"https:\\\/\\\/www.imobiliare.ro\\\/imoexpert\\\/wp-content\\\/uploads\\\/2026\\\/09\\\/cat-mai-valoreaza-apartamentul-tau-la-sfarsitul-verii.jpg\",\"width\":1200,\"height\":600,\"caption\":\"femeie vara pe balconul apartamentului\"},{\"@type\":\"BreadcrumbList\",\"@id\":\"https:\\\/\\\/www.imobiliare.ro\\\/imoexpert\\\/cat-mai-valoreaza-apartamentul-tau-la-sfarsitul-verii-indicele-imobiliare-ro_db\\\/#breadcrumb\",\"itemListElement\":[{\"@type\":\"ListItem\",\"position\":1,\"name\":\"Imoradar24\",\"item\":\"https:\\\/\\\/www.imoradar24.ro\"},{\"@type\":\"ListItem\",\"position\":2,\"name\":\"ImoExpert\",\"item\":\"https:\\\/\\\/www.imobiliare.ro\\\/imoexpert\\\/\"},{\"@type\":\"ListItem\",\"position\":3,\"name\":\"\u0218tiri\",\"item\":\"https:\\\/\\\/www.imobiliare.ro\\\/imoexpert\\\/stiri\\\/\"},{\"@type\":\"ListItem\",\"position\":4,\"name\":\"C\u00e2t mai valoreaz\u0103 apartamentul t\u0103u la sf\u00e2r\u0219itul verii? &#8211; Indicele Imobiliare.ro\"}]},{\"@type\":\"WebSite\",\"@id\":\"https:\\\/\\\/www.imobiliare.ro\\\/imoexpert\\\/#website\",\"url\":\"https:\\\/\\\/www.imobiliare.ro\\\/imoexpert\\\/\",\"name\":\"ImoExpert\",\"description\":\"cele mai importante \u015ftiri din domeniul imobiliar\",\"publisher\":{\"@id\":\"https:\\\/\\\/www.imobiliare.ro\\\/imoexpert\\\/#organization\"},\"inLanguage\":\"en\"},{\"@type\":\"Organization\",\"@id\":\"https:\\\/\\\/www.imobiliare.ro\\\/imoexpert\\\/#organization\",\"name\":\"Imobiliare.ro\",\"alternateName\":\"Realmedia Network SA\",\"url\":\"https:\\\/\\\/www.imobiliare.ro\\\/imoexpert\\\/\",\"logo\":{\"@type\":\"ImageObject\",\"inLanguage\":\"en\",\"@id\":\"https:\\\/\\\/www.imobiliare.ro\\\/imoexpert\\\/#\\\/schema\\\/logo\\\/image\\\/\",\"url\":\"https:\\\/\\\/www.imobiliare.ro\\\/imoexpert\\\/wp-content\\\/uploads\\\/2025\\\/05\\\/imobiliare_logo.png\",\"contentUrl\":\"https:\\\/\\\/www.imobiliare.ro\\\/imoexpert\\\/wp-content\\\/uploads\\\/2025\\\/05\\\/imobiliare_logo.png\",\"width\":237,\"height\":29,\"caption\":\"Imobiliare.ro\"},\"image\":{\"@id\":\"https:\\\/\\\/www.imobiliare.ro\\\/imoexpert\\\/#\\\/schema\\\/logo\\\/image\\\/\"}},{\"@type\":\"Person\",\"@id\":\"https:\\\/\\\/www.imobiliare.ro\\\/imoexpert\\\/#\\\/schema\\\/person\\\/9ffdfbf24b82f39fc75a2fc6c19e4e99\",\"name\":\"Corina V\u00e2rlan\",\"image\":{\"@type\":\"ImageObject\",\"inLanguage\":\"en\",\"@id\":\"https:\\\/\\\/www.imobiliare.ro\\\/imoexpert\\\/wp-content\\\/uploads\\\/2026\\\/02\\\/12-02-2025-5-rezumat-brasov-thumb-reels-1-1-96x96.png\",\"url\":\"https:\\\/\\\/www.imobiliare.ro\\\/imoexpert\\\/wp-content\\\/uploads\\\/2026\\\/02\\\/12-02-2025-5-rezumat-brasov-thumb-reels-1-1-96x96.png\",\"contentUrl\":\"https:\\\/\\\/www.imobiliare.ro\\\/imoexpert\\\/wp-content\\\/uploads\\\/2026\\\/02\\\/12-02-2025-5-rezumat-brasov-thumb-reels-1-1-96x96.png\",\"caption\":\"Corina V\u00e2rlan\"},\"description\":\"Corina V\u00e2rlan is a Content Marketing Manager at Imobiliare.ro\",\"alternateName\":\"Corina\",\"jobTitle\":\"Content Marketing Manager\",\"url\":\"https:\\\/\\\/www.imobiliare.ro\\\/imoexpert\\\/author\\\/corina-varlan\\\/\"}]}<\/script>\n<!-- \/ Yoast SEO plugin. -->","yoast_head_json":{"title":"C\u00e2t mai valoreaz\u0103 apartamentul t\u0103u la sf\u00e2r\u0219itul verii? - Indicele Imobiliare.ro - \u0218tiri - ImoExpert","description":"Indicele Imobiliare.ro \u00ee\u021bi ofer\u0103 informa\u021bii despre evolu\u021bia pre\u021burilor apartamentelor noi \u0219i vechi din marile ora\u0219e din \u021bar\u0103.","robots":{"index":"index","follow":"follow"},"canonical":"https:\/\/www.imobiliare.ro\/imoexpert\/cat-mai-valoreaza-apartamentul-tau-la-sfarsitul-verii-indicele-imobiliare-ro_db\/","og_locale":"ro_RO","og_type":"article","og_title":"C\u00e2t mai valoreaz\u0103 apartamentul t\u0103u la sf\u00e2r\u0219itul verii? - Indicele Imobiliare.ro - \u0218tiri - ImoExpert","og_description":"Indicele Imobiliare.ro \u00ee\u021bi ofer\u0103 informa\u021bii despre evolu\u021bia pre\u021burilor apartamentelor noi \u0219i vechi din marile ora\u0219e din \u021bar\u0103.","og_url":"https:\/\/www.imobiliare.ro\/imoexpert\/cat-mai-valoreaza-apartamentul-tau-la-sfarsitul-verii-indicele-imobiliare-ro_db\/","og_site_name":"Imobiliare.ro","article_published_time":"2026-09-01T07:54:18+00:00","article_modified_time":"2026-09-01T08:59:55+00:00","og_image":[{"width":1200,"height":600,"url":"https:\/\/www.imobiliare.ro\/imoexpert\/wp-content\/uploads\/og-cache\/12-02-2025-5-rezumat-brasov-thumb-reels-1-1-2a3897ef-branded.jpg?v=12","type":"image\/jpeg"}],"author":"Corina V\u00e2rlan","twitter_card":"summary_large_image","twitter_site":"@wwwImobiliareRo","twitter_misc":{"Written by":"Corina V\u00e2rlan","Est. reading time":"7 minute"},"schema":{"@context":"https:\/\/schema.org","@graph":[{"@type":"Article","@id":"https:\/\/www.imobiliare.ro\/imoexpert\/cat-mai-valoreaza-apartamentul-tau-la-sfarsitul-verii-indicele-imobiliare-ro_db\/#article","isPartOf":{"@id":"https:\/\/www.imobiliare.ro\/imoexpert\/cat-mai-valoreaza-apartamentul-tau-la-sfarsitul-verii-indicele-imobiliare-ro_db\/"},"author":{"name":"Corina V\u00e2rlan","@id":"https:\/\/www.imobiliare.ro\/imoexpert\/#\/schema\/person\/9ffdfbf24b82f39fc75a2fc6c19e4e99"},"headline":"C\u00e2t mai valoreaz\u0103 apartamentul t\u0103u la sf\u00e2r\u0219itul verii? &#8211; Indicele Imobiliare.ro","datePublished":"2026-09-01T07:54:18+00:00","dateModified":"2026-09-01T08:59:55+00:00","mainEntityOfPage":{"@id":"https:\/\/www.imobiliare.ro\/imoexpert\/cat-mai-valoreaza-apartamentul-tau-la-sfarsitul-verii-indicele-imobiliare-ro_db\/"},"wordCount":920,"publisher":{"@id":"https:\/\/www.imobiliare.ro\/imoexpert\/#organization"},"image":{"@id":"https:\/\/www.imobiliare.ro\/imoexpert\/cat-mai-valoreaza-apartamentul-tau-la-sfarsitul-verii-indicele-imobiliare-ro_db\/#primaryimage"},"thumbnailUrl":"https:\/\/www.imobiliare.ro\/imoexpert\/wp-content\/uploads\/2026\/09\/cat-mai-valoreaza-apartamentul-tau-la-sfarsitul-verii.jpg","articleSection":["\u0218tiri"],"inLanguage":"en","potentialAction":[{"@type":"CommentAction","name":"Comment","target":["https:\/\/www.imobiliare.ro\/imoexpert\/cat-mai-valoreaza-apartamentul-tau-la-sfarsitul-verii-indicele-imobiliare-ro_db\/#respond"]}]},{"@type":"WebPage","@id":"https:\/\/www.imobiliare.ro\/imoexpert\/cat-mai-valoreaza-apartamentul-tau-la-sfarsitul-verii-indicele-imobiliare-ro_db\/","url":"https:\/\/www.imobiliare.ro\/imoexpert\/cat-mai-valoreaza-apartamentul-tau-la-sfarsitul-verii-indicele-imobiliare-ro_db\/","name":"C\u00e2t mai valoreaz\u0103 apartamentul t\u0103u la sf\u00e2r\u0219itul verii? - Indicele Imobiliare.ro - \u0218tiri - ImoExpert","isPartOf":{"@id":"https:\/\/www.imobiliare.ro\/imoexpert\/#website"},"primaryImageOfPage":{"@id":"https:\/\/www.imobiliare.ro\/imoexpert\/cat-mai-valoreaza-apartamentul-tau-la-sfarsitul-verii-indicele-imobiliare-ro_db\/#primaryimage"},"image":{"@id":"https:\/\/www.imobiliare.ro\/imoexpert\/cat-mai-valoreaza-apartamentul-tau-la-sfarsitul-verii-indicele-imobiliare-ro_db\/#primaryimage"},"thumbnailUrl":"https:\/\/www.imobiliare.ro\/imoexpert\/wp-content\/uploads\/2026\/09\/cat-mai-valoreaza-apartamentul-tau-la-sfarsitul-verii.jpg","datePublished":"2026-09-01T07:54:18+00:00","dateModified":"2026-09-01T08:59:55+00:00","description":"Indicele Imobiliare.ro \u00ee\u021bi ofer\u0103 informa\u021bii despre evolu\u021bia pre\u021burilor apartamentelor noi \u0219i vechi din marile ora\u0219e din \u021bar\u0103.","breadcrumb":{"@id":"https:\/\/www.imobiliare.ro\/imoexpert\/cat-mai-valoreaza-apartamentul-tau-la-sfarsitul-verii-indicele-imobiliare-ro_db\/#breadcrumb"},"inLanguage":"en","potentialAction":[{"@type":"ReadAction","target":["https:\/\/www.imobiliare.ro\/imoexpert\/cat-mai-valoreaza-apartamentul-tau-la-sfarsitul-verii-indicele-imobiliare-ro_db\/"]}]},{"@type":"ImageObject","inLanguage":"en","@id":"https:\/\/www.imobiliare.ro\/imoexpert\/cat-mai-valoreaza-apartamentul-tau-la-sfarsitul-verii-indicele-imobiliare-ro_db\/#primaryimage","url":"https:\/\/www.imobiliare.ro\/imoexpert\/wp-content\/uploads\/2026\/09\/cat-mai-valoreaza-apartamentul-tau-la-sfarsitul-verii.jpg","contentUrl":"https:\/\/www.imobiliare.ro\/imoexpert\/wp-content\/uploads\/2026\/09\/cat-mai-valoreaza-apartamentul-tau-la-sfarsitul-verii.jpg","width":1200,"height":600,"caption":"femeie vara pe balconul apartamentului"},{"@type":"BreadcrumbList","@id":"https:\/\/www.imobiliare.ro\/imoexpert\/cat-mai-valoreaza-apartamentul-tau-la-sfarsitul-verii-indicele-imobiliare-ro_db\/#breadcrumb","itemListElement":[{"@type":"ListItem","position":1,"name":"Imoradar24","item":"https:\/\/www.imoradar24.ro"},{"@type":"ListItem","position":2,"name":"ImoExpert","item":"https:\/\/www.imobiliare.ro\/imoexpert\/"},{"@type":"ListItem","position":3,"name":"\u0218tiri","item":"https:\/\/www.imobiliare.ro\/imoexpert\/stiri\/"},{"@type":"ListItem","position":4,"name":"C\u00e2t mai valoreaz\u0103 apartamentul t\u0103u la sf\u00e2r\u0219itul verii? &#8211; Indicele Imobiliare.ro"}]},{"@type":"WebSite","@id":"https:\/\/www.imobiliare.ro\/imoexpert\/#website","url":"https:\/\/www.imobiliare.ro\/imoexpert\/","name":"ImoExpert","description":"cele mai importante \u015ftiri din domeniul imobiliar","publisher":{"@id":"https:\/\/www.imobiliare.ro\/imoexpert\/#organization"},"inLanguage":"en"},{"@type":"Organization","@id":"https:\/\/www.imobiliare.ro\/imoexpert\/#organization","name":"Imobiliare.ro","alternateName":"Realmedia Network SA","url":"https:\/\/www.imobiliare.ro\/imoexpert\/","logo":{"@type":"ImageObject","inLanguage":"en","@id":"https:\/\/www.imobiliare.ro\/imoexpert\/#\/schema\/logo\/image\/","url":"https:\/\/www.imobiliare.ro\/imoexpert\/wp-content\/uploads\/2025\/05\/imobiliare_logo.png","contentUrl":"https:\/\/www.imobiliare.ro\/imoexpert\/wp-content\/uploads\/2025\/05\/imobiliare_logo.png","width":237,"height":29,"caption":"Imobiliare.ro"},"image":{"@id":"https:\/\/www.imobiliare.ro\/imoexpert\/#\/schema\/logo\/image\/"}},{"@type":"Person","@id":"https:\/\/www.imobiliare.ro\/imoexpert\/#\/schema\/person\/9ffdfbf24b82f39fc75a2fc6c19e4e99","name":"Corina V\u00e2rlan","image":{"@type":"ImageObject","inLanguage":"en","@id":"https:\/\/www.imobiliare.ro\/imoexpert\/wp-content\/uploads\/2026\/02\/12-02-2025-5-rezumat-brasov-thumb-reels-1-1-96x96.png","url":"https:\/\/www.imobiliare.ro\/imoexpert\/wp-content\/uploads\/2026\/02\/12-02-2025-5-rezumat-brasov-thumb-reels-1-1-96x96.png","contentUrl":"https:\/\/www.imobiliare.ro\/imoexpert\/wp-content\/uploads\/2026\/02\/12-02-2025-5-rezumat-brasov-thumb-reels-1-1-96x96.png","caption":"Corina V\u00e2rlan"},"description":"Corina V\u00e2rlan is a Content Marketing Manager at Imobiliare.ro","alternateName":"Corina","jobTitle":"Content Marketing Manager","url":"https:\/\/www.imobiliare.ro\/imoexpert\/author\/corina-varlan\/"}]}},"_links":{"self":[{"href":"https:\/\/www.imobiliare.ro\/imoexpert\/wp-json\/wp\/v2\/posts\/80766","targetHints":{"allow":["GET"]}}],"collection":[{"href":"https:\/\/www.imobiliare.ro\/imoexpert\/wp-json\/wp\/v2\/posts"}],"about":[{"href":"https:\/\/www.imobiliare.ro\/imoexpert\/wp-json\/wp\/v2\/types\/post"}],"author":[{"embeddable":true,"href":"https:\/\/www.imobiliare.ro\/imoexpert\/wp-json\/wp\/v2\/users\/5891"}],"replies":[{"embeddable":true,"href":"https:\/\/www.imobiliare.ro\/imoexpert\/wp-json\/wp\/v2\/comments?post=80766"}],"version-history":[{"count":4,"href":"https:\/\/www.imobiliare.ro\/imoexpert\/wp-json\/wp\/v2\/posts\/80766\/revisions"}],"predecessor-version":[{"id":80778,"href":"https:\/\/www.imobiliare.ro\/imoexpert\/wp-json\/wp\/v2\/posts\/80766\/revisions\/80778"}],"wp:featuredmedia":[{"embeddable":true,"href":"https:\/\/www.imobiliare.ro\/imoexpert\/wp-json\/wp\/v2\/media\/80768"}],"wp:attachment":[{"href":"https:\/\/www.imobiliare.ro\/imoexpert\/wp-json\/wp\/v2\/media?parent=80766"}],"wp:term":[{"taxonomy":"category","embeddable":true,"href":"https:\/\/www.imobiliare.ro\/imoexpert\/wp-json\/wp\/v2\/categories?post=80766"},{"taxonomy":"post_tag","embeddable":true,"href":"https:\/\/www.imobiliare.ro\/imoexpert\/wp-json\/wp\/v2\/tags?post=80766"},{"taxonomy":"content_author","embeddable":true,"href":"https:\/\/www.imobiliare.ro\/imoexpert\/wp-json\/wp\/v2\/content_author?post=80766"}],"curies":[{"name":"wp","href":"https:\/\/api.w.org\/{rel}","templated":true}]}}