{"id":80791,"date":"2026-09-01T14:43:52","date_gmt":"2026-09-01T11:43:52","guid":{"rendered":"https:\/\/www.imobiliare.ro\/imoexpert\/?p=80791"},"modified":"2026-09-01T15:01:09","modified_gmt":"2026-09-01T12:01:09","slug":"tit","status":"publish","type":"post","link":"https:\/\/www.imobiliare.ro\/imoexpert\/tit_db\/","title":{"rendered":"C\u00e2nd se organizeaz\u0103 T\u00e2rgul Imobiliar Timi\u0219oara?"},"content":{"rendered":"\n<figure class=\"wp-block-image size-full\"><img loading=\"lazy\" decoding=\"async\" width=\"1200\" height=\"600\" src=\"https:\/\/www.imobiliare.ro\/imoexpert\/wp-content\/uploads\/2026\/09\/targul-imobiliar-timisoara-toamna-2026.jpg\" alt=\"femeie fotografiaza macheta unui ansamblu rezidential la targul imobiliar timisoara\" class=\"wp-image-80794\" srcset=\"https:\/\/www.imobiliare.ro\/imoexpert\/wp-content\/uploads\/2026\/09\/targul-imobiliar-timisoara-toamna-2026.jpg 1200w, https:\/\/www.imobiliare.ro\/imoexpert\/wp-content\/uploads\/2026\/09\/targul-imobiliar-timisoara-toamna-2026-770x385.jpg 770w, https:\/\/www.imobiliare.ro\/imoexpert\/wp-content\/uploads\/2026\/09\/targul-imobiliar-timisoara-toamna-2026-390x195.jpg 390w\" sizes=\"auto, (max-width: 1200px) 100vw, 1200px\" \/><\/figure>\n\n\n\n<p class=\"wp-block-paragraph\"><strong>Edi\u021bia de toamn\u0103 a T\u00e2rgului Imobiliar Timi\u0219oara se apropie. Evenimentul, organizat de Tion.ro \u00een parteneriat cu Imobiliare.ro, se va desf\u0103\u0219ura \u00een perioada 3-4 octombrie la Iulius Congress Hall.<\/strong><\/p>\n\n\n\n<p class=\"wp-block-paragraph\">T\u00e2rgul imobiliar va reuni timp de dou\u0103 zile dezvoltatori, consultan\u021bi \u0219i speciali\u0219ti \u00een amenaj\u0103ri. Oferta de propriet\u0103\u021bi disponibil\u0103 \u00een cadrul evenimentului va fi una extrem de variat\u0103, urm\u00e2nd s\u0103 includ\u0103 at\u00e2t apartamente, c\u00e2t \u0219i case, potrivite inclusiv pentru investitori.<\/p>\n\n\n\n<figure class=\"wp-block-image size-full\"><img loading=\"lazy\" decoding=\"async\" width=\"600\" height=\"500\" src=\"https:\/\/www.imobiliare.ro\/imoexpert\/wp-content\/uploads\/2026\/09\/targul-imobiliar-timisoara-tit.jpg\" alt=\"\" class=\"wp-image-80795\" srcset=\"https:\/\/www.imobiliare.ro\/imoexpert\/wp-content\/uploads\/2026\/09\/targul-imobiliar-timisoara-tit.jpg 600w, https:\/\/www.imobiliare.ro\/imoexpert\/wp-content\/uploads\/2026\/09\/targul-imobiliar-timisoara-tit-390x325.jpg 390w\" sizes=\"auto, (max-width: 600px) 100vw, 600px\" \/><\/figure>\n\n\n\n<p class=\"wp-block-paragraph\">Vizitatorii vor avea oportunitatea de a afla direct de la dezvoltatori detalii despre cele mai noi proiecte imobiliare aflate \u00een dezvoltare \u00een Timi\u0219oara, dar \u0219i de a ob\u021bine sfaturi valoroase \u00een privin\u021ba ob\u021binerii celor mai avantajoase variante de finan\u021bare de la<strong><a class=\"article-body-links\"href=\"https:\/\/finance.imobiliare.ro\/\" target=\"_blank\" rel=\"noreferrer noopener\"> brokerii profesioni\u0219ti Imobiliare.ro Finance<\/a><\/strong>. <\/p>\n\n\n\n<p class=\"wp-block-paragraph\">Intrarea la edi\u021bia de toamn\u0103 a T\u00e2rgului Imobiliar Timi\u0219oara va fi gratuit\u0103.<\/p>\n\n\n\n<p class=\"wp-block-paragraph\"><\/p>\n","protected":false},"excerpt":{"rendered":"<p>Edi\u021bia de toamn\u0103 a T\u00e2rgului Imobiliar Timi\u0219oara se apropie. Evenimentul, organizat de Tion.ro \u00een parteneriat cu Imobiliare.ro, se va desf\u0103\u0219ura \u00een perioada 3-4 octombrie la Iulius Congress Hall. T\u00e2rgul imobiliar va reuni timp de dou\u0103 zile dezvoltatori, consultan\u021bi \u0219i speciali\u0219ti \u00een amenaj\u0103ri. Oferta de propriet\u0103\u021bi disponibil\u0103 \u00een cadrul evenimentului va fi una extrem de variat\u0103, [&hellip;]<\/p>\n","protected":false},"author":5891,"featured_media":80794,"comment_status":"open","ping_status":"open","sticky":false,"template":"","format":"standard","meta":{"footnotes":""},"categories":[259],"tags":[1809],"content_author":[],"class_list":["post-80791","post","type-post","status-publish","format-standard","has-post-thumbnail","category-stiri","tag-apartamente-timisoara"],"yoast_head":"<!-- This site is optimized with the Yoast SEO plugin v28.2 - https:\/\/yoast.com\/product\/yoast-seo-wordpress\/ -->\n<title>C\u00e2nd se organizeaz\u0103 T\u00e2rgul Imobiliar Timi\u0219oara? - \u0218tiri - ImoExpert<\/title>\n<meta name=\"description\" content=\"Edi\u021bia de toamn\u0103 a T\u00e2rgului Imobiliar Timi\u0219oara se apropie. Evenimentul, organizat de Tion.ro \u00een parteneriat cu Imobiliare.ro, se va desf\u0103\u0219ura \u00een perioada\" \/>\n<meta name=\"robots\" content=\"index, follow\" \/>\n<link rel=\"canonical\" href=\"https:\/\/www.imobiliare.ro\/imoexpert\/tit_db\/\" \/>\n<meta property=\"og:locale\" content=\"ro_RO\" \/>\n<meta property=\"og:type\" content=\"article\" \/>\n<meta property=\"og:title\" content=\"C\u00e2nd se organizeaz\u0103 T\u00e2rgul Imobiliar Timi\u0219oara? - \u0218tiri - ImoExpert\" \/>\n<meta property=\"og:description\" content=\"Edi\u021bia de toamn\u0103 a T\u00e2rgului Imobiliar Timi\u0219oara se apropie. Evenimentul, organizat de Tion.ro \u00een parteneriat cu Imobiliare.ro, se va desf\u0103\u0219ura \u00een perioada\" \/>\n<meta property=\"og:url\" content=\"https:\/\/www.imobiliare.ro\/imoexpert\/tit_db\/\" \/>\n<meta property=\"og:site_name\" content=\"Imobiliare.ro\" \/>\n<meta property=\"article:published_time\" content=\"2026-09-01T11:43:52+00:00\" \/>\n<meta property=\"article:modified_time\" content=\"2026-09-01T12:01:09+00:00\" \/>\n<meta property=\"og:image\" content=\"https:\/\/www.imobiliare.ro\/imoexpert\/wp-content\/uploads\/og-cache\/12-02-2025-5-rezumat-brasov-thumb-reels-1-1-2a3897ef-branded.jpg?v=12\" \/>\n\t<meta property=\"og:image:width\" content=\"1200\" \/>\n\t<meta property=\"og:image:height\" content=\"600\" \/>\n\t<meta property=\"og:image:type\" content=\"image\/jpeg\" \/>\n<meta name=\"author\" content=\"Corina V\u00e2rlan\" \/>\n<meta name=\"twitter:card\" content=\"summary_large_image\" \/>\n<meta name=\"twitter:site\" content=\"@wwwImobiliareRo\" \/>\n<meta name=\"twitter:label1\" content=\"Written by\" \/>\n\t<meta name=\"twitter:data1\" content=\"Corina V\u00e2rlan\" \/>\n\t<meta name=\"twitter:label2\" content=\"Est. reading time\" \/>\n\t<meta name=\"twitter:data2\" content=\"2 minute\" \/>\n<script type=\"application\/ld+json\" class=\"yoast-schema-graph\">{\"@context\":\"https:\\\/\\\/schema.org\",\"@graph\":[{\"@type\":\"Article\",\"@id\":\"https:\\\/\\\/www.imobiliare.ro\\\/imoexpert\\\/tit_db\\\/#article\",\"isPartOf\":{\"@id\":\"https:\\\/\\\/www.imobiliare.ro\\\/imoexpert\\\/tit_db\\\/\"},\"author\":{\"name\":\"Corina V\u00e2rlan\",\"@id\":\"https:\\\/\\\/www.imobiliare.ro\\\/imoexpert\\\/#\\\/schema\\\/person\\\/9ffdfbf24b82f39fc75a2fc6c19e4e99\"},\"headline\":\"C\u00e2nd se organizeaz\u0103 T\u00e2rgul Imobiliar Timi\u0219oara?\",\"datePublished\":\"2026-09-01T11:43:52+00:00\",\"dateModified\":\"2026-09-01T12:01:09+00:00\",\"mainEntityOfPage\":{\"@id\":\"https:\\\/\\\/www.imobiliare.ro\\\/imoexpert\\\/tit_db\\\/\"},\"wordCount\":157,\"publisher\":{\"@id\":\"https:\\\/\\\/www.imobiliare.ro\\\/imoexpert\\\/#organization\"},\"image\":{\"@id\":\"https:\\\/\\\/www.imobiliare.ro\\\/imoexpert\\\/tit_db\\\/#primaryimage\"},\"thumbnailUrl\":\"https:\\\/\\\/www.imobiliare.ro\\\/imoexpert\\\/wp-content\\\/uploads\\\/2026\\\/09\\\/targul-imobiliar-timisoara-toamna-2026.jpg\",\"articleSection\":[\"\u0218tiri\"],\"inLanguage\":\"en\",\"potentialAction\":[{\"@type\":\"CommentAction\",\"name\":\"Comment\",\"target\":[\"https:\\\/\\\/www.imobiliare.ro\\\/imoexpert\\\/tit_db\\\/#respond\"]}]},{\"@type\":\"WebPage\",\"@id\":\"https:\\\/\\\/www.imobiliare.ro\\\/imoexpert\\\/tit_db\\\/\",\"url\":\"https:\\\/\\\/www.imobiliare.ro\\\/imoexpert\\\/tit_db\\\/\",\"name\":\"C\u00e2nd se organizeaz\u0103 T\u00e2rgul Imobiliar Timi\u0219oara? - \u0218tiri - ImoExpert\",\"isPartOf\":{\"@id\":\"https:\\\/\\\/www.imobiliare.ro\\\/imoexpert\\\/#website\"},\"primaryImageOfPage\":{\"@id\":\"https:\\\/\\\/www.imobiliare.ro\\\/imoexpert\\\/tit_db\\\/#primaryimage\"},\"image\":{\"@id\":\"https:\\\/\\\/www.imobiliare.ro\\\/imoexpert\\\/tit_db\\\/#primaryimage\"},\"thumbnailUrl\":\"https:\\\/\\\/www.imobiliare.ro\\\/imoexpert\\\/wp-content\\\/uploads\\\/2026\\\/09\\\/targul-imobiliar-timisoara-toamna-2026.jpg\",\"datePublished\":\"2026-09-01T11:43:52+00:00\",\"dateModified\":\"2026-09-01T12:01:09+00:00\",\"description\":\"Edi\u021bia de toamn\u0103 a T\u00e2rgului Imobiliar Timi\u0219oara se apropie. Evenimentul, organizat de Tion.ro \u00een parteneriat cu Imobiliare.ro, se va desf\u0103\u0219ura \u00een perioada\",\"breadcrumb\":{\"@id\":\"https:\\\/\\\/www.imobiliare.ro\\\/imoexpert\\\/tit_db\\\/#breadcrumb\"},\"inLanguage\":\"en\",\"potentialAction\":[{\"@type\":\"ReadAction\",\"target\":[\"https:\\\/\\\/www.imobiliare.ro\\\/imoexpert\\\/tit_db\\\/\"]}]},{\"@type\":\"ImageObject\",\"inLanguage\":\"en\",\"@id\":\"https:\\\/\\\/www.imobiliare.ro\\\/imoexpert\\\/tit_db\\\/#primaryimage\",\"url\":\"https:\\\/\\\/www.imobiliare.ro\\\/imoexpert\\\/wp-content\\\/uploads\\\/2026\\\/09\\\/targul-imobiliar-timisoara-toamna-2026.jpg\",\"contentUrl\":\"https:\\\/\\\/www.imobiliare.ro\\\/imoexpert\\\/wp-content\\\/uploads\\\/2026\\\/09\\\/targul-imobiliar-timisoara-toamna-2026.jpg\",\"width\":1200,\"height\":600,\"caption\":\"femeie fotografiaza macheta unui ansamblu rezidential la targul imobiliar timisoara\"},{\"@type\":\"BreadcrumbList\",\"@id\":\"https:\\\/\\\/www.imobiliare.ro\\\/imoexpert\\\/tit_db\\\/#breadcrumb\",\"itemListElement\":[{\"@type\":\"ListItem\",\"position\":1,\"name\":\"Imoradar24\",\"item\":\"https:\\\/\\\/www.imoradar24.ro\"},{\"@type\":\"ListItem\",\"position\":2,\"name\":\"ImoExpert\",\"item\":\"https:\\\/\\\/www.imobiliare.ro\\\/imoexpert\\\/\"},{\"@type\":\"ListItem\",\"position\":3,\"name\":\"\u0218tiri\",\"item\":\"https:\\\/\\\/www.imobiliare.ro\\\/imoexpert\\\/stiri\\\/\"},{\"@type\":\"ListItem\",\"position\":4,\"name\":\"C\u00e2nd se organizeaz\u0103 T\u00e2rgul Imobiliar Timi\u0219oara?\"}]},{\"@type\":\"WebSite\",\"@id\":\"https:\\\/\\\/www.imobiliare.ro\\\/imoexpert\\\/#website\",\"url\":\"https:\\\/\\\/www.imobiliare.ro\\\/imoexpert\\\/\",\"name\":\"ImoExpert\",\"description\":\"cele mai importante \u015ftiri din domeniul imobiliar\",\"publisher\":{\"@id\":\"https:\\\/\\\/www.imobiliare.ro\\\/imoexpert\\\/#organization\"},\"inLanguage\":\"en\"},{\"@type\":\"Organization\",\"@id\":\"https:\\\/\\\/www.imobiliare.ro\\\/imoexpert\\\/#organization\",\"name\":\"Imobiliare.ro\",\"alternateName\":\"Realmedia Network SA\",\"url\":\"https:\\\/\\\/www.imobiliare.ro\\\/imoexpert\\\/\",\"logo\":{\"@type\":\"ImageObject\",\"inLanguage\":\"en\",\"@id\":\"https:\\\/\\\/www.imobiliare.ro\\\/imoexpert\\\/#\\\/schema\\\/logo\\\/image\\\/\",\"url\":\"https:\\\/\\\/www.imobiliare.ro\\\/imoexpert\\\/wp-content\\\/uploads\\\/2025\\\/05\\\/imobiliare_logo.png\",\"contentUrl\":\"https:\\\/\\\/www.imobiliare.ro\\\/imoexpert\\\/wp-content\\\/uploads\\\/2025\\\/05\\\/imobiliare_logo.png\",\"width\":237,\"height\":29,\"caption\":\"Imobiliare.ro\"},\"image\":{\"@id\":\"https:\\\/\\\/www.imobiliare.ro\\\/imoexpert\\\/#\\\/schema\\\/logo\\\/image\\\/\"}},{\"@type\":\"Person\",\"@id\":\"https:\\\/\\\/www.imobiliare.ro\\\/imoexpert\\\/#\\\/schema\\\/person\\\/9ffdfbf24b82f39fc75a2fc6c19e4e99\",\"name\":\"Corina V\u00e2rlan\",\"image\":{\"@type\":\"ImageObject\",\"inLanguage\":\"en\",\"@id\":\"https:\\\/\\\/www.imobiliare.ro\\\/imoexpert\\\/wp-content\\\/uploads\\\/2026\\\/02\\\/12-02-2025-5-rezumat-brasov-thumb-reels-1-1-96x96.png\",\"url\":\"https:\\\/\\\/www.imobiliare.ro\\\/imoexpert\\\/wp-content\\\/uploads\\\/2026\\\/02\\\/12-02-2025-5-rezumat-brasov-thumb-reels-1-1-96x96.png\",\"contentUrl\":\"https:\\\/\\\/www.imobiliare.ro\\\/imoexpert\\\/wp-content\\\/uploads\\\/2026\\\/02\\\/12-02-2025-5-rezumat-brasov-thumb-reels-1-1-96x96.png\",\"caption\":\"Corina V\u00e2rlan\"},\"description\":\"Corina V\u00e2rlan is a Content Marketing Manager at Imobiliare.ro\",\"alternateName\":\"Corina\",\"jobTitle\":\"Content Marketing Manager\",\"url\":\"https:\\\/\\\/www.imobiliare.ro\\\/imoexpert\\\/author\\\/corina-varlan\\\/\"}]}<\/script>\n<!-- \/ Yoast SEO plugin. -->","yoast_head_json":{"title":"C\u00e2nd se organizeaz\u0103 T\u00e2rgul Imobiliar Timi\u0219oara? - \u0218tiri - ImoExpert","description":"Edi\u021bia de toamn\u0103 a T\u00e2rgului Imobiliar Timi\u0219oara se apropie. Evenimentul, organizat de Tion.ro \u00een parteneriat cu Imobiliare.ro, se va desf\u0103\u0219ura \u00een perioada","robots":{"index":"index","follow":"follow"},"canonical":"https:\/\/www.imobiliare.ro\/imoexpert\/tit_db\/","og_locale":"ro_RO","og_type":"article","og_title":"C\u00e2nd se organizeaz\u0103 T\u00e2rgul Imobiliar Timi\u0219oara? - \u0218tiri - ImoExpert","og_description":"Edi\u021bia de toamn\u0103 a T\u00e2rgului Imobiliar Timi\u0219oara se apropie. Evenimentul, organizat de Tion.ro \u00een parteneriat cu Imobiliare.ro, se va desf\u0103\u0219ura \u00een perioada","og_url":"https:\/\/www.imobiliare.ro\/imoexpert\/tit_db\/","og_site_name":"Imobiliare.ro","article_published_time":"2026-09-01T11:43:52+00:00","article_modified_time":"2026-09-01T12:01:09+00:00","og_image":[{"width":1200,"height":600,"url":"https:\/\/www.imobiliare.ro\/imoexpert\/wp-content\/uploads\/og-cache\/12-02-2025-5-rezumat-brasov-thumb-reels-1-1-2a3897ef-branded.jpg?v=12","type":"image\/jpeg"}],"author":"Corina V\u00e2rlan","twitter_card":"summary_large_image","twitter_site":"@wwwImobiliareRo","twitter_misc":{"Written by":"Corina V\u00e2rlan","Est. reading time":"2 minute"},"schema":{"@context":"https:\/\/schema.org","@graph":[{"@type":"Article","@id":"https:\/\/www.imobiliare.ro\/imoexpert\/tit_db\/#article","isPartOf":{"@id":"https:\/\/www.imobiliare.ro\/imoexpert\/tit_db\/"},"author":{"name":"Corina V\u00e2rlan","@id":"https:\/\/www.imobiliare.ro\/imoexpert\/#\/schema\/person\/9ffdfbf24b82f39fc75a2fc6c19e4e99"},"headline":"C\u00e2nd se organizeaz\u0103 T\u00e2rgul Imobiliar Timi\u0219oara?","datePublished":"2026-09-01T11:43:52+00:00","dateModified":"2026-09-01T12:01:09+00:00","mainEntityOfPage":{"@id":"https:\/\/www.imobiliare.ro\/imoexpert\/tit_db\/"},"wordCount":157,"publisher":{"@id":"https:\/\/www.imobiliare.ro\/imoexpert\/#organization"},"image":{"@id":"https:\/\/www.imobiliare.ro\/imoexpert\/tit_db\/#primaryimage"},"thumbnailUrl":"https:\/\/www.imobiliare.ro\/imoexpert\/wp-content\/uploads\/2026\/09\/targul-imobiliar-timisoara-toamna-2026.jpg","articleSection":["\u0218tiri"],"inLanguage":"en","potentialAction":[{"@type":"CommentAction","name":"Comment","target":["https:\/\/www.imobiliare.ro\/imoexpert\/tit_db\/#respond"]}]},{"@type":"WebPage","@id":"https:\/\/www.imobiliare.ro\/imoexpert\/tit_db\/","url":"https:\/\/www.imobiliare.ro\/imoexpert\/tit_db\/","name":"C\u00e2nd se organizeaz\u0103 T\u00e2rgul Imobiliar Timi\u0219oara? - \u0218tiri - ImoExpert","isPartOf":{"@id":"https:\/\/www.imobiliare.ro\/imoexpert\/#website"},"primaryImageOfPage":{"@id":"https:\/\/www.imobiliare.ro\/imoexpert\/tit_db\/#primaryimage"},"image":{"@id":"https:\/\/www.imobiliare.ro\/imoexpert\/tit_db\/#primaryimage"},"thumbnailUrl":"https:\/\/www.imobiliare.ro\/imoexpert\/wp-content\/uploads\/2026\/09\/targul-imobiliar-timisoara-toamna-2026.jpg","datePublished":"2026-09-01T11:43:52+00:00","dateModified":"2026-09-01T12:01:09+00:00","description":"Edi\u021bia de toamn\u0103 a T\u00e2rgului Imobiliar Timi\u0219oara se apropie. Evenimentul, organizat de Tion.ro \u00een parteneriat cu Imobiliare.ro, se va desf\u0103\u0219ura \u00een perioada","breadcrumb":{"@id":"https:\/\/www.imobiliare.ro\/imoexpert\/tit_db\/#breadcrumb"},"inLanguage":"en","potentialAction":[{"@type":"ReadAction","target":["https:\/\/www.imobiliare.ro\/imoexpert\/tit_db\/"]}]},{"@type":"ImageObject","inLanguage":"en","@id":"https:\/\/www.imobiliare.ro\/imoexpert\/tit_db\/#primaryimage","url":"https:\/\/www.imobiliare.ro\/imoexpert\/wp-content\/uploads\/2026\/09\/targul-imobiliar-timisoara-toamna-2026.jpg","contentUrl":"https:\/\/www.imobiliare.ro\/imoexpert\/wp-content\/uploads\/2026\/09\/targul-imobiliar-timisoara-toamna-2026.jpg","width":1200,"height":600,"caption":"femeie fotografiaza macheta unui ansamblu rezidential la targul imobiliar timisoara"},{"@type":"BreadcrumbList","@id":"https:\/\/www.imobiliare.ro\/imoexpert\/tit_db\/#breadcrumb","itemListElement":[{"@type":"ListItem","position":1,"name":"Imoradar24","item":"https:\/\/www.imoradar24.ro"},{"@type":"ListItem","position":2,"name":"ImoExpert","item":"https:\/\/www.imobiliare.ro\/imoexpert\/"},{"@type":"ListItem","position":3,"name":"\u0218tiri","item":"https:\/\/www.imobiliare.ro\/imoexpert\/stiri\/"},{"@type":"ListItem","position":4,"name":"C\u00e2nd se organizeaz\u0103 T\u00e2rgul Imobiliar Timi\u0219oara?"}]},{"@type":"WebSite","@id":"https:\/\/www.imobiliare.ro\/imoexpert\/#website","url":"https:\/\/www.imobiliare.ro\/imoexpert\/","name":"ImoExpert","description":"cele mai importante \u015ftiri din domeniul imobiliar","publisher":{"@id":"https:\/\/www.imobiliare.ro\/imoexpert\/#organization"},"inLanguage":"en"},{"@type":"Organization","@id":"https:\/\/www.imobiliare.ro\/imoexpert\/#organization","name":"Imobiliare.ro","alternateName":"Realmedia Network SA","url":"https:\/\/www.imobiliare.ro\/imoexpert\/","logo":{"@type":"ImageObject","inLanguage":"en","@id":"https:\/\/www.imobiliare.ro\/imoexpert\/#\/schema\/logo\/image\/","url":"https:\/\/www.imobiliare.ro\/imoexpert\/wp-content\/uploads\/2025\/05\/imobiliare_logo.png","contentUrl":"https:\/\/www.imobiliare.ro\/imoexpert\/wp-content\/uploads\/2025\/05\/imobiliare_logo.png","width":237,"height":29,"caption":"Imobiliare.ro"},"image":{"@id":"https:\/\/www.imobiliare.ro\/imoexpert\/#\/schema\/logo\/image\/"}},{"@type":"Person","@id":"https:\/\/www.imobiliare.ro\/imoexpert\/#\/schema\/person\/9ffdfbf24b82f39fc75a2fc6c19e4e99","name":"Corina V\u00e2rlan","image":{"@type":"ImageObject","inLanguage":"en","@id":"https:\/\/www.imobiliare.ro\/imoexpert\/wp-content\/uploads\/2026\/02\/12-02-2025-5-rezumat-brasov-thumb-reels-1-1-96x96.png","url":"https:\/\/www.imobiliare.ro\/imoexpert\/wp-content\/uploads\/2026\/02\/12-02-2025-5-rezumat-brasov-thumb-reels-1-1-96x96.png","contentUrl":"https:\/\/www.imobiliare.ro\/imoexpert\/wp-content\/uploads\/2026\/02\/12-02-2025-5-rezumat-brasov-thumb-reels-1-1-96x96.png","caption":"Corina V\u00e2rlan"},"description":"Corina V\u00e2rlan is a Content Marketing Manager at Imobiliare.ro","alternateName":"Corina","jobTitle":"Content Marketing Manager","url":"https:\/\/www.imobiliare.ro\/imoexpert\/author\/corina-varlan\/"}]}},"_links":{"self":[{"href":"https:\/\/www.imobiliare.ro\/imoexpert\/wp-json\/wp\/v2\/posts\/80791","targetHints":{"allow":["GET"]}}],"collection":[{"href":"https:\/\/www.imobiliare.ro\/imoexpert\/wp-json\/wp\/v2\/posts"}],"about":[{"href":"https:\/\/www.imobiliare.ro\/imoexpert\/wp-json\/wp\/v2\/types\/post"}],"author":[{"embeddable":true,"href":"https:\/\/www.imobiliare.ro\/imoexpert\/wp-json\/wp\/v2\/users\/5891"}],"replies":[{"embeddable":true,"href":"https:\/\/www.imobiliare.ro\/imoexpert\/wp-json\/wp\/v2\/comments?post=80791"}],"version-history":[{"count":3,"href":"https:\/\/www.imobiliare.ro\/imoexpert\/wp-json\/wp\/v2\/posts\/80791\/revisions"}],"predecessor-version":[{"id":80796,"href":"https:\/\/www.imobiliare.ro\/imoexpert\/wp-json\/wp\/v2\/posts\/80791\/revisions\/80796"}],"wp:featuredmedia":[{"embeddable":true,"href":"https:\/\/www.imobiliare.ro\/imoexpert\/wp-json\/wp\/v2\/media\/80794"}],"wp:attachment":[{"href":"https:\/\/www.imobiliare.ro\/imoexpert\/wp-json\/wp\/v2\/media?parent=80791"}],"wp:term":[{"taxonomy":"category","embeddable":true,"href":"https:\/\/www.imobiliare.ro\/imoexpert\/wp-json\/wp\/v2\/categories?post=80791"},{"taxonomy":"post_tag","embeddable":true,"href":"https:\/\/www.imobiliare.ro\/imoexpert\/wp-json\/wp\/v2\/tags?post=80791"},{"taxonomy":"content_author","embeddable":true,"href":"https:\/\/www.imobiliare.ro\/imoexpert\/wp-json\/wp\/v2\/content_author?post=80791"}],"curies":[{"name":"wp","href":"https:\/\/api.w.org\/{rel}","templated":true}]}}