{"id":80797,"date":"2026-09-01T16:15:19","date_gmt":"2026-09-01T13:15:19","guid":{"rendered":"https:\/\/www.imobiliare.ro\/imoexpert\/?p=80797"},"modified":"2026-09-01T16:47:06","modified_gmt":"2026-09-01T13:47:06","slug":"au-construit-birouri-in-cluj-acum-fac-prima-investitie-rezidentiala-proprie-in-bucuresti-jumatate-dintre-locuinte-s-au-vandut-deja","status":"publish","type":"post","link":"https:\/\/www.imobiliare.ro\/imoexpert\/au-construit-birouri-in-cluj-acum-fac-prima-investitie-rezidentiala-proprie-in-bucuresti-jumatate-dintre-locuinte-s-au-vandut-deja_db\/","title":{"rendered":"Au construit birouri \u00een Cluj, acum fac prima investi\u021bie reziden\u021bial\u0103 proprie \u00een Bucure\u0219ti. Jum\u0103tate dintre locuin\u021be s-au v\u00e2ndut deja"},"content":{"rendered":"\n<figure class=\"wp-block-image size-full\"><img loading=\"lazy\" decoding=\"async\" width=\"1200\" height=\"600\" src=\"https:\/\/www.imobiliare.ro\/imoexpert\/wp-content\/uploads\/2026\/09\/corallis-apartments-2026.jpg\" alt=\"fatada unei cladiri din proiectul rezidential corallis apartments din zona lacului grivita bucuresti\" class=\"wp-image-80798\" srcset=\"https:\/\/www.imobiliare.ro\/imoexpert\/wp-content\/uploads\/2026\/09\/corallis-apartments-2026.jpg 1200w, https:\/\/www.imobiliare.ro\/imoexpert\/wp-content\/uploads\/2026\/09\/corallis-apartments-2026-770x385.jpg 770w, https:\/\/www.imobiliare.ro\/imoexpert\/wp-content\/uploads\/2026\/09\/corallis-apartments-2026-390x195.jpg 390w\" sizes=\"auto, (max-width: 1200px) 100vw, 1200px\" \/><\/figure>\n\n\n\n<p class=\"wp-block-paragraph\"><strong>Dup\u0103 un proiect de birouri dezvoltat \u00een Cluj-Napoca \u0219i o hal\u0103 industrial\u0103 de produc\u021bie l\u00e2ng\u0103 Turda, K\u00c9SZ Group pariaz\u0103 pe segmentul reziden\u021bial \u0219i face prima investi\u021bie proprie &#8211; Corallis Apartments. Proiectul, situat \u00een zona Petrom City din Capital\u0103, intr\u0103 deja \u00een etapa de finisaje. P\u00e2n\u0103 acum, au fost v\u00e2ndute jum\u0103tate dintre apartamentele disponibile.<\/strong><\/p>\n\n\n\n<p class=\"wp-block-paragraph\">Ansamblul reziden\u021bial aflat pe raza Sectorului 1 este construit pe un teren de aproximativ 15.500 mp \u0219i cuprinde <strong>cinci cl\u0103diri cu regim de \u00een\u0103l\u021bime redus, incluz\u00e2nd 221 de apartamente<\/strong> cu 2, 3 \u0219i 4 camere, duplexuri, apartamente cu gr\u0103din\u0103 \u0219i penthouse-uri cu terase panoramice.<\/p>\n\n\n\n<p class=\"wp-block-paragraph\">Viitorii reziden\u021bi vor beneficia de<strong> spa\u021bii verzi<\/strong> amenajate pe o suprafa\u021b\u0103 de peste 6.000 mp, de <strong>promenad\u0103 pe malul Lacului Grivi\u021ba<\/strong>, precum \u0219i de<strong> zone dedicate activit\u0103\u021bilor sportive \u0219i de relaxare<\/strong>.<\/p>\n\n\n\n<p class=\"wp-block-paragraph\">&#8222;Faptul c\u0103 jum\u0103tate dintre locuin\u021be au fost deja contractate \u00eenainte de finalizarea proiectului confirm\u0103 atractivitatea unei formule reziden\u021biale care \u00eembin\u0103 amplasarea pe malul lacului, spa\u021biile verzi generoase \u0219i standardele ridicate de construc\u021bie. <strong>Corallis r\u0103spunde cererii pentru locuin\u021be premium destinate familiilor<\/strong> care \u00ee\u0219i doresc at\u00e2t acces rapid c\u0103tre principalele zone de business ale Capitalei, c\u00e2t \u0219i un mediu de locuire lini\u0219tit \u0219i s\u0103n\u0103tos&#8221;, a declarat Tat\u00e1r Zsolt, Director de proiect K\u00c9SZ Properties.<\/p>\n\n\n\n<p class=\"wp-block-paragraph\">K\u00c9SZ Group activeaz\u0103 de peste patru decenii \u00een mai multe \u021b\u0103ri din Europa Central\u0103 \u0219i de Est. Grupul acoper\u0103 \u00eentreg lan\u021bul valoric al industriei construc\u021biilor, de la proiectare, produc\u021bie \u0219i montaj p\u00e2n\u0103 la construc\u021bie \u0219i operare. K\u00c9SZ Group este prezent \u00een Rom\u00e2nia din 2001.<\/p>\n","protected":false},"excerpt":{"rendered":"<p>Jum\u0103tate dintre apartamentele dintr-un proiect reziden\u021bial aflat \u00een zona Petrom City din Capital\u0103 s-au v\u00e2ndut deja \u00een timp ce lucr\u0103rile au ajuns \u00een etapa de finisaje.<\/p>\n","protected":false},"author":5891,"featured_media":80798,"comment_status":"open","ping_status":"open","sticky":false,"template":"","format":"standard","meta":{"footnotes":""},"categories":[259],"tags":[2120,2629],"content_author":[],"class_list":["post-80797","post","type-post","status-publish","format-standard","has-post-thumbnail","category-stiri","tag-bucuresti-3","tag-corallis-apartments"],"yoast_head":"<!-- This site is optimized with the Yoast SEO plugin v28.2 - https:\/\/yoast.com\/product\/yoast-seo-wordpress\/ -->\n<title>Au construit birouri \u00een Cluj, acum fac prima investi\u021bie reziden\u021bial\u0103 proprie \u00een Bucure\u0219ti. Jum\u0103tate dintre locuin\u021be s-au v\u00e2ndut deja - \u0218tiri - ImoExpert<\/title>\n<meta name=\"description\" content=\"Jum\u0103tate dintre apartamentele dintr-un proiect reziden\u021bial aflat \u00een zona Petrom City din Capital\u0103 s-au v\u00e2ndut deja \u00een timp ce lucr\u0103rile au ajuns \u00een etapa de finisaje.\" \/>\n<meta name=\"robots\" content=\"index, follow\" \/>\n<link rel=\"canonical\" href=\"https:\/\/www.imobiliare.ro\/imoexpert\/au-construit-birouri-in-cluj-acum-fac-prima-investitie-rezidentiala-proprie-in-bucuresti-jumatate-dintre-locuinte-s-au-vandut-deja_db\/\" \/>\n<meta property=\"og:locale\" content=\"ro_RO\" \/>\n<meta property=\"og:type\" content=\"article\" \/>\n<meta property=\"og:title\" content=\"Au construit birouri \u00een Cluj, acum fac prima investi\u021bie reziden\u021bial\u0103 proprie \u00een Bucure\u0219ti. Jum\u0103tate dintre locuin\u021be s-au v\u00e2ndut deja - \u0218tiri - ImoExpert\" \/>\n<meta property=\"og:description\" content=\"Jum\u0103tate dintre apartamentele dintr-un proiect reziden\u021bial aflat \u00een zona Petrom City din Capital\u0103 s-au v\u00e2ndut deja \u00een timp ce lucr\u0103rile au ajuns \u00een etapa de finisaje.\" \/>\n<meta property=\"og:url\" content=\"https:\/\/www.imobiliare.ro\/imoexpert\/au-construit-birouri-in-cluj-acum-fac-prima-investitie-rezidentiala-proprie-in-bucuresti-jumatate-dintre-locuinte-s-au-vandut-deja_db\/\" \/>\n<meta property=\"og:site_name\" content=\"Imobiliare.ro\" \/>\n<meta property=\"article:published_time\" content=\"2026-09-01T13:15:19+00:00\" \/>\n<meta property=\"article:modified_time\" content=\"2026-09-01T13:47:06+00:00\" \/>\n<meta property=\"og:image\" content=\"https:\/\/www.imobiliare.ro\/imoexpert\/wp-content\/uploads\/og-cache\/12-02-2025-5-rezumat-brasov-thumb-reels-1-1-2a3897ef-branded.jpg?v=12\" \/>\n\t<meta property=\"og:image:width\" content=\"1200\" \/>\n\t<meta property=\"og:image:height\" content=\"600\" \/>\n\t<meta property=\"og:image:type\" content=\"image\/jpeg\" \/>\n<meta name=\"author\" content=\"Corina V\u00e2rlan\" \/>\n<meta name=\"twitter:card\" content=\"summary_large_image\" \/>\n<meta name=\"twitter:site\" content=\"@wwwImobiliareRo\" \/>\n<meta name=\"twitter:label1\" content=\"Written by\" \/>\n\t<meta name=\"twitter:data1\" content=\"Corina V\u00e2rlan\" \/>\n\t<meta name=\"twitter:label2\" content=\"Est. reading time\" \/>\n\t<meta name=\"twitter:data2\" content=\"2 minute\" \/>\n<script type=\"application\/ld+json\" class=\"yoast-schema-graph\">{\"@context\":\"https:\\\/\\\/schema.org\",\"@graph\":[{\"@type\":\"Article\",\"@id\":\"https:\\\/\\\/www.imobiliare.ro\\\/imoexpert\\\/au-construit-birouri-in-cluj-acum-fac-prima-investitie-rezidentiala-proprie-in-bucuresti-jumatate-dintre-locuinte-s-au-vandut-deja_db\\\/#article\",\"isPartOf\":{\"@id\":\"https:\\\/\\\/www.imobiliare.ro\\\/imoexpert\\\/au-construit-birouri-in-cluj-acum-fac-prima-investitie-rezidentiala-proprie-in-bucuresti-jumatate-dintre-locuinte-s-au-vandut-deja_db\\\/\"},\"author\":{\"name\":\"Corina V\u00e2rlan\",\"@id\":\"https:\\\/\\\/www.imobiliare.ro\\\/imoexpert\\\/#\\\/schema\\\/person\\\/9ffdfbf24b82f39fc75a2fc6c19e4e99\"},\"headline\":\"Au construit birouri \u00een Cluj, acum fac prima investi\u021bie reziden\u021bial\u0103 proprie \u00een Bucure\u0219ti. Jum\u0103tate dintre locuin\u021be s-au v\u00e2ndut deja\",\"datePublished\":\"2026-09-01T13:15:19+00:00\",\"dateModified\":\"2026-09-01T13:47:06+00:00\",\"mainEntityOfPage\":{\"@id\":\"https:\\\/\\\/www.imobiliare.ro\\\/imoexpert\\\/au-construit-birouri-in-cluj-acum-fac-prima-investitie-rezidentiala-proprie-in-bucuresti-jumatate-dintre-locuinte-s-au-vandut-deja_db\\\/\"},\"wordCount\":301,\"publisher\":{\"@id\":\"https:\\\/\\\/www.imobiliare.ro\\\/imoexpert\\\/#organization\"},\"image\":{\"@id\":\"https:\\\/\\\/www.imobiliare.ro\\\/imoexpert\\\/au-construit-birouri-in-cluj-acum-fac-prima-investitie-rezidentiala-proprie-in-bucuresti-jumatate-dintre-locuinte-s-au-vandut-deja_db\\\/#primaryimage\"},\"thumbnailUrl\":\"https:\\\/\\\/www.imobiliare.ro\\\/imoexpert\\\/wp-content\\\/uploads\\\/2026\\\/09\\\/corallis-apartments-2026.jpg\",\"articleSection\":[\"\u0218tiri\"],\"inLanguage\":\"en\",\"potentialAction\":[{\"@type\":\"CommentAction\",\"name\":\"Comment\",\"target\":[\"https:\\\/\\\/www.imobiliare.ro\\\/imoexpert\\\/au-construit-birouri-in-cluj-acum-fac-prima-investitie-rezidentiala-proprie-in-bucuresti-jumatate-dintre-locuinte-s-au-vandut-deja_db\\\/#respond\"]}]},{\"@type\":\"WebPage\",\"@id\":\"https:\\\/\\\/www.imobiliare.ro\\\/imoexpert\\\/au-construit-birouri-in-cluj-acum-fac-prima-investitie-rezidentiala-proprie-in-bucuresti-jumatate-dintre-locuinte-s-au-vandut-deja_db\\\/\",\"url\":\"https:\\\/\\\/www.imobiliare.ro\\\/imoexpert\\\/au-construit-birouri-in-cluj-acum-fac-prima-investitie-rezidentiala-proprie-in-bucuresti-jumatate-dintre-locuinte-s-au-vandut-deja_db\\\/\",\"name\":\"Au construit birouri \u00een Cluj, acum fac prima investi\u021bie reziden\u021bial\u0103 proprie \u00een Bucure\u0219ti. Jum\u0103tate dintre locuin\u021be s-au v\u00e2ndut deja - \u0218tiri - ImoExpert\",\"isPartOf\":{\"@id\":\"https:\\\/\\\/www.imobiliare.ro\\\/imoexpert\\\/#website\"},\"primaryImageOfPage\":{\"@id\":\"https:\\\/\\\/www.imobiliare.ro\\\/imoexpert\\\/au-construit-birouri-in-cluj-acum-fac-prima-investitie-rezidentiala-proprie-in-bucuresti-jumatate-dintre-locuinte-s-au-vandut-deja_db\\\/#primaryimage\"},\"image\":{\"@id\":\"https:\\\/\\\/www.imobiliare.ro\\\/imoexpert\\\/au-construit-birouri-in-cluj-acum-fac-prima-investitie-rezidentiala-proprie-in-bucuresti-jumatate-dintre-locuinte-s-au-vandut-deja_db\\\/#primaryimage\"},\"thumbnailUrl\":\"https:\\\/\\\/www.imobiliare.ro\\\/imoexpert\\\/wp-content\\\/uploads\\\/2026\\\/09\\\/corallis-apartments-2026.jpg\",\"datePublished\":\"2026-09-01T13:15:19+00:00\",\"dateModified\":\"2026-09-01T13:47:06+00:00\",\"description\":\"Jum\u0103tate dintre apartamentele dintr-un proiect reziden\u021bial aflat \u00een zona Petrom City din Capital\u0103 s-au v\u00e2ndut deja \u00een timp ce lucr\u0103rile au ajuns \u00een etapa de finisaje.\",\"breadcrumb\":{\"@id\":\"https:\\\/\\\/www.imobiliare.ro\\\/imoexpert\\\/au-construit-birouri-in-cluj-acum-fac-prima-investitie-rezidentiala-proprie-in-bucuresti-jumatate-dintre-locuinte-s-au-vandut-deja_db\\\/#breadcrumb\"},\"inLanguage\":\"en\",\"potentialAction\":[{\"@type\":\"ReadAction\",\"target\":[\"https:\\\/\\\/www.imobiliare.ro\\\/imoexpert\\\/au-construit-birouri-in-cluj-acum-fac-prima-investitie-rezidentiala-proprie-in-bucuresti-jumatate-dintre-locuinte-s-au-vandut-deja_db\\\/\"]}]},{\"@type\":\"ImageObject\",\"inLanguage\":\"en\",\"@id\":\"https:\\\/\\\/www.imobiliare.ro\\\/imoexpert\\\/au-construit-birouri-in-cluj-acum-fac-prima-investitie-rezidentiala-proprie-in-bucuresti-jumatate-dintre-locuinte-s-au-vandut-deja_db\\\/#primaryimage\",\"url\":\"https:\\\/\\\/www.imobiliare.ro\\\/imoexpert\\\/wp-content\\\/uploads\\\/2026\\\/09\\\/corallis-apartments-2026.jpg\",\"contentUrl\":\"https:\\\/\\\/www.imobiliare.ro\\\/imoexpert\\\/wp-content\\\/uploads\\\/2026\\\/09\\\/corallis-apartments-2026.jpg\",\"width\":1200,\"height\":600,\"caption\":\"fatada unei cladiri din proiectul rezidential corallis apartments din zona lacului grivita bucuresti\"},{\"@type\":\"BreadcrumbList\",\"@id\":\"https:\\\/\\\/www.imobiliare.ro\\\/imoexpert\\\/au-construit-birouri-in-cluj-acum-fac-prima-investitie-rezidentiala-proprie-in-bucuresti-jumatate-dintre-locuinte-s-au-vandut-deja_db\\\/#breadcrumb\",\"itemListElement\":[{\"@type\":\"ListItem\",\"position\":1,\"name\":\"Imoradar24\",\"item\":\"https:\\\/\\\/www.imoradar24.ro\"},{\"@type\":\"ListItem\",\"position\":2,\"name\":\"ImoExpert\",\"item\":\"https:\\\/\\\/www.imobiliare.ro\\\/imoexpert\\\/\"},{\"@type\":\"ListItem\",\"position\":3,\"name\":\"\u0218tiri\",\"item\":\"https:\\\/\\\/www.imobiliare.ro\\\/imoexpert\\\/stiri\\\/\"},{\"@type\":\"ListItem\",\"position\":4,\"name\":\"Au construit birouri \u00een Cluj, acum fac prima investi\u021bie reziden\u021bial\u0103 proprie \u00een Bucure\u0219ti. Jum\u0103tate dintre locuin\u021be s-au v\u00e2ndut deja\"}]},{\"@type\":\"WebSite\",\"@id\":\"https:\\\/\\\/www.imobiliare.ro\\\/imoexpert\\\/#website\",\"url\":\"https:\\\/\\\/www.imobiliare.ro\\\/imoexpert\\\/\",\"name\":\"ImoExpert\",\"description\":\"cele mai importante \u015ftiri din domeniul imobiliar\",\"publisher\":{\"@id\":\"https:\\\/\\\/www.imobiliare.ro\\\/imoexpert\\\/#organization\"},\"inLanguage\":\"en\"},{\"@type\":\"Organization\",\"@id\":\"https:\\\/\\\/www.imobiliare.ro\\\/imoexpert\\\/#organization\",\"name\":\"Imobiliare.ro\",\"alternateName\":\"Realmedia Network SA\",\"url\":\"https:\\\/\\\/www.imobiliare.ro\\\/imoexpert\\\/\",\"logo\":{\"@type\":\"ImageObject\",\"inLanguage\":\"en\",\"@id\":\"https:\\\/\\\/www.imobiliare.ro\\\/imoexpert\\\/#\\\/schema\\\/logo\\\/image\\\/\",\"url\":\"https:\\\/\\\/www.imobiliare.ro\\\/imoexpert\\\/wp-content\\\/uploads\\\/2025\\\/05\\\/imobiliare_logo.png\",\"contentUrl\":\"https:\\\/\\\/www.imobiliare.ro\\\/imoexpert\\\/wp-content\\\/uploads\\\/2025\\\/05\\\/imobiliare_logo.png\",\"width\":237,\"height\":29,\"caption\":\"Imobiliare.ro\"},\"image\":{\"@id\":\"https:\\\/\\\/www.imobiliare.ro\\\/imoexpert\\\/#\\\/schema\\\/logo\\\/image\\\/\"}},{\"@type\":\"Person\",\"@id\":\"https:\\\/\\\/www.imobiliare.ro\\\/imoexpert\\\/#\\\/schema\\\/person\\\/9ffdfbf24b82f39fc75a2fc6c19e4e99\",\"name\":\"Corina V\u00e2rlan\",\"image\":{\"@type\":\"ImageObject\",\"inLanguage\":\"en\",\"@id\":\"https:\\\/\\\/www.imobiliare.ro\\\/imoexpert\\\/wp-content\\\/uploads\\\/2026\\\/02\\\/12-02-2025-5-rezumat-brasov-thumb-reels-1-1-96x96.png\",\"url\":\"https:\\\/\\\/www.imobiliare.ro\\\/imoexpert\\\/wp-content\\\/uploads\\\/2026\\\/02\\\/12-02-2025-5-rezumat-brasov-thumb-reels-1-1-96x96.png\",\"contentUrl\":\"https:\\\/\\\/www.imobiliare.ro\\\/imoexpert\\\/wp-content\\\/uploads\\\/2026\\\/02\\\/12-02-2025-5-rezumat-brasov-thumb-reels-1-1-96x96.png\",\"caption\":\"Corina V\u00e2rlan\"},\"description\":\"Corina V\u00e2rlan is a Content Marketing Manager at Imobiliare.ro\",\"alternateName\":\"Corina\",\"jobTitle\":\"Content Marketing Manager\",\"url\":\"https:\\\/\\\/www.imobiliare.ro\\\/imoexpert\\\/author\\\/corina-varlan\\\/\"}]}<\/script>\n<!-- \/ Yoast SEO plugin. -->","yoast_head_json":{"title":"Au construit birouri \u00een Cluj, acum fac prima investi\u021bie reziden\u021bial\u0103 proprie \u00een Bucure\u0219ti. Jum\u0103tate dintre locuin\u021be s-au v\u00e2ndut deja - \u0218tiri - ImoExpert","description":"Jum\u0103tate dintre apartamentele dintr-un proiect reziden\u021bial aflat \u00een zona Petrom City din Capital\u0103 s-au v\u00e2ndut deja \u00een timp ce lucr\u0103rile au ajuns \u00een etapa de finisaje.","robots":{"index":"index","follow":"follow"},"canonical":"https:\/\/www.imobiliare.ro\/imoexpert\/au-construit-birouri-in-cluj-acum-fac-prima-investitie-rezidentiala-proprie-in-bucuresti-jumatate-dintre-locuinte-s-au-vandut-deja_db\/","og_locale":"ro_RO","og_type":"article","og_title":"Au construit birouri \u00een Cluj, acum fac prima investi\u021bie reziden\u021bial\u0103 proprie \u00een Bucure\u0219ti. Jum\u0103tate dintre locuin\u021be s-au v\u00e2ndut deja - \u0218tiri - ImoExpert","og_description":"Jum\u0103tate dintre apartamentele dintr-un proiect reziden\u021bial aflat \u00een zona Petrom City din Capital\u0103 s-au v\u00e2ndut deja \u00een timp ce lucr\u0103rile au ajuns \u00een etapa de finisaje.","og_url":"https:\/\/www.imobiliare.ro\/imoexpert\/au-construit-birouri-in-cluj-acum-fac-prima-investitie-rezidentiala-proprie-in-bucuresti-jumatate-dintre-locuinte-s-au-vandut-deja_db\/","og_site_name":"Imobiliare.ro","article_published_time":"2026-09-01T13:15:19+00:00","article_modified_time":"2026-09-01T13:47:06+00:00","og_image":[{"width":1200,"height":600,"url":"https:\/\/www.imobiliare.ro\/imoexpert\/wp-content\/uploads\/og-cache\/12-02-2025-5-rezumat-brasov-thumb-reels-1-1-2a3897ef-branded.jpg?v=12","type":"image\/jpeg"}],"author":"Corina V\u00e2rlan","twitter_card":"summary_large_image","twitter_site":"@wwwImobiliareRo","twitter_misc":{"Written by":"Corina V\u00e2rlan","Est. reading time":"2 minute"},"schema":{"@context":"https:\/\/schema.org","@graph":[{"@type":"Article","@id":"https:\/\/www.imobiliare.ro\/imoexpert\/au-construit-birouri-in-cluj-acum-fac-prima-investitie-rezidentiala-proprie-in-bucuresti-jumatate-dintre-locuinte-s-au-vandut-deja_db\/#article","isPartOf":{"@id":"https:\/\/www.imobiliare.ro\/imoexpert\/au-construit-birouri-in-cluj-acum-fac-prima-investitie-rezidentiala-proprie-in-bucuresti-jumatate-dintre-locuinte-s-au-vandut-deja_db\/"},"author":{"name":"Corina V\u00e2rlan","@id":"https:\/\/www.imobiliare.ro\/imoexpert\/#\/schema\/person\/9ffdfbf24b82f39fc75a2fc6c19e4e99"},"headline":"Au construit birouri \u00een Cluj, acum fac prima investi\u021bie reziden\u021bial\u0103 proprie \u00een Bucure\u0219ti. Jum\u0103tate dintre locuin\u021be s-au v\u00e2ndut deja","datePublished":"2026-09-01T13:15:19+00:00","dateModified":"2026-09-01T13:47:06+00:00","mainEntityOfPage":{"@id":"https:\/\/www.imobiliare.ro\/imoexpert\/au-construit-birouri-in-cluj-acum-fac-prima-investitie-rezidentiala-proprie-in-bucuresti-jumatate-dintre-locuinte-s-au-vandut-deja_db\/"},"wordCount":301,"publisher":{"@id":"https:\/\/www.imobiliare.ro\/imoexpert\/#organization"},"image":{"@id":"https:\/\/www.imobiliare.ro\/imoexpert\/au-construit-birouri-in-cluj-acum-fac-prima-investitie-rezidentiala-proprie-in-bucuresti-jumatate-dintre-locuinte-s-au-vandut-deja_db\/#primaryimage"},"thumbnailUrl":"https:\/\/www.imobiliare.ro\/imoexpert\/wp-content\/uploads\/2026\/09\/corallis-apartments-2026.jpg","articleSection":["\u0218tiri"],"inLanguage":"en","potentialAction":[{"@type":"CommentAction","name":"Comment","target":["https:\/\/www.imobiliare.ro\/imoexpert\/au-construit-birouri-in-cluj-acum-fac-prima-investitie-rezidentiala-proprie-in-bucuresti-jumatate-dintre-locuinte-s-au-vandut-deja_db\/#respond"]}]},{"@type":"WebPage","@id":"https:\/\/www.imobiliare.ro\/imoexpert\/au-construit-birouri-in-cluj-acum-fac-prima-investitie-rezidentiala-proprie-in-bucuresti-jumatate-dintre-locuinte-s-au-vandut-deja_db\/","url":"https:\/\/www.imobiliare.ro\/imoexpert\/au-construit-birouri-in-cluj-acum-fac-prima-investitie-rezidentiala-proprie-in-bucuresti-jumatate-dintre-locuinte-s-au-vandut-deja_db\/","name":"Au construit birouri \u00een Cluj, acum fac prima investi\u021bie reziden\u021bial\u0103 proprie \u00een Bucure\u0219ti. Jum\u0103tate dintre locuin\u021be s-au v\u00e2ndut deja - \u0218tiri - ImoExpert","isPartOf":{"@id":"https:\/\/www.imobiliare.ro\/imoexpert\/#website"},"primaryImageOfPage":{"@id":"https:\/\/www.imobiliare.ro\/imoexpert\/au-construit-birouri-in-cluj-acum-fac-prima-investitie-rezidentiala-proprie-in-bucuresti-jumatate-dintre-locuinte-s-au-vandut-deja_db\/#primaryimage"},"image":{"@id":"https:\/\/www.imobiliare.ro\/imoexpert\/au-construit-birouri-in-cluj-acum-fac-prima-investitie-rezidentiala-proprie-in-bucuresti-jumatate-dintre-locuinte-s-au-vandut-deja_db\/#primaryimage"},"thumbnailUrl":"https:\/\/www.imobiliare.ro\/imoexpert\/wp-content\/uploads\/2026\/09\/corallis-apartments-2026.jpg","datePublished":"2026-09-01T13:15:19+00:00","dateModified":"2026-09-01T13:47:06+00:00","description":"Jum\u0103tate dintre apartamentele dintr-un proiect reziden\u021bial aflat \u00een zona Petrom City din Capital\u0103 s-au v\u00e2ndut deja \u00een timp ce lucr\u0103rile au ajuns \u00een etapa de finisaje.","breadcrumb":{"@id":"https:\/\/www.imobiliare.ro\/imoexpert\/au-construit-birouri-in-cluj-acum-fac-prima-investitie-rezidentiala-proprie-in-bucuresti-jumatate-dintre-locuinte-s-au-vandut-deja_db\/#breadcrumb"},"inLanguage":"en","potentialAction":[{"@type":"ReadAction","target":["https:\/\/www.imobiliare.ro\/imoexpert\/au-construit-birouri-in-cluj-acum-fac-prima-investitie-rezidentiala-proprie-in-bucuresti-jumatate-dintre-locuinte-s-au-vandut-deja_db\/"]}]},{"@type":"ImageObject","inLanguage":"en","@id":"https:\/\/www.imobiliare.ro\/imoexpert\/au-construit-birouri-in-cluj-acum-fac-prima-investitie-rezidentiala-proprie-in-bucuresti-jumatate-dintre-locuinte-s-au-vandut-deja_db\/#primaryimage","url":"https:\/\/www.imobiliare.ro\/imoexpert\/wp-content\/uploads\/2026\/09\/corallis-apartments-2026.jpg","contentUrl":"https:\/\/www.imobiliare.ro\/imoexpert\/wp-content\/uploads\/2026\/09\/corallis-apartments-2026.jpg","width":1200,"height":600,"caption":"fatada unei cladiri din proiectul rezidential corallis apartments din zona lacului grivita bucuresti"},{"@type":"BreadcrumbList","@id":"https:\/\/www.imobiliare.ro\/imoexpert\/au-construit-birouri-in-cluj-acum-fac-prima-investitie-rezidentiala-proprie-in-bucuresti-jumatate-dintre-locuinte-s-au-vandut-deja_db\/#breadcrumb","itemListElement":[{"@type":"ListItem","position":1,"name":"Imoradar24","item":"https:\/\/www.imoradar24.ro"},{"@type":"ListItem","position":2,"name":"ImoExpert","item":"https:\/\/www.imobiliare.ro\/imoexpert\/"},{"@type":"ListItem","position":3,"name":"\u0218tiri","item":"https:\/\/www.imobiliare.ro\/imoexpert\/stiri\/"},{"@type":"ListItem","position":4,"name":"Au construit birouri \u00een Cluj, acum fac prima investi\u021bie reziden\u021bial\u0103 proprie \u00een Bucure\u0219ti. Jum\u0103tate dintre locuin\u021be s-au v\u00e2ndut deja"}]},{"@type":"WebSite","@id":"https:\/\/www.imobiliare.ro\/imoexpert\/#website","url":"https:\/\/www.imobiliare.ro\/imoexpert\/","name":"ImoExpert","description":"cele mai importante \u015ftiri din domeniul imobiliar","publisher":{"@id":"https:\/\/www.imobiliare.ro\/imoexpert\/#organization"},"inLanguage":"en"},{"@type":"Organization","@id":"https:\/\/www.imobiliare.ro\/imoexpert\/#organization","name":"Imobiliare.ro","alternateName":"Realmedia Network SA","url":"https:\/\/www.imobiliare.ro\/imoexpert\/","logo":{"@type":"ImageObject","inLanguage":"en","@id":"https:\/\/www.imobiliare.ro\/imoexpert\/#\/schema\/logo\/image\/","url":"https:\/\/www.imobiliare.ro\/imoexpert\/wp-content\/uploads\/2025\/05\/imobiliare_logo.png","contentUrl":"https:\/\/www.imobiliare.ro\/imoexpert\/wp-content\/uploads\/2025\/05\/imobiliare_logo.png","width":237,"height":29,"caption":"Imobiliare.ro"},"image":{"@id":"https:\/\/www.imobiliare.ro\/imoexpert\/#\/schema\/logo\/image\/"}},{"@type":"Person","@id":"https:\/\/www.imobiliare.ro\/imoexpert\/#\/schema\/person\/9ffdfbf24b82f39fc75a2fc6c19e4e99","name":"Corina V\u00e2rlan","image":{"@type":"ImageObject","inLanguage":"en","@id":"https:\/\/www.imobiliare.ro\/imoexpert\/wp-content\/uploads\/2026\/02\/12-02-2025-5-rezumat-brasov-thumb-reels-1-1-96x96.png","url":"https:\/\/www.imobiliare.ro\/imoexpert\/wp-content\/uploads\/2026\/02\/12-02-2025-5-rezumat-brasov-thumb-reels-1-1-96x96.png","contentUrl":"https:\/\/www.imobiliare.ro\/imoexpert\/wp-content\/uploads\/2026\/02\/12-02-2025-5-rezumat-brasov-thumb-reels-1-1-96x96.png","caption":"Corina V\u00e2rlan"},"description":"Corina V\u00e2rlan is a Content Marketing Manager at Imobiliare.ro","alternateName":"Corina","jobTitle":"Content Marketing Manager","url":"https:\/\/www.imobiliare.ro\/imoexpert\/author\/corina-varlan\/"}]}},"_links":{"self":[{"href":"https:\/\/www.imobiliare.ro\/imoexpert\/wp-json\/wp\/v2\/posts\/80797","targetHints":{"allow":["GET"]}}],"collection":[{"href":"https:\/\/www.imobiliare.ro\/imoexpert\/wp-json\/wp\/v2\/posts"}],"about":[{"href":"https:\/\/www.imobiliare.ro\/imoexpert\/wp-json\/wp\/v2\/types\/post"}],"author":[{"embeddable":true,"href":"https:\/\/www.imobiliare.ro\/imoexpert\/wp-json\/wp\/v2\/users\/5891"}],"replies":[{"embeddable":true,"href":"https:\/\/www.imobiliare.ro\/imoexpert\/wp-json\/wp\/v2\/comments?post=80797"}],"version-history":[{"count":3,"href":"https:\/\/www.imobiliare.ro\/imoexpert\/wp-json\/wp\/v2\/posts\/80797\/revisions"}],"predecessor-version":[{"id":80801,"href":"https:\/\/www.imobiliare.ro\/imoexpert\/wp-json\/wp\/v2\/posts\/80797\/revisions\/80801"}],"wp:featuredmedia":[{"embeddable":true,"href":"https:\/\/www.imobiliare.ro\/imoexpert\/wp-json\/wp\/v2\/media\/80798"}],"wp:attachment":[{"href":"https:\/\/www.imobiliare.ro\/imoexpert\/wp-json\/wp\/v2\/media?parent=80797"}],"wp:term":[{"taxonomy":"category","embeddable":true,"href":"https:\/\/www.imobiliare.ro\/imoexpert\/wp-json\/wp\/v2\/categories?post=80797"},{"taxonomy":"post_tag","embeddable":true,"href":"https:\/\/www.imobiliare.ro\/imoexpert\/wp-json\/wp\/v2\/tags?post=80797"},{"taxonomy":"content_author","embeddable":true,"href":"https:\/\/www.imobiliare.ro\/imoexpert\/wp-json\/wp\/v2\/content_author?post=80797"}],"curies":[{"name":"wp","href":"https:\/\/api.w.org\/{rel}","templated":true}]}}