{"id":80844,"date":"2026-09-03T09:54:16","date_gmt":"2026-09-03T06:54:16","guid":{"rendered":"https:\/\/www.imobiliare.ro\/imoexpert\/?p=80844"},"modified":"2026-09-03T09:58:42","modified_gmt":"2026-09-03T06:58:42","slug":"locuinte-de-la-12-500-euro-la-cel-mai-mare-eveniment-de-real-estate-din-romania-organizat-alaturi-de-imobiliare-ro-cand-incepe-salonul-imobiliar-bucuresti","status":"publish","type":"post","link":"https:\/\/www.imobiliare.ro\/imoexpert\/locuinte-de-la-12-500-euro-la-cel-mai-mare-eveniment-de-real-estate-din-romania-organizat-alaturi-de-imobiliare-ro-cand-incepe-salonul-imobiliar-bucuresti_db\/","title":{"rendered":"Locuin\u021be de la 12.500 euro la cel mai mare eveniment de real estate din Rom\u00e2nia, organizat al\u0103turi de Imobiliare.ro. C\u00e2nd \u00eencepe Salonul Imobiliar Bucure\u0219ti?"},"content":{"rendered":"\n<figure class=\"wp-block-image size-full\"><img loading=\"lazy\" decoding=\"async\" width=\"1200\" height=\"600\" src=\"https:\/\/www.imobiliare.ro\/imoexpert\/wp-content\/uploads\/2026\/09\/salonul-imobiliar-bucuresti-se-organizeaza-alaturi-de-imobiliarero-la-palatul-parlamentului.jpg\" alt=\"macheta unui proiect imobiliar\" class=\"wp-image-80847\" srcset=\"https:\/\/www.imobiliare.ro\/imoexpert\/wp-content\/uploads\/2026\/09\/salonul-imobiliar-bucuresti-se-organizeaza-alaturi-de-imobiliarero-la-palatul-parlamentului.jpg 1200w, https:\/\/www.imobiliare.ro\/imoexpert\/wp-content\/uploads\/2026\/09\/salonul-imobiliar-bucuresti-se-organizeaza-alaturi-de-imobiliarero-la-palatul-parlamentului-770x385.jpg 770w, https:\/\/www.imobiliare.ro\/imoexpert\/wp-content\/uploads\/2026\/09\/salonul-imobiliar-bucuresti-se-organizeaza-alaturi-de-imobiliarero-la-palatul-parlamentului-390x195.jpg 390w\" sizes=\"auto, (max-width: 1200px) 100vw, 1200px\" \/><\/figure>\n\n\n\n<p class=\"wp-block-paragraph\"><strong>Cel mai mare eveniment de real estate din Rom\u00e2nia revine la Palatul Parlamentului la finele lunii septembrie. Aproape 200 de expozan\u021bi din sfera imobiliar\u0103 \u0219i din domenii conexe, inclusiv b\u0103nci, notari, autorit\u0103\u021bi, cadastri\u0219ti \u0219i speciali\u0219ti \u00een decorarea locuin\u021bei vor lua parte, \u00een perioada 25-27 septembrie, la Salonul Imobiliar Bucure\u0219ti.<\/strong><\/p>\n\n\n\n<p class=\"wp-block-paragraph\">Evenimentul<strong> organizat al\u0103turi de Imobiliare.ro <\/strong>aduce \u00een fa\u021ba vizitatorilor o ofert\u0103 vast\u0103 de propriet\u0103\u021bi, de la apartamente \u00een noi proiecte reziden\u021biale din Bucure\u0219ti, la case \u0219i terenuri, at\u00e2t din Capital\u0103, c\u00e2t \u0219i din \u021bar\u0103. Nu lipsesc nici oportunit\u0103\u021bile de investi\u021bii chiar \u0219i \u00een str\u0103in\u0103tate.<\/p>\n\n\n\n<p class=\"wp-block-paragraph\">Pre\u021burile pornesc la edi\u021bia de toamn\u0103 a Salonului Imobiliar Bucure\u0219ti de la <strong>12.500 euro pentru case de tip A Frame<\/strong> \u0219i de la <strong>61.850 euro pentru garsoniere<\/strong>. Iar dac\u0103 ai nevoie de finan\u021bare pentru a-\u021bi \u00eendeplini visul de a deveni proprietar, atunci nu uita s\u0103 faci o vizit\u0103 standului <strong><a class=\"article-body-links\"href=\"https:\/\/finance.imobiliare.ro\/\" target=\"_blank\" rel=\"noreferrer noopener\">Imobiliare.ro Finance<\/a><\/strong>, liderului pie\u021bei de brokeraj de credite din Rom\u00e2nia. <\/p>\n\n\n\n<figure class=\"wp-block-image size-full\"><img loading=\"lazy\" decoding=\"async\" width=\"1200\" height=\"800\" src=\"https:\/\/www.imobiliare.ro\/imoexpert\/wp-content\/uploads\/2026\/09\/salonul-imobiliar-bucuresti-toamna-2026.jpg\" alt=\"\" class=\"wp-image-80846\" srcset=\"https:\/\/www.imobiliare.ro\/imoexpert\/wp-content\/uploads\/2026\/09\/salonul-imobiliar-bucuresti-toamna-2026.jpg 1200w, https:\/\/www.imobiliare.ro\/imoexpert\/wp-content\/uploads\/2026\/09\/salonul-imobiliar-bucuresti-toamna-2026-770x513.jpg 770w, https:\/\/www.imobiliare.ro\/imoexpert\/wp-content\/uploads\/2026\/09\/salonul-imobiliar-bucuresti-toamna-2026-390x260.jpg 390w\" sizes=\"auto, (max-width: 1200px) 100vw, 1200px\" \/><\/figure>\n\n\n\n<p class=\"wp-block-paragraph\">Speciali\u0219tii no\u0219tri te a\u0219teapt\u0103 cu cele mai avantajoase condi\u021bii pentru \u00eemprumutul t\u0103u ipotecar, dar \u0219i cu informa\u021bii despre \u00eentreg procesul de achizi\u021bie. P\u00e2n\u0103 atunci, acceseaz\u0103 mai jos <strong>instrumentele gratuite<\/strong> puse la dispozi\u021bia ta de Imobiliare.ro Finance pentru a afla dac\u0103 e\u0219ti eligibil pentru un credit, ce sum\u0103 po\u021bi accesa, dar \u0219i ce vede banca despre tine atunci c\u00e2nd aplici pentru un \u00eemprumut.<\/p>\n\n\n\n<ul class=\"wp-block-list\">\n<li><strong><a class=\"article-body-links\"href=\"https:\/\/finance.imobiliare.ro\/calculator\/suma-eligibila-credit\" target=\"_blank\" rel=\"noreferrer noopener\">Calculator sum\u0103 eligibil\u0103<\/a><\/strong> &#8211; Noi calcul\u0103m suma eligibil\u0103, tu cau\u021bi locuin\u021ba \u00een func\u021bie de bugetul t\u0103u real.<\/li>\n\n\n\n<li><strong><a class=\"article-body-links\"href=\"https:\/\/finance.imobiliare.ro\/credit-check\" target=\"_blank\" rel=\"noreferrer noopener\">CreditCheck<\/a><\/strong> &#8211; Analiz\u0103m online profilul t\u0103u de creditare cu ajutorul datelor de la\u00a0<strong>ANAF<\/strong>\u00a0\u0219i\u00a0<strong>Biroul de Credit<\/strong>. \u00ce\u021bi spunem exact c\u00e2t po\u021bi \u00eemprumuta \u0219i ce oferte de credit \u021bi se potrivesc.<\/li>\n\n\n\n<li><strong><a class=\"article-body-links\"href=\"https:\/\/finance.imobiliare.ro\/calculator\/credite-ipotecare\" target=\"_blank\" rel=\"noreferrer noopener\">Simulare credit ipotecar<\/a><\/strong> &#8211; \u0218tii deja ce locuin\u021b\u0103 \u00ee\u021bi dore\u0219ti?\u00a0G\u0103sim \u00eempreun\u0103 creditul ipotecar potrivit, gratuit.<\/li>\n<\/ul>\n\n\n\n<p class=\"wp-block-paragraph\">Vizitatorii Salonului Imobiliar Bucure\u0219ti vor avea, totodat\u0103, oportunitatea de a participa la o<strong> tombol\u0103 \u00een care pot c\u00e2\u0219tiga un premiu \u00een valoare de 10.000 euro<\/strong>.<\/p>\n\n\n\n<p class=\"wp-block-paragraph\">Evenimentul organizat al\u0103turi de Imobiliare.ro \u00ee\u0219i deschide por\u021bile vineri, 25 septembrie, de la ora 12:00, iar \u00een weekend \u00eencep\u00e2nd cu ora 10:00. Ultima or\u0103 de acces este 17:00.<\/p>\n","protected":false},"excerpt":{"rendered":"<p>Aproape 200 de expozan\u021bi din sfera imobiliar\u0103 \u0219i din domenii conexe vor participa la Salonul Imobiliar Bucure\u0219ti, un eveniment organizat al\u0103turi de Imobiliare.ro.<\/p>\n","protected":false},"author":5891,"featured_media":80847,"comment_status":"open","ping_status":"open","sticky":false,"template":"","format":"standard","meta":{"footnotes":""},"categories":[259],"tags":[806,1768],"content_author":[],"class_list":["post-80844","post","type-post","status-publish","format-standard","has-post-thumbnail","category-stiri","tag-imobiliare-ro","tag-salonul-imobiliar-bucuresti"],"yoast_head":"<!-- This site is optimized with the Yoast SEO plugin v28.2 - https:\/\/yoast.com\/product\/yoast-seo-wordpress\/ -->\n<title>Locuin\u021be de la 12.500 euro la cel mai mare eveniment de real estate din Rom\u00e2nia, organizat al\u0103turi de Imobiliare.ro. C\u00e2nd \u00eencepe Salonul Imobiliar Bucure\u0219ti? - \u0218tiri - ImoExpert<\/title>\n<meta name=\"description\" content=\"Aproape 200 de expozan\u021bi din sfera imobiliar\u0103 \u0219i din domenii conexe vor participa la Salonul Imobiliar Bucure\u0219ti, un eveniment organizat al\u0103turi de Imobiliare.ro.\" \/>\n<meta name=\"robots\" content=\"index, follow\" \/>\n<link rel=\"canonical\" href=\"https:\/\/www.imobiliare.ro\/imoexpert\/locuinte-de-la-12-500-euro-la-cel-mai-mare-eveniment-de-real-estate-din-romania-organizat-alaturi-de-imobiliare-ro-cand-incepe-salonul-imobiliar-bucuresti_db\/\" \/>\n<meta property=\"og:locale\" content=\"ro_RO\" \/>\n<meta property=\"og:type\" content=\"article\" \/>\n<meta property=\"og:title\" content=\"Locuin\u021be de la 12.500 euro la cel mai mare eveniment de real estate din Rom\u00e2nia, organizat al\u0103turi de Imobiliare.ro. C\u00e2nd \u00eencepe Salonul Imobiliar Bucure\u0219ti? - \u0218tiri - ImoExpert\" \/>\n<meta property=\"og:description\" content=\"Aproape 200 de expozan\u021bi din sfera imobiliar\u0103 \u0219i din domenii conexe vor participa la Salonul Imobiliar Bucure\u0219ti, un eveniment organizat al\u0103turi de Imobiliare.ro.\" \/>\n<meta property=\"og:url\" content=\"https:\/\/www.imobiliare.ro\/imoexpert\/locuinte-de-la-12-500-euro-la-cel-mai-mare-eveniment-de-real-estate-din-romania-organizat-alaturi-de-imobiliare-ro-cand-incepe-salonul-imobiliar-bucuresti_db\/\" \/>\n<meta property=\"og:site_name\" content=\"Imobiliare.ro\" \/>\n<meta property=\"article:published_time\" content=\"2026-09-03T06:54:16+00:00\" \/>\n<meta property=\"article:modified_time\" content=\"2026-09-03T06:58:42+00:00\" \/>\n<meta property=\"og:image\" content=\"https:\/\/www.imobiliare.ro\/imoexpert\/wp-content\/uploads\/og-cache\/12-02-2025-5-rezumat-brasov-thumb-reels-1-1-2a3897ef-branded.jpg?v=12\" \/>\n\t<meta property=\"og:image:width\" content=\"1200\" \/>\n\t<meta property=\"og:image:height\" content=\"600\" \/>\n\t<meta property=\"og:image:type\" content=\"image\/jpeg\" \/>\n<meta name=\"author\" content=\"Corina V\u00e2rlan\" \/>\n<meta name=\"twitter:card\" content=\"summary_large_image\" \/>\n<meta name=\"twitter:site\" content=\"@wwwImobiliareRo\" \/>\n<meta name=\"twitter:label1\" content=\"Written by\" \/>\n\t<meta name=\"twitter:data1\" content=\"Corina V\u00e2rlan\" \/>\n\t<meta name=\"twitter:label2\" content=\"Est. reading time\" \/>\n\t<meta name=\"twitter:data2\" content=\"3 minute\" \/>\n<script type=\"application\/ld+json\" class=\"yoast-schema-graph\">{\"@context\":\"https:\\\/\\\/schema.org\",\"@graph\":[{\"@type\":\"Article\",\"@id\":\"https:\\\/\\\/www.imobiliare.ro\\\/imoexpert\\\/locuinte-de-la-12-500-euro-la-cel-mai-mare-eveniment-de-real-estate-din-romania-organizat-alaturi-de-imobiliare-ro-cand-incepe-salonul-imobiliar-bucuresti_db\\\/#article\",\"isPartOf\":{\"@id\":\"https:\\\/\\\/www.imobiliare.ro\\\/imoexpert\\\/locuinte-de-la-12-500-euro-la-cel-mai-mare-eveniment-de-real-estate-din-romania-organizat-alaturi-de-imobiliare-ro-cand-incepe-salonul-imobiliar-bucuresti_db\\\/\"},\"author\":{\"name\":\"Corina V\u00e2rlan\",\"@id\":\"https:\\\/\\\/www.imobiliare.ro\\\/imoexpert\\\/#\\\/schema\\\/person\\\/9ffdfbf24b82f39fc75a2fc6c19e4e99\"},\"headline\":\"Locuin\u021be de la 12.500 euro la cel mai mare eveniment de real estate din Rom\u00e2nia, organizat al\u0103turi de Imobiliare.ro. C\u00e2nd \u00eencepe Salonul Imobiliar Bucure\u0219ti?\",\"datePublished\":\"2026-09-03T06:54:16+00:00\",\"dateModified\":\"2026-09-03T06:58:42+00:00\",\"mainEntityOfPage\":{\"@id\":\"https:\\\/\\\/www.imobiliare.ro\\\/imoexpert\\\/locuinte-de-la-12-500-euro-la-cel-mai-mare-eveniment-de-real-estate-din-romania-organizat-alaturi-de-imobiliare-ro-cand-incepe-salonul-imobiliar-bucuresti_db\\\/\"},\"wordCount\":411,\"publisher\":{\"@id\":\"https:\\\/\\\/www.imobiliare.ro\\\/imoexpert\\\/#organization\"},\"image\":{\"@id\":\"https:\\\/\\\/www.imobiliare.ro\\\/imoexpert\\\/locuinte-de-la-12-500-euro-la-cel-mai-mare-eveniment-de-real-estate-din-romania-organizat-alaturi-de-imobiliare-ro-cand-incepe-salonul-imobiliar-bucuresti_db\\\/#primaryimage\"},\"thumbnailUrl\":\"https:\\\/\\\/www.imobiliare.ro\\\/imoexpert\\\/wp-content\\\/uploads\\\/2026\\\/09\\\/salonul-imobiliar-bucuresti-se-organizeaza-alaturi-de-imobiliarero-la-palatul-parlamentului.jpg\",\"articleSection\":[\"\u0218tiri\"],\"inLanguage\":\"en\",\"potentialAction\":[{\"@type\":\"CommentAction\",\"name\":\"Comment\",\"target\":[\"https:\\\/\\\/www.imobiliare.ro\\\/imoexpert\\\/locuinte-de-la-12-500-euro-la-cel-mai-mare-eveniment-de-real-estate-din-romania-organizat-alaturi-de-imobiliare-ro-cand-incepe-salonul-imobiliar-bucuresti_db\\\/#respond\"]}]},{\"@type\":\"WebPage\",\"@id\":\"https:\\\/\\\/www.imobiliare.ro\\\/imoexpert\\\/locuinte-de-la-12-500-euro-la-cel-mai-mare-eveniment-de-real-estate-din-romania-organizat-alaturi-de-imobiliare-ro-cand-incepe-salonul-imobiliar-bucuresti_db\\\/\",\"url\":\"https:\\\/\\\/www.imobiliare.ro\\\/imoexpert\\\/locuinte-de-la-12-500-euro-la-cel-mai-mare-eveniment-de-real-estate-din-romania-organizat-alaturi-de-imobiliare-ro-cand-incepe-salonul-imobiliar-bucuresti_db\\\/\",\"name\":\"Locuin\u021be de la 12.500 euro la cel mai mare eveniment de real estate din Rom\u00e2nia, organizat al\u0103turi de Imobiliare.ro. C\u00e2nd \u00eencepe Salonul Imobiliar Bucure\u0219ti? - \u0218tiri - ImoExpert\",\"isPartOf\":{\"@id\":\"https:\\\/\\\/www.imobiliare.ro\\\/imoexpert\\\/#website\"},\"primaryImageOfPage\":{\"@id\":\"https:\\\/\\\/www.imobiliare.ro\\\/imoexpert\\\/locuinte-de-la-12-500-euro-la-cel-mai-mare-eveniment-de-real-estate-din-romania-organizat-alaturi-de-imobiliare-ro-cand-incepe-salonul-imobiliar-bucuresti_db\\\/#primaryimage\"},\"image\":{\"@id\":\"https:\\\/\\\/www.imobiliare.ro\\\/imoexpert\\\/locuinte-de-la-12-500-euro-la-cel-mai-mare-eveniment-de-real-estate-din-romania-organizat-alaturi-de-imobiliare-ro-cand-incepe-salonul-imobiliar-bucuresti_db\\\/#primaryimage\"},\"thumbnailUrl\":\"https:\\\/\\\/www.imobiliare.ro\\\/imoexpert\\\/wp-content\\\/uploads\\\/2026\\\/09\\\/salonul-imobiliar-bucuresti-se-organizeaza-alaturi-de-imobiliarero-la-palatul-parlamentului.jpg\",\"datePublished\":\"2026-09-03T06:54:16+00:00\",\"dateModified\":\"2026-09-03T06:58:42+00:00\",\"description\":\"Aproape 200 de expozan\u021bi din sfera imobiliar\u0103 \u0219i din domenii conexe vor participa la Salonul Imobiliar Bucure\u0219ti, un eveniment organizat al\u0103turi de Imobiliare.ro.\",\"breadcrumb\":{\"@id\":\"https:\\\/\\\/www.imobiliare.ro\\\/imoexpert\\\/locuinte-de-la-12-500-euro-la-cel-mai-mare-eveniment-de-real-estate-din-romania-organizat-alaturi-de-imobiliare-ro-cand-incepe-salonul-imobiliar-bucuresti_db\\\/#breadcrumb\"},\"inLanguage\":\"en\",\"potentialAction\":[{\"@type\":\"ReadAction\",\"target\":[\"https:\\\/\\\/www.imobiliare.ro\\\/imoexpert\\\/locuinte-de-la-12-500-euro-la-cel-mai-mare-eveniment-de-real-estate-din-romania-organizat-alaturi-de-imobiliare-ro-cand-incepe-salonul-imobiliar-bucuresti_db\\\/\"]}]},{\"@type\":\"ImageObject\",\"inLanguage\":\"en\",\"@id\":\"https:\\\/\\\/www.imobiliare.ro\\\/imoexpert\\\/locuinte-de-la-12-500-euro-la-cel-mai-mare-eveniment-de-real-estate-din-romania-organizat-alaturi-de-imobiliare-ro-cand-incepe-salonul-imobiliar-bucuresti_db\\\/#primaryimage\",\"url\":\"https:\\\/\\\/www.imobiliare.ro\\\/imoexpert\\\/wp-content\\\/uploads\\\/2026\\\/09\\\/salonul-imobiliar-bucuresti-se-organizeaza-alaturi-de-imobiliarero-la-palatul-parlamentului.jpg\",\"contentUrl\":\"https:\\\/\\\/www.imobiliare.ro\\\/imoexpert\\\/wp-content\\\/uploads\\\/2026\\\/09\\\/salonul-imobiliar-bucuresti-se-organizeaza-alaturi-de-imobiliarero-la-palatul-parlamentului.jpg\",\"width\":1200,\"height\":600,\"caption\":\"macheta unui proiect imobiliar\"},{\"@type\":\"BreadcrumbList\",\"@id\":\"https:\\\/\\\/www.imobiliare.ro\\\/imoexpert\\\/locuinte-de-la-12-500-euro-la-cel-mai-mare-eveniment-de-real-estate-din-romania-organizat-alaturi-de-imobiliare-ro-cand-incepe-salonul-imobiliar-bucuresti_db\\\/#breadcrumb\",\"itemListElement\":[{\"@type\":\"ListItem\",\"position\":1,\"name\":\"Imoradar24\",\"item\":\"https:\\\/\\\/www.imoradar24.ro\"},{\"@type\":\"ListItem\",\"position\":2,\"name\":\"ImoExpert\",\"item\":\"https:\\\/\\\/www.imobiliare.ro\\\/imoexpert\\\/\"},{\"@type\":\"ListItem\",\"position\":3,\"name\":\"\u0218tiri\",\"item\":\"https:\\\/\\\/www.imobiliare.ro\\\/imoexpert\\\/stiri\\\/\"},{\"@type\":\"ListItem\",\"position\":4,\"name\":\"Locuin\u021be de la 12.500 euro la cel mai mare eveniment de real estate din Rom\u00e2nia, organizat al\u0103turi de Imobiliare.ro. C\u00e2nd \u00eencepe Salonul Imobiliar Bucure\u0219ti?\"}]},{\"@type\":\"WebSite\",\"@id\":\"https:\\\/\\\/www.imobiliare.ro\\\/imoexpert\\\/#website\",\"url\":\"https:\\\/\\\/www.imobiliare.ro\\\/imoexpert\\\/\",\"name\":\"ImoExpert\",\"description\":\"cele mai importante \u015ftiri din domeniul imobiliar\",\"publisher\":{\"@id\":\"https:\\\/\\\/www.imobiliare.ro\\\/imoexpert\\\/#organization\"},\"inLanguage\":\"en\"},{\"@type\":\"Organization\",\"@id\":\"https:\\\/\\\/www.imobiliare.ro\\\/imoexpert\\\/#organization\",\"name\":\"Imobiliare.ro\",\"alternateName\":\"Realmedia Network SA\",\"url\":\"https:\\\/\\\/www.imobiliare.ro\\\/imoexpert\\\/\",\"logo\":{\"@type\":\"ImageObject\",\"inLanguage\":\"en\",\"@id\":\"https:\\\/\\\/www.imobiliare.ro\\\/imoexpert\\\/#\\\/schema\\\/logo\\\/image\\\/\",\"url\":\"https:\\\/\\\/www.imobiliare.ro\\\/imoexpert\\\/wp-content\\\/uploads\\\/2025\\\/05\\\/imobiliare_logo.png\",\"contentUrl\":\"https:\\\/\\\/www.imobiliare.ro\\\/imoexpert\\\/wp-content\\\/uploads\\\/2025\\\/05\\\/imobiliare_logo.png\",\"width\":237,\"height\":29,\"caption\":\"Imobiliare.ro\"},\"image\":{\"@id\":\"https:\\\/\\\/www.imobiliare.ro\\\/imoexpert\\\/#\\\/schema\\\/logo\\\/image\\\/\"}},{\"@type\":\"Person\",\"@id\":\"https:\\\/\\\/www.imobiliare.ro\\\/imoexpert\\\/#\\\/schema\\\/person\\\/9ffdfbf24b82f39fc75a2fc6c19e4e99\",\"name\":\"Corina V\u00e2rlan\",\"image\":{\"@type\":\"ImageObject\",\"inLanguage\":\"en\",\"@id\":\"https:\\\/\\\/www.imobiliare.ro\\\/imoexpert\\\/wp-content\\\/uploads\\\/2026\\\/02\\\/12-02-2025-5-rezumat-brasov-thumb-reels-1-1-96x96.png\",\"url\":\"https:\\\/\\\/www.imobiliare.ro\\\/imoexpert\\\/wp-content\\\/uploads\\\/2026\\\/02\\\/12-02-2025-5-rezumat-brasov-thumb-reels-1-1-96x96.png\",\"contentUrl\":\"https:\\\/\\\/www.imobiliare.ro\\\/imoexpert\\\/wp-content\\\/uploads\\\/2026\\\/02\\\/12-02-2025-5-rezumat-brasov-thumb-reels-1-1-96x96.png\",\"caption\":\"Corina V\u00e2rlan\"},\"description\":\"Corina V\u00e2rlan is a Content Marketing Manager at Imobiliare.ro\",\"alternateName\":\"Corina\",\"jobTitle\":\"Content Marketing Manager\",\"url\":\"https:\\\/\\\/www.imobiliare.ro\\\/imoexpert\\\/author\\\/corina-varlan\\\/\"}]}<\/script>\n<!-- \/ Yoast SEO plugin. -->","yoast_head_json":{"title":"Locuin\u021be de la 12.500 euro la cel mai mare eveniment de real estate din Rom\u00e2nia, organizat al\u0103turi de Imobiliare.ro. C\u00e2nd \u00eencepe Salonul Imobiliar Bucure\u0219ti? - \u0218tiri - ImoExpert","description":"Aproape 200 de expozan\u021bi din sfera imobiliar\u0103 \u0219i din domenii conexe vor participa la Salonul Imobiliar Bucure\u0219ti, un eveniment organizat al\u0103turi de Imobiliare.ro.","robots":{"index":"index","follow":"follow"},"canonical":"https:\/\/www.imobiliare.ro\/imoexpert\/locuinte-de-la-12-500-euro-la-cel-mai-mare-eveniment-de-real-estate-din-romania-organizat-alaturi-de-imobiliare-ro-cand-incepe-salonul-imobiliar-bucuresti_db\/","og_locale":"ro_RO","og_type":"article","og_title":"Locuin\u021be de la 12.500 euro la cel mai mare eveniment de real estate din Rom\u00e2nia, organizat al\u0103turi de Imobiliare.ro. C\u00e2nd \u00eencepe Salonul Imobiliar Bucure\u0219ti? - \u0218tiri - ImoExpert","og_description":"Aproape 200 de expozan\u021bi din sfera imobiliar\u0103 \u0219i din domenii conexe vor participa la Salonul Imobiliar Bucure\u0219ti, un eveniment organizat al\u0103turi de Imobiliare.ro.","og_url":"https:\/\/www.imobiliare.ro\/imoexpert\/locuinte-de-la-12-500-euro-la-cel-mai-mare-eveniment-de-real-estate-din-romania-organizat-alaturi-de-imobiliare-ro-cand-incepe-salonul-imobiliar-bucuresti_db\/","og_site_name":"Imobiliare.ro","article_published_time":"2026-09-03T06:54:16+00:00","article_modified_time":"2026-09-03T06:58:42+00:00","og_image":[{"width":1200,"height":600,"url":"https:\/\/www.imobiliare.ro\/imoexpert\/wp-content\/uploads\/og-cache\/12-02-2025-5-rezumat-brasov-thumb-reels-1-1-2a3897ef-branded.jpg?v=12","type":"image\/jpeg"}],"author":"Corina V\u00e2rlan","twitter_card":"summary_large_image","twitter_site":"@wwwImobiliareRo","twitter_misc":{"Written by":"Corina V\u00e2rlan","Est. reading time":"3 minute"},"schema":{"@context":"https:\/\/schema.org","@graph":[{"@type":"Article","@id":"https:\/\/www.imobiliare.ro\/imoexpert\/locuinte-de-la-12-500-euro-la-cel-mai-mare-eveniment-de-real-estate-din-romania-organizat-alaturi-de-imobiliare-ro-cand-incepe-salonul-imobiliar-bucuresti_db\/#article","isPartOf":{"@id":"https:\/\/www.imobiliare.ro\/imoexpert\/locuinte-de-la-12-500-euro-la-cel-mai-mare-eveniment-de-real-estate-din-romania-organizat-alaturi-de-imobiliare-ro-cand-incepe-salonul-imobiliar-bucuresti_db\/"},"author":{"name":"Corina V\u00e2rlan","@id":"https:\/\/www.imobiliare.ro\/imoexpert\/#\/schema\/person\/9ffdfbf24b82f39fc75a2fc6c19e4e99"},"headline":"Locuin\u021be de la 12.500 euro la cel mai mare eveniment de real estate din Rom\u00e2nia, organizat al\u0103turi de Imobiliare.ro. C\u00e2nd \u00eencepe Salonul Imobiliar Bucure\u0219ti?","datePublished":"2026-09-03T06:54:16+00:00","dateModified":"2026-09-03T06:58:42+00:00","mainEntityOfPage":{"@id":"https:\/\/www.imobiliare.ro\/imoexpert\/locuinte-de-la-12-500-euro-la-cel-mai-mare-eveniment-de-real-estate-din-romania-organizat-alaturi-de-imobiliare-ro-cand-incepe-salonul-imobiliar-bucuresti_db\/"},"wordCount":411,"publisher":{"@id":"https:\/\/www.imobiliare.ro\/imoexpert\/#organization"},"image":{"@id":"https:\/\/www.imobiliare.ro\/imoexpert\/locuinte-de-la-12-500-euro-la-cel-mai-mare-eveniment-de-real-estate-din-romania-organizat-alaturi-de-imobiliare-ro-cand-incepe-salonul-imobiliar-bucuresti_db\/#primaryimage"},"thumbnailUrl":"https:\/\/www.imobiliare.ro\/imoexpert\/wp-content\/uploads\/2026\/09\/salonul-imobiliar-bucuresti-se-organizeaza-alaturi-de-imobiliarero-la-palatul-parlamentului.jpg","articleSection":["\u0218tiri"],"inLanguage":"en","potentialAction":[{"@type":"CommentAction","name":"Comment","target":["https:\/\/www.imobiliare.ro\/imoexpert\/locuinte-de-la-12-500-euro-la-cel-mai-mare-eveniment-de-real-estate-din-romania-organizat-alaturi-de-imobiliare-ro-cand-incepe-salonul-imobiliar-bucuresti_db\/#respond"]}]},{"@type":"WebPage","@id":"https:\/\/www.imobiliare.ro\/imoexpert\/locuinte-de-la-12-500-euro-la-cel-mai-mare-eveniment-de-real-estate-din-romania-organizat-alaturi-de-imobiliare-ro-cand-incepe-salonul-imobiliar-bucuresti_db\/","url":"https:\/\/www.imobiliare.ro\/imoexpert\/locuinte-de-la-12-500-euro-la-cel-mai-mare-eveniment-de-real-estate-din-romania-organizat-alaturi-de-imobiliare-ro-cand-incepe-salonul-imobiliar-bucuresti_db\/","name":"Locuin\u021be de la 12.500 euro la cel mai mare eveniment de real estate din Rom\u00e2nia, organizat al\u0103turi de Imobiliare.ro. C\u00e2nd \u00eencepe Salonul Imobiliar Bucure\u0219ti? - \u0218tiri - ImoExpert","isPartOf":{"@id":"https:\/\/www.imobiliare.ro\/imoexpert\/#website"},"primaryImageOfPage":{"@id":"https:\/\/www.imobiliare.ro\/imoexpert\/locuinte-de-la-12-500-euro-la-cel-mai-mare-eveniment-de-real-estate-din-romania-organizat-alaturi-de-imobiliare-ro-cand-incepe-salonul-imobiliar-bucuresti_db\/#primaryimage"},"image":{"@id":"https:\/\/www.imobiliare.ro\/imoexpert\/locuinte-de-la-12-500-euro-la-cel-mai-mare-eveniment-de-real-estate-din-romania-organizat-alaturi-de-imobiliare-ro-cand-incepe-salonul-imobiliar-bucuresti_db\/#primaryimage"},"thumbnailUrl":"https:\/\/www.imobiliare.ro\/imoexpert\/wp-content\/uploads\/2026\/09\/salonul-imobiliar-bucuresti-se-organizeaza-alaturi-de-imobiliarero-la-palatul-parlamentului.jpg","datePublished":"2026-09-03T06:54:16+00:00","dateModified":"2026-09-03T06:58:42+00:00","description":"Aproape 200 de expozan\u021bi din sfera imobiliar\u0103 \u0219i din domenii conexe vor participa la Salonul Imobiliar Bucure\u0219ti, un eveniment organizat al\u0103turi de Imobiliare.ro.","breadcrumb":{"@id":"https:\/\/www.imobiliare.ro\/imoexpert\/locuinte-de-la-12-500-euro-la-cel-mai-mare-eveniment-de-real-estate-din-romania-organizat-alaturi-de-imobiliare-ro-cand-incepe-salonul-imobiliar-bucuresti_db\/#breadcrumb"},"inLanguage":"en","potentialAction":[{"@type":"ReadAction","target":["https:\/\/www.imobiliare.ro\/imoexpert\/locuinte-de-la-12-500-euro-la-cel-mai-mare-eveniment-de-real-estate-din-romania-organizat-alaturi-de-imobiliare-ro-cand-incepe-salonul-imobiliar-bucuresti_db\/"]}]},{"@type":"ImageObject","inLanguage":"en","@id":"https:\/\/www.imobiliare.ro\/imoexpert\/locuinte-de-la-12-500-euro-la-cel-mai-mare-eveniment-de-real-estate-din-romania-organizat-alaturi-de-imobiliare-ro-cand-incepe-salonul-imobiliar-bucuresti_db\/#primaryimage","url":"https:\/\/www.imobiliare.ro\/imoexpert\/wp-content\/uploads\/2026\/09\/salonul-imobiliar-bucuresti-se-organizeaza-alaturi-de-imobiliarero-la-palatul-parlamentului.jpg","contentUrl":"https:\/\/www.imobiliare.ro\/imoexpert\/wp-content\/uploads\/2026\/09\/salonul-imobiliar-bucuresti-se-organizeaza-alaturi-de-imobiliarero-la-palatul-parlamentului.jpg","width":1200,"height":600,"caption":"macheta unui proiect imobiliar"},{"@type":"BreadcrumbList","@id":"https:\/\/www.imobiliare.ro\/imoexpert\/locuinte-de-la-12-500-euro-la-cel-mai-mare-eveniment-de-real-estate-din-romania-organizat-alaturi-de-imobiliare-ro-cand-incepe-salonul-imobiliar-bucuresti_db\/#breadcrumb","itemListElement":[{"@type":"ListItem","position":1,"name":"Imoradar24","item":"https:\/\/www.imoradar24.ro"},{"@type":"ListItem","position":2,"name":"ImoExpert","item":"https:\/\/www.imobiliare.ro\/imoexpert\/"},{"@type":"ListItem","position":3,"name":"\u0218tiri","item":"https:\/\/www.imobiliare.ro\/imoexpert\/stiri\/"},{"@type":"ListItem","position":4,"name":"Locuin\u021be de la 12.500 euro la cel mai mare eveniment de real estate din Rom\u00e2nia, organizat al\u0103turi de Imobiliare.ro. C\u00e2nd \u00eencepe Salonul Imobiliar Bucure\u0219ti?"}]},{"@type":"WebSite","@id":"https:\/\/www.imobiliare.ro\/imoexpert\/#website","url":"https:\/\/www.imobiliare.ro\/imoexpert\/","name":"ImoExpert","description":"cele mai importante \u015ftiri din domeniul imobiliar","publisher":{"@id":"https:\/\/www.imobiliare.ro\/imoexpert\/#organization"},"inLanguage":"en"},{"@type":"Organization","@id":"https:\/\/www.imobiliare.ro\/imoexpert\/#organization","name":"Imobiliare.ro","alternateName":"Realmedia Network SA","url":"https:\/\/www.imobiliare.ro\/imoexpert\/","logo":{"@type":"ImageObject","inLanguage":"en","@id":"https:\/\/www.imobiliare.ro\/imoexpert\/#\/schema\/logo\/image\/","url":"https:\/\/www.imobiliare.ro\/imoexpert\/wp-content\/uploads\/2025\/05\/imobiliare_logo.png","contentUrl":"https:\/\/www.imobiliare.ro\/imoexpert\/wp-content\/uploads\/2025\/05\/imobiliare_logo.png","width":237,"height":29,"caption":"Imobiliare.ro"},"image":{"@id":"https:\/\/www.imobiliare.ro\/imoexpert\/#\/schema\/logo\/image\/"}},{"@type":"Person","@id":"https:\/\/www.imobiliare.ro\/imoexpert\/#\/schema\/person\/9ffdfbf24b82f39fc75a2fc6c19e4e99","name":"Corina V\u00e2rlan","image":{"@type":"ImageObject","inLanguage":"en","@id":"https:\/\/www.imobiliare.ro\/imoexpert\/wp-content\/uploads\/2026\/02\/12-02-2025-5-rezumat-brasov-thumb-reels-1-1-96x96.png","url":"https:\/\/www.imobiliare.ro\/imoexpert\/wp-content\/uploads\/2026\/02\/12-02-2025-5-rezumat-brasov-thumb-reels-1-1-96x96.png","contentUrl":"https:\/\/www.imobiliare.ro\/imoexpert\/wp-content\/uploads\/2026\/02\/12-02-2025-5-rezumat-brasov-thumb-reels-1-1-96x96.png","caption":"Corina V\u00e2rlan"},"description":"Corina V\u00e2rlan is a Content Marketing Manager at Imobiliare.ro","alternateName":"Corina","jobTitle":"Content Marketing Manager","url":"https:\/\/www.imobiliare.ro\/imoexpert\/author\/corina-varlan\/"}]}},"_links":{"self":[{"href":"https:\/\/www.imobiliare.ro\/imoexpert\/wp-json\/wp\/v2\/posts\/80844","targetHints":{"allow":["GET"]}}],"collection":[{"href":"https:\/\/www.imobiliare.ro\/imoexpert\/wp-json\/wp\/v2\/posts"}],"about":[{"href":"https:\/\/www.imobiliare.ro\/imoexpert\/wp-json\/wp\/v2\/types\/post"}],"author":[{"embeddable":true,"href":"https:\/\/www.imobiliare.ro\/imoexpert\/wp-json\/wp\/v2\/users\/5891"}],"replies":[{"embeddable":true,"href":"https:\/\/www.imobiliare.ro\/imoexpert\/wp-json\/wp\/v2\/comments?post=80844"}],"version-history":[{"count":6,"href":"https:\/\/www.imobiliare.ro\/imoexpert\/wp-json\/wp\/v2\/posts\/80844\/revisions"}],"predecessor-version":[{"id":80854,"href":"https:\/\/www.imobiliare.ro\/imoexpert\/wp-json\/wp\/v2\/posts\/80844\/revisions\/80854"}],"wp:featuredmedia":[{"embeddable":true,"href":"https:\/\/www.imobiliare.ro\/imoexpert\/wp-json\/wp\/v2\/media\/80847"}],"wp:attachment":[{"href":"https:\/\/www.imobiliare.ro\/imoexpert\/wp-json\/wp\/v2\/media?parent=80844"}],"wp:term":[{"taxonomy":"category","embeddable":true,"href":"https:\/\/www.imobiliare.ro\/imoexpert\/wp-json\/wp\/v2\/categories?post=80844"},{"taxonomy":"post_tag","embeddable":true,"href":"https:\/\/www.imobiliare.ro\/imoexpert\/wp-json\/wp\/v2\/tags?post=80844"},{"taxonomy":"content_author","embeddable":true,"href":"https:\/\/www.imobiliare.ro\/imoexpert\/wp-json\/wp\/v2\/content_author?post=80844"}],"curies":[{"name":"wp","href":"https:\/\/api.w.org\/{rel}","templated":true}]}}