{"id":80884,"date":"2026-09-04T16:24:09","date_gmt":"2026-09-04T13:24:09","guid":{"rendered":"https:\/\/www.imobiliare.ro\/imoexpert\/?p=80884"},"modified":"2026-09-04T16:24:13","modified_gmt":"2026-09-04T13:24:13","slug":"cat-de-accesibile-sunt-in-realitate-locuintele-din-europa","status":"publish","type":"post","link":"https:\/\/www.imobiliare.ro\/imoexpert\/cat-de-accesibile-sunt-in-realitate-locuintele-din-europa_db\/","title":{"rendered":"C\u00e2t de accesibile sunt \u00een realitate locuin\u021bele din Europa?"},"content":{"rendered":"\n<figure class=\"wp-block-image size-full\"><img loading=\"lazy\" decoding=\"async\" width=\"1200\" height=\"600\" src=\"https:\/\/www.imobiliare.ro\/imoexpert\/wp-content\/uploads\/2026\/09\/chirii-in-europa.jpg\" alt=\"chei locuinta si bancnote euro\" class=\"wp-image-80887\" srcset=\"https:\/\/www.imobiliare.ro\/imoexpert\/wp-content\/uploads\/2026\/09\/chirii-in-europa.jpg 1200w, https:\/\/www.imobiliare.ro\/imoexpert\/wp-content\/uploads\/2026\/09\/chirii-in-europa-770x385.jpg 770w, https:\/\/www.imobiliare.ro\/imoexpert\/wp-content\/uploads\/2026\/09\/chirii-in-europa-390x195.jpg 390w\" sizes=\"auto, (max-width: 1200px) 100vw, 1200px\" \/><\/figure>\n\n\n\n<p class=\"wp-block-paragraph\"><strong>Aproape 39% dintre europeni locuiesc \u00een regiuni \u00een care venitul mediu nu este suficient pentru \u00eenchirierea unei locuin\u021be de aproximativ 50 de metri p\u0103tra\u021bi, dac\u0103 pentru costurile locuirii este alocat\u0103 cel mult o treime din venit, arat\u0103 un studiu realizat de cercet\u0103tori de la Universitatea Tehnic\u0103 din Viena. C\u00e2t prive\u0219te achizi\u021bia unei locuin\u021be, aproape jum\u0103tate dintre cei cu un venit mediu \u00ee\u0219i permit s\u0103 cumpere doar un apartament cu un dormitor sau o garsonier\u0103.<\/strong><\/p>\n\n\n\n<p class=\"wp-block-paragraph\"><a class=\"article-body-links\"href=\"https:\/\/www.espon.eu\/sites\/default\/files\/2025-11\/espon-house4all-main-report.pdf\">Analiza<\/a>, ce folose\u0219te date colectate \u00een cadrul proiectului european ESPON HOUSE4ALL, arat\u0103 diferen\u021be mari \u00eentre regiuni: pentru o garsonier\u0103 de 25 mp, chiria reprezint\u0103 de regul\u0103 mai pu\u021bin de o treime din venitul mediu \u00een Scandinavia, statele baltice \u0219i \u00een mare parte din Fran\u021ba, Germania \u0219i Italia.&nbsp;<\/p>\n\n\n\n<figure class=\"wp-block-image size-full\"><img loading=\"lazy\" decoding=\"async\" width=\"1097\" height=\"721\" src=\"https:\/\/www.imobiliare.ro\/imoexpert\/wp-content\/uploads\/2026\/09\/cat-de-accesibila-este-inchirierea-unei-locuinte-in-statele-europene.png\" alt=\"\" class=\"wp-image-80885\" srcset=\"https:\/\/www.imobiliare.ro\/imoexpert\/wp-content\/uploads\/2026\/09\/cat-de-accesibila-este-inchirierea-unei-locuinte-in-statele-europene.png 1097w, https:\/\/www.imobiliare.ro\/imoexpert\/wp-content\/uploads\/2026\/09\/cat-de-accesibila-este-inchirierea-unei-locuinte-in-statele-europene-770x506.png 770w, https:\/\/www.imobiliare.ro\/imoexpert\/wp-content\/uploads\/2026\/09\/cat-de-accesibila-este-inchirierea-unei-locuinte-in-statele-europene-390x256.png 390w\" sizes=\"auto, (max-width: 1097px) 100vw, 1097px\" \/><\/figure>\n\n\n\n<p class=\"wp-block-paragraph\">Diferen\u021bele de accesibilitate devin chiar mai accentuate \u00een cazul achizi\u021biei \u0219i cresc odat\u0103 cu suprafa\u021ba locuin\u021bei. Pentru un apartament de 45 mp, raportul arat\u0103 c\u0103 45% din popula\u021bia analizat\u0103 locuie\u0219te \u00een zone \u00een care achizi\u021bia ar necesita peste 30 de ani de rambursare a unui credit ipotecar. Studiul arat\u0103 \u0219i c\u0103 locuin\u021bele tind s\u0103 fie mai pu\u021bin accesibile \u00een regiunile de coast\u0103 \u0219i \u00een zonele montane cu activitate turistic\u0103 ridicat\u0103.<\/p>\n\n\n\n<figure class=\"wp-block-image size-full\"><img loading=\"lazy\" decoding=\"async\" width=\"495\" height=\"461\" src=\"https:\/\/www.imobiliare.ro\/imoexpert\/wp-content\/uploads\/2026\/09\/in-cat-timp-platesti-creditul-ipotecar.png\" alt=\"\" class=\"wp-image-80886\" srcset=\"https:\/\/www.imobiliare.ro\/imoexpert\/wp-content\/uploads\/2026\/09\/in-cat-timp-platesti-creditul-ipotecar.png 495w, https:\/\/www.imobiliare.ro\/imoexpert\/wp-content\/uploads\/2026\/09\/in-cat-timp-platesti-creditul-ipotecar-390x363.png 390w\" sizes=\"auto, (max-width: 495px) 100vw, 495px\" \/><\/figure>\n\n\n\n<p class=\"wp-block-paragraph\">Studiul publicat \u00een <a class=\"article-body-links\"href=\"https:\/\/www.tandfonline.com\/doi\/10.1080\/17445647.2026.2695777#d1e352\">Journal of Maps<\/a> a luat \u00een calcul aproximativ 22 de milioane de anun\u021buri de v\u00e2nzare \u0219i \u00eenchiriere din 30 de \u021b\u0103ri europene. Cercet\u0103torii au raportat pre\u021burile la veniturile medii din fiecare regiune. Conform metodologiei, o familie sau o persona\u0103 nu ar trebui s\u0103 cheltuiasc\u0103 mai mult de o treime din venit pentru locuin\u021b\u0103.&nbsp;<\/p>\n","protected":false},"excerpt":{"rendered":"<p>Aproape 39% dintre europeni locuiesc \u00een regiuni \u00een care venitul mediu nu este suficient pentru \u00eenchirierea unei locuin\u021be de aproximativ 50 de metri p\u0103tra\u021bi.<\/p>\n","protected":false},"author":821,"featured_media":80887,"comment_status":"open","ping_status":"open","sticky":false,"template":"","format":"standard","meta":{"footnotes":""},"categories":[259],"tags":[534],"content_author":[],"class_list":["post-80884","post","type-post","status-publish","format-standard","has-post-thumbnail","category-stiri","tag-europa"],"yoast_head":"<!-- This site is optimized with the Yoast SEO plugin v28.4 - https:\/\/yoast.com\/product\/yoast-seo-wordpress\/ -->\n<title>C\u00e2t de accesibile sunt \u00een realitate locuin\u021bele din Europa? - \u0218tiri - ImoExpert<\/title>\n<meta name=\"description\" content=\"Aproape 39% dintre europeni locuiesc \u00een regiuni \u00een care venitul mediu nu este suficient pentru \u00eenchirierea unei locuin\u021be de aproximativ 50 de metri p\u0103tra\u021bi.\" \/>\n<meta name=\"robots\" content=\"index, follow\" \/>\n<link rel=\"canonical\" href=\"https:\/\/www.imobiliare.ro\/imoexpert\/cat-de-accesibile-sunt-in-realitate-locuintele-din-europa_db\/\" \/>\n<meta property=\"og:locale\" content=\"ro_RO\" \/>\n<meta property=\"og:type\" content=\"article\" \/>\n<meta property=\"og:title\" content=\"C\u00e2t de accesibile sunt \u00een realitate locuin\u021bele din Europa? - \u0218tiri - ImoExpert\" \/>\n<meta property=\"og:description\" content=\"Aproape 39% dintre europeni locuiesc \u00een regiuni \u00een care venitul mediu nu este suficient pentru \u00eenchirierea unei locuin\u021be de aproximativ 50 de metri p\u0103tra\u021bi.\" \/>\n<meta property=\"og:url\" content=\"https:\/\/www.imobiliare.ro\/imoexpert\/cat-de-accesibile-sunt-in-realitate-locuintele-din-europa_db\/\" \/>\n<meta property=\"og:site_name\" content=\"Imobiliare.ro\" \/>\n<meta property=\"article:published_time\" content=\"2026-09-04T13:24:09+00:00\" \/>\n<meta property=\"article:modified_time\" content=\"2026-09-04T13:24:13+00:00\" \/>\n<meta property=\"og:image\" content=\"https:\/\/www.imobiliare.ro\/imoexpert\/wp-content\/uploads\/og-cache\/12-02-2025-5-rezumat-brasov-thumb-reels-1-1-2a3897ef-branded.jpg?v=12\" \/>\n\t<meta property=\"og:image:width\" content=\"1200\" \/>\n\t<meta property=\"og:image:height\" content=\"600\" \/>\n\t<meta property=\"og:image:type\" content=\"image\/jpeg\" \/>\n<meta name=\"author\" content=\"Imo Expert\" \/>\n<meta name=\"twitter:card\" content=\"summary_large_image\" \/>\n<meta name=\"twitter:site\" content=\"@wwwImobiliareRo\" \/>\n<meta name=\"twitter:label1\" content=\"Written by\" \/>\n\t<meta name=\"twitter:data1\" content=\"Imo Expert\" \/>\n\t<meta name=\"twitter:label2\" content=\"Est. reading time\" \/>\n\t<meta name=\"twitter:data2\" content=\"3 minute\" \/>\n<script type=\"application\/ld+json\" class=\"yoast-schema-graph\">{\"@context\":\"https:\\\/\\\/schema.org\",\"@graph\":[{\"@type\":\"Article\",\"@id\":\"https:\\\/\\\/www.imobiliare.ro\\\/imoexpert\\\/cat-de-accesibile-sunt-in-realitate-locuintele-din-europa_db\\\/#article\",\"isPartOf\":{\"@id\":\"https:\\\/\\\/www.imobiliare.ro\\\/imoexpert\\\/cat-de-accesibile-sunt-in-realitate-locuintele-din-europa_db\\\/\"},\"author\":{\"name\":\"Imo Expert\",\"@id\":\"https:\\\/\\\/www.imobiliare.ro\\\/imoexpert\\\/#\\\/schema\\\/person\\\/24d0abafdca42af79d5ca29e19bc0062\"},\"headline\":\"C\u00e2t de accesibile sunt \u00een realitate locuin\u021bele din Europa?\",\"datePublished\":\"2026-09-04T13:24:09+00:00\",\"dateModified\":\"2026-09-04T13:24:13+00:00\",\"mainEntityOfPage\":{\"@id\":\"https:\\\/\\\/www.imobiliare.ro\\\/imoexpert\\\/cat-de-accesibile-sunt-in-realitate-locuintele-din-europa_db\\\/\"},\"wordCount\":279,\"publisher\":{\"@id\":\"https:\\\/\\\/www.imobiliare.ro\\\/imoexpert\\\/#organization\"},\"image\":{\"@id\":\"https:\\\/\\\/www.imobiliare.ro\\\/imoexpert\\\/cat-de-accesibile-sunt-in-realitate-locuintele-din-europa_db\\\/#primaryimage\"},\"thumbnailUrl\":\"https:\\\/\\\/www.imobiliare.ro\\\/imoexpert\\\/wp-content\\\/uploads\\\/2026\\\/09\\\/chirii-in-europa.jpg\",\"articleSection\":[\"\u0218tiri\"],\"inLanguage\":\"en\",\"potentialAction\":[{\"@type\":\"CommentAction\",\"name\":\"Comment\",\"target\":[\"https:\\\/\\\/www.imobiliare.ro\\\/imoexpert\\\/cat-de-accesibile-sunt-in-realitate-locuintele-din-europa_db\\\/#respond\"]}]},{\"@type\":\"WebPage\",\"@id\":\"https:\\\/\\\/www.imobiliare.ro\\\/imoexpert\\\/cat-de-accesibile-sunt-in-realitate-locuintele-din-europa_db\\\/\",\"url\":\"https:\\\/\\\/www.imobiliare.ro\\\/imoexpert\\\/cat-de-accesibile-sunt-in-realitate-locuintele-din-europa_db\\\/\",\"name\":\"C\u00e2t de accesibile sunt \u00een realitate locuin\u021bele din Europa? - \u0218tiri - ImoExpert\",\"isPartOf\":{\"@id\":\"https:\\\/\\\/www.imobiliare.ro\\\/imoexpert\\\/#website\"},\"primaryImageOfPage\":{\"@id\":\"https:\\\/\\\/www.imobiliare.ro\\\/imoexpert\\\/cat-de-accesibile-sunt-in-realitate-locuintele-din-europa_db\\\/#primaryimage\"},\"image\":{\"@id\":\"https:\\\/\\\/www.imobiliare.ro\\\/imoexpert\\\/cat-de-accesibile-sunt-in-realitate-locuintele-din-europa_db\\\/#primaryimage\"},\"thumbnailUrl\":\"https:\\\/\\\/www.imobiliare.ro\\\/imoexpert\\\/wp-content\\\/uploads\\\/2026\\\/09\\\/chirii-in-europa.jpg\",\"datePublished\":\"2026-09-04T13:24:09+00:00\",\"dateModified\":\"2026-09-04T13:24:13+00:00\",\"description\":\"Aproape 39% dintre europeni locuiesc \u00een regiuni \u00een care venitul mediu nu este suficient pentru \u00eenchirierea unei locuin\u021be de aproximativ 50 de metri p\u0103tra\u021bi.\",\"breadcrumb\":{\"@id\":\"https:\\\/\\\/www.imobiliare.ro\\\/imoexpert\\\/cat-de-accesibile-sunt-in-realitate-locuintele-din-europa_db\\\/#breadcrumb\"},\"inLanguage\":\"en\",\"potentialAction\":[{\"@type\":\"ReadAction\",\"target\":[\"https:\\\/\\\/www.imobiliare.ro\\\/imoexpert\\\/cat-de-accesibile-sunt-in-realitate-locuintele-din-europa_db\\\/\"]}]},{\"@type\":\"ImageObject\",\"inLanguage\":\"en\",\"@id\":\"https:\\\/\\\/www.imobiliare.ro\\\/imoexpert\\\/cat-de-accesibile-sunt-in-realitate-locuintele-din-europa_db\\\/#primaryimage\",\"url\":\"https:\\\/\\\/www.imobiliare.ro\\\/imoexpert\\\/wp-content\\\/uploads\\\/2026\\\/09\\\/chirii-in-europa.jpg\",\"contentUrl\":\"https:\\\/\\\/www.imobiliare.ro\\\/imoexpert\\\/wp-content\\\/uploads\\\/2026\\\/09\\\/chirii-in-europa.jpg\",\"width\":1200,\"height\":600,\"caption\":\"chei locuinta si bancnote euro\"},{\"@type\":\"BreadcrumbList\",\"@id\":\"https:\\\/\\\/www.imobiliare.ro\\\/imoexpert\\\/cat-de-accesibile-sunt-in-realitate-locuintele-din-europa_db\\\/#breadcrumb\",\"itemListElement\":[{\"@type\":\"ListItem\",\"position\":1,\"name\":\"Imoradar24\",\"item\":\"https:\\\/\\\/www.imoradar24.ro\"},{\"@type\":\"ListItem\",\"position\":2,\"name\":\"ImoExpert\",\"item\":\"https:\\\/\\\/www.imobiliare.ro\\\/imoexpert\\\/\"},{\"@type\":\"ListItem\",\"position\":3,\"name\":\"\u0218tiri\",\"item\":\"https:\\\/\\\/www.imobiliare.ro\\\/imoexpert\\\/stiri\\\/\"},{\"@type\":\"ListItem\",\"position\":4,\"name\":\"C\u00e2t de accesibile sunt \u00een realitate locuin\u021bele din Europa?\"}]},{\"@type\":\"WebSite\",\"@id\":\"https:\\\/\\\/www.imobiliare.ro\\\/imoexpert\\\/#website\",\"url\":\"https:\\\/\\\/www.imobiliare.ro\\\/imoexpert\\\/\",\"name\":\"ImoExpert\",\"description\":\"cele mai importante \u015ftiri din domeniul imobiliar\",\"publisher\":{\"@id\":\"https:\\\/\\\/www.imobiliare.ro\\\/imoexpert\\\/#organization\"},\"inLanguage\":\"en\"},{\"@type\":\"Organization\",\"@id\":\"https:\\\/\\\/www.imobiliare.ro\\\/imoexpert\\\/#organization\",\"name\":\"Imobiliare.ro\",\"alternateName\":\"Realmedia Network SA\",\"url\":\"https:\\\/\\\/www.imobiliare.ro\\\/imoexpert\\\/\",\"logo\":{\"@type\":\"ImageObject\",\"inLanguage\":\"en\",\"@id\":\"https:\\\/\\\/www.imobiliare.ro\\\/imoexpert\\\/#\\\/schema\\\/logo\\\/image\\\/\",\"url\":\"https:\\\/\\\/www.imobiliare.ro\\\/imoexpert\\\/wp-content\\\/uploads\\\/2025\\\/05\\\/imobiliare_logo.png\",\"contentUrl\":\"https:\\\/\\\/www.imobiliare.ro\\\/imoexpert\\\/wp-content\\\/uploads\\\/2025\\\/05\\\/imobiliare_logo.png\",\"width\":237,\"height\":29,\"caption\":\"Imobiliare.ro\"},\"image\":{\"@id\":\"https:\\\/\\\/www.imobiliare.ro\\\/imoexpert\\\/#\\\/schema\\\/logo\\\/image\\\/\"}},{\"@type\":\"Person\",\"@id\":\"https:\\\/\\\/www.imobiliare.ro\\\/imoexpert\\\/#\\\/schema\\\/person\\\/24d0abafdca42af79d5ca29e19bc0062\",\"name\":\"Imo Expert\",\"image\":{\"@type\":\"ImageObject\",\"inLanguage\":\"en\",\"@id\":\"https:\\\/\\\/www.imobiliare.ro\\\/imoexpert\\\/wp-content\\\/uploads\\\/2023\\\/11\\\/cropped-logo-96x96.jpg\",\"url\":\"https:\\\/\\\/www.imobiliare.ro\\\/imoexpert\\\/wp-content\\\/uploads\\\/2023\\\/11\\\/cropped-logo-96x96.jpg\",\"contentUrl\":\"https:\\\/\\\/www.imobiliare.ro\\\/imoexpert\\\/wp-content\\\/uploads\\\/2023\\\/11\\\/cropped-logo-96x96.jpg\",\"caption\":\"Imo Expert\"},\"description\":\"Imo Expert is an Echipa editorial\u0103 at Imobiliare.ro\",\"sameAs\":[\"https:\\\/\\\/www.imobiliare.ro\"],\"alternateName\":\"ImoExpert\",\"jobTitle\":\"Echipa editorial\u0103\",\"url\":\"https:\\\/\\\/www.imobiliare.ro\\\/imoexpert\\\/author\\\/imo-expert\\\/\"}]}<\/script>\n<!-- \/ Yoast SEO plugin. -->","yoast_head_json":{"title":"C\u00e2t de accesibile sunt \u00een realitate locuin\u021bele din Europa? - \u0218tiri - ImoExpert","description":"Aproape 39% dintre europeni locuiesc \u00een regiuni \u00een care venitul mediu nu este suficient pentru \u00eenchirierea unei locuin\u021be de aproximativ 50 de metri p\u0103tra\u021bi.","robots":{"index":"index","follow":"follow"},"canonical":"https:\/\/www.imobiliare.ro\/imoexpert\/cat-de-accesibile-sunt-in-realitate-locuintele-din-europa_db\/","og_locale":"ro_RO","og_type":"article","og_title":"C\u00e2t de accesibile sunt \u00een realitate locuin\u021bele din Europa? - \u0218tiri - ImoExpert","og_description":"Aproape 39% dintre europeni locuiesc \u00een regiuni \u00een care venitul mediu nu este suficient pentru \u00eenchirierea unei locuin\u021be de aproximativ 50 de metri p\u0103tra\u021bi.","og_url":"https:\/\/www.imobiliare.ro\/imoexpert\/cat-de-accesibile-sunt-in-realitate-locuintele-din-europa_db\/","og_site_name":"Imobiliare.ro","article_published_time":"2026-09-04T13:24:09+00:00","article_modified_time":"2026-09-04T13:24:13+00:00","og_image":[{"width":1200,"height":600,"url":"https:\/\/www.imobiliare.ro\/imoexpert\/wp-content\/uploads\/og-cache\/12-02-2025-5-rezumat-brasov-thumb-reels-1-1-2a3897ef-branded.jpg?v=12","type":"image\/jpeg"}],"author":"Imo Expert","twitter_card":"summary_large_image","twitter_site":"@wwwImobiliareRo","twitter_misc":{"Written by":"Imo Expert","Est. reading time":"3 minute"},"schema":{"@context":"https:\/\/schema.org","@graph":[{"@type":"Article","@id":"https:\/\/www.imobiliare.ro\/imoexpert\/cat-de-accesibile-sunt-in-realitate-locuintele-din-europa_db\/#article","isPartOf":{"@id":"https:\/\/www.imobiliare.ro\/imoexpert\/cat-de-accesibile-sunt-in-realitate-locuintele-din-europa_db\/"},"author":{"name":"Imo Expert","@id":"https:\/\/www.imobiliare.ro\/imoexpert\/#\/schema\/person\/24d0abafdca42af79d5ca29e19bc0062"},"headline":"C\u00e2t de accesibile sunt \u00een realitate locuin\u021bele din Europa?","datePublished":"2026-09-04T13:24:09+00:00","dateModified":"2026-09-04T13:24:13+00:00","mainEntityOfPage":{"@id":"https:\/\/www.imobiliare.ro\/imoexpert\/cat-de-accesibile-sunt-in-realitate-locuintele-din-europa_db\/"},"wordCount":279,"publisher":{"@id":"https:\/\/www.imobiliare.ro\/imoexpert\/#organization"},"image":{"@id":"https:\/\/www.imobiliare.ro\/imoexpert\/cat-de-accesibile-sunt-in-realitate-locuintele-din-europa_db\/#primaryimage"},"thumbnailUrl":"https:\/\/www.imobiliare.ro\/imoexpert\/wp-content\/uploads\/2026\/09\/chirii-in-europa.jpg","articleSection":["\u0218tiri"],"inLanguage":"en","potentialAction":[{"@type":"CommentAction","name":"Comment","target":["https:\/\/www.imobiliare.ro\/imoexpert\/cat-de-accesibile-sunt-in-realitate-locuintele-din-europa_db\/#respond"]}]},{"@type":"WebPage","@id":"https:\/\/www.imobiliare.ro\/imoexpert\/cat-de-accesibile-sunt-in-realitate-locuintele-din-europa_db\/","url":"https:\/\/www.imobiliare.ro\/imoexpert\/cat-de-accesibile-sunt-in-realitate-locuintele-din-europa_db\/","name":"C\u00e2t de accesibile sunt \u00een realitate locuin\u021bele din Europa? - \u0218tiri - ImoExpert","isPartOf":{"@id":"https:\/\/www.imobiliare.ro\/imoexpert\/#website"},"primaryImageOfPage":{"@id":"https:\/\/www.imobiliare.ro\/imoexpert\/cat-de-accesibile-sunt-in-realitate-locuintele-din-europa_db\/#primaryimage"},"image":{"@id":"https:\/\/www.imobiliare.ro\/imoexpert\/cat-de-accesibile-sunt-in-realitate-locuintele-din-europa_db\/#primaryimage"},"thumbnailUrl":"https:\/\/www.imobiliare.ro\/imoexpert\/wp-content\/uploads\/2026\/09\/chirii-in-europa.jpg","datePublished":"2026-09-04T13:24:09+00:00","dateModified":"2026-09-04T13:24:13+00:00","description":"Aproape 39% dintre europeni locuiesc \u00een regiuni \u00een care venitul mediu nu este suficient pentru \u00eenchirierea unei locuin\u021be de aproximativ 50 de metri p\u0103tra\u021bi.","breadcrumb":{"@id":"https:\/\/www.imobiliare.ro\/imoexpert\/cat-de-accesibile-sunt-in-realitate-locuintele-din-europa_db\/#breadcrumb"},"inLanguage":"en","potentialAction":[{"@type":"ReadAction","target":["https:\/\/www.imobiliare.ro\/imoexpert\/cat-de-accesibile-sunt-in-realitate-locuintele-din-europa_db\/"]}]},{"@type":"ImageObject","inLanguage":"en","@id":"https:\/\/www.imobiliare.ro\/imoexpert\/cat-de-accesibile-sunt-in-realitate-locuintele-din-europa_db\/#primaryimage","url":"https:\/\/www.imobiliare.ro\/imoexpert\/wp-content\/uploads\/2026\/09\/chirii-in-europa.jpg","contentUrl":"https:\/\/www.imobiliare.ro\/imoexpert\/wp-content\/uploads\/2026\/09\/chirii-in-europa.jpg","width":1200,"height":600,"caption":"chei locuinta si bancnote euro"},{"@type":"BreadcrumbList","@id":"https:\/\/www.imobiliare.ro\/imoexpert\/cat-de-accesibile-sunt-in-realitate-locuintele-din-europa_db\/#breadcrumb","itemListElement":[{"@type":"ListItem","position":1,"name":"Imoradar24","item":"https:\/\/www.imoradar24.ro"},{"@type":"ListItem","position":2,"name":"ImoExpert","item":"https:\/\/www.imobiliare.ro\/imoexpert\/"},{"@type":"ListItem","position":3,"name":"\u0218tiri","item":"https:\/\/www.imobiliare.ro\/imoexpert\/stiri\/"},{"@type":"ListItem","position":4,"name":"C\u00e2t de accesibile sunt \u00een realitate locuin\u021bele din Europa?"}]},{"@type":"WebSite","@id":"https:\/\/www.imobiliare.ro\/imoexpert\/#website","url":"https:\/\/www.imobiliare.ro\/imoexpert\/","name":"ImoExpert","description":"cele mai importante \u015ftiri din domeniul imobiliar","publisher":{"@id":"https:\/\/www.imobiliare.ro\/imoexpert\/#organization"},"inLanguage":"en"},{"@type":"Organization","@id":"https:\/\/www.imobiliare.ro\/imoexpert\/#organization","name":"Imobiliare.ro","alternateName":"Realmedia Network SA","url":"https:\/\/www.imobiliare.ro\/imoexpert\/","logo":{"@type":"ImageObject","inLanguage":"en","@id":"https:\/\/www.imobiliare.ro\/imoexpert\/#\/schema\/logo\/image\/","url":"https:\/\/www.imobiliare.ro\/imoexpert\/wp-content\/uploads\/2025\/05\/imobiliare_logo.png","contentUrl":"https:\/\/www.imobiliare.ro\/imoexpert\/wp-content\/uploads\/2025\/05\/imobiliare_logo.png","width":237,"height":29,"caption":"Imobiliare.ro"},"image":{"@id":"https:\/\/www.imobiliare.ro\/imoexpert\/#\/schema\/logo\/image\/"}},{"@type":"Person","@id":"https:\/\/www.imobiliare.ro\/imoexpert\/#\/schema\/person\/24d0abafdca42af79d5ca29e19bc0062","name":"Imo Expert","image":{"@type":"ImageObject","inLanguage":"en","@id":"https:\/\/www.imobiliare.ro\/imoexpert\/wp-content\/uploads\/2023\/11\/cropped-logo-96x96.jpg","url":"https:\/\/www.imobiliare.ro\/imoexpert\/wp-content\/uploads\/2023\/11\/cropped-logo-96x96.jpg","contentUrl":"https:\/\/www.imobiliare.ro\/imoexpert\/wp-content\/uploads\/2023\/11\/cropped-logo-96x96.jpg","caption":"Imo Expert"},"description":"Imo Expert is an Echipa editorial\u0103 at Imobiliare.ro","sameAs":["https:\/\/www.imobiliare.ro"],"alternateName":"ImoExpert","jobTitle":"Echipa editorial\u0103","url":"https:\/\/www.imobiliare.ro\/imoexpert\/author\/imo-expert\/"}]}},"_links":{"self":[{"href":"https:\/\/www.imobiliare.ro\/imoexpert\/wp-json\/wp\/v2\/posts\/80884","targetHints":{"allow":["GET"]}}],"collection":[{"href":"https:\/\/www.imobiliare.ro\/imoexpert\/wp-json\/wp\/v2\/posts"}],"about":[{"href":"https:\/\/www.imobiliare.ro\/imoexpert\/wp-json\/wp\/v2\/types\/post"}],"author":[{"embeddable":true,"href":"https:\/\/www.imobiliare.ro\/imoexpert\/wp-json\/wp\/v2\/users\/821"}],"replies":[{"embeddable":true,"href":"https:\/\/www.imobiliare.ro\/imoexpert\/wp-json\/wp\/v2\/comments?post=80884"}],"version-history":[{"count":1,"href":"https:\/\/www.imobiliare.ro\/imoexpert\/wp-json\/wp\/v2\/posts\/80884\/revisions"}],"predecessor-version":[{"id":80888,"href":"https:\/\/www.imobiliare.ro\/imoexpert\/wp-json\/wp\/v2\/posts\/80884\/revisions\/80888"}],"wp:featuredmedia":[{"embeddable":true,"href":"https:\/\/www.imobiliare.ro\/imoexpert\/wp-json\/wp\/v2\/media\/80887"}],"wp:attachment":[{"href":"https:\/\/www.imobiliare.ro\/imoexpert\/wp-json\/wp\/v2\/media?parent=80884"}],"wp:term":[{"taxonomy":"category","embeddable":true,"href":"https:\/\/www.imobiliare.ro\/imoexpert\/wp-json\/wp\/v2\/categories?post=80884"},{"taxonomy":"post_tag","embeddable":true,"href":"https:\/\/www.imobiliare.ro\/imoexpert\/wp-json\/wp\/v2\/tags?post=80884"},{"taxonomy":"content_author","embeddable":true,"href":"https:\/\/www.imobiliare.ro\/imoexpert\/wp-json\/wp\/v2\/content_author?post=80884"}],"curies":[{"name":"wp","href":"https:\/\/api.w.org\/{rel}","templated":true}]}}